{"id":169287,"date":"2022-06-10T09:30:48","date_gmt":"2022-06-10T12:30:48","guid":{"rendered":"https:\/\/experienciadevida.com.ar\/portalurbano\/?p=169287"},"modified":"2022-06-10T09:31:21","modified_gmt":"2022-06-10T12:31:21","slug":"dia-nacional-de-la-seguridad-vial","status":"publish","type":"post","link":"https:\/\/experienciadevida.com.ar\/portalurbano\/dia-nacional-de-la-seguridad-vial\/","title":{"rendered":"D\u00eda Nacional de la Seguridad Vial"},"content":{"rendered":"<p>En la jornada de este viernes se conmemora el D\u00eda Nacional de la Seguridad Vial, dado que en esta misma fecha, pero de 1945, se cambi\u00f3 en Argentina el sentido de circulaci\u00f3n del tr\u00e1nsito, que hasta ese momento era por la mano izquierda, como lo es en Inglaterra. A partir de ese d\u00eda fue por la mano derecha, como lo es hoy en casi todos los lugares del mundo.<\/p>\n<p>Sin embargo, en este d\u00eda la reflexi\u00f3n se centra en qu\u00e9 nos pasa con la seguridad vial, adem\u00e1s de la difusi\u00f3n de todas las recomendaciones posibles. La Seguridad Vial consiste en la prevenci\u00f3n de accidentes de tr\u00e1nsito o la minimizaci\u00f3n de sus efectos, especialmente para la vida y la salud de las personas. Tambi\u00e9n se refiere a las tecnolog\u00edas empleadas para dicho fin en cualquier veh\u00edculo de transporte terrestre (\u00f3mnibus, cami\u00f3n, autom\u00f3vil, motocicleta y bicicleta).<\/p>\n<p>Las normas reguladoras de tr\u00e1nsito y la responsabilidad de los usuarios de la v\u00eda p\u00fablica componen el principal punto en la Seguridad Vial. Sin una organizaci\u00f3n por parte del Estado y sin la moderaci\u00f3n de las conductas humanas (particulares o colectivas) no es posible lograr un \u00f3ptimo resultado.<\/p>\n<p>En tal sentido, todos debemos ser alumnos de la educaci\u00f3n vial para lograr as\u00ed\u00a0 la adquisici\u00f3n de h\u00e1bitos que nos\u00a0 permitan acomodar nuestros comportamientos a las normas, reglas y principios del tr\u00e1nsito, todo esto para respetar a nuestro par en la v\u00eda p\u00fablica y que seamos respetados tambi\u00e9n. La Educaci\u00f3n Vial es clave en la prevenci\u00f3n de los accidentes de tr\u00e1nsito, y el conocimiento de las normas de Seguridad Vial nos ayuda a ser mejores y m\u00e1s responsables conductores y ciudadanos.<\/p>\n<p>Por parte de nuestro Municipio, a trav\u00e9s del Ar\u00e9a de Seguridad y Control Urbano, se trabaja diariamente en varios ejes: infraestructura, control y concientizaci\u00f3n.<\/p>\n<p>Las tareas que se realizan diariamente en infraestructura son la colocaci\u00f3n y mantenimiento de sendas peatonales, reductores de velocidad, tachas, carteler\u00eda vial, sem\u00e1foros, demarcaciones de cordones o pavimento y dem\u00e1s elementos que aporten a una mejora en la infraestructura vial, para prevenci\u00f3n de siniestros de tr\u00e1nsito. Actualmente se est\u00e1 terminado de instalar y calibrar las c\u00e1maras de fotomultas en sem\u00e1foros, para evitar colisiones por la violaci\u00f3n de la luz roja.<\/p>\n<p>Respecto al control, el \u00c1rea cuenta con un grupo de agentes de control de tr\u00e1nsito las 24 horas del d\u00eda, para realizar los controles necesarios a fin de mantener ordenado el tr\u00e1nsito en la ciudad y que se cumplan las normas, a fin de mejorar la convivencia de los diferentes medios de transporte y la concientizaci\u00f3n de los conductores.<\/p>\n<p>Se siguen realizando charlas de concientizaci\u00f3n y educaci\u00f3n vial en establecimientos educativos, para todos los niveles educativos, con filminas, videos y explicaciones t\u00e9cnicas y folleter\u00eda de c\u00f3mo podemos disminuir los siniestros viales.<\/p>\n<p>Por \u00faltimo, enmarcado en el denominado Mes de la Seguridad Vial por parte de la Municipalidad de Olavarr\u00eda, es que se impulsan dos proyectos con el foco en la educaci\u00f3n y concientizaci\u00f3n, los cuales fueron gestados desde la Subsecretar\u00eda de Seguridad y la Direcci\u00f3n de Licencias de Conducir respectivamente. Todo de manera paralela y complementaria a las tareas enumeradas anteriormente y a una campa\u00f1a audiovisual a trav\u00e9s de los medios oficiales del municipio.<\/p>\n","protected":false},"excerpt":{"rendered":"<p>En la jornada de este viernes se conmemora el D\u00eda Nacional de la Seguridad Vial,&#8230;<\/p>\n","protected":false},"author":1,"featured_media":169288,"comment_status":"closed","ping_status":"closed","sticky":false,"template":"","format":"standard","meta":{"content-type":""},"categories":[27,51],"tags":[664],"nelio_content":{"isAutoShareEnabled":false,"autoShareEndMode":"default","automationSources":{"useContentSentences":true,"useSocialTemplates":true,"useCustomSentences":false,"customSentences":[]},"followers":[1],"suggestedReferences":[],"includedReferences":[],"efiUrl":"","efiAlt":"","highlights":[]},"yoast_head":"<!-- This site is optimized with the Yoast SEO plugin v20.7 - https:\/\/yoast.com\/wordpress\/plugins\/seo\/ -->\n<title>D\u00eda Nacional de la Seguridad Vial<\/title>\n<meta name=\"description\" content=\"En la jornada de este viernes se conmemora el D\u00eda Nacional de la Seguridad Vial, dado que en esta misma fecha, pero de 1945, se cambi\u00f3 en AR\" \/>\n<meta name=\"robots\" content=\"index, follow, max-snippet:-1, max-image-preview:large, max-video-preview:-1\" \/>\n<link rel=\"canonical\" href=\"https:\/\/experienciadevida.com.ar\/portalurbano\/dia-nacional-de-la-seguridad-vial\/\" \/>\n<meta property=\"og:locale\" content=\"es_ES\" \/>\n<meta property=\"og:type\" content=\"article\" \/>\n<meta property=\"og:title\" content=\"D\u00eda Nacional de la Seguridad Vial\" \/>\n<meta property=\"og:description\" content=\"En la jornada de este viernes se conmemora el D\u00eda Nacional de la Seguridad Vial, dado que en esta misma fecha, pero de 1945, se cambi\u00f3 en AR\" \/>\n<meta property=\"og:url\" content=\"https:\/\/experienciadevida.com.ar\/portalurbano\/dia-nacional-de-la-seguridad-vial\/\" \/>\n<meta property=\"article:publisher\" content=\"https:\/\/www.facebook.com\/Portal-Urbano-171542830093757\/\" \/>\n<meta property=\"article:published_time\" content=\"2022-06-10T12:30:48+00:00\" \/>\n<meta property=\"article:modified_time\" content=\"2022-06-10T12:31:21+00:00\" \/>\n<meta property=\"og:image\" content=\"https:\/\/experienciadevida.com.ar\/portalurbano\/wp-content\/uploads\/2022\/06\/10_de_junio_11.jpg\" \/>\n\t<meta property=\"og:image:width\" content=\"800\" \/>\n\t<meta property=\"og:image:height\" content=\"492\" \/>\n\t<meta property=\"og:image:type\" content=\"image\/jpeg\" \/>\n<meta name=\"author\" content=\"admpu17wp\" \/>\n<meta name=\"twitter:card\" content=\"summary_large_image\" \/>\n<meta name=\"twitter:creator\" content=\"@portalurbanook\" \/>\n<meta name=\"twitter:site\" content=\"@portalurbanook\" \/>\n<meta name=\"twitter:label1\" content=\"Escrito por\" \/>\n\t<meta name=\"twitter:data1\" content=\"admpu17wp\" \/>\n\t<meta name=\"twitter:label2\" content=\"Tiempo de lectura\" \/>\n\t<meta name=\"twitter:data2\" content=\"3 minutos\" \/>\n<script type=\"application\/ld+json\" class=\"yoast-schema-graph\">{\"@context\":\"https:\/\/schema.org\",\"@graph\":[{\"@type\":\"Article\",\"@id\":\"https:\/\/experienciadevida.com.ar\/portalurbano\/dia-nacional-de-la-seguridad-vial\/#article\",\"isPartOf\":{\"@id\":\"https:\/\/experienciadevida.com.ar\/portalurbano\/dia-nacional-de-la-seguridad-vial\/\"},\"author\":{\"name\":\"admpu17wp\",\"@id\":\"https:\/\/experienciadevida.com.ar\/portalurbano\/#\/schema\/person\/02dd326b1c4b056e9cc972486934a3a7\"},\"headline\":\"D\u00eda Nacional de la Seguridad Vial\",\"datePublished\":\"2022-06-10T12:30:48+00:00\",\"dateModified\":\"2022-06-10T12:31:21+00:00\",\"mainEntityOfPage\":{\"@id\":\"https:\/\/experienciadevida.com.ar\/portalurbano\/dia-nacional-de-la-seguridad-vial\/\"},\"wordCount\":596,\"publisher\":{\"@id\":\"https:\/\/experienciadevida.com.ar\/portalurbano\/#organization\"},\"keywords\":[\"SEGURIDAD VIAL\"],\"articleSection\":[\"Ciudad\",\"Destacadas\"],\"inLanguage\":\"es\"},{\"@type\":\"WebPage\",\"@id\":\"https:\/\/experienciadevida.com.ar\/portalurbano\/dia-nacional-de-la-seguridad-vial\/\",\"url\":\"https:\/\/experienciadevida.com.ar\/portalurbano\/dia-nacional-de-la-seguridad-vial\/\",\"name\":\"D\u00eda Nacional de la Seguridad Vial\",\"isPartOf\":{\"@id\":\"https:\/\/experienciadevida.com.ar\/portalurbano\/#website\"},\"datePublished\":\"2022-06-10T12:30:48+00:00\",\"dateModified\":\"2022-06-10T12:31:21+00:00\",\"description\":\"En la jornada de este viernes se conmemora el D\u00eda Nacional de la Seguridad Vial, dado que en esta misma fecha, pero de 1945, se cambi\u00f3 en AR\",\"breadcrumb\":{\"@id\":\"https:\/\/experienciadevida.com.ar\/portalurbano\/dia-nacional-de-la-seguridad-vial\/#breadcrumb\"},\"inLanguage\":\"es\",\"potentialAction\":[{\"@type\":\"ReadAction\",\"target\":[\"https:\/\/experienciadevida.com.ar\/portalurbano\/dia-nacional-de-la-seguridad-vial\/\"]}]},{\"@type\":\"BreadcrumbList\",\"@id\":\"https:\/\/experienciadevida.com.ar\/portalurbano\/dia-nacional-de-la-seguridad-vial\/#breadcrumb\",\"itemListElement\":[{\"@type\":\"ListItem\",\"position\":1,\"name\":\"Portada\",\"item\":\"https:\/\/experienciadevida.com.ar\/portalurbano\/\"},{\"@type\":\"ListItem\",\"position\":2,\"name\":\"D\u00eda Nacional de la Seguridad Vial\"}]},{\"@type\":\"WebSite\",\"@id\":\"https:\/\/experienciadevida.com.ar\/portalurbano\/#website\",\"url\":\"https:\/\/experienciadevida.com.ar\/portalurbano\/\",\"name\":\"\",\"description\":\"\",\"publisher\":{\"@id\":\"https:\/\/experienciadevida.com.ar\/portalurbano\/#organization\"},\"potentialAction\":[{\"@type\":\"SearchAction\",\"target\":{\"@type\":\"EntryPoint\",\"urlTemplate\":\"https:\/\/experienciadevida.com.ar\/portalurbano\/?s={search_term_string}\"},\"query-input\":\"required name=search_term_string\"}],\"inLanguage\":\"es\"},{\"@type\":\"Organization\",\"@id\":\"https:\/\/experienciadevida.com.ar\/portalurbano\/#organization\",\"name\":\"Portal Urbano\",\"url\":\"https:\/\/experienciadevida.com.ar\/portalurbano\/\",\"logo\":{\"@type\":\"ImageObject\",\"inLanguage\":\"es\",\"@id\":\"https:\/\/experienciadevida.com.ar\/portalurbano\/#\/schema\/logo\/image\/\",\"url\":\"https:\/\/experienciadevida.com.ar\/portalurbano\/wp-content\/uploads\/2019\/09\/Logo-Original.png\",\"contentUrl\":\"https:\/\/experienciadevida.com.ar\/portalurbano\/wp-content\/uploads\/2019\/09\/Logo-Original.png\",\"width\":2236,\"height\":1216,\"caption\":\"Portal Urbano\"},\"image\":{\"@id\":\"https:\/\/experienciadevida.com.ar\/portalurbano\/#\/schema\/logo\/image\/\"},\"sameAs\":[\"https:\/\/www.facebook.com\/Portal-Urbano-171542830093757\/\",\"https:\/\/twitter.com\/portalurbanook\",\"https:\/\/www.instagram.com\/_portalurbano\/\",\"https:\/\/www.youtube.com\/channel\/UCXhagIfszH8KxFiOok79zbA?view_as=subscriber\"]},{\"@type\":\"Person\",\"@id\":\"https:\/\/experienciadevida.com.ar\/portalurbano\/#\/schema\/person\/02dd326b1c4b056e9cc972486934a3a7\",\"name\":\"admpu17wp\",\"image\":{\"@type\":\"ImageObject\",\"inLanguage\":\"es\",\"@id\":\"https:\/\/experienciadevida.com.ar\/portalurbano\/#\/schema\/person\/image\/\",\"url\":\"https:\/\/secure.gravatar.com\/avatar\/830d4c57adaae6630765e449a6908047?s=96&d=mm&r=g\",\"contentUrl\":\"https:\/\/secure.gravatar.com\/avatar\/830d4c57adaae6630765e449a6908047?s=96&d=mm&r=g\",\"caption\":\"admpu17wp\"}}]}<\/script>\n<!-- \/ Yoast SEO plugin. -->","yoast_head_json":{"title":"D\u00eda Nacional de la Seguridad Vial","description":"En la jornada de este viernes se conmemora el D\u00eda Nacional de la Seguridad Vial, dado que en esta misma fecha, pero de 1945, se cambi\u00f3 en AR","robots":{"index":"index","follow":"follow","max-snippet":"max-snippet:-1","max-image-preview":"max-image-preview:large","max-video-preview":"max-video-preview:-1"},"canonical":"https:\/\/experienciadevida.com.ar\/portalurbano\/dia-nacional-de-la-seguridad-vial\/","og_locale":"es_ES","og_type":"article","og_title":"D\u00eda Nacional de la Seguridad Vial","og_description":"En la jornada de este viernes se conmemora el D\u00eda Nacional de la Seguridad Vial, dado que en esta misma fecha, pero de 1945, se cambi\u00f3 en AR","og_url":"https:\/\/experienciadevida.com.ar\/portalurbano\/dia-nacional-de-la-seguridad-vial\/","article_publisher":"https:\/\/www.facebook.com\/Portal-Urbano-171542830093757\/","article_published_time":"2022-06-10T12:30:48+00:00","article_modified_time":"2022-06-10T12:31:21+00:00","og_image":[{"width":800,"height":492,"url":"https:\/\/experienciadevida.com.ar\/portalurbano\/wp-content\/uploads\/2022\/06\/10_de_junio_11.jpg","type":"image\/jpeg"}],"author":"admpu17wp","twitter_card":"summary_large_image","twitter_creator":"@portalurbanook","twitter_site":"@portalurbanook","twitter_misc":{"Escrito por":"admpu17wp","Tiempo de lectura":"3 minutos"},"schema":{"@context":"https:\/\/schema.org","@graph":[{"@type":"Article","@id":"https:\/\/experienciadevida.com.ar\/portalurbano\/dia-nacional-de-la-seguridad-vial\/#article","isPartOf":{"@id":"https:\/\/experienciadevida.com.ar\/portalurbano\/dia-nacional-de-la-seguridad-vial\/"},"author":{"name":"admpu17wp","@id":"https:\/\/experienciadevida.com.ar\/portalurbano\/#\/schema\/person\/02dd326b1c4b056e9cc972486934a3a7"},"headline":"D\u00eda Nacional de la Seguridad Vial","datePublished":"2022-06-10T12:30:48+00:00","dateModified":"2022-06-10T12:31:21+00:00","mainEntityOfPage":{"@id":"https:\/\/experienciadevida.com.ar\/portalurbano\/dia-nacional-de-la-seguridad-vial\/"},"wordCount":596,"publisher":{"@id":"https:\/\/experienciadevida.com.ar\/portalurbano\/#organization"},"keywords":["SEGURIDAD VIAL"],"articleSection":["Ciudad","Destacadas"],"inLanguage":"es"},{"@type":"WebPage","@id":"https:\/\/experienciadevida.com.ar\/portalurbano\/dia-nacional-de-la-seguridad-vial\/","url":"https:\/\/experienciadevida.com.ar\/portalurbano\/dia-nacional-de-la-seguridad-vial\/","name":"D\u00eda Nacional de la Seguridad Vial","isPartOf":{"@id":"https:\/\/experienciadevida.com.ar\/portalurbano\/#website"},"datePublished":"2022-06-10T12:30:48+00:00","dateModified":"2022-06-10T12:31:21+00:00","description":"En la jornada de este viernes se conmemora el D\u00eda Nacional de la Seguridad Vial, dado que en esta misma fecha, pero de 1945, se cambi\u00f3 en AR","breadcrumb":{"@id":"https:\/\/experienciadevida.com.ar\/portalurbano\/dia-nacional-de-la-seguridad-vial\/#breadcrumb"},"inLanguage":"es","potentialAction":[{"@type":"ReadAction","target":["https:\/\/experienciadevida.com.ar\/portalurbano\/dia-nacional-de-la-seguridad-vial\/"]}]},{"@type":"BreadcrumbList","@id":"https:\/\/experienciadevida.com.ar\/portalurbano\/dia-nacional-de-la-seguridad-vial\/#breadcrumb","itemListElement":[{"@type":"ListItem","position":1,"name":"Portada","item":"https:\/\/experienciadevida.com.ar\/portalurbano\/"},{"@type":"ListItem","position":2,"name":"D\u00eda Nacional de la Seguridad Vial"}]},{"@type":"WebSite","@id":"https:\/\/experienciadevida.com.ar\/portalurbano\/#website","url":"https:\/\/experienciadevida.com.ar\/portalurbano\/","name":"","description":"","publisher":{"@id":"https:\/\/experienciadevida.com.ar\/portalurbano\/#organization"},"potentialAction":[{"@type":"SearchAction","target":{"@type":"EntryPoint","urlTemplate":"https:\/\/experienciadevida.com.ar\/portalurbano\/?s={search_term_string}"},"query-input":"required name=search_term_string"}],"inLanguage":"es"},{"@type":"Organization","@id":"https:\/\/experienciadevida.com.ar\/portalurbano\/#organization","name":"Portal Urbano","url":"https:\/\/experienciadevida.com.ar\/portalurbano\/","logo":{"@type":"ImageObject","inLanguage":"es","@id":"https:\/\/experienciadevida.com.ar\/portalurbano\/#\/schema\/logo\/image\/","url":"https:\/\/experienciadevida.com.ar\/portalurbano\/wp-content\/uploads\/2019\/09\/Logo-Original.png","contentUrl":"https:\/\/experienciadevida.com.ar\/portalurbano\/wp-content\/uploads\/2019\/09\/Logo-Original.png","width":2236,"height":1216,"caption":"Portal Urbano"},"image":{"@id":"https:\/\/experienciadevida.com.ar\/portalurbano\/#\/schema\/logo\/image\/"},"sameAs":["https:\/\/www.facebook.com\/Portal-Urbano-171542830093757\/","https:\/\/twitter.com\/portalurbanook","https:\/\/www.instagram.com\/_portalurbano\/","https:\/\/www.youtube.com\/channel\/UCXhagIfszH8KxFiOok79zbA?view_as=subscriber"]},{"@type":"Person","@id":"https:\/\/experienciadevida.com.ar\/portalurbano\/#\/schema\/person\/02dd326b1c4b056e9cc972486934a3a7","name":"admpu17wp","image":{"@type":"ImageObject","inLanguage":"es","@id":"https:\/\/experienciadevida.com.ar\/portalurbano\/#\/schema\/person\/image\/","url":"https:\/\/secure.gravatar.com\/avatar\/830d4c57adaae6630765e449a6908047?s=96&d=mm&r=g","contentUrl":"https:\/\/secure.gravatar.com\/avatar\/830d4c57adaae6630765e449a6908047?s=96&d=mm&r=g","caption":"admpu17wp"}}]}},"featured_image_urls":{"full":["https:\/\/experienciadevida.com.ar\/portalurbano\/wp-content\/uploads\/2022\/06\/10_de_junio_11.jpg",800,492,false],"thumbnail":["https:\/\/experienciadevida.com.ar\/portalurbano\/wp-content\/uploads\/2022\/06\/10_de_junio_11-150x150.jpg",150,150,true],"medium":["https:\/\/experienciadevida.com.ar\/portalurbano\/wp-content\/uploads\/2022\/06\/10_de_junio_11-300x185.jpg",300,185,true],"medium_large":["https:\/\/experienciadevida.com.ar\/portalurbano\/wp-content\/uploads\/2022\/06\/10_de_junio_11-768x472.jpg",640,393,true],"large":["https:\/\/experienciadevida.com.ar\/portalurbano\/wp-content\/uploads\/2022\/06\/10_de_junio_11.jpg",640,394,false],"ug_big":["https:\/\/experienciadevida.com.ar\/portalurbano\/wp-content\/uploads\/2022\/06\/10_de_junio_11-768x472.jpg",768,472,true],"1536x1536":["https:\/\/experienciadevida.com.ar\/portalurbano\/wp-content\/uploads\/2022\/06\/10_de_junio_11.jpg",800,492,false],"2048x2048":["https:\/\/experienciadevida.com.ar\/portalurbano\/wp-content\/uploads\/2022\/06\/10_de_junio_11.jpg",800,492,false],"newsever-slider-full":["https:\/\/experienciadevida.com.ar\/portalurbano\/wp-content\/uploads\/2022\/06\/10_de_junio_11.jpg",800,492,false],"newsever-featured":["https:\/\/experienciadevida.com.ar\/portalurbano\/wp-content\/uploads\/2022\/06\/10_de_junio_11.jpg",800,492,false],"newsever-medium":["https:\/\/experienciadevida.com.ar\/portalurbano\/wp-content\/uploads\/2022\/06\/10_de_junio_11.jpg",720,443,false],"web-stories-poster-portrait":["https:\/\/experienciadevida.com.ar\/portalurbano\/wp-content\/uploads\/2022\/06\/10_de_junio_11.jpg",640,394,false],"web-stories-publisher-logo":["https:\/\/experienciadevida.com.ar\/portalurbano\/wp-content\/uploads\/2022\/06\/10_de_junio_11.jpg",96,59,false],"web-stories-thumbnail":["https:\/\/experienciadevida.com.ar\/portalurbano\/wp-content\/uploads\/2022\/06\/10_de_junio_11.jpg",150,92,false]},"author_info":{"display_name":"admpu17wp","author_link":"https:\/\/experienciadevida.com.ar\/portalurbano\/author\/admpu17wp\/"},"category_info":"<a href=\"https:\/\/experienciadevida.com.ar\/portalurbano\/category\/ciudad\/\" rel=\"category tag\">Ciudad<\/a> <a href=\"https:\/\/experienciadevida.com.ar\/portalurbano\/category\/destacadas\/\" rel=\"category tag\">Destacadas<\/a>","tag_info":"Destacadas","comment_count":"0","amp_enabled":true,"_links":{"self":[{"href":"https:\/\/experienciadevida.com.ar\/portalurbano\/wp-json\/wp\/v2\/posts\/169287"}],"collection":[{"href":"https:\/\/experienciadevida.com.ar\/portalurbano\/wp-json\/wp\/v2\/posts"}],"about":[{"href":"https:\/\/experienciadevida.com.ar\/portalurbano\/wp-json\/wp\/v2\/types\/post"}],"author":[{"embeddable":true,"href":"https:\/\/experienciadevida.com.ar\/portalurbano\/wp-json\/wp\/v2\/users\/1"}],"replies":[{"embeddable":true,"href":"https:\/\/experienciadevida.com.ar\/portalurbano\/wp-json\/wp\/v2\/comments?post=169287"}],"version-history":[{"count":1,"href":"https:\/\/experienciadevida.com.ar\/portalurbano\/wp-json\/wp\/v2\/posts\/169287\/revisions"}],"predecessor-version":[{"id":169289,"href":"https:\/\/experienciadevida.com.ar\/portalurbano\/wp-json\/wp\/v2\/posts\/169287\/revisions\/169289"}],"wp:featuredmedia":[{"embeddable":true,"href":"https:\/\/experienciadevida.com.ar\/portalurbano\/wp-json\/wp\/v2\/media\/169288"}],"wp:attachment":[{"href":"https:\/\/experienciadevida.com.ar\/portalurbano\/wp-json\/wp\/v2\/media?parent=169287"}],"wp:term":[{"taxonomy":"category","embeddable":true,"href":"https:\/\/experienciadevida.com.ar\/portalurbano\/wp-json\/wp\/v2\/categories?post=169287"},{"taxonomy":"post_tag","embeddable":true,"href":"https:\/\/experienciadevida.com.ar\/portalurbano\/wp-json\/wp\/v2\/tags?post=169287"}],"curies":[{"name":"wp","href":"https:\/\/api.w.org\/{rel}","templated":true}]}}