{"id":169283,"date":"2022-06-09T19:12:38","date_gmt":"2022-06-09T22:12:38","guid":{"rendered":"https:\/\/experienciadevida.com.ar\/portalurbano\/?p=169283"},"modified":"2022-06-09T19:16:08","modified_gmt":"2022-06-09T22:16:08","slug":"se-desarrollo-la-septima-sesion-ordinaria-del-concejo-deliberante","status":"publish","type":"post","link":"https:\/\/experienciadevida.com.ar\/portalurbano\/se-desarrollo-la-septima-sesion-ordinaria-del-concejo-deliberante\/","title":{"rendered":"Se desarroll\u00f3 la S\u00e9ptima Sesi\u00f3n Ordinaria del Concejo Deliberante"},"content":{"rendered":"<p>Se desarroll\u00f3 la S\u00e9ptima Sesi\u00f3n Ordinaria del Concejo Deliberante, presidida por la concejal Cecilia Krivochen. El concejal Juan S\u00e1nchez (Frente de Todos) fue el encargado de izar la Bandera Nacional.<\/p>\n<p>Posteriormente los bloques del Frente de Todos, Ahora Olavarr\u00eda y Juntos debatieron sobre la denuncia de inhabilidad del concejal Javier Fr\u00edas. Si bien no hab\u00eda ning\u00fan proyecto ni instrumento normativo en tratamiento, la presidente Cecilia Krivochen permiti\u00f3 el debate, aunque se remarc\u00f3 que el pedido de cesant\u00eda formulado ya hab\u00eda sido votado en la sesi\u00f3n del 26 de mayo, resultando este rechazado por mayor\u00eda. De esta manera el concejal Javier Fr\u00edas ocup\u00f3 su banca y fue parte de la totalidad de las votaciones.<\/p>\n<p>M\u00e1s adelante se pusieron en tratamiento de manera conjunta 33 expedientes despachados por comisi\u00f3n y otros 19 sobre tablas.<\/p>\n<p>En primera instancia se discutieron 30 proyectos de Ordenanza disponiendo donaci\u00f3n de inmuebles a vecinos y vecinas de Olavarr\u00eda. El concejal de Juntos, Carlos Coscia destac\u00f3 el tratamiento de estos proyectos y pidi\u00f3 la aprobaci\u00f3n de los mismos.<\/p>\n<p>Todos los expedientes fueron aprobados por unanimidad y se convirtieron en las Ordenanzas 4872, 4873,4874, 4875, 4876, 4877, 4878, 4879, 4880, 4881, 4882, 4883, 4884, 4885, 4886, 4887, 4888, 4889, 4890, 4891, 4892, 4893, 4894, 4895, 4896, 4897, 4898, 4899, 4900 y 4901.<\/p>\n<p>Luego de un cuarto intermedio se trat\u00f3 el proyecto de Ordenanza mediante el cual se regula la tenencia de mascotas en el Partido de Olavarr\u00eda. Se hizo especial hincapi\u00e9 en que el proyecto garantiza la gratuidad de los servicios que se presten en el Centro Veterinario Municipal que en los pr\u00f3ximos d\u00edas ser\u00e1 inaugurado. En la Ordenanza adem\u00e1s queda establecida la castraci\u00f3n quir\u00fargica como \u00fanico m\u00e9todo de esterilizaci\u00f3n y la prohibici\u00f3n de sacrificio y eutanasia. Se expresaron durante el debate del proyecto los concejales: Guillermina Amespil, Celeste Arouxet, Maximiliano Wesner<\/p>\n<p>En el caso de la concejal Celeste Arouxet, al expediente original, promovi\u00f3 una serie de modificaciones que fueron incorporadas luego de un cuarto intermedio y aprobadas por unanimidad. El expediente fue puesto a votaci\u00f3n y aprobado por unanimidad, por lo que es la Ordenanza N\u00b0 4902.<\/p>\n<p>Atendiendo un pedido del concejal Maximiliano Wesner, la presidente del Concejo Deliberante cedi\u00f3 la palabra a representantes de las Asociaciones Proteccionistas que estaban presentes en el recinto.<\/p>\n<p>El concejal Mart\u00edn Endere, presidente del bloque de Juntos, fue el miembro informante durante el tratamiento del expediente 449\/21 que busca que el Municipio de Olavarr\u00eda adhiera a la disposici\u00f3n 480\/20 sobre movilidad sustentable. El concejal destac\u00f3 que es un tema que permita \u201cordenar el tr\u00e1nsito nuevo\u201d que se est\u00e1 registrando en Olavarr\u00eda. Tras esto tom\u00f3 la palabra el concejal Juan S\u00e1nchez quien adelant\u00f3 que el interbloque del Frente de Todos aprobar\u00eda la Ordenanza. Posteriormente el concejal Sebasti\u00e1n Matrella aclar\u00f3 que los veh\u00edculos de movilidad sustentable comprendidos en la Ordenanza, podr\u00e1n contar con seguro contra terceros.<\/p>\n<p>Desde Presidencia se puso en votaci\u00f3n el proyecto de Ordenanza la que result\u00f3 aprobada por unanimidad. Es la Ordenanza N\u00b0 4903.<\/p>\n<p>La S\u00e9ptima Sesi\u00f3n del HCD tuvo continuidad con el tratamiento del proyecto sobre tablas. La concejal Maite Salerno (Juntos) puso en consideraci\u00f3n el expediente N\u00b0 184 que se declara de Inter\u00e9s Legislativo Municipal el 25\u00b0 del JIRIMM N\u00b0 402. Fue aprobado por unanimidad y por tanto el proyecto se convirti\u00f3 en la Resoluci\u00f3n 54\/22.<\/p>\n<p>M\u00e1s adelante qued\u00f3 sancionada la Resoluci\u00f3n N\u00b0 55\/22 mediante la cual se distingue como \u201cVecino Destacado\u201d al olavarriense H\u00e9ctor Jos\u00e9 Barbosa. Como en los casos anteriores el instrumento normativo fue aprobado de manera un\u00e1nime.<\/p>\n<p>Se desarroll\u00f3 la S\u00e9ptima Sesi\u00f3n Ordinaria del Concejo Deliberante, mediante la Resoluci\u00f3n 56\/22 votada por unanimidad, declar\u00f3 de \u201cInter\u00e9s Legislativo Municipal a la Conferencia Regional \u2013 Distrito 4921, \u201cConferencia de Leyendas\u201d que organiza Rotarac.<\/p>\n<p>Por impulso del bloque UCR-Juntos quedaron sancionadas las Resoluciones 57\/22 y 58\/22. La primera declara a Olavarr\u00eda como \u201cMunicipio Donante\u201d y la segunda solicita al Departamento Ejecutivo Municipal la adhesi\u00f3n a la Resoluci\u00f3n 199\/04 del Ministerio de Salud de la Naci\u00f3n. Ambas iniciativas fueron presentadas por la concejal Bel\u00e9n Vergel.<\/p>\n<p>Tambi\u00e9n del bloque UCR-Juntos se aprob\u00f3 la Resoluci\u00f3n 59\/22 mediante la cual se insta al Departamento Ejecutivo Municipal a crear en Olavarr\u00eda, la Semana del Medio Ambiente. Como en los expedientes anteriores fue la concejal Bel\u00e9n Vergel la encargada de la presentaci\u00f3n de los proyectos.<\/p>\n<p>El desarrollo de la sesi\u00f3n incluy\u00f3 el debate de un proyecto de Comunicaci\u00f3n y dos de Resoluci\u00f3n presentados por el Interbloque del Frente de Todos. El concejal Ubaldo Garc\u00eda fundament\u00f3 el proyecto de Comunicaci\u00f3n declarando benepl\u00e1cito al cumplirse, este a\u00f1o, el 252 aniversario del natalicio del General Manuel Belgrano. El proyecto fue aprobado por unanimidad y se convirti\u00f3 en la Comunicaci\u00f3n N\u00b0 19\/22. Por su parte la concejal Telma Cazot fundament\u00f3 un proyecto de Resoluci\u00f3n pidiendo al DEM la inclusi\u00f3n al Plan de Seguridad Vial de m\u00e1ximas de 30 kil\u00f3metros de velocidad en zonas determinadas. Terminada la alocuci\u00f3n de Cazot, la concejal Amespil pidi\u00f3 el pase del expediente a la comisi\u00f3n de Infraestructura dado que en dicha comisi\u00f3n se est\u00e1 tratando un proyecto de similares caracter\u00edsticas. El pase se aprob\u00f3 por mayor\u00eda. El tercer proyecto es una solicitud al DEM para que repare cord\u00f3n cuneta en los separadores de determinadas avenidas. La iniciativa fue presentada en el recinto por el concejal Ubaldo Garc\u00eda. Se aprob\u00f3 por unanimidad y es la Resoluci\u00f3n 60\/22.<\/p>\n<p>Por pedido de la concejal Bel\u00e9n Vergel se pas\u00f3 a la comisi\u00f3n de Educaci\u00f3n del expediente 201\/22 que solicitaba informaci\u00f3n al Consejo Escolar. Ahora el expediente, primero, ser\u00e1 tratado en Educaci\u00f3n y luego en Legislaci\u00f3n.<\/p>\n<p>El concejal Sebasti\u00e1n Matrella introdujo en el debate un proyecto de Resoluci\u00f3n solicitando la colocaci\u00f3n de reductores de velocidad en el barrio Sarmiento. Aunque al mismo tiempo, tomando dichos de vecinos, demand\u00f3 la realizaci\u00f3n de obras de cloacas en mencionado barrio. El concejal Juan S\u00e1nchez se acopl\u00f3 al debate de este proyecto y record\u00f3 una serie de proyectos similares presentados por el interbloque del Frente de Todos, particularmente en lo referido a las obras de cloacas. El proyecto fue aprobado por unanimidad y se convirti\u00f3 en la Resoluci\u00f3n N\u00b0 61\/20. Posteriormente, tambi\u00e9n el concejal Matrella, solicit\u00f3 la instalaci\u00f3n de carteler\u00eda en la Biblioteca Crucero General Belgrano. Tras una breve fundamentaci\u00f3n se aprob\u00f3 el proyecto por unanimidad y el proyecto se convirti\u00f3 en la Resoluci\u00f3n 62\/22.<\/p>\n<p>Se desarroll\u00f3 la S\u00e9ptima Sesi\u00f3n Ordinaria del Concejo Deliberante, en la continuidad de los debates el concejal Sebasti\u00e1n Matrella quien fundament\u00f3 un proyecto de Comunicaci\u00f3n repudiando los dichos del Diputado Nacional Javier Milei respecto a la venta de \u00f3rganos en la Rep\u00fablica Argentina. A la hora de los discursos se sum\u00f3 tambi\u00e9n el concejal Juan S\u00e1nchez, quien coincidi\u00f3 con el concejal Matrella y anticip\u00f3 el voto positivo de la Comunicaci\u00f3n de repudio. S\u00e1nchez pidi\u00f3 \u201cno dejar pasar las animaladas\u201d que dice Milei. La Comunicaci\u00f3n fue aprobada por unanimidad y se convirti\u00f3 en la Comunicaci\u00f3n N\u00b0 20\/22.<\/p>\n<p>El concejal de Juntos, Nicol\u00e1s Marinangeli present\u00f3 y defendi\u00f3 un proyecto de Comunicaci\u00f3n donde se rechaza la donaci\u00f3n que ofreci\u00f3 el presidente Alberto Fern\u00e1ndez para culminar con la causa penal iniciada por incumplimiento del aislamiento obligatorio. Los dichos de Marinangeli fueron refutados por el concejal Juan S\u00e1nchez (FdT). A los discursos se sum\u00f3 la concejal Celeste Arouxet (Ahora Olavarr\u00eda) y traz\u00f3 coincidencias con la postura de Marinangeli e hizo lo propio el concejal Sebasti\u00e1n Matrella. Votaron a favor los bloques Juntos, UCR-Juntos y Ahora Olavarr\u00eda. Se trata de la Comunicaci\u00f3n 21\/22.<\/p>\n<p>El faltante del gasoil en distintos puntos de la Argentina, incluso en Olavarr\u00eda, gener\u00f3 debate en el Concejo Deliberante. Por impulso del bloque Juntos y el bloque UCR-Juntos se presentaron dos proyectos de Comunicaci\u00f3n que fueron tratados en conjunto. La miembro informante por el bloque oficialista fue la concejal Miriam Mosescu. Tras la alocuci\u00f3n tom\u00f3 parte del debate el concejal Sebasti\u00e1n Matrella quien se expres\u00f3 en la misma l\u00ednea que la concejal de Juntos. Desde el interbloque del Frente de Todos respondi\u00f3 a los discursos el concejal Ubaldo Garc\u00eda. En la continuidad del debate tomaron la palabra, primero, el concejal Matrella y m\u00e1s adelante la concejal Celeste Arouxet. Ambos proyectos fueron aprobados por unanimidad siendo las Comunicaciones 22\/22 y 23\/22.<\/p>\n<p>Ante problemas de seguridad en el barrio Coronel Dorrego, el concejal Sebasti\u00e1n Matrella present\u00f3 un pedido de Resoluci\u00f3n donde se solicitan medidas para ese sector de la ciudad. El proyecto fue aprobado por unanimidad y se convirti\u00f3 en la Resoluci\u00f3n N\u00b0 63\/22.<\/p>\n<p>En el tramo final de la sesi\u00f3n, con motivo de un proyecto presentado por la Juventud del PRO, se trat\u00f3 otro proyecto de Comunicaci\u00f3n solicitando informaci\u00f3n sobre la obra en la Facultad de Ciencias de la Salud de Olavarr\u00eda. Expusieron sus posturas en dos oportunidades Maite Salerno (Juntos), en dos oportunidades Natalia \u00c1lvarez (FdT) y Celeste Arouxet (Ahora Olavarr\u00eda) y Juan S\u00e1nchez (FdT). El proyecto fue sometido a votaci\u00f3n y aprobado por mayor\u00eda con los votos de los bloques Juntos, UCR-Juntos y se convirti\u00f3 en la Comunicaci\u00f3n N\u00b0 24\/22.<\/p>\n<p>La sesi\u00f3n, despu\u00e9s de las 15 horas, culmin\u00f3 con la aprobaci\u00f3n de la Comunicaci\u00f3n N\u00b0 25\/22 donde el Concejo Deliberante declar\u00f3 su benepl\u00e1cito al proyecto solidario, Tejet\u00f3n Solidario Olavarr\u00eda.<\/p>\n<p>Agotado el Orden del D\u00eda, la presidente del Concejo Deliberante levant\u00f3 la sesi\u00f3n y convoc\u00f3 al concejal del bloque Foro Olavarr\u00eda-Frente Renovador, Gast\u00f3n Sarachu para arriar la Bandera Nacional.<\/p>\n<p>Tal como est\u00e1 establecido en el calendario de sesiones ordinarias, el Honorable Concejo Deliberante volver\u00e1 a sesionar el jueves 23 de junio cuando se lleve adelante la Octava Sesi\u00f3n Ordinaria.<\/p>\n","protected":false},"excerpt":{"rendered":"<p>Se desarroll\u00f3 la S\u00e9ptima Sesi\u00f3n Ordinaria del Concejo Deliberante, presidida por la concejal Cecilia Krivochen&#8230;.<\/p>\n","protected":false},"author":1,"featured_media":169284,"comment_status":"closed","ping_status":"closed","sticky":false,"template":"","format":"standard","meta":{"content-type":""},"categories":[27,64],"tags":[],"nelio_content":{"isAutoShareEnabled":false,"autoShareEndMode":"default","automationSources":{"useContentSentences":true,"useSocialTemplates":true,"useCustomSentences":false,"customSentences":[]},"followers":[1],"suggestedReferences":[],"includedReferences":[],"efiUrl":"","efiAlt":"","highlights":[]},"yoast_head":"<!-- This site is optimized with the Yoast SEO plugin v20.7 - https:\/\/yoast.com\/wordpress\/plugins\/seo\/ -->\n<title>Se desarroll\u00f3 la s\u00e9ptima sesi\u00f3n del Concejo Deliberante<\/title>\n<meta name=\"description\" content=\"Se desarroll\u00f3 la S\u00e9ptima Sesi\u00f3n Ordinaria del Concejo Deliberante, presidida por la concejal Cecilia Krivochen\" \/>\n<meta name=\"robots\" content=\"index, follow, max-snippet:-1, max-image-preview:large, max-video-preview:-1\" \/>\n<link rel=\"canonical\" href=\"https:\/\/experienciadevida.com.ar\/portalurbano\/se-desarrollo-la-septima-sesion-ordinaria-del-concejo-deliberante\/\" \/>\n<meta property=\"og:locale\" content=\"es_ES\" \/>\n<meta property=\"og:type\" content=\"article\" \/>\n<meta property=\"og:title\" content=\"Se desarroll\u00f3 la s\u00e9ptima sesi\u00f3n del Concejo Deliberante\" \/>\n<meta property=\"og:description\" content=\"Se desarroll\u00f3 la S\u00e9ptima Sesi\u00f3n Ordinaria del Concejo Deliberante, presidida por la concejal Cecilia Krivochen\" \/>\n<meta property=\"og:url\" content=\"https:\/\/experienciadevida.com.ar\/portalurbano\/se-desarrollo-la-septima-sesion-ordinaria-del-concejo-deliberante\/\" \/>\n<meta property=\"article:publisher\" content=\"https:\/\/www.facebook.com\/Portal-Urbano-171542830093757\/\" \/>\n<meta property=\"article:published_time\" content=\"2022-06-09T22:12:38+00:00\" \/>\n<meta property=\"article:modified_time\" content=\"2022-06-09T22:16:08+00:00\" \/>\n<meta property=\"og:image\" content=\"https:\/\/experienciadevida.com.ar\/portalurbano\/wp-content\/uploads\/2022\/06\/Se-desarrollo-la-Septima.jpg\" \/>\n\t<meta property=\"og:image:width\" content=\"1255\" \/>\n\t<meta property=\"og:image:height\" content=\"1043\" \/>\n\t<meta property=\"og:image:type\" content=\"image\/jpeg\" \/>\n<meta name=\"author\" content=\"admpu17wp\" \/>\n<meta name=\"twitter:card\" content=\"summary_large_image\" \/>\n<meta name=\"twitter:creator\" content=\"@portalurbanook\" \/>\n<meta name=\"twitter:site\" content=\"@portalurbanook\" \/>\n<meta name=\"twitter:label1\" content=\"Escrito por\" \/>\n\t<meta name=\"twitter:data1\" content=\"admpu17wp\" \/>\n\t<meta name=\"twitter:label2\" content=\"Tiempo de lectura\" \/>\n\t<meta name=\"twitter:data2\" content=\"8 minutos\" \/>\n<script type=\"application\/ld+json\" class=\"yoast-schema-graph\">{\"@context\":\"https:\/\/schema.org\",\"@graph\":[{\"@type\":\"Article\",\"@id\":\"https:\/\/experienciadevida.com.ar\/portalurbano\/se-desarrollo-la-septima-sesion-ordinaria-del-concejo-deliberante\/#article\",\"isPartOf\":{\"@id\":\"https:\/\/experienciadevida.com.ar\/portalurbano\/se-desarrollo-la-septima-sesion-ordinaria-del-concejo-deliberante\/\"},\"author\":{\"name\":\"admpu17wp\",\"@id\":\"https:\/\/experienciadevida.com.ar\/portalurbano\/#\/schema\/person\/02dd326b1c4b056e9cc972486934a3a7\"},\"headline\":\"Se desarroll\u00f3 la S\u00e9ptima Sesi\u00f3n Ordinaria del Concejo Deliberante\",\"datePublished\":\"2022-06-09T22:12:38+00:00\",\"dateModified\":\"2022-06-09T22:16:08+00:00\",\"mainEntityOfPage\":{\"@id\":\"https:\/\/experienciadevida.com.ar\/portalurbano\/se-desarrollo-la-septima-sesion-ordinaria-del-concejo-deliberante\/\"},\"wordCount\":1663,\"publisher\":{\"@id\":\"https:\/\/experienciadevida.com.ar\/portalurbano\/#organization\"},\"articleSection\":[\"Ciudad\",\"Destacadas 2\"],\"inLanguage\":\"es\"},{\"@type\":\"WebPage\",\"@id\":\"https:\/\/experienciadevida.com.ar\/portalurbano\/se-desarrollo-la-septima-sesion-ordinaria-del-concejo-deliberante\/\",\"url\":\"https:\/\/experienciadevida.com.ar\/portalurbano\/se-desarrollo-la-septima-sesion-ordinaria-del-concejo-deliberante\/\",\"name\":\"Se desarroll\u00f3 la s\u00e9ptima sesi\u00f3n del Concejo Deliberante\",\"isPartOf\":{\"@id\":\"https:\/\/experienciadevida.com.ar\/portalurbano\/#website\"},\"datePublished\":\"2022-06-09T22:12:38+00:00\",\"dateModified\":\"2022-06-09T22:16:08+00:00\",\"description\":\"Se desarroll\u00f3 la S\u00e9ptima Sesi\u00f3n Ordinaria del Concejo Deliberante, presidida por la concejal Cecilia Krivochen\",\"breadcrumb\":{\"@id\":\"https:\/\/experienciadevida.com.ar\/portalurbano\/se-desarrollo-la-septima-sesion-ordinaria-del-concejo-deliberante\/#breadcrumb\"},\"inLanguage\":\"es\",\"potentialAction\":[{\"@type\":\"ReadAction\",\"target\":[\"https:\/\/experienciadevida.com.ar\/portalurbano\/se-desarrollo-la-septima-sesion-ordinaria-del-concejo-deliberante\/\"]}]},{\"@type\":\"BreadcrumbList\",\"@id\":\"https:\/\/experienciadevida.com.ar\/portalurbano\/se-desarrollo-la-septima-sesion-ordinaria-del-concejo-deliberante\/#breadcrumb\",\"itemListElement\":[{\"@type\":\"ListItem\",\"position\":1,\"name\":\"Portada\",\"item\":\"https:\/\/experienciadevida.com.ar\/portalurbano\/\"},{\"@type\":\"ListItem\",\"position\":2,\"name\":\"Se desarroll\u00f3 la S\u00e9ptima Sesi\u00f3n Ordinaria del Concejo Deliberante\"}]},{\"@type\":\"WebSite\",\"@id\":\"https:\/\/experienciadevida.com.ar\/portalurbano\/#website\",\"url\":\"https:\/\/experienciadevida.com.ar\/portalurbano\/\",\"name\":\"\",\"description\":\"\",\"publisher\":{\"@id\":\"https:\/\/experienciadevida.com.ar\/portalurbano\/#organization\"},\"potentialAction\":[{\"@type\":\"SearchAction\",\"target\":{\"@type\":\"EntryPoint\",\"urlTemplate\":\"https:\/\/experienciadevida.com.ar\/portalurbano\/?s={search_term_string}\"},\"query-input\":\"required name=search_term_string\"}],\"inLanguage\":\"es\"},{\"@type\":\"Organization\",\"@id\":\"https:\/\/experienciadevida.com.ar\/portalurbano\/#organization\",\"name\":\"Portal Urbano\",\"url\":\"https:\/\/experienciadevida.com.ar\/portalurbano\/\",\"logo\":{\"@type\":\"ImageObject\",\"inLanguage\":\"es\",\"@id\":\"https:\/\/experienciadevida.com.ar\/portalurbano\/#\/schema\/logo\/image\/\",\"url\":\"https:\/\/experienciadevida.com.ar\/portalurbano\/wp-content\/uploads\/2019\/09\/Logo-Original.png\",\"contentUrl\":\"https:\/\/experienciadevida.com.ar\/portalurbano\/wp-content\/uploads\/2019\/09\/Logo-Original.png\",\"width\":2236,\"height\":1216,\"caption\":\"Portal Urbano\"},\"image\":{\"@id\":\"https:\/\/experienciadevida.com.ar\/portalurbano\/#\/schema\/logo\/image\/\"},\"sameAs\":[\"https:\/\/www.facebook.com\/Portal-Urbano-171542830093757\/\",\"https:\/\/twitter.com\/portalurbanook\",\"https:\/\/www.instagram.com\/_portalurbano\/\",\"https:\/\/www.youtube.com\/channel\/UCXhagIfszH8KxFiOok79zbA?view_as=subscriber\"]},{\"@type\":\"Person\",\"@id\":\"https:\/\/experienciadevida.com.ar\/portalurbano\/#\/schema\/person\/02dd326b1c4b056e9cc972486934a3a7\",\"name\":\"admpu17wp\",\"image\":{\"@type\":\"ImageObject\",\"inLanguage\":\"es\",\"@id\":\"https:\/\/experienciadevida.com.ar\/portalurbano\/#\/schema\/person\/image\/\",\"url\":\"https:\/\/secure.gravatar.com\/avatar\/830d4c57adaae6630765e449a6908047?s=96&d=mm&r=g\",\"contentUrl\":\"https:\/\/secure.gravatar.com\/avatar\/830d4c57adaae6630765e449a6908047?s=96&d=mm&r=g\",\"caption\":\"admpu17wp\"}}]}<\/script>\n<!-- \/ Yoast SEO plugin. -->","yoast_head_json":{"title":"Se desarroll\u00f3 la s\u00e9ptima sesi\u00f3n del Concejo Deliberante","description":"Se desarroll\u00f3 la S\u00e9ptima Sesi\u00f3n Ordinaria del Concejo Deliberante, presidida por la concejal Cecilia Krivochen","robots":{"index":"index","follow":"follow","max-snippet":"max-snippet:-1","max-image-preview":"max-image-preview:large","max-video-preview":"max-video-preview:-1"},"canonical":"https:\/\/experienciadevida.com.ar\/portalurbano\/se-desarrollo-la-septima-sesion-ordinaria-del-concejo-deliberante\/","og_locale":"es_ES","og_type":"article","og_title":"Se desarroll\u00f3 la s\u00e9ptima sesi\u00f3n del Concejo Deliberante","og_description":"Se desarroll\u00f3 la S\u00e9ptima Sesi\u00f3n Ordinaria del Concejo Deliberante, presidida por la concejal Cecilia Krivochen","og_url":"https:\/\/experienciadevida.com.ar\/portalurbano\/se-desarrollo-la-septima-sesion-ordinaria-del-concejo-deliberante\/","article_publisher":"https:\/\/www.facebook.com\/Portal-Urbano-171542830093757\/","article_published_time":"2022-06-09T22:12:38+00:00","article_modified_time":"2022-06-09T22:16:08+00:00","og_image":[{"width":1255,"height":1043,"url":"https:\/\/experienciadevida.com.ar\/portalurbano\/wp-content\/uploads\/2022\/06\/Se-desarrollo-la-Septima.jpg","type":"image\/jpeg"}],"author":"admpu17wp","twitter_card":"summary_large_image","twitter_creator":"@portalurbanook","twitter_site":"@portalurbanook","twitter_misc":{"Escrito por":"admpu17wp","Tiempo de lectura":"8 minutos"},"schema":{"@context":"https:\/\/schema.org","@graph":[{"@type":"Article","@id":"https:\/\/experienciadevida.com.ar\/portalurbano\/se-desarrollo-la-septima-sesion-ordinaria-del-concejo-deliberante\/#article","isPartOf":{"@id":"https:\/\/experienciadevida.com.ar\/portalurbano\/se-desarrollo-la-septima-sesion-ordinaria-del-concejo-deliberante\/"},"author":{"name":"admpu17wp","@id":"https:\/\/experienciadevida.com.ar\/portalurbano\/#\/schema\/person\/02dd326b1c4b056e9cc972486934a3a7"},"headline":"Se desarroll\u00f3 la S\u00e9ptima Sesi\u00f3n Ordinaria del Concejo Deliberante","datePublished":"2022-06-09T22:12:38+00:00","dateModified":"2022-06-09T22:16:08+00:00","mainEntityOfPage":{"@id":"https:\/\/experienciadevida.com.ar\/portalurbano\/se-desarrollo-la-septima-sesion-ordinaria-del-concejo-deliberante\/"},"wordCount":1663,"publisher":{"@id":"https:\/\/experienciadevida.com.ar\/portalurbano\/#organization"},"articleSection":["Ciudad","Destacadas 2"],"inLanguage":"es"},{"@type":"WebPage","@id":"https:\/\/experienciadevida.com.ar\/portalurbano\/se-desarrollo-la-septima-sesion-ordinaria-del-concejo-deliberante\/","url":"https:\/\/experienciadevida.com.ar\/portalurbano\/se-desarrollo-la-septima-sesion-ordinaria-del-concejo-deliberante\/","name":"Se desarroll\u00f3 la s\u00e9ptima sesi\u00f3n del Concejo Deliberante","isPartOf":{"@id":"https:\/\/experienciadevida.com.ar\/portalurbano\/#website"},"datePublished":"2022-06-09T22:12:38+00:00","dateModified":"2022-06-09T22:16:08+00:00","description":"Se desarroll\u00f3 la S\u00e9ptima Sesi\u00f3n Ordinaria del Concejo Deliberante, presidida por la concejal Cecilia Krivochen","breadcrumb":{"@id":"https:\/\/experienciadevida.com.ar\/portalurbano\/se-desarrollo-la-septima-sesion-ordinaria-del-concejo-deliberante\/#breadcrumb"},"inLanguage":"es","potentialAction":[{"@type":"ReadAction","target":["https:\/\/experienciadevida.com.ar\/portalurbano\/se-desarrollo-la-septima-sesion-ordinaria-del-concejo-deliberante\/"]}]},{"@type":"BreadcrumbList","@id":"https:\/\/experienciadevida.com.ar\/portalurbano\/se-desarrollo-la-septima-sesion-ordinaria-del-concejo-deliberante\/#breadcrumb","itemListElement":[{"@type":"ListItem","position":1,"name":"Portada","item":"https:\/\/experienciadevida.com.ar\/portalurbano\/"},{"@type":"ListItem","position":2,"name":"Se desarroll\u00f3 la S\u00e9ptima Sesi\u00f3n Ordinaria del Concejo Deliberante"}]},{"@type":"WebSite","@id":"https:\/\/experienciadevida.com.ar\/portalurbano\/#website","url":"https:\/\/experienciadevida.com.ar\/portalurbano\/","name":"","description":"","publisher":{"@id":"https:\/\/experienciadevida.com.ar\/portalurbano\/#organization"},"potentialAction":[{"@type":"SearchAction","target":{"@type":"EntryPoint","urlTemplate":"https:\/\/experienciadevida.com.ar\/portalurbano\/?s={search_term_string}"},"query-input":"required name=search_term_string"}],"inLanguage":"es"},{"@type":"Organization","@id":"https:\/\/experienciadevida.com.ar\/portalurbano\/#organization","name":"Portal Urbano","url":"https:\/\/experienciadevida.com.ar\/portalurbano\/","logo":{"@type":"ImageObject","inLanguage":"es","@id":"https:\/\/experienciadevida.com.ar\/portalurbano\/#\/schema\/logo\/image\/","url":"https:\/\/experienciadevida.com.ar\/portalurbano\/wp-content\/uploads\/2019\/09\/Logo-Original.png","contentUrl":"https:\/\/experienciadevida.com.ar\/portalurbano\/wp-content\/uploads\/2019\/09\/Logo-Original.png","width":2236,"height":1216,"caption":"Portal Urbano"},"image":{"@id":"https:\/\/experienciadevida.com.ar\/portalurbano\/#\/schema\/logo\/image\/"},"sameAs":["https:\/\/www.facebook.com\/Portal-Urbano-171542830093757\/","https:\/\/twitter.com\/portalurbanook","https:\/\/www.instagram.com\/_portalurbano\/","https:\/\/www.youtube.com\/channel\/UCXhagIfszH8KxFiOok79zbA?view_as=subscriber"]},{"@type":"Person","@id":"https:\/\/experienciadevida.com.ar\/portalurbano\/#\/schema\/person\/02dd326b1c4b056e9cc972486934a3a7","name":"admpu17wp","image":{"@type":"ImageObject","inLanguage":"es","@id":"https:\/\/experienciadevida.com.ar\/portalurbano\/#\/schema\/person\/image\/","url":"https:\/\/secure.gravatar.com\/avatar\/830d4c57adaae6630765e449a6908047?s=96&d=mm&r=g","contentUrl":"https:\/\/secure.gravatar.com\/avatar\/830d4c57adaae6630765e449a6908047?s=96&d=mm&r=g","caption":"admpu17wp"}}]}},"featured_image_urls":{"full":["https:\/\/experienciadevida.com.ar\/portalurbano\/wp-content\/uploads\/2022\/06\/Se-desarrollo-la-Septima.jpg",1255,1043,false],"thumbnail":["https:\/\/experienciadevida.com.ar\/portalurbano\/wp-content\/uploads\/2022\/06\/Se-desarrollo-la-Septima-150x150.jpg",150,150,true],"medium":["https:\/\/experienciadevida.com.ar\/portalurbano\/wp-content\/uploads\/2022\/06\/Se-desarrollo-la-Septima-300x249.jpg",300,249,true],"medium_large":["https:\/\/experienciadevida.com.ar\/portalurbano\/wp-content\/uploads\/2022\/06\/Se-desarrollo-la-Septima-768x638.jpg",640,532,true],"large":["https:\/\/experienciadevida.com.ar\/portalurbano\/wp-content\/uploads\/2022\/06\/Se-desarrollo-la-Septima-1024x851.jpg",640,532,true],"ug_big":["https:\/\/experienciadevida.com.ar\/portalurbano\/wp-content\/uploads\/2022\/06\/Se-desarrollo-la-Septima-768x638.jpg",768,638,true],"1536x1536":["https:\/\/experienciadevida.com.ar\/portalurbano\/wp-content\/uploads\/2022\/06\/Se-desarrollo-la-Septima.jpg",1255,1043,false],"2048x2048":["https:\/\/experienciadevida.com.ar\/portalurbano\/wp-content\/uploads\/2022\/06\/Se-desarrollo-la-Septima.jpg",1255,1043,false],"newsever-slider-full":["https:\/\/experienciadevida.com.ar\/portalurbano\/wp-content\/uploads\/2022\/06\/Se-desarrollo-la-Septima.jpg",1017,845,false],"newsever-featured":["https:\/\/experienciadevida.com.ar\/portalurbano\/wp-content\/uploads\/2022\/06\/Se-desarrollo-la-Septima.jpg",1024,851,false],"newsever-medium":["https:\/\/experienciadevida.com.ar\/portalurbano\/wp-content\/uploads\/2022\/06\/Se-desarrollo-la-Septima.jpg",572,475,false],"web-stories-poster-portrait":["https:\/\/experienciadevida.com.ar\/portalurbano\/wp-content\/uploads\/2022\/06\/Se-desarrollo-la-Septima.jpg",640,532,false],"web-stories-publisher-logo":["https:\/\/experienciadevida.com.ar\/portalurbano\/wp-content\/uploads\/2022\/06\/Se-desarrollo-la-Septima.jpg",96,80,false],"web-stories-thumbnail":["https:\/\/experienciadevida.com.ar\/portalurbano\/wp-content\/uploads\/2022\/06\/Se-desarrollo-la-Septima.jpg",150,125,false]},"author_info":{"display_name":"admpu17wp","author_link":"https:\/\/experienciadevida.com.ar\/portalurbano\/author\/admpu17wp\/"},"category_info":"<a href=\"https:\/\/experienciadevida.com.ar\/portalurbano\/category\/ciudad\/\" rel=\"category tag\">Ciudad<\/a> <a href=\"https:\/\/experienciadevida.com.ar\/portalurbano\/category\/destacadas-2\/\" rel=\"category tag\">Destacadas 2<\/a>","tag_info":"Destacadas 2","comment_count":"0","amp_enabled":true,"_links":{"self":[{"href":"https:\/\/experienciadevida.com.ar\/portalurbano\/wp-json\/wp\/v2\/posts\/169283"}],"collection":[{"href":"https:\/\/experienciadevida.com.ar\/portalurbano\/wp-json\/wp\/v2\/posts"}],"about":[{"href":"https:\/\/experienciadevida.com.ar\/portalurbano\/wp-json\/wp\/v2\/types\/post"}],"author":[{"embeddable":true,"href":"https:\/\/experienciadevida.com.ar\/portalurbano\/wp-json\/wp\/v2\/users\/1"}],"replies":[{"embeddable":true,"href":"https:\/\/experienciadevida.com.ar\/portalurbano\/wp-json\/wp\/v2\/comments?post=169283"}],"version-history":[{"count":1,"href":"https:\/\/experienciadevida.com.ar\/portalurbano\/wp-json\/wp\/v2\/posts\/169283\/revisions"}],"predecessor-version":[{"id":169285,"href":"https:\/\/experienciadevida.com.ar\/portalurbano\/wp-json\/wp\/v2\/posts\/169283\/revisions\/169285"}],"wp:featuredmedia":[{"embeddable":true,"href":"https:\/\/experienciadevida.com.ar\/portalurbano\/wp-json\/wp\/v2\/media\/169284"}],"wp:attachment":[{"href":"https:\/\/experienciadevida.com.ar\/portalurbano\/wp-json\/wp\/v2\/media?parent=169283"}],"wp:term":[{"taxonomy":"category","embeddable":true,"href":"https:\/\/experienciadevida.com.ar\/portalurbano\/wp-json\/wp\/v2\/categories?post=169283"},{"taxonomy":"post_tag","embeddable":true,"href":"https:\/\/experienciadevida.com.ar\/portalurbano\/wp-json\/wp\/v2\/tags?post=169283"}],"curies":[{"name":"wp","href":"https:\/\/api.w.org\/{rel}","templated":true}]}}