{"id":169272,"date":"2022-06-09T18:22:51","date_gmt":"2022-06-09T21:22:51","guid":{"rendered":"https:\/\/experienciadevida.com.ar\/portalurbano\/?p=169272"},"modified":"2022-06-09T18:26:02","modified_gmt":"2022-06-09T21:26:02","slug":"jornada-educativa-en-el-bioparque-municipal-la-maxima","status":"publish","type":"post","link":"https:\/\/experienciadevida.com.ar\/portalurbano\/jornada-educativa-en-el-bioparque-municipal-la-maxima\/","title":{"rendered":"Jornada educativa  en el Bioparque Municipal \u201cLa M\u00e1xima\u201d"},"content":{"rendered":"<p>Jornada educativa en el Bioparque Municipal \u201cLa M\u00e1xima\u201d, con motivo del D\u00eda Mundial del Ambiente se llev\u00f3 a cabo una jornada educativa en el Bioparque Municipal \u201cLa M\u00e1xima\u201d, que cont\u00f3 con la participaci\u00f3n de alumnos de cuarto, quinto y sexto a\u00f1o de secundario del Centro Educativo Alfa &amp; Omega.<\/p>\n<p><a href=\"https:\/\/experienciadevida.com.ar\/portalurbano\/jornada-educativa-en-el-bioparque-municipal-la-maxima\/jornada-2\/\" rel=\"attachment wp-att-169274\"><img decoding=\"async\" class=\"alignnone size-large wp-image-169274\" src=\"https:\/\/experienciadevida.com.ar\/portalurbano\/wp-content\/uploads\/2022\/06\/Jornada-1024x768.jpg\" alt=\"Jornada \" width=\"900\" height=\"675\" srcset=\"https:\/\/experienciadevida.com.ar\/portalurbano\/wp-content\/uploads\/2022\/06\/Jornada-1024x768.jpg 1024w, https:\/\/experienciadevida.com.ar\/portalurbano\/wp-content\/uploads\/2022\/06\/Jornada-300x225.jpg 300w, https:\/\/experienciadevida.com.ar\/portalurbano\/wp-content\/uploads\/2022\/06\/Jornada-768x576.jpg 768w, https:\/\/experienciadevida.com.ar\/portalurbano\/wp-content\/uploads\/2022\/06\/Jornada-1536x1152.jpg 1536w, https:\/\/experienciadevida.com.ar\/portalurbano\/wp-content\/uploads\/2022\/06\/Jornada.jpg 1600w\" sizes=\"(max-width: 900px) 100vw, 900px\" \/><\/a><\/p>\n<p>En el inicio de las actividades se desarroll\u00f3 una charla con el tema \u201cLos l\u00edmites planetarios\u201d, con el objetivo de fomentar la conciencia y la acci\u00f3n global en favor de la protecci\u00f3n ambiental. La fecha, celebrada todos los a\u00f1os desde 1974, tambi\u00e9n se convirti\u00f3 en una plataforma vital para promover el progreso hacia los Objetivos de Desarrollo Sostenible.<\/p>\n<p>Los j\u00f3venes tambi\u00e9n pudieron participar de los talleres propuestos por el Departamento Educativo Ambiental del Bioparque Municipal, enmarcados en el programa de Ciudadan\u00eda Ambiental.<\/p>\n<p>Se trata del Taller de Compost, Taller de Pan, Taller de Embellecimiento y Restauraci\u00f3n de Flora, que se desarroll\u00f3 en uno de los ambientes del Bioparque, bajo la coordinaci\u00f3n del equipo integrado por Iris Arce, Betiana Cotti y Graciela Ortega<\/p>\n<p>Seg\u00fan lo expresado por la Directora del CEAO, profesora Alejandra Saavedra \u201cla jornada de medio ambiente inspir\u00f3, orient\u00f3 e incluso en unos j\u00f3venes facilit\u00f3 decidir sobre la vocaci\u00f3n o formaci\u00f3n profesional\u201d<\/p>\n<p>Desde el DEA agradecieron la participaci\u00f3n y el compromiso de los docentes involucrados, creando redes y alianzas constantes de trabajo interdisciplinario, tal cual lo dictan los ODS.<\/p>\n<p>Esta misma jornada se replicar\u00e1 el d\u00eda viernes 10 de junio y en otras fechas con diferentes instituciones en el Mes del Ambiente.<\/p>\n<p>\u201cEl Bioparque Municipal \u201cLa M\u00e1xima\u201d promueve y fomenta este programa entendiendo que debemos formar ciudadanos y ciudadanas comprometidos con el cuidado de la casa com\u00fan, nuestro planeta, las actividades propuestas ayudan a que comprendamos claramente nuestras relaciones con la naturaleza, como seres sociales, como individuos y grupos, as\u00ed como las responsabilidades y derechos que tenemos en este sentido\u201d, destac\u00f3 Flavio Maldonado, director del Bioparque.<\/p>\n<p>\u201cLa ciudadan\u00eda ambiental tiene su primera acepci\u00f3n a nivel local, por eso intervenimos en el Bioparque, en el lugar donde vivimos, donde se realizan nuestras actividades y construimos nuestro desarrollo y el de nuestra comunidad. Pero tambi\u00e9n entendemos que nuestra formaci\u00f3n no se termina all\u00ed, porque la comunidad est\u00e1 inserta en una regi\u00f3n y en un pa\u00eds, donde todo se interrelaciona de manera din\u00e1mica\u201d, agreg\u00f3.<\/p>\n<p>Los interesados en conocer m\u00e1s sobre las actividades del Departamento de Educaci\u00f3n Ambiental podr\u00e1n comunicarse a trav\u00e9s del correo educacion.lamaxima@olavarria.gov.ar o con el equipo del Bioparque a trav\u00e9s de parquelamaxima@olavarria.gov.ar. En redes podes encontrar las novedades de La M\u00e1xima en Facebbo\/Instagram @bioparquelamaxima.<\/p>\n","protected":false},"excerpt":{"rendered":"<p>Jornada educativa en el Bioparque Municipal \u201cLa M\u00e1xima\u201d, con motivo del D\u00eda Mundial del Ambiente&#8230;<\/p>\n","protected":false},"author":1,"featured_media":169273,"comment_status":"closed","ping_status":"closed","sticky":false,"template":"","format":"standard","meta":{"content-type":""},"categories":[27],"tags":[],"nelio_content":{"isAutoShareEnabled":false,"autoShareEndMode":"default","automationSources":{"useContentSentences":true,"useSocialTemplates":true,"useCustomSentences":false,"customSentences":[]},"followers":[1],"suggestedReferences":[],"includedReferences":[],"efiUrl":"","efiAlt":"","highlights":[]},"yoast_head":"<!-- This site is optimized with the Yoast SEO plugin v20.7 - https:\/\/yoast.com\/wordpress\/plugins\/seo\/ -->\n<title>Jornada educativa en el bioparque Municipal &quot;La M\u00e1xima&quot;<\/title>\n<meta name=\"description\" content=\"Jornada educativa en el Bioparque Municipal \u201cLa M\u00e1xima\u201d, con motivo del D\u00eda Mundial del Ambiente se llev\u00f3 a cabo una jornada\" \/>\n<meta name=\"robots\" content=\"index, follow, max-snippet:-1, max-image-preview:large, max-video-preview:-1\" \/>\n<link rel=\"canonical\" href=\"https:\/\/experienciadevida.com.ar\/portalurbano\/jornada-educativa-en-el-bioparque-municipal-la-maxima\/\" \/>\n<meta property=\"og:locale\" content=\"es_ES\" \/>\n<meta property=\"og:type\" content=\"article\" \/>\n<meta property=\"og:title\" content=\"Jornada educativa en el bioparque Municipal &quot;La M\u00e1xima&quot;\" \/>\n<meta property=\"og:description\" content=\"Jornada educativa en el Bioparque Municipal \u201cLa M\u00e1xima\u201d, con motivo del D\u00eda Mundial del Ambiente se llev\u00f3 a cabo una jornada\" \/>\n<meta property=\"og:url\" content=\"https:\/\/experienciadevida.com.ar\/portalurbano\/jornada-educativa-en-el-bioparque-municipal-la-maxima\/\" \/>\n<meta property=\"article:publisher\" content=\"https:\/\/www.facebook.com\/Portal-Urbano-171542830093757\/\" \/>\n<meta property=\"article:published_time\" content=\"2022-06-09T21:22:51+00:00\" \/>\n<meta property=\"article:modified_time\" content=\"2022-06-09T21:26:02+00:00\" \/>\n<meta property=\"og:image\" content=\"https:\/\/experienciadevida.com.ar\/portalurbano\/wp-content\/uploads\/2022\/06\/Jornada-educativa-en-el.jpg\" \/>\n\t<meta property=\"og:image:width\" content=\"976\" \/>\n\t<meta property=\"og:image:height\" content=\"753\" \/>\n\t<meta property=\"og:image:type\" content=\"image\/jpeg\" \/>\n<meta name=\"author\" content=\"admpu17wp\" \/>\n<meta name=\"twitter:card\" content=\"summary_large_image\" \/>\n<meta name=\"twitter:creator\" content=\"@portalurbanook\" \/>\n<meta name=\"twitter:site\" content=\"@portalurbanook\" \/>\n<meta name=\"twitter:label1\" content=\"Escrito por\" \/>\n\t<meta name=\"twitter:data1\" content=\"admpu17wp\" \/>\n\t<meta name=\"twitter:label2\" content=\"Tiempo de lectura\" \/>\n\t<meta name=\"twitter:data2\" content=\"3 minutos\" \/>\n<script type=\"application\/ld+json\" class=\"yoast-schema-graph\">{\"@context\":\"https:\/\/schema.org\",\"@graph\":[{\"@type\":\"Article\",\"@id\":\"https:\/\/experienciadevida.com.ar\/portalurbano\/jornada-educativa-en-el-bioparque-municipal-la-maxima\/#article\",\"isPartOf\":{\"@id\":\"https:\/\/experienciadevida.com.ar\/portalurbano\/jornada-educativa-en-el-bioparque-municipal-la-maxima\/\"},\"author\":{\"name\":\"admpu17wp\",\"@id\":\"https:\/\/experienciadevida.com.ar\/portalurbano\/#\/schema\/person\/02dd326b1c4b056e9cc972486934a3a7\"},\"headline\":\"Jornada educativa en el Bioparque Municipal \u201cLa M\u00e1xima\u201d\",\"datePublished\":\"2022-06-09T21:22:51+00:00\",\"dateModified\":\"2022-06-09T21:26:02+00:00\",\"mainEntityOfPage\":{\"@id\":\"https:\/\/experienciadevida.com.ar\/portalurbano\/jornada-educativa-en-el-bioparque-municipal-la-maxima\/\"},\"wordCount\":474,\"publisher\":{\"@id\":\"https:\/\/experienciadevida.com.ar\/portalurbano\/#organization\"},\"articleSection\":[\"Ciudad\"],\"inLanguage\":\"es\"},{\"@type\":\"WebPage\",\"@id\":\"https:\/\/experienciadevida.com.ar\/portalurbano\/jornada-educativa-en-el-bioparque-municipal-la-maxima\/\",\"url\":\"https:\/\/experienciadevida.com.ar\/portalurbano\/jornada-educativa-en-el-bioparque-municipal-la-maxima\/\",\"name\":\"Jornada educativa en el bioparque Municipal \\\"La M\u00e1xima\\\"\",\"isPartOf\":{\"@id\":\"https:\/\/experienciadevida.com.ar\/portalurbano\/#website\"},\"datePublished\":\"2022-06-09T21:22:51+00:00\",\"dateModified\":\"2022-06-09T21:26:02+00:00\",\"description\":\"Jornada educativa en el Bioparque Municipal \u201cLa M\u00e1xima\u201d, con motivo del D\u00eda Mundial del Ambiente se llev\u00f3 a cabo una jornada\",\"breadcrumb\":{\"@id\":\"https:\/\/experienciadevida.com.ar\/portalurbano\/jornada-educativa-en-el-bioparque-municipal-la-maxima\/#breadcrumb\"},\"inLanguage\":\"es\",\"potentialAction\":[{\"@type\":\"ReadAction\",\"target\":[\"https:\/\/experienciadevida.com.ar\/portalurbano\/jornada-educativa-en-el-bioparque-municipal-la-maxima\/\"]}]},{\"@type\":\"BreadcrumbList\",\"@id\":\"https:\/\/experienciadevida.com.ar\/portalurbano\/jornada-educativa-en-el-bioparque-municipal-la-maxima\/#breadcrumb\",\"itemListElement\":[{\"@type\":\"ListItem\",\"position\":1,\"name\":\"Portada\",\"item\":\"https:\/\/experienciadevida.com.ar\/portalurbano\/\"},{\"@type\":\"ListItem\",\"position\":2,\"name\":\"Jornada educativa en el Bioparque Municipal \u201cLa M\u00e1xima\u201d\"}]},{\"@type\":\"WebSite\",\"@id\":\"https:\/\/experienciadevida.com.ar\/portalurbano\/#website\",\"url\":\"https:\/\/experienciadevida.com.ar\/portalurbano\/\",\"name\":\"\",\"description\":\"\",\"publisher\":{\"@id\":\"https:\/\/experienciadevida.com.ar\/portalurbano\/#organization\"},\"potentialAction\":[{\"@type\":\"SearchAction\",\"target\":{\"@type\":\"EntryPoint\",\"urlTemplate\":\"https:\/\/experienciadevida.com.ar\/portalurbano\/?s={search_term_string}\"},\"query-input\":\"required name=search_term_string\"}],\"inLanguage\":\"es\"},{\"@type\":\"Organization\",\"@id\":\"https:\/\/experienciadevida.com.ar\/portalurbano\/#organization\",\"name\":\"Portal Urbano\",\"url\":\"https:\/\/experienciadevida.com.ar\/portalurbano\/\",\"logo\":{\"@type\":\"ImageObject\",\"inLanguage\":\"es\",\"@id\":\"https:\/\/experienciadevida.com.ar\/portalurbano\/#\/schema\/logo\/image\/\",\"url\":\"https:\/\/experienciadevida.com.ar\/portalurbano\/wp-content\/uploads\/2019\/09\/Logo-Original.png\",\"contentUrl\":\"https:\/\/experienciadevida.com.ar\/portalurbano\/wp-content\/uploads\/2019\/09\/Logo-Original.png\",\"width\":2236,\"height\":1216,\"caption\":\"Portal Urbano\"},\"image\":{\"@id\":\"https:\/\/experienciadevida.com.ar\/portalurbano\/#\/schema\/logo\/image\/\"},\"sameAs\":[\"https:\/\/www.facebook.com\/Portal-Urbano-171542830093757\/\",\"https:\/\/twitter.com\/portalurbanook\",\"https:\/\/www.instagram.com\/_portalurbano\/\",\"https:\/\/www.youtube.com\/channel\/UCXhagIfszH8KxFiOok79zbA?view_as=subscriber\"]},{\"@type\":\"Person\",\"@id\":\"https:\/\/experienciadevida.com.ar\/portalurbano\/#\/schema\/person\/02dd326b1c4b056e9cc972486934a3a7\",\"name\":\"admpu17wp\",\"image\":{\"@type\":\"ImageObject\",\"inLanguage\":\"es\",\"@id\":\"https:\/\/experienciadevida.com.ar\/portalurbano\/#\/schema\/person\/image\/\",\"url\":\"https:\/\/secure.gravatar.com\/avatar\/830d4c57adaae6630765e449a6908047?s=96&d=mm&r=g\",\"contentUrl\":\"https:\/\/secure.gravatar.com\/avatar\/830d4c57adaae6630765e449a6908047?s=96&d=mm&r=g\",\"caption\":\"admpu17wp\"}}]}<\/script>\n<!-- \/ Yoast SEO plugin. -->","yoast_head_json":{"title":"Jornada educativa en el bioparque Municipal \"La M\u00e1xima\"","description":"Jornada educativa en el Bioparque Municipal \u201cLa M\u00e1xima\u201d, con motivo del D\u00eda Mundial del Ambiente se llev\u00f3 a cabo una jornada","robots":{"index":"index","follow":"follow","max-snippet":"max-snippet:-1","max-image-preview":"max-image-preview:large","max-video-preview":"max-video-preview:-1"},"canonical":"https:\/\/experienciadevida.com.ar\/portalurbano\/jornada-educativa-en-el-bioparque-municipal-la-maxima\/","og_locale":"es_ES","og_type":"article","og_title":"Jornada educativa en el bioparque Municipal \"La M\u00e1xima\"","og_description":"Jornada educativa en el Bioparque Municipal \u201cLa M\u00e1xima\u201d, con motivo del D\u00eda Mundial del Ambiente se llev\u00f3 a cabo una jornada","og_url":"https:\/\/experienciadevida.com.ar\/portalurbano\/jornada-educativa-en-el-bioparque-municipal-la-maxima\/","article_publisher":"https:\/\/www.facebook.com\/Portal-Urbano-171542830093757\/","article_published_time":"2022-06-09T21:22:51+00:00","article_modified_time":"2022-06-09T21:26:02+00:00","og_image":[{"width":976,"height":753,"url":"https:\/\/experienciadevida.com.ar\/portalurbano\/wp-content\/uploads\/2022\/06\/Jornada-educativa-en-el.jpg","type":"image\/jpeg"}],"author":"admpu17wp","twitter_card":"summary_large_image","twitter_creator":"@portalurbanook","twitter_site":"@portalurbanook","twitter_misc":{"Escrito por":"admpu17wp","Tiempo de lectura":"3 minutos"},"schema":{"@context":"https:\/\/schema.org","@graph":[{"@type":"Article","@id":"https:\/\/experienciadevida.com.ar\/portalurbano\/jornada-educativa-en-el-bioparque-municipal-la-maxima\/#article","isPartOf":{"@id":"https:\/\/experienciadevida.com.ar\/portalurbano\/jornada-educativa-en-el-bioparque-municipal-la-maxima\/"},"author":{"name":"admpu17wp","@id":"https:\/\/experienciadevida.com.ar\/portalurbano\/#\/schema\/person\/02dd326b1c4b056e9cc972486934a3a7"},"headline":"Jornada educativa en el Bioparque Municipal \u201cLa M\u00e1xima\u201d","datePublished":"2022-06-09T21:22:51+00:00","dateModified":"2022-06-09T21:26:02+00:00","mainEntityOfPage":{"@id":"https:\/\/experienciadevida.com.ar\/portalurbano\/jornada-educativa-en-el-bioparque-municipal-la-maxima\/"},"wordCount":474,"publisher":{"@id":"https:\/\/experienciadevida.com.ar\/portalurbano\/#organization"},"articleSection":["Ciudad"],"inLanguage":"es"},{"@type":"WebPage","@id":"https:\/\/experienciadevida.com.ar\/portalurbano\/jornada-educativa-en-el-bioparque-municipal-la-maxima\/","url":"https:\/\/experienciadevida.com.ar\/portalurbano\/jornada-educativa-en-el-bioparque-municipal-la-maxima\/","name":"Jornada educativa en el bioparque Municipal \"La M\u00e1xima\"","isPartOf":{"@id":"https:\/\/experienciadevida.com.ar\/portalurbano\/#website"},"datePublished":"2022-06-09T21:22:51+00:00","dateModified":"2022-06-09T21:26:02+00:00","description":"Jornada educativa en el Bioparque Municipal \u201cLa M\u00e1xima\u201d, con motivo del D\u00eda Mundial del Ambiente se llev\u00f3 a cabo una jornada","breadcrumb":{"@id":"https:\/\/experienciadevida.com.ar\/portalurbano\/jornada-educativa-en-el-bioparque-municipal-la-maxima\/#breadcrumb"},"inLanguage":"es","potentialAction":[{"@type":"ReadAction","target":["https:\/\/experienciadevida.com.ar\/portalurbano\/jornada-educativa-en-el-bioparque-municipal-la-maxima\/"]}]},{"@type":"BreadcrumbList","@id":"https:\/\/experienciadevida.com.ar\/portalurbano\/jornada-educativa-en-el-bioparque-municipal-la-maxima\/#breadcrumb","itemListElement":[{"@type":"ListItem","position":1,"name":"Portada","item":"https:\/\/experienciadevida.com.ar\/portalurbano\/"},{"@type":"ListItem","position":2,"name":"Jornada educativa en el Bioparque Municipal \u201cLa M\u00e1xima\u201d"}]},{"@type":"WebSite","@id":"https:\/\/experienciadevida.com.ar\/portalurbano\/#website","url":"https:\/\/experienciadevida.com.ar\/portalurbano\/","name":"","description":"","publisher":{"@id":"https:\/\/experienciadevida.com.ar\/portalurbano\/#organization"},"potentialAction":[{"@type":"SearchAction","target":{"@type":"EntryPoint","urlTemplate":"https:\/\/experienciadevida.com.ar\/portalurbano\/?s={search_term_string}"},"query-input":"required name=search_term_string"}],"inLanguage":"es"},{"@type":"Organization","@id":"https:\/\/experienciadevida.com.ar\/portalurbano\/#organization","name":"Portal Urbano","url":"https:\/\/experienciadevida.com.ar\/portalurbano\/","logo":{"@type":"ImageObject","inLanguage":"es","@id":"https:\/\/experienciadevida.com.ar\/portalurbano\/#\/schema\/logo\/image\/","url":"https:\/\/experienciadevida.com.ar\/portalurbano\/wp-content\/uploads\/2019\/09\/Logo-Original.png","contentUrl":"https:\/\/experienciadevida.com.ar\/portalurbano\/wp-content\/uploads\/2019\/09\/Logo-Original.png","width":2236,"height":1216,"caption":"Portal Urbano"},"image":{"@id":"https:\/\/experienciadevida.com.ar\/portalurbano\/#\/schema\/logo\/image\/"},"sameAs":["https:\/\/www.facebook.com\/Portal-Urbano-171542830093757\/","https:\/\/twitter.com\/portalurbanook","https:\/\/www.instagram.com\/_portalurbano\/","https:\/\/www.youtube.com\/channel\/UCXhagIfszH8KxFiOok79zbA?view_as=subscriber"]},{"@type":"Person","@id":"https:\/\/experienciadevida.com.ar\/portalurbano\/#\/schema\/person\/02dd326b1c4b056e9cc972486934a3a7","name":"admpu17wp","image":{"@type":"ImageObject","inLanguage":"es","@id":"https:\/\/experienciadevida.com.ar\/portalurbano\/#\/schema\/person\/image\/","url":"https:\/\/secure.gravatar.com\/avatar\/830d4c57adaae6630765e449a6908047?s=96&d=mm&r=g","contentUrl":"https:\/\/secure.gravatar.com\/avatar\/830d4c57adaae6630765e449a6908047?s=96&d=mm&r=g","caption":"admpu17wp"}}]}},"featured_image_urls":{"full":["https:\/\/experienciadevida.com.ar\/portalurbano\/wp-content\/uploads\/2022\/06\/Jornada-educativa-en-el.jpg",976,753,false],"thumbnail":["https:\/\/experienciadevida.com.ar\/portalurbano\/wp-content\/uploads\/2022\/06\/Jornada-educativa-en-el-150x150.jpg",150,150,true],"medium":["https:\/\/experienciadevida.com.ar\/portalurbano\/wp-content\/uploads\/2022\/06\/Jornada-educativa-en-el-300x231.jpg",300,231,true],"medium_large":["https:\/\/experienciadevida.com.ar\/portalurbano\/wp-content\/uploads\/2022\/06\/Jornada-educativa-en-el-768x593.jpg",640,494,true],"large":["https:\/\/experienciadevida.com.ar\/portalurbano\/wp-content\/uploads\/2022\/06\/Jornada-educativa-en-el.jpg",640,494,false],"ug_big":["https:\/\/experienciadevida.com.ar\/portalurbano\/wp-content\/uploads\/2022\/06\/Jornada-educativa-en-el-768x593.jpg",768,593,true],"1536x1536":["https:\/\/experienciadevida.com.ar\/portalurbano\/wp-content\/uploads\/2022\/06\/Jornada-educativa-en-el.jpg",976,753,false],"2048x2048":["https:\/\/experienciadevida.com.ar\/portalurbano\/wp-content\/uploads\/2022\/06\/Jornada-educativa-en-el.jpg",976,753,false],"newsever-slider-full":["https:\/\/experienciadevida.com.ar\/portalurbano\/wp-content\/uploads\/2022\/06\/Jornada-educativa-en-el.jpg",976,753,false],"newsever-featured":["https:\/\/experienciadevida.com.ar\/portalurbano\/wp-content\/uploads\/2022\/06\/Jornada-educativa-en-el.jpg",976,753,false],"newsever-medium":["https:\/\/experienciadevida.com.ar\/portalurbano\/wp-content\/uploads\/2022\/06\/Jornada-educativa-en-el.jpg",616,475,false],"web-stories-poster-portrait":["https:\/\/experienciadevida.com.ar\/portalurbano\/wp-content\/uploads\/2022\/06\/Jornada-educativa-en-el.jpg",640,494,false],"web-stories-publisher-logo":["https:\/\/experienciadevida.com.ar\/portalurbano\/wp-content\/uploads\/2022\/06\/Jornada-educativa-en-el.jpg",96,74,false],"web-stories-thumbnail":["https:\/\/experienciadevida.com.ar\/portalurbano\/wp-content\/uploads\/2022\/06\/Jornada-educativa-en-el.jpg",150,116,false]},"author_info":{"display_name":"admpu17wp","author_link":"https:\/\/experienciadevida.com.ar\/portalurbano\/author\/admpu17wp\/"},"category_info":"<a href=\"https:\/\/experienciadevida.com.ar\/portalurbano\/category\/ciudad\/\" rel=\"category tag\">Ciudad<\/a>","tag_info":"Ciudad","comment_count":"0","amp_enabled":true,"_links":{"self":[{"href":"https:\/\/experienciadevida.com.ar\/portalurbano\/wp-json\/wp\/v2\/posts\/169272"}],"collection":[{"href":"https:\/\/experienciadevida.com.ar\/portalurbano\/wp-json\/wp\/v2\/posts"}],"about":[{"href":"https:\/\/experienciadevida.com.ar\/portalurbano\/wp-json\/wp\/v2\/types\/post"}],"author":[{"embeddable":true,"href":"https:\/\/experienciadevida.com.ar\/portalurbano\/wp-json\/wp\/v2\/users\/1"}],"replies":[{"embeddable":true,"href":"https:\/\/experienciadevida.com.ar\/portalurbano\/wp-json\/wp\/v2\/comments?post=169272"}],"version-history":[{"count":2,"href":"https:\/\/experienciadevida.com.ar\/portalurbano\/wp-json\/wp\/v2\/posts\/169272\/revisions"}],"predecessor-version":[{"id":169276,"href":"https:\/\/experienciadevida.com.ar\/portalurbano\/wp-json\/wp\/v2\/posts\/169272\/revisions\/169276"}],"wp:featuredmedia":[{"embeddable":true,"href":"https:\/\/experienciadevida.com.ar\/portalurbano\/wp-json\/wp\/v2\/media\/169273"}],"wp:attachment":[{"href":"https:\/\/experienciadevida.com.ar\/portalurbano\/wp-json\/wp\/v2\/media?parent=169272"}],"wp:term":[{"taxonomy":"category","embeddable":true,"href":"https:\/\/experienciadevida.com.ar\/portalurbano\/wp-json\/wp\/v2\/categories?post=169272"},{"taxonomy":"post_tag","embeddable":true,"href":"https:\/\/experienciadevida.com.ar\/portalurbano\/wp-json\/wp\/v2\/tags?post=169272"}],"curies":[{"name":"wp","href":"https:\/\/api.w.org\/{rel}","templated":true}]}}