{"id":169250,"date":"2022-06-09T14:21:31","date_gmt":"2022-06-09T17:21:31","guid":{"rendered":"https:\/\/experienciadevida.com.ar\/portalurbano\/?p=169250"},"modified":"2022-06-09T14:27:49","modified_gmt":"2022-06-09T17:27:49","slug":"endere-y-amespil-la-campora-y-ahora-olavarria-estan-montando-un-show-mediatico","status":"publish","type":"post","link":"https:\/\/experienciadevida.com.ar\/portalurbano\/endere-y-amespil-la-campora-y-ahora-olavarria-estan-montando-un-show-mediatico\/","title":{"rendered":"Endere y Amespil: \u201cLa C\u00e1mpora y Ahora Olavarr\u00eda est\u00e1n montando un show medi\u00e1tico\u201d"},"content":{"rendered":"<p><a href=\"https:\/\/www.instagram.com\/martinendere\/?hl=es-la\">Endere<\/a> y <a href=\"https:\/\/www.instagram.com\/guilleames\/?hl=es-la\">Amespil<\/a>: \u201cLa C\u00e1mpora y Ahora Olavarr\u00eda est\u00e1n montando un show medi\u00e1tico\u201d, tras una nueva embestida de los concejales del Frente de Todos y Ahora Olavarr\u00eda contra Javier Fr\u00edas, los concejales Guillermina Amespil y Mart\u00edn Endere remarcaron varios aspectos que hacen a la situaci\u00f3n del concejal de Juntos.<\/p>\n<p>Primero, Amespil asever\u00f3 que los dichos de S\u00e1nchez son \u201cexagerados\u201d y sostuvo: \u201cel RAFAM siempre estuvo habilitado y la informaci\u00f3n siempre estuvo disponible, no entendemos porqu\u00e9 se habla de que se descubri\u00f3 si<br \/>\nsiempre estuvo visible\u201d.<\/p>\n<p>En referencia al nuevo pedido de cesant\u00eda de Fr\u00edas, la edil asegur\u00f3: \u201cno respetan a las mayor\u00edas y piden votar de nuevo. Ya se vot\u00f3 est\u00e1 situaci\u00f3n, este Cuerpo tom\u00f3 una decisi\u00f3n en la Sesi\u00f3n anterior\u201d.<\/p>\n<p>Adem\u00e1s, Amespil expres\u00f3: \u201cno est\u00e1 acreditada la incompatibilidad e inhabilidad, y respecto a la corrupci\u00f3n no podemos hablar de corrupci\u00f3n cuando est\u00e1n todas las cosas a la vista. Est\u00e1n ensuciando para generar<br \/>\nruido y prejuicio, en este Concejo Deliberante se est\u00e1 diciendo cualquier cosa sin ning\u00fan tipo de respaldo\u201d.<\/p>\n<p>Sobre las compras del Municipio al comercio de la Sucesi\u00f3n de la Familia Fr\u00edas, la concejal dijo: \u201cno hay ninguna factura presentada durante el 2022 y tampoco se realiz\u00f3 un pago, lo saben y no lo dicen porque se aparta<br \/>\ndel relato que quiere imponer el Frente de Todos\u201d.<\/p>\n<p>Guillermina Amespil acus\u00f3 a los concejales de La C\u00e1mpora y Ahora Olavarr\u00eda de dinamitar \u201ctodos los puentes de di\u00e1logo y consenso\u201d.<\/p>\n<p>Por su parte, el concejal Mart\u00edn Endere indic\u00f3: \u201ccuando sostenemos la presencia del Concejal Fr\u00edas es por nuestra convicci\u00f3n\u201d y manifest\u00f3 que \u201cnosotros no descreemos de las opiniones t\u00e9cnicas del Tribunal de Cuentas y la Asesor\u00eda General de Gobierno, lo que decimos que no son imperativas sus decisiones\u201d.<\/p>\n<p><a href=\"https:\/\/experienciadevida.com.ar\/portalurbano\/endere-y-amespil-la-campora-y-ahora-olavarria-estan-montando-un-show-mediatico\/endere-4\/\" rel=\"attachment wp-att-169253\"><img decoding=\"async\" class=\"alignnone size-large wp-image-169253\" src=\"https:\/\/experienciadevida.com.ar\/portalurbano\/wp-content\/uploads\/2022\/06\/Endere-1024x684.jpg\" alt=\"Endere \" width=\"900\" height=\"601\" srcset=\"https:\/\/experienciadevida.com.ar\/portalurbano\/wp-content\/uploads\/2022\/06\/Endere-1024x684.jpg 1024w, https:\/\/experienciadevida.com.ar\/portalurbano\/wp-content\/uploads\/2022\/06\/Endere-300x200.jpg 300w, https:\/\/experienciadevida.com.ar\/portalurbano\/wp-content\/uploads\/2022\/06\/Endere-768x513.jpg 768w, https:\/\/experienciadevida.com.ar\/portalurbano\/wp-content\/uploads\/2022\/06\/Endere.jpg 1280w\" sizes=\"(max-width: 900px) 100vw, 900px\" \/><\/a><\/p>\n<p>Endere aclar\u00f3 que el padre del Concejal Fr\u00edas, hoy fallecido, es proveedor municipal desde el a\u00f1o 2008 y no del 2013 como dijo el Frente de Todos: \u201catacan tanto en lo personal que para este Concejo estos dichos son lamentables\u201d.<\/p>\n<p>El presidente del bloque de Concejales de Juntos acus\u00f3 al Frente de Todos de desconocer la Ley Org\u00e1nica de la Provincia de Buenos Aires y el C\u00f3digo Civil.<\/p>\n<p>\u201cLo que busca el Frente de Todos es generar un hecho medi\u00e1tico, est\u00e1n mediatizando cuestiones pol\u00edticas. Seamos justos en la manera que lo planteamos\u201d, expres\u00f3 el concejal Mart\u00edn Endere e invit\u00f3 a los concejales del Frente de Todos a llevar al caso a la Justicia dado que en la sesi\u00f3n anterior el Cuerpo rechaz\u00f3 el pedido de cesant\u00eda de Javier Fr\u00edas.<\/p>\n<p>\u201cAcabemos de ensuciarle la cabeza al vecino, rem\u00edtanse a la justicia y si la justicia les da la raz\u00f3n ser\u00e9 el primero en pedir disculpas: dejemos de montar un show medi\u00e1tico\u201d, indic\u00f3 el concejal Mart\u00edn Endere.<\/p>\n<p>Finalmente, el presidente del bloque de Juntos cerr\u00f3: \u201cveo una oposici\u00f3n totalmente dispuesta a obstaculizar a la gesti\u00f3n municipal e infundir miedo a los vecinos\u201d.<\/p>\n","protected":false},"excerpt":{"rendered":"<p>Endere y Amespil: \u201cLa C\u00e1mpora y Ahora Olavarr\u00eda est\u00e1n montando un show medi\u00e1tico\u201d, tras una&#8230;<\/p>\n","protected":false},"author":1,"featured_media":169251,"comment_status":"closed","ping_status":"closed","sticky":false,"template":"","format":"standard","meta":{"content-type":""},"categories":[27,51],"tags":[],"nelio_content":{"isAutoShareEnabled":false,"autoShareEndMode":"default","automationSources":{"useContentSentences":true,"useSocialTemplates":true,"useCustomSentences":false,"customSentences":[]},"followers":[1],"suggestedReferences":[],"includedReferences":["https:\/\/www.instagram.com\/martinendere\/?hl=es-la","https:\/\/www.instagram.com\/guilleames\/?hl=es-la"],"efiUrl":"","efiAlt":"","highlights":[]},"yoast_head":"<!-- This site is optimized with the Yoast SEO plugin v20.7 - https:\/\/yoast.com\/wordpress\/plugins\/seo\/ -->\n<title>Endere y Amespil: &quot;La C\u00e1mpora est\u00e1 montando un show medi\u00e1tico&quot;<\/title>\n<meta name=\"description\" content=\"Endere y Amespil: \u201cLa C\u00e1mpora y Ahora Olavarr\u00eda est\u00e1n montando un show medi\u00e1tico\u201d, tras una nueva embestida de los concejales\" \/>\n<meta name=\"robots\" content=\"index, follow, max-snippet:-1, max-image-preview:large, max-video-preview:-1\" \/>\n<link rel=\"canonical\" href=\"https:\/\/experienciadevida.com.ar\/portalurbano\/endere-y-amespil-la-campora-y-ahora-olavarria-estan-montando-un-show-mediatico\/\" \/>\n<meta property=\"og:locale\" content=\"es_ES\" \/>\n<meta property=\"og:type\" content=\"article\" \/>\n<meta property=\"og:title\" content=\"Endere y Amespil: &quot;La C\u00e1mpora est\u00e1 montando un show medi\u00e1tico&quot;\" \/>\n<meta property=\"og:description\" content=\"Endere y Amespil: \u201cLa C\u00e1mpora y Ahora Olavarr\u00eda est\u00e1n montando un show medi\u00e1tico\u201d, tras una nueva embestida de los concejales\" \/>\n<meta property=\"og:url\" content=\"https:\/\/experienciadevida.com.ar\/portalurbano\/endere-y-amespil-la-campora-y-ahora-olavarria-estan-montando-un-show-mediatico\/\" \/>\n<meta property=\"article:publisher\" content=\"https:\/\/www.facebook.com\/Portal-Urbano-171542830093757\/\" \/>\n<meta property=\"article:published_time\" content=\"2022-06-09T17:21:31+00:00\" \/>\n<meta property=\"article:modified_time\" content=\"2022-06-09T17:27:49+00:00\" \/>\n<meta property=\"og:image\" content=\"https:\/\/experienciadevida.com.ar\/portalurbano\/wp-content\/uploads\/2022\/06\/Endere-y-Amespil.jpg\" \/>\n\t<meta property=\"og:image:width\" content=\"1280\" \/>\n\t<meta property=\"og:image:height\" content=\"855\" \/>\n\t<meta property=\"og:image:type\" content=\"image\/jpeg\" \/>\n<meta name=\"author\" content=\"admpu17wp\" \/>\n<meta name=\"twitter:card\" content=\"summary_large_image\" \/>\n<meta name=\"twitter:creator\" content=\"@portalurbanook\" \/>\n<meta name=\"twitter:site\" content=\"@portalurbanook\" \/>\n<meta name=\"twitter:label1\" content=\"Escrito por\" \/>\n\t<meta name=\"twitter:data1\" content=\"admpu17wp\" \/>\n\t<meta name=\"twitter:label2\" content=\"Tiempo de lectura\" \/>\n\t<meta name=\"twitter:data2\" content=\"3 minutos\" \/>\n<script type=\"application\/ld+json\" class=\"yoast-schema-graph\">{\"@context\":\"https:\/\/schema.org\",\"@graph\":[{\"@type\":\"Article\",\"@id\":\"https:\/\/experienciadevida.com.ar\/portalurbano\/endere-y-amespil-la-campora-y-ahora-olavarria-estan-montando-un-show-mediatico\/#article\",\"isPartOf\":{\"@id\":\"https:\/\/experienciadevida.com.ar\/portalurbano\/endere-y-amespil-la-campora-y-ahora-olavarria-estan-montando-un-show-mediatico\/\"},\"author\":{\"name\":\"admpu17wp\",\"@id\":\"https:\/\/experienciadevida.com.ar\/portalurbano\/#\/schema\/person\/02dd326b1c4b056e9cc972486934a3a7\"},\"headline\":\"Endere y Amespil: \u201cLa C\u00e1mpora y Ahora Olavarr\u00eda est\u00e1n montando un show medi\u00e1tico\u201d\",\"datePublished\":\"2022-06-09T17:21:31+00:00\",\"dateModified\":\"2022-06-09T17:27:49+00:00\",\"mainEntityOfPage\":{\"@id\":\"https:\/\/experienciadevida.com.ar\/portalurbano\/endere-y-amespil-la-campora-y-ahora-olavarria-estan-montando-un-show-mediatico\/\"},\"wordCount\":541,\"publisher\":{\"@id\":\"https:\/\/experienciadevida.com.ar\/portalurbano\/#organization\"},\"articleSection\":[\"Ciudad\",\"Destacadas\"],\"inLanguage\":\"es\"},{\"@type\":\"WebPage\",\"@id\":\"https:\/\/experienciadevida.com.ar\/portalurbano\/endere-y-amespil-la-campora-y-ahora-olavarria-estan-montando-un-show-mediatico\/\",\"url\":\"https:\/\/experienciadevida.com.ar\/portalurbano\/endere-y-amespil-la-campora-y-ahora-olavarria-estan-montando-un-show-mediatico\/\",\"name\":\"Endere y Amespil: \\\"La C\u00e1mpora est\u00e1 montando un show medi\u00e1tico\\\"\",\"isPartOf\":{\"@id\":\"https:\/\/experienciadevida.com.ar\/portalurbano\/#website\"},\"datePublished\":\"2022-06-09T17:21:31+00:00\",\"dateModified\":\"2022-06-09T17:27:49+00:00\",\"description\":\"Endere y Amespil: \u201cLa C\u00e1mpora y Ahora Olavarr\u00eda est\u00e1n montando un show medi\u00e1tico\u201d, tras una nueva embestida de los concejales\",\"breadcrumb\":{\"@id\":\"https:\/\/experienciadevida.com.ar\/portalurbano\/endere-y-amespil-la-campora-y-ahora-olavarria-estan-montando-un-show-mediatico\/#breadcrumb\"},\"inLanguage\":\"es\",\"potentialAction\":[{\"@type\":\"ReadAction\",\"target\":[\"https:\/\/experienciadevida.com.ar\/portalurbano\/endere-y-amespil-la-campora-y-ahora-olavarria-estan-montando-un-show-mediatico\/\"]}]},{\"@type\":\"BreadcrumbList\",\"@id\":\"https:\/\/experienciadevida.com.ar\/portalurbano\/endere-y-amespil-la-campora-y-ahora-olavarria-estan-montando-un-show-mediatico\/#breadcrumb\",\"itemListElement\":[{\"@type\":\"ListItem\",\"position\":1,\"name\":\"Portada\",\"item\":\"https:\/\/experienciadevida.com.ar\/portalurbano\/\"},{\"@type\":\"ListItem\",\"position\":2,\"name\":\"Endere y Amespil: \u201cLa C\u00e1mpora y Ahora Olavarr\u00eda est\u00e1n montando un show medi\u00e1tico\u201d\"}]},{\"@type\":\"WebSite\",\"@id\":\"https:\/\/experienciadevida.com.ar\/portalurbano\/#website\",\"url\":\"https:\/\/experienciadevida.com.ar\/portalurbano\/\",\"name\":\"\",\"description\":\"\",\"publisher\":{\"@id\":\"https:\/\/experienciadevida.com.ar\/portalurbano\/#organization\"},\"potentialAction\":[{\"@type\":\"SearchAction\",\"target\":{\"@type\":\"EntryPoint\",\"urlTemplate\":\"https:\/\/experienciadevida.com.ar\/portalurbano\/?s={search_term_string}\"},\"query-input\":\"required name=search_term_string\"}],\"inLanguage\":\"es\"},{\"@type\":\"Organization\",\"@id\":\"https:\/\/experienciadevida.com.ar\/portalurbano\/#organization\",\"name\":\"Portal Urbano\",\"url\":\"https:\/\/experienciadevida.com.ar\/portalurbano\/\",\"logo\":{\"@type\":\"ImageObject\",\"inLanguage\":\"es\",\"@id\":\"https:\/\/experienciadevida.com.ar\/portalurbano\/#\/schema\/logo\/image\/\",\"url\":\"https:\/\/experienciadevida.com.ar\/portalurbano\/wp-content\/uploads\/2019\/09\/Logo-Original.png\",\"contentUrl\":\"https:\/\/experienciadevida.com.ar\/portalurbano\/wp-content\/uploads\/2019\/09\/Logo-Original.png\",\"width\":2236,\"height\":1216,\"caption\":\"Portal Urbano\"},\"image\":{\"@id\":\"https:\/\/experienciadevida.com.ar\/portalurbano\/#\/schema\/logo\/image\/\"},\"sameAs\":[\"https:\/\/www.facebook.com\/Portal-Urbano-171542830093757\/\",\"https:\/\/twitter.com\/portalurbanook\",\"https:\/\/www.instagram.com\/_portalurbano\/\",\"https:\/\/www.youtube.com\/channel\/UCXhagIfszH8KxFiOok79zbA?view_as=subscriber\"]},{\"@type\":\"Person\",\"@id\":\"https:\/\/experienciadevida.com.ar\/portalurbano\/#\/schema\/person\/02dd326b1c4b056e9cc972486934a3a7\",\"name\":\"admpu17wp\",\"image\":{\"@type\":\"ImageObject\",\"inLanguage\":\"es\",\"@id\":\"https:\/\/experienciadevida.com.ar\/portalurbano\/#\/schema\/person\/image\/\",\"url\":\"https:\/\/secure.gravatar.com\/avatar\/830d4c57adaae6630765e449a6908047?s=96&d=mm&r=g\",\"contentUrl\":\"https:\/\/secure.gravatar.com\/avatar\/830d4c57adaae6630765e449a6908047?s=96&d=mm&r=g\",\"caption\":\"admpu17wp\"}}]}<\/script>\n<!-- \/ Yoast SEO plugin. -->","yoast_head_json":{"title":"Endere y Amespil: \"La C\u00e1mpora est\u00e1 montando un show medi\u00e1tico\"","description":"Endere y Amespil: \u201cLa C\u00e1mpora y Ahora Olavarr\u00eda est\u00e1n montando un show medi\u00e1tico\u201d, tras una nueva embestida de los concejales","robots":{"index":"index","follow":"follow","max-snippet":"max-snippet:-1","max-image-preview":"max-image-preview:large","max-video-preview":"max-video-preview:-1"},"canonical":"https:\/\/experienciadevida.com.ar\/portalurbano\/endere-y-amespil-la-campora-y-ahora-olavarria-estan-montando-un-show-mediatico\/","og_locale":"es_ES","og_type":"article","og_title":"Endere y Amespil: \"La C\u00e1mpora est\u00e1 montando un show medi\u00e1tico\"","og_description":"Endere y Amespil: \u201cLa C\u00e1mpora y Ahora Olavarr\u00eda est\u00e1n montando un show medi\u00e1tico\u201d, tras una nueva embestida de los concejales","og_url":"https:\/\/experienciadevida.com.ar\/portalurbano\/endere-y-amespil-la-campora-y-ahora-olavarria-estan-montando-un-show-mediatico\/","article_publisher":"https:\/\/www.facebook.com\/Portal-Urbano-171542830093757\/","article_published_time":"2022-06-09T17:21:31+00:00","article_modified_time":"2022-06-09T17:27:49+00:00","og_image":[{"width":1280,"height":855,"url":"https:\/\/experienciadevida.com.ar\/portalurbano\/wp-content\/uploads\/2022\/06\/Endere-y-Amespil.jpg","type":"image\/jpeg"}],"author":"admpu17wp","twitter_card":"summary_large_image","twitter_creator":"@portalurbanook","twitter_site":"@portalurbanook","twitter_misc":{"Escrito por":"admpu17wp","Tiempo de lectura":"3 minutos"},"schema":{"@context":"https:\/\/schema.org","@graph":[{"@type":"Article","@id":"https:\/\/experienciadevida.com.ar\/portalurbano\/endere-y-amespil-la-campora-y-ahora-olavarria-estan-montando-un-show-mediatico\/#article","isPartOf":{"@id":"https:\/\/experienciadevida.com.ar\/portalurbano\/endere-y-amespil-la-campora-y-ahora-olavarria-estan-montando-un-show-mediatico\/"},"author":{"name":"admpu17wp","@id":"https:\/\/experienciadevida.com.ar\/portalurbano\/#\/schema\/person\/02dd326b1c4b056e9cc972486934a3a7"},"headline":"Endere y Amespil: \u201cLa C\u00e1mpora y Ahora Olavarr\u00eda est\u00e1n montando un show medi\u00e1tico\u201d","datePublished":"2022-06-09T17:21:31+00:00","dateModified":"2022-06-09T17:27:49+00:00","mainEntityOfPage":{"@id":"https:\/\/experienciadevida.com.ar\/portalurbano\/endere-y-amespil-la-campora-y-ahora-olavarria-estan-montando-un-show-mediatico\/"},"wordCount":541,"publisher":{"@id":"https:\/\/experienciadevida.com.ar\/portalurbano\/#organization"},"articleSection":["Ciudad","Destacadas"],"inLanguage":"es"},{"@type":"WebPage","@id":"https:\/\/experienciadevida.com.ar\/portalurbano\/endere-y-amespil-la-campora-y-ahora-olavarria-estan-montando-un-show-mediatico\/","url":"https:\/\/experienciadevida.com.ar\/portalurbano\/endere-y-amespil-la-campora-y-ahora-olavarria-estan-montando-un-show-mediatico\/","name":"Endere y Amespil: \"La C\u00e1mpora est\u00e1 montando un show medi\u00e1tico\"","isPartOf":{"@id":"https:\/\/experienciadevida.com.ar\/portalurbano\/#website"},"datePublished":"2022-06-09T17:21:31+00:00","dateModified":"2022-06-09T17:27:49+00:00","description":"Endere y Amespil: \u201cLa C\u00e1mpora y Ahora Olavarr\u00eda est\u00e1n montando un show medi\u00e1tico\u201d, tras una nueva embestida de los concejales","breadcrumb":{"@id":"https:\/\/experienciadevida.com.ar\/portalurbano\/endere-y-amespil-la-campora-y-ahora-olavarria-estan-montando-un-show-mediatico\/#breadcrumb"},"inLanguage":"es","potentialAction":[{"@type":"ReadAction","target":["https:\/\/experienciadevida.com.ar\/portalurbano\/endere-y-amespil-la-campora-y-ahora-olavarria-estan-montando-un-show-mediatico\/"]}]},{"@type":"BreadcrumbList","@id":"https:\/\/experienciadevida.com.ar\/portalurbano\/endere-y-amespil-la-campora-y-ahora-olavarria-estan-montando-un-show-mediatico\/#breadcrumb","itemListElement":[{"@type":"ListItem","position":1,"name":"Portada","item":"https:\/\/experienciadevida.com.ar\/portalurbano\/"},{"@type":"ListItem","position":2,"name":"Endere y Amespil: \u201cLa C\u00e1mpora y Ahora Olavarr\u00eda est\u00e1n montando un show medi\u00e1tico\u201d"}]},{"@type":"WebSite","@id":"https:\/\/experienciadevida.com.ar\/portalurbano\/#website","url":"https:\/\/experienciadevida.com.ar\/portalurbano\/","name":"","description":"","publisher":{"@id":"https:\/\/experienciadevida.com.ar\/portalurbano\/#organization"},"potentialAction":[{"@type":"SearchAction","target":{"@type":"EntryPoint","urlTemplate":"https:\/\/experienciadevida.com.ar\/portalurbano\/?s={search_term_string}"},"query-input":"required name=search_term_string"}],"inLanguage":"es"},{"@type":"Organization","@id":"https:\/\/experienciadevida.com.ar\/portalurbano\/#organization","name":"Portal Urbano","url":"https:\/\/experienciadevida.com.ar\/portalurbano\/","logo":{"@type":"ImageObject","inLanguage":"es","@id":"https:\/\/experienciadevida.com.ar\/portalurbano\/#\/schema\/logo\/image\/","url":"https:\/\/experienciadevida.com.ar\/portalurbano\/wp-content\/uploads\/2019\/09\/Logo-Original.png","contentUrl":"https:\/\/experienciadevida.com.ar\/portalurbano\/wp-content\/uploads\/2019\/09\/Logo-Original.png","width":2236,"height":1216,"caption":"Portal Urbano"},"image":{"@id":"https:\/\/experienciadevida.com.ar\/portalurbano\/#\/schema\/logo\/image\/"},"sameAs":["https:\/\/www.facebook.com\/Portal-Urbano-171542830093757\/","https:\/\/twitter.com\/portalurbanook","https:\/\/www.instagram.com\/_portalurbano\/","https:\/\/www.youtube.com\/channel\/UCXhagIfszH8KxFiOok79zbA?view_as=subscriber"]},{"@type":"Person","@id":"https:\/\/experienciadevida.com.ar\/portalurbano\/#\/schema\/person\/02dd326b1c4b056e9cc972486934a3a7","name":"admpu17wp","image":{"@type":"ImageObject","inLanguage":"es","@id":"https:\/\/experienciadevida.com.ar\/portalurbano\/#\/schema\/person\/image\/","url":"https:\/\/secure.gravatar.com\/avatar\/830d4c57adaae6630765e449a6908047?s=96&d=mm&r=g","contentUrl":"https:\/\/secure.gravatar.com\/avatar\/830d4c57adaae6630765e449a6908047?s=96&d=mm&r=g","caption":"admpu17wp"}}]}},"featured_image_urls":{"full":["https:\/\/experienciadevida.com.ar\/portalurbano\/wp-content\/uploads\/2022\/06\/Endere-y-Amespil.jpg",1280,855,false],"thumbnail":["https:\/\/experienciadevida.com.ar\/portalurbano\/wp-content\/uploads\/2022\/06\/Endere-y-Amespil-150x150.jpg",150,150,true],"medium":["https:\/\/experienciadevida.com.ar\/portalurbano\/wp-content\/uploads\/2022\/06\/Endere-y-Amespil-300x200.jpg",300,200,true],"medium_large":["https:\/\/experienciadevida.com.ar\/portalurbano\/wp-content\/uploads\/2022\/06\/Endere-y-Amespil-768x513.jpg",640,428,true],"large":["https:\/\/experienciadevida.com.ar\/portalurbano\/wp-content\/uploads\/2022\/06\/Endere-y-Amespil-1024x684.jpg",640,428,true],"ug_big":["https:\/\/experienciadevida.com.ar\/portalurbano\/wp-content\/uploads\/2022\/06\/Endere-y-Amespil-768x513.jpg",768,513,true],"1536x1536":["https:\/\/experienciadevida.com.ar\/portalurbano\/wp-content\/uploads\/2022\/06\/Endere-y-Amespil.jpg",1280,855,false],"2048x2048":["https:\/\/experienciadevida.com.ar\/portalurbano\/wp-content\/uploads\/2022\/06\/Endere-y-Amespil.jpg",1280,855,false],"newsever-slider-full":["https:\/\/experienciadevida.com.ar\/portalurbano\/wp-content\/uploads\/2022\/06\/Endere-y-Amespil.jpg",1265,845,false],"newsever-featured":["https:\/\/experienciadevida.com.ar\/portalurbano\/wp-content\/uploads\/2022\/06\/Endere-y-Amespil.jpg",1024,684,false],"newsever-medium":["https:\/\/experienciadevida.com.ar\/portalurbano\/wp-content\/uploads\/2022\/06\/Endere-y-Amespil.jpg",711,475,false],"web-stories-poster-portrait":["https:\/\/experienciadevida.com.ar\/portalurbano\/wp-content\/uploads\/2022\/06\/Endere-y-Amespil.jpg",640,428,false],"web-stories-publisher-logo":["https:\/\/experienciadevida.com.ar\/portalurbano\/wp-content\/uploads\/2022\/06\/Endere-y-Amespil.jpg",96,64,false],"web-stories-thumbnail":["https:\/\/experienciadevida.com.ar\/portalurbano\/wp-content\/uploads\/2022\/06\/Endere-y-Amespil.jpg",150,100,false]},"author_info":{"display_name":"admpu17wp","author_link":"https:\/\/experienciadevida.com.ar\/portalurbano\/author\/admpu17wp\/"},"category_info":"<a href=\"https:\/\/experienciadevida.com.ar\/portalurbano\/category\/ciudad\/\" rel=\"category tag\">Ciudad<\/a> <a href=\"https:\/\/experienciadevida.com.ar\/portalurbano\/category\/destacadas\/\" rel=\"category tag\">Destacadas<\/a>","tag_info":"Destacadas","comment_count":"0","amp_enabled":true,"_links":{"self":[{"href":"https:\/\/experienciadevida.com.ar\/portalurbano\/wp-json\/wp\/v2\/posts\/169250"}],"collection":[{"href":"https:\/\/experienciadevida.com.ar\/portalurbano\/wp-json\/wp\/v2\/posts"}],"about":[{"href":"https:\/\/experienciadevida.com.ar\/portalurbano\/wp-json\/wp\/v2\/types\/post"}],"author":[{"embeddable":true,"href":"https:\/\/experienciadevida.com.ar\/portalurbano\/wp-json\/wp\/v2\/users\/1"}],"replies":[{"embeddable":true,"href":"https:\/\/experienciadevida.com.ar\/portalurbano\/wp-json\/wp\/v2\/comments?post=169250"}],"version-history":[{"count":4,"href":"https:\/\/experienciadevida.com.ar\/portalurbano\/wp-json\/wp\/v2\/posts\/169250\/revisions"}],"predecessor-version":[{"id":169256,"href":"https:\/\/experienciadevida.com.ar\/portalurbano\/wp-json\/wp\/v2\/posts\/169250\/revisions\/169256"}],"wp:featuredmedia":[{"embeddable":true,"href":"https:\/\/experienciadevida.com.ar\/portalurbano\/wp-json\/wp\/v2\/media\/169251"}],"wp:attachment":[{"href":"https:\/\/experienciadevida.com.ar\/portalurbano\/wp-json\/wp\/v2\/media?parent=169250"}],"wp:term":[{"taxonomy":"category","embeddable":true,"href":"https:\/\/experienciadevida.com.ar\/portalurbano\/wp-json\/wp\/v2\/categories?post=169250"},{"taxonomy":"post_tag","embeddable":true,"href":"https:\/\/experienciadevida.com.ar\/portalurbano\/wp-json\/wp\/v2\/tags?post=169250"}],"curies":[{"name":"wp","href":"https:\/\/api.w.org\/{rel}","templated":true}]}}