{"id":169244,"date":"2022-06-09T13:45:55","date_gmt":"2022-06-09T16:45:55","guid":{"rendered":"https:\/\/experienciadevida.com.ar\/portalurbano\/?p=169244"},"modified":"2022-06-09T14:05:41","modified_gmt":"2022-06-09T17:05:41","slug":"centro-veterinario-municipal-reunion-con-el-colegio-de-veterinarios-del-distrito-xiv","status":"publish","type":"post","link":"https:\/\/experienciadevida.com.ar\/portalurbano\/centro-veterinario-municipal-reunion-con-el-colegio-de-veterinarios-del-distrito-xiv\/","title":{"rendered":"Centro Veterinario Municipal: Reuni\u00f3n con el Colegio de Veterinarios del Distrito XIV"},"content":{"rendered":"<p>Centro Veterinario <a href=\"https:\/\/www.facebook.com\/municipiodeolavarria\">Municipal<\/a>: Reuni\u00f3n con el Colegio de Veterinarios del Distrito XIV, d\u00edas atr\u00e1s se llev\u00f3 a cabo una importante reuni\u00f3n que se enmarc\u00f3 en la pronta apertura del Centro de Atenci\u00f3n Veterinaria Municipal, de la que tomaron parte autoridades del \u00e1mbito de salud municipal y referentes del Colegio de Veterinarios del Distrito XIV, el cual integran Olavarr\u00eda y varios distritos vecinos del centro bonaerense.<\/p>\n<p>El encuentro fue protagonizado por el Secretario de Salud Germ\u00e1n Caputo, quien estuvo acompa\u00f1ado por el subsecretario de recurso de Salud Alexis Armanini y autoridades de la Direcci\u00f3n de Bromatolog\u00eda Municipal, y el doctor Jos\u00e9 Leandro Irigoyen, presidente del Colegio de Veterinarios del Distrito XIV.<\/p>\n<p>Se inform\u00f3 que se dialog\u00f3 sobre la modalidad de trabajo a implementar, horarios de funcionamiento del mismo, poniendo en conocimiento que el objetivo es mejorar las condiciones edilicias tanto para el personal como para las personas que utilizan el servicio, continuando con las esterilizaciones en caninos y felinos y las atenciones primarias en horario reducido.<\/p>\n<p>Por otro lado, se propuso contar con la bolsa de trabajo del Colegio de Veterinarios para futuras contrataciones de personal profesional.<\/p>\n","protected":false},"excerpt":{"rendered":"<p>Centro Veterinario Municipal: Reuni\u00f3n con el Colegio de Veterinarios del Distrito XIV, d\u00edas atr\u00e1s se&#8230;<\/p>\n","protected":false},"author":1,"featured_media":169245,"comment_status":"closed","ping_status":"closed","sticky":false,"template":"","format":"standard","meta":{"content-type":""},"categories":[27,64],"tags":[],"nelio_content":{"isAutoShareEnabled":false,"autoShareEndMode":"default","automationSources":{"useContentSentences":true,"useSocialTemplates":true,"useCustomSentences":false,"customSentences":[]},"followers":[1],"suggestedReferences":[],"includedReferences":[],"efiUrl":"","efiAlt":"","highlights":[]},"yoast_head":"<!-- This site is optimized with the Yoast SEO plugin v20.7 - https:\/\/yoast.com\/wordpress\/plugins\/seo\/ -->\n<title>Centro veterinario Municipal: reuni\u00f3n con el colegio de veterinarios<\/title>\n<meta name=\"description\" content=\"Centro Veterinario Municipal: Reuni\u00f3n con el Colegio de Veterinarios del Distrito XIV, d\u00edas atr\u00e1s se llev\u00f3 a cabo una importante reuni\u00f3n\" \/>\n<meta name=\"robots\" content=\"index, follow, max-snippet:-1, max-image-preview:large, max-video-preview:-1\" \/>\n<link rel=\"canonical\" href=\"https:\/\/experienciadevida.com.ar\/portalurbano\/centro-veterinario-municipal-reunion-con-el-colegio-de-veterinarios-del-distrito-xiv\/\" \/>\n<meta property=\"og:locale\" content=\"es_ES\" \/>\n<meta property=\"og:type\" content=\"article\" \/>\n<meta property=\"og:title\" content=\"Centro veterinario Municipal: reuni\u00f3n con el colegio de veterinarios\" \/>\n<meta property=\"og:description\" content=\"Centro Veterinario Municipal: Reuni\u00f3n con el Colegio de Veterinarios del Distrito XIV, d\u00edas atr\u00e1s se llev\u00f3 a cabo una importante reuni\u00f3n\" \/>\n<meta property=\"og:url\" content=\"https:\/\/experienciadevida.com.ar\/portalurbano\/centro-veterinario-municipal-reunion-con-el-colegio-de-veterinarios-del-distrito-xiv\/\" \/>\n<meta property=\"article:publisher\" content=\"https:\/\/www.facebook.com\/Portal-Urbano-171542830093757\/\" \/>\n<meta property=\"article:published_time\" content=\"2022-06-09T16:45:55+00:00\" \/>\n<meta property=\"article:modified_time\" content=\"2022-06-09T17:05:41+00:00\" \/>\n<meta property=\"og:image\" content=\"https:\/\/experienciadevida.com.ar\/portalurbano\/wp-content\/uploads\/2022\/06\/Centro-Veterinario-Municipal.jpg\" \/>\n\t<meta property=\"og:image:width\" content=\"1024\" \/>\n\t<meta property=\"og:image:height\" content=\"575\" \/>\n\t<meta property=\"og:image:type\" content=\"image\/jpeg\" \/>\n<meta name=\"author\" content=\"admpu17wp\" \/>\n<meta name=\"twitter:card\" content=\"summary_large_image\" \/>\n<meta name=\"twitter:creator\" content=\"@portalurbanook\" \/>\n<meta name=\"twitter:site\" content=\"@portalurbanook\" \/>\n<meta name=\"twitter:label1\" content=\"Escrito por\" \/>\n\t<meta name=\"twitter:data1\" content=\"admpu17wp\" \/>\n\t<meta name=\"twitter:label2\" content=\"Tiempo de lectura\" \/>\n\t<meta name=\"twitter:data2\" content=\"1 minuto\" \/>\n<script type=\"application\/ld+json\" class=\"yoast-schema-graph\">{\"@context\":\"https:\/\/schema.org\",\"@graph\":[{\"@type\":\"Article\",\"@id\":\"https:\/\/experienciadevida.com.ar\/portalurbano\/centro-veterinario-municipal-reunion-con-el-colegio-de-veterinarios-del-distrito-xiv\/#article\",\"isPartOf\":{\"@id\":\"https:\/\/experienciadevida.com.ar\/portalurbano\/centro-veterinario-municipal-reunion-con-el-colegio-de-veterinarios-del-distrito-xiv\/\"},\"author\":{\"name\":\"admpu17wp\",\"@id\":\"https:\/\/experienciadevida.com.ar\/portalurbano\/#\/schema\/person\/02dd326b1c4b056e9cc972486934a3a7\"},\"headline\":\"Centro Veterinario Municipal: Reuni\u00f3n con el Colegio de Veterinarios del Distrito XIV\",\"datePublished\":\"2022-06-09T16:45:55+00:00\",\"dateModified\":\"2022-06-09T17:05:41+00:00\",\"mainEntityOfPage\":{\"@id\":\"https:\/\/experienciadevida.com.ar\/portalurbano\/centro-veterinario-municipal-reunion-con-el-colegio-de-veterinarios-del-distrito-xiv\/\"},\"wordCount\":209,\"publisher\":{\"@id\":\"https:\/\/experienciadevida.com.ar\/portalurbano\/#organization\"},\"articleSection\":[\"Ciudad\",\"Destacadas 2\"],\"inLanguage\":\"es\"},{\"@type\":\"WebPage\",\"@id\":\"https:\/\/experienciadevida.com.ar\/portalurbano\/centro-veterinario-municipal-reunion-con-el-colegio-de-veterinarios-del-distrito-xiv\/\",\"url\":\"https:\/\/experienciadevida.com.ar\/portalurbano\/centro-veterinario-municipal-reunion-con-el-colegio-de-veterinarios-del-distrito-xiv\/\",\"name\":\"Centro veterinario Municipal: reuni\u00f3n con el colegio de veterinarios\",\"isPartOf\":{\"@id\":\"https:\/\/experienciadevida.com.ar\/portalurbano\/#website\"},\"datePublished\":\"2022-06-09T16:45:55+00:00\",\"dateModified\":\"2022-06-09T17:05:41+00:00\",\"description\":\"Centro Veterinario Municipal: Reuni\u00f3n con el Colegio de Veterinarios del Distrito XIV, d\u00edas atr\u00e1s se llev\u00f3 a cabo una importante reuni\u00f3n\",\"breadcrumb\":{\"@id\":\"https:\/\/experienciadevida.com.ar\/portalurbano\/centro-veterinario-municipal-reunion-con-el-colegio-de-veterinarios-del-distrito-xiv\/#breadcrumb\"},\"inLanguage\":\"es\",\"potentialAction\":[{\"@type\":\"ReadAction\",\"target\":[\"https:\/\/experienciadevida.com.ar\/portalurbano\/centro-veterinario-municipal-reunion-con-el-colegio-de-veterinarios-del-distrito-xiv\/\"]}]},{\"@type\":\"BreadcrumbList\",\"@id\":\"https:\/\/experienciadevida.com.ar\/portalurbano\/centro-veterinario-municipal-reunion-con-el-colegio-de-veterinarios-del-distrito-xiv\/#breadcrumb\",\"itemListElement\":[{\"@type\":\"ListItem\",\"position\":1,\"name\":\"Portada\",\"item\":\"https:\/\/experienciadevida.com.ar\/portalurbano\/\"},{\"@type\":\"ListItem\",\"position\":2,\"name\":\"Centro Veterinario Municipal: Reuni\u00f3n con el Colegio de Veterinarios del Distrito XIV\"}]},{\"@type\":\"WebSite\",\"@id\":\"https:\/\/experienciadevida.com.ar\/portalurbano\/#website\",\"url\":\"https:\/\/experienciadevida.com.ar\/portalurbano\/\",\"name\":\"\",\"description\":\"\",\"publisher\":{\"@id\":\"https:\/\/experienciadevida.com.ar\/portalurbano\/#organization\"},\"potentialAction\":[{\"@type\":\"SearchAction\",\"target\":{\"@type\":\"EntryPoint\",\"urlTemplate\":\"https:\/\/experienciadevida.com.ar\/portalurbano\/?s={search_term_string}\"},\"query-input\":\"required name=search_term_string\"}],\"inLanguage\":\"es\"},{\"@type\":\"Organization\",\"@id\":\"https:\/\/experienciadevida.com.ar\/portalurbano\/#organization\",\"name\":\"Portal Urbano\",\"url\":\"https:\/\/experienciadevida.com.ar\/portalurbano\/\",\"logo\":{\"@type\":\"ImageObject\",\"inLanguage\":\"es\",\"@id\":\"https:\/\/experienciadevida.com.ar\/portalurbano\/#\/schema\/logo\/image\/\",\"url\":\"https:\/\/experienciadevida.com.ar\/portalurbano\/wp-content\/uploads\/2019\/09\/Logo-Original.png\",\"contentUrl\":\"https:\/\/experienciadevida.com.ar\/portalurbano\/wp-content\/uploads\/2019\/09\/Logo-Original.png\",\"width\":2236,\"height\":1216,\"caption\":\"Portal Urbano\"},\"image\":{\"@id\":\"https:\/\/experienciadevida.com.ar\/portalurbano\/#\/schema\/logo\/image\/\"},\"sameAs\":[\"https:\/\/www.facebook.com\/Portal-Urbano-171542830093757\/\",\"https:\/\/twitter.com\/portalurbanook\",\"https:\/\/www.instagram.com\/_portalurbano\/\",\"https:\/\/www.youtube.com\/channel\/UCXhagIfszH8KxFiOok79zbA?view_as=subscriber\"]},{\"@type\":\"Person\",\"@id\":\"https:\/\/experienciadevida.com.ar\/portalurbano\/#\/schema\/person\/02dd326b1c4b056e9cc972486934a3a7\",\"name\":\"admpu17wp\",\"image\":{\"@type\":\"ImageObject\",\"inLanguage\":\"es\",\"@id\":\"https:\/\/experienciadevida.com.ar\/portalurbano\/#\/schema\/person\/image\/\",\"url\":\"https:\/\/secure.gravatar.com\/avatar\/830d4c57adaae6630765e449a6908047?s=96&d=mm&r=g\",\"contentUrl\":\"https:\/\/secure.gravatar.com\/avatar\/830d4c57adaae6630765e449a6908047?s=96&d=mm&r=g\",\"caption\":\"admpu17wp\"}}]}<\/script>\n<!-- \/ Yoast SEO plugin. -->","yoast_head_json":{"title":"Centro veterinario Municipal: reuni\u00f3n con el colegio de veterinarios","description":"Centro Veterinario Municipal: Reuni\u00f3n con el Colegio de Veterinarios del Distrito XIV, d\u00edas atr\u00e1s se llev\u00f3 a cabo una importante reuni\u00f3n","robots":{"index":"index","follow":"follow","max-snippet":"max-snippet:-1","max-image-preview":"max-image-preview:large","max-video-preview":"max-video-preview:-1"},"canonical":"https:\/\/experienciadevida.com.ar\/portalurbano\/centro-veterinario-municipal-reunion-con-el-colegio-de-veterinarios-del-distrito-xiv\/","og_locale":"es_ES","og_type":"article","og_title":"Centro veterinario Municipal: reuni\u00f3n con el colegio de veterinarios","og_description":"Centro Veterinario Municipal: Reuni\u00f3n con el Colegio de Veterinarios del Distrito XIV, d\u00edas atr\u00e1s se llev\u00f3 a cabo una importante reuni\u00f3n","og_url":"https:\/\/experienciadevida.com.ar\/portalurbano\/centro-veterinario-municipal-reunion-con-el-colegio-de-veterinarios-del-distrito-xiv\/","article_publisher":"https:\/\/www.facebook.com\/Portal-Urbano-171542830093757\/","article_published_time":"2022-06-09T16:45:55+00:00","article_modified_time":"2022-06-09T17:05:41+00:00","og_image":[{"width":1024,"height":575,"url":"https:\/\/experienciadevida.com.ar\/portalurbano\/wp-content\/uploads\/2022\/06\/Centro-Veterinario-Municipal.jpg","type":"image\/jpeg"}],"author":"admpu17wp","twitter_card":"summary_large_image","twitter_creator":"@portalurbanook","twitter_site":"@portalurbanook","twitter_misc":{"Escrito por":"admpu17wp","Tiempo de lectura":"1 minuto"},"schema":{"@context":"https:\/\/schema.org","@graph":[{"@type":"Article","@id":"https:\/\/experienciadevida.com.ar\/portalurbano\/centro-veterinario-municipal-reunion-con-el-colegio-de-veterinarios-del-distrito-xiv\/#article","isPartOf":{"@id":"https:\/\/experienciadevida.com.ar\/portalurbano\/centro-veterinario-municipal-reunion-con-el-colegio-de-veterinarios-del-distrito-xiv\/"},"author":{"name":"admpu17wp","@id":"https:\/\/experienciadevida.com.ar\/portalurbano\/#\/schema\/person\/02dd326b1c4b056e9cc972486934a3a7"},"headline":"Centro Veterinario Municipal: Reuni\u00f3n con el Colegio de Veterinarios del Distrito XIV","datePublished":"2022-06-09T16:45:55+00:00","dateModified":"2022-06-09T17:05:41+00:00","mainEntityOfPage":{"@id":"https:\/\/experienciadevida.com.ar\/portalurbano\/centro-veterinario-municipal-reunion-con-el-colegio-de-veterinarios-del-distrito-xiv\/"},"wordCount":209,"publisher":{"@id":"https:\/\/experienciadevida.com.ar\/portalurbano\/#organization"},"articleSection":["Ciudad","Destacadas 2"],"inLanguage":"es"},{"@type":"WebPage","@id":"https:\/\/experienciadevida.com.ar\/portalurbano\/centro-veterinario-municipal-reunion-con-el-colegio-de-veterinarios-del-distrito-xiv\/","url":"https:\/\/experienciadevida.com.ar\/portalurbano\/centro-veterinario-municipal-reunion-con-el-colegio-de-veterinarios-del-distrito-xiv\/","name":"Centro veterinario Municipal: reuni\u00f3n con el colegio de veterinarios","isPartOf":{"@id":"https:\/\/experienciadevida.com.ar\/portalurbano\/#website"},"datePublished":"2022-06-09T16:45:55+00:00","dateModified":"2022-06-09T17:05:41+00:00","description":"Centro Veterinario Municipal: Reuni\u00f3n con el Colegio de Veterinarios del Distrito XIV, d\u00edas atr\u00e1s se llev\u00f3 a cabo una importante reuni\u00f3n","breadcrumb":{"@id":"https:\/\/experienciadevida.com.ar\/portalurbano\/centro-veterinario-municipal-reunion-con-el-colegio-de-veterinarios-del-distrito-xiv\/#breadcrumb"},"inLanguage":"es","potentialAction":[{"@type":"ReadAction","target":["https:\/\/experienciadevida.com.ar\/portalurbano\/centro-veterinario-municipal-reunion-con-el-colegio-de-veterinarios-del-distrito-xiv\/"]}]},{"@type":"BreadcrumbList","@id":"https:\/\/experienciadevida.com.ar\/portalurbano\/centro-veterinario-municipal-reunion-con-el-colegio-de-veterinarios-del-distrito-xiv\/#breadcrumb","itemListElement":[{"@type":"ListItem","position":1,"name":"Portada","item":"https:\/\/experienciadevida.com.ar\/portalurbano\/"},{"@type":"ListItem","position":2,"name":"Centro Veterinario Municipal: Reuni\u00f3n con el Colegio de Veterinarios del Distrito XIV"}]},{"@type":"WebSite","@id":"https:\/\/experienciadevida.com.ar\/portalurbano\/#website","url":"https:\/\/experienciadevida.com.ar\/portalurbano\/","name":"","description":"","publisher":{"@id":"https:\/\/experienciadevida.com.ar\/portalurbano\/#organization"},"potentialAction":[{"@type":"SearchAction","target":{"@type":"EntryPoint","urlTemplate":"https:\/\/experienciadevida.com.ar\/portalurbano\/?s={search_term_string}"},"query-input":"required name=search_term_string"}],"inLanguage":"es"},{"@type":"Organization","@id":"https:\/\/experienciadevida.com.ar\/portalurbano\/#organization","name":"Portal Urbano","url":"https:\/\/experienciadevida.com.ar\/portalurbano\/","logo":{"@type":"ImageObject","inLanguage":"es","@id":"https:\/\/experienciadevida.com.ar\/portalurbano\/#\/schema\/logo\/image\/","url":"https:\/\/experienciadevida.com.ar\/portalurbano\/wp-content\/uploads\/2019\/09\/Logo-Original.png","contentUrl":"https:\/\/experienciadevida.com.ar\/portalurbano\/wp-content\/uploads\/2019\/09\/Logo-Original.png","width":2236,"height":1216,"caption":"Portal Urbano"},"image":{"@id":"https:\/\/experienciadevida.com.ar\/portalurbano\/#\/schema\/logo\/image\/"},"sameAs":["https:\/\/www.facebook.com\/Portal-Urbano-171542830093757\/","https:\/\/twitter.com\/portalurbanook","https:\/\/www.instagram.com\/_portalurbano\/","https:\/\/www.youtube.com\/channel\/UCXhagIfszH8KxFiOok79zbA?view_as=subscriber"]},{"@type":"Person","@id":"https:\/\/experienciadevida.com.ar\/portalurbano\/#\/schema\/person\/02dd326b1c4b056e9cc972486934a3a7","name":"admpu17wp","image":{"@type":"ImageObject","inLanguage":"es","@id":"https:\/\/experienciadevida.com.ar\/portalurbano\/#\/schema\/person\/image\/","url":"https:\/\/secure.gravatar.com\/avatar\/830d4c57adaae6630765e449a6908047?s=96&d=mm&r=g","contentUrl":"https:\/\/secure.gravatar.com\/avatar\/830d4c57adaae6630765e449a6908047?s=96&d=mm&r=g","caption":"admpu17wp"}}]}},"featured_image_urls":{"full":["https:\/\/experienciadevida.com.ar\/portalurbano\/wp-content\/uploads\/2022\/06\/Centro-Veterinario-Municipal.jpg",1024,575,false],"thumbnail":["https:\/\/experienciadevida.com.ar\/portalurbano\/wp-content\/uploads\/2022\/06\/Centro-Veterinario-Municipal-150x150.jpg",150,150,true],"medium":["https:\/\/experienciadevida.com.ar\/portalurbano\/wp-content\/uploads\/2022\/06\/Centro-Veterinario-Municipal-300x168.jpg",300,168,true],"medium_large":["https:\/\/experienciadevida.com.ar\/portalurbano\/wp-content\/uploads\/2022\/06\/Centro-Veterinario-Municipal-768x431.jpg",640,359,true],"large":["https:\/\/experienciadevida.com.ar\/portalurbano\/wp-content\/uploads\/2022\/06\/Centro-Veterinario-Municipal.jpg",640,359,false],"ug_big":["https:\/\/experienciadevida.com.ar\/portalurbano\/wp-content\/uploads\/2022\/06\/Centro-Veterinario-Municipal-768x431.jpg",768,431,true],"1536x1536":["https:\/\/experienciadevida.com.ar\/portalurbano\/wp-content\/uploads\/2022\/06\/Centro-Veterinario-Municipal.jpg",1024,575,false],"2048x2048":["https:\/\/experienciadevida.com.ar\/portalurbano\/wp-content\/uploads\/2022\/06\/Centro-Veterinario-Municipal.jpg",1024,575,false],"newsever-slider-full":["https:\/\/experienciadevida.com.ar\/portalurbano\/wp-content\/uploads\/2022\/06\/Centro-Veterinario-Municipal.jpg",1024,575,false],"newsever-featured":["https:\/\/experienciadevida.com.ar\/portalurbano\/wp-content\/uploads\/2022\/06\/Centro-Veterinario-Municipal.jpg",1024,575,false],"newsever-medium":["https:\/\/experienciadevida.com.ar\/portalurbano\/wp-content\/uploads\/2022\/06\/Centro-Veterinario-Municipal.jpg",720,404,false],"web-stories-poster-portrait":["https:\/\/experienciadevida.com.ar\/portalurbano\/wp-content\/uploads\/2022\/06\/Centro-Veterinario-Municipal.jpg",640,359,false],"web-stories-publisher-logo":["https:\/\/experienciadevida.com.ar\/portalurbano\/wp-content\/uploads\/2022\/06\/Centro-Veterinario-Municipal.jpg",96,54,false],"web-stories-thumbnail":["https:\/\/experienciadevida.com.ar\/portalurbano\/wp-content\/uploads\/2022\/06\/Centro-Veterinario-Municipal.jpg",150,84,false]},"author_info":{"display_name":"admpu17wp","author_link":"https:\/\/experienciadevida.com.ar\/portalurbano\/author\/admpu17wp\/"},"category_info":"<a href=\"https:\/\/experienciadevida.com.ar\/portalurbano\/category\/ciudad\/\" rel=\"category tag\">Ciudad<\/a> <a href=\"https:\/\/experienciadevida.com.ar\/portalurbano\/category\/destacadas-2\/\" rel=\"category tag\">Destacadas 2<\/a>","tag_info":"Destacadas 2","comment_count":"0","amp_enabled":true,"_links":{"self":[{"href":"https:\/\/experienciadevida.com.ar\/portalurbano\/wp-json\/wp\/v2\/posts\/169244"}],"collection":[{"href":"https:\/\/experienciadevida.com.ar\/portalurbano\/wp-json\/wp\/v2\/posts"}],"about":[{"href":"https:\/\/experienciadevida.com.ar\/portalurbano\/wp-json\/wp\/v2\/types\/post"}],"author":[{"embeddable":true,"href":"https:\/\/experienciadevida.com.ar\/portalurbano\/wp-json\/wp\/v2\/users\/1"}],"replies":[{"embeddable":true,"href":"https:\/\/experienciadevida.com.ar\/portalurbano\/wp-json\/wp\/v2\/comments?post=169244"}],"version-history":[{"count":2,"href":"https:\/\/experienciadevida.com.ar\/portalurbano\/wp-json\/wp\/v2\/posts\/169244\/revisions"}],"predecessor-version":[{"id":169247,"href":"https:\/\/experienciadevida.com.ar\/portalurbano\/wp-json\/wp\/v2\/posts\/169244\/revisions\/169247"}],"wp:featuredmedia":[{"embeddable":true,"href":"https:\/\/experienciadevida.com.ar\/portalurbano\/wp-json\/wp\/v2\/media\/169245"}],"wp:attachment":[{"href":"https:\/\/experienciadevida.com.ar\/portalurbano\/wp-json\/wp\/v2\/media?parent=169244"}],"wp:term":[{"taxonomy":"category","embeddable":true,"href":"https:\/\/experienciadevida.com.ar\/portalurbano\/wp-json\/wp\/v2\/categories?post=169244"},{"taxonomy":"post_tag","embeddable":true,"href":"https:\/\/experienciadevida.com.ar\/portalurbano\/wp-json\/wp\/v2\/tags?post=169244"}],"curies":[{"name":"wp","href":"https:\/\/api.w.org\/{rel}","templated":true}]}}