{"id":169239,"date":"2022-06-08T19:37:46","date_gmt":"2022-06-08T22:37:46","guid":{"rendered":"https:\/\/experienciadevida.com.ar\/portalurbano\/?p=169239"},"modified":"2022-06-08T19:39:15","modified_gmt":"2022-06-08T22:39:15","slug":"actividades-territoriales-del-programa-giro-en-el-mes-del-reciclaje","status":"publish","type":"post","link":"https:\/\/experienciadevida.com.ar\/portalurbano\/actividades-territoriales-del-programa-giro-en-el-mes-del-reciclaje\/","title":{"rendered":"Actividades territoriales del programa GIRO en el mes del reciclaje"},"content":{"rendered":"<p>Actividades territoriales del programa <a href=\"https:\/\/www.facebook.com\/giro.olavarria\">GIRO<\/a> en el mes del reciclaje, durante mayo \u00a0y con motivo del Mes del Reciclaje, la Direcci\u00f3n de Desarrollo sustentable, a trav\u00e9s del Programa GIRO (Gesti\u00f3n Integral de Residuos de Olavarr\u00eda) realiz\u00f3 diversas intervenciones y actividades en territorio, con el objetivo de seguir interactuando con la comunidad.<\/p>\n<p>En este contexto, la primera de las actividades se llev\u00f3 a cabo el 10 de mayo en la plaza \u201cManuel Belgrano\u201d del barrio San Vicente. All\u00ed, integrantes de GIRO ofrecieron una jornada informativa con material did\u00e1ctico de residuos reciclables, que compartieron entre quienes se acercaron. Tambi\u00e9n, entregaron stickers, folletos, imanes con el nuevo calendario de recolecci\u00f3n y bolsas reutilizables de GIRO. La jornada continu\u00f3 el jueves 12 con la misma metodolog\u00eda, pero para residuos compostables.<\/p>\n<p>El domingo 15 GIRO estuvo presente con su stand en la s\u00e9ptima edici\u00f3n del Mercado Olavarriense, que organiza la Secretar\u00eda de Desarrollo Econ\u00f3mico, en el Parque Helios Eseverri. En esta oportunidad se ofreci\u00f3 material y se brind\u00f3 informaci\u00f3n del Programa.<\/p>\n<p>En el D\u00eda Mundial del Reciclaje, que se celebra cada 17 de mayo, la Direcci\u00f3n de Desarrollo Sustentable organiz\u00f3 una jornada de Ecocanje en la Casa del Bicentenario. Durante la tarde, los vecinos que se acercaron a entregar sus residuos reciclables recibieron bolsas de medio kilo de compost, producido en la planta de compostaje del Programa GIRO. A la par, se entregaron eco bolsas y material informativo, y se sorte\u00f3 una compostera.<\/p>\n<p>Asimismo, el jueves 19, integrantes del equipo recorrieron un sector del barrio San Vicente para regalar compost a los vecinos. La jornada se replic\u00f3 adem\u00e1s el jueves 26 de mayo en otra fracci\u00f3n del piloto. En este sentido, cabe destacar que la primera entrega se realiz\u00f3 durante abril en los barrios Los Robles y Municipales.<\/p>\n<p>El mismo jueves 19 se brind\u00f3, para toda la comunidad, un taller de compostaje domiciliario, enmarcado dentro del Programa Olavarr\u00eda Composta de la Direcci\u00f3n de Desarrollo Sustentable, donde se entregaron eco bolsas y se sorte\u00f3 una compostera.<\/p>\n<p>Por \u00faltimo, se llevaron adelante las charlas-talleres en distintas escuelas, colegios e instituciones educativas del Partido de Olavarr\u00eda, que tratan sobre la gesti\u00f3n de residuos y el programa GIRO. De esta forma, la Escuela de Educaci\u00f3n T\u00e9cnica N\u00ba 2, la Escuela Normal, la Escuela N\u00ba 80, el Centro Educativo Alfa &amp; Omega, el Instituto Nuestra Se\u00f1ora del Rosario y el CEC N\u00ba 805 \u201cMatilde Catriel\u201d de Sierras Bayas, recibieron su taller.<\/p>\n<p>Para obtener m\u00e1s informaci\u00f3n sobre el programa, pueden comunicarse con la Direcci\u00f3n de Desarrollo Sustentable de la Secretar\u00eda de Desarrollo Econ\u00f3mico al tel\u00e9fono 412600, escribir al correo electr\u00f3nico gestionambiental@olavarria.gov.ar, o bien, seguir las redes sociales: giro.olavarria y desarrollosustentableolavarria.<\/p>\n","protected":false},"excerpt":{"rendered":"<p>Actividades territoriales del programa GIRO en el mes del reciclaje, durante mayo \u00a0y con motivo&#8230;<\/p>\n","protected":false},"author":1,"featured_media":156927,"comment_status":"closed","ping_status":"closed","sticky":false,"template":"","format":"standard","meta":{"content-type":""},"categories":[27],"tags":[],"nelio_content":{"isAutoShareEnabled":false,"autoShareEndMode":"default","automationSources":{"useContentSentences":true,"useSocialTemplates":true,"useCustomSentences":false,"customSentences":[]},"followers":[1],"suggestedReferences":[],"includedReferences":[],"efiUrl":"","efiAlt":"","highlights":[]},"yoast_head":"<!-- This site is optimized with the Yoast SEO plugin v20.7 - https:\/\/yoast.com\/wordpress\/plugins\/seo\/ -->\n<title>Actividades territoriales del programa GIRO en el mes del reciclaje<\/title>\n<meta name=\"description\" content=\"Actividades territoriales del programa GIRO en el mes del reciclaje, durante mayo \u00a0y con motivo del Mes del Reciclaje\" \/>\n<meta name=\"robots\" content=\"index, follow, max-snippet:-1, max-image-preview:large, max-video-preview:-1\" \/>\n<link rel=\"canonical\" href=\"https:\/\/experienciadevida.com.ar\/portalurbano\/actividades-territoriales-del-programa-giro-en-el-mes-del-reciclaje\/\" \/>\n<meta property=\"og:locale\" content=\"es_ES\" \/>\n<meta property=\"og:type\" content=\"article\" \/>\n<meta property=\"og:title\" content=\"Actividades territoriales del programa GIRO en el mes del reciclaje\" \/>\n<meta property=\"og:description\" content=\"Actividades territoriales del programa GIRO en el mes del reciclaje, durante mayo \u00a0y con motivo del Mes del Reciclaje\" \/>\n<meta property=\"og:url\" content=\"https:\/\/experienciadevida.com.ar\/portalurbano\/actividades-territoriales-del-programa-giro-en-el-mes-del-reciclaje\/\" \/>\n<meta property=\"article:publisher\" content=\"https:\/\/www.facebook.com\/Portal-Urbano-171542830093757\/\" \/>\n<meta property=\"article:published_time\" content=\"2022-06-08T22:37:46+00:00\" \/>\n<meta property=\"article:modified_time\" content=\"2022-06-08T22:39:15+00:00\" \/>\n<meta property=\"og:image\" content=\"https:\/\/experienciadevida.com.ar\/portalurbano\/wp-content\/uploads\/2021\/11\/El-equipo-de-GIRO.jpg\" \/>\n\t<meta property=\"og:image:width\" content=\"564\" \/>\n\t<meta property=\"og:image:height\" content=\"372\" \/>\n\t<meta property=\"og:image:type\" content=\"image\/jpeg\" \/>\n<meta name=\"author\" content=\"admpu17wp\" \/>\n<meta name=\"twitter:card\" content=\"summary_large_image\" \/>\n<meta name=\"twitter:creator\" content=\"@portalurbanook\" \/>\n<meta name=\"twitter:site\" content=\"@portalurbanook\" \/>\n<meta name=\"twitter:label1\" content=\"Escrito por\" \/>\n\t<meta name=\"twitter:data1\" content=\"admpu17wp\" \/>\n\t<meta name=\"twitter:label2\" content=\"Tiempo de lectura\" \/>\n\t<meta name=\"twitter:data2\" content=\"3 minutos\" \/>\n<script type=\"application\/ld+json\" class=\"yoast-schema-graph\">{\"@context\":\"https:\/\/schema.org\",\"@graph\":[{\"@type\":\"Article\",\"@id\":\"https:\/\/experienciadevida.com.ar\/portalurbano\/actividades-territoriales-del-programa-giro-en-el-mes-del-reciclaje\/#article\",\"isPartOf\":{\"@id\":\"https:\/\/experienciadevida.com.ar\/portalurbano\/actividades-territoriales-del-programa-giro-en-el-mes-del-reciclaje\/\"},\"author\":{\"name\":\"admpu17wp\",\"@id\":\"https:\/\/experienciadevida.com.ar\/portalurbano\/#\/schema\/person\/02dd326b1c4b056e9cc972486934a3a7\"},\"headline\":\"Actividades territoriales del programa GIRO en el mes del reciclaje\",\"datePublished\":\"2022-06-08T22:37:46+00:00\",\"dateModified\":\"2022-06-08T22:39:15+00:00\",\"mainEntityOfPage\":{\"@id\":\"https:\/\/experienciadevida.com.ar\/portalurbano\/actividades-territoriales-del-programa-giro-en-el-mes-del-reciclaje\/\"},\"wordCount\":473,\"publisher\":{\"@id\":\"https:\/\/experienciadevida.com.ar\/portalurbano\/#organization\"},\"articleSection\":[\"Ciudad\"],\"inLanguage\":\"es\"},{\"@type\":\"WebPage\",\"@id\":\"https:\/\/experienciadevida.com.ar\/portalurbano\/actividades-territoriales-del-programa-giro-en-el-mes-del-reciclaje\/\",\"url\":\"https:\/\/experienciadevida.com.ar\/portalurbano\/actividades-territoriales-del-programa-giro-en-el-mes-del-reciclaje\/\",\"name\":\"Actividades territoriales del programa GIRO en el mes del reciclaje\",\"isPartOf\":{\"@id\":\"https:\/\/experienciadevida.com.ar\/portalurbano\/#website\"},\"datePublished\":\"2022-06-08T22:37:46+00:00\",\"dateModified\":\"2022-06-08T22:39:15+00:00\",\"description\":\"Actividades territoriales del programa GIRO en el mes del reciclaje, durante mayo \u00a0y con motivo del Mes del Reciclaje\",\"breadcrumb\":{\"@id\":\"https:\/\/experienciadevida.com.ar\/portalurbano\/actividades-territoriales-del-programa-giro-en-el-mes-del-reciclaje\/#breadcrumb\"},\"inLanguage\":\"es\",\"potentialAction\":[{\"@type\":\"ReadAction\",\"target\":[\"https:\/\/experienciadevida.com.ar\/portalurbano\/actividades-territoriales-del-programa-giro-en-el-mes-del-reciclaje\/\"]}]},{\"@type\":\"BreadcrumbList\",\"@id\":\"https:\/\/experienciadevida.com.ar\/portalurbano\/actividades-territoriales-del-programa-giro-en-el-mes-del-reciclaje\/#breadcrumb\",\"itemListElement\":[{\"@type\":\"ListItem\",\"position\":1,\"name\":\"Portada\",\"item\":\"https:\/\/experienciadevida.com.ar\/portalurbano\/\"},{\"@type\":\"ListItem\",\"position\":2,\"name\":\"Actividades territoriales del programa GIRO en el mes del reciclaje\"}]},{\"@type\":\"WebSite\",\"@id\":\"https:\/\/experienciadevida.com.ar\/portalurbano\/#website\",\"url\":\"https:\/\/experienciadevida.com.ar\/portalurbano\/\",\"name\":\"\",\"description\":\"\",\"publisher\":{\"@id\":\"https:\/\/experienciadevida.com.ar\/portalurbano\/#organization\"},\"potentialAction\":[{\"@type\":\"SearchAction\",\"target\":{\"@type\":\"EntryPoint\",\"urlTemplate\":\"https:\/\/experienciadevida.com.ar\/portalurbano\/?s={search_term_string}\"},\"query-input\":\"required name=search_term_string\"}],\"inLanguage\":\"es\"},{\"@type\":\"Organization\",\"@id\":\"https:\/\/experienciadevida.com.ar\/portalurbano\/#organization\",\"name\":\"Portal Urbano\",\"url\":\"https:\/\/experienciadevida.com.ar\/portalurbano\/\",\"logo\":{\"@type\":\"ImageObject\",\"inLanguage\":\"es\",\"@id\":\"https:\/\/experienciadevida.com.ar\/portalurbano\/#\/schema\/logo\/image\/\",\"url\":\"https:\/\/experienciadevida.com.ar\/portalurbano\/wp-content\/uploads\/2019\/09\/Logo-Original.png\",\"contentUrl\":\"https:\/\/experienciadevida.com.ar\/portalurbano\/wp-content\/uploads\/2019\/09\/Logo-Original.png\",\"width\":2236,\"height\":1216,\"caption\":\"Portal Urbano\"},\"image\":{\"@id\":\"https:\/\/experienciadevida.com.ar\/portalurbano\/#\/schema\/logo\/image\/\"},\"sameAs\":[\"https:\/\/www.facebook.com\/Portal-Urbano-171542830093757\/\",\"https:\/\/twitter.com\/portalurbanook\",\"https:\/\/www.instagram.com\/_portalurbano\/\",\"https:\/\/www.youtube.com\/channel\/UCXhagIfszH8KxFiOok79zbA?view_as=subscriber\"]},{\"@type\":\"Person\",\"@id\":\"https:\/\/experienciadevida.com.ar\/portalurbano\/#\/schema\/person\/02dd326b1c4b056e9cc972486934a3a7\",\"name\":\"admpu17wp\",\"image\":{\"@type\":\"ImageObject\",\"inLanguage\":\"es\",\"@id\":\"https:\/\/experienciadevida.com.ar\/portalurbano\/#\/schema\/person\/image\/\",\"url\":\"https:\/\/secure.gravatar.com\/avatar\/830d4c57adaae6630765e449a6908047?s=96&d=mm&r=g\",\"contentUrl\":\"https:\/\/secure.gravatar.com\/avatar\/830d4c57adaae6630765e449a6908047?s=96&d=mm&r=g\",\"caption\":\"admpu17wp\"}}]}<\/script>\n<!-- \/ Yoast SEO plugin. -->","yoast_head_json":{"title":"Actividades territoriales del programa GIRO en el mes del reciclaje","description":"Actividades territoriales del programa GIRO en el mes del reciclaje, durante mayo \u00a0y con motivo del Mes del Reciclaje","robots":{"index":"index","follow":"follow","max-snippet":"max-snippet:-1","max-image-preview":"max-image-preview:large","max-video-preview":"max-video-preview:-1"},"canonical":"https:\/\/experienciadevida.com.ar\/portalurbano\/actividades-territoriales-del-programa-giro-en-el-mes-del-reciclaje\/","og_locale":"es_ES","og_type":"article","og_title":"Actividades territoriales del programa GIRO en el mes del reciclaje","og_description":"Actividades territoriales del programa GIRO en el mes del reciclaje, durante mayo \u00a0y con motivo del Mes del Reciclaje","og_url":"https:\/\/experienciadevida.com.ar\/portalurbano\/actividades-territoriales-del-programa-giro-en-el-mes-del-reciclaje\/","article_publisher":"https:\/\/www.facebook.com\/Portal-Urbano-171542830093757\/","article_published_time":"2022-06-08T22:37:46+00:00","article_modified_time":"2022-06-08T22:39:15+00:00","og_image":[{"width":564,"height":372,"url":"https:\/\/experienciadevida.com.ar\/portalurbano\/wp-content\/uploads\/2021\/11\/El-equipo-de-GIRO.jpg","type":"image\/jpeg"}],"author":"admpu17wp","twitter_card":"summary_large_image","twitter_creator":"@portalurbanook","twitter_site":"@portalurbanook","twitter_misc":{"Escrito por":"admpu17wp","Tiempo de lectura":"3 minutos"},"schema":{"@context":"https:\/\/schema.org","@graph":[{"@type":"Article","@id":"https:\/\/experienciadevida.com.ar\/portalurbano\/actividades-territoriales-del-programa-giro-en-el-mes-del-reciclaje\/#article","isPartOf":{"@id":"https:\/\/experienciadevida.com.ar\/portalurbano\/actividades-territoriales-del-programa-giro-en-el-mes-del-reciclaje\/"},"author":{"name":"admpu17wp","@id":"https:\/\/experienciadevida.com.ar\/portalurbano\/#\/schema\/person\/02dd326b1c4b056e9cc972486934a3a7"},"headline":"Actividades territoriales del programa GIRO en el mes del reciclaje","datePublished":"2022-06-08T22:37:46+00:00","dateModified":"2022-06-08T22:39:15+00:00","mainEntityOfPage":{"@id":"https:\/\/experienciadevida.com.ar\/portalurbano\/actividades-territoriales-del-programa-giro-en-el-mes-del-reciclaje\/"},"wordCount":473,"publisher":{"@id":"https:\/\/experienciadevida.com.ar\/portalurbano\/#organization"},"articleSection":["Ciudad"],"inLanguage":"es"},{"@type":"WebPage","@id":"https:\/\/experienciadevida.com.ar\/portalurbano\/actividades-territoriales-del-programa-giro-en-el-mes-del-reciclaje\/","url":"https:\/\/experienciadevida.com.ar\/portalurbano\/actividades-territoriales-del-programa-giro-en-el-mes-del-reciclaje\/","name":"Actividades territoriales del programa GIRO en el mes del reciclaje","isPartOf":{"@id":"https:\/\/experienciadevida.com.ar\/portalurbano\/#website"},"datePublished":"2022-06-08T22:37:46+00:00","dateModified":"2022-06-08T22:39:15+00:00","description":"Actividades territoriales del programa GIRO en el mes del reciclaje, durante mayo \u00a0y con motivo del Mes del Reciclaje","breadcrumb":{"@id":"https:\/\/experienciadevida.com.ar\/portalurbano\/actividades-territoriales-del-programa-giro-en-el-mes-del-reciclaje\/#breadcrumb"},"inLanguage":"es","potentialAction":[{"@type":"ReadAction","target":["https:\/\/experienciadevida.com.ar\/portalurbano\/actividades-territoriales-del-programa-giro-en-el-mes-del-reciclaje\/"]}]},{"@type":"BreadcrumbList","@id":"https:\/\/experienciadevida.com.ar\/portalurbano\/actividades-territoriales-del-programa-giro-en-el-mes-del-reciclaje\/#breadcrumb","itemListElement":[{"@type":"ListItem","position":1,"name":"Portada","item":"https:\/\/experienciadevida.com.ar\/portalurbano\/"},{"@type":"ListItem","position":2,"name":"Actividades territoriales del programa GIRO en el mes del reciclaje"}]},{"@type":"WebSite","@id":"https:\/\/experienciadevida.com.ar\/portalurbano\/#website","url":"https:\/\/experienciadevida.com.ar\/portalurbano\/","name":"","description":"","publisher":{"@id":"https:\/\/experienciadevida.com.ar\/portalurbano\/#organization"},"potentialAction":[{"@type":"SearchAction","target":{"@type":"EntryPoint","urlTemplate":"https:\/\/experienciadevida.com.ar\/portalurbano\/?s={search_term_string}"},"query-input":"required name=search_term_string"}],"inLanguage":"es"},{"@type":"Organization","@id":"https:\/\/experienciadevida.com.ar\/portalurbano\/#organization","name":"Portal Urbano","url":"https:\/\/experienciadevida.com.ar\/portalurbano\/","logo":{"@type":"ImageObject","inLanguage":"es","@id":"https:\/\/experienciadevida.com.ar\/portalurbano\/#\/schema\/logo\/image\/","url":"https:\/\/experienciadevida.com.ar\/portalurbano\/wp-content\/uploads\/2019\/09\/Logo-Original.png","contentUrl":"https:\/\/experienciadevida.com.ar\/portalurbano\/wp-content\/uploads\/2019\/09\/Logo-Original.png","width":2236,"height":1216,"caption":"Portal Urbano"},"image":{"@id":"https:\/\/experienciadevida.com.ar\/portalurbano\/#\/schema\/logo\/image\/"},"sameAs":["https:\/\/www.facebook.com\/Portal-Urbano-171542830093757\/","https:\/\/twitter.com\/portalurbanook","https:\/\/www.instagram.com\/_portalurbano\/","https:\/\/www.youtube.com\/channel\/UCXhagIfszH8KxFiOok79zbA?view_as=subscriber"]},{"@type":"Person","@id":"https:\/\/experienciadevida.com.ar\/portalurbano\/#\/schema\/person\/02dd326b1c4b056e9cc972486934a3a7","name":"admpu17wp","image":{"@type":"ImageObject","inLanguage":"es","@id":"https:\/\/experienciadevida.com.ar\/portalurbano\/#\/schema\/person\/image\/","url":"https:\/\/secure.gravatar.com\/avatar\/830d4c57adaae6630765e449a6908047?s=96&d=mm&r=g","contentUrl":"https:\/\/secure.gravatar.com\/avatar\/830d4c57adaae6630765e449a6908047?s=96&d=mm&r=g","caption":"admpu17wp"}}]}},"featured_image_urls":{"full":["https:\/\/experienciadevida.com.ar\/portalurbano\/wp-content\/uploads\/2021\/11\/El-equipo-de-GIRO.jpg",564,372,false],"thumbnail":["https:\/\/experienciadevida.com.ar\/portalurbano\/wp-content\/uploads\/2021\/11\/El-equipo-de-GIRO-150x150.jpg",150,150,true],"medium":["https:\/\/experienciadevida.com.ar\/portalurbano\/wp-content\/uploads\/2021\/11\/El-equipo-de-GIRO-300x198.jpg",300,198,true],"medium_large":["https:\/\/experienciadevida.com.ar\/portalurbano\/wp-content\/uploads\/2021\/11\/El-equipo-de-GIRO.jpg",564,372,false],"large":["https:\/\/experienciadevida.com.ar\/portalurbano\/wp-content\/uploads\/2021\/11\/El-equipo-de-GIRO.jpg",564,372,false],"ug_big":["https:\/\/experienciadevida.com.ar\/portalurbano\/wp-content\/uploads\/2021\/11\/El-equipo-de-GIRO.jpg",564,372,false],"1536x1536":["https:\/\/experienciadevida.com.ar\/portalurbano\/wp-content\/uploads\/2021\/11\/El-equipo-de-GIRO.jpg",564,372,false],"2048x2048":["https:\/\/experienciadevida.com.ar\/portalurbano\/wp-content\/uploads\/2021\/11\/El-equipo-de-GIRO.jpg",564,372,false],"newsever-slider-full":["https:\/\/experienciadevida.com.ar\/portalurbano\/wp-content\/uploads\/2021\/11\/El-equipo-de-GIRO.jpg",564,372,false],"newsever-featured":["https:\/\/experienciadevida.com.ar\/portalurbano\/wp-content\/uploads\/2021\/11\/El-equipo-de-GIRO.jpg",564,372,false],"newsever-medium":["https:\/\/experienciadevida.com.ar\/portalurbano\/wp-content\/uploads\/2021\/11\/El-equipo-de-GIRO.jpg",564,372,false],"web-stories-poster-portrait":["https:\/\/experienciadevida.com.ar\/portalurbano\/wp-content\/uploads\/2021\/11\/El-equipo-de-GIRO.jpg",564,372,false],"web-stories-publisher-logo":["https:\/\/experienciadevida.com.ar\/portalurbano\/wp-content\/uploads\/2021\/11\/El-equipo-de-GIRO.jpg",96,63,false],"web-stories-thumbnail":["https:\/\/experienciadevida.com.ar\/portalurbano\/wp-content\/uploads\/2021\/11\/El-equipo-de-GIRO.jpg",150,99,false]},"author_info":{"display_name":"admpu17wp","author_link":"https:\/\/experienciadevida.com.ar\/portalurbano\/author\/admpu17wp\/"},"category_info":"<a href=\"https:\/\/experienciadevida.com.ar\/portalurbano\/category\/ciudad\/\" rel=\"category tag\">Ciudad<\/a>","tag_info":"Ciudad","comment_count":"0","amp_enabled":true,"_links":{"self":[{"href":"https:\/\/experienciadevida.com.ar\/portalurbano\/wp-json\/wp\/v2\/posts\/169239"}],"collection":[{"href":"https:\/\/experienciadevida.com.ar\/portalurbano\/wp-json\/wp\/v2\/posts"}],"about":[{"href":"https:\/\/experienciadevida.com.ar\/portalurbano\/wp-json\/wp\/v2\/types\/post"}],"author":[{"embeddable":true,"href":"https:\/\/experienciadevida.com.ar\/portalurbano\/wp-json\/wp\/v2\/users\/1"}],"replies":[{"embeddable":true,"href":"https:\/\/experienciadevida.com.ar\/portalurbano\/wp-json\/wp\/v2\/comments?post=169239"}],"version-history":[{"count":3,"href":"https:\/\/experienciadevida.com.ar\/portalurbano\/wp-json\/wp\/v2\/posts\/169239\/revisions"}],"predecessor-version":[{"id":169243,"href":"https:\/\/experienciadevida.com.ar\/portalurbano\/wp-json\/wp\/v2\/posts\/169239\/revisions\/169243"}],"wp:featuredmedia":[{"embeddable":true,"href":"https:\/\/experienciadevida.com.ar\/portalurbano\/wp-json\/wp\/v2\/media\/156927"}],"wp:attachment":[{"href":"https:\/\/experienciadevida.com.ar\/portalurbano\/wp-json\/wp\/v2\/media?parent=169239"}],"wp:term":[{"taxonomy":"category","embeddable":true,"href":"https:\/\/experienciadevida.com.ar\/portalurbano\/wp-json\/wp\/v2\/categories?post=169239"},{"taxonomy":"post_tag","embeddable":true,"href":"https:\/\/experienciadevida.com.ar\/portalurbano\/wp-json\/wp\/v2\/tags?post=169239"}],"curies":[{"name":"wp","href":"https:\/\/api.w.org\/{rel}","templated":true}]}}