{"id":169206,"date":"2022-06-08T16:08:18","date_gmt":"2022-06-08T19:08:18","guid":{"rendered":"https:\/\/experienciadevida.com.ar\/portalurbano\/?p=169206"},"modified":"2022-06-08T16:08:46","modified_gmt":"2022-06-08T19:08:46","slug":"olivia-orsatti-del-periodismo-de-agenda-a-la-comunicacion-institucional-fio","status":"publish","type":"post","link":"https:\/\/experienciadevida.com.ar\/portalurbano\/olivia-orsatti-del-periodismo-de-agenda-a-la-comunicacion-institucional-fio\/","title":{"rendered":"Olivia Orsatti: del periodismo de agenda a la comunicaci\u00f3n institucional FIO"},"content":{"rendered":"<p>Olivia <a href=\"https:\/\/www.facebook.com\/FIO.UNICEN\">Orsatti<\/a>: del periodismo de agenda a la comunicaci\u00f3n institucional FIO, el 7 de junio de 1810 Mariano Moreno publicaba el primer n\u00famero de la Gazeta de Buenos Ayres, inaugurando as\u00ed la presencia del periodismo criollo. En 1939, el Congreso Nacional de periodistas decidi\u00f3 instalar aquella fecha como el D\u00eda del periodista, para honrar a quienes ejercen la profesi\u00f3n en el pa\u00eds.<\/p>\n<p>En la FIO, Olivia Orsatti exhibe ya un extenso recorrido en la comunicaci\u00f3n institucional. Su esp\u00edritu inquieto y su capacidad para vincularse la han convertido en una referente de la din\u00e1mica cotidiana.<\/p>\n<p>Periodista por alma y por formaci\u00f3n, cambia los roles y es ahora ella quien responde a las preguntas.<\/p>\n<p><strong>\u00bfC\u00f3mo se da tu llegada a la Facultad de Ingenier\u00eda?<\/strong><\/p>\n<p>S\u00ed. Infoeme cambi\u00f3 de firma, y yo la Licenciatura la termin\u00e9 ahora, 15 a\u00f1os despu\u00e9s de haber arrancado. Y en medio de esto estudi\u00e9 la carrera de Periodismo, siempre en la Facultad de Ciencias Sociales de la UNICEN, desde 2016 al 2020.<\/p>\n<p><strong>Ven\u00edas de una formaci\u00f3n acad\u00e9mica en ciencias sociales y de trabajar en el \u00e1mbito privado. \u00bfCu\u00e1les fueron tus primeras sensaciones al llegar a la Facultad de Ingenier\u00eda?<\/strong><\/p>\n<p>Yo no conoc\u00eda nada del circuito acad\u00e9mico y cient\u00edfico, eso lo conoc\u00ed ac\u00e1. Cuando hago mi trabajo final en Periodismo lo oriento en Periodismo cient\u00edfico porque me serv\u00ed de la experiencia recogida ac\u00e1. Pero al llegar desconoc\u00eda totalmente c\u00f3mo funcionaban los n\u00facleos de investigaci\u00f3n, c\u00f3mo el CONICET trabaja con las universidades nacionales. No sab\u00eda qu\u00e9 hac\u00edan los docentes, para m\u00ed eran solo docentes, no sab\u00eda que se desarrollaban en investigaci\u00f3n, por ejemplo. Y es lo que pasa ac\u00e1, los ten\u00e9s en el laboratorio. Eso es algo que no se ve. Si nadie lo comunica no se ve. Entonces fue empezar a conocer c\u00f3mo funciona la din\u00e1mica de construcci\u00f3n del conocimiento cient\u00edfico en una universidad p\u00fablica.<\/p>\n<p><strong>Y ahora que te has convertido en una agente m\u00e1s de la FIO, \u00bfc\u00f3mo percib\u00eds la instituci\u00f3n hoy?<\/strong><\/p>\n<p>Olivia Orsatti dijo creo que es una de las pocas unidades acad\u00e9micas que tiene un equipo de comunicaci\u00f3n s\u00f3lido con proyecciones en el tiempo. Se maneja con planificaciones estrat\u00e9gicas, hay una l\u00ednea comunicacional que se sigue. Para m\u00ed est\u00e1 muy bien. Tenemos equipamiento, c\u00e1mara, grabadores, producimos comunicaci\u00f3n audiovisual, colaboraciones en radio, redes. Creo que hoy estamos muy a la altura de cualquier equipo de comunicaci\u00f3n en otra instituci\u00f3n.<\/p>\n<p><strong>Llegabas desde el periodismo independiente y de pronto pasaste a moverte dentro de la comunicaci\u00f3n institucional. \u00bfQu\u00e9 cosas cambiaron en tu din\u00e1mica laboral?<\/strong><\/p>\n<p>En principio cambia completamente la agenda. En el periodismo la agenda te la marca lo que va sucediendo en el d\u00eda a d\u00eda, en la agenda p\u00fablica, en lo que le sucede a las personas en la realidad diaria. Juega lo impredecible de las cuestiones sociales, pol\u00edticas que surgen, y te cambian el panorama de una hora para otra. Fijate que aparece un nieto en Olavarr\u00eda y autom\u00e1ticamente la agenda del d\u00eda cambi\u00f3 por completo, y por las pr\u00f3ximas semanas. En cambio la comunicaci\u00f3n institucional es much\u00edsimo m\u00e1s proyectable, porque uno sale a colectar la informaci\u00f3n acerca de qu\u00e9 se est\u00e1 trabajando institucionalmente.<\/p>\n<p>En el periodismo del llano las personas necesitan del periodismo para difundir sus problem\u00e1ticas, y ac\u00e1 en realidad la comunicaci\u00f3n institucional es un plus como instituci\u00f3n pero no es un requisito. De hecho, hay unidades acad\u00e9micas que funcionan sin comunicaci\u00f3n institucional. En ese panorama, la gente es m\u00e1s reacia a comunicar lo que hace porque ni siquiera es requisito de sus puestos laborales. Los agentes universitarios, los cient\u00edficos, no cobran por comunicar ciencia: cobran por construirla. Eso es lo m\u00e1s dif\u00edcil, que te cuenten lo que hacen.<\/p>\n<p><strong>Tu actividad te permite intercambiar mucho con la gente, meterte en los rincones de la instituci\u00f3n. \u00bfRecord\u00e1s alg\u00fan momento especialmente?<\/strong><\/p>\n<p>Olivia Orsatti expres\u00f3,\u00a0 en una \u00e9poca ni bien entr\u00e9 a trabajar en 2014, la gesti\u00f3n hab\u00eda organizado jornadas que ten\u00edan que ver con reforzar los v\u00ednculos entre docentes y nodocentes. La FIO siempre tuvo mucho de esto de las jornadas internas, contar lo que hace el otro. Eso me parece que es una din\u00e1mica que est\u00e1 muy piola y recuerdo que me llam\u00f3 la atenci\u00f3n, no lo hab\u00eda visto en otro lado. Se taraba de la sociabilizaci\u00f3n de las cuestiones que hay hacia el interior. Despu\u00e9s nosotros como \u00c1rea nos ocuparemos de ver c\u00f3mo se clasifica eso, que queda circulando al interior y qu\u00e9 para afuera. Eso me pareci\u00f3 bueno porque es un grupo grande de gente, trabajamos con mucha gente y tenemos que hablar con todas.<\/p>\n<p><strong>En tu trayectoria se observa que en la FIO has podido desarrollar actividades paralelas a tu rol espec\u00edfico del puesto, que se vinculan con afinidades tem\u00e1ticas, defensa de causas colectivas, por ejemplo. \u00bfEsto lo propici\u00f3 la Facultad o ven\u00edas haci\u00e9ndolo desde antes?<\/strong><\/p>\n<p>Un poco y un poco. En principio tuve suerte porque cuando yo vine ac\u00e1 ya hab\u00eda un equipo de comunicaci\u00f3n formado y adem\u00e1s eran nodocentes de comunicaci\u00f3n. Era rar\u00edsimo, hasta que termin\u00e1s de entender cu\u00e1l es la tarea nodocente. Desde ese lugar, de la interacci\u00f3n con compa\u00f1eres, s\u00ed se me ampli\u00f3 un poco m\u00e1s el panorama de qu\u00e9 es lo que un agente nodocente significa dentro de la universidad. Hoy, si me pregunt\u00e1s ocho a\u00f1os despu\u00e9s de haber entrado, me siento m\u00e1s nocente que trabajadora de comunicaci\u00f3n. Y en ese rol nodocente s\u00ed aprovecho para trabajar en todos los temas que me convocan a nivel personal. Que son el g\u00e9nero, la diversidad, los derechos humanos, particip\u00e9 un tiempito en el proyecto de \u201cUniversidad y Cannabis\u201d&#8230;<\/p>\n<p><strong>Bueno, tambi\u00e9n represent\u00e1s al colectivo del sector nodocente\u2026<\/strong><\/p>\n<p>Claro, despu\u00e9s tuve la suerte de que ese trabajito se vio reflejado en lo colectivo, y mis compa\u00f1eres me eligieron para que los represente como delegada, con Laura \u00c1lvarez que es nodocente de Mesa de informes. S\u00ed me parece que es un terreno h\u00edper f\u00e9rtil para poder trabajar no solo dentro del claustro sino con estudiantes, docentes, graduades. La universidad tiene un mont\u00f3n de herramientas para explorar eso.<\/p>\n<p><strong>\u00bfTe segu\u00eds sintiendo periodista?<\/strong><\/p>\n<p>S\u00ed s\u00ed, soy periodista. No lo elijo para ejercerlo hoy, pero soy periodista.<\/p>\n","protected":false},"excerpt":{"rendered":"<p>Olivia Orsatti: del periodismo de agenda a la comunicaci\u00f3n institucional FIO, el 7 de junio&#8230;<\/p>\n","protected":false},"author":1,"featured_media":169207,"comment_status":"closed","ping_status":"closed","sticky":false,"template":"","format":"standard","meta":{"content-type":""},"categories":[27],"tags":[],"nelio_content":{"isAutoShareEnabled":false,"autoShareEndMode":"default","automationSources":{"useContentSentences":true,"useSocialTemplates":true,"useCustomSentences":false,"customSentences":[]},"followers":[1],"suggestedReferences":[],"includedReferences":[],"efiUrl":"","efiAlt":"","highlights":[]},"yoast_head":"<!-- This site is optimized with the Yoast SEO plugin v20.7 - https:\/\/yoast.com\/wordpress\/plugins\/seo\/ -->\n<title>Olivia Orsatti: del periodismo de agenda a la comunicaci\u00f3n institucional<\/title>\n<meta name=\"description\" content=\"Olivia Orsatti: del periodismo de agenda a la comunicaci\u00f3n institucional FIO, exhibe ya un extenso recorrido en la comunicaci\u00f3n institucional\" \/>\n<meta name=\"robots\" content=\"index, follow, max-snippet:-1, max-image-preview:large, max-video-preview:-1\" \/>\n<link rel=\"canonical\" href=\"https:\/\/experienciadevida.com.ar\/portalurbano\/olivia-orsatti-del-periodismo-de-agenda-a-la-comunicacion-institucional-fio\/\" \/>\n<meta property=\"og:locale\" content=\"es_ES\" \/>\n<meta property=\"og:type\" content=\"article\" \/>\n<meta property=\"og:title\" content=\"Olivia Orsatti: del periodismo de agenda a la comunicaci\u00f3n institucional\" \/>\n<meta property=\"og:description\" content=\"Olivia Orsatti: del periodismo de agenda a la comunicaci\u00f3n institucional FIO, exhibe ya un extenso recorrido en la comunicaci\u00f3n institucional\" \/>\n<meta property=\"og:url\" content=\"https:\/\/experienciadevida.com.ar\/portalurbano\/olivia-orsatti-del-periodismo-de-agenda-a-la-comunicacion-institucional-fio\/\" \/>\n<meta property=\"article:publisher\" content=\"https:\/\/www.facebook.com\/Portal-Urbano-171542830093757\/\" \/>\n<meta property=\"article:published_time\" content=\"2022-06-08T19:08:18+00:00\" \/>\n<meta property=\"article:modified_time\" content=\"2022-06-08T19:08:46+00:00\" \/>\n<meta property=\"og:image\" content=\"https:\/\/experienciadevida.com.ar\/portalurbano\/wp-content\/uploads\/2022\/06\/Olivia-Orsatti.jpg\" \/>\n\t<meta property=\"og:image:width\" content=\"1000\" \/>\n\t<meta property=\"og:image:height\" content=\"621\" \/>\n\t<meta property=\"og:image:type\" content=\"image\/jpeg\" \/>\n<meta name=\"author\" content=\"admpu17wp\" \/>\n<meta name=\"twitter:card\" content=\"summary_large_image\" \/>\n<meta name=\"twitter:creator\" content=\"@portalurbanook\" \/>\n<meta name=\"twitter:site\" content=\"@portalurbanook\" \/>\n<meta name=\"twitter:label1\" content=\"Escrito por\" \/>\n\t<meta name=\"twitter:data1\" content=\"admpu17wp\" \/>\n\t<meta name=\"twitter:label2\" content=\"Tiempo de lectura\" \/>\n\t<meta name=\"twitter:data2\" content=\"5 minutos\" \/>\n<script type=\"application\/ld+json\" class=\"yoast-schema-graph\">{\"@context\":\"https:\/\/schema.org\",\"@graph\":[{\"@type\":\"Article\",\"@id\":\"https:\/\/experienciadevida.com.ar\/portalurbano\/olivia-orsatti-del-periodismo-de-agenda-a-la-comunicacion-institucional-fio\/#article\",\"isPartOf\":{\"@id\":\"https:\/\/experienciadevida.com.ar\/portalurbano\/olivia-orsatti-del-periodismo-de-agenda-a-la-comunicacion-institucional-fio\/\"},\"author\":{\"name\":\"admpu17wp\",\"@id\":\"https:\/\/experienciadevida.com.ar\/portalurbano\/#\/schema\/person\/02dd326b1c4b056e9cc972486934a3a7\"},\"headline\":\"Olivia Orsatti: del periodismo de agenda a la comunicaci\u00f3n institucional FIO\",\"datePublished\":\"2022-06-08T19:08:18+00:00\",\"dateModified\":\"2022-06-08T19:08:46+00:00\",\"mainEntityOfPage\":{\"@id\":\"https:\/\/experienciadevida.com.ar\/portalurbano\/olivia-orsatti-del-periodismo-de-agenda-a-la-comunicacion-institucional-fio\/\"},\"wordCount\":1131,\"publisher\":{\"@id\":\"https:\/\/experienciadevida.com.ar\/portalurbano\/#organization\"},\"articleSection\":[\"Ciudad\"],\"inLanguage\":\"es\"},{\"@type\":\"WebPage\",\"@id\":\"https:\/\/experienciadevida.com.ar\/portalurbano\/olivia-orsatti-del-periodismo-de-agenda-a-la-comunicacion-institucional-fio\/\",\"url\":\"https:\/\/experienciadevida.com.ar\/portalurbano\/olivia-orsatti-del-periodismo-de-agenda-a-la-comunicacion-institucional-fio\/\",\"name\":\"Olivia Orsatti: del periodismo de agenda a la comunicaci\u00f3n institucional\",\"isPartOf\":{\"@id\":\"https:\/\/experienciadevida.com.ar\/portalurbano\/#website\"},\"datePublished\":\"2022-06-08T19:08:18+00:00\",\"dateModified\":\"2022-06-08T19:08:46+00:00\",\"description\":\"Olivia Orsatti: del periodismo de agenda a la comunicaci\u00f3n institucional FIO, exhibe ya un extenso recorrido en la comunicaci\u00f3n institucional\",\"breadcrumb\":{\"@id\":\"https:\/\/experienciadevida.com.ar\/portalurbano\/olivia-orsatti-del-periodismo-de-agenda-a-la-comunicacion-institucional-fio\/#breadcrumb\"},\"inLanguage\":\"es\",\"potentialAction\":[{\"@type\":\"ReadAction\",\"target\":[\"https:\/\/experienciadevida.com.ar\/portalurbano\/olivia-orsatti-del-periodismo-de-agenda-a-la-comunicacion-institucional-fio\/\"]}]},{\"@type\":\"BreadcrumbList\",\"@id\":\"https:\/\/experienciadevida.com.ar\/portalurbano\/olivia-orsatti-del-periodismo-de-agenda-a-la-comunicacion-institucional-fio\/#breadcrumb\",\"itemListElement\":[{\"@type\":\"ListItem\",\"position\":1,\"name\":\"Portada\",\"item\":\"https:\/\/experienciadevida.com.ar\/portalurbano\/\"},{\"@type\":\"ListItem\",\"position\":2,\"name\":\"Olivia Orsatti: del periodismo de agenda a la comunicaci\u00f3n institucional FIO\"}]},{\"@type\":\"WebSite\",\"@id\":\"https:\/\/experienciadevida.com.ar\/portalurbano\/#website\",\"url\":\"https:\/\/experienciadevida.com.ar\/portalurbano\/\",\"name\":\"\",\"description\":\"\",\"publisher\":{\"@id\":\"https:\/\/experienciadevida.com.ar\/portalurbano\/#organization\"},\"potentialAction\":[{\"@type\":\"SearchAction\",\"target\":{\"@type\":\"EntryPoint\",\"urlTemplate\":\"https:\/\/experienciadevida.com.ar\/portalurbano\/?s={search_term_string}\"},\"query-input\":\"required name=search_term_string\"}],\"inLanguage\":\"es\"},{\"@type\":\"Organization\",\"@id\":\"https:\/\/experienciadevida.com.ar\/portalurbano\/#organization\",\"name\":\"Portal Urbano\",\"url\":\"https:\/\/experienciadevida.com.ar\/portalurbano\/\",\"logo\":{\"@type\":\"ImageObject\",\"inLanguage\":\"es\",\"@id\":\"https:\/\/experienciadevida.com.ar\/portalurbano\/#\/schema\/logo\/image\/\",\"url\":\"https:\/\/experienciadevida.com.ar\/portalurbano\/wp-content\/uploads\/2019\/09\/Logo-Original.png\",\"contentUrl\":\"https:\/\/experienciadevida.com.ar\/portalurbano\/wp-content\/uploads\/2019\/09\/Logo-Original.png\",\"width\":2236,\"height\":1216,\"caption\":\"Portal Urbano\"},\"image\":{\"@id\":\"https:\/\/experienciadevida.com.ar\/portalurbano\/#\/schema\/logo\/image\/\"},\"sameAs\":[\"https:\/\/www.facebook.com\/Portal-Urbano-171542830093757\/\",\"https:\/\/twitter.com\/portalurbanook\",\"https:\/\/www.instagram.com\/_portalurbano\/\",\"https:\/\/www.youtube.com\/channel\/UCXhagIfszH8KxFiOok79zbA?view_as=subscriber\"]},{\"@type\":\"Person\",\"@id\":\"https:\/\/experienciadevida.com.ar\/portalurbano\/#\/schema\/person\/02dd326b1c4b056e9cc972486934a3a7\",\"name\":\"admpu17wp\",\"image\":{\"@type\":\"ImageObject\",\"inLanguage\":\"es\",\"@id\":\"https:\/\/experienciadevida.com.ar\/portalurbano\/#\/schema\/person\/image\/\",\"url\":\"https:\/\/secure.gravatar.com\/avatar\/830d4c57adaae6630765e449a6908047?s=96&d=mm&r=g\",\"contentUrl\":\"https:\/\/secure.gravatar.com\/avatar\/830d4c57adaae6630765e449a6908047?s=96&d=mm&r=g\",\"caption\":\"admpu17wp\"}}]}<\/script>\n<!-- \/ Yoast SEO plugin. -->","yoast_head_json":{"title":"Olivia Orsatti: del periodismo de agenda a la comunicaci\u00f3n institucional","description":"Olivia Orsatti: del periodismo de agenda a la comunicaci\u00f3n institucional FIO, exhibe ya un extenso recorrido en la comunicaci\u00f3n institucional","robots":{"index":"index","follow":"follow","max-snippet":"max-snippet:-1","max-image-preview":"max-image-preview:large","max-video-preview":"max-video-preview:-1"},"canonical":"https:\/\/experienciadevida.com.ar\/portalurbano\/olivia-orsatti-del-periodismo-de-agenda-a-la-comunicacion-institucional-fio\/","og_locale":"es_ES","og_type":"article","og_title":"Olivia Orsatti: del periodismo de agenda a la comunicaci\u00f3n institucional","og_description":"Olivia Orsatti: del periodismo de agenda a la comunicaci\u00f3n institucional FIO, exhibe ya un extenso recorrido en la comunicaci\u00f3n institucional","og_url":"https:\/\/experienciadevida.com.ar\/portalurbano\/olivia-orsatti-del-periodismo-de-agenda-a-la-comunicacion-institucional-fio\/","article_publisher":"https:\/\/www.facebook.com\/Portal-Urbano-171542830093757\/","article_published_time":"2022-06-08T19:08:18+00:00","article_modified_time":"2022-06-08T19:08:46+00:00","og_image":[{"width":1000,"height":621,"url":"https:\/\/experienciadevida.com.ar\/portalurbano\/wp-content\/uploads\/2022\/06\/Olivia-Orsatti.jpg","type":"image\/jpeg"}],"author":"admpu17wp","twitter_card":"summary_large_image","twitter_creator":"@portalurbanook","twitter_site":"@portalurbanook","twitter_misc":{"Escrito por":"admpu17wp","Tiempo de lectura":"5 minutos"},"schema":{"@context":"https:\/\/schema.org","@graph":[{"@type":"Article","@id":"https:\/\/experienciadevida.com.ar\/portalurbano\/olivia-orsatti-del-periodismo-de-agenda-a-la-comunicacion-institucional-fio\/#article","isPartOf":{"@id":"https:\/\/experienciadevida.com.ar\/portalurbano\/olivia-orsatti-del-periodismo-de-agenda-a-la-comunicacion-institucional-fio\/"},"author":{"name":"admpu17wp","@id":"https:\/\/experienciadevida.com.ar\/portalurbano\/#\/schema\/person\/02dd326b1c4b056e9cc972486934a3a7"},"headline":"Olivia Orsatti: del periodismo de agenda a la comunicaci\u00f3n institucional FIO","datePublished":"2022-06-08T19:08:18+00:00","dateModified":"2022-06-08T19:08:46+00:00","mainEntityOfPage":{"@id":"https:\/\/experienciadevida.com.ar\/portalurbano\/olivia-orsatti-del-periodismo-de-agenda-a-la-comunicacion-institucional-fio\/"},"wordCount":1131,"publisher":{"@id":"https:\/\/experienciadevida.com.ar\/portalurbano\/#organization"},"articleSection":["Ciudad"],"inLanguage":"es"},{"@type":"WebPage","@id":"https:\/\/experienciadevida.com.ar\/portalurbano\/olivia-orsatti-del-periodismo-de-agenda-a-la-comunicacion-institucional-fio\/","url":"https:\/\/experienciadevida.com.ar\/portalurbano\/olivia-orsatti-del-periodismo-de-agenda-a-la-comunicacion-institucional-fio\/","name":"Olivia Orsatti: del periodismo de agenda a la comunicaci\u00f3n institucional","isPartOf":{"@id":"https:\/\/experienciadevida.com.ar\/portalurbano\/#website"},"datePublished":"2022-06-08T19:08:18+00:00","dateModified":"2022-06-08T19:08:46+00:00","description":"Olivia Orsatti: del periodismo de agenda a la comunicaci\u00f3n institucional FIO, exhibe ya un extenso recorrido en la comunicaci\u00f3n institucional","breadcrumb":{"@id":"https:\/\/experienciadevida.com.ar\/portalurbano\/olivia-orsatti-del-periodismo-de-agenda-a-la-comunicacion-institucional-fio\/#breadcrumb"},"inLanguage":"es","potentialAction":[{"@type":"ReadAction","target":["https:\/\/experienciadevida.com.ar\/portalurbano\/olivia-orsatti-del-periodismo-de-agenda-a-la-comunicacion-institucional-fio\/"]}]},{"@type":"BreadcrumbList","@id":"https:\/\/experienciadevida.com.ar\/portalurbano\/olivia-orsatti-del-periodismo-de-agenda-a-la-comunicacion-institucional-fio\/#breadcrumb","itemListElement":[{"@type":"ListItem","position":1,"name":"Portada","item":"https:\/\/experienciadevida.com.ar\/portalurbano\/"},{"@type":"ListItem","position":2,"name":"Olivia Orsatti: del periodismo de agenda a la comunicaci\u00f3n institucional FIO"}]},{"@type":"WebSite","@id":"https:\/\/experienciadevida.com.ar\/portalurbano\/#website","url":"https:\/\/experienciadevida.com.ar\/portalurbano\/","name":"","description":"","publisher":{"@id":"https:\/\/experienciadevida.com.ar\/portalurbano\/#organization"},"potentialAction":[{"@type":"SearchAction","target":{"@type":"EntryPoint","urlTemplate":"https:\/\/experienciadevida.com.ar\/portalurbano\/?s={search_term_string}"},"query-input":"required name=search_term_string"}],"inLanguage":"es"},{"@type":"Organization","@id":"https:\/\/experienciadevida.com.ar\/portalurbano\/#organization","name":"Portal Urbano","url":"https:\/\/experienciadevida.com.ar\/portalurbano\/","logo":{"@type":"ImageObject","inLanguage":"es","@id":"https:\/\/experienciadevida.com.ar\/portalurbano\/#\/schema\/logo\/image\/","url":"https:\/\/experienciadevida.com.ar\/portalurbano\/wp-content\/uploads\/2019\/09\/Logo-Original.png","contentUrl":"https:\/\/experienciadevida.com.ar\/portalurbano\/wp-content\/uploads\/2019\/09\/Logo-Original.png","width":2236,"height":1216,"caption":"Portal Urbano"},"image":{"@id":"https:\/\/experienciadevida.com.ar\/portalurbano\/#\/schema\/logo\/image\/"},"sameAs":["https:\/\/www.facebook.com\/Portal-Urbano-171542830093757\/","https:\/\/twitter.com\/portalurbanook","https:\/\/www.instagram.com\/_portalurbano\/","https:\/\/www.youtube.com\/channel\/UCXhagIfszH8KxFiOok79zbA?view_as=subscriber"]},{"@type":"Person","@id":"https:\/\/experienciadevida.com.ar\/portalurbano\/#\/schema\/person\/02dd326b1c4b056e9cc972486934a3a7","name":"admpu17wp","image":{"@type":"ImageObject","inLanguage":"es","@id":"https:\/\/experienciadevida.com.ar\/portalurbano\/#\/schema\/person\/image\/","url":"https:\/\/secure.gravatar.com\/avatar\/830d4c57adaae6630765e449a6908047?s=96&d=mm&r=g","contentUrl":"https:\/\/secure.gravatar.com\/avatar\/830d4c57adaae6630765e449a6908047?s=96&d=mm&r=g","caption":"admpu17wp"}}]}},"featured_image_urls":{"full":["https:\/\/experienciadevida.com.ar\/portalurbano\/wp-content\/uploads\/2022\/06\/Olivia-Orsatti.jpg",1000,621,false],"thumbnail":["https:\/\/experienciadevida.com.ar\/portalurbano\/wp-content\/uploads\/2022\/06\/Olivia-Orsatti-150x150.jpg",150,150,true],"medium":["https:\/\/experienciadevida.com.ar\/portalurbano\/wp-content\/uploads\/2022\/06\/Olivia-Orsatti-300x186.jpg",300,186,true],"medium_large":["https:\/\/experienciadevida.com.ar\/portalurbano\/wp-content\/uploads\/2022\/06\/Olivia-Orsatti-768x477.jpg",640,398,true],"large":["https:\/\/experienciadevida.com.ar\/portalurbano\/wp-content\/uploads\/2022\/06\/Olivia-Orsatti.jpg",640,397,false],"ug_big":["https:\/\/experienciadevida.com.ar\/portalurbano\/wp-content\/uploads\/2022\/06\/Olivia-Orsatti-768x477.jpg",768,477,true],"1536x1536":["https:\/\/experienciadevida.com.ar\/portalurbano\/wp-content\/uploads\/2022\/06\/Olivia-Orsatti.jpg",1000,621,false],"2048x2048":["https:\/\/experienciadevida.com.ar\/portalurbano\/wp-content\/uploads\/2022\/06\/Olivia-Orsatti.jpg",1000,621,false],"newsever-slider-full":["https:\/\/experienciadevida.com.ar\/portalurbano\/wp-content\/uploads\/2022\/06\/Olivia-Orsatti.jpg",1000,621,false],"newsever-featured":["https:\/\/experienciadevida.com.ar\/portalurbano\/wp-content\/uploads\/2022\/06\/Olivia-Orsatti.jpg",1000,621,false],"newsever-medium":["https:\/\/experienciadevida.com.ar\/portalurbano\/wp-content\/uploads\/2022\/06\/Olivia-Orsatti.jpg",720,447,false],"web-stories-poster-portrait":["https:\/\/experienciadevida.com.ar\/portalurbano\/wp-content\/uploads\/2022\/06\/Olivia-Orsatti.jpg",640,397,false],"web-stories-publisher-logo":["https:\/\/experienciadevida.com.ar\/portalurbano\/wp-content\/uploads\/2022\/06\/Olivia-Orsatti.jpg",96,60,false],"web-stories-thumbnail":["https:\/\/experienciadevida.com.ar\/portalurbano\/wp-content\/uploads\/2022\/06\/Olivia-Orsatti.jpg",150,93,false]},"author_info":{"display_name":"admpu17wp","author_link":"https:\/\/experienciadevida.com.ar\/portalurbano\/author\/admpu17wp\/"},"category_info":"<a href=\"https:\/\/experienciadevida.com.ar\/portalurbano\/category\/ciudad\/\" rel=\"category tag\">Ciudad<\/a>","tag_info":"Ciudad","comment_count":"0","amp_enabled":true,"_links":{"self":[{"href":"https:\/\/experienciadevida.com.ar\/portalurbano\/wp-json\/wp\/v2\/posts\/169206"}],"collection":[{"href":"https:\/\/experienciadevida.com.ar\/portalurbano\/wp-json\/wp\/v2\/posts"}],"about":[{"href":"https:\/\/experienciadevida.com.ar\/portalurbano\/wp-json\/wp\/v2\/types\/post"}],"author":[{"embeddable":true,"href":"https:\/\/experienciadevida.com.ar\/portalurbano\/wp-json\/wp\/v2\/users\/1"}],"replies":[{"embeddable":true,"href":"https:\/\/experienciadevida.com.ar\/portalurbano\/wp-json\/wp\/v2\/comments?post=169206"}],"version-history":[{"count":1,"href":"https:\/\/experienciadevida.com.ar\/portalurbano\/wp-json\/wp\/v2\/posts\/169206\/revisions"}],"predecessor-version":[{"id":169208,"href":"https:\/\/experienciadevida.com.ar\/portalurbano\/wp-json\/wp\/v2\/posts\/169206\/revisions\/169208"}],"wp:featuredmedia":[{"embeddable":true,"href":"https:\/\/experienciadevida.com.ar\/portalurbano\/wp-json\/wp\/v2\/media\/169207"}],"wp:attachment":[{"href":"https:\/\/experienciadevida.com.ar\/portalurbano\/wp-json\/wp\/v2\/media?parent=169206"}],"wp:term":[{"taxonomy":"category","embeddable":true,"href":"https:\/\/experienciadevida.com.ar\/portalurbano\/wp-json\/wp\/v2\/categories?post=169206"},{"taxonomy":"post_tag","embeddable":true,"href":"https:\/\/experienciadevida.com.ar\/portalurbano\/wp-json\/wp\/v2\/tags?post=169206"}],"curies":[{"name":"wp","href":"https:\/\/api.w.org\/{rel}","templated":true}]}}