{"id":169200,"date":"2022-06-08T15:41:45","date_gmt":"2022-06-08T18:41:45","guid":{"rendered":"https:\/\/experienciadevida.com.ar\/portalurbano\/?p=169200"},"modified":"2022-06-08T15:42:10","modified_gmt":"2022-06-08T18:42:10","slug":"mas-de-sesenta-profesionales-de-la-fio-recibiran-su-diploma","status":"publish","type":"post","link":"https:\/\/experienciadevida.com.ar\/portalurbano\/mas-de-sesenta-profesionales-de-la-fio-recibiran-su-diploma\/","title":{"rendered":"M\u00e1s de sesenta profesionales de la FIO recibir\u00e1n su diploma"},"content":{"rendered":"<p>M\u00e1s de sesenta profesionales de la FIO recibir\u00e1n su diploma, superan el medio centenar y este viernes 10 de junio recibir\u00e1n su t\u00edtulo de graduaci\u00f3n con el sello de la <a href=\"https:\/\/www.facebook.com\/FIO.UNICEN\">FIO<\/a>. Ser\u00e1 en el marco de la 157\u00ba Colaci\u00f3n de Grados de la UNICEN que reunir\u00e1 a las facultades de Ingenier\u00eda, Ciencias Sociales y Ciencias de la Salud. En esta nota, el detalle de quienes egresan en las diferentes Ingenier\u00edas, Tecnicaturas, Licenciaturas, Profesorado y Doctorado, as\u00ed como de las Diplomaturas.<\/p>\n<p>Una nueva cohorte de profesionales recibir\u00e1n su t\u00edtulo de graduaci\u00f3n con el sello de la FIO en el marco de la edici\u00f3n N\u00ba 157 del Acto de Colaci\u00f3n de Grados de la Universidad Nacional del Centro de la Provincia de Buenos Aires, que se llevar\u00e1 a cabo este viernes 10 de junio. La cita ser\u00e1 a partir de las 18, en el SUM del Complejo Universitario y en esta oportunidad el evento reunir\u00e1 a las tres unidades acad\u00e9micas que funcionan en Olavarr\u00eda: Ingenier\u00eda, Ciencias Sociales y Ciencias de la Salud.<\/p>\n<p>En este acto, egresar\u00e1n los siguientes profesionales de las diferentes Ingenier\u00edas, Tecnicaturas, Licenciaturas, Profesorado y Doctorado, as\u00ed como de las Diplomaturas que ofrece la FIO:<\/p>\n<p>INGENIERIA EN AGRIMENSURA<br \/>\nAxel Gabriel Calder\u00f3n Laguilon<\/p>\n<p>INGENIERIA CIVIL<br \/>\nAldana Ail\u00e9n Arg\u00fcello<br \/>\nArian David<br \/>\nAgust\u00edn Fari\u00f1a<br \/>\nAna Laura Gonzalo<br \/>\nSantiago Rub\u00e9n Iglesias<br \/>\nJoaqu\u00edn Roberto Marinaro<br \/>\nLuc\u00eda Montani<br \/>\nMauro Omar Ortega<br \/>\nJoaqu\u00edn Rivas Alfano<br \/>\nPablo Mart\u00edn Silva<br \/>\nAdriana Melisa Sosa<\/p>\n<p>INGENIERIA ELECTROMECANICA<br \/>\nEmiliano Mancini<br \/>\nFranco Nahuel Campos<br \/>\nFrancisco Emanuel Domaica<br \/>\nSof\u00eda Etchegoin<br \/>\nAgust\u00edn Santiago Isasmendi<br \/>\nDaniel Alberto L\u00f3pez<br \/>\nEnzo Jos\u00e9 Orazietti<br \/>\nMaximiliano Schremmel<\/p>\n<p>INGENIERIA EN SEGURIDAD E HIGIENE EN EL TRABAJO<br \/>\nSelene Far\u00edas<br \/>\nDulio Adri\u00e1n Meyra<br \/>\nMario Esteban Pe\u00f1afiel Teran<br \/>\nJavier Schieda<br \/>\nFernando Dami\u00e1n Torales<br \/>\nRam\u00f3n \u00c1ngel Velasques<\/p>\n<p>INGENIERIA INDUSTRIAL<br \/>\nAndrea Fabiana Carimati<br \/>\nNicol\u00e1s Roberto D`Onofrio<br \/>\nGilberto Francisco Dasc\u00f3n<br \/>\nJonathan Gabriel Holgado<br \/>\nFrancisco Iriarte<br \/>\nLucas Ezequiel Lardapide<br \/>\nJuan Ignacio Moreno Lizard\u00eda<br \/>\nFacundo Jos\u00e9 Moretti<br \/>\nD\u00e9bora Marisa Mussi<br \/>\nIvo P\u00e9rez Colo<br \/>\nYamila Luj\u00e1n Pey<br \/>\nMar\u00eda Sof\u00eda Pucciarelli<\/p>\n<p>INGENIERIA QUIMICA<br \/>\nMar\u00eda Victoria Chiesa<\/p>\n<p>LICENCIATURA EN TECNOLOGIA EN ALIMENTOS<br \/>\nDaiana Soledad Fanesi<br \/>\nRub\u00e9n Alberto Neri<br \/>\nEliana P\u00e9rez<br \/>\nNatalia Guadalupe Salazar<br \/>\nMar\u00eda Jos\u00e9 Santa Cruz<\/p>\n<p>LICENCIATURA EN TECNOLOGIA MEDICA-CICLO DE LICENCIATURA<br \/>\nIvo Ikasovic<br \/>\nDiego Andr\u00e9s Silvestro<\/p>\n<p>PROFESORADO EN QUIMICA<br \/>\nAriadna Flores<br \/>\nFlorencia Luna Bazano<br \/>\nNatalia Sabbi Errobidart<\/p>\n<p>ESPECIALIZACION EN ENSE\u00d1ANZA DE LAS CIENCIAS EXPERIMENTALES<br \/>\nLaura Cecilia Ottonello<\/p>\n<p>MAGISTER EN ENSE\u00d1ANZA DE LAS CIENCIAS EXPERIMENTALES<br \/>\nMar\u00eda Cecilia Acosta<\/p>\n<p>DIPLOMATURA UNIVERSITARIO EN ENERGIAS RENOVABLES Y TECNOLOGIAS PARA EL DESARROLLO SUSTENTABLE<br \/>\nMar\u00eda Daniela Keesler<br \/>\nHern\u00e1n Chantiri<br \/>\nYamila Luj\u00e1n Pey<br \/>\nFrancisco Enrique Varela<\/p>\n<p>DIPLOMATURA UNIVERSITARIA EN GESTION DE LA ERGONOMIA<br \/>\nMarcela Andrea Barbero<br \/>\nIgnacio Luj\u00e1n Brangeri<br \/>\nMar\u00eda Alicia Bruzzoni<br \/>\nMicaela Daiana Herrero<br \/>\nAna Pilar Odello<br \/>\nMar\u00eda Virginia Pinilla<br \/>\nHern\u00e1n Manuel Rodr\u00edguez<br \/>\nVanesa Marina Segura<br \/>\nNatalia Gabriela Sosa<br \/>\nMat\u00edas Arc\u00e1ngel Teruel<\/p>\n<p>&nbsp;<\/p>\n","protected":false},"excerpt":{"rendered":"<p>M\u00e1s de sesenta profesionales de la FIO recibir\u00e1n su diploma, superan el medio centenar y&#8230;<\/p>\n","protected":false},"author":1,"featured_media":169201,"comment_status":"closed","ping_status":"closed","sticky":false,"template":"","format":"standard","meta":{"content-type":""},"categories":[31],"tags":[],"nelio_content":{"isAutoShareEnabled":false,"autoShareEndMode":"default","automationSources":{"useContentSentences":true,"useSocialTemplates":true,"useCustomSentences":false,"customSentences":[]},"followers":[1],"suggestedReferences":[],"includedReferences":[],"efiUrl":"","efiAlt":"","highlights":[]},"yoast_head":"<!-- This site is optimized with the Yoast SEO plugin v20.7 - https:\/\/yoast.com\/wordpress\/plugins\/seo\/ -->\n<title>M\u00e1s de sesenta profesionales de la FIO recibir\u00e1n su diploma<\/title>\n<meta name=\"description\" content=\"M\u00e1s de sesenta profesionales de la FIO recibir\u00e1n su diploma, superan el medio centenar y este viernes 10 de junio recibir\u00e1n su t\u00edtulo\" \/>\n<meta name=\"robots\" content=\"index, follow, max-snippet:-1, max-image-preview:large, max-video-preview:-1\" \/>\n<link rel=\"canonical\" href=\"https:\/\/experienciadevida.com.ar\/portalurbano\/mas-de-sesenta-profesionales-de-la-fio-recibiran-su-diploma\/\" \/>\n<meta property=\"og:locale\" content=\"es_ES\" \/>\n<meta property=\"og:type\" content=\"article\" \/>\n<meta property=\"og:title\" content=\"M\u00e1s de sesenta profesionales de la FIO recibir\u00e1n su diploma\" \/>\n<meta property=\"og:description\" content=\"M\u00e1s de sesenta profesionales de la FIO recibir\u00e1n su diploma, superan el medio centenar y este viernes 10 de junio recibir\u00e1n su t\u00edtulo\" \/>\n<meta property=\"og:url\" content=\"https:\/\/experienciadevida.com.ar\/portalurbano\/mas-de-sesenta-profesionales-de-la-fio-recibiran-su-diploma\/\" \/>\n<meta property=\"article:publisher\" content=\"https:\/\/www.facebook.com\/Portal-Urbano-171542830093757\/\" \/>\n<meta property=\"article:published_time\" content=\"2022-06-08T18:41:45+00:00\" \/>\n<meta property=\"article:modified_time\" content=\"2022-06-08T18:42:10+00:00\" \/>\n<meta property=\"og:image\" content=\"https:\/\/experienciadevida.com.ar\/portalurbano\/wp-content\/uploads\/2022\/06\/Mas-de-sesenta-profesionales.jpg\" \/>\n\t<meta property=\"og:image:width\" content=\"500\" \/>\n\t<meta property=\"og:image:height\" content=\"307\" \/>\n\t<meta property=\"og:image:type\" content=\"image\/jpeg\" \/>\n<meta name=\"author\" content=\"admpu17wp\" \/>\n<meta name=\"twitter:card\" content=\"summary_large_image\" \/>\n<meta name=\"twitter:creator\" content=\"@portalurbanook\" \/>\n<meta name=\"twitter:site\" content=\"@portalurbanook\" \/>\n<meta name=\"twitter:label1\" content=\"Escrito por\" \/>\n\t<meta name=\"twitter:data1\" content=\"admpu17wp\" \/>\n\t<meta name=\"twitter:label2\" content=\"Tiempo de lectura\" \/>\n\t<meta name=\"twitter:data2\" content=\"3 minutos\" \/>\n<script type=\"application\/ld+json\" class=\"yoast-schema-graph\">{\"@context\":\"https:\/\/schema.org\",\"@graph\":[{\"@type\":\"Article\",\"@id\":\"https:\/\/experienciadevida.com.ar\/portalurbano\/mas-de-sesenta-profesionales-de-la-fio-recibiran-su-diploma\/#article\",\"isPartOf\":{\"@id\":\"https:\/\/experienciadevida.com.ar\/portalurbano\/mas-de-sesenta-profesionales-de-la-fio-recibiran-su-diploma\/\"},\"author\":{\"name\":\"admpu17wp\",\"@id\":\"https:\/\/experienciadevida.com.ar\/portalurbano\/#\/schema\/person\/02dd326b1c4b056e9cc972486934a3a7\"},\"headline\":\"M\u00e1s de sesenta profesionales de la FIO recibir\u00e1n su diploma\",\"datePublished\":\"2022-06-08T18:41:45+00:00\",\"dateModified\":\"2022-06-08T18:42:10+00:00\",\"mainEntityOfPage\":{\"@id\":\"https:\/\/experienciadevida.com.ar\/portalurbano\/mas-de-sesenta-profesionales-de-la-fio-recibiran-su-diploma\/\"},\"wordCount\":517,\"publisher\":{\"@id\":\"https:\/\/experienciadevida.com.ar\/portalurbano\/#organization\"},\"articleSection\":[\"Educaci\u00f3n\"],\"inLanguage\":\"es\"},{\"@type\":\"WebPage\",\"@id\":\"https:\/\/experienciadevida.com.ar\/portalurbano\/mas-de-sesenta-profesionales-de-la-fio-recibiran-su-diploma\/\",\"url\":\"https:\/\/experienciadevida.com.ar\/portalurbano\/mas-de-sesenta-profesionales-de-la-fio-recibiran-su-diploma\/\",\"name\":\"M\u00e1s de sesenta profesionales de la FIO recibir\u00e1n su diploma\",\"isPartOf\":{\"@id\":\"https:\/\/experienciadevida.com.ar\/portalurbano\/#website\"},\"datePublished\":\"2022-06-08T18:41:45+00:00\",\"dateModified\":\"2022-06-08T18:42:10+00:00\",\"description\":\"M\u00e1s de sesenta profesionales de la FIO recibir\u00e1n su diploma, superan el medio centenar y este viernes 10 de junio recibir\u00e1n su t\u00edtulo\",\"breadcrumb\":{\"@id\":\"https:\/\/experienciadevida.com.ar\/portalurbano\/mas-de-sesenta-profesionales-de-la-fio-recibiran-su-diploma\/#breadcrumb\"},\"inLanguage\":\"es\",\"potentialAction\":[{\"@type\":\"ReadAction\",\"target\":[\"https:\/\/experienciadevida.com.ar\/portalurbano\/mas-de-sesenta-profesionales-de-la-fio-recibiran-su-diploma\/\"]}]},{\"@type\":\"BreadcrumbList\",\"@id\":\"https:\/\/experienciadevida.com.ar\/portalurbano\/mas-de-sesenta-profesionales-de-la-fio-recibiran-su-diploma\/#breadcrumb\",\"itemListElement\":[{\"@type\":\"ListItem\",\"position\":1,\"name\":\"Portada\",\"item\":\"https:\/\/experienciadevida.com.ar\/portalurbano\/\"},{\"@type\":\"ListItem\",\"position\":2,\"name\":\"M\u00e1s de sesenta profesionales de la FIO recibir\u00e1n su diploma\"}]},{\"@type\":\"WebSite\",\"@id\":\"https:\/\/experienciadevida.com.ar\/portalurbano\/#website\",\"url\":\"https:\/\/experienciadevida.com.ar\/portalurbano\/\",\"name\":\"\",\"description\":\"\",\"publisher\":{\"@id\":\"https:\/\/experienciadevida.com.ar\/portalurbano\/#organization\"},\"potentialAction\":[{\"@type\":\"SearchAction\",\"target\":{\"@type\":\"EntryPoint\",\"urlTemplate\":\"https:\/\/experienciadevida.com.ar\/portalurbano\/?s={search_term_string}\"},\"query-input\":\"required name=search_term_string\"}],\"inLanguage\":\"es\"},{\"@type\":\"Organization\",\"@id\":\"https:\/\/experienciadevida.com.ar\/portalurbano\/#organization\",\"name\":\"Portal Urbano\",\"url\":\"https:\/\/experienciadevida.com.ar\/portalurbano\/\",\"logo\":{\"@type\":\"ImageObject\",\"inLanguage\":\"es\",\"@id\":\"https:\/\/experienciadevida.com.ar\/portalurbano\/#\/schema\/logo\/image\/\",\"url\":\"https:\/\/experienciadevida.com.ar\/portalurbano\/wp-content\/uploads\/2019\/09\/Logo-Original.png\",\"contentUrl\":\"https:\/\/experienciadevida.com.ar\/portalurbano\/wp-content\/uploads\/2019\/09\/Logo-Original.png\",\"width\":2236,\"height\":1216,\"caption\":\"Portal Urbano\"},\"image\":{\"@id\":\"https:\/\/experienciadevida.com.ar\/portalurbano\/#\/schema\/logo\/image\/\"},\"sameAs\":[\"https:\/\/www.facebook.com\/Portal-Urbano-171542830093757\/\",\"https:\/\/twitter.com\/portalurbanook\",\"https:\/\/www.instagram.com\/_portalurbano\/\",\"https:\/\/www.youtube.com\/channel\/UCXhagIfszH8KxFiOok79zbA?view_as=subscriber\"]},{\"@type\":\"Person\",\"@id\":\"https:\/\/experienciadevida.com.ar\/portalurbano\/#\/schema\/person\/02dd326b1c4b056e9cc972486934a3a7\",\"name\":\"admpu17wp\",\"image\":{\"@type\":\"ImageObject\",\"inLanguage\":\"es\",\"@id\":\"https:\/\/experienciadevida.com.ar\/portalurbano\/#\/schema\/person\/image\/\",\"url\":\"https:\/\/secure.gravatar.com\/avatar\/830d4c57adaae6630765e449a6908047?s=96&d=mm&r=g\",\"contentUrl\":\"https:\/\/secure.gravatar.com\/avatar\/830d4c57adaae6630765e449a6908047?s=96&d=mm&r=g\",\"caption\":\"admpu17wp\"}}]}<\/script>\n<!-- \/ Yoast SEO plugin. -->","yoast_head_json":{"title":"M\u00e1s de sesenta profesionales de la FIO recibir\u00e1n su diploma","description":"M\u00e1s de sesenta profesionales de la FIO recibir\u00e1n su diploma, superan el medio centenar y este viernes 10 de junio recibir\u00e1n su t\u00edtulo","robots":{"index":"index","follow":"follow","max-snippet":"max-snippet:-1","max-image-preview":"max-image-preview:large","max-video-preview":"max-video-preview:-1"},"canonical":"https:\/\/experienciadevida.com.ar\/portalurbano\/mas-de-sesenta-profesionales-de-la-fio-recibiran-su-diploma\/","og_locale":"es_ES","og_type":"article","og_title":"M\u00e1s de sesenta profesionales de la FIO recibir\u00e1n su diploma","og_description":"M\u00e1s de sesenta profesionales de la FIO recibir\u00e1n su diploma, superan el medio centenar y este viernes 10 de junio recibir\u00e1n su t\u00edtulo","og_url":"https:\/\/experienciadevida.com.ar\/portalurbano\/mas-de-sesenta-profesionales-de-la-fio-recibiran-su-diploma\/","article_publisher":"https:\/\/www.facebook.com\/Portal-Urbano-171542830093757\/","article_published_time":"2022-06-08T18:41:45+00:00","article_modified_time":"2022-06-08T18:42:10+00:00","og_image":[{"width":500,"height":307,"url":"https:\/\/experienciadevida.com.ar\/portalurbano\/wp-content\/uploads\/2022\/06\/Mas-de-sesenta-profesionales.jpg","type":"image\/jpeg"}],"author":"admpu17wp","twitter_card":"summary_large_image","twitter_creator":"@portalurbanook","twitter_site":"@portalurbanook","twitter_misc":{"Escrito por":"admpu17wp","Tiempo de lectura":"3 minutos"},"schema":{"@context":"https:\/\/schema.org","@graph":[{"@type":"Article","@id":"https:\/\/experienciadevida.com.ar\/portalurbano\/mas-de-sesenta-profesionales-de-la-fio-recibiran-su-diploma\/#article","isPartOf":{"@id":"https:\/\/experienciadevida.com.ar\/portalurbano\/mas-de-sesenta-profesionales-de-la-fio-recibiran-su-diploma\/"},"author":{"name":"admpu17wp","@id":"https:\/\/experienciadevida.com.ar\/portalurbano\/#\/schema\/person\/02dd326b1c4b056e9cc972486934a3a7"},"headline":"M\u00e1s de sesenta profesionales de la FIO recibir\u00e1n su diploma","datePublished":"2022-06-08T18:41:45+00:00","dateModified":"2022-06-08T18:42:10+00:00","mainEntityOfPage":{"@id":"https:\/\/experienciadevida.com.ar\/portalurbano\/mas-de-sesenta-profesionales-de-la-fio-recibiran-su-diploma\/"},"wordCount":517,"publisher":{"@id":"https:\/\/experienciadevida.com.ar\/portalurbano\/#organization"},"articleSection":["Educaci\u00f3n"],"inLanguage":"es"},{"@type":"WebPage","@id":"https:\/\/experienciadevida.com.ar\/portalurbano\/mas-de-sesenta-profesionales-de-la-fio-recibiran-su-diploma\/","url":"https:\/\/experienciadevida.com.ar\/portalurbano\/mas-de-sesenta-profesionales-de-la-fio-recibiran-su-diploma\/","name":"M\u00e1s de sesenta profesionales de la FIO recibir\u00e1n su diploma","isPartOf":{"@id":"https:\/\/experienciadevida.com.ar\/portalurbano\/#website"},"datePublished":"2022-06-08T18:41:45+00:00","dateModified":"2022-06-08T18:42:10+00:00","description":"M\u00e1s de sesenta profesionales de la FIO recibir\u00e1n su diploma, superan el medio centenar y este viernes 10 de junio recibir\u00e1n su t\u00edtulo","breadcrumb":{"@id":"https:\/\/experienciadevida.com.ar\/portalurbano\/mas-de-sesenta-profesionales-de-la-fio-recibiran-su-diploma\/#breadcrumb"},"inLanguage":"es","potentialAction":[{"@type":"ReadAction","target":["https:\/\/experienciadevida.com.ar\/portalurbano\/mas-de-sesenta-profesionales-de-la-fio-recibiran-su-diploma\/"]}]},{"@type":"BreadcrumbList","@id":"https:\/\/experienciadevida.com.ar\/portalurbano\/mas-de-sesenta-profesionales-de-la-fio-recibiran-su-diploma\/#breadcrumb","itemListElement":[{"@type":"ListItem","position":1,"name":"Portada","item":"https:\/\/experienciadevida.com.ar\/portalurbano\/"},{"@type":"ListItem","position":2,"name":"M\u00e1s de sesenta profesionales de la FIO recibir\u00e1n su diploma"}]},{"@type":"WebSite","@id":"https:\/\/experienciadevida.com.ar\/portalurbano\/#website","url":"https:\/\/experienciadevida.com.ar\/portalurbano\/","name":"","description":"","publisher":{"@id":"https:\/\/experienciadevida.com.ar\/portalurbano\/#organization"},"potentialAction":[{"@type":"SearchAction","target":{"@type":"EntryPoint","urlTemplate":"https:\/\/experienciadevida.com.ar\/portalurbano\/?s={search_term_string}"},"query-input":"required name=search_term_string"}],"inLanguage":"es"},{"@type":"Organization","@id":"https:\/\/experienciadevida.com.ar\/portalurbano\/#organization","name":"Portal Urbano","url":"https:\/\/experienciadevida.com.ar\/portalurbano\/","logo":{"@type":"ImageObject","inLanguage":"es","@id":"https:\/\/experienciadevida.com.ar\/portalurbano\/#\/schema\/logo\/image\/","url":"https:\/\/experienciadevida.com.ar\/portalurbano\/wp-content\/uploads\/2019\/09\/Logo-Original.png","contentUrl":"https:\/\/experienciadevida.com.ar\/portalurbano\/wp-content\/uploads\/2019\/09\/Logo-Original.png","width":2236,"height":1216,"caption":"Portal Urbano"},"image":{"@id":"https:\/\/experienciadevida.com.ar\/portalurbano\/#\/schema\/logo\/image\/"},"sameAs":["https:\/\/www.facebook.com\/Portal-Urbano-171542830093757\/","https:\/\/twitter.com\/portalurbanook","https:\/\/www.instagram.com\/_portalurbano\/","https:\/\/www.youtube.com\/channel\/UCXhagIfszH8KxFiOok79zbA?view_as=subscriber"]},{"@type":"Person","@id":"https:\/\/experienciadevida.com.ar\/portalurbano\/#\/schema\/person\/02dd326b1c4b056e9cc972486934a3a7","name":"admpu17wp","image":{"@type":"ImageObject","inLanguage":"es","@id":"https:\/\/experienciadevida.com.ar\/portalurbano\/#\/schema\/person\/image\/","url":"https:\/\/secure.gravatar.com\/avatar\/830d4c57adaae6630765e449a6908047?s=96&d=mm&r=g","contentUrl":"https:\/\/secure.gravatar.com\/avatar\/830d4c57adaae6630765e449a6908047?s=96&d=mm&r=g","caption":"admpu17wp"}}]}},"featured_image_urls":{"full":["https:\/\/experienciadevida.com.ar\/portalurbano\/wp-content\/uploads\/2022\/06\/Mas-de-sesenta-profesionales.jpg",500,307,false],"thumbnail":["https:\/\/experienciadevida.com.ar\/portalurbano\/wp-content\/uploads\/2022\/06\/Mas-de-sesenta-profesionales-150x150.jpg",150,150,true],"medium":["https:\/\/experienciadevida.com.ar\/portalurbano\/wp-content\/uploads\/2022\/06\/Mas-de-sesenta-profesionales-300x184.jpg",300,184,true],"medium_large":["https:\/\/experienciadevida.com.ar\/portalurbano\/wp-content\/uploads\/2022\/06\/Mas-de-sesenta-profesionales.jpg",500,307,false],"large":["https:\/\/experienciadevida.com.ar\/portalurbano\/wp-content\/uploads\/2022\/06\/Mas-de-sesenta-profesionales.jpg",500,307,false],"ug_big":["https:\/\/experienciadevida.com.ar\/portalurbano\/wp-content\/uploads\/2022\/06\/Mas-de-sesenta-profesionales.jpg",500,307,false],"1536x1536":["https:\/\/experienciadevida.com.ar\/portalurbano\/wp-content\/uploads\/2022\/06\/Mas-de-sesenta-profesionales.jpg",500,307,false],"2048x2048":["https:\/\/experienciadevida.com.ar\/portalurbano\/wp-content\/uploads\/2022\/06\/Mas-de-sesenta-profesionales.jpg",500,307,false],"newsever-slider-full":["https:\/\/experienciadevida.com.ar\/portalurbano\/wp-content\/uploads\/2022\/06\/Mas-de-sesenta-profesionales.jpg",500,307,false],"newsever-featured":["https:\/\/experienciadevida.com.ar\/portalurbano\/wp-content\/uploads\/2022\/06\/Mas-de-sesenta-profesionales.jpg",500,307,false],"newsever-medium":["https:\/\/experienciadevida.com.ar\/portalurbano\/wp-content\/uploads\/2022\/06\/Mas-de-sesenta-profesionales.jpg",500,307,false],"web-stories-poster-portrait":["https:\/\/experienciadevida.com.ar\/portalurbano\/wp-content\/uploads\/2022\/06\/Mas-de-sesenta-profesionales.jpg",500,307,false],"web-stories-publisher-logo":["https:\/\/experienciadevida.com.ar\/portalurbano\/wp-content\/uploads\/2022\/06\/Mas-de-sesenta-profesionales.jpg",96,59,false],"web-stories-thumbnail":["https:\/\/experienciadevida.com.ar\/portalurbano\/wp-content\/uploads\/2022\/06\/Mas-de-sesenta-profesionales.jpg",150,92,false]},"author_info":{"display_name":"admpu17wp","author_link":"https:\/\/experienciadevida.com.ar\/portalurbano\/author\/admpu17wp\/"},"category_info":"<a href=\"https:\/\/experienciadevida.com.ar\/portalurbano\/category\/ciudad\/educacion\/\" rel=\"category tag\">Educaci\u00f3n<\/a>","tag_info":"Educaci\u00f3n","comment_count":"0","amp_enabled":true,"_links":{"self":[{"href":"https:\/\/experienciadevida.com.ar\/portalurbano\/wp-json\/wp\/v2\/posts\/169200"}],"collection":[{"href":"https:\/\/experienciadevida.com.ar\/portalurbano\/wp-json\/wp\/v2\/posts"}],"about":[{"href":"https:\/\/experienciadevida.com.ar\/portalurbano\/wp-json\/wp\/v2\/types\/post"}],"author":[{"embeddable":true,"href":"https:\/\/experienciadevida.com.ar\/portalurbano\/wp-json\/wp\/v2\/users\/1"}],"replies":[{"embeddable":true,"href":"https:\/\/experienciadevida.com.ar\/portalurbano\/wp-json\/wp\/v2\/comments?post=169200"}],"version-history":[{"count":1,"href":"https:\/\/experienciadevida.com.ar\/portalurbano\/wp-json\/wp\/v2\/posts\/169200\/revisions"}],"predecessor-version":[{"id":169202,"href":"https:\/\/experienciadevida.com.ar\/portalurbano\/wp-json\/wp\/v2\/posts\/169200\/revisions\/169202"}],"wp:featuredmedia":[{"embeddable":true,"href":"https:\/\/experienciadevida.com.ar\/portalurbano\/wp-json\/wp\/v2\/media\/169201"}],"wp:attachment":[{"href":"https:\/\/experienciadevida.com.ar\/portalurbano\/wp-json\/wp\/v2\/media?parent=169200"}],"wp:term":[{"taxonomy":"category","embeddable":true,"href":"https:\/\/experienciadevida.com.ar\/portalurbano\/wp-json\/wp\/v2\/categories?post=169200"},{"taxonomy":"post_tag","embeddable":true,"href":"https:\/\/experienciadevida.com.ar\/portalurbano\/wp-json\/wp\/v2\/tags?post=169200"}],"curies":[{"name":"wp","href":"https:\/\/api.w.org\/{rel}","templated":true}]}}