{"id":169194,"date":"2022-06-08T15:34:53","date_gmt":"2022-06-08T18:34:53","guid":{"rendered":"https:\/\/experienciadevida.com.ar\/portalurbano\/?p=169194"},"modified":"2022-06-08T15:36:49","modified_gmt":"2022-06-08T18:36:49","slug":"eduardo-rodriguez-junto-al-presidente-de-arsat-fuerte-impulso-de-la-tda-y-a-la-conectividad","status":"publish","type":"post","link":"https:\/\/experienciadevida.com.ar\/portalurbano\/eduardo-rodriguez-junto-al-presidente-de-arsat-fuerte-impulso-de-la-tda-y-a-la-conectividad\/","title":{"rendered":"Eduardo Rodr\u00edguez junto al Presidente de Arsat: fuerte impulso de la TDA y a la conectividad"},"content":{"rendered":"<p>Eduardo <a href=\"https:\/\/www.instagram.com\/rodriguezolav\/?hl=es-la\">Rodr\u00edguez<\/a> junto al Presidente de Arsat: fuerte impulso de la TDA y a la conectividad, el referente del Foro Olavarr\u00eda Frente Renovador se reuni\u00f3 con Mat\u00edas Tomobolini este mi\u00e9rcoles en la sede de Arsat, en Benav\u00eddez.<\/p>\n<p>En la ma\u00f1ana del mi\u00e9rcoles, Eduardo Rodr\u00edguez, referente del Foro Olavarr\u00eda &#8211; Frente Renovador, fue recibido por el Presidente de Arsat, Mat\u00edas Tombolini, en la sede de la empresa ubicada en Benav\u00eddez.<\/p>\n<p>En dicha ocasi\u00f3n, donde el presidente de Arsat inform\u00f3 de las acciones y programas que llevan adelante, pensaron propuestas para Olavarr\u00eda en relaci\u00f3n a la mejora de la conectividad y accesibilidad a Internet, con prioridad en las instituciones educativas, y un fuerte impulso de la Televisi\u00f3n Digital Abierta (TDA) en el marco de una revalorizaci\u00f3n, luego de una gran desinversi\u00f3n por parte de la gesti\u00f3n del Gobierno anterior. Actualmente, se est\u00e1 trabajando en generar las condiciones necesarias para que la TDA en Olavarr\u00eda sea una opci\u00f3n para aquellas personas que no cuenten con acceso a televisi\u00f3n por cable u otro sistema.<\/p>\n<p>Sobre el encuentro, Eduardo Rodr\u00edguez destac\u00f3 \u201cla prioridad que el Gobierno Nacional ha dado a Arsat Argentina como as\u00ed tambi\u00e9n la gesti\u00f3n de Tombolini al frente del organismo\u201d. A su vez, se\u00f1al\u00f3 que \u201ces fundamental para el<br \/>\ndesarrollo del pa\u00eds la mejora de la conectividad y el acceso a Internet de calidad\u201d.<\/p>\n<p>ARSAT es una empresa nacional de telecomunicaciones, creada en el a\u00f1o 2006, con el objetivo de acortar la brecha digital entre las peque\u00f1as localidades y las grandes ciudades. Entre sus servicios brinda cobertura satelital en<br \/>\ntodo el continente, cuenta con una red de fibra \u00f3ptica federal, ofrece la transmisi\u00f3n de se\u00f1ales de televisi\u00f3n de forma abierta y gratuita, entre otros. Desde inicios del 2022 se encuentra dirigida por Mat\u00edas Tombolini.<\/p>\n","protected":false},"excerpt":{"rendered":"<p>Eduardo Rodr\u00edguez junto al Presidente de Arsat: fuerte impulso de la TDA y a la&#8230;<\/p>\n","protected":false},"author":1,"featured_media":169195,"comment_status":"closed","ping_status":"closed","sticky":false,"template":"","format":"standard","meta":{"content-type":""},"categories":[27,51],"tags":[],"nelio_content":{"isAutoShareEnabled":false,"autoShareEndMode":"default","automationSources":{"useContentSentences":true,"useSocialTemplates":true,"useCustomSentences":false,"customSentences":[]},"followers":[1],"suggestedReferences":[],"includedReferences":[],"efiUrl":"","efiAlt":"","highlights":[]},"yoast_head":"<!-- This site is optimized with the Yoast SEO plugin v20.7 - https:\/\/yoast.com\/wordpress\/plugins\/seo\/ -->\n<title>Eduardo Rodr\u00edguez junto al Presidente de Arsat: fuerte impulso de TDA<\/title>\n<meta name=\"description\" content=\"Eduardo Rodr\u00edguez junto al Presidente de Arsat: fuerte impulso de la TDA y a la conectividad, el referente del Foro Olavarr\u00eda\" \/>\n<meta name=\"robots\" content=\"index, follow, max-snippet:-1, max-image-preview:large, max-video-preview:-1\" \/>\n<link rel=\"canonical\" href=\"https:\/\/experienciadevida.com.ar\/portalurbano\/eduardo-rodriguez-junto-al-presidente-de-arsat-fuerte-impulso-de-la-tda-y-a-la-conectividad\/\" \/>\n<meta property=\"og:locale\" content=\"es_ES\" \/>\n<meta property=\"og:type\" content=\"article\" \/>\n<meta property=\"og:title\" content=\"Eduardo Rodr\u00edguez junto al Presidente de Arsat: fuerte impulso de TDA\" \/>\n<meta property=\"og:description\" content=\"Eduardo Rodr\u00edguez junto al Presidente de Arsat: fuerte impulso de la TDA y a la conectividad, el referente del Foro Olavarr\u00eda\" \/>\n<meta property=\"og:url\" content=\"https:\/\/experienciadevida.com.ar\/portalurbano\/eduardo-rodriguez-junto-al-presidente-de-arsat-fuerte-impulso-de-la-tda-y-a-la-conectividad\/\" \/>\n<meta property=\"article:publisher\" content=\"https:\/\/www.facebook.com\/Portal-Urbano-171542830093757\/\" \/>\n<meta property=\"article:published_time\" content=\"2022-06-08T18:34:53+00:00\" \/>\n<meta property=\"article:modified_time\" content=\"2022-06-08T18:36:49+00:00\" \/>\n<meta property=\"og:image\" content=\"https:\/\/experienciadevida.com.ar\/portalurbano\/wp-content\/uploads\/2022\/06\/Eduardo-Rodriguez-junto-al.jpeg\" \/>\n\t<meta property=\"og:image:width\" content=\"800\" \/>\n\t<meta property=\"og:image:height\" content=\"500\" \/>\n\t<meta property=\"og:image:type\" content=\"image\/jpeg\" \/>\n<meta name=\"author\" content=\"admpu17wp\" \/>\n<meta name=\"twitter:card\" content=\"summary_large_image\" \/>\n<meta name=\"twitter:creator\" content=\"@portalurbanook\" \/>\n<meta name=\"twitter:site\" content=\"@portalurbanook\" \/>\n<meta name=\"twitter:label1\" content=\"Escrito por\" \/>\n\t<meta name=\"twitter:data1\" content=\"admpu17wp\" \/>\n\t<meta name=\"twitter:label2\" content=\"Tiempo de lectura\" \/>\n\t<meta name=\"twitter:data2\" content=\"2 minutos\" \/>\n<script type=\"application\/ld+json\" class=\"yoast-schema-graph\">{\"@context\":\"https:\/\/schema.org\",\"@graph\":[{\"@type\":\"Article\",\"@id\":\"https:\/\/experienciadevida.com.ar\/portalurbano\/eduardo-rodriguez-junto-al-presidente-de-arsat-fuerte-impulso-de-la-tda-y-a-la-conectividad\/#article\",\"isPartOf\":{\"@id\":\"https:\/\/experienciadevida.com.ar\/portalurbano\/eduardo-rodriguez-junto-al-presidente-de-arsat-fuerte-impulso-de-la-tda-y-a-la-conectividad\/\"},\"author\":{\"name\":\"admpu17wp\",\"@id\":\"https:\/\/experienciadevida.com.ar\/portalurbano\/#\/schema\/person\/02dd326b1c4b056e9cc972486934a3a7\"},\"headline\":\"Eduardo Rodr\u00edguez junto al Presidente de Arsat: fuerte impulso de la TDA y a la conectividad\",\"datePublished\":\"2022-06-08T18:34:53+00:00\",\"dateModified\":\"2022-06-08T18:36:49+00:00\",\"mainEntityOfPage\":{\"@id\":\"https:\/\/experienciadevida.com.ar\/portalurbano\/eduardo-rodriguez-junto-al-presidente-de-arsat-fuerte-impulso-de-la-tda-y-a-la-conectividad\/\"},\"wordCount\":339,\"publisher\":{\"@id\":\"https:\/\/experienciadevida.com.ar\/portalurbano\/#organization\"},\"articleSection\":[\"Ciudad\",\"Destacadas\"],\"inLanguage\":\"es\"},{\"@type\":\"WebPage\",\"@id\":\"https:\/\/experienciadevida.com.ar\/portalurbano\/eduardo-rodriguez-junto-al-presidente-de-arsat-fuerte-impulso-de-la-tda-y-a-la-conectividad\/\",\"url\":\"https:\/\/experienciadevida.com.ar\/portalurbano\/eduardo-rodriguez-junto-al-presidente-de-arsat-fuerte-impulso-de-la-tda-y-a-la-conectividad\/\",\"name\":\"Eduardo Rodr\u00edguez junto al Presidente de Arsat: fuerte impulso de TDA\",\"isPartOf\":{\"@id\":\"https:\/\/experienciadevida.com.ar\/portalurbano\/#website\"},\"datePublished\":\"2022-06-08T18:34:53+00:00\",\"dateModified\":\"2022-06-08T18:36:49+00:00\",\"description\":\"Eduardo Rodr\u00edguez junto al Presidente de Arsat: fuerte impulso de la TDA y a la conectividad, el referente del Foro Olavarr\u00eda\",\"breadcrumb\":{\"@id\":\"https:\/\/experienciadevida.com.ar\/portalurbano\/eduardo-rodriguez-junto-al-presidente-de-arsat-fuerte-impulso-de-la-tda-y-a-la-conectividad\/#breadcrumb\"},\"inLanguage\":\"es\",\"potentialAction\":[{\"@type\":\"ReadAction\",\"target\":[\"https:\/\/experienciadevida.com.ar\/portalurbano\/eduardo-rodriguez-junto-al-presidente-de-arsat-fuerte-impulso-de-la-tda-y-a-la-conectividad\/\"]}]},{\"@type\":\"BreadcrumbList\",\"@id\":\"https:\/\/experienciadevida.com.ar\/portalurbano\/eduardo-rodriguez-junto-al-presidente-de-arsat-fuerte-impulso-de-la-tda-y-a-la-conectividad\/#breadcrumb\",\"itemListElement\":[{\"@type\":\"ListItem\",\"position\":1,\"name\":\"Portada\",\"item\":\"https:\/\/experienciadevida.com.ar\/portalurbano\/\"},{\"@type\":\"ListItem\",\"position\":2,\"name\":\"Eduardo Rodr\u00edguez junto al Presidente de Arsat: fuerte impulso de la TDA y a la conectividad\"}]},{\"@type\":\"WebSite\",\"@id\":\"https:\/\/experienciadevida.com.ar\/portalurbano\/#website\",\"url\":\"https:\/\/experienciadevida.com.ar\/portalurbano\/\",\"name\":\"\",\"description\":\"\",\"publisher\":{\"@id\":\"https:\/\/experienciadevida.com.ar\/portalurbano\/#organization\"},\"potentialAction\":[{\"@type\":\"SearchAction\",\"target\":{\"@type\":\"EntryPoint\",\"urlTemplate\":\"https:\/\/experienciadevida.com.ar\/portalurbano\/?s={search_term_string}\"},\"query-input\":\"required name=search_term_string\"}],\"inLanguage\":\"es\"},{\"@type\":\"Organization\",\"@id\":\"https:\/\/experienciadevida.com.ar\/portalurbano\/#organization\",\"name\":\"Portal Urbano\",\"url\":\"https:\/\/experienciadevida.com.ar\/portalurbano\/\",\"logo\":{\"@type\":\"ImageObject\",\"inLanguage\":\"es\",\"@id\":\"https:\/\/experienciadevida.com.ar\/portalurbano\/#\/schema\/logo\/image\/\",\"url\":\"https:\/\/experienciadevida.com.ar\/portalurbano\/wp-content\/uploads\/2019\/09\/Logo-Original.png\",\"contentUrl\":\"https:\/\/experienciadevida.com.ar\/portalurbano\/wp-content\/uploads\/2019\/09\/Logo-Original.png\",\"width\":2236,\"height\":1216,\"caption\":\"Portal Urbano\"},\"image\":{\"@id\":\"https:\/\/experienciadevida.com.ar\/portalurbano\/#\/schema\/logo\/image\/\"},\"sameAs\":[\"https:\/\/www.facebook.com\/Portal-Urbano-171542830093757\/\",\"https:\/\/twitter.com\/portalurbanook\",\"https:\/\/www.instagram.com\/_portalurbano\/\",\"https:\/\/www.youtube.com\/channel\/UCXhagIfszH8KxFiOok79zbA?view_as=subscriber\"]},{\"@type\":\"Person\",\"@id\":\"https:\/\/experienciadevida.com.ar\/portalurbano\/#\/schema\/person\/02dd326b1c4b056e9cc972486934a3a7\",\"name\":\"admpu17wp\",\"image\":{\"@type\":\"ImageObject\",\"inLanguage\":\"es\",\"@id\":\"https:\/\/experienciadevida.com.ar\/portalurbano\/#\/schema\/person\/image\/\",\"url\":\"https:\/\/secure.gravatar.com\/avatar\/830d4c57adaae6630765e449a6908047?s=96&d=mm&r=g\",\"contentUrl\":\"https:\/\/secure.gravatar.com\/avatar\/830d4c57adaae6630765e449a6908047?s=96&d=mm&r=g\",\"caption\":\"admpu17wp\"}}]}<\/script>\n<!-- \/ Yoast SEO plugin. -->","yoast_head_json":{"title":"Eduardo Rodr\u00edguez junto al Presidente de Arsat: fuerte impulso de TDA","description":"Eduardo Rodr\u00edguez junto al Presidente de Arsat: fuerte impulso de la TDA y a la conectividad, el referente del Foro Olavarr\u00eda","robots":{"index":"index","follow":"follow","max-snippet":"max-snippet:-1","max-image-preview":"max-image-preview:large","max-video-preview":"max-video-preview:-1"},"canonical":"https:\/\/experienciadevida.com.ar\/portalurbano\/eduardo-rodriguez-junto-al-presidente-de-arsat-fuerte-impulso-de-la-tda-y-a-la-conectividad\/","og_locale":"es_ES","og_type":"article","og_title":"Eduardo Rodr\u00edguez junto al Presidente de Arsat: fuerte impulso de TDA","og_description":"Eduardo Rodr\u00edguez junto al Presidente de Arsat: fuerte impulso de la TDA y a la conectividad, el referente del Foro Olavarr\u00eda","og_url":"https:\/\/experienciadevida.com.ar\/portalurbano\/eduardo-rodriguez-junto-al-presidente-de-arsat-fuerte-impulso-de-la-tda-y-a-la-conectividad\/","article_publisher":"https:\/\/www.facebook.com\/Portal-Urbano-171542830093757\/","article_published_time":"2022-06-08T18:34:53+00:00","article_modified_time":"2022-06-08T18:36:49+00:00","og_image":[{"width":800,"height":500,"url":"https:\/\/experienciadevida.com.ar\/portalurbano\/wp-content\/uploads\/2022\/06\/Eduardo-Rodriguez-junto-al.jpeg","type":"image\/jpeg"}],"author":"admpu17wp","twitter_card":"summary_large_image","twitter_creator":"@portalurbanook","twitter_site":"@portalurbanook","twitter_misc":{"Escrito por":"admpu17wp","Tiempo de lectura":"2 minutos"},"schema":{"@context":"https:\/\/schema.org","@graph":[{"@type":"Article","@id":"https:\/\/experienciadevida.com.ar\/portalurbano\/eduardo-rodriguez-junto-al-presidente-de-arsat-fuerte-impulso-de-la-tda-y-a-la-conectividad\/#article","isPartOf":{"@id":"https:\/\/experienciadevida.com.ar\/portalurbano\/eduardo-rodriguez-junto-al-presidente-de-arsat-fuerte-impulso-de-la-tda-y-a-la-conectividad\/"},"author":{"name":"admpu17wp","@id":"https:\/\/experienciadevida.com.ar\/portalurbano\/#\/schema\/person\/02dd326b1c4b056e9cc972486934a3a7"},"headline":"Eduardo Rodr\u00edguez junto al Presidente de Arsat: fuerte impulso de la TDA y a la conectividad","datePublished":"2022-06-08T18:34:53+00:00","dateModified":"2022-06-08T18:36:49+00:00","mainEntityOfPage":{"@id":"https:\/\/experienciadevida.com.ar\/portalurbano\/eduardo-rodriguez-junto-al-presidente-de-arsat-fuerte-impulso-de-la-tda-y-a-la-conectividad\/"},"wordCount":339,"publisher":{"@id":"https:\/\/experienciadevida.com.ar\/portalurbano\/#organization"},"articleSection":["Ciudad","Destacadas"],"inLanguage":"es"},{"@type":"WebPage","@id":"https:\/\/experienciadevida.com.ar\/portalurbano\/eduardo-rodriguez-junto-al-presidente-de-arsat-fuerte-impulso-de-la-tda-y-a-la-conectividad\/","url":"https:\/\/experienciadevida.com.ar\/portalurbano\/eduardo-rodriguez-junto-al-presidente-de-arsat-fuerte-impulso-de-la-tda-y-a-la-conectividad\/","name":"Eduardo Rodr\u00edguez junto al Presidente de Arsat: fuerte impulso de TDA","isPartOf":{"@id":"https:\/\/experienciadevida.com.ar\/portalurbano\/#website"},"datePublished":"2022-06-08T18:34:53+00:00","dateModified":"2022-06-08T18:36:49+00:00","description":"Eduardo Rodr\u00edguez junto al Presidente de Arsat: fuerte impulso de la TDA y a la conectividad, el referente del Foro Olavarr\u00eda","breadcrumb":{"@id":"https:\/\/experienciadevida.com.ar\/portalurbano\/eduardo-rodriguez-junto-al-presidente-de-arsat-fuerte-impulso-de-la-tda-y-a-la-conectividad\/#breadcrumb"},"inLanguage":"es","potentialAction":[{"@type":"ReadAction","target":["https:\/\/experienciadevida.com.ar\/portalurbano\/eduardo-rodriguez-junto-al-presidente-de-arsat-fuerte-impulso-de-la-tda-y-a-la-conectividad\/"]}]},{"@type":"BreadcrumbList","@id":"https:\/\/experienciadevida.com.ar\/portalurbano\/eduardo-rodriguez-junto-al-presidente-de-arsat-fuerte-impulso-de-la-tda-y-a-la-conectividad\/#breadcrumb","itemListElement":[{"@type":"ListItem","position":1,"name":"Portada","item":"https:\/\/experienciadevida.com.ar\/portalurbano\/"},{"@type":"ListItem","position":2,"name":"Eduardo Rodr\u00edguez junto al Presidente de Arsat: fuerte impulso de la TDA y a la conectividad"}]},{"@type":"WebSite","@id":"https:\/\/experienciadevida.com.ar\/portalurbano\/#website","url":"https:\/\/experienciadevida.com.ar\/portalurbano\/","name":"","description":"","publisher":{"@id":"https:\/\/experienciadevida.com.ar\/portalurbano\/#organization"},"potentialAction":[{"@type":"SearchAction","target":{"@type":"EntryPoint","urlTemplate":"https:\/\/experienciadevida.com.ar\/portalurbano\/?s={search_term_string}"},"query-input":"required name=search_term_string"}],"inLanguage":"es"},{"@type":"Organization","@id":"https:\/\/experienciadevida.com.ar\/portalurbano\/#organization","name":"Portal Urbano","url":"https:\/\/experienciadevida.com.ar\/portalurbano\/","logo":{"@type":"ImageObject","inLanguage":"es","@id":"https:\/\/experienciadevida.com.ar\/portalurbano\/#\/schema\/logo\/image\/","url":"https:\/\/experienciadevida.com.ar\/portalurbano\/wp-content\/uploads\/2019\/09\/Logo-Original.png","contentUrl":"https:\/\/experienciadevida.com.ar\/portalurbano\/wp-content\/uploads\/2019\/09\/Logo-Original.png","width":2236,"height":1216,"caption":"Portal Urbano"},"image":{"@id":"https:\/\/experienciadevida.com.ar\/portalurbano\/#\/schema\/logo\/image\/"},"sameAs":["https:\/\/www.facebook.com\/Portal-Urbano-171542830093757\/","https:\/\/twitter.com\/portalurbanook","https:\/\/www.instagram.com\/_portalurbano\/","https:\/\/www.youtube.com\/channel\/UCXhagIfszH8KxFiOok79zbA?view_as=subscriber"]},{"@type":"Person","@id":"https:\/\/experienciadevida.com.ar\/portalurbano\/#\/schema\/person\/02dd326b1c4b056e9cc972486934a3a7","name":"admpu17wp","image":{"@type":"ImageObject","inLanguage":"es","@id":"https:\/\/experienciadevida.com.ar\/portalurbano\/#\/schema\/person\/image\/","url":"https:\/\/secure.gravatar.com\/avatar\/830d4c57adaae6630765e449a6908047?s=96&d=mm&r=g","contentUrl":"https:\/\/secure.gravatar.com\/avatar\/830d4c57adaae6630765e449a6908047?s=96&d=mm&r=g","caption":"admpu17wp"}}]}},"featured_image_urls":{"full":["https:\/\/experienciadevida.com.ar\/portalurbano\/wp-content\/uploads\/2022\/06\/Eduardo-Rodriguez-junto-al.jpeg",800,500,false],"thumbnail":["https:\/\/experienciadevida.com.ar\/portalurbano\/wp-content\/uploads\/2022\/06\/Eduardo-Rodriguez-junto-al-150x150.jpeg",150,150,true],"medium":["https:\/\/experienciadevida.com.ar\/portalurbano\/wp-content\/uploads\/2022\/06\/Eduardo-Rodriguez-junto-al-300x188.jpeg",300,188,true],"medium_large":["https:\/\/experienciadevida.com.ar\/portalurbano\/wp-content\/uploads\/2022\/06\/Eduardo-Rodriguez-junto-al-768x480.jpeg",640,400,true],"large":["https:\/\/experienciadevida.com.ar\/portalurbano\/wp-content\/uploads\/2022\/06\/Eduardo-Rodriguez-junto-al.jpeg",640,400,false],"ug_big":["https:\/\/experienciadevida.com.ar\/portalurbano\/wp-content\/uploads\/2022\/06\/Eduardo-Rodriguez-junto-al-768x480.jpeg",768,480,true],"1536x1536":["https:\/\/experienciadevida.com.ar\/portalurbano\/wp-content\/uploads\/2022\/06\/Eduardo-Rodriguez-junto-al.jpeg",800,500,false],"2048x2048":["https:\/\/experienciadevida.com.ar\/portalurbano\/wp-content\/uploads\/2022\/06\/Eduardo-Rodriguez-junto-al.jpeg",800,500,false],"newsever-slider-full":["https:\/\/experienciadevida.com.ar\/portalurbano\/wp-content\/uploads\/2022\/06\/Eduardo-Rodriguez-junto-al.jpeg",800,500,false],"newsever-featured":["https:\/\/experienciadevida.com.ar\/portalurbano\/wp-content\/uploads\/2022\/06\/Eduardo-Rodriguez-junto-al.jpeg",800,500,false],"newsever-medium":["https:\/\/experienciadevida.com.ar\/portalurbano\/wp-content\/uploads\/2022\/06\/Eduardo-Rodriguez-junto-al.jpeg",720,450,false],"web-stories-poster-portrait":["https:\/\/experienciadevida.com.ar\/portalurbano\/wp-content\/uploads\/2022\/06\/Eduardo-Rodriguez-junto-al.jpeg",640,400,false],"web-stories-publisher-logo":["https:\/\/experienciadevida.com.ar\/portalurbano\/wp-content\/uploads\/2022\/06\/Eduardo-Rodriguez-junto-al.jpeg",96,60,false],"web-stories-thumbnail":["https:\/\/experienciadevida.com.ar\/portalurbano\/wp-content\/uploads\/2022\/06\/Eduardo-Rodriguez-junto-al.jpeg",150,94,false]},"author_info":{"display_name":"admpu17wp","author_link":"https:\/\/experienciadevida.com.ar\/portalurbano\/author\/admpu17wp\/"},"category_info":"<a href=\"https:\/\/experienciadevida.com.ar\/portalurbano\/category\/ciudad\/\" rel=\"category tag\">Ciudad<\/a> <a href=\"https:\/\/experienciadevida.com.ar\/portalurbano\/category\/destacadas\/\" rel=\"category tag\">Destacadas<\/a>","tag_info":"Destacadas","comment_count":"0","amp_enabled":true,"_links":{"self":[{"href":"https:\/\/experienciadevida.com.ar\/portalurbano\/wp-json\/wp\/v2\/posts\/169194"}],"collection":[{"href":"https:\/\/experienciadevida.com.ar\/portalurbano\/wp-json\/wp\/v2\/posts"}],"about":[{"href":"https:\/\/experienciadevida.com.ar\/portalurbano\/wp-json\/wp\/v2\/types\/post"}],"author":[{"embeddable":true,"href":"https:\/\/experienciadevida.com.ar\/portalurbano\/wp-json\/wp\/v2\/users\/1"}],"replies":[{"embeddable":true,"href":"https:\/\/experienciadevida.com.ar\/portalurbano\/wp-json\/wp\/v2\/comments?post=169194"}],"version-history":[{"count":2,"href":"https:\/\/experienciadevida.com.ar\/portalurbano\/wp-json\/wp\/v2\/posts\/169194\/revisions"}],"predecessor-version":[{"id":169197,"href":"https:\/\/experienciadevida.com.ar\/portalurbano\/wp-json\/wp\/v2\/posts\/169194\/revisions\/169197"}],"wp:featuredmedia":[{"embeddable":true,"href":"https:\/\/experienciadevida.com.ar\/portalurbano\/wp-json\/wp\/v2\/media\/169195"}],"wp:attachment":[{"href":"https:\/\/experienciadevida.com.ar\/portalurbano\/wp-json\/wp\/v2\/media?parent=169194"}],"wp:term":[{"taxonomy":"category","embeddable":true,"href":"https:\/\/experienciadevida.com.ar\/portalurbano\/wp-json\/wp\/v2\/categories?post=169194"},{"taxonomy":"post_tag","embeddable":true,"href":"https:\/\/experienciadevida.com.ar\/portalurbano\/wp-json\/wp\/v2\/tags?post=169194"}],"curies":[{"name":"wp","href":"https:\/\/api.w.org\/{rel}","templated":true}]}}