{"id":169141,"date":"2022-06-07T21:48:07","date_gmt":"2022-06-08T00:48:07","guid":{"rendered":"https:\/\/experienciadevida.com.ar\/portalurbano\/?p=169141"},"modified":"2022-06-07T21:49:32","modified_gmt":"2022-06-08T00:49:32","slug":"concurrida-charla-sobre-seguridad-vial-en-la-escuela-tecnica-2","status":"publish","type":"post","link":"https:\/\/experienciadevida.com.ar\/portalurbano\/concurrida-charla-sobre-seguridad-vial-en-la-escuela-tecnica-2\/","title":{"rendered":"Concurrida charla sobre Seguridad Vial en la Escuela T\u00e9cnica 2"},"content":{"rendered":"<p>Concurrida charla sobre Seguridad Vial en la Escuela T\u00e9cnica 2, en la tarde del \u00faltimo lunes se realiz\u00f3 una charla de Educaci\u00f3n y Concientizaci\u00f3n en Seguridad Vial, encabezada por el ingeniero Agust\u00edn Falivene, responsable de tr\u00e1nsito y seguridad vial de la Direcci\u00f3n de Acci\u00f3n y Control Urbano, dependiente de la Subsecretar\u00eda de Seguridad <a href=\"https:\/\/www.facebook.com\/municipiodeolavarria\">Municipal<\/a>.<\/p>\n<p><a href=\"https:\/\/experienciadevida.com.ar\/portalurbano\/concurrida-charla-sobre-seguridad-vial-en-la-escuela-tecnica-2\/concurrida-charla\/\" rel=\"attachment wp-att-169144\"><img decoding=\"async\" class=\"alignnone size-large wp-image-169144\" src=\"https:\/\/experienciadevida.com.ar\/portalurbano\/wp-content\/uploads\/2022\/06\/Concurrida-charla-1024x682.jpg\" alt=\"Concurrida charla \" width=\"900\" height=\"599\" srcset=\"https:\/\/experienciadevida.com.ar\/portalurbano\/wp-content\/uploads\/2022\/06\/Concurrida-charla-1024x682.jpg 1024w, https:\/\/experienciadevida.com.ar\/portalurbano\/wp-content\/uploads\/2022\/06\/Concurrida-charla-300x200.jpg 300w, https:\/\/experienciadevida.com.ar\/portalurbano\/wp-content\/uploads\/2022\/06\/Concurrida-charla-768x512.jpg 768w, https:\/\/experienciadevida.com.ar\/portalurbano\/wp-content\/uploads\/2022\/06\/Concurrida-charla-1536x1024.jpg 1536w, https:\/\/experienciadevida.com.ar\/portalurbano\/wp-content\/uploads\/2022\/06\/Concurrida-charla.jpg 1772w\" sizes=\"(max-width: 900px) 100vw, 900px\" \/><\/a><\/p>\n<p>La actividad tuvo como sede el Sal\u00f3n de Usos M\u00faltiples de la Escuela T\u00e9cnica N\u00b0 2, Ex Industrial, donde concurrieron cerca 200 alumnos, adem\u00e1s de integrantes de la comunidad educativa del mencionado establecimiento.<\/p>\n<p>Se recuerda que el pr\u00f3ximo 10 de junio se conmemorar\u00e1 en todo el territorio nacional el D\u00eda de la Seguridad Vial, pero desde la Municipalidad del Olavarr\u00eda todo junio ser\u00e1 considerado el \u201cMes de la Seguridad Vial\u201d, por lo que se realizar\u00e1n diversas labores y campa\u00f1as tanto en materia de educaci\u00f3n como concientizaci\u00f3n en la tem\u00e1tica.<\/p>\n<p>En ese sentido vale mencionar tambi\u00e9n dos proyectos que tienen precisamente como objetivo la divulgaci\u00f3n de informaci\u00f3n en materia de Seguridad Vial. Uno de ellos fue gestado desde la Direcci\u00f3n de Licencias de Conducir, el cual es denominado \u201cHerramientas para la obtenci\u00f3n de la Licencia de Conducir en el marco de la conciencia sobre Seguridad Vial\u201d y est\u00e1 orientado a alumnos y alumnas tanto del nivel inicial como del primer ciclo de educaci\u00f3n primaria.<\/p>\n<p>De manera paralela, desde la Subsecretar\u00eda de Seguridad se gest\u00f3 un proyecto de educaci\u00f3n y concientizaci\u00f3n en la materia que tiene como p\u00fablico destinatario estudiantes del 2\u00b0 ciclo de primaria y secundaria. Inclusive, se contempla tambi\u00e9n jornadas destinadas a personal de fuerzas de seguridad. Para ambos p\u00fablicos, adem\u00e1s, se incluir\u00e1n capacitaciones en RCP. Tambi\u00e9n se impulsar\u00e1 una campa\u00f1a a trav\u00e9s de los canales oficiales de la Municipalidad de Olavarr\u00eda.<\/p>\n","protected":false},"excerpt":{"rendered":"<p>Concurrida charla sobre Seguridad Vial en la Escuela T\u00e9cnica 2, en la tarde del \u00faltimo&#8230;<\/p>\n","protected":false},"author":1,"featured_media":169142,"comment_status":"closed","ping_status":"closed","sticky":false,"template":"","format":"standard","meta":{"content-type":""},"categories":[27],"tags":[],"nelio_content":{"isAutoShareEnabled":false,"autoShareEndMode":"default","automationSources":{"useContentSentences":true,"useSocialTemplates":true,"useCustomSentences":false,"customSentences":[]},"followers":[1],"suggestedReferences":[],"includedReferences":[],"efiUrl":"","efiAlt":"","highlights":[]},"yoast_head":"<!-- This site is optimized with the Yoast SEO plugin v20.7 - https:\/\/yoast.com\/wordpress\/plugins\/seo\/ -->\n<title>Concurrida chala sobre seguridad vial en la escuela t\u00e9cnica 2<\/title>\n<meta name=\"description\" content=\"Concurrida charla sobre Seguridad Vial en la Escuela T\u00e9cnica 2, en la tarde del \u00faltimo lunes se realiz\u00f3 con el ingeniero Agust\u00edn Falivene\" \/>\n<meta name=\"robots\" content=\"index, follow, max-snippet:-1, max-image-preview:large, max-video-preview:-1\" \/>\n<link rel=\"canonical\" href=\"https:\/\/experienciadevida.com.ar\/portalurbano\/concurrida-charla-sobre-seguridad-vial-en-la-escuela-tecnica-2\/\" \/>\n<meta property=\"og:locale\" content=\"es_ES\" \/>\n<meta property=\"og:type\" content=\"article\" \/>\n<meta property=\"og:title\" content=\"Concurrida chala sobre seguridad vial en la escuela t\u00e9cnica 2\" \/>\n<meta property=\"og:description\" content=\"Concurrida charla sobre Seguridad Vial en la Escuela T\u00e9cnica 2, en la tarde del \u00faltimo lunes se realiz\u00f3 con el ingeniero Agust\u00edn Falivene\" \/>\n<meta property=\"og:url\" content=\"https:\/\/experienciadevida.com.ar\/portalurbano\/concurrida-charla-sobre-seguridad-vial-en-la-escuela-tecnica-2\/\" \/>\n<meta property=\"article:publisher\" content=\"https:\/\/www.facebook.com\/Portal-Urbano-171542830093757\/\" \/>\n<meta property=\"article:published_time\" content=\"2022-06-08T00:48:07+00:00\" \/>\n<meta property=\"article:modified_time\" content=\"2022-06-08T00:49:32+00:00\" \/>\n<meta property=\"og:image\" content=\"https:\/\/experienciadevida.com.ar\/portalurbano\/wp-content\/uploads\/2022\/06\/Concurrida-charla-sobre-Seguridad.jpg\" \/>\n\t<meta property=\"og:image:width\" content=\"1772\" \/>\n\t<meta property=\"og:image:height\" content=\"1181\" \/>\n\t<meta property=\"og:image:type\" content=\"image\/jpeg\" \/>\n<meta name=\"author\" content=\"admpu17wp\" \/>\n<meta name=\"twitter:card\" content=\"summary_large_image\" \/>\n<meta name=\"twitter:creator\" content=\"@portalurbanook\" \/>\n<meta name=\"twitter:site\" content=\"@portalurbanook\" \/>\n<meta name=\"twitter:label1\" content=\"Escrito por\" \/>\n\t<meta name=\"twitter:data1\" content=\"admpu17wp\" \/>\n\t<meta name=\"twitter:label2\" content=\"Tiempo de lectura\" \/>\n\t<meta name=\"twitter:data2\" content=\"2 minutos\" \/>\n<script type=\"application\/ld+json\" class=\"yoast-schema-graph\">{\"@context\":\"https:\/\/schema.org\",\"@graph\":[{\"@type\":\"Article\",\"@id\":\"https:\/\/experienciadevida.com.ar\/portalurbano\/concurrida-charla-sobre-seguridad-vial-en-la-escuela-tecnica-2\/#article\",\"isPartOf\":{\"@id\":\"https:\/\/experienciadevida.com.ar\/portalurbano\/concurrida-charla-sobre-seguridad-vial-en-la-escuela-tecnica-2\/\"},\"author\":{\"name\":\"admpu17wp\",\"@id\":\"https:\/\/experienciadevida.com.ar\/portalurbano\/#\/schema\/person\/02dd326b1c4b056e9cc972486934a3a7\"},\"headline\":\"Concurrida charla sobre Seguridad Vial en la Escuela T\u00e9cnica 2\",\"datePublished\":\"2022-06-08T00:48:07+00:00\",\"dateModified\":\"2022-06-08T00:49:32+00:00\",\"mainEntityOfPage\":{\"@id\":\"https:\/\/experienciadevida.com.ar\/portalurbano\/concurrida-charla-sobre-seguridad-vial-en-la-escuela-tecnica-2\/\"},\"wordCount\":329,\"publisher\":{\"@id\":\"https:\/\/experienciadevida.com.ar\/portalurbano\/#organization\"},\"articleSection\":[\"Ciudad\"],\"inLanguage\":\"es\"},{\"@type\":\"WebPage\",\"@id\":\"https:\/\/experienciadevida.com.ar\/portalurbano\/concurrida-charla-sobre-seguridad-vial-en-la-escuela-tecnica-2\/\",\"url\":\"https:\/\/experienciadevida.com.ar\/portalurbano\/concurrida-charla-sobre-seguridad-vial-en-la-escuela-tecnica-2\/\",\"name\":\"Concurrida chala sobre seguridad vial en la escuela t\u00e9cnica 2\",\"isPartOf\":{\"@id\":\"https:\/\/experienciadevida.com.ar\/portalurbano\/#website\"},\"datePublished\":\"2022-06-08T00:48:07+00:00\",\"dateModified\":\"2022-06-08T00:49:32+00:00\",\"description\":\"Concurrida charla sobre Seguridad Vial en la Escuela T\u00e9cnica 2, en la tarde del \u00faltimo lunes se realiz\u00f3 con el ingeniero Agust\u00edn Falivene\",\"breadcrumb\":{\"@id\":\"https:\/\/experienciadevida.com.ar\/portalurbano\/concurrida-charla-sobre-seguridad-vial-en-la-escuela-tecnica-2\/#breadcrumb\"},\"inLanguage\":\"es\",\"potentialAction\":[{\"@type\":\"ReadAction\",\"target\":[\"https:\/\/experienciadevida.com.ar\/portalurbano\/concurrida-charla-sobre-seguridad-vial-en-la-escuela-tecnica-2\/\"]}]},{\"@type\":\"BreadcrumbList\",\"@id\":\"https:\/\/experienciadevida.com.ar\/portalurbano\/concurrida-charla-sobre-seguridad-vial-en-la-escuela-tecnica-2\/#breadcrumb\",\"itemListElement\":[{\"@type\":\"ListItem\",\"position\":1,\"name\":\"Portada\",\"item\":\"https:\/\/experienciadevida.com.ar\/portalurbano\/\"},{\"@type\":\"ListItem\",\"position\":2,\"name\":\"Concurrida charla sobre Seguridad Vial en la Escuela T\u00e9cnica 2\"}]},{\"@type\":\"WebSite\",\"@id\":\"https:\/\/experienciadevida.com.ar\/portalurbano\/#website\",\"url\":\"https:\/\/experienciadevida.com.ar\/portalurbano\/\",\"name\":\"\",\"description\":\"\",\"publisher\":{\"@id\":\"https:\/\/experienciadevida.com.ar\/portalurbano\/#organization\"},\"potentialAction\":[{\"@type\":\"SearchAction\",\"target\":{\"@type\":\"EntryPoint\",\"urlTemplate\":\"https:\/\/experienciadevida.com.ar\/portalurbano\/?s={search_term_string}\"},\"query-input\":\"required name=search_term_string\"}],\"inLanguage\":\"es\"},{\"@type\":\"Organization\",\"@id\":\"https:\/\/experienciadevida.com.ar\/portalurbano\/#organization\",\"name\":\"Portal Urbano\",\"url\":\"https:\/\/experienciadevida.com.ar\/portalurbano\/\",\"logo\":{\"@type\":\"ImageObject\",\"inLanguage\":\"es\",\"@id\":\"https:\/\/experienciadevida.com.ar\/portalurbano\/#\/schema\/logo\/image\/\",\"url\":\"https:\/\/experienciadevida.com.ar\/portalurbano\/wp-content\/uploads\/2019\/09\/Logo-Original.png\",\"contentUrl\":\"https:\/\/experienciadevida.com.ar\/portalurbano\/wp-content\/uploads\/2019\/09\/Logo-Original.png\",\"width\":2236,\"height\":1216,\"caption\":\"Portal Urbano\"},\"image\":{\"@id\":\"https:\/\/experienciadevida.com.ar\/portalurbano\/#\/schema\/logo\/image\/\"},\"sameAs\":[\"https:\/\/www.facebook.com\/Portal-Urbano-171542830093757\/\",\"https:\/\/twitter.com\/portalurbanook\",\"https:\/\/www.instagram.com\/_portalurbano\/\",\"https:\/\/www.youtube.com\/channel\/UCXhagIfszH8KxFiOok79zbA?view_as=subscriber\"]},{\"@type\":\"Person\",\"@id\":\"https:\/\/experienciadevida.com.ar\/portalurbano\/#\/schema\/person\/02dd326b1c4b056e9cc972486934a3a7\",\"name\":\"admpu17wp\",\"image\":{\"@type\":\"ImageObject\",\"inLanguage\":\"es\",\"@id\":\"https:\/\/experienciadevida.com.ar\/portalurbano\/#\/schema\/person\/image\/\",\"url\":\"https:\/\/secure.gravatar.com\/avatar\/830d4c57adaae6630765e449a6908047?s=96&d=mm&r=g\",\"contentUrl\":\"https:\/\/secure.gravatar.com\/avatar\/830d4c57adaae6630765e449a6908047?s=96&d=mm&r=g\",\"caption\":\"admpu17wp\"}}]}<\/script>\n<!-- \/ Yoast SEO plugin. -->","yoast_head_json":{"title":"Concurrida chala sobre seguridad vial en la escuela t\u00e9cnica 2","description":"Concurrida charla sobre Seguridad Vial en la Escuela T\u00e9cnica 2, en la tarde del \u00faltimo lunes se realiz\u00f3 con el ingeniero Agust\u00edn Falivene","robots":{"index":"index","follow":"follow","max-snippet":"max-snippet:-1","max-image-preview":"max-image-preview:large","max-video-preview":"max-video-preview:-1"},"canonical":"https:\/\/experienciadevida.com.ar\/portalurbano\/concurrida-charla-sobre-seguridad-vial-en-la-escuela-tecnica-2\/","og_locale":"es_ES","og_type":"article","og_title":"Concurrida chala sobre seguridad vial en la escuela t\u00e9cnica 2","og_description":"Concurrida charla sobre Seguridad Vial en la Escuela T\u00e9cnica 2, en la tarde del \u00faltimo lunes se realiz\u00f3 con el ingeniero Agust\u00edn Falivene","og_url":"https:\/\/experienciadevida.com.ar\/portalurbano\/concurrida-charla-sobre-seguridad-vial-en-la-escuela-tecnica-2\/","article_publisher":"https:\/\/www.facebook.com\/Portal-Urbano-171542830093757\/","article_published_time":"2022-06-08T00:48:07+00:00","article_modified_time":"2022-06-08T00:49:32+00:00","og_image":[{"width":1772,"height":1181,"url":"https:\/\/experienciadevida.com.ar\/portalurbano\/wp-content\/uploads\/2022\/06\/Concurrida-charla-sobre-Seguridad.jpg","type":"image\/jpeg"}],"author":"admpu17wp","twitter_card":"summary_large_image","twitter_creator":"@portalurbanook","twitter_site":"@portalurbanook","twitter_misc":{"Escrito por":"admpu17wp","Tiempo de lectura":"2 minutos"},"schema":{"@context":"https:\/\/schema.org","@graph":[{"@type":"Article","@id":"https:\/\/experienciadevida.com.ar\/portalurbano\/concurrida-charla-sobre-seguridad-vial-en-la-escuela-tecnica-2\/#article","isPartOf":{"@id":"https:\/\/experienciadevida.com.ar\/portalurbano\/concurrida-charla-sobre-seguridad-vial-en-la-escuela-tecnica-2\/"},"author":{"name":"admpu17wp","@id":"https:\/\/experienciadevida.com.ar\/portalurbano\/#\/schema\/person\/02dd326b1c4b056e9cc972486934a3a7"},"headline":"Concurrida charla sobre Seguridad Vial en la Escuela T\u00e9cnica 2","datePublished":"2022-06-08T00:48:07+00:00","dateModified":"2022-06-08T00:49:32+00:00","mainEntityOfPage":{"@id":"https:\/\/experienciadevida.com.ar\/portalurbano\/concurrida-charla-sobre-seguridad-vial-en-la-escuela-tecnica-2\/"},"wordCount":329,"publisher":{"@id":"https:\/\/experienciadevida.com.ar\/portalurbano\/#organization"},"articleSection":["Ciudad"],"inLanguage":"es"},{"@type":"WebPage","@id":"https:\/\/experienciadevida.com.ar\/portalurbano\/concurrida-charla-sobre-seguridad-vial-en-la-escuela-tecnica-2\/","url":"https:\/\/experienciadevida.com.ar\/portalurbano\/concurrida-charla-sobre-seguridad-vial-en-la-escuela-tecnica-2\/","name":"Concurrida chala sobre seguridad vial en la escuela t\u00e9cnica 2","isPartOf":{"@id":"https:\/\/experienciadevida.com.ar\/portalurbano\/#website"},"datePublished":"2022-06-08T00:48:07+00:00","dateModified":"2022-06-08T00:49:32+00:00","description":"Concurrida charla sobre Seguridad Vial en la Escuela T\u00e9cnica 2, en la tarde del \u00faltimo lunes se realiz\u00f3 con el ingeniero Agust\u00edn Falivene","breadcrumb":{"@id":"https:\/\/experienciadevida.com.ar\/portalurbano\/concurrida-charla-sobre-seguridad-vial-en-la-escuela-tecnica-2\/#breadcrumb"},"inLanguage":"es","potentialAction":[{"@type":"ReadAction","target":["https:\/\/experienciadevida.com.ar\/portalurbano\/concurrida-charla-sobre-seguridad-vial-en-la-escuela-tecnica-2\/"]}]},{"@type":"BreadcrumbList","@id":"https:\/\/experienciadevida.com.ar\/portalurbano\/concurrida-charla-sobre-seguridad-vial-en-la-escuela-tecnica-2\/#breadcrumb","itemListElement":[{"@type":"ListItem","position":1,"name":"Portada","item":"https:\/\/experienciadevida.com.ar\/portalurbano\/"},{"@type":"ListItem","position":2,"name":"Concurrida charla sobre Seguridad Vial en la Escuela T\u00e9cnica 2"}]},{"@type":"WebSite","@id":"https:\/\/experienciadevida.com.ar\/portalurbano\/#website","url":"https:\/\/experienciadevida.com.ar\/portalurbano\/","name":"","description":"","publisher":{"@id":"https:\/\/experienciadevida.com.ar\/portalurbano\/#organization"},"potentialAction":[{"@type":"SearchAction","target":{"@type":"EntryPoint","urlTemplate":"https:\/\/experienciadevida.com.ar\/portalurbano\/?s={search_term_string}"},"query-input":"required name=search_term_string"}],"inLanguage":"es"},{"@type":"Organization","@id":"https:\/\/experienciadevida.com.ar\/portalurbano\/#organization","name":"Portal Urbano","url":"https:\/\/experienciadevida.com.ar\/portalurbano\/","logo":{"@type":"ImageObject","inLanguage":"es","@id":"https:\/\/experienciadevida.com.ar\/portalurbano\/#\/schema\/logo\/image\/","url":"https:\/\/experienciadevida.com.ar\/portalurbano\/wp-content\/uploads\/2019\/09\/Logo-Original.png","contentUrl":"https:\/\/experienciadevida.com.ar\/portalurbano\/wp-content\/uploads\/2019\/09\/Logo-Original.png","width":2236,"height":1216,"caption":"Portal Urbano"},"image":{"@id":"https:\/\/experienciadevida.com.ar\/portalurbano\/#\/schema\/logo\/image\/"},"sameAs":["https:\/\/www.facebook.com\/Portal-Urbano-171542830093757\/","https:\/\/twitter.com\/portalurbanook","https:\/\/www.instagram.com\/_portalurbano\/","https:\/\/www.youtube.com\/channel\/UCXhagIfszH8KxFiOok79zbA?view_as=subscriber"]},{"@type":"Person","@id":"https:\/\/experienciadevida.com.ar\/portalurbano\/#\/schema\/person\/02dd326b1c4b056e9cc972486934a3a7","name":"admpu17wp","image":{"@type":"ImageObject","inLanguage":"es","@id":"https:\/\/experienciadevida.com.ar\/portalurbano\/#\/schema\/person\/image\/","url":"https:\/\/secure.gravatar.com\/avatar\/830d4c57adaae6630765e449a6908047?s=96&d=mm&r=g","contentUrl":"https:\/\/secure.gravatar.com\/avatar\/830d4c57adaae6630765e449a6908047?s=96&d=mm&r=g","caption":"admpu17wp"}}]}},"featured_image_urls":{"full":["https:\/\/experienciadevida.com.ar\/portalurbano\/wp-content\/uploads\/2022\/06\/Concurrida-charla-sobre-Seguridad.jpg",1772,1181,false],"thumbnail":["https:\/\/experienciadevida.com.ar\/portalurbano\/wp-content\/uploads\/2022\/06\/Concurrida-charla-sobre-Seguridad-150x150.jpg",150,150,true],"medium":["https:\/\/experienciadevida.com.ar\/portalurbano\/wp-content\/uploads\/2022\/06\/Concurrida-charla-sobre-Seguridad-300x200.jpg",300,200,true],"medium_large":["https:\/\/experienciadevida.com.ar\/portalurbano\/wp-content\/uploads\/2022\/06\/Concurrida-charla-sobre-Seguridad-768x512.jpg",640,427,true],"large":["https:\/\/experienciadevida.com.ar\/portalurbano\/wp-content\/uploads\/2022\/06\/Concurrida-charla-sobre-Seguridad-1024x682.jpg",640,426,true],"ug_big":["https:\/\/experienciadevida.com.ar\/portalurbano\/wp-content\/uploads\/2022\/06\/Concurrida-charla-sobre-Seguridad-768x512.jpg",768,512,true],"1536x1536":["https:\/\/experienciadevida.com.ar\/portalurbano\/wp-content\/uploads\/2022\/06\/Concurrida-charla-sobre-Seguridad-1536x1024.jpg",1536,1024,true],"2048x2048":["https:\/\/experienciadevida.com.ar\/portalurbano\/wp-content\/uploads\/2022\/06\/Concurrida-charla-sobre-Seguridad.jpg",1772,1181,false],"newsever-slider-full":["https:\/\/experienciadevida.com.ar\/portalurbano\/wp-content\/uploads\/2022\/06\/Concurrida-charla-sobre-Seguridad.jpg",1268,845,false],"newsever-featured":["https:\/\/experienciadevida.com.ar\/portalurbano\/wp-content\/uploads\/2022\/06\/Concurrida-charla-sobre-Seguridad.jpg",1024,682,false],"newsever-medium":["https:\/\/experienciadevida.com.ar\/portalurbano\/wp-content\/uploads\/2022\/06\/Concurrida-charla-sobre-Seguridad.jpg",713,475,false],"web-stories-poster-portrait":["https:\/\/experienciadevida.com.ar\/portalurbano\/wp-content\/uploads\/2022\/06\/Concurrida-charla-sobre-Seguridad.jpg",640,427,false],"web-stories-publisher-logo":["https:\/\/experienciadevida.com.ar\/portalurbano\/wp-content\/uploads\/2022\/06\/Concurrida-charla-sobre-Seguridad.jpg",96,64,false],"web-stories-thumbnail":["https:\/\/experienciadevida.com.ar\/portalurbano\/wp-content\/uploads\/2022\/06\/Concurrida-charla-sobre-Seguridad.jpg",150,100,false]},"author_info":{"display_name":"admpu17wp","author_link":"https:\/\/experienciadevida.com.ar\/portalurbano\/author\/admpu17wp\/"},"category_info":"<a href=\"https:\/\/experienciadevida.com.ar\/portalurbano\/category\/ciudad\/\" rel=\"category tag\">Ciudad<\/a>","tag_info":"Ciudad","comment_count":"0","amp_enabled":true,"_links":{"self":[{"href":"https:\/\/experienciadevida.com.ar\/portalurbano\/wp-json\/wp\/v2\/posts\/169141"}],"collection":[{"href":"https:\/\/experienciadevida.com.ar\/portalurbano\/wp-json\/wp\/v2\/posts"}],"about":[{"href":"https:\/\/experienciadevida.com.ar\/portalurbano\/wp-json\/wp\/v2\/types\/post"}],"author":[{"embeddable":true,"href":"https:\/\/experienciadevida.com.ar\/portalurbano\/wp-json\/wp\/v2\/users\/1"}],"replies":[{"embeddable":true,"href":"https:\/\/experienciadevida.com.ar\/portalurbano\/wp-json\/wp\/v2\/comments?post=169141"}],"version-history":[{"count":2,"href":"https:\/\/experienciadevida.com.ar\/portalurbano\/wp-json\/wp\/v2\/posts\/169141\/revisions"}],"predecessor-version":[{"id":169145,"href":"https:\/\/experienciadevida.com.ar\/portalurbano\/wp-json\/wp\/v2\/posts\/169141\/revisions\/169145"}],"wp:featuredmedia":[{"embeddable":true,"href":"https:\/\/experienciadevida.com.ar\/portalurbano\/wp-json\/wp\/v2\/media\/169142"}],"wp:attachment":[{"href":"https:\/\/experienciadevida.com.ar\/portalurbano\/wp-json\/wp\/v2\/media?parent=169141"}],"wp:term":[{"taxonomy":"category","embeddable":true,"href":"https:\/\/experienciadevida.com.ar\/portalurbano\/wp-json\/wp\/v2\/categories?post=169141"},{"taxonomy":"post_tag","embeddable":true,"href":"https:\/\/experienciadevida.com.ar\/portalurbano\/wp-json\/wp\/v2\/tags?post=169141"}],"curies":[{"name":"wp","href":"https:\/\/api.w.org\/{rel}","templated":true}]}}