{"id":169103,"date":"2022-06-07T16:47:41","date_gmt":"2022-06-07T19:47:41","guid":{"rendered":"https:\/\/experienciadevida.com.ar\/portalurbano\/?p=169103"},"modified":"2022-06-07T16:48:03","modified_gmt":"2022-06-07T19:48:03","slug":"por-ordenanza-quedara-establecida-la-gratuidad-de-las-practicas-que-se-lleven-adelante-en-el-nuevo-centro-veterinario-municipal","status":"publish","type":"post","link":"https:\/\/experienciadevida.com.ar\/portalurbano\/por-ordenanza-quedara-establecida-la-gratuidad-de-las-practicas-que-se-lleven-adelante-en-el-nuevo-centro-veterinario-municipal\/","title":{"rendered":"Por Ordenanza quedar\u00e1 establecida la gratuidad de las pr\u00e1cticas que se lleven adelante en el nuevo Centro Veterinario Municipal"},"content":{"rendered":"<p>Por Ordenanza quedar\u00e1 establecida la gratuidad de las pr\u00e1cticas que se lleven adelante en el nuevo Centro Veterinario Municipal.<\/p>\n<p>Presidida por la concejal de Juntos Guillermina Amespil se reuni\u00f3 la comisi\u00f3n de Legislaci\u00f3n del Concejo Deliberante que termin\u00f3 de dar despacho a distintos expedientes que ser\u00e1n tratados en la pr\u00f3xima Sesi\u00f3n Ordinaria<br \/>\nprevista para el jueves 9 de junio.<\/p>\n<p>Entre estos se destaca que fue despachado a sesi\u00f3n, con el voto mayoritario de Juntos y UCR-Juntos, el expediente 319\/20 de Regulaci\u00f3n de la Tenencia y Cuidado de Mascotas en el Partido de Olavarr\u00eda, estableciendo entre otros puntos, la gratuidad de todas las prestaciones brindadas por el Servicio Veterinario Municipal que se encuentren contempladas en esta nueva Ordenanza, y las medidas que se adopten como consecuencia de las mismas.<br \/>\nLa presidente de la Comisi\u00f3n de Legislaci\u00f3n resalt\u00f3 que con \u201cesta Ordenanza se busca darle mayor impulso al Centro Veterinario Municipal pr\u00f3ximo a inaugurarse&#8221;.<\/p>\n<p>Asimismo fue aprobado por unanimidad el pase a sesi\u00f3n del expediente 449\/21, aprobatorio de un nuevo marco regulatorio para la circulaci\u00f3n de veh\u00edculos de movilidad personal.<\/p>\n<p>Por \u00faltimo, la presidente del Concejo Deliberante <a href=\"https:\/\/www.instagram.com\/ceciliakrivochen\/?hl=es-la\">Cecilia Krivochen<\/a> inform\u00f3 que los presidentes y presidentas de bloque han sido convocados para la reuni\u00f3n de Labor Parlamentaria que se desarrollar\u00e1 el mi\u00e9rcoles a las 9 horas, all\u00ed quedar\u00e1 definido el Orden del D\u00eda de la Cuarta Sesi\u00f3n Ordinaria.<\/p>\n","protected":false},"excerpt":{"rendered":"<p>Por Ordenanza quedar\u00e1 establecida la gratuidad de las pr\u00e1cticas que se lleven adelante en el&#8230;<\/p>\n","protected":false},"author":1,"featured_media":169104,"comment_status":"closed","ping_status":"closed","sticky":false,"template":"","format":"standard","meta":{"content-type":""},"categories":[27],"tags":[],"nelio_content":{"isAutoShareEnabled":false,"autoShareEndMode":"default","automationSources":{"useContentSentences":true,"useSocialTemplates":true,"useCustomSentences":false,"customSentences":[]},"followers":[1],"suggestedReferences":[],"includedReferences":["https:\/\/www.instagram.com\/ceciliakrivochen\/?hl=es-la"],"efiUrl":"","efiAlt":"","highlights":[]},"yoast_head":"<!-- This site is optimized with the Yoast SEO plugin v20.7 - https:\/\/yoast.com\/wordpress\/plugins\/seo\/ -->\n<title>Por ordenanza quedar\u00e1 establecida la gratuidad del Centro veterinario<\/title>\n<meta name=\"description\" content=\"Por Ordenanza quedar\u00e1 establecida la gratuidad de las pr\u00e1cticas que se lleven adelante en el nuevo Centro Veterinario Municipal.\" \/>\n<meta name=\"robots\" content=\"index, follow, max-snippet:-1, max-image-preview:large, max-video-preview:-1\" \/>\n<link rel=\"canonical\" href=\"https:\/\/experienciadevida.com.ar\/portalurbano\/por-ordenanza-quedara-establecida-la-gratuidad-de-las-practicas-que-se-lleven-adelante-en-el-nuevo-centro-veterinario-municipal\/\" \/>\n<meta property=\"og:locale\" content=\"es_ES\" \/>\n<meta property=\"og:type\" content=\"article\" \/>\n<meta property=\"og:title\" content=\"Por ordenanza quedar\u00e1 establecida la gratuidad del Centro veterinario\" \/>\n<meta property=\"og:description\" content=\"Por Ordenanza quedar\u00e1 establecida la gratuidad de las pr\u00e1cticas que se lleven adelante en el nuevo Centro Veterinario Municipal.\" \/>\n<meta property=\"og:url\" content=\"https:\/\/experienciadevida.com.ar\/portalurbano\/por-ordenanza-quedara-establecida-la-gratuidad-de-las-practicas-que-se-lleven-adelante-en-el-nuevo-centro-veterinario-municipal\/\" \/>\n<meta property=\"article:publisher\" content=\"https:\/\/www.facebook.com\/Portal-Urbano-171542830093757\/\" \/>\n<meta property=\"article:published_time\" content=\"2022-06-07T19:47:41+00:00\" \/>\n<meta property=\"article:modified_time\" content=\"2022-06-07T19:48:03+00:00\" \/>\n<meta property=\"og:image\" content=\"https:\/\/experienciadevida.com.ar\/portalurbano\/wp-content\/uploads\/2022\/06\/Por-Ordenanza-quedara-establecida.jpg\" \/>\n\t<meta property=\"og:image:width\" content=\"1362\" \/>\n\t<meta property=\"og:image:height\" content=\"858\" \/>\n\t<meta property=\"og:image:type\" content=\"image\/jpeg\" \/>\n<meta name=\"author\" content=\"admpu17wp\" \/>\n<meta name=\"twitter:card\" content=\"summary_large_image\" \/>\n<meta name=\"twitter:creator\" content=\"@portalurbanook\" \/>\n<meta name=\"twitter:site\" content=\"@portalurbanook\" \/>\n<meta name=\"twitter:label1\" content=\"Escrito por\" \/>\n\t<meta name=\"twitter:data1\" content=\"admpu17wp\" \/>\n\t<meta name=\"twitter:label2\" content=\"Tiempo de lectura\" \/>\n\t<meta name=\"twitter:data2\" content=\"2 minutos\" \/>\n<script type=\"application\/ld+json\" class=\"yoast-schema-graph\">{\"@context\":\"https:\/\/schema.org\",\"@graph\":[{\"@type\":\"Article\",\"@id\":\"https:\/\/experienciadevida.com.ar\/portalurbano\/por-ordenanza-quedara-establecida-la-gratuidad-de-las-practicas-que-se-lleven-adelante-en-el-nuevo-centro-veterinario-municipal\/#article\",\"isPartOf\":{\"@id\":\"https:\/\/experienciadevida.com.ar\/portalurbano\/por-ordenanza-quedara-establecida-la-gratuidad-de-las-practicas-que-se-lleven-adelante-en-el-nuevo-centro-veterinario-municipal\/\"},\"author\":{\"name\":\"admpu17wp\",\"@id\":\"https:\/\/experienciadevida.com.ar\/portalurbano\/#\/schema\/person\/02dd326b1c4b056e9cc972486934a3a7\"},\"headline\":\"Por Ordenanza quedar\u00e1 establecida la gratuidad de las pr\u00e1cticas que se lleven adelante en el nuevo Centro Veterinario Municipal\",\"datePublished\":\"2022-06-07T19:47:41+00:00\",\"dateModified\":\"2022-06-07T19:48:03+00:00\",\"mainEntityOfPage\":{\"@id\":\"https:\/\/experienciadevida.com.ar\/portalurbano\/por-ordenanza-quedara-establecida-la-gratuidad-de-las-practicas-que-se-lleven-adelante-en-el-nuevo-centro-veterinario-municipal\/\"},\"wordCount\":260,\"publisher\":{\"@id\":\"https:\/\/experienciadevida.com.ar\/portalurbano\/#organization\"},\"articleSection\":[\"Ciudad\"],\"inLanguage\":\"es\"},{\"@type\":\"WebPage\",\"@id\":\"https:\/\/experienciadevida.com.ar\/portalurbano\/por-ordenanza-quedara-establecida-la-gratuidad-de-las-practicas-que-se-lleven-adelante-en-el-nuevo-centro-veterinario-municipal\/\",\"url\":\"https:\/\/experienciadevida.com.ar\/portalurbano\/por-ordenanza-quedara-establecida-la-gratuidad-de-las-practicas-que-se-lleven-adelante-en-el-nuevo-centro-veterinario-municipal\/\",\"name\":\"Por ordenanza quedar\u00e1 establecida la gratuidad del Centro veterinario\",\"isPartOf\":{\"@id\":\"https:\/\/experienciadevida.com.ar\/portalurbano\/#website\"},\"datePublished\":\"2022-06-07T19:47:41+00:00\",\"dateModified\":\"2022-06-07T19:48:03+00:00\",\"description\":\"Por Ordenanza quedar\u00e1 establecida la gratuidad de las pr\u00e1cticas que se lleven adelante en el nuevo Centro Veterinario Municipal.\",\"breadcrumb\":{\"@id\":\"https:\/\/experienciadevida.com.ar\/portalurbano\/por-ordenanza-quedara-establecida-la-gratuidad-de-las-practicas-que-se-lleven-adelante-en-el-nuevo-centro-veterinario-municipal\/#breadcrumb\"},\"inLanguage\":\"es\",\"potentialAction\":[{\"@type\":\"ReadAction\",\"target\":[\"https:\/\/experienciadevida.com.ar\/portalurbano\/por-ordenanza-quedara-establecida-la-gratuidad-de-las-practicas-que-se-lleven-adelante-en-el-nuevo-centro-veterinario-municipal\/\"]}]},{\"@type\":\"BreadcrumbList\",\"@id\":\"https:\/\/experienciadevida.com.ar\/portalurbano\/por-ordenanza-quedara-establecida-la-gratuidad-de-las-practicas-que-se-lleven-adelante-en-el-nuevo-centro-veterinario-municipal\/#breadcrumb\",\"itemListElement\":[{\"@type\":\"ListItem\",\"position\":1,\"name\":\"Portada\",\"item\":\"https:\/\/experienciadevida.com.ar\/portalurbano\/\"},{\"@type\":\"ListItem\",\"position\":2,\"name\":\"Por Ordenanza quedar\u00e1 establecida la gratuidad de las pr\u00e1cticas que se lleven adelante en el nuevo Centro Veterinario Municipal\"}]},{\"@type\":\"WebSite\",\"@id\":\"https:\/\/experienciadevida.com.ar\/portalurbano\/#website\",\"url\":\"https:\/\/experienciadevida.com.ar\/portalurbano\/\",\"name\":\"\",\"description\":\"\",\"publisher\":{\"@id\":\"https:\/\/experienciadevida.com.ar\/portalurbano\/#organization\"},\"potentialAction\":[{\"@type\":\"SearchAction\",\"target\":{\"@type\":\"EntryPoint\",\"urlTemplate\":\"https:\/\/experienciadevida.com.ar\/portalurbano\/?s={search_term_string}\"},\"query-input\":\"required name=search_term_string\"}],\"inLanguage\":\"es\"},{\"@type\":\"Organization\",\"@id\":\"https:\/\/experienciadevida.com.ar\/portalurbano\/#organization\",\"name\":\"Portal Urbano\",\"url\":\"https:\/\/experienciadevida.com.ar\/portalurbano\/\",\"logo\":{\"@type\":\"ImageObject\",\"inLanguage\":\"es\",\"@id\":\"https:\/\/experienciadevida.com.ar\/portalurbano\/#\/schema\/logo\/image\/\",\"url\":\"https:\/\/experienciadevida.com.ar\/portalurbano\/wp-content\/uploads\/2019\/09\/Logo-Original.png\",\"contentUrl\":\"https:\/\/experienciadevida.com.ar\/portalurbano\/wp-content\/uploads\/2019\/09\/Logo-Original.png\",\"width\":2236,\"height\":1216,\"caption\":\"Portal Urbano\"},\"image\":{\"@id\":\"https:\/\/experienciadevida.com.ar\/portalurbano\/#\/schema\/logo\/image\/\"},\"sameAs\":[\"https:\/\/www.facebook.com\/Portal-Urbano-171542830093757\/\",\"https:\/\/twitter.com\/portalurbanook\",\"https:\/\/www.instagram.com\/_portalurbano\/\",\"https:\/\/www.youtube.com\/channel\/UCXhagIfszH8KxFiOok79zbA?view_as=subscriber\"]},{\"@type\":\"Person\",\"@id\":\"https:\/\/experienciadevida.com.ar\/portalurbano\/#\/schema\/person\/02dd326b1c4b056e9cc972486934a3a7\",\"name\":\"admpu17wp\",\"image\":{\"@type\":\"ImageObject\",\"inLanguage\":\"es\",\"@id\":\"https:\/\/experienciadevida.com.ar\/portalurbano\/#\/schema\/person\/image\/\",\"url\":\"https:\/\/secure.gravatar.com\/avatar\/830d4c57adaae6630765e449a6908047?s=96&d=mm&r=g\",\"contentUrl\":\"https:\/\/secure.gravatar.com\/avatar\/830d4c57adaae6630765e449a6908047?s=96&d=mm&r=g\",\"caption\":\"admpu17wp\"}}]}<\/script>\n<!-- \/ Yoast SEO plugin. -->","yoast_head_json":{"title":"Por ordenanza quedar\u00e1 establecida la gratuidad del Centro veterinario","description":"Por Ordenanza quedar\u00e1 establecida la gratuidad de las pr\u00e1cticas que se lleven adelante en el nuevo Centro Veterinario Municipal.","robots":{"index":"index","follow":"follow","max-snippet":"max-snippet:-1","max-image-preview":"max-image-preview:large","max-video-preview":"max-video-preview:-1"},"canonical":"https:\/\/experienciadevida.com.ar\/portalurbano\/por-ordenanza-quedara-establecida-la-gratuidad-de-las-practicas-que-se-lleven-adelante-en-el-nuevo-centro-veterinario-municipal\/","og_locale":"es_ES","og_type":"article","og_title":"Por ordenanza quedar\u00e1 establecida la gratuidad del Centro veterinario","og_description":"Por Ordenanza quedar\u00e1 establecida la gratuidad de las pr\u00e1cticas que se lleven adelante en el nuevo Centro Veterinario Municipal.","og_url":"https:\/\/experienciadevida.com.ar\/portalurbano\/por-ordenanza-quedara-establecida-la-gratuidad-de-las-practicas-que-se-lleven-adelante-en-el-nuevo-centro-veterinario-municipal\/","article_publisher":"https:\/\/www.facebook.com\/Portal-Urbano-171542830093757\/","article_published_time":"2022-06-07T19:47:41+00:00","article_modified_time":"2022-06-07T19:48:03+00:00","og_image":[{"width":1362,"height":858,"url":"https:\/\/experienciadevida.com.ar\/portalurbano\/wp-content\/uploads\/2022\/06\/Por-Ordenanza-quedara-establecida.jpg","type":"image\/jpeg"}],"author":"admpu17wp","twitter_card":"summary_large_image","twitter_creator":"@portalurbanook","twitter_site":"@portalurbanook","twitter_misc":{"Escrito por":"admpu17wp","Tiempo de lectura":"2 minutos"},"schema":{"@context":"https:\/\/schema.org","@graph":[{"@type":"Article","@id":"https:\/\/experienciadevida.com.ar\/portalurbano\/por-ordenanza-quedara-establecida-la-gratuidad-de-las-practicas-que-se-lleven-adelante-en-el-nuevo-centro-veterinario-municipal\/#article","isPartOf":{"@id":"https:\/\/experienciadevida.com.ar\/portalurbano\/por-ordenanza-quedara-establecida-la-gratuidad-de-las-practicas-que-se-lleven-adelante-en-el-nuevo-centro-veterinario-municipal\/"},"author":{"name":"admpu17wp","@id":"https:\/\/experienciadevida.com.ar\/portalurbano\/#\/schema\/person\/02dd326b1c4b056e9cc972486934a3a7"},"headline":"Por Ordenanza quedar\u00e1 establecida la gratuidad de las pr\u00e1cticas que se lleven adelante en el nuevo Centro Veterinario Municipal","datePublished":"2022-06-07T19:47:41+00:00","dateModified":"2022-06-07T19:48:03+00:00","mainEntityOfPage":{"@id":"https:\/\/experienciadevida.com.ar\/portalurbano\/por-ordenanza-quedara-establecida-la-gratuidad-de-las-practicas-que-se-lleven-adelante-en-el-nuevo-centro-veterinario-municipal\/"},"wordCount":260,"publisher":{"@id":"https:\/\/experienciadevida.com.ar\/portalurbano\/#organization"},"articleSection":["Ciudad"],"inLanguage":"es"},{"@type":"WebPage","@id":"https:\/\/experienciadevida.com.ar\/portalurbano\/por-ordenanza-quedara-establecida-la-gratuidad-de-las-practicas-que-se-lleven-adelante-en-el-nuevo-centro-veterinario-municipal\/","url":"https:\/\/experienciadevida.com.ar\/portalurbano\/por-ordenanza-quedara-establecida-la-gratuidad-de-las-practicas-que-se-lleven-adelante-en-el-nuevo-centro-veterinario-municipal\/","name":"Por ordenanza quedar\u00e1 establecida la gratuidad del Centro veterinario","isPartOf":{"@id":"https:\/\/experienciadevida.com.ar\/portalurbano\/#website"},"datePublished":"2022-06-07T19:47:41+00:00","dateModified":"2022-06-07T19:48:03+00:00","description":"Por Ordenanza quedar\u00e1 establecida la gratuidad de las pr\u00e1cticas que se lleven adelante en el nuevo Centro Veterinario Municipal.","breadcrumb":{"@id":"https:\/\/experienciadevida.com.ar\/portalurbano\/por-ordenanza-quedara-establecida-la-gratuidad-de-las-practicas-que-se-lleven-adelante-en-el-nuevo-centro-veterinario-municipal\/#breadcrumb"},"inLanguage":"es","potentialAction":[{"@type":"ReadAction","target":["https:\/\/experienciadevida.com.ar\/portalurbano\/por-ordenanza-quedara-establecida-la-gratuidad-de-las-practicas-que-se-lleven-adelante-en-el-nuevo-centro-veterinario-municipal\/"]}]},{"@type":"BreadcrumbList","@id":"https:\/\/experienciadevida.com.ar\/portalurbano\/por-ordenanza-quedara-establecida-la-gratuidad-de-las-practicas-que-se-lleven-adelante-en-el-nuevo-centro-veterinario-municipal\/#breadcrumb","itemListElement":[{"@type":"ListItem","position":1,"name":"Portada","item":"https:\/\/experienciadevida.com.ar\/portalurbano\/"},{"@type":"ListItem","position":2,"name":"Por Ordenanza quedar\u00e1 establecida la gratuidad de las pr\u00e1cticas que se lleven adelante en el nuevo Centro Veterinario Municipal"}]},{"@type":"WebSite","@id":"https:\/\/experienciadevida.com.ar\/portalurbano\/#website","url":"https:\/\/experienciadevida.com.ar\/portalurbano\/","name":"","description":"","publisher":{"@id":"https:\/\/experienciadevida.com.ar\/portalurbano\/#organization"},"potentialAction":[{"@type":"SearchAction","target":{"@type":"EntryPoint","urlTemplate":"https:\/\/experienciadevida.com.ar\/portalurbano\/?s={search_term_string}"},"query-input":"required name=search_term_string"}],"inLanguage":"es"},{"@type":"Organization","@id":"https:\/\/experienciadevida.com.ar\/portalurbano\/#organization","name":"Portal Urbano","url":"https:\/\/experienciadevida.com.ar\/portalurbano\/","logo":{"@type":"ImageObject","inLanguage":"es","@id":"https:\/\/experienciadevida.com.ar\/portalurbano\/#\/schema\/logo\/image\/","url":"https:\/\/experienciadevida.com.ar\/portalurbano\/wp-content\/uploads\/2019\/09\/Logo-Original.png","contentUrl":"https:\/\/experienciadevida.com.ar\/portalurbano\/wp-content\/uploads\/2019\/09\/Logo-Original.png","width":2236,"height":1216,"caption":"Portal Urbano"},"image":{"@id":"https:\/\/experienciadevida.com.ar\/portalurbano\/#\/schema\/logo\/image\/"},"sameAs":["https:\/\/www.facebook.com\/Portal-Urbano-171542830093757\/","https:\/\/twitter.com\/portalurbanook","https:\/\/www.instagram.com\/_portalurbano\/","https:\/\/www.youtube.com\/channel\/UCXhagIfszH8KxFiOok79zbA?view_as=subscriber"]},{"@type":"Person","@id":"https:\/\/experienciadevida.com.ar\/portalurbano\/#\/schema\/person\/02dd326b1c4b056e9cc972486934a3a7","name":"admpu17wp","image":{"@type":"ImageObject","inLanguage":"es","@id":"https:\/\/experienciadevida.com.ar\/portalurbano\/#\/schema\/person\/image\/","url":"https:\/\/secure.gravatar.com\/avatar\/830d4c57adaae6630765e449a6908047?s=96&d=mm&r=g","contentUrl":"https:\/\/secure.gravatar.com\/avatar\/830d4c57adaae6630765e449a6908047?s=96&d=mm&r=g","caption":"admpu17wp"}}]}},"featured_image_urls":{"full":["https:\/\/experienciadevida.com.ar\/portalurbano\/wp-content\/uploads\/2022\/06\/Por-Ordenanza-quedara-establecida.jpg",1362,858,false],"thumbnail":["https:\/\/experienciadevida.com.ar\/portalurbano\/wp-content\/uploads\/2022\/06\/Por-Ordenanza-quedara-establecida-150x150.jpg",150,150,true],"medium":["https:\/\/experienciadevida.com.ar\/portalurbano\/wp-content\/uploads\/2022\/06\/Por-Ordenanza-quedara-establecida-300x189.jpg",300,189,true],"medium_large":["https:\/\/experienciadevida.com.ar\/portalurbano\/wp-content\/uploads\/2022\/06\/Por-Ordenanza-quedara-establecida-768x484.jpg",640,403,true],"large":["https:\/\/experienciadevida.com.ar\/portalurbano\/wp-content\/uploads\/2022\/06\/Por-Ordenanza-quedara-establecida-1024x645.jpg",640,403,true],"ug_big":["https:\/\/experienciadevida.com.ar\/portalurbano\/wp-content\/uploads\/2022\/06\/Por-Ordenanza-quedara-establecida-768x484.jpg",768,484,true],"1536x1536":["https:\/\/experienciadevida.com.ar\/portalurbano\/wp-content\/uploads\/2022\/06\/Por-Ordenanza-quedara-establecida.jpg",1362,858,false],"2048x2048":["https:\/\/experienciadevida.com.ar\/portalurbano\/wp-content\/uploads\/2022\/06\/Por-Ordenanza-quedara-establecida.jpg",1362,858,false],"newsever-slider-full":["https:\/\/experienciadevida.com.ar\/portalurbano\/wp-content\/uploads\/2022\/06\/Por-Ordenanza-quedara-establecida.jpg",1280,806,false],"newsever-featured":["https:\/\/experienciadevida.com.ar\/portalurbano\/wp-content\/uploads\/2022\/06\/Por-Ordenanza-quedara-establecida.jpg",1024,645,false],"newsever-medium":["https:\/\/experienciadevida.com.ar\/portalurbano\/wp-content\/uploads\/2022\/06\/Por-Ordenanza-quedara-establecida.jpg",720,454,false],"web-stories-poster-portrait":["https:\/\/experienciadevida.com.ar\/portalurbano\/wp-content\/uploads\/2022\/06\/Por-Ordenanza-quedara-establecida.jpg",640,403,false],"web-stories-publisher-logo":["https:\/\/experienciadevida.com.ar\/portalurbano\/wp-content\/uploads\/2022\/06\/Por-Ordenanza-quedara-establecida.jpg",96,60,false],"web-stories-thumbnail":["https:\/\/experienciadevida.com.ar\/portalurbano\/wp-content\/uploads\/2022\/06\/Por-Ordenanza-quedara-establecida.jpg",150,94,false]},"author_info":{"display_name":"admpu17wp","author_link":"https:\/\/experienciadevida.com.ar\/portalurbano\/author\/admpu17wp\/"},"category_info":"<a href=\"https:\/\/experienciadevida.com.ar\/portalurbano\/category\/ciudad\/\" rel=\"category tag\">Ciudad<\/a>","tag_info":"Ciudad","comment_count":"0","amp_enabled":true,"_links":{"self":[{"href":"https:\/\/experienciadevida.com.ar\/portalurbano\/wp-json\/wp\/v2\/posts\/169103"}],"collection":[{"href":"https:\/\/experienciadevida.com.ar\/portalurbano\/wp-json\/wp\/v2\/posts"}],"about":[{"href":"https:\/\/experienciadevida.com.ar\/portalurbano\/wp-json\/wp\/v2\/types\/post"}],"author":[{"embeddable":true,"href":"https:\/\/experienciadevida.com.ar\/portalurbano\/wp-json\/wp\/v2\/users\/1"}],"replies":[{"embeddable":true,"href":"https:\/\/experienciadevida.com.ar\/portalurbano\/wp-json\/wp\/v2\/comments?post=169103"}],"version-history":[{"count":1,"href":"https:\/\/experienciadevida.com.ar\/portalurbano\/wp-json\/wp\/v2\/posts\/169103\/revisions"}],"predecessor-version":[{"id":169105,"href":"https:\/\/experienciadevida.com.ar\/portalurbano\/wp-json\/wp\/v2\/posts\/169103\/revisions\/169105"}],"wp:featuredmedia":[{"embeddable":true,"href":"https:\/\/experienciadevida.com.ar\/portalurbano\/wp-json\/wp\/v2\/media\/169104"}],"wp:attachment":[{"href":"https:\/\/experienciadevida.com.ar\/portalurbano\/wp-json\/wp\/v2\/media?parent=169103"}],"wp:term":[{"taxonomy":"category","embeddable":true,"href":"https:\/\/experienciadevida.com.ar\/portalurbano\/wp-json\/wp\/v2\/categories?post=169103"},{"taxonomy":"post_tag","embeddable":true,"href":"https:\/\/experienciadevida.com.ar\/portalurbano\/wp-json\/wp\/v2\/tags?post=169103"}],"curies":[{"name":"wp","href":"https:\/\/api.w.org\/{rel}","templated":true}]}}