{"id":169063,"date":"2022-06-06T19:40:10","date_gmt":"2022-06-06T22:40:10","guid":{"rendered":"https:\/\/experienciadevida.com.ar\/portalurbano\/?p=169063"},"modified":"2022-06-06T19:44:27","modified_gmt":"2022-06-06T22:44:27","slug":"ante-una-gran-cantidad-de-empresarios-y-representantes-del-sector-productivo-se-concreto-el-encuentro-sobre-financiamiento-y-apoyo-para-pymes","status":"publish","type":"post","link":"https:\/\/experienciadevida.com.ar\/portalurbano\/ante-una-gran-cantidad-de-empresarios-y-representantes-del-sector-productivo-se-concreto-el-encuentro-sobre-financiamiento-y-apoyo-para-pymes\/","title":{"rendered":"Ante una gran cantidad de empresarios y representantes del sector productivo se concret\u00f3 el encuentro sobre financiamiento y apoyo para PyMes"},"content":{"rendered":"<p>Ante una gran cantidad de empresarios y representantes del sector productivo se concret\u00f3 el encuentro sobre financiamiento y apoyo para PyMes.<\/p>\n<p>Con el objetivo de impulsar el desarrollo local y que se conozcan las diferentes l\u00edneas y herramientas vigentes, la jornada \u00abAgenda Federal PYME\u00bb tuvo lugar en Olavarr\u00eda.<\/p>\n<p>La reuni\u00f3n fue organizada por el Ministerio de Desarrollo Productivo de Naci\u00f3n en coordinaci\u00f3n con la Uni\u00f3n Industrial, PIO y la Subsecretar\u00eda de Miner\u00eda Bonaerense y cont\u00f3 con la presencia del diputado provincial C\u00e9sar Valicenti, el funcionario provincial Federico Aguilera, los concejales Maximiliano Wesner y Ubaldo Garc\u00eda y la edil Mercedes Landivar.<\/p>\n<p>Federico Aguilera fue el encargado de abrir la jornada y aprovech\u00f3 para poner en valor el trabajo articulado que vienen realizando, destacar el potencial productivo del Partido de Olavarr\u00eda y la necesidad de que las herramientas est\u00e9n al alcance de todos los productores.<\/p>\n<p>Luego Sebasti\u00e1n Cernadas del Ministerio de Producci\u00f3n hizo un repaso de las l\u00edneas y programas de financiamiento de la Secretar\u00eda de la Peque\u00f1a y Mediana Empresa y de los Emprendedores de la Naci\u00f3n para el desarrollo productivo y luego abri\u00f3 un espacio para que los asistentes puedan preguntar y consultar sobre diferentes particularidades.<\/p>\n<p>Del evento participaron m\u00e1s 30 empresarios Pymes y representantes del sector productivo, quienes a lo largo del encuentro se mostraron muy conformes del acercamiento y la posibilidad de tener acceso directo a las herramientas vigentes para seguir creciendo, y tambi\u00e9n plantear algunas dificultades actuales.<\/p>\n<p><a href=\"https:\/\/experienciadevida.com.ar\/portalurbano\/ante-una-gran-cantidad-de-empresarios-y-representantes-del-sector-productivo-se-concreto-el-encuentro-sobre-financiamiento-y-apoyo-para-pymes\/ante-una\/\" rel=\"attachment wp-att-169066\"><img decoding=\"async\" class=\"alignnone size-full wp-image-169066\" src=\"https:\/\/experienciadevida.com.ar\/portalurbano\/wp-content\/uploads\/2022\/06\/Ante-una.jpg\" alt=\"Ante una \" width=\"960\" height=\"548\" srcset=\"https:\/\/experienciadevida.com.ar\/portalurbano\/wp-content\/uploads\/2022\/06\/Ante-una.jpg 960w, https:\/\/experienciadevida.com.ar\/portalurbano\/wp-content\/uploads\/2022\/06\/Ante-una-300x171.jpg 300w, https:\/\/experienciadevida.com.ar\/portalurbano\/wp-content\/uploads\/2022\/06\/Ante-una-768x438.jpg 768w\" sizes=\"(max-width: 960px) 100vw, 960px\" \/><\/a><\/p>\n","protected":false},"excerpt":{"rendered":"<p>Ante una gran cantidad de empresarios y representantes del sector productivo se concret\u00f3 el encuentro&#8230;<\/p>\n","protected":false},"author":1,"featured_media":169064,"comment_status":"closed","ping_status":"closed","sticky":false,"template":"","format":"standard","meta":{"content-type":""},"categories":[27,64],"tags":[],"nelio_content":{"isAutoShareEnabled":false,"autoShareEndMode":"default","automationSources":{"useContentSentences":true,"useSocialTemplates":true,"useCustomSentences":false,"customSentences":[]},"followers":[1],"suggestedReferences":[],"includedReferences":[],"efiUrl":"","efiAlt":"","highlights":[]},"yoast_head":"<!-- This site is optimized with the Yoast SEO plugin v20.7 - https:\/\/yoast.com\/wordpress\/plugins\/seo\/ -->\n<title>Ante una gran cantidad de empresarios se realiz\u00f3 un encuentro<\/title>\n<meta name=\"description\" content=\"Ante una gran cantidad de empresarios y representantes del sector productivo se concret\u00f3 el encuentro sobre financiamiento y apoyo para PyMes.\" \/>\n<meta name=\"robots\" content=\"index, follow, max-snippet:-1, max-image-preview:large, max-video-preview:-1\" \/>\n<link rel=\"canonical\" href=\"https:\/\/experienciadevida.com.ar\/portalurbano\/ante-una-gran-cantidad-de-empresarios-y-representantes-del-sector-productivo-se-concreto-el-encuentro-sobre-financiamiento-y-apoyo-para-pymes\/\" \/>\n<meta property=\"og:locale\" content=\"es_ES\" \/>\n<meta property=\"og:type\" content=\"article\" \/>\n<meta property=\"og:title\" content=\"Ante una gran cantidad de empresarios se realiz\u00f3 un encuentro\" \/>\n<meta property=\"og:description\" content=\"Ante una gran cantidad de empresarios y representantes del sector productivo se concret\u00f3 el encuentro sobre financiamiento y apoyo para PyMes.\" \/>\n<meta property=\"og:url\" content=\"https:\/\/experienciadevida.com.ar\/portalurbano\/ante-una-gran-cantidad-de-empresarios-y-representantes-del-sector-productivo-se-concreto-el-encuentro-sobre-financiamiento-y-apoyo-para-pymes\/\" \/>\n<meta property=\"article:publisher\" content=\"https:\/\/www.facebook.com\/Portal-Urbano-171542830093757\/\" \/>\n<meta property=\"article:published_time\" content=\"2022-06-06T22:40:10+00:00\" \/>\n<meta property=\"article:modified_time\" content=\"2022-06-06T22:44:27+00:00\" \/>\n<meta property=\"og:image\" content=\"https:\/\/experienciadevida.com.ar\/portalurbano\/wp-content\/uploads\/2022\/06\/Ante-una-gran-cantidad.jpg\" \/>\n\t<meta property=\"og:image:width\" content=\"960\" \/>\n\t<meta property=\"og:image:height\" content=\"594\" \/>\n\t<meta property=\"og:image:type\" content=\"image\/jpeg\" \/>\n<meta name=\"author\" content=\"admpu17wp\" \/>\n<meta name=\"twitter:card\" content=\"summary_large_image\" \/>\n<meta name=\"twitter:creator\" content=\"@portalurbanook\" \/>\n<meta name=\"twitter:site\" content=\"@portalurbanook\" \/>\n<meta name=\"twitter:label1\" content=\"Escrito por\" \/>\n\t<meta name=\"twitter:data1\" content=\"admpu17wp\" \/>\n\t<meta name=\"twitter:label2\" content=\"Tiempo de lectura\" \/>\n\t<meta name=\"twitter:data2\" content=\"2 minutos\" \/>\n<script type=\"application\/ld+json\" class=\"yoast-schema-graph\">{\"@context\":\"https:\/\/schema.org\",\"@graph\":[{\"@type\":\"Article\",\"@id\":\"https:\/\/experienciadevida.com.ar\/portalurbano\/ante-una-gran-cantidad-de-empresarios-y-representantes-del-sector-productivo-se-concreto-el-encuentro-sobre-financiamiento-y-apoyo-para-pymes\/#article\",\"isPartOf\":{\"@id\":\"https:\/\/experienciadevida.com.ar\/portalurbano\/ante-una-gran-cantidad-de-empresarios-y-representantes-del-sector-productivo-se-concreto-el-encuentro-sobre-financiamiento-y-apoyo-para-pymes\/\"},\"author\":{\"name\":\"admpu17wp\",\"@id\":\"https:\/\/experienciadevida.com.ar\/portalurbano\/#\/schema\/person\/02dd326b1c4b056e9cc972486934a3a7\"},\"headline\":\"Ante una gran cantidad de empresarios y representantes del sector productivo se concret\u00f3 el encuentro sobre financiamiento y apoyo para PyMes\",\"datePublished\":\"2022-06-06T22:40:10+00:00\",\"dateModified\":\"2022-06-06T22:44:27+00:00\",\"mainEntityOfPage\":{\"@id\":\"https:\/\/experienciadevida.com.ar\/portalurbano\/ante-una-gran-cantidad-de-empresarios-y-representantes-del-sector-productivo-se-concreto-el-encuentro-sobre-financiamiento-y-apoyo-para-pymes\/\"},\"wordCount\":280,\"publisher\":{\"@id\":\"https:\/\/experienciadevida.com.ar\/portalurbano\/#organization\"},\"articleSection\":[\"Ciudad\",\"Destacadas 2\"],\"inLanguage\":\"es\"},{\"@type\":\"WebPage\",\"@id\":\"https:\/\/experienciadevida.com.ar\/portalurbano\/ante-una-gran-cantidad-de-empresarios-y-representantes-del-sector-productivo-se-concreto-el-encuentro-sobre-financiamiento-y-apoyo-para-pymes\/\",\"url\":\"https:\/\/experienciadevida.com.ar\/portalurbano\/ante-una-gran-cantidad-de-empresarios-y-representantes-del-sector-productivo-se-concreto-el-encuentro-sobre-financiamiento-y-apoyo-para-pymes\/\",\"name\":\"Ante una gran cantidad de empresarios se realiz\u00f3 un encuentro\",\"isPartOf\":{\"@id\":\"https:\/\/experienciadevida.com.ar\/portalurbano\/#website\"},\"datePublished\":\"2022-06-06T22:40:10+00:00\",\"dateModified\":\"2022-06-06T22:44:27+00:00\",\"description\":\"Ante una gran cantidad de empresarios y representantes del sector productivo se concret\u00f3 el encuentro sobre financiamiento y apoyo para PyMes.\",\"breadcrumb\":{\"@id\":\"https:\/\/experienciadevida.com.ar\/portalurbano\/ante-una-gran-cantidad-de-empresarios-y-representantes-del-sector-productivo-se-concreto-el-encuentro-sobre-financiamiento-y-apoyo-para-pymes\/#breadcrumb\"},\"inLanguage\":\"es\",\"potentialAction\":[{\"@type\":\"ReadAction\",\"target\":[\"https:\/\/experienciadevida.com.ar\/portalurbano\/ante-una-gran-cantidad-de-empresarios-y-representantes-del-sector-productivo-se-concreto-el-encuentro-sobre-financiamiento-y-apoyo-para-pymes\/\"]}]},{\"@type\":\"BreadcrumbList\",\"@id\":\"https:\/\/experienciadevida.com.ar\/portalurbano\/ante-una-gran-cantidad-de-empresarios-y-representantes-del-sector-productivo-se-concreto-el-encuentro-sobre-financiamiento-y-apoyo-para-pymes\/#breadcrumb\",\"itemListElement\":[{\"@type\":\"ListItem\",\"position\":1,\"name\":\"Portada\",\"item\":\"https:\/\/experienciadevida.com.ar\/portalurbano\/\"},{\"@type\":\"ListItem\",\"position\":2,\"name\":\"Ante una gran cantidad de empresarios y representantes del sector productivo se concret\u00f3 el encuentro sobre financiamiento y apoyo para PyMes\"}]},{\"@type\":\"WebSite\",\"@id\":\"https:\/\/experienciadevida.com.ar\/portalurbano\/#website\",\"url\":\"https:\/\/experienciadevida.com.ar\/portalurbano\/\",\"name\":\"\",\"description\":\"\",\"publisher\":{\"@id\":\"https:\/\/experienciadevida.com.ar\/portalurbano\/#organization\"},\"potentialAction\":[{\"@type\":\"SearchAction\",\"target\":{\"@type\":\"EntryPoint\",\"urlTemplate\":\"https:\/\/experienciadevida.com.ar\/portalurbano\/?s={search_term_string}\"},\"query-input\":\"required name=search_term_string\"}],\"inLanguage\":\"es\"},{\"@type\":\"Organization\",\"@id\":\"https:\/\/experienciadevida.com.ar\/portalurbano\/#organization\",\"name\":\"Portal Urbano\",\"url\":\"https:\/\/experienciadevida.com.ar\/portalurbano\/\",\"logo\":{\"@type\":\"ImageObject\",\"inLanguage\":\"es\",\"@id\":\"https:\/\/experienciadevida.com.ar\/portalurbano\/#\/schema\/logo\/image\/\",\"url\":\"https:\/\/experienciadevida.com.ar\/portalurbano\/wp-content\/uploads\/2019\/09\/Logo-Original.png\",\"contentUrl\":\"https:\/\/experienciadevida.com.ar\/portalurbano\/wp-content\/uploads\/2019\/09\/Logo-Original.png\",\"width\":2236,\"height\":1216,\"caption\":\"Portal Urbano\"},\"image\":{\"@id\":\"https:\/\/experienciadevida.com.ar\/portalurbano\/#\/schema\/logo\/image\/\"},\"sameAs\":[\"https:\/\/www.facebook.com\/Portal-Urbano-171542830093757\/\",\"https:\/\/twitter.com\/portalurbanook\",\"https:\/\/www.instagram.com\/_portalurbano\/\",\"https:\/\/www.youtube.com\/channel\/UCXhagIfszH8KxFiOok79zbA?view_as=subscriber\"]},{\"@type\":\"Person\",\"@id\":\"https:\/\/experienciadevida.com.ar\/portalurbano\/#\/schema\/person\/02dd326b1c4b056e9cc972486934a3a7\",\"name\":\"admpu17wp\",\"image\":{\"@type\":\"ImageObject\",\"inLanguage\":\"es\",\"@id\":\"https:\/\/experienciadevida.com.ar\/portalurbano\/#\/schema\/person\/image\/\",\"url\":\"https:\/\/secure.gravatar.com\/avatar\/830d4c57adaae6630765e449a6908047?s=96&d=mm&r=g\",\"contentUrl\":\"https:\/\/secure.gravatar.com\/avatar\/830d4c57adaae6630765e449a6908047?s=96&d=mm&r=g\",\"caption\":\"admpu17wp\"}}]}<\/script>\n<!-- \/ Yoast SEO plugin. -->","yoast_head_json":{"title":"Ante una gran cantidad de empresarios se realiz\u00f3 un encuentro","description":"Ante una gran cantidad de empresarios y representantes del sector productivo se concret\u00f3 el encuentro sobre financiamiento y apoyo para PyMes.","robots":{"index":"index","follow":"follow","max-snippet":"max-snippet:-1","max-image-preview":"max-image-preview:large","max-video-preview":"max-video-preview:-1"},"canonical":"https:\/\/experienciadevida.com.ar\/portalurbano\/ante-una-gran-cantidad-de-empresarios-y-representantes-del-sector-productivo-se-concreto-el-encuentro-sobre-financiamiento-y-apoyo-para-pymes\/","og_locale":"es_ES","og_type":"article","og_title":"Ante una gran cantidad de empresarios se realiz\u00f3 un encuentro","og_description":"Ante una gran cantidad de empresarios y representantes del sector productivo se concret\u00f3 el encuentro sobre financiamiento y apoyo para PyMes.","og_url":"https:\/\/experienciadevida.com.ar\/portalurbano\/ante-una-gran-cantidad-de-empresarios-y-representantes-del-sector-productivo-se-concreto-el-encuentro-sobre-financiamiento-y-apoyo-para-pymes\/","article_publisher":"https:\/\/www.facebook.com\/Portal-Urbano-171542830093757\/","article_published_time":"2022-06-06T22:40:10+00:00","article_modified_time":"2022-06-06T22:44:27+00:00","og_image":[{"width":960,"height":594,"url":"https:\/\/experienciadevida.com.ar\/portalurbano\/wp-content\/uploads\/2022\/06\/Ante-una-gran-cantidad.jpg","type":"image\/jpeg"}],"author":"admpu17wp","twitter_card":"summary_large_image","twitter_creator":"@portalurbanook","twitter_site":"@portalurbanook","twitter_misc":{"Escrito por":"admpu17wp","Tiempo de lectura":"2 minutos"},"schema":{"@context":"https:\/\/schema.org","@graph":[{"@type":"Article","@id":"https:\/\/experienciadevida.com.ar\/portalurbano\/ante-una-gran-cantidad-de-empresarios-y-representantes-del-sector-productivo-se-concreto-el-encuentro-sobre-financiamiento-y-apoyo-para-pymes\/#article","isPartOf":{"@id":"https:\/\/experienciadevida.com.ar\/portalurbano\/ante-una-gran-cantidad-de-empresarios-y-representantes-del-sector-productivo-se-concreto-el-encuentro-sobre-financiamiento-y-apoyo-para-pymes\/"},"author":{"name":"admpu17wp","@id":"https:\/\/experienciadevida.com.ar\/portalurbano\/#\/schema\/person\/02dd326b1c4b056e9cc972486934a3a7"},"headline":"Ante una gran cantidad de empresarios y representantes del sector productivo se concret\u00f3 el encuentro sobre financiamiento y apoyo para PyMes","datePublished":"2022-06-06T22:40:10+00:00","dateModified":"2022-06-06T22:44:27+00:00","mainEntityOfPage":{"@id":"https:\/\/experienciadevida.com.ar\/portalurbano\/ante-una-gran-cantidad-de-empresarios-y-representantes-del-sector-productivo-se-concreto-el-encuentro-sobre-financiamiento-y-apoyo-para-pymes\/"},"wordCount":280,"publisher":{"@id":"https:\/\/experienciadevida.com.ar\/portalurbano\/#organization"},"articleSection":["Ciudad","Destacadas 2"],"inLanguage":"es"},{"@type":"WebPage","@id":"https:\/\/experienciadevida.com.ar\/portalurbano\/ante-una-gran-cantidad-de-empresarios-y-representantes-del-sector-productivo-se-concreto-el-encuentro-sobre-financiamiento-y-apoyo-para-pymes\/","url":"https:\/\/experienciadevida.com.ar\/portalurbano\/ante-una-gran-cantidad-de-empresarios-y-representantes-del-sector-productivo-se-concreto-el-encuentro-sobre-financiamiento-y-apoyo-para-pymes\/","name":"Ante una gran cantidad de empresarios se realiz\u00f3 un encuentro","isPartOf":{"@id":"https:\/\/experienciadevida.com.ar\/portalurbano\/#website"},"datePublished":"2022-06-06T22:40:10+00:00","dateModified":"2022-06-06T22:44:27+00:00","description":"Ante una gran cantidad de empresarios y representantes del sector productivo se concret\u00f3 el encuentro sobre financiamiento y apoyo para PyMes.","breadcrumb":{"@id":"https:\/\/experienciadevida.com.ar\/portalurbano\/ante-una-gran-cantidad-de-empresarios-y-representantes-del-sector-productivo-se-concreto-el-encuentro-sobre-financiamiento-y-apoyo-para-pymes\/#breadcrumb"},"inLanguage":"es","potentialAction":[{"@type":"ReadAction","target":["https:\/\/experienciadevida.com.ar\/portalurbano\/ante-una-gran-cantidad-de-empresarios-y-representantes-del-sector-productivo-se-concreto-el-encuentro-sobre-financiamiento-y-apoyo-para-pymes\/"]}]},{"@type":"BreadcrumbList","@id":"https:\/\/experienciadevida.com.ar\/portalurbano\/ante-una-gran-cantidad-de-empresarios-y-representantes-del-sector-productivo-se-concreto-el-encuentro-sobre-financiamiento-y-apoyo-para-pymes\/#breadcrumb","itemListElement":[{"@type":"ListItem","position":1,"name":"Portada","item":"https:\/\/experienciadevida.com.ar\/portalurbano\/"},{"@type":"ListItem","position":2,"name":"Ante una gran cantidad de empresarios y representantes del sector productivo se concret\u00f3 el encuentro sobre financiamiento y apoyo para PyMes"}]},{"@type":"WebSite","@id":"https:\/\/experienciadevida.com.ar\/portalurbano\/#website","url":"https:\/\/experienciadevida.com.ar\/portalurbano\/","name":"","description":"","publisher":{"@id":"https:\/\/experienciadevida.com.ar\/portalurbano\/#organization"},"potentialAction":[{"@type":"SearchAction","target":{"@type":"EntryPoint","urlTemplate":"https:\/\/experienciadevida.com.ar\/portalurbano\/?s={search_term_string}"},"query-input":"required name=search_term_string"}],"inLanguage":"es"},{"@type":"Organization","@id":"https:\/\/experienciadevida.com.ar\/portalurbano\/#organization","name":"Portal Urbano","url":"https:\/\/experienciadevida.com.ar\/portalurbano\/","logo":{"@type":"ImageObject","inLanguage":"es","@id":"https:\/\/experienciadevida.com.ar\/portalurbano\/#\/schema\/logo\/image\/","url":"https:\/\/experienciadevida.com.ar\/portalurbano\/wp-content\/uploads\/2019\/09\/Logo-Original.png","contentUrl":"https:\/\/experienciadevida.com.ar\/portalurbano\/wp-content\/uploads\/2019\/09\/Logo-Original.png","width":2236,"height":1216,"caption":"Portal Urbano"},"image":{"@id":"https:\/\/experienciadevida.com.ar\/portalurbano\/#\/schema\/logo\/image\/"},"sameAs":["https:\/\/www.facebook.com\/Portal-Urbano-171542830093757\/","https:\/\/twitter.com\/portalurbanook","https:\/\/www.instagram.com\/_portalurbano\/","https:\/\/www.youtube.com\/channel\/UCXhagIfszH8KxFiOok79zbA?view_as=subscriber"]},{"@type":"Person","@id":"https:\/\/experienciadevida.com.ar\/portalurbano\/#\/schema\/person\/02dd326b1c4b056e9cc972486934a3a7","name":"admpu17wp","image":{"@type":"ImageObject","inLanguage":"es","@id":"https:\/\/experienciadevida.com.ar\/portalurbano\/#\/schema\/person\/image\/","url":"https:\/\/secure.gravatar.com\/avatar\/830d4c57adaae6630765e449a6908047?s=96&d=mm&r=g","contentUrl":"https:\/\/secure.gravatar.com\/avatar\/830d4c57adaae6630765e449a6908047?s=96&d=mm&r=g","caption":"admpu17wp"}}]}},"featured_image_urls":{"full":["https:\/\/experienciadevida.com.ar\/portalurbano\/wp-content\/uploads\/2022\/06\/Ante-una-gran-cantidad.jpg",960,594,false],"thumbnail":["https:\/\/experienciadevida.com.ar\/portalurbano\/wp-content\/uploads\/2022\/06\/Ante-una-gran-cantidad-150x150.jpg",150,150,true],"medium":["https:\/\/experienciadevida.com.ar\/portalurbano\/wp-content\/uploads\/2022\/06\/Ante-una-gran-cantidad-300x186.jpg",300,186,true],"medium_large":["https:\/\/experienciadevida.com.ar\/portalurbano\/wp-content\/uploads\/2022\/06\/Ante-una-gran-cantidad-768x475.jpg",640,396,true],"large":["https:\/\/experienciadevida.com.ar\/portalurbano\/wp-content\/uploads\/2022\/06\/Ante-una-gran-cantidad.jpg",640,396,false],"ug_big":["https:\/\/experienciadevida.com.ar\/portalurbano\/wp-content\/uploads\/2022\/06\/Ante-una-gran-cantidad-768x475.jpg",768,475,true],"1536x1536":["https:\/\/experienciadevida.com.ar\/portalurbano\/wp-content\/uploads\/2022\/06\/Ante-una-gran-cantidad.jpg",960,594,false],"2048x2048":["https:\/\/experienciadevida.com.ar\/portalurbano\/wp-content\/uploads\/2022\/06\/Ante-una-gran-cantidad.jpg",960,594,false],"newsever-slider-full":["https:\/\/experienciadevida.com.ar\/portalurbano\/wp-content\/uploads\/2022\/06\/Ante-una-gran-cantidad.jpg",960,594,false],"newsever-featured":["https:\/\/experienciadevida.com.ar\/portalurbano\/wp-content\/uploads\/2022\/06\/Ante-una-gran-cantidad.jpg",960,594,false],"newsever-medium":["https:\/\/experienciadevida.com.ar\/portalurbano\/wp-content\/uploads\/2022\/06\/Ante-una-gran-cantidad.jpg",720,446,false],"web-stories-poster-portrait":["https:\/\/experienciadevida.com.ar\/portalurbano\/wp-content\/uploads\/2022\/06\/Ante-una-gran-cantidad.jpg",640,396,false],"web-stories-publisher-logo":["https:\/\/experienciadevida.com.ar\/portalurbano\/wp-content\/uploads\/2022\/06\/Ante-una-gran-cantidad.jpg",96,59,false],"web-stories-thumbnail":["https:\/\/experienciadevida.com.ar\/portalurbano\/wp-content\/uploads\/2022\/06\/Ante-una-gran-cantidad.jpg",150,93,false]},"author_info":{"display_name":"admpu17wp","author_link":"https:\/\/experienciadevida.com.ar\/portalurbano\/author\/admpu17wp\/"},"category_info":"<a href=\"https:\/\/experienciadevida.com.ar\/portalurbano\/category\/ciudad\/\" rel=\"category tag\">Ciudad<\/a> <a href=\"https:\/\/experienciadevida.com.ar\/portalurbano\/category\/destacadas-2\/\" rel=\"category tag\">Destacadas 2<\/a>","tag_info":"Destacadas 2","comment_count":"0","amp_enabled":true,"_links":{"self":[{"href":"https:\/\/experienciadevida.com.ar\/portalurbano\/wp-json\/wp\/v2\/posts\/169063"}],"collection":[{"href":"https:\/\/experienciadevida.com.ar\/portalurbano\/wp-json\/wp\/v2\/posts"}],"about":[{"href":"https:\/\/experienciadevida.com.ar\/portalurbano\/wp-json\/wp\/v2\/types\/post"}],"author":[{"embeddable":true,"href":"https:\/\/experienciadevida.com.ar\/portalurbano\/wp-json\/wp\/v2\/users\/1"}],"replies":[{"embeddable":true,"href":"https:\/\/experienciadevida.com.ar\/portalurbano\/wp-json\/wp\/v2\/comments?post=169063"}],"version-history":[{"count":2,"href":"https:\/\/experienciadevida.com.ar\/portalurbano\/wp-json\/wp\/v2\/posts\/169063\/revisions"}],"predecessor-version":[{"id":169067,"href":"https:\/\/experienciadevida.com.ar\/portalurbano\/wp-json\/wp\/v2\/posts\/169063\/revisions\/169067"}],"wp:featuredmedia":[{"embeddable":true,"href":"https:\/\/experienciadevida.com.ar\/portalurbano\/wp-json\/wp\/v2\/media\/169064"}],"wp:attachment":[{"href":"https:\/\/experienciadevida.com.ar\/portalurbano\/wp-json\/wp\/v2\/media?parent=169063"}],"wp:term":[{"taxonomy":"category","embeddable":true,"href":"https:\/\/experienciadevida.com.ar\/portalurbano\/wp-json\/wp\/v2\/categories?post=169063"},{"taxonomy":"post_tag","embeddable":true,"href":"https:\/\/experienciadevida.com.ar\/portalurbano\/wp-json\/wp\/v2\/tags?post=169063"}],"curies":[{"name":"wp","href":"https:\/\/api.w.org\/{rel}","templated":true}]}}