{"id":169052,"date":"2022-06-06T19:31:58","date_gmt":"2022-06-06T22:31:58","guid":{"rendered":"https:\/\/experienciadevida.com.ar\/portalurbano\/?p=169052"},"modified":"2022-06-06T19:32:34","modified_gmt":"2022-06-06T22:32:34","slug":"taller-de-reproduccion-de-plantas-nativas-herbaceas","status":"publish","type":"post","link":"https:\/\/experienciadevida.com.ar\/portalurbano\/taller-de-reproduccion-de-plantas-nativas-herbaceas\/","title":{"rendered":"\u201cTaller de reproducci\u00f3n de plantas nativas herb\u00e1ceas\u201d"},"content":{"rendered":"<p>\u201cTaller de reproducci\u00f3n de plantas nativas herb\u00e1ceas\u201d, en el marco del Proyecto de Extensi\u00f3n Aulas Verdes de Nativas de la Facultad de Agronom\u00eda UNICEN, el viernes 10 de junio, de 15 a 17 hs, se llevar\u00e1 a cabo el \u201cTaller de reproducci\u00f3n de plantas nativas herb\u00e1ceas\u201d, dictado por Marcos Pav\u00f3n.<\/p>\n<p>Cabe destacar que esta actividad se desarrollar\u00e1 bajo la modalidad h\u00edbrida. Quienes est\u00e9n interesados en participar de forma presencial, el mismo tendr\u00e1 lugar en el Laboratorio 4, Pabell\u00f3n de Biolog\u00eda de la Facultad de Agronom\u00eda.<\/p>\n<p>Para participar en forma presencial, inscribirse en el siguiente link:<\/p>\n<p>https:\/\/docs.google.com\/forms\/d\/e\/1FAIpQLSeO-ps-8QUsBIsl4VqwgmXvvEd&#8211;RBMrQhB6C_XWBudm3rkJQ\/viewform?usp=sf_link;<br \/>\nen tanto, para seguirla de forma virtual, inscribirse en:<\/p>\n<p>https:\/\/docs.google.com\/forms\/d\/e\/1FAIpQLSeS1cFVm6OVvvuEAmI2CkqgjOYbX499Qyfz4MS-4Rjwwaoefw\/viewform?usp=sf_link<\/p>\n","protected":false},"excerpt":{"rendered":"<p>\u201cTaller de reproducci\u00f3n de plantas nativas herb\u00e1ceas\u201d, en el marco del Proyecto de Extensi\u00f3n Aulas&#8230;<\/p>\n","protected":false},"author":1,"featured_media":169055,"comment_status":"closed","ping_status":"closed","sticky":false,"template":"","format":"standard","meta":{"content-type":""},"categories":[27],"tags":[],"nelio_content":{"isAutoShareEnabled":false,"autoShareEndMode":"default","automationSources":{"useContentSentences":true,"useSocialTemplates":true,"useCustomSentences":false,"customSentences":[]},"followers":[1],"suggestedReferences":[],"includedReferences":[],"efiUrl":"","efiAlt":"","highlights":[]},"yoast_head":"<!-- This site is optimized with the Yoast SEO plugin v20.7 - https:\/\/yoast.com\/wordpress\/plugins\/seo\/ -->\n<title>&quot;Taller de reproducci\u00f3n de plantas nativas herb\u00e1ceas&quot;<\/title>\n<meta name=\"description\" content=\"\u201cTaller de reproducci\u00f3n de plantas nativas herb\u00e1ceas\u201d, en el marco del Proyecto de Extensi\u00f3n Aulas Verdes de Nativas de la Facultad\" \/>\n<meta name=\"robots\" content=\"index, follow, max-snippet:-1, max-image-preview:large, max-video-preview:-1\" \/>\n<link rel=\"canonical\" href=\"https:\/\/experienciadevida.com.ar\/portalurbano\/taller-de-reproduccion-de-plantas-nativas-herbaceas\/\" \/>\n<meta property=\"og:locale\" content=\"es_ES\" \/>\n<meta property=\"og:type\" content=\"article\" \/>\n<meta property=\"og:title\" content=\"&quot;Taller de reproducci\u00f3n de plantas nativas herb\u00e1ceas&quot;\" \/>\n<meta property=\"og:description\" content=\"\u201cTaller de reproducci\u00f3n de plantas nativas herb\u00e1ceas\u201d, en el marco del Proyecto de Extensi\u00f3n Aulas Verdes de Nativas de la Facultad\" \/>\n<meta property=\"og:url\" content=\"https:\/\/experienciadevida.com.ar\/portalurbano\/taller-de-reproduccion-de-plantas-nativas-herbaceas\/\" \/>\n<meta property=\"article:publisher\" content=\"https:\/\/www.facebook.com\/Portal-Urbano-171542830093757\/\" \/>\n<meta property=\"article:published_time\" content=\"2022-06-06T22:31:58+00:00\" \/>\n<meta property=\"article:modified_time\" content=\"2022-06-06T22:32:34+00:00\" \/>\n<meta property=\"og:image\" content=\"https:\/\/experienciadevida.com.ar\/portalurbano\/wp-content\/uploads\/2022\/06\/Taller-de-reproduccion-de-724x1024.png\" \/>\n\t<meta property=\"og:image:width\" content=\"724\" \/>\n\t<meta property=\"og:image:height\" content=\"1024\" \/>\n\t<meta property=\"og:image:type\" content=\"image\/png\" \/>\n<meta name=\"author\" content=\"admpu17wp\" \/>\n<meta name=\"twitter:card\" content=\"summary_large_image\" \/>\n<meta name=\"twitter:creator\" content=\"@portalurbanook\" \/>\n<meta name=\"twitter:site\" content=\"@portalurbanook\" \/>\n<meta name=\"twitter:label1\" content=\"Escrito por\" \/>\n\t<meta name=\"twitter:data1\" content=\"admpu17wp\" \/>\n\t<meta name=\"twitter:label2\" content=\"Tiempo de lectura\" \/>\n\t<meta name=\"twitter:data2\" content=\"1 minuto\" \/>\n<script type=\"application\/ld+json\" class=\"yoast-schema-graph\">{\"@context\":\"https:\/\/schema.org\",\"@graph\":[{\"@type\":\"Article\",\"@id\":\"https:\/\/experienciadevida.com.ar\/portalurbano\/taller-de-reproduccion-de-plantas-nativas-herbaceas\/#article\",\"isPartOf\":{\"@id\":\"https:\/\/experienciadevida.com.ar\/portalurbano\/taller-de-reproduccion-de-plantas-nativas-herbaceas\/\"},\"author\":{\"name\":\"admpu17wp\",\"@id\":\"https:\/\/experienciadevida.com.ar\/portalurbano\/#\/schema\/person\/02dd326b1c4b056e9cc972486934a3a7\"},\"headline\":\"\u201cTaller de reproducci\u00f3n de plantas nativas herb\u00e1ceas\u201d\",\"datePublished\":\"2022-06-06T22:31:58+00:00\",\"dateModified\":\"2022-06-06T22:32:34+00:00\",\"mainEntityOfPage\":{\"@id\":\"https:\/\/experienciadevida.com.ar\/portalurbano\/taller-de-reproduccion-de-plantas-nativas-herbaceas\/\"},\"wordCount\":156,\"publisher\":{\"@id\":\"https:\/\/experienciadevida.com.ar\/portalurbano\/#organization\"},\"articleSection\":[\"Ciudad\"],\"inLanguage\":\"es\"},{\"@type\":\"WebPage\",\"@id\":\"https:\/\/experienciadevida.com.ar\/portalurbano\/taller-de-reproduccion-de-plantas-nativas-herbaceas\/\",\"url\":\"https:\/\/experienciadevida.com.ar\/portalurbano\/taller-de-reproduccion-de-plantas-nativas-herbaceas\/\",\"name\":\"\\\"Taller de reproducci\u00f3n de plantas nativas herb\u00e1ceas\\\"\",\"isPartOf\":{\"@id\":\"https:\/\/experienciadevida.com.ar\/portalurbano\/#website\"},\"datePublished\":\"2022-06-06T22:31:58+00:00\",\"dateModified\":\"2022-06-06T22:32:34+00:00\",\"description\":\"\u201cTaller de reproducci\u00f3n de plantas nativas herb\u00e1ceas\u201d, en el marco del Proyecto de Extensi\u00f3n Aulas Verdes de Nativas de la Facultad\",\"breadcrumb\":{\"@id\":\"https:\/\/experienciadevida.com.ar\/portalurbano\/taller-de-reproduccion-de-plantas-nativas-herbaceas\/#breadcrumb\"},\"inLanguage\":\"es\",\"potentialAction\":[{\"@type\":\"ReadAction\",\"target\":[\"https:\/\/experienciadevida.com.ar\/portalurbano\/taller-de-reproduccion-de-plantas-nativas-herbaceas\/\"]}]},{\"@type\":\"BreadcrumbList\",\"@id\":\"https:\/\/experienciadevida.com.ar\/portalurbano\/taller-de-reproduccion-de-plantas-nativas-herbaceas\/#breadcrumb\",\"itemListElement\":[{\"@type\":\"ListItem\",\"position\":1,\"name\":\"Portada\",\"item\":\"https:\/\/experienciadevida.com.ar\/portalurbano\/\"},{\"@type\":\"ListItem\",\"position\":2,\"name\":\"\u201cTaller de reproducci\u00f3n de plantas nativas herb\u00e1ceas\u201d\"}]},{\"@type\":\"WebSite\",\"@id\":\"https:\/\/experienciadevida.com.ar\/portalurbano\/#website\",\"url\":\"https:\/\/experienciadevida.com.ar\/portalurbano\/\",\"name\":\"\",\"description\":\"\",\"publisher\":{\"@id\":\"https:\/\/experienciadevida.com.ar\/portalurbano\/#organization\"},\"potentialAction\":[{\"@type\":\"SearchAction\",\"target\":{\"@type\":\"EntryPoint\",\"urlTemplate\":\"https:\/\/experienciadevida.com.ar\/portalurbano\/?s={search_term_string}\"},\"query-input\":\"required name=search_term_string\"}],\"inLanguage\":\"es\"},{\"@type\":\"Organization\",\"@id\":\"https:\/\/experienciadevida.com.ar\/portalurbano\/#organization\",\"name\":\"Portal Urbano\",\"url\":\"https:\/\/experienciadevida.com.ar\/portalurbano\/\",\"logo\":{\"@type\":\"ImageObject\",\"inLanguage\":\"es\",\"@id\":\"https:\/\/experienciadevida.com.ar\/portalurbano\/#\/schema\/logo\/image\/\",\"url\":\"https:\/\/experienciadevida.com.ar\/portalurbano\/wp-content\/uploads\/2019\/09\/Logo-Original.png\",\"contentUrl\":\"https:\/\/experienciadevida.com.ar\/portalurbano\/wp-content\/uploads\/2019\/09\/Logo-Original.png\",\"width\":2236,\"height\":1216,\"caption\":\"Portal Urbano\"},\"image\":{\"@id\":\"https:\/\/experienciadevida.com.ar\/portalurbano\/#\/schema\/logo\/image\/\"},\"sameAs\":[\"https:\/\/www.facebook.com\/Portal-Urbano-171542830093757\/\",\"https:\/\/twitter.com\/portalurbanook\",\"https:\/\/www.instagram.com\/_portalurbano\/\",\"https:\/\/www.youtube.com\/channel\/UCXhagIfszH8KxFiOok79zbA?view_as=subscriber\"]},{\"@type\":\"Person\",\"@id\":\"https:\/\/experienciadevida.com.ar\/portalurbano\/#\/schema\/person\/02dd326b1c4b056e9cc972486934a3a7\",\"name\":\"admpu17wp\",\"image\":{\"@type\":\"ImageObject\",\"inLanguage\":\"es\",\"@id\":\"https:\/\/experienciadevida.com.ar\/portalurbano\/#\/schema\/person\/image\/\",\"url\":\"https:\/\/secure.gravatar.com\/avatar\/830d4c57adaae6630765e449a6908047?s=96&d=mm&r=g\",\"contentUrl\":\"https:\/\/secure.gravatar.com\/avatar\/830d4c57adaae6630765e449a6908047?s=96&d=mm&r=g\",\"caption\":\"admpu17wp\"}}]}<\/script>\n<!-- \/ Yoast SEO plugin. -->","yoast_head_json":{"title":"\"Taller de reproducci\u00f3n de plantas nativas herb\u00e1ceas\"","description":"\u201cTaller de reproducci\u00f3n de plantas nativas herb\u00e1ceas\u201d, en el marco del Proyecto de Extensi\u00f3n Aulas Verdes de Nativas de la Facultad","robots":{"index":"index","follow":"follow","max-snippet":"max-snippet:-1","max-image-preview":"max-image-preview:large","max-video-preview":"max-video-preview:-1"},"canonical":"https:\/\/experienciadevida.com.ar\/portalurbano\/taller-de-reproduccion-de-plantas-nativas-herbaceas\/","og_locale":"es_ES","og_type":"article","og_title":"\"Taller de reproducci\u00f3n de plantas nativas herb\u00e1ceas\"","og_description":"\u201cTaller de reproducci\u00f3n de plantas nativas herb\u00e1ceas\u201d, en el marco del Proyecto de Extensi\u00f3n Aulas Verdes de Nativas de la Facultad","og_url":"https:\/\/experienciadevida.com.ar\/portalurbano\/taller-de-reproduccion-de-plantas-nativas-herbaceas\/","article_publisher":"https:\/\/www.facebook.com\/Portal-Urbano-171542830093757\/","article_published_time":"2022-06-06T22:31:58+00:00","article_modified_time":"2022-06-06T22:32:34+00:00","og_image":[{"width":724,"height":1024,"url":"https:\/\/experienciadevida.com.ar\/portalurbano\/wp-content\/uploads\/2022\/06\/Taller-de-reproduccion-de-724x1024.png","type":"image\/png"}],"author":"admpu17wp","twitter_card":"summary_large_image","twitter_creator":"@portalurbanook","twitter_site":"@portalurbanook","twitter_misc":{"Escrito por":"admpu17wp","Tiempo de lectura":"1 minuto"},"schema":{"@context":"https:\/\/schema.org","@graph":[{"@type":"Article","@id":"https:\/\/experienciadevida.com.ar\/portalurbano\/taller-de-reproduccion-de-plantas-nativas-herbaceas\/#article","isPartOf":{"@id":"https:\/\/experienciadevida.com.ar\/portalurbano\/taller-de-reproduccion-de-plantas-nativas-herbaceas\/"},"author":{"name":"admpu17wp","@id":"https:\/\/experienciadevida.com.ar\/portalurbano\/#\/schema\/person\/02dd326b1c4b056e9cc972486934a3a7"},"headline":"\u201cTaller de reproducci\u00f3n de plantas nativas herb\u00e1ceas\u201d","datePublished":"2022-06-06T22:31:58+00:00","dateModified":"2022-06-06T22:32:34+00:00","mainEntityOfPage":{"@id":"https:\/\/experienciadevida.com.ar\/portalurbano\/taller-de-reproduccion-de-plantas-nativas-herbaceas\/"},"wordCount":156,"publisher":{"@id":"https:\/\/experienciadevida.com.ar\/portalurbano\/#organization"},"articleSection":["Ciudad"],"inLanguage":"es"},{"@type":"WebPage","@id":"https:\/\/experienciadevida.com.ar\/portalurbano\/taller-de-reproduccion-de-plantas-nativas-herbaceas\/","url":"https:\/\/experienciadevida.com.ar\/portalurbano\/taller-de-reproduccion-de-plantas-nativas-herbaceas\/","name":"\"Taller de reproducci\u00f3n de plantas nativas herb\u00e1ceas\"","isPartOf":{"@id":"https:\/\/experienciadevida.com.ar\/portalurbano\/#website"},"datePublished":"2022-06-06T22:31:58+00:00","dateModified":"2022-06-06T22:32:34+00:00","description":"\u201cTaller de reproducci\u00f3n de plantas nativas herb\u00e1ceas\u201d, en el marco del Proyecto de Extensi\u00f3n Aulas Verdes de Nativas de la Facultad","breadcrumb":{"@id":"https:\/\/experienciadevida.com.ar\/portalurbano\/taller-de-reproduccion-de-plantas-nativas-herbaceas\/#breadcrumb"},"inLanguage":"es","potentialAction":[{"@type":"ReadAction","target":["https:\/\/experienciadevida.com.ar\/portalurbano\/taller-de-reproduccion-de-plantas-nativas-herbaceas\/"]}]},{"@type":"BreadcrumbList","@id":"https:\/\/experienciadevida.com.ar\/portalurbano\/taller-de-reproduccion-de-plantas-nativas-herbaceas\/#breadcrumb","itemListElement":[{"@type":"ListItem","position":1,"name":"Portada","item":"https:\/\/experienciadevida.com.ar\/portalurbano\/"},{"@type":"ListItem","position":2,"name":"\u201cTaller de reproducci\u00f3n de plantas nativas herb\u00e1ceas\u201d"}]},{"@type":"WebSite","@id":"https:\/\/experienciadevida.com.ar\/portalurbano\/#website","url":"https:\/\/experienciadevida.com.ar\/portalurbano\/","name":"","description":"","publisher":{"@id":"https:\/\/experienciadevida.com.ar\/portalurbano\/#organization"},"potentialAction":[{"@type":"SearchAction","target":{"@type":"EntryPoint","urlTemplate":"https:\/\/experienciadevida.com.ar\/portalurbano\/?s={search_term_string}"},"query-input":"required name=search_term_string"}],"inLanguage":"es"},{"@type":"Organization","@id":"https:\/\/experienciadevida.com.ar\/portalurbano\/#organization","name":"Portal Urbano","url":"https:\/\/experienciadevida.com.ar\/portalurbano\/","logo":{"@type":"ImageObject","inLanguage":"es","@id":"https:\/\/experienciadevida.com.ar\/portalurbano\/#\/schema\/logo\/image\/","url":"https:\/\/experienciadevida.com.ar\/portalurbano\/wp-content\/uploads\/2019\/09\/Logo-Original.png","contentUrl":"https:\/\/experienciadevida.com.ar\/portalurbano\/wp-content\/uploads\/2019\/09\/Logo-Original.png","width":2236,"height":1216,"caption":"Portal Urbano"},"image":{"@id":"https:\/\/experienciadevida.com.ar\/portalurbano\/#\/schema\/logo\/image\/"},"sameAs":["https:\/\/www.facebook.com\/Portal-Urbano-171542830093757\/","https:\/\/twitter.com\/portalurbanook","https:\/\/www.instagram.com\/_portalurbano\/","https:\/\/www.youtube.com\/channel\/UCXhagIfszH8KxFiOok79zbA?view_as=subscriber"]},{"@type":"Person","@id":"https:\/\/experienciadevida.com.ar\/portalurbano\/#\/schema\/person\/02dd326b1c4b056e9cc972486934a3a7","name":"admpu17wp","image":{"@type":"ImageObject","inLanguage":"es","@id":"https:\/\/experienciadevida.com.ar\/portalurbano\/#\/schema\/person\/image\/","url":"https:\/\/secure.gravatar.com\/avatar\/830d4c57adaae6630765e449a6908047?s=96&d=mm&r=g","contentUrl":"https:\/\/secure.gravatar.com\/avatar\/830d4c57adaae6630765e449a6908047?s=96&d=mm&r=g","caption":"admpu17wp"}}]}},"featured_image_urls":{"full":["https:\/\/experienciadevida.com.ar\/portalurbano\/wp-content\/uploads\/2022\/06\/Taller-de-reproduccion-de.png",1414,2000,false],"thumbnail":["https:\/\/experienciadevida.com.ar\/portalurbano\/wp-content\/uploads\/2022\/06\/Taller-de-reproduccion-de-150x150.png",150,150,true],"medium":["https:\/\/experienciadevida.com.ar\/portalurbano\/wp-content\/uploads\/2022\/06\/Taller-de-reproduccion-de-212x300.png",212,300,true],"medium_large":["https:\/\/experienciadevida.com.ar\/portalurbano\/wp-content\/uploads\/2022\/06\/Taller-de-reproduccion-de-768x1086.png",640,905,true],"large":["https:\/\/experienciadevida.com.ar\/portalurbano\/wp-content\/uploads\/2022\/06\/Taller-de-reproduccion-de-724x1024.png",640,905,true],"ug_big":["https:\/\/experienciadevida.com.ar\/portalurbano\/wp-content\/uploads\/2022\/06\/Taller-de-reproduccion-de-543x768.png",543,768,true],"1536x1536":["https:\/\/experienciadevida.com.ar\/portalurbano\/wp-content\/uploads\/2022\/06\/Taller-de-reproduccion-de-1086x1536.png",1086,1536,true],"2048x2048":["https:\/\/experienciadevida.com.ar\/portalurbano\/wp-content\/uploads\/2022\/06\/Taller-de-reproduccion-de.png",1414,2000,false],"newsever-slider-full":["https:\/\/experienciadevida.com.ar\/portalurbano\/wp-content\/uploads\/2022\/06\/Taller-de-reproduccion-de.png",597,845,false],"newsever-featured":["https:\/\/experienciadevida.com.ar\/portalurbano\/wp-content\/uploads\/2022\/06\/Taller-de-reproduccion-de.png",1024,1448,false],"newsever-medium":["https:\/\/experienciadevida.com.ar\/portalurbano\/wp-content\/uploads\/2022\/06\/Taller-de-reproduccion-de.png",336,475,false],"web-stories-poster-portrait":["https:\/\/experienciadevida.com.ar\/portalurbano\/wp-content\/uploads\/2022\/06\/Taller-de-reproduccion-de.png",603,853,false],"web-stories-publisher-logo":["https:\/\/experienciadevida.com.ar\/portalurbano\/wp-content\/uploads\/2022\/06\/Taller-de-reproduccion-de.png",68,96,false],"web-stories-thumbnail":["https:\/\/experienciadevida.com.ar\/portalurbano\/wp-content\/uploads\/2022\/06\/Taller-de-reproduccion-de.png",150,212,false]},"author_info":{"display_name":"admpu17wp","author_link":"https:\/\/experienciadevida.com.ar\/portalurbano\/author\/admpu17wp\/"},"category_info":"<a href=\"https:\/\/experienciadevida.com.ar\/portalurbano\/category\/ciudad\/\" rel=\"category tag\">Ciudad<\/a>","tag_info":"Ciudad","comment_count":"0","amp_enabled":true,"_links":{"self":[{"href":"https:\/\/experienciadevida.com.ar\/portalurbano\/wp-json\/wp\/v2\/posts\/169052"}],"collection":[{"href":"https:\/\/experienciadevida.com.ar\/portalurbano\/wp-json\/wp\/v2\/posts"}],"about":[{"href":"https:\/\/experienciadevida.com.ar\/portalurbano\/wp-json\/wp\/v2\/types\/post"}],"author":[{"embeddable":true,"href":"https:\/\/experienciadevida.com.ar\/portalurbano\/wp-json\/wp\/v2\/users\/1"}],"replies":[{"embeddable":true,"href":"https:\/\/experienciadevida.com.ar\/portalurbano\/wp-json\/wp\/v2\/comments?post=169052"}],"version-history":[{"count":1,"href":"https:\/\/experienciadevida.com.ar\/portalurbano\/wp-json\/wp\/v2\/posts\/169052\/revisions"}],"predecessor-version":[{"id":169056,"href":"https:\/\/experienciadevida.com.ar\/portalurbano\/wp-json\/wp\/v2\/posts\/169052\/revisions\/169056"}],"wp:featuredmedia":[{"embeddable":true,"href":"https:\/\/experienciadevida.com.ar\/portalurbano\/wp-json\/wp\/v2\/media\/169055"}],"wp:attachment":[{"href":"https:\/\/experienciadevida.com.ar\/portalurbano\/wp-json\/wp\/v2\/media?parent=169052"}],"wp:term":[{"taxonomy":"category","embeddable":true,"href":"https:\/\/experienciadevida.com.ar\/portalurbano\/wp-json\/wp\/v2\/categories?post=169052"},{"taxonomy":"post_tag","embeddable":true,"href":"https:\/\/experienciadevida.com.ar\/portalurbano\/wp-json\/wp\/v2\/tags?post=169052"}],"curies":[{"name":"wp","href":"https:\/\/api.w.org\/{rel}","templated":true}]}}