{"id":169049,"date":"2022-06-06T19:23:35","date_gmt":"2022-06-06T22:23:35","guid":{"rendered":"https:\/\/experienciadevida.com.ar\/portalurbano\/?p=169049"},"modified":"2022-06-06T19:24:04","modified_gmt":"2022-06-06T22:24:04","slug":"se-realizara-la-v-jornada-de-periodismo-investigacion-y-democracia-sobre-plataformas-digitales-e-inteligencia-artificial","status":"publish","type":"post","link":"https:\/\/experienciadevida.com.ar\/portalurbano\/se-realizara-la-v-jornada-de-periodismo-investigacion-y-democracia-sobre-plataformas-digitales-e-inteligencia-artificial\/","title":{"rendered":"Se realizar\u00e1 la V Jornada de Periodismo, Investigaci\u00f3n y Democracia sobre plataformas digitales e inteligencia artificial"},"content":{"rendered":"<p>Se realizar\u00e1 la V Jornada de Periodismo, Investigaci\u00f3n y Democracia sobre plataformas digitales e inteligencia artificial.<\/p>\n<p>En el marco de las actividades por el D\u00eda de los y las Periodistas, el jueves 16 de junio se realizar\u00e1 la V Jornada de Periodismo, Investigaci\u00f3n y Democracia con la presentaci\u00f3n de un dec\u00e1logo y las conferencias del Dr. Mart\u00edn Becerra y la Dra. Ammina Kothari. Organiza el Observatorio de Medios, Ciudadan\u00eda y Democracia y el N\u00facleo de Investigaci\u00f3n Estudios de Comunicaci\u00f3n y Cultura en Olavarr\u00eda de la <a href=\"https:\/\/www.facebook.com\/facultadcienciassociales.unicen\">Facultad de Ciencias Sociales.<\/a><\/p>\n<p>La V Jornada, titulada \u201cPlataformas digitales e Inteligencia Artificial: desaf\u00edos para pensar la profesi\u00f3n\u201d, se desarrollar\u00e1 bajo modalidad presencial y virtual. Las actividades dar\u00e1n inicio a partir de las 14:30, y la apertura estar\u00e1 a cargo de la Dra. M\u00f3nica Cohendoz, directora del Observatorio de Medios, Ciudadan\u00eda y Democracia.<\/p>\n<p>Posteriormente, a las 14:45 se llevar\u00e1 adelante la primera actividad titulada \u201cPresentaci\u00f3n de un dec\u00e1logo para el tratamiento de noticias en contextos de incertidumbres\u201d. El mismo fue elaborado en conjunto por investigadores\/as del Observatorio y periodistas de la ciudad de Olavarr\u00eda y Tandil. El objetivo es que el dec\u00e1logo sea un material de consulta para estudiantes y futuros\/as graduados\/as, con el fin de recolectar la valiosa experiencia de los y las periodistas locales en la cobertura de la pandemia por COVID-19. Este momento de la Jornada ser\u00e1 moderado por la Mag. Mar\u00eda Victoria Ennis, quien dirigi\u00f3 el Proyecto de Extensi\u00f3n Universitaria que permiti\u00f3 la construcci\u00f3n del dec\u00e1logo.<\/p>\n<p>A las 16 se presentar\u00e1 la segunda actividad denominada: \u201cInteligencia artificial y periodismo: el impacto de esta tecnolog\u00eda en las redacciones\u201d y la conferencista a cargo ser\u00e1 la Dra. Ammina Kothari (Universidad de Rhode Island, New York, Estados Unidos), quien en soporte de video previamente grabado y subtitulado abrir\u00e1 el debate respecto al uso de la inteligencia artificial, sus potencialidades y limitaciones. La Dra. Kothari es una especialista de larga trayectoria en esta tem\u00e1tica y se ha vinculado recientemente con el equipo del Observatorio de Medios.<\/p>\n<p>A las 17 dar\u00e1 inicio la conferencia de cierre de la Jornada: \u201cPlataformas digitales e Inteligencia Artificial: desaf\u00edos para pensar la profesi\u00f3n\u201d a cargo del Investigador Principal de CONICET, Dr. Mart\u00edn Becerra, quien ha escrito numerosos libros y dirige el Programa de Investigaci\u00f3n \u201cIndustrias culturales, medios y pol\u00edticas de comunicaci\u00f3n en la convergencia en Argentina\u201d de la Universidad Nacional de Quilmes.<\/p>\n<p>\u00bfC\u00f3mo participar de la V Jornada de Periodismo, Investigaci\u00f3n y Democracia?<\/p>\n<p>Para quienes deseen asistir de manera presencial, la actividad se realizar\u00e1 el d\u00eda 16 de junio desde las 14:30 en el SUM del Edificio de Aulas Comunes del Complejo Universitario de Olavarr\u00eda (Buenos Aires).<\/p>\n<p>Para participar de la modalidad presencial y obtener un certificado, ser\u00e1 requisito inscribirse por medio del formulario.<\/p>\n<p>Quienes quieran seguir la actividad de manera virtual, la misma ser\u00e1 transmitida a trav\u00e9s del Canal de Youtube de la FACSO.<\/p>\n","protected":false},"excerpt":{"rendered":"<p>Se realizar\u00e1 la V Jornada de Periodismo, Investigaci\u00f3n y Democracia sobre plataformas digitales e inteligencia&#8230;<\/p>\n","protected":false},"author":1,"featured_media":169050,"comment_status":"closed","ping_status":"closed","sticky":false,"template":"","format":"standard","meta":{"content-type":""},"categories":[31],"tags":[],"nelio_content":{"isAutoShareEnabled":false,"autoShareEndMode":"default","automationSources":{"useContentSentences":true,"useSocialTemplates":true,"useCustomSentences":false,"customSentences":[]},"followers":[1],"suggestedReferences":[],"includedReferences":[],"efiUrl":"","efiAlt":"","highlights":[]},"yoast_head":"<!-- This site is optimized with the Yoast SEO plugin v20.7 - https:\/\/yoast.com\/wordpress\/plugins\/seo\/ -->\n<title>Se realizar\u00e1 la V jornada de periodismo de investigaci\u00f3n y democracia<\/title>\n<meta name=\"description\" content=\"Se realizar\u00e1 la V Jornada de Periodismo, Investigaci\u00f3n y Democracia sobre plataformas digitales e inteligencia artificial.\" \/>\n<meta name=\"robots\" content=\"index, follow, max-snippet:-1, max-image-preview:large, max-video-preview:-1\" \/>\n<link rel=\"canonical\" href=\"https:\/\/experienciadevida.com.ar\/portalurbano\/se-realizara-la-v-jornada-de-periodismo-investigacion-y-democracia-sobre-plataformas-digitales-e-inteligencia-artificial\/\" \/>\n<meta property=\"og:locale\" content=\"es_ES\" \/>\n<meta property=\"og:type\" content=\"article\" \/>\n<meta property=\"og:title\" content=\"Se realizar\u00e1 la V jornada de periodismo de investigaci\u00f3n y democracia\" \/>\n<meta property=\"og:description\" content=\"Se realizar\u00e1 la V Jornada de Periodismo, Investigaci\u00f3n y Democracia sobre plataformas digitales e inteligencia artificial.\" \/>\n<meta property=\"og:url\" content=\"https:\/\/experienciadevida.com.ar\/portalurbano\/se-realizara-la-v-jornada-de-periodismo-investigacion-y-democracia-sobre-plataformas-digitales-e-inteligencia-artificial\/\" \/>\n<meta property=\"article:publisher\" content=\"https:\/\/www.facebook.com\/Portal-Urbano-171542830093757\/\" \/>\n<meta property=\"article:published_time\" content=\"2022-06-06T22:23:35+00:00\" \/>\n<meta property=\"article:modified_time\" content=\"2022-06-06T22:24:04+00:00\" \/>\n<meta property=\"og:image\" content=\"https:\/\/experienciadevida.com.ar\/portalurbano\/wp-content\/uploads\/2022\/06\/Se-realizara-la-V.jpeg\" \/>\n\t<meta property=\"og:image:width\" content=\"1280\" \/>\n\t<meta property=\"og:image:height\" content=\"1271\" \/>\n\t<meta property=\"og:image:type\" content=\"image\/jpeg\" \/>\n<meta name=\"author\" content=\"admpu17wp\" \/>\n<meta name=\"twitter:card\" content=\"summary_large_image\" \/>\n<meta name=\"twitter:creator\" content=\"@portalurbanook\" \/>\n<meta name=\"twitter:site\" content=\"@portalurbanook\" \/>\n<meta name=\"twitter:label1\" content=\"Escrito por\" \/>\n\t<meta name=\"twitter:data1\" content=\"admpu17wp\" \/>\n\t<meta name=\"twitter:label2\" content=\"Tiempo de lectura\" \/>\n\t<meta name=\"twitter:data2\" content=\"3 minutos\" \/>\n<script type=\"application\/ld+json\" class=\"yoast-schema-graph\">{\"@context\":\"https:\/\/schema.org\",\"@graph\":[{\"@type\":\"Article\",\"@id\":\"https:\/\/experienciadevida.com.ar\/portalurbano\/se-realizara-la-v-jornada-de-periodismo-investigacion-y-democracia-sobre-plataformas-digitales-e-inteligencia-artificial\/#article\",\"isPartOf\":{\"@id\":\"https:\/\/experienciadevida.com.ar\/portalurbano\/se-realizara-la-v-jornada-de-periodismo-investigacion-y-democracia-sobre-plataformas-digitales-e-inteligencia-artificial\/\"},\"author\":{\"name\":\"admpu17wp\",\"@id\":\"https:\/\/experienciadevida.com.ar\/portalurbano\/#\/schema\/person\/02dd326b1c4b056e9cc972486934a3a7\"},\"headline\":\"Se realizar\u00e1 la V Jornada de Periodismo, Investigaci\u00f3n y Democracia sobre plataformas digitales e inteligencia artificial\",\"datePublished\":\"2022-06-06T22:23:35+00:00\",\"dateModified\":\"2022-06-06T22:24:04+00:00\",\"mainEntityOfPage\":{\"@id\":\"https:\/\/experienciadevida.com.ar\/portalurbano\/se-realizara-la-v-jornada-de-periodismo-investigacion-y-democracia-sobre-plataformas-digitales-e-inteligencia-artificial\/\"},\"wordCount\":525,\"publisher\":{\"@id\":\"https:\/\/experienciadevida.com.ar\/portalurbano\/#organization\"},\"articleSection\":[\"Educaci\u00f3n\"],\"inLanguage\":\"es\"},{\"@type\":\"WebPage\",\"@id\":\"https:\/\/experienciadevida.com.ar\/portalurbano\/se-realizara-la-v-jornada-de-periodismo-investigacion-y-democracia-sobre-plataformas-digitales-e-inteligencia-artificial\/\",\"url\":\"https:\/\/experienciadevida.com.ar\/portalurbano\/se-realizara-la-v-jornada-de-periodismo-investigacion-y-democracia-sobre-plataformas-digitales-e-inteligencia-artificial\/\",\"name\":\"Se realizar\u00e1 la V jornada de periodismo de investigaci\u00f3n y democracia\",\"isPartOf\":{\"@id\":\"https:\/\/experienciadevida.com.ar\/portalurbano\/#website\"},\"datePublished\":\"2022-06-06T22:23:35+00:00\",\"dateModified\":\"2022-06-06T22:24:04+00:00\",\"description\":\"Se realizar\u00e1 la V Jornada de Periodismo, Investigaci\u00f3n y Democracia sobre plataformas digitales e inteligencia artificial.\",\"breadcrumb\":{\"@id\":\"https:\/\/experienciadevida.com.ar\/portalurbano\/se-realizara-la-v-jornada-de-periodismo-investigacion-y-democracia-sobre-plataformas-digitales-e-inteligencia-artificial\/#breadcrumb\"},\"inLanguage\":\"es\",\"potentialAction\":[{\"@type\":\"ReadAction\",\"target\":[\"https:\/\/experienciadevida.com.ar\/portalurbano\/se-realizara-la-v-jornada-de-periodismo-investigacion-y-democracia-sobre-plataformas-digitales-e-inteligencia-artificial\/\"]}]},{\"@type\":\"BreadcrumbList\",\"@id\":\"https:\/\/experienciadevida.com.ar\/portalurbano\/se-realizara-la-v-jornada-de-periodismo-investigacion-y-democracia-sobre-plataformas-digitales-e-inteligencia-artificial\/#breadcrumb\",\"itemListElement\":[{\"@type\":\"ListItem\",\"position\":1,\"name\":\"Portada\",\"item\":\"https:\/\/experienciadevida.com.ar\/portalurbano\/\"},{\"@type\":\"ListItem\",\"position\":2,\"name\":\"Se realizar\u00e1 la V Jornada de Periodismo, Investigaci\u00f3n y Democracia sobre plataformas digitales e inteligencia artificial\"}]},{\"@type\":\"WebSite\",\"@id\":\"https:\/\/experienciadevida.com.ar\/portalurbano\/#website\",\"url\":\"https:\/\/experienciadevida.com.ar\/portalurbano\/\",\"name\":\"\",\"description\":\"\",\"publisher\":{\"@id\":\"https:\/\/experienciadevida.com.ar\/portalurbano\/#organization\"},\"potentialAction\":[{\"@type\":\"SearchAction\",\"target\":{\"@type\":\"EntryPoint\",\"urlTemplate\":\"https:\/\/experienciadevida.com.ar\/portalurbano\/?s={search_term_string}\"},\"query-input\":\"required name=search_term_string\"}],\"inLanguage\":\"es\"},{\"@type\":\"Organization\",\"@id\":\"https:\/\/experienciadevida.com.ar\/portalurbano\/#organization\",\"name\":\"Portal Urbano\",\"url\":\"https:\/\/experienciadevida.com.ar\/portalurbano\/\",\"logo\":{\"@type\":\"ImageObject\",\"inLanguage\":\"es\",\"@id\":\"https:\/\/experienciadevida.com.ar\/portalurbano\/#\/schema\/logo\/image\/\",\"url\":\"https:\/\/experienciadevida.com.ar\/portalurbano\/wp-content\/uploads\/2019\/09\/Logo-Original.png\",\"contentUrl\":\"https:\/\/experienciadevida.com.ar\/portalurbano\/wp-content\/uploads\/2019\/09\/Logo-Original.png\",\"width\":2236,\"height\":1216,\"caption\":\"Portal Urbano\"},\"image\":{\"@id\":\"https:\/\/experienciadevida.com.ar\/portalurbano\/#\/schema\/logo\/image\/\"},\"sameAs\":[\"https:\/\/www.facebook.com\/Portal-Urbano-171542830093757\/\",\"https:\/\/twitter.com\/portalurbanook\",\"https:\/\/www.instagram.com\/_portalurbano\/\",\"https:\/\/www.youtube.com\/channel\/UCXhagIfszH8KxFiOok79zbA?view_as=subscriber\"]},{\"@type\":\"Person\",\"@id\":\"https:\/\/experienciadevida.com.ar\/portalurbano\/#\/schema\/person\/02dd326b1c4b056e9cc972486934a3a7\",\"name\":\"admpu17wp\",\"image\":{\"@type\":\"ImageObject\",\"inLanguage\":\"es\",\"@id\":\"https:\/\/experienciadevida.com.ar\/portalurbano\/#\/schema\/person\/image\/\",\"url\":\"https:\/\/secure.gravatar.com\/avatar\/830d4c57adaae6630765e449a6908047?s=96&d=mm&r=g\",\"contentUrl\":\"https:\/\/secure.gravatar.com\/avatar\/830d4c57adaae6630765e449a6908047?s=96&d=mm&r=g\",\"caption\":\"admpu17wp\"}}]}<\/script>\n<!-- \/ Yoast SEO plugin. -->","yoast_head_json":{"title":"Se realizar\u00e1 la V jornada de periodismo de investigaci\u00f3n y democracia","description":"Se realizar\u00e1 la V Jornada de Periodismo, Investigaci\u00f3n y Democracia sobre plataformas digitales e inteligencia artificial.","robots":{"index":"index","follow":"follow","max-snippet":"max-snippet:-1","max-image-preview":"max-image-preview:large","max-video-preview":"max-video-preview:-1"},"canonical":"https:\/\/experienciadevida.com.ar\/portalurbano\/se-realizara-la-v-jornada-de-periodismo-investigacion-y-democracia-sobre-plataformas-digitales-e-inteligencia-artificial\/","og_locale":"es_ES","og_type":"article","og_title":"Se realizar\u00e1 la V jornada de periodismo de investigaci\u00f3n y democracia","og_description":"Se realizar\u00e1 la V Jornada de Periodismo, Investigaci\u00f3n y Democracia sobre plataformas digitales e inteligencia artificial.","og_url":"https:\/\/experienciadevida.com.ar\/portalurbano\/se-realizara-la-v-jornada-de-periodismo-investigacion-y-democracia-sobre-plataformas-digitales-e-inteligencia-artificial\/","article_publisher":"https:\/\/www.facebook.com\/Portal-Urbano-171542830093757\/","article_published_time":"2022-06-06T22:23:35+00:00","article_modified_time":"2022-06-06T22:24:04+00:00","og_image":[{"width":1280,"height":1271,"url":"https:\/\/experienciadevida.com.ar\/portalurbano\/wp-content\/uploads\/2022\/06\/Se-realizara-la-V.jpeg","type":"image\/jpeg"}],"author":"admpu17wp","twitter_card":"summary_large_image","twitter_creator":"@portalurbanook","twitter_site":"@portalurbanook","twitter_misc":{"Escrito por":"admpu17wp","Tiempo de lectura":"3 minutos"},"schema":{"@context":"https:\/\/schema.org","@graph":[{"@type":"Article","@id":"https:\/\/experienciadevida.com.ar\/portalurbano\/se-realizara-la-v-jornada-de-periodismo-investigacion-y-democracia-sobre-plataformas-digitales-e-inteligencia-artificial\/#article","isPartOf":{"@id":"https:\/\/experienciadevida.com.ar\/portalurbano\/se-realizara-la-v-jornada-de-periodismo-investigacion-y-democracia-sobre-plataformas-digitales-e-inteligencia-artificial\/"},"author":{"name":"admpu17wp","@id":"https:\/\/experienciadevida.com.ar\/portalurbano\/#\/schema\/person\/02dd326b1c4b056e9cc972486934a3a7"},"headline":"Se realizar\u00e1 la V Jornada de Periodismo, Investigaci\u00f3n y Democracia sobre plataformas digitales e inteligencia artificial","datePublished":"2022-06-06T22:23:35+00:00","dateModified":"2022-06-06T22:24:04+00:00","mainEntityOfPage":{"@id":"https:\/\/experienciadevida.com.ar\/portalurbano\/se-realizara-la-v-jornada-de-periodismo-investigacion-y-democracia-sobre-plataformas-digitales-e-inteligencia-artificial\/"},"wordCount":525,"publisher":{"@id":"https:\/\/experienciadevida.com.ar\/portalurbano\/#organization"},"articleSection":["Educaci\u00f3n"],"inLanguage":"es"},{"@type":"WebPage","@id":"https:\/\/experienciadevida.com.ar\/portalurbano\/se-realizara-la-v-jornada-de-periodismo-investigacion-y-democracia-sobre-plataformas-digitales-e-inteligencia-artificial\/","url":"https:\/\/experienciadevida.com.ar\/portalurbano\/se-realizara-la-v-jornada-de-periodismo-investigacion-y-democracia-sobre-plataformas-digitales-e-inteligencia-artificial\/","name":"Se realizar\u00e1 la V jornada de periodismo de investigaci\u00f3n y democracia","isPartOf":{"@id":"https:\/\/experienciadevida.com.ar\/portalurbano\/#website"},"datePublished":"2022-06-06T22:23:35+00:00","dateModified":"2022-06-06T22:24:04+00:00","description":"Se realizar\u00e1 la V Jornada de Periodismo, Investigaci\u00f3n y Democracia sobre plataformas digitales e inteligencia artificial.","breadcrumb":{"@id":"https:\/\/experienciadevida.com.ar\/portalurbano\/se-realizara-la-v-jornada-de-periodismo-investigacion-y-democracia-sobre-plataformas-digitales-e-inteligencia-artificial\/#breadcrumb"},"inLanguage":"es","potentialAction":[{"@type":"ReadAction","target":["https:\/\/experienciadevida.com.ar\/portalurbano\/se-realizara-la-v-jornada-de-periodismo-investigacion-y-democracia-sobre-plataformas-digitales-e-inteligencia-artificial\/"]}]},{"@type":"BreadcrumbList","@id":"https:\/\/experienciadevida.com.ar\/portalurbano\/se-realizara-la-v-jornada-de-periodismo-investigacion-y-democracia-sobre-plataformas-digitales-e-inteligencia-artificial\/#breadcrumb","itemListElement":[{"@type":"ListItem","position":1,"name":"Portada","item":"https:\/\/experienciadevida.com.ar\/portalurbano\/"},{"@type":"ListItem","position":2,"name":"Se realizar\u00e1 la V Jornada de Periodismo, Investigaci\u00f3n y Democracia sobre plataformas digitales e inteligencia artificial"}]},{"@type":"WebSite","@id":"https:\/\/experienciadevida.com.ar\/portalurbano\/#website","url":"https:\/\/experienciadevida.com.ar\/portalurbano\/","name":"","description":"","publisher":{"@id":"https:\/\/experienciadevida.com.ar\/portalurbano\/#organization"},"potentialAction":[{"@type":"SearchAction","target":{"@type":"EntryPoint","urlTemplate":"https:\/\/experienciadevida.com.ar\/portalurbano\/?s={search_term_string}"},"query-input":"required name=search_term_string"}],"inLanguage":"es"},{"@type":"Organization","@id":"https:\/\/experienciadevida.com.ar\/portalurbano\/#organization","name":"Portal Urbano","url":"https:\/\/experienciadevida.com.ar\/portalurbano\/","logo":{"@type":"ImageObject","inLanguage":"es","@id":"https:\/\/experienciadevida.com.ar\/portalurbano\/#\/schema\/logo\/image\/","url":"https:\/\/experienciadevida.com.ar\/portalurbano\/wp-content\/uploads\/2019\/09\/Logo-Original.png","contentUrl":"https:\/\/experienciadevida.com.ar\/portalurbano\/wp-content\/uploads\/2019\/09\/Logo-Original.png","width":2236,"height":1216,"caption":"Portal Urbano"},"image":{"@id":"https:\/\/experienciadevida.com.ar\/portalurbano\/#\/schema\/logo\/image\/"},"sameAs":["https:\/\/www.facebook.com\/Portal-Urbano-171542830093757\/","https:\/\/twitter.com\/portalurbanook","https:\/\/www.instagram.com\/_portalurbano\/","https:\/\/www.youtube.com\/channel\/UCXhagIfszH8KxFiOok79zbA?view_as=subscriber"]},{"@type":"Person","@id":"https:\/\/experienciadevida.com.ar\/portalurbano\/#\/schema\/person\/02dd326b1c4b056e9cc972486934a3a7","name":"admpu17wp","image":{"@type":"ImageObject","inLanguage":"es","@id":"https:\/\/experienciadevida.com.ar\/portalurbano\/#\/schema\/person\/image\/","url":"https:\/\/secure.gravatar.com\/avatar\/830d4c57adaae6630765e449a6908047?s=96&d=mm&r=g","contentUrl":"https:\/\/secure.gravatar.com\/avatar\/830d4c57adaae6630765e449a6908047?s=96&d=mm&r=g","caption":"admpu17wp"}}]}},"featured_image_urls":{"full":["https:\/\/experienciadevida.com.ar\/portalurbano\/wp-content\/uploads\/2022\/06\/Se-realizara-la-V.jpeg",1280,1271,false],"thumbnail":["https:\/\/experienciadevida.com.ar\/portalurbano\/wp-content\/uploads\/2022\/06\/Se-realizara-la-V-150x150.jpeg",150,150,true],"medium":["https:\/\/experienciadevida.com.ar\/portalurbano\/wp-content\/uploads\/2022\/06\/Se-realizara-la-V-300x298.jpeg",300,298,true],"medium_large":["https:\/\/experienciadevida.com.ar\/portalurbano\/wp-content\/uploads\/2022\/06\/Se-realizara-la-V-768x763.jpeg",640,636,true],"large":["https:\/\/experienciadevida.com.ar\/portalurbano\/wp-content\/uploads\/2022\/06\/Se-realizara-la-V-1024x1017.jpeg",640,636,true],"ug_big":["https:\/\/experienciadevida.com.ar\/portalurbano\/wp-content\/uploads\/2022\/06\/Se-realizara-la-V-768x763.jpeg",768,763,true],"1536x1536":["https:\/\/experienciadevida.com.ar\/portalurbano\/wp-content\/uploads\/2022\/06\/Se-realizara-la-V.jpeg",1280,1271,false],"2048x2048":["https:\/\/experienciadevida.com.ar\/portalurbano\/wp-content\/uploads\/2022\/06\/Se-realizara-la-V.jpeg",1280,1271,false],"newsever-slider-full":["https:\/\/experienciadevida.com.ar\/portalurbano\/wp-content\/uploads\/2022\/06\/Se-realizara-la-V.jpeg",851,845,false],"newsever-featured":["https:\/\/experienciadevida.com.ar\/portalurbano\/wp-content\/uploads\/2022\/06\/Se-realizara-la-V.jpeg",1024,1017,false],"newsever-medium":["https:\/\/experienciadevida.com.ar\/portalurbano\/wp-content\/uploads\/2022\/06\/Se-realizara-la-V.jpeg",478,475,false],"web-stories-poster-portrait":["https:\/\/experienciadevida.com.ar\/portalurbano\/wp-content\/uploads\/2022\/06\/Se-realizara-la-V.jpeg",640,636,false],"web-stories-publisher-logo":["https:\/\/experienciadevida.com.ar\/portalurbano\/wp-content\/uploads\/2022\/06\/Se-realizara-la-V.jpeg",96,96,false],"web-stories-thumbnail":["https:\/\/experienciadevida.com.ar\/portalurbano\/wp-content\/uploads\/2022\/06\/Se-realizara-la-V.jpeg",150,149,false]},"author_info":{"display_name":"admpu17wp","author_link":"https:\/\/experienciadevida.com.ar\/portalurbano\/author\/admpu17wp\/"},"category_info":"<a href=\"https:\/\/experienciadevida.com.ar\/portalurbano\/category\/ciudad\/educacion\/\" rel=\"category tag\">Educaci\u00f3n<\/a>","tag_info":"Educaci\u00f3n","comment_count":"0","amp_enabled":true,"_links":{"self":[{"href":"https:\/\/experienciadevida.com.ar\/portalurbano\/wp-json\/wp\/v2\/posts\/169049"}],"collection":[{"href":"https:\/\/experienciadevida.com.ar\/portalurbano\/wp-json\/wp\/v2\/posts"}],"about":[{"href":"https:\/\/experienciadevida.com.ar\/portalurbano\/wp-json\/wp\/v2\/types\/post"}],"author":[{"embeddable":true,"href":"https:\/\/experienciadevida.com.ar\/portalurbano\/wp-json\/wp\/v2\/users\/1"}],"replies":[{"embeddable":true,"href":"https:\/\/experienciadevida.com.ar\/portalurbano\/wp-json\/wp\/v2\/comments?post=169049"}],"version-history":[{"count":1,"href":"https:\/\/experienciadevida.com.ar\/portalurbano\/wp-json\/wp\/v2\/posts\/169049\/revisions"}],"predecessor-version":[{"id":169051,"href":"https:\/\/experienciadevida.com.ar\/portalurbano\/wp-json\/wp\/v2\/posts\/169049\/revisions\/169051"}],"wp:featuredmedia":[{"embeddable":true,"href":"https:\/\/experienciadevida.com.ar\/portalurbano\/wp-json\/wp\/v2\/media\/169050"}],"wp:attachment":[{"href":"https:\/\/experienciadevida.com.ar\/portalurbano\/wp-json\/wp\/v2\/media?parent=169049"}],"wp:term":[{"taxonomy":"category","embeddable":true,"href":"https:\/\/experienciadevida.com.ar\/portalurbano\/wp-json\/wp\/v2\/categories?post=169049"},{"taxonomy":"post_tag","embeddable":true,"href":"https:\/\/experienciadevida.com.ar\/portalurbano\/wp-json\/wp\/v2\/tags?post=169049"}],"curies":[{"name":"wp","href":"https:\/\/api.w.org\/{rel}","templated":true}]}}