{"id":169039,"date":"2022-06-06T15:11:54","date_gmt":"2022-06-06T18:11:54","guid":{"rendered":"https:\/\/experienciadevida.com.ar\/portalurbano\/?p=169039"},"modified":"2022-06-06T20:29:09","modified_gmt":"2022-06-06T23:29:09","slug":"mas-de-1000-personas-celebraron-el-dia-mundial-del-medio-ambiente-en-la-maxima","status":"publish","type":"post","link":"https:\/\/experienciadevida.com.ar\/portalurbano\/mas-de-1000-personas-celebraron-el-dia-mundial-del-medio-ambiente-en-la-maxima\/","title":{"rendered":"M\u00e1s de 1000 personas celebraron el  D\u00eda Mundial del medio Ambiente en La M\u00e1xima"},"content":{"rendered":"<p>M\u00e1s de 1000 personas celebraron el D\u00eda Mundial del medio Ambiente en La M\u00e1xima, el domingo 5 de junio m\u00e1s de 1000 visitantes de Olavarr\u00eda y la regi\u00f3n pasaron por el Bioparque Municipal \u201cLa M\u00e1xima\u201d y participaron de las actividades propuestas por el D\u00eda Mundial del Ambiente.<\/p>\n<p>Durante la jornada se hizo hincapi\u00e9 en la conservaci\u00f3n de la biodiversidad y los ecosistemas naturales.<\/p>\n<p>Por la tarde, se realizaron visitas al reptilario para conocer los programas de conservaci\u00f3n, rescate y reproducci\u00f3n que all\u00ed se desarrollan. Tambi\u00e9n hubo recorridos guiados por la Granja Educativa Integrada, el Centro de Interpretaci\u00f3n Ambiental (CIA) con la Muestra Fotogr\u00e1fica \u201cAves Pampeanas\u201d de Carlos del \u00c1guila.<\/p>\n<p>Las actividades fueron coordinadas por el equipo del Departamento Educaci\u00f3n Ambiental conformado por Iris Arce, Betiana Cotti y Graciela Ortega.<\/p>\n<p>Tambi\u00e9n los visitantes pudieron recorrer el Bioparque en una visita guiada, a cargo del director del espacio, profesor de Biolog\u00eda Flavio Maldonado para redescubrir, reconocer, repensar y reflexionar.<\/p>\n<p>En el marco de la propuesta, se interiorizaron en los programas de conservaci\u00f3n, mejoras en bienestar animal, futuros proyectos, trabajo en el Centro de Rescate y Rehabilitaci\u00f3n de Fauna Silvestre y programa de Granja Educativa Integrada.<\/p>\n<p>\u201cEl Bioparque Municipal est\u00e1 atravesando un proceso continuo de mejoras y cambios, creemos que es importante que los conozcan, los valoren y comprendan, porque todos nuestros animales tienen una historia para contar, una historia que est\u00e1 \u00edntimamente ligada al ambiente que vivimos\u201d, sostuvo Flavio Maldonado.<\/p>\n<p>Por mayor informaci\u00f3n y\/o consultas sobre los programas y actividades que se desarrollan en el Bioparque Municipal, podr\u00e1n contactarse con los equipos del Departamento de Educaci\u00f3n Ambiental a trav\u00e9s de educacion.lamaxima@olavarria.gov.ar o del Bioparque parquelamaxima@olavarria.gov.ar que tambi\u00e9n est\u00e1 en Instagram como @bioparquelamaxima<\/p>\n","protected":false},"excerpt":{"rendered":"<p>M\u00e1s de 1000 personas celebraron el D\u00eda Mundial del medio Ambiente en La M\u00e1xima, el&#8230;<\/p>\n","protected":false},"author":1,"featured_media":169040,"comment_status":"closed","ping_status":"closed","sticky":false,"template":"","format":"standard","meta":{"content-type":""},"categories":[27,64],"tags":[],"nelio_content":{"isAutoShareEnabled":false,"autoShareEndMode":"default","automationSources":{"useContentSentences":true,"useSocialTemplates":true,"useCustomSentences":false,"customSentences":[]},"followers":[1],"suggestedReferences":[],"includedReferences":[],"efiUrl":"","efiAlt":"","highlights":[]},"yoast_head":"<!-- This site is optimized with the Yoast SEO plugin v20.7 - https:\/\/yoast.com\/wordpress\/plugins\/seo\/ -->\n<title>M\u00e1s de 1000 personas celebraron el d\u00eda mundial del ambiente<\/title>\n<meta name=\"description\" content=\"M\u00e1s de 1000 personas celebraron el D\u00eda Mundial del Ambiente en La M\u00e1xima, el domingo 5 de junio m\u00e1s de 1000 visitantes de Olavarr\u00eda\" \/>\n<meta name=\"robots\" content=\"index, follow, max-snippet:-1, max-image-preview:large, max-video-preview:-1\" \/>\n<link rel=\"canonical\" href=\"https:\/\/experienciadevida.com.ar\/portalurbano\/mas-de-1000-personas-celebraron-el-dia-mundial-del-medio-ambiente-en-la-maxima\/\" \/>\n<meta property=\"og:locale\" content=\"es_ES\" \/>\n<meta property=\"og:type\" content=\"article\" \/>\n<meta property=\"og:title\" content=\"M\u00e1s de 1000 personas celebraron el d\u00eda mundial del ambiente\" \/>\n<meta property=\"og:description\" content=\"M\u00e1s de 1000 personas celebraron el D\u00eda Mundial del Ambiente en La M\u00e1xima, el domingo 5 de junio m\u00e1s de 1000 visitantes de Olavarr\u00eda\" \/>\n<meta property=\"og:url\" content=\"https:\/\/experienciadevida.com.ar\/portalurbano\/mas-de-1000-personas-celebraron-el-dia-mundial-del-medio-ambiente-en-la-maxima\/\" \/>\n<meta property=\"article:publisher\" content=\"https:\/\/www.facebook.com\/Portal-Urbano-171542830093757\/\" \/>\n<meta property=\"article:published_time\" content=\"2022-06-06T18:11:54+00:00\" \/>\n<meta property=\"article:modified_time\" content=\"2022-06-06T23:29:09+00:00\" \/>\n<meta property=\"og:image\" content=\"https:\/\/experienciadevida.com.ar\/portalurbano\/wp-content\/uploads\/2022\/06\/Mas-de-1000-personas.jpg\" \/>\n\t<meta property=\"og:image:width\" content=\"1772\" \/>\n\t<meta property=\"og:image:height\" content=\"1181\" \/>\n\t<meta property=\"og:image:type\" content=\"image\/jpeg\" \/>\n<meta name=\"author\" content=\"admpu17wp\" \/>\n<meta name=\"twitter:card\" content=\"summary_large_image\" \/>\n<meta name=\"twitter:creator\" content=\"@portalurbanook\" \/>\n<meta name=\"twitter:site\" content=\"@portalurbanook\" \/>\n<meta name=\"twitter:label1\" content=\"Escrito por\" \/>\n\t<meta name=\"twitter:data1\" content=\"admpu17wp\" \/>\n\t<meta name=\"twitter:label2\" content=\"Tiempo de lectura\" \/>\n\t<meta name=\"twitter:data2\" content=\"2 minutos\" \/>\n<script type=\"application\/ld+json\" class=\"yoast-schema-graph\">{\"@context\":\"https:\/\/schema.org\",\"@graph\":[{\"@type\":\"Article\",\"@id\":\"https:\/\/experienciadevida.com.ar\/portalurbano\/mas-de-1000-personas-celebraron-el-dia-mundial-del-medio-ambiente-en-la-maxima\/#article\",\"isPartOf\":{\"@id\":\"https:\/\/experienciadevida.com.ar\/portalurbano\/mas-de-1000-personas-celebraron-el-dia-mundial-del-medio-ambiente-en-la-maxima\/\"},\"author\":{\"name\":\"admpu17wp\",\"@id\":\"https:\/\/experienciadevida.com.ar\/portalurbano\/#\/schema\/person\/02dd326b1c4b056e9cc972486934a3a7\"},\"headline\":\"M\u00e1s de 1000 personas celebraron el D\u00eda Mundial del medio Ambiente en La M\u00e1xima\",\"datePublished\":\"2022-06-06T18:11:54+00:00\",\"dateModified\":\"2022-06-06T23:29:09+00:00\",\"mainEntityOfPage\":{\"@id\":\"https:\/\/experienciadevida.com.ar\/portalurbano\/mas-de-1000-personas-celebraron-el-dia-mundial-del-medio-ambiente-en-la-maxima\/\"},\"wordCount\":325,\"publisher\":{\"@id\":\"https:\/\/experienciadevida.com.ar\/portalurbano\/#organization\"},\"articleSection\":[\"Ciudad\",\"Destacadas 2\"],\"inLanguage\":\"es\"},{\"@type\":\"WebPage\",\"@id\":\"https:\/\/experienciadevida.com.ar\/portalurbano\/mas-de-1000-personas-celebraron-el-dia-mundial-del-medio-ambiente-en-la-maxima\/\",\"url\":\"https:\/\/experienciadevida.com.ar\/portalurbano\/mas-de-1000-personas-celebraron-el-dia-mundial-del-medio-ambiente-en-la-maxima\/\",\"name\":\"M\u00e1s de 1000 personas celebraron el d\u00eda mundial del ambiente\",\"isPartOf\":{\"@id\":\"https:\/\/experienciadevida.com.ar\/portalurbano\/#website\"},\"datePublished\":\"2022-06-06T18:11:54+00:00\",\"dateModified\":\"2022-06-06T23:29:09+00:00\",\"description\":\"M\u00e1s de 1000 personas celebraron el D\u00eda Mundial del Ambiente en La M\u00e1xima, el domingo 5 de junio m\u00e1s de 1000 visitantes de Olavarr\u00eda\",\"breadcrumb\":{\"@id\":\"https:\/\/experienciadevida.com.ar\/portalurbano\/mas-de-1000-personas-celebraron-el-dia-mundial-del-medio-ambiente-en-la-maxima\/#breadcrumb\"},\"inLanguage\":\"es\",\"potentialAction\":[{\"@type\":\"ReadAction\",\"target\":[\"https:\/\/experienciadevida.com.ar\/portalurbano\/mas-de-1000-personas-celebraron-el-dia-mundial-del-medio-ambiente-en-la-maxima\/\"]}]},{\"@type\":\"BreadcrumbList\",\"@id\":\"https:\/\/experienciadevida.com.ar\/portalurbano\/mas-de-1000-personas-celebraron-el-dia-mundial-del-medio-ambiente-en-la-maxima\/#breadcrumb\",\"itemListElement\":[{\"@type\":\"ListItem\",\"position\":1,\"name\":\"Portada\",\"item\":\"https:\/\/experienciadevida.com.ar\/portalurbano\/\"},{\"@type\":\"ListItem\",\"position\":2,\"name\":\"M\u00e1s de 1000 personas celebraron el D\u00eda Mundial del medio Ambiente en La M\u00e1xima\"}]},{\"@type\":\"WebSite\",\"@id\":\"https:\/\/experienciadevida.com.ar\/portalurbano\/#website\",\"url\":\"https:\/\/experienciadevida.com.ar\/portalurbano\/\",\"name\":\"\",\"description\":\"\",\"publisher\":{\"@id\":\"https:\/\/experienciadevida.com.ar\/portalurbano\/#organization\"},\"potentialAction\":[{\"@type\":\"SearchAction\",\"target\":{\"@type\":\"EntryPoint\",\"urlTemplate\":\"https:\/\/experienciadevida.com.ar\/portalurbano\/?s={search_term_string}\"},\"query-input\":\"required name=search_term_string\"}],\"inLanguage\":\"es\"},{\"@type\":\"Organization\",\"@id\":\"https:\/\/experienciadevida.com.ar\/portalurbano\/#organization\",\"name\":\"Portal Urbano\",\"url\":\"https:\/\/experienciadevida.com.ar\/portalurbano\/\",\"logo\":{\"@type\":\"ImageObject\",\"inLanguage\":\"es\",\"@id\":\"https:\/\/experienciadevida.com.ar\/portalurbano\/#\/schema\/logo\/image\/\",\"url\":\"https:\/\/experienciadevida.com.ar\/portalurbano\/wp-content\/uploads\/2019\/09\/Logo-Original.png\",\"contentUrl\":\"https:\/\/experienciadevida.com.ar\/portalurbano\/wp-content\/uploads\/2019\/09\/Logo-Original.png\",\"width\":2236,\"height\":1216,\"caption\":\"Portal Urbano\"},\"image\":{\"@id\":\"https:\/\/experienciadevida.com.ar\/portalurbano\/#\/schema\/logo\/image\/\"},\"sameAs\":[\"https:\/\/www.facebook.com\/Portal-Urbano-171542830093757\/\",\"https:\/\/twitter.com\/portalurbanook\",\"https:\/\/www.instagram.com\/_portalurbano\/\",\"https:\/\/www.youtube.com\/channel\/UCXhagIfszH8KxFiOok79zbA?view_as=subscriber\"]},{\"@type\":\"Person\",\"@id\":\"https:\/\/experienciadevida.com.ar\/portalurbano\/#\/schema\/person\/02dd326b1c4b056e9cc972486934a3a7\",\"name\":\"admpu17wp\",\"image\":{\"@type\":\"ImageObject\",\"inLanguage\":\"es\",\"@id\":\"https:\/\/experienciadevida.com.ar\/portalurbano\/#\/schema\/person\/image\/\",\"url\":\"https:\/\/secure.gravatar.com\/avatar\/830d4c57adaae6630765e449a6908047?s=96&d=mm&r=g\",\"contentUrl\":\"https:\/\/secure.gravatar.com\/avatar\/830d4c57adaae6630765e449a6908047?s=96&d=mm&r=g\",\"caption\":\"admpu17wp\"}}]}<\/script>\n<!-- \/ Yoast SEO plugin. -->","yoast_head_json":{"title":"M\u00e1s de 1000 personas celebraron el d\u00eda mundial del ambiente","description":"M\u00e1s de 1000 personas celebraron el D\u00eda Mundial del Ambiente en La M\u00e1xima, el domingo 5 de junio m\u00e1s de 1000 visitantes de Olavarr\u00eda","robots":{"index":"index","follow":"follow","max-snippet":"max-snippet:-1","max-image-preview":"max-image-preview:large","max-video-preview":"max-video-preview:-1"},"canonical":"https:\/\/experienciadevida.com.ar\/portalurbano\/mas-de-1000-personas-celebraron-el-dia-mundial-del-medio-ambiente-en-la-maxima\/","og_locale":"es_ES","og_type":"article","og_title":"M\u00e1s de 1000 personas celebraron el d\u00eda mundial del ambiente","og_description":"M\u00e1s de 1000 personas celebraron el D\u00eda Mundial del Ambiente en La M\u00e1xima, el domingo 5 de junio m\u00e1s de 1000 visitantes de Olavarr\u00eda","og_url":"https:\/\/experienciadevida.com.ar\/portalurbano\/mas-de-1000-personas-celebraron-el-dia-mundial-del-medio-ambiente-en-la-maxima\/","article_publisher":"https:\/\/www.facebook.com\/Portal-Urbano-171542830093757\/","article_published_time":"2022-06-06T18:11:54+00:00","article_modified_time":"2022-06-06T23:29:09+00:00","og_image":[{"width":1772,"height":1181,"url":"https:\/\/experienciadevida.com.ar\/portalurbano\/wp-content\/uploads\/2022\/06\/Mas-de-1000-personas.jpg","type":"image\/jpeg"}],"author":"admpu17wp","twitter_card":"summary_large_image","twitter_creator":"@portalurbanook","twitter_site":"@portalurbanook","twitter_misc":{"Escrito por":"admpu17wp","Tiempo de lectura":"2 minutos"},"schema":{"@context":"https:\/\/schema.org","@graph":[{"@type":"Article","@id":"https:\/\/experienciadevida.com.ar\/portalurbano\/mas-de-1000-personas-celebraron-el-dia-mundial-del-medio-ambiente-en-la-maxima\/#article","isPartOf":{"@id":"https:\/\/experienciadevida.com.ar\/portalurbano\/mas-de-1000-personas-celebraron-el-dia-mundial-del-medio-ambiente-en-la-maxima\/"},"author":{"name":"admpu17wp","@id":"https:\/\/experienciadevida.com.ar\/portalurbano\/#\/schema\/person\/02dd326b1c4b056e9cc972486934a3a7"},"headline":"M\u00e1s de 1000 personas celebraron el D\u00eda Mundial del medio Ambiente en La M\u00e1xima","datePublished":"2022-06-06T18:11:54+00:00","dateModified":"2022-06-06T23:29:09+00:00","mainEntityOfPage":{"@id":"https:\/\/experienciadevida.com.ar\/portalurbano\/mas-de-1000-personas-celebraron-el-dia-mundial-del-medio-ambiente-en-la-maxima\/"},"wordCount":325,"publisher":{"@id":"https:\/\/experienciadevida.com.ar\/portalurbano\/#organization"},"articleSection":["Ciudad","Destacadas 2"],"inLanguage":"es"},{"@type":"WebPage","@id":"https:\/\/experienciadevida.com.ar\/portalurbano\/mas-de-1000-personas-celebraron-el-dia-mundial-del-medio-ambiente-en-la-maxima\/","url":"https:\/\/experienciadevida.com.ar\/portalurbano\/mas-de-1000-personas-celebraron-el-dia-mundial-del-medio-ambiente-en-la-maxima\/","name":"M\u00e1s de 1000 personas celebraron el d\u00eda mundial del ambiente","isPartOf":{"@id":"https:\/\/experienciadevida.com.ar\/portalurbano\/#website"},"datePublished":"2022-06-06T18:11:54+00:00","dateModified":"2022-06-06T23:29:09+00:00","description":"M\u00e1s de 1000 personas celebraron el D\u00eda Mundial del Ambiente en La M\u00e1xima, el domingo 5 de junio m\u00e1s de 1000 visitantes de Olavarr\u00eda","breadcrumb":{"@id":"https:\/\/experienciadevida.com.ar\/portalurbano\/mas-de-1000-personas-celebraron-el-dia-mundial-del-medio-ambiente-en-la-maxima\/#breadcrumb"},"inLanguage":"es","potentialAction":[{"@type":"ReadAction","target":["https:\/\/experienciadevida.com.ar\/portalurbano\/mas-de-1000-personas-celebraron-el-dia-mundial-del-medio-ambiente-en-la-maxima\/"]}]},{"@type":"BreadcrumbList","@id":"https:\/\/experienciadevida.com.ar\/portalurbano\/mas-de-1000-personas-celebraron-el-dia-mundial-del-medio-ambiente-en-la-maxima\/#breadcrumb","itemListElement":[{"@type":"ListItem","position":1,"name":"Portada","item":"https:\/\/experienciadevida.com.ar\/portalurbano\/"},{"@type":"ListItem","position":2,"name":"M\u00e1s de 1000 personas celebraron el D\u00eda Mundial del medio Ambiente en La M\u00e1xima"}]},{"@type":"WebSite","@id":"https:\/\/experienciadevida.com.ar\/portalurbano\/#website","url":"https:\/\/experienciadevida.com.ar\/portalurbano\/","name":"","description":"","publisher":{"@id":"https:\/\/experienciadevida.com.ar\/portalurbano\/#organization"},"potentialAction":[{"@type":"SearchAction","target":{"@type":"EntryPoint","urlTemplate":"https:\/\/experienciadevida.com.ar\/portalurbano\/?s={search_term_string}"},"query-input":"required name=search_term_string"}],"inLanguage":"es"},{"@type":"Organization","@id":"https:\/\/experienciadevida.com.ar\/portalurbano\/#organization","name":"Portal Urbano","url":"https:\/\/experienciadevida.com.ar\/portalurbano\/","logo":{"@type":"ImageObject","inLanguage":"es","@id":"https:\/\/experienciadevida.com.ar\/portalurbano\/#\/schema\/logo\/image\/","url":"https:\/\/experienciadevida.com.ar\/portalurbano\/wp-content\/uploads\/2019\/09\/Logo-Original.png","contentUrl":"https:\/\/experienciadevida.com.ar\/portalurbano\/wp-content\/uploads\/2019\/09\/Logo-Original.png","width":2236,"height":1216,"caption":"Portal Urbano"},"image":{"@id":"https:\/\/experienciadevida.com.ar\/portalurbano\/#\/schema\/logo\/image\/"},"sameAs":["https:\/\/www.facebook.com\/Portal-Urbano-171542830093757\/","https:\/\/twitter.com\/portalurbanook","https:\/\/www.instagram.com\/_portalurbano\/","https:\/\/www.youtube.com\/channel\/UCXhagIfszH8KxFiOok79zbA?view_as=subscriber"]},{"@type":"Person","@id":"https:\/\/experienciadevida.com.ar\/portalurbano\/#\/schema\/person\/02dd326b1c4b056e9cc972486934a3a7","name":"admpu17wp","image":{"@type":"ImageObject","inLanguage":"es","@id":"https:\/\/experienciadevida.com.ar\/portalurbano\/#\/schema\/person\/image\/","url":"https:\/\/secure.gravatar.com\/avatar\/830d4c57adaae6630765e449a6908047?s=96&d=mm&r=g","contentUrl":"https:\/\/secure.gravatar.com\/avatar\/830d4c57adaae6630765e449a6908047?s=96&d=mm&r=g","caption":"admpu17wp"}}]}},"featured_image_urls":{"full":["https:\/\/experienciadevida.com.ar\/portalurbano\/wp-content\/uploads\/2022\/06\/Mas-de-1000-personas.jpg",1772,1181,false],"thumbnail":["https:\/\/experienciadevida.com.ar\/portalurbano\/wp-content\/uploads\/2022\/06\/Mas-de-1000-personas-150x150.jpg",150,150,true],"medium":["https:\/\/experienciadevida.com.ar\/portalurbano\/wp-content\/uploads\/2022\/06\/Mas-de-1000-personas-300x200.jpg",300,200,true],"medium_large":["https:\/\/experienciadevida.com.ar\/portalurbano\/wp-content\/uploads\/2022\/06\/Mas-de-1000-personas-768x512.jpg",640,427,true],"large":["https:\/\/experienciadevida.com.ar\/portalurbano\/wp-content\/uploads\/2022\/06\/Mas-de-1000-personas-1024x682.jpg",640,426,true],"ug_big":["https:\/\/experienciadevida.com.ar\/portalurbano\/wp-content\/uploads\/2022\/06\/Mas-de-1000-personas-768x512.jpg",768,512,true],"1536x1536":["https:\/\/experienciadevida.com.ar\/portalurbano\/wp-content\/uploads\/2022\/06\/Mas-de-1000-personas-1536x1024.jpg",1536,1024,true],"2048x2048":["https:\/\/experienciadevida.com.ar\/portalurbano\/wp-content\/uploads\/2022\/06\/Mas-de-1000-personas.jpg",1772,1181,false],"newsever-slider-full":["https:\/\/experienciadevida.com.ar\/portalurbano\/wp-content\/uploads\/2022\/06\/Mas-de-1000-personas.jpg",1268,845,false],"newsever-featured":["https:\/\/experienciadevida.com.ar\/portalurbano\/wp-content\/uploads\/2022\/06\/Mas-de-1000-personas.jpg",1024,682,false],"newsever-medium":["https:\/\/experienciadevida.com.ar\/portalurbano\/wp-content\/uploads\/2022\/06\/Mas-de-1000-personas.jpg",713,475,false],"web-stories-poster-portrait":["https:\/\/experienciadevida.com.ar\/portalurbano\/wp-content\/uploads\/2022\/06\/Mas-de-1000-personas.jpg",640,427,false],"web-stories-publisher-logo":["https:\/\/experienciadevida.com.ar\/portalurbano\/wp-content\/uploads\/2022\/06\/Mas-de-1000-personas.jpg",96,64,false],"web-stories-thumbnail":["https:\/\/experienciadevida.com.ar\/portalurbano\/wp-content\/uploads\/2022\/06\/Mas-de-1000-personas.jpg",150,100,false]},"author_info":{"display_name":"admpu17wp","author_link":"https:\/\/experienciadevida.com.ar\/portalurbano\/author\/admpu17wp\/"},"category_info":"<a href=\"https:\/\/experienciadevida.com.ar\/portalurbano\/category\/ciudad\/\" rel=\"category tag\">Ciudad<\/a> <a href=\"https:\/\/experienciadevida.com.ar\/portalurbano\/category\/destacadas-2\/\" rel=\"category tag\">Destacadas 2<\/a>","tag_info":"Destacadas 2","comment_count":"0","amp_enabled":true,"_links":{"self":[{"href":"https:\/\/experienciadevida.com.ar\/portalurbano\/wp-json\/wp\/v2\/posts\/169039"}],"collection":[{"href":"https:\/\/experienciadevida.com.ar\/portalurbano\/wp-json\/wp\/v2\/posts"}],"about":[{"href":"https:\/\/experienciadevida.com.ar\/portalurbano\/wp-json\/wp\/v2\/types\/post"}],"author":[{"embeddable":true,"href":"https:\/\/experienciadevida.com.ar\/portalurbano\/wp-json\/wp\/v2\/users\/1"}],"replies":[{"embeddable":true,"href":"https:\/\/experienciadevida.com.ar\/portalurbano\/wp-json\/wp\/v2\/comments?post=169039"}],"version-history":[{"count":2,"href":"https:\/\/experienciadevida.com.ar\/portalurbano\/wp-json\/wp\/v2\/posts\/169039\/revisions"}],"predecessor-version":[{"id":169080,"href":"https:\/\/experienciadevida.com.ar\/portalurbano\/wp-json\/wp\/v2\/posts\/169039\/revisions\/169080"}],"wp:featuredmedia":[{"embeddable":true,"href":"https:\/\/experienciadevida.com.ar\/portalurbano\/wp-json\/wp\/v2\/media\/169040"}],"wp:attachment":[{"href":"https:\/\/experienciadevida.com.ar\/portalurbano\/wp-json\/wp\/v2\/media?parent=169039"}],"wp:term":[{"taxonomy":"category","embeddable":true,"href":"https:\/\/experienciadevida.com.ar\/portalurbano\/wp-json\/wp\/v2\/categories?post=169039"},{"taxonomy":"post_tag","embeddable":true,"href":"https:\/\/experienciadevida.com.ar\/portalurbano\/wp-json\/wp\/v2\/tags?post=169039"}],"curies":[{"name":"wp","href":"https:\/\/api.w.org\/{rel}","templated":true}]}}