{"id":168984,"date":"2022-06-05T21:26:44","date_gmt":"2022-06-06T00:26:44","guid":{"rendered":"https:\/\/experienciadevida.com.ar\/portalurbano\/?p=168984"},"modified":"2022-06-05T21:32:02","modified_gmt":"2022-06-06T00:32:02","slug":"belen-vergel-hacer-que-la-vida-sostenible-sea-nuestra-primera-opcion","status":"publish","type":"post","link":"https:\/\/experienciadevida.com.ar\/portalurbano\/belen-vergel-hacer-que-la-vida-sostenible-sea-nuestra-primera-opcion\/","title":{"rendered":"Bel\u00e9n Vergel: &#8220;Hacer que la vida sostenible sea nuestra primera opci\u00f3n&#8221;"},"content":{"rendered":"<p><a href=\"https:\/\/www.instagram.com\/belenvergel\/?hl=es-la\">Bel\u00e9n Vergel<\/a>: &#8220;Hacer que la vida sostenible sea nuestra primera opci\u00f3n&#8221;, as\u00ed lo dijo la concejal de la UCR en una nota de opini\u00f3n por el d\u00eda del ambiente.<\/p>\n<p>&#8220;En el d\u00eda mundial del Medio Ambiente\u201d, nos encontramos trabajando en varios proyectos que ser\u00e1n presentados en el d\u00eda de ma\u00f1ana en el HCD en pos de visibilizar, poner en agenda, comenzar a trabajar y darle la importancia<br \/>\nque tienen las pol\u00edticas p\u00fablicas en materia ambiental. El tiempo se acaba y la naturaleza se encuentra en situaci\u00f3n de emergencia, necesitamos una acci\u00f3n urgente para abordar estos problemas apremiantes, haciendo que &#8220;Una<br \/>\nsola Tierra&#8221; y su enfoque sobre una vida sostenible en armon\u00eda con la naturaleza sean tan pertinentes como siempre, nosotros haremos nuestro peque aporte&#8221;.<\/p>\n<p>Por otro lado, &#8220;es importante se\u00f1alar que a ra\u00edz de los diferentes estudios de cuestiones ambientales se advirtieron que la degradaci\u00f3n del ambiente, es consecuencia de la actividad humana. El impacto, la degradaci\u00f3n y el perjuicio al medio ambiente puede ser irremediable, o de lenta reparaci\u00f3n; no por ello es que no debemos en alg\u00fan momento comenzar a realizar acciones concretas que nos lleven a una convivencia sana y saludable en el cuidado de nuestra tierra&#8221;.<\/p>\n<p>&#8220;Creemos necesario comenzar a medir para poder elaborar pol\u00edticas p\u00fablicas acordes a la realidad que nos rodea, tambi\u00e9n presentaremos otro proyecto que conlleva a trabajan en pos del bienestar ambiental, realizando una<br \/>\nfuerte labor de concientizaci\u00f3n respecto de la responsabilidad compartida de todos los seres humanos en el cuidado del ambiente. Estamos pensando una ciudad m\u00e1s sustentable, con la promoci\u00f3n de acciones contra el cambio clim\u00e1tico, el impacto en los ecosistemas, generando la articulaci\u00f3n de personas individuales con la sociedad civil, en un marco y espacio de encuentros de intercambio, donde las iniciativas personales, se sumen a programas y propuestas de diferentes espacios, a fin de conmemorar, pensar y debatir acciones que apunten a la construcci\u00f3n de una conciencia colectiva del cuidado del medio ambiente&#8221;.<\/p>\n<p>Para finalizar dijo &#8220;el medio ambiente, es un bien de uso com\u00fan y tenemos el deber de defenderlo y preservarlo para el beneficio de las generaciones actuales y futuras, para ello es necesario acciones, con la reglamentaci\u00f3n de las normas que propicien un plan&#8221;.<\/p>\n<p>&#8220;#UnaSolaTierra es la campa\u00f1a del D\u00eda Mundial del Medio Ambiente 2022 en la que se pretende concienciar sobre tres crisis que enfrenta el planeta: el clima se calienta a un ritmo demasiado r\u00e1pido para que las personas y la naturaleza se adapten; la p\u00e9rdida de h\u00e1bitat y otras presiones sobre la naturaleza han conllevado a que aproximadamente 1 mill\u00f3n de especies est\u00e9n en peligro de extinci\u00f3n; y la contaminaci\u00f3n contin\u00faa envenenando nuestro aire, tierra y agua. Es momento de animar y fomentar la celebraci\u00f3n, protecci\u00f3n y restauraci\u00f3n de nuestro planeta a trav\u00e9s de diversas actividades&#8221;<\/p>\n","protected":false},"excerpt":{"rendered":"<p>Bel\u00e9n Vergel: &#8220;Hacer que la vida sostenible sea nuestra primera opci\u00f3n&#8221;, as\u00ed lo dijo la&#8230;<\/p>\n","protected":false},"author":1,"featured_media":168985,"comment_status":"closed","ping_status":"closed","sticky":false,"template":"","format":"standard","meta":{"content-type":""},"categories":[27,64],"tags":[],"nelio_content":{"isAutoShareEnabled":false,"autoShareEndMode":"default","automationSources":{"useContentSentences":true,"useSocialTemplates":true,"useCustomSentences":false,"customSentences":[]},"followers":[1],"suggestedReferences":[],"includedReferences":[],"efiUrl":"","efiAlt":"","highlights":[]},"yoast_head":"<!-- This site is optimized with the Yoast SEO plugin v20.7 - https:\/\/yoast.com\/wordpress\/plugins\/seo\/ -->\n<title>Bel\u00e9n Vergel: &quot;Hacer que la vida sostenible sea nuestra primera opci\u00f3n&quot;<\/title>\n<meta name=\"description\" content=\"Bel\u00e9n Vergel: &quot;Hacer que la vida sostenible sea nuestra primera opci\u00f3n&quot;, as\u00ed lo dijo la concejal de la UCR en una nota de opini\u00f3n\" \/>\n<meta name=\"robots\" content=\"index, follow, max-snippet:-1, max-image-preview:large, max-video-preview:-1\" \/>\n<link rel=\"canonical\" href=\"https:\/\/experienciadevida.com.ar\/portalurbano\/belen-vergel-hacer-que-la-vida-sostenible-sea-nuestra-primera-opcion\/\" \/>\n<meta property=\"og:locale\" content=\"es_ES\" \/>\n<meta property=\"og:type\" content=\"article\" \/>\n<meta property=\"og:title\" content=\"Bel\u00e9n Vergel: &quot;Hacer que la vida sostenible sea nuestra primera opci\u00f3n&quot;\" \/>\n<meta property=\"og:description\" content=\"Bel\u00e9n Vergel: &quot;Hacer que la vida sostenible sea nuestra primera opci\u00f3n&quot;, as\u00ed lo dijo la concejal de la UCR en una nota de opini\u00f3n\" \/>\n<meta property=\"og:url\" content=\"https:\/\/experienciadevida.com.ar\/portalurbano\/belen-vergel-hacer-que-la-vida-sostenible-sea-nuestra-primera-opcion\/\" \/>\n<meta property=\"article:publisher\" content=\"https:\/\/www.facebook.com\/Portal-Urbano-171542830093757\/\" \/>\n<meta property=\"article:published_time\" content=\"2022-06-06T00:26:44+00:00\" \/>\n<meta property=\"article:modified_time\" content=\"2022-06-06T00:32:02+00:00\" \/>\n<meta property=\"og:image\" content=\"https:\/\/experienciadevida.com.ar\/portalurbano\/wp-content\/uploads\/2022\/06\/Belen-Vergel-scaled.jpg\" \/>\n\t<meta property=\"og:image:width\" content=\"2560\" \/>\n\t<meta property=\"og:image:height\" content=\"1707\" \/>\n\t<meta property=\"og:image:type\" content=\"image\/jpeg\" \/>\n<meta name=\"author\" content=\"admpu17wp\" \/>\n<meta name=\"twitter:card\" content=\"summary_large_image\" \/>\n<meta name=\"twitter:creator\" content=\"@portalurbanook\" \/>\n<meta name=\"twitter:site\" content=\"@portalurbanook\" \/>\n<meta name=\"twitter:label1\" content=\"Escrito por\" \/>\n\t<meta name=\"twitter:data1\" content=\"admpu17wp\" \/>\n\t<meta name=\"twitter:label2\" content=\"Tiempo de lectura\" \/>\n\t<meta name=\"twitter:data2\" content=\"3 minutos\" \/>\n<script type=\"application\/ld+json\" class=\"yoast-schema-graph\">{\"@context\":\"https:\/\/schema.org\",\"@graph\":[{\"@type\":\"Article\",\"@id\":\"https:\/\/experienciadevida.com.ar\/portalurbano\/belen-vergel-hacer-que-la-vida-sostenible-sea-nuestra-primera-opcion\/#article\",\"isPartOf\":{\"@id\":\"https:\/\/experienciadevida.com.ar\/portalurbano\/belen-vergel-hacer-que-la-vida-sostenible-sea-nuestra-primera-opcion\/\"},\"author\":{\"name\":\"admpu17wp\",\"@id\":\"https:\/\/experienciadevida.com.ar\/portalurbano\/#\/schema\/person\/02dd326b1c4b056e9cc972486934a3a7\"},\"headline\":\"Bel\u00e9n Vergel: &#8220;Hacer que la vida sostenible sea nuestra primera opci\u00f3n&#8221;\",\"datePublished\":\"2022-06-06T00:26:44+00:00\",\"dateModified\":\"2022-06-06T00:32:02+00:00\",\"mainEntityOfPage\":{\"@id\":\"https:\/\/experienciadevida.com.ar\/portalurbano\/belen-vergel-hacer-que-la-vida-sostenible-sea-nuestra-primera-opcion\/\"},\"wordCount\":519,\"publisher\":{\"@id\":\"https:\/\/experienciadevida.com.ar\/portalurbano\/#organization\"},\"articleSection\":[\"Ciudad\",\"Destacadas 2\"],\"inLanguage\":\"es\"},{\"@type\":\"WebPage\",\"@id\":\"https:\/\/experienciadevida.com.ar\/portalurbano\/belen-vergel-hacer-que-la-vida-sostenible-sea-nuestra-primera-opcion\/\",\"url\":\"https:\/\/experienciadevida.com.ar\/portalurbano\/belen-vergel-hacer-que-la-vida-sostenible-sea-nuestra-primera-opcion\/\",\"name\":\"Bel\u00e9n Vergel: \\\"Hacer que la vida sostenible sea nuestra primera opci\u00f3n\\\"\",\"isPartOf\":{\"@id\":\"https:\/\/experienciadevida.com.ar\/portalurbano\/#website\"},\"datePublished\":\"2022-06-06T00:26:44+00:00\",\"dateModified\":\"2022-06-06T00:32:02+00:00\",\"description\":\"Bel\u00e9n Vergel: \\\"Hacer que la vida sostenible sea nuestra primera opci\u00f3n\\\", as\u00ed lo dijo la concejal de la UCR en una nota de opini\u00f3n\",\"breadcrumb\":{\"@id\":\"https:\/\/experienciadevida.com.ar\/portalurbano\/belen-vergel-hacer-que-la-vida-sostenible-sea-nuestra-primera-opcion\/#breadcrumb\"},\"inLanguage\":\"es\",\"potentialAction\":[{\"@type\":\"ReadAction\",\"target\":[\"https:\/\/experienciadevida.com.ar\/portalurbano\/belen-vergel-hacer-que-la-vida-sostenible-sea-nuestra-primera-opcion\/\"]}]},{\"@type\":\"BreadcrumbList\",\"@id\":\"https:\/\/experienciadevida.com.ar\/portalurbano\/belen-vergel-hacer-que-la-vida-sostenible-sea-nuestra-primera-opcion\/#breadcrumb\",\"itemListElement\":[{\"@type\":\"ListItem\",\"position\":1,\"name\":\"Portada\",\"item\":\"https:\/\/experienciadevida.com.ar\/portalurbano\/\"},{\"@type\":\"ListItem\",\"position\":2,\"name\":\"Bel\u00e9n Vergel: \u00abHacer que la vida sostenible sea nuestra primera opci\u00f3n\u00bb\"}]},{\"@type\":\"WebSite\",\"@id\":\"https:\/\/experienciadevida.com.ar\/portalurbano\/#website\",\"url\":\"https:\/\/experienciadevida.com.ar\/portalurbano\/\",\"name\":\"\",\"description\":\"\",\"publisher\":{\"@id\":\"https:\/\/experienciadevida.com.ar\/portalurbano\/#organization\"},\"potentialAction\":[{\"@type\":\"SearchAction\",\"target\":{\"@type\":\"EntryPoint\",\"urlTemplate\":\"https:\/\/experienciadevida.com.ar\/portalurbano\/?s={search_term_string}\"},\"query-input\":\"required name=search_term_string\"}],\"inLanguage\":\"es\"},{\"@type\":\"Organization\",\"@id\":\"https:\/\/experienciadevida.com.ar\/portalurbano\/#organization\",\"name\":\"Portal Urbano\",\"url\":\"https:\/\/experienciadevida.com.ar\/portalurbano\/\",\"logo\":{\"@type\":\"ImageObject\",\"inLanguage\":\"es\",\"@id\":\"https:\/\/experienciadevida.com.ar\/portalurbano\/#\/schema\/logo\/image\/\",\"url\":\"https:\/\/experienciadevida.com.ar\/portalurbano\/wp-content\/uploads\/2019\/09\/Logo-Original.png\",\"contentUrl\":\"https:\/\/experienciadevida.com.ar\/portalurbano\/wp-content\/uploads\/2019\/09\/Logo-Original.png\",\"width\":2236,\"height\":1216,\"caption\":\"Portal Urbano\"},\"image\":{\"@id\":\"https:\/\/experienciadevida.com.ar\/portalurbano\/#\/schema\/logo\/image\/\"},\"sameAs\":[\"https:\/\/www.facebook.com\/Portal-Urbano-171542830093757\/\",\"https:\/\/twitter.com\/portalurbanook\",\"https:\/\/www.instagram.com\/_portalurbano\/\",\"https:\/\/www.youtube.com\/channel\/UCXhagIfszH8KxFiOok79zbA?view_as=subscriber\"]},{\"@type\":\"Person\",\"@id\":\"https:\/\/experienciadevida.com.ar\/portalurbano\/#\/schema\/person\/02dd326b1c4b056e9cc972486934a3a7\",\"name\":\"admpu17wp\",\"image\":{\"@type\":\"ImageObject\",\"inLanguage\":\"es\",\"@id\":\"https:\/\/experienciadevida.com.ar\/portalurbano\/#\/schema\/person\/image\/\",\"url\":\"https:\/\/secure.gravatar.com\/avatar\/830d4c57adaae6630765e449a6908047?s=96&d=mm&r=g\",\"contentUrl\":\"https:\/\/secure.gravatar.com\/avatar\/830d4c57adaae6630765e449a6908047?s=96&d=mm&r=g\",\"caption\":\"admpu17wp\"}}]}<\/script>\n<!-- \/ Yoast SEO plugin. -->","yoast_head_json":{"title":"Bel\u00e9n Vergel: \"Hacer que la vida sostenible sea nuestra primera opci\u00f3n\"","description":"Bel\u00e9n Vergel: \"Hacer que la vida sostenible sea nuestra primera opci\u00f3n\", as\u00ed lo dijo la concejal de la UCR en una nota de opini\u00f3n","robots":{"index":"index","follow":"follow","max-snippet":"max-snippet:-1","max-image-preview":"max-image-preview:large","max-video-preview":"max-video-preview:-1"},"canonical":"https:\/\/experienciadevida.com.ar\/portalurbano\/belen-vergel-hacer-que-la-vida-sostenible-sea-nuestra-primera-opcion\/","og_locale":"es_ES","og_type":"article","og_title":"Bel\u00e9n Vergel: \"Hacer que la vida sostenible sea nuestra primera opci\u00f3n\"","og_description":"Bel\u00e9n Vergel: \"Hacer que la vida sostenible sea nuestra primera opci\u00f3n\", as\u00ed lo dijo la concejal de la UCR en una nota de opini\u00f3n","og_url":"https:\/\/experienciadevida.com.ar\/portalurbano\/belen-vergel-hacer-que-la-vida-sostenible-sea-nuestra-primera-opcion\/","article_publisher":"https:\/\/www.facebook.com\/Portal-Urbano-171542830093757\/","article_published_time":"2022-06-06T00:26:44+00:00","article_modified_time":"2022-06-06T00:32:02+00:00","og_image":[{"width":2560,"height":1707,"url":"https:\/\/experienciadevida.com.ar\/portalurbano\/wp-content\/uploads\/2022\/06\/Belen-Vergel-scaled.jpg","type":"image\/jpeg"}],"author":"admpu17wp","twitter_card":"summary_large_image","twitter_creator":"@portalurbanook","twitter_site":"@portalurbanook","twitter_misc":{"Escrito por":"admpu17wp","Tiempo de lectura":"3 minutos"},"schema":{"@context":"https:\/\/schema.org","@graph":[{"@type":"Article","@id":"https:\/\/experienciadevida.com.ar\/portalurbano\/belen-vergel-hacer-que-la-vida-sostenible-sea-nuestra-primera-opcion\/#article","isPartOf":{"@id":"https:\/\/experienciadevida.com.ar\/portalurbano\/belen-vergel-hacer-que-la-vida-sostenible-sea-nuestra-primera-opcion\/"},"author":{"name":"admpu17wp","@id":"https:\/\/experienciadevida.com.ar\/portalurbano\/#\/schema\/person\/02dd326b1c4b056e9cc972486934a3a7"},"headline":"Bel\u00e9n Vergel: &#8220;Hacer que la vida sostenible sea nuestra primera opci\u00f3n&#8221;","datePublished":"2022-06-06T00:26:44+00:00","dateModified":"2022-06-06T00:32:02+00:00","mainEntityOfPage":{"@id":"https:\/\/experienciadevida.com.ar\/portalurbano\/belen-vergel-hacer-que-la-vida-sostenible-sea-nuestra-primera-opcion\/"},"wordCount":519,"publisher":{"@id":"https:\/\/experienciadevida.com.ar\/portalurbano\/#organization"},"articleSection":["Ciudad","Destacadas 2"],"inLanguage":"es"},{"@type":"WebPage","@id":"https:\/\/experienciadevida.com.ar\/portalurbano\/belen-vergel-hacer-que-la-vida-sostenible-sea-nuestra-primera-opcion\/","url":"https:\/\/experienciadevida.com.ar\/portalurbano\/belen-vergel-hacer-que-la-vida-sostenible-sea-nuestra-primera-opcion\/","name":"Bel\u00e9n Vergel: \"Hacer que la vida sostenible sea nuestra primera opci\u00f3n\"","isPartOf":{"@id":"https:\/\/experienciadevida.com.ar\/portalurbano\/#website"},"datePublished":"2022-06-06T00:26:44+00:00","dateModified":"2022-06-06T00:32:02+00:00","description":"Bel\u00e9n Vergel: \"Hacer que la vida sostenible sea nuestra primera opci\u00f3n\", as\u00ed lo dijo la concejal de la UCR en una nota de opini\u00f3n","breadcrumb":{"@id":"https:\/\/experienciadevida.com.ar\/portalurbano\/belen-vergel-hacer-que-la-vida-sostenible-sea-nuestra-primera-opcion\/#breadcrumb"},"inLanguage":"es","potentialAction":[{"@type":"ReadAction","target":["https:\/\/experienciadevida.com.ar\/portalurbano\/belen-vergel-hacer-que-la-vida-sostenible-sea-nuestra-primera-opcion\/"]}]},{"@type":"BreadcrumbList","@id":"https:\/\/experienciadevida.com.ar\/portalurbano\/belen-vergel-hacer-que-la-vida-sostenible-sea-nuestra-primera-opcion\/#breadcrumb","itemListElement":[{"@type":"ListItem","position":1,"name":"Portada","item":"https:\/\/experienciadevida.com.ar\/portalurbano\/"},{"@type":"ListItem","position":2,"name":"Bel\u00e9n Vergel: \u00abHacer que la vida sostenible sea nuestra primera opci\u00f3n\u00bb"}]},{"@type":"WebSite","@id":"https:\/\/experienciadevida.com.ar\/portalurbano\/#website","url":"https:\/\/experienciadevida.com.ar\/portalurbano\/","name":"","description":"","publisher":{"@id":"https:\/\/experienciadevida.com.ar\/portalurbano\/#organization"},"potentialAction":[{"@type":"SearchAction","target":{"@type":"EntryPoint","urlTemplate":"https:\/\/experienciadevida.com.ar\/portalurbano\/?s={search_term_string}"},"query-input":"required name=search_term_string"}],"inLanguage":"es"},{"@type":"Organization","@id":"https:\/\/experienciadevida.com.ar\/portalurbano\/#organization","name":"Portal Urbano","url":"https:\/\/experienciadevida.com.ar\/portalurbano\/","logo":{"@type":"ImageObject","inLanguage":"es","@id":"https:\/\/experienciadevida.com.ar\/portalurbano\/#\/schema\/logo\/image\/","url":"https:\/\/experienciadevida.com.ar\/portalurbano\/wp-content\/uploads\/2019\/09\/Logo-Original.png","contentUrl":"https:\/\/experienciadevida.com.ar\/portalurbano\/wp-content\/uploads\/2019\/09\/Logo-Original.png","width":2236,"height":1216,"caption":"Portal Urbano"},"image":{"@id":"https:\/\/experienciadevida.com.ar\/portalurbano\/#\/schema\/logo\/image\/"},"sameAs":["https:\/\/www.facebook.com\/Portal-Urbano-171542830093757\/","https:\/\/twitter.com\/portalurbanook","https:\/\/www.instagram.com\/_portalurbano\/","https:\/\/www.youtube.com\/channel\/UCXhagIfszH8KxFiOok79zbA?view_as=subscriber"]},{"@type":"Person","@id":"https:\/\/experienciadevida.com.ar\/portalurbano\/#\/schema\/person\/02dd326b1c4b056e9cc972486934a3a7","name":"admpu17wp","image":{"@type":"ImageObject","inLanguage":"es","@id":"https:\/\/experienciadevida.com.ar\/portalurbano\/#\/schema\/person\/image\/","url":"https:\/\/secure.gravatar.com\/avatar\/830d4c57adaae6630765e449a6908047?s=96&d=mm&r=g","contentUrl":"https:\/\/secure.gravatar.com\/avatar\/830d4c57adaae6630765e449a6908047?s=96&d=mm&r=g","caption":"admpu17wp"}}]}},"featured_image_urls":{"full":["https:\/\/experienciadevida.com.ar\/portalurbano\/wp-content\/uploads\/2022\/06\/Belen-Vergel-scaled.jpg",2560,1707,false],"thumbnail":["https:\/\/experienciadevida.com.ar\/portalurbano\/wp-content\/uploads\/2022\/06\/Belen-Vergel-150x150.jpg",150,150,true],"medium":["https:\/\/experienciadevida.com.ar\/portalurbano\/wp-content\/uploads\/2022\/06\/Belen-Vergel-300x200.jpg",300,200,true],"medium_large":["https:\/\/experienciadevida.com.ar\/portalurbano\/wp-content\/uploads\/2022\/06\/Belen-Vergel-768x512.jpg",640,427,true],"large":["https:\/\/experienciadevida.com.ar\/portalurbano\/wp-content\/uploads\/2022\/06\/Belen-Vergel-1024x683.jpg",640,427,true],"ug_big":["https:\/\/experienciadevida.com.ar\/portalurbano\/wp-content\/uploads\/2022\/06\/Belen-Vergel-768x512.jpg",768,512,true],"1536x1536":["https:\/\/experienciadevida.com.ar\/portalurbano\/wp-content\/uploads\/2022\/06\/Belen-Vergel-1536x1024.jpg",1536,1024,true],"2048x2048":["https:\/\/experienciadevida.com.ar\/portalurbano\/wp-content\/uploads\/2022\/06\/Belen-Vergel-2048x1365.jpg",2048,1365,true],"newsever-slider-full":["https:\/\/experienciadevida.com.ar\/portalurbano\/wp-content\/uploads\/2022\/06\/Belen-Vergel-scaled.jpg",1267,845,false],"newsever-featured":["https:\/\/experienciadevida.com.ar\/portalurbano\/wp-content\/uploads\/2022\/06\/Belen-Vergel-scaled.jpg",1024,683,false],"newsever-medium":["https:\/\/experienciadevida.com.ar\/portalurbano\/wp-content\/uploads\/2022\/06\/Belen-Vergel-scaled.jpg",712,475,false],"web-stories-poster-portrait":["https:\/\/experienciadevida.com.ar\/portalurbano\/wp-content\/uploads\/2022\/06\/Belen-Vergel-scaled.jpg",640,427,false],"web-stories-publisher-logo":["https:\/\/experienciadevida.com.ar\/portalurbano\/wp-content\/uploads\/2022\/06\/Belen-Vergel-scaled.jpg",96,64,false],"web-stories-thumbnail":["https:\/\/experienciadevida.com.ar\/portalurbano\/wp-content\/uploads\/2022\/06\/Belen-Vergel-scaled.jpg",150,100,false]},"author_info":{"display_name":"admpu17wp","author_link":"https:\/\/experienciadevida.com.ar\/portalurbano\/author\/admpu17wp\/"},"category_info":"<a href=\"https:\/\/experienciadevida.com.ar\/portalurbano\/category\/ciudad\/\" rel=\"category tag\">Ciudad<\/a> <a href=\"https:\/\/experienciadevida.com.ar\/portalurbano\/category\/destacadas-2\/\" rel=\"category tag\">Destacadas 2<\/a>","tag_info":"Destacadas 2","comment_count":"0","amp_enabled":true,"_links":{"self":[{"href":"https:\/\/experienciadevida.com.ar\/portalurbano\/wp-json\/wp\/v2\/posts\/168984"}],"collection":[{"href":"https:\/\/experienciadevida.com.ar\/portalurbano\/wp-json\/wp\/v2\/posts"}],"about":[{"href":"https:\/\/experienciadevida.com.ar\/portalurbano\/wp-json\/wp\/v2\/types\/post"}],"author":[{"embeddable":true,"href":"https:\/\/experienciadevida.com.ar\/portalurbano\/wp-json\/wp\/v2\/users\/1"}],"replies":[{"embeddable":true,"href":"https:\/\/experienciadevida.com.ar\/portalurbano\/wp-json\/wp\/v2\/comments?post=168984"}],"version-history":[{"count":3,"href":"https:\/\/experienciadevida.com.ar\/portalurbano\/wp-json\/wp\/v2\/posts\/168984\/revisions"}],"predecessor-version":[{"id":168988,"href":"https:\/\/experienciadevida.com.ar\/portalurbano\/wp-json\/wp\/v2\/posts\/168984\/revisions\/168988"}],"wp:featuredmedia":[{"embeddable":true,"href":"https:\/\/experienciadevida.com.ar\/portalurbano\/wp-json\/wp\/v2\/media\/168985"}],"wp:attachment":[{"href":"https:\/\/experienciadevida.com.ar\/portalurbano\/wp-json\/wp\/v2\/media?parent=168984"}],"wp:term":[{"taxonomy":"category","embeddable":true,"href":"https:\/\/experienciadevida.com.ar\/portalurbano\/wp-json\/wp\/v2\/categories?post=168984"},{"taxonomy":"post_tag","embeddable":true,"href":"https:\/\/experienciadevida.com.ar\/portalurbano\/wp-json\/wp\/v2\/tags?post=168984"}],"curies":[{"name":"wp","href":"https:\/\/api.w.org\/{rel}","templated":true}]}}