{"id":168976,"date":"2022-06-05T13:00:48","date_gmt":"2022-06-05T16:00:48","guid":{"rendered":"https:\/\/experienciadevida.com.ar\/portalurbano\/?p=168976"},"modified":"2022-06-05T13:01:59","modified_gmt":"2022-06-05T16:01:59","slug":"nota-de-opinion-junio-no-viene-con-el-pan-bajo-el-brazo","status":"publish","type":"post","link":"https:\/\/experienciadevida.com.ar\/portalurbano\/nota-de-opinion-junio-no-viene-con-el-pan-bajo-el-brazo\/","title":{"rendered":"Nota de opini\u00f3n: &#8220;Junio no viene con el pan bajo el brazo&#8221;"},"content":{"rendered":"<p>Nota de opini\u00f3n: &#8220;Junio no viene con el pan bajo el brazo&#8221;, as\u00ed lo mencionaron en una nota de opini\u00f3n desde libres del sur.<\/p>\n<p>&#8220;Hace poco m\u00e1s de 4 a\u00f1os el entonces Pte. Macri le ped\u00eda a la poblaci\u00f3n que consuma menos gas, electricidad y agua, cuando los aumentaba en un 32% promedio, a poco de haber iniciado el oto\u00f1o, como tal, la oposici\u00f3n se mostr\u00f3 en contra de tal acci\u00f3n, sin embargo hoy que son gobierno, y con las temperaturas a la baja, para darles un golpe de calor a las arcas de las empresas prestadoras de cada uno de los servicios de vital importancia para este tiempo, el gobierno de Alberto Fernandez, en consonancia con el acuerdo pactado con el FMI, para hacer frente al pago ileg\u00edtimo de la deuda contra\u00edda por Macri, buscan achicar el gasto del Estado y que la diferencia la pague el pueblo, utilizando hoy una artilugio legal que le permite superar el 20% que se hab\u00eda previsto en el presupuesto de este a\u00f1o, en aumento de esos servicios, como un gui\u00f1o al fondo para garantizar a estos, que no se van a congelar las tarifas, solo lo har\u00e1n quienes no puedan pagarlas, y continuar caminando, a vistas del organismo, por el camino del<br \/>\najuste fiscal pactado con el ministro Martin guzm\u00e1n&#8221;.<\/p>\n<p>Adem\u00e1s &#8220;estos aumentos, sumados al de prepagas, alquileres y el diario en alimentos, son propicios para no detener el avance de la inflaci\u00f3n, si es que, el presidente continu\u00f3 con esa guerra, o re direcciono los ca\u00f1ones \u00fanicamente para medirse con su vice, desviando el eje, volvi\u00e9ndose materia pendiente para la coalici\u00f3n del FdT, la resoluci\u00f3n de un problema urgente. M\u00e1s a\u00fan cuando su pol\u00edtica econ\u00f3mica deja expresado en datos relevados por el INDEC que, en lo que va del a\u00f1o, hasta abril, los precios llevan un incremento del 23,1 %, la l\u00ednea de pobreza ronda el 37,2%, donde una familia necesito $95.260 para acceder a la canasta b\u00e1sica, y donde el 8,2% precis\u00f3 contar con $42.527 para no caer bajo la l\u00ednea de la indigencia; y que, en el \u00faltimo a\u00f1o la variaci\u00f3n de los salarios en promedio<br \/>\n(contemplando personas trabajadoras registradas, no registradas y sector p\u00fablico) arroja un resultado igual a CERO. Es decir, durante el \u00faltimo a\u00f1o feb21-feb22, los salarios se mantuvieron exactamente en el mismo nivel,<br \/>\nmientras que la inflaci\u00f3n acumulada durante el mismo per\u00edodo se ubica en torno a 52%&#8221;.<\/p>\n<p>Nota de opini\u00f3n &#8220;aun con estos datos, el gobierno de los Fern\u00e1ndez consider\u00f3 atinado aumentar las tarifas de servicios, esto es, a nuestro entender, otro tarifazo, porque el contexto econ\u00f3mico para trabajadoras y trabajadores,<br \/>\na\u00fan con empleo formal, est\u00e1n percibiendo haberes por debajo de la l\u00ednea de pobreza, resultando este aumento tan inapropiado como aquel que alcanzara el gobierno de JUNTOS tras 4 a\u00f1os de gesti\u00f3n, donde la sumatoria no fue<br \/>\nproporcional al aumento salarial, ni aun sum\u00e1ndole a estos poco m\u00e1s de 2 a\u00f1os, llegan a equipararse&#8221;.<\/p>\n<p>&#8220;Desde Libres del Sur velamos por un Estado fuerte al servicio de las\u00a0 mayor\u00edas en pos de defender la soberan\u00eda nacional de toda intromisi\u00f3n perjudicial a los intereses de nuestra patria. Sean bienvenidas y bienvenidos quienes expresan en sus acciones compromiso con las causas nacionales&#8221;.<\/p>\n","protected":false},"excerpt":{"rendered":"<p>Nota de opini\u00f3n: &#8220;Junio no viene con el pan bajo el brazo&#8221;, as\u00ed lo mencionaron&#8230;<\/p>\n","protected":false},"author":1,"featured_media":168977,"comment_status":"closed","ping_status":"closed","sticky":false,"template":"","format":"standard","meta":{"content-type":""},"categories":[27,51],"tags":[],"nelio_content":{"isAutoShareEnabled":false,"autoShareEndMode":"default","automationSources":{"useContentSentences":true,"useSocialTemplates":true,"useCustomSentences":false,"customSentences":[]},"followers":[1],"suggestedReferences":[],"includedReferences":[],"efiUrl":"","efiAlt":"","highlights":[]},"yoast_head":"<!-- This site is optimized with the Yoast SEO plugin v20.7 - https:\/\/yoast.com\/wordpress\/plugins\/seo\/ -->\n<title>Nota de opini\u00f3n: &quot;Junio no viene con el pan bajo el brazo&quot;<\/title>\n<meta name=\"description\" content=\"Nota de opini\u00f3n: &quot;Junio no viene con el pan bajo el brazo&quot;, as\u00ed lo mencionaron en una nota de opini\u00f3n desde libres del sur.\" \/>\n<meta name=\"robots\" content=\"index, follow, max-snippet:-1, max-image-preview:large, max-video-preview:-1\" \/>\n<link rel=\"canonical\" href=\"https:\/\/experienciadevida.com.ar\/portalurbano\/nota-de-opinion-junio-no-viene-con-el-pan-bajo-el-brazo\/\" \/>\n<meta property=\"og:locale\" content=\"es_ES\" \/>\n<meta property=\"og:type\" content=\"article\" \/>\n<meta property=\"og:title\" content=\"Nota de opini\u00f3n: &quot;Junio no viene con el pan bajo el brazo&quot;\" \/>\n<meta property=\"og:description\" content=\"Nota de opini\u00f3n: &quot;Junio no viene con el pan bajo el brazo&quot;, as\u00ed lo mencionaron en una nota de opini\u00f3n desde libres del sur.\" \/>\n<meta property=\"og:url\" content=\"https:\/\/experienciadevida.com.ar\/portalurbano\/nota-de-opinion-junio-no-viene-con-el-pan-bajo-el-brazo\/\" \/>\n<meta property=\"article:publisher\" content=\"https:\/\/www.facebook.com\/Portal-Urbano-171542830093757\/\" \/>\n<meta property=\"article:published_time\" content=\"2022-06-05T16:00:48+00:00\" \/>\n<meta property=\"article:modified_time\" content=\"2022-06-05T16:01:59+00:00\" \/>\n<meta property=\"og:image\" content=\"https:\/\/experienciadevida.com.ar\/portalurbano\/wp-content\/uploads\/2022\/06\/Nota-de-opinion.png\" \/>\n\t<meta property=\"og:image:width\" content=\"940\" \/>\n\t<meta property=\"og:image:height\" content=\"788\" \/>\n\t<meta property=\"og:image:type\" content=\"image\/png\" \/>\n<meta name=\"author\" content=\"admpu17wp\" \/>\n<meta name=\"twitter:card\" content=\"summary_large_image\" \/>\n<meta name=\"twitter:creator\" content=\"@portalurbanook\" \/>\n<meta name=\"twitter:site\" content=\"@portalurbanook\" \/>\n<meta name=\"twitter:label1\" content=\"Escrito por\" \/>\n\t<meta name=\"twitter:data1\" content=\"admpu17wp\" \/>\n\t<meta name=\"twitter:label2\" content=\"Tiempo de lectura\" \/>\n\t<meta name=\"twitter:data2\" content=\"3 minutos\" \/>\n<script type=\"application\/ld+json\" class=\"yoast-schema-graph\">{\"@context\":\"https:\/\/schema.org\",\"@graph\":[{\"@type\":\"Article\",\"@id\":\"https:\/\/experienciadevida.com.ar\/portalurbano\/nota-de-opinion-junio-no-viene-con-el-pan-bajo-el-brazo\/#article\",\"isPartOf\":{\"@id\":\"https:\/\/experienciadevida.com.ar\/portalurbano\/nota-de-opinion-junio-no-viene-con-el-pan-bajo-el-brazo\/\"},\"author\":{\"name\":\"admpu17wp\",\"@id\":\"https:\/\/experienciadevida.com.ar\/portalurbano\/#\/schema\/person\/02dd326b1c4b056e9cc972486934a3a7\"},\"headline\":\"Nota de opini\u00f3n: &#8220;Junio no viene con el pan bajo el brazo&#8221;\",\"datePublished\":\"2022-06-05T16:00:48+00:00\",\"dateModified\":\"2022-06-05T16:01:59+00:00\",\"mainEntityOfPage\":{\"@id\":\"https:\/\/experienciadevida.com.ar\/portalurbano\/nota-de-opinion-junio-no-viene-con-el-pan-bajo-el-brazo\/\"},\"wordCount\":588,\"publisher\":{\"@id\":\"https:\/\/experienciadevida.com.ar\/portalurbano\/#organization\"},\"articleSection\":[\"Ciudad\",\"Destacadas\"],\"inLanguage\":\"es\"},{\"@type\":\"WebPage\",\"@id\":\"https:\/\/experienciadevida.com.ar\/portalurbano\/nota-de-opinion-junio-no-viene-con-el-pan-bajo-el-brazo\/\",\"url\":\"https:\/\/experienciadevida.com.ar\/portalurbano\/nota-de-opinion-junio-no-viene-con-el-pan-bajo-el-brazo\/\",\"name\":\"Nota de opini\u00f3n: \\\"Junio no viene con el pan bajo el brazo\\\"\",\"isPartOf\":{\"@id\":\"https:\/\/experienciadevida.com.ar\/portalurbano\/#website\"},\"datePublished\":\"2022-06-05T16:00:48+00:00\",\"dateModified\":\"2022-06-05T16:01:59+00:00\",\"description\":\"Nota de opini\u00f3n: \\\"Junio no viene con el pan bajo el brazo\\\", as\u00ed lo mencionaron en una nota de opini\u00f3n desde libres del sur.\",\"breadcrumb\":{\"@id\":\"https:\/\/experienciadevida.com.ar\/portalurbano\/nota-de-opinion-junio-no-viene-con-el-pan-bajo-el-brazo\/#breadcrumb\"},\"inLanguage\":\"es\",\"potentialAction\":[{\"@type\":\"ReadAction\",\"target\":[\"https:\/\/experienciadevida.com.ar\/portalurbano\/nota-de-opinion-junio-no-viene-con-el-pan-bajo-el-brazo\/\"]}]},{\"@type\":\"BreadcrumbList\",\"@id\":\"https:\/\/experienciadevida.com.ar\/portalurbano\/nota-de-opinion-junio-no-viene-con-el-pan-bajo-el-brazo\/#breadcrumb\",\"itemListElement\":[{\"@type\":\"ListItem\",\"position\":1,\"name\":\"Portada\",\"item\":\"https:\/\/experienciadevida.com.ar\/portalurbano\/\"},{\"@type\":\"ListItem\",\"position\":2,\"name\":\"Nota de opini\u00f3n: \u00abJunio no viene con el pan bajo el brazo\u00bb\"}]},{\"@type\":\"WebSite\",\"@id\":\"https:\/\/experienciadevida.com.ar\/portalurbano\/#website\",\"url\":\"https:\/\/experienciadevida.com.ar\/portalurbano\/\",\"name\":\"\",\"description\":\"\",\"publisher\":{\"@id\":\"https:\/\/experienciadevida.com.ar\/portalurbano\/#organization\"},\"potentialAction\":[{\"@type\":\"SearchAction\",\"target\":{\"@type\":\"EntryPoint\",\"urlTemplate\":\"https:\/\/experienciadevida.com.ar\/portalurbano\/?s={search_term_string}\"},\"query-input\":\"required name=search_term_string\"}],\"inLanguage\":\"es\"},{\"@type\":\"Organization\",\"@id\":\"https:\/\/experienciadevida.com.ar\/portalurbano\/#organization\",\"name\":\"Portal Urbano\",\"url\":\"https:\/\/experienciadevida.com.ar\/portalurbano\/\",\"logo\":{\"@type\":\"ImageObject\",\"inLanguage\":\"es\",\"@id\":\"https:\/\/experienciadevida.com.ar\/portalurbano\/#\/schema\/logo\/image\/\",\"url\":\"https:\/\/experienciadevida.com.ar\/portalurbano\/wp-content\/uploads\/2019\/09\/Logo-Original.png\",\"contentUrl\":\"https:\/\/experienciadevida.com.ar\/portalurbano\/wp-content\/uploads\/2019\/09\/Logo-Original.png\",\"width\":2236,\"height\":1216,\"caption\":\"Portal Urbano\"},\"image\":{\"@id\":\"https:\/\/experienciadevida.com.ar\/portalurbano\/#\/schema\/logo\/image\/\"},\"sameAs\":[\"https:\/\/www.facebook.com\/Portal-Urbano-171542830093757\/\",\"https:\/\/twitter.com\/portalurbanook\",\"https:\/\/www.instagram.com\/_portalurbano\/\",\"https:\/\/www.youtube.com\/channel\/UCXhagIfszH8KxFiOok79zbA?view_as=subscriber\"]},{\"@type\":\"Person\",\"@id\":\"https:\/\/experienciadevida.com.ar\/portalurbano\/#\/schema\/person\/02dd326b1c4b056e9cc972486934a3a7\",\"name\":\"admpu17wp\",\"image\":{\"@type\":\"ImageObject\",\"inLanguage\":\"es\",\"@id\":\"https:\/\/experienciadevida.com.ar\/portalurbano\/#\/schema\/person\/image\/\",\"url\":\"https:\/\/secure.gravatar.com\/avatar\/830d4c57adaae6630765e449a6908047?s=96&d=mm&r=g\",\"contentUrl\":\"https:\/\/secure.gravatar.com\/avatar\/830d4c57adaae6630765e449a6908047?s=96&d=mm&r=g\",\"caption\":\"admpu17wp\"}}]}<\/script>\n<!-- \/ Yoast SEO plugin. -->","yoast_head_json":{"title":"Nota de opini\u00f3n: \"Junio no viene con el pan bajo el brazo\"","description":"Nota de opini\u00f3n: \"Junio no viene con el pan bajo el brazo\", as\u00ed lo mencionaron en una nota de opini\u00f3n desde libres del sur.","robots":{"index":"index","follow":"follow","max-snippet":"max-snippet:-1","max-image-preview":"max-image-preview:large","max-video-preview":"max-video-preview:-1"},"canonical":"https:\/\/experienciadevida.com.ar\/portalurbano\/nota-de-opinion-junio-no-viene-con-el-pan-bajo-el-brazo\/","og_locale":"es_ES","og_type":"article","og_title":"Nota de opini\u00f3n: \"Junio no viene con el pan bajo el brazo\"","og_description":"Nota de opini\u00f3n: \"Junio no viene con el pan bajo el brazo\", as\u00ed lo mencionaron en una nota de opini\u00f3n desde libres del sur.","og_url":"https:\/\/experienciadevida.com.ar\/portalurbano\/nota-de-opinion-junio-no-viene-con-el-pan-bajo-el-brazo\/","article_publisher":"https:\/\/www.facebook.com\/Portal-Urbano-171542830093757\/","article_published_time":"2022-06-05T16:00:48+00:00","article_modified_time":"2022-06-05T16:01:59+00:00","og_image":[{"width":940,"height":788,"url":"https:\/\/experienciadevida.com.ar\/portalurbano\/wp-content\/uploads\/2022\/06\/Nota-de-opinion.png","type":"image\/png"}],"author":"admpu17wp","twitter_card":"summary_large_image","twitter_creator":"@portalurbanook","twitter_site":"@portalurbanook","twitter_misc":{"Escrito por":"admpu17wp","Tiempo de lectura":"3 minutos"},"schema":{"@context":"https:\/\/schema.org","@graph":[{"@type":"Article","@id":"https:\/\/experienciadevida.com.ar\/portalurbano\/nota-de-opinion-junio-no-viene-con-el-pan-bajo-el-brazo\/#article","isPartOf":{"@id":"https:\/\/experienciadevida.com.ar\/portalurbano\/nota-de-opinion-junio-no-viene-con-el-pan-bajo-el-brazo\/"},"author":{"name":"admpu17wp","@id":"https:\/\/experienciadevida.com.ar\/portalurbano\/#\/schema\/person\/02dd326b1c4b056e9cc972486934a3a7"},"headline":"Nota de opini\u00f3n: &#8220;Junio no viene con el pan bajo el brazo&#8221;","datePublished":"2022-06-05T16:00:48+00:00","dateModified":"2022-06-05T16:01:59+00:00","mainEntityOfPage":{"@id":"https:\/\/experienciadevida.com.ar\/portalurbano\/nota-de-opinion-junio-no-viene-con-el-pan-bajo-el-brazo\/"},"wordCount":588,"publisher":{"@id":"https:\/\/experienciadevida.com.ar\/portalurbano\/#organization"},"articleSection":["Ciudad","Destacadas"],"inLanguage":"es"},{"@type":"WebPage","@id":"https:\/\/experienciadevida.com.ar\/portalurbano\/nota-de-opinion-junio-no-viene-con-el-pan-bajo-el-brazo\/","url":"https:\/\/experienciadevida.com.ar\/portalurbano\/nota-de-opinion-junio-no-viene-con-el-pan-bajo-el-brazo\/","name":"Nota de opini\u00f3n: \"Junio no viene con el pan bajo el brazo\"","isPartOf":{"@id":"https:\/\/experienciadevida.com.ar\/portalurbano\/#website"},"datePublished":"2022-06-05T16:00:48+00:00","dateModified":"2022-06-05T16:01:59+00:00","description":"Nota de opini\u00f3n: \"Junio no viene con el pan bajo el brazo\", as\u00ed lo mencionaron en una nota de opini\u00f3n desde libres del sur.","breadcrumb":{"@id":"https:\/\/experienciadevida.com.ar\/portalurbano\/nota-de-opinion-junio-no-viene-con-el-pan-bajo-el-brazo\/#breadcrumb"},"inLanguage":"es","potentialAction":[{"@type":"ReadAction","target":["https:\/\/experienciadevida.com.ar\/portalurbano\/nota-de-opinion-junio-no-viene-con-el-pan-bajo-el-brazo\/"]}]},{"@type":"BreadcrumbList","@id":"https:\/\/experienciadevida.com.ar\/portalurbano\/nota-de-opinion-junio-no-viene-con-el-pan-bajo-el-brazo\/#breadcrumb","itemListElement":[{"@type":"ListItem","position":1,"name":"Portada","item":"https:\/\/experienciadevida.com.ar\/portalurbano\/"},{"@type":"ListItem","position":2,"name":"Nota de opini\u00f3n: \u00abJunio no viene con el pan bajo el brazo\u00bb"}]},{"@type":"WebSite","@id":"https:\/\/experienciadevida.com.ar\/portalurbano\/#website","url":"https:\/\/experienciadevida.com.ar\/portalurbano\/","name":"","description":"","publisher":{"@id":"https:\/\/experienciadevida.com.ar\/portalurbano\/#organization"},"potentialAction":[{"@type":"SearchAction","target":{"@type":"EntryPoint","urlTemplate":"https:\/\/experienciadevida.com.ar\/portalurbano\/?s={search_term_string}"},"query-input":"required name=search_term_string"}],"inLanguage":"es"},{"@type":"Organization","@id":"https:\/\/experienciadevida.com.ar\/portalurbano\/#organization","name":"Portal Urbano","url":"https:\/\/experienciadevida.com.ar\/portalurbano\/","logo":{"@type":"ImageObject","inLanguage":"es","@id":"https:\/\/experienciadevida.com.ar\/portalurbano\/#\/schema\/logo\/image\/","url":"https:\/\/experienciadevida.com.ar\/portalurbano\/wp-content\/uploads\/2019\/09\/Logo-Original.png","contentUrl":"https:\/\/experienciadevida.com.ar\/portalurbano\/wp-content\/uploads\/2019\/09\/Logo-Original.png","width":2236,"height":1216,"caption":"Portal Urbano"},"image":{"@id":"https:\/\/experienciadevida.com.ar\/portalurbano\/#\/schema\/logo\/image\/"},"sameAs":["https:\/\/www.facebook.com\/Portal-Urbano-171542830093757\/","https:\/\/twitter.com\/portalurbanook","https:\/\/www.instagram.com\/_portalurbano\/","https:\/\/www.youtube.com\/channel\/UCXhagIfszH8KxFiOok79zbA?view_as=subscriber"]},{"@type":"Person","@id":"https:\/\/experienciadevida.com.ar\/portalurbano\/#\/schema\/person\/02dd326b1c4b056e9cc972486934a3a7","name":"admpu17wp","image":{"@type":"ImageObject","inLanguage":"es","@id":"https:\/\/experienciadevida.com.ar\/portalurbano\/#\/schema\/person\/image\/","url":"https:\/\/secure.gravatar.com\/avatar\/830d4c57adaae6630765e449a6908047?s=96&d=mm&r=g","contentUrl":"https:\/\/secure.gravatar.com\/avatar\/830d4c57adaae6630765e449a6908047?s=96&d=mm&r=g","caption":"admpu17wp"}}]}},"featured_image_urls":{"full":["https:\/\/experienciadevida.com.ar\/portalurbano\/wp-content\/uploads\/2022\/06\/Nota-de-opinion.png",940,788,false],"thumbnail":["https:\/\/experienciadevida.com.ar\/portalurbano\/wp-content\/uploads\/2022\/06\/Nota-de-opinion-150x150.png",150,150,true],"medium":["https:\/\/experienciadevida.com.ar\/portalurbano\/wp-content\/uploads\/2022\/06\/Nota-de-opinion-300x251.png",300,251,true],"medium_large":["https:\/\/experienciadevida.com.ar\/portalurbano\/wp-content\/uploads\/2022\/06\/Nota-de-opinion-768x644.png",640,537,true],"large":["https:\/\/experienciadevida.com.ar\/portalurbano\/wp-content\/uploads\/2022\/06\/Nota-de-opinion.png",640,537,false],"ug_big":["https:\/\/experienciadevida.com.ar\/portalurbano\/wp-content\/uploads\/2022\/06\/Nota-de-opinion-768x644.png",768,644,true],"1536x1536":["https:\/\/experienciadevida.com.ar\/portalurbano\/wp-content\/uploads\/2022\/06\/Nota-de-opinion.png",940,788,false],"2048x2048":["https:\/\/experienciadevida.com.ar\/portalurbano\/wp-content\/uploads\/2022\/06\/Nota-de-opinion.png",940,788,false],"newsever-slider-full":["https:\/\/experienciadevida.com.ar\/portalurbano\/wp-content\/uploads\/2022\/06\/Nota-de-opinion.png",940,788,false],"newsever-featured":["https:\/\/experienciadevida.com.ar\/portalurbano\/wp-content\/uploads\/2022\/06\/Nota-de-opinion.png",940,788,false],"newsever-medium":["https:\/\/experienciadevida.com.ar\/portalurbano\/wp-content\/uploads\/2022\/06\/Nota-de-opinion.png",567,475,false],"web-stories-poster-portrait":["https:\/\/experienciadevida.com.ar\/portalurbano\/wp-content\/uploads\/2022\/06\/Nota-de-opinion.png",640,537,false],"web-stories-publisher-logo":["https:\/\/experienciadevida.com.ar\/portalurbano\/wp-content\/uploads\/2022\/06\/Nota-de-opinion.png",96,80,false],"web-stories-thumbnail":["https:\/\/experienciadevida.com.ar\/portalurbano\/wp-content\/uploads\/2022\/06\/Nota-de-opinion.png",150,126,false]},"author_info":{"display_name":"admpu17wp","author_link":"https:\/\/experienciadevida.com.ar\/portalurbano\/author\/admpu17wp\/"},"category_info":"<a href=\"https:\/\/experienciadevida.com.ar\/portalurbano\/category\/ciudad\/\" rel=\"category tag\">Ciudad<\/a> <a href=\"https:\/\/experienciadevida.com.ar\/portalurbano\/category\/destacadas\/\" rel=\"category tag\">Destacadas<\/a>","tag_info":"Destacadas","comment_count":"0","amp_enabled":true,"_links":{"self":[{"href":"https:\/\/experienciadevida.com.ar\/portalurbano\/wp-json\/wp\/v2\/posts\/168976"}],"collection":[{"href":"https:\/\/experienciadevida.com.ar\/portalurbano\/wp-json\/wp\/v2\/posts"}],"about":[{"href":"https:\/\/experienciadevida.com.ar\/portalurbano\/wp-json\/wp\/v2\/types\/post"}],"author":[{"embeddable":true,"href":"https:\/\/experienciadevida.com.ar\/portalurbano\/wp-json\/wp\/v2\/users\/1"}],"replies":[{"embeddable":true,"href":"https:\/\/experienciadevida.com.ar\/portalurbano\/wp-json\/wp\/v2\/comments?post=168976"}],"version-history":[{"count":2,"href":"https:\/\/experienciadevida.com.ar\/portalurbano\/wp-json\/wp\/v2\/posts\/168976\/revisions"}],"predecessor-version":[{"id":168979,"href":"https:\/\/experienciadevida.com.ar\/portalurbano\/wp-json\/wp\/v2\/posts\/168976\/revisions\/168979"}],"wp:featuredmedia":[{"embeddable":true,"href":"https:\/\/experienciadevida.com.ar\/portalurbano\/wp-json\/wp\/v2\/media\/168977"}],"wp:attachment":[{"href":"https:\/\/experienciadevida.com.ar\/portalurbano\/wp-json\/wp\/v2\/media?parent=168976"}],"wp:term":[{"taxonomy":"category","embeddable":true,"href":"https:\/\/experienciadevida.com.ar\/portalurbano\/wp-json\/wp\/v2\/categories?post=168976"},{"taxonomy":"post_tag","embeddable":true,"href":"https:\/\/experienciadevida.com.ar\/portalurbano\/wp-json\/wp\/v2\/tags?post=168976"}],"curies":[{"name":"wp","href":"https:\/\/api.w.org\/{rel}","templated":true}]}}