{"id":168961,"date":"2022-06-04T22:21:52","date_gmt":"2022-06-05T01:21:52","guid":{"rendered":"https:\/\/experienciadevida.com.ar\/portalurbano\/?p=168961"},"modified":"2022-06-04T22:25:34","modified_gmt":"2022-06-05T01:25:34","slug":"se-realizo-el-acto-protocolar-por-el-dia-del-bombero-voluntario","status":"publish","type":"post","link":"https:\/\/experienciadevida.com.ar\/portalurbano\/se-realizo-el-acto-protocolar-por-el-dia-del-bombero-voluntario\/","title":{"rendered":"Se realiz\u00f3 el acto protocolar por el D\u00eda del Bombero Voluntario"},"content":{"rendered":"<p>Se realiz\u00f3 el acto protocolar\u00a0 por el D\u00eda del Bombero Voluntario, durante la tarde de este s\u00e1bado 4 de junio, se llev\u00f3 a cabo el Acto Protocolar que conmemora el d\u00eda de estos servidores p\u00fablicos. Adem\u00e1s, en esta ocasi\u00f3n se llevaron a cabo distinciones y ascensos dentro del cuerpo activo.<\/p>\n<p>Pasadas las 15:30hs comenz\u00f3 en las instalaciones de la Asociaci\u00f3n de Bomberos Voluntarios \u2013ubicada en Av. Colon al 3250- el Acto Protocolar que celebra el D\u00eda Nacional del Bombero Voluntarios.<\/p>\n<p>Comenzado el acto, personal del cuerpo activo del cuartel central, y los destacamentos de Loma Negra, Sierras Bayas e Hinojo, realizaron la formaci\u00f3n correspondiente para dar paso a la formaci\u00f3n a cargo del 2\u00b0 Jefe del Cuerpo, Comandante Mayor Marcelo Rafael Menchaca, secundado por el Comandante Mayor Julio Cesar Kolman y el Comandante Mayor Javier Alfredo Dom\u00ednguez.<\/p>\n<p>Acto seguido se dio lugar a la entrada de la bandera de ceremonias, portada por el abanderado Oficial de Dotaci\u00f3n Adri\u00e1n Guevara, escolta Oficial Auxiliar Pablo Moreno y el Ayudante Abel Ruybal, y Jefe de bandera Sub-comandante y parte del cuerpo de reserva Marcelo Hugo Rodr\u00edguez.<\/p>\n<p>Las estrofas del himno nacional argentino sonaron una vez las dotaciones estuvieron formadas y las familias que acompa\u00f1aron a los bomberos en este d\u00eda estaban ya ubicadas en su lugar. Posteriormente, se realiz\u00f3 en el recinto un minuto de silencio en memoria de miembros de la instituci\u00f3n, socios y victimas del Covid-19 que ya no se encuentran entre nosotros.<\/p>\n<p>Luego, el p\u00e1rroco de la iglesia San Jos\u00e9, padre Juan Sebasti\u00e1n Briscioli, hizo lectura de unas oraciones y bendijo a los Bomberos Voluntarios en esta ocasi\u00f3n especial.<\/p>\n<p>Discursos oficiales<br \/>\nUno de los primeros en expresar unas palabras para los presentes fue el Comandante General Ra\u00fal Ferreira, Jefe del Cuerpo Activo. Ferreira agradeci\u00f3 la presencia de autoridades municipales, instituciones, familiares y amigos. Aprovecho el espacio tambi\u00e9n para agradecer el sacrificio, esfuerzo y dedicaci\u00f3n de todos los bomberos que componen la asociaci\u00f3n, a todas las familias que acompa\u00f1an esta decisi\u00f3n de servir a la comunidad, al consejo directivo que trabaja incansablemente para darle lo mejor a la instituci\u00f3n y a la subcomisi\u00f3n de damas, el nexo entre bomberos y otras instituciones para cumplir objetivos y ayudar d\u00eda a d\u00eda.<\/p>\n<p>Posteriormente, el Presidente del Consejo Directivo Hugo Fayan\u00e1s brindo unas palabras en principio de agradecimiento para todos aquellos que componen a la instituci\u00f3n, a quienes trabajan para llevar a cabo los objetivos y proyectos, el consejo directivo. Recalco el trabajo incansable de bomberos, que ponen cuerpo y alma para que la asociaci\u00f3n siga en pie.<\/p>\n<p>Hugo Fayan\u00e1s: \u201cTenemos que estar ac\u00e1 por ustedes\u201d.<\/p>\n<p>Tambi\u00e9n agradeci\u00f3 la presencia del Intendente Municipal Dr. Ezequiel Galli, y el apoyo diario del municipio de Olavarr\u00eda para con la instituci\u00f3n. Es un gran aporte el que realizan, escuchando las necesidades y aportes para mejorar esta gran instituci\u00f3n que es bomberos.<\/p>\n<p>M\u00e1s tarde el Intendente Municipal Dr. Ezequiel Galli se pronunci\u00f3 al respecto brindando un discurso para todas las dotaciones.<\/p>\n<p>Ezequiel Galli: \u201cLa Asociaci\u00f3n de Bomberos Voluntarios de Olavarr\u00eda es motivo de ejemplo y orgullo\u201d.<\/p>\n<p>El intendente Galli aprovecho la oportunidad para recalcar la importancia de instituciones como estas, que est\u00e1n al servicio de la comunidad. Acompa\u00f1ar y colaborar con el trabajo dentro de bomberos es tambi\u00e9n, colaborar con Olavarr\u00eda. Asociaciones de Bomberos Voluntarios es un ejemplo a seguir.<\/p>\n<p>Ezequiel Galli: \u201cLos bomberos jam\u00e1s mueren, laten en los corazones de aquellos a los que salvaron\u201d.<\/p>\n<p>Una vez finalizadas las palabras del se\u00f1or intendente municipal, el Bombero Federico Kesler acompa\u00f1ado del Bombero Federico Torres, ley\u00f3 una carta escrita por su compa\u00f1ero Oficial Auxiliar Ra\u00fal \u201cMe\u00f1e\u201d Torres, recientemente fallecido. \u201cMe\u00f1e\u201d, oriundo de Sierras Bayas, hab\u00eda ingresado a la instituci\u00f3n como integrante del primero Cuerpo Auxiliar de Buzos en 1987. \u201cMe\u00f1e\u201d escribi\u00f3 unas palabras de afecto para todos sus compa\u00f1eros y familia que lo acompa\u00f1aron en esta vocaci\u00f3n, y para la instituci\u00f3n que lo vio formarse como bombero voluntario, leg\u00e1ndole la profesi\u00f3n a su hijo Federico.<\/p>\n<p>Distinciones y Ascensos<br \/>\nComo consecuencia de la pandemia por Covid-19 muchos ascenso y distinciones no hab\u00edan podido llevarse a cabo en su momento. Por tal motivo, y en concordancia con la fecha que celebra el D\u00eda del Bombero, la instituci\u00f3n eligi\u00f3 llevar a cabo estos nombramientos en este d\u00eda tan especial.<\/p>\n<p>Uno de los primeros reconocimientos, por iniciativa del bloque Ahora Olavarr\u00eda y tratado en el Honorable Consejo Deliberante, fue la distinci\u00f3n del Bombero Carlos Marfurt reconociendo su labor dentro de la Brigada Puma de la Federaci\u00f3n de Asociaciones de Bomberos Voluntarios de la Provincia de Buenos Aires (FACBA). Marfurt fue miembro de la delegaci\u00f3n de la regi\u00f3n Centro Centro convocada para apoyar las labores llevadas a cabo en la provincia de Corrientes, junto a los cuarteles de Cachari, Alvear, Olavarr\u00eda, Tapalque, Saladillo y Del Carril.<\/p>\n<p>Luego se hizo entrega de las distinciones al personal del cuerpo que cumpli\u00f3 25 a\u00f1os de servicio en la asociaci\u00f3n. 25 a\u00f1os ininterrumpidos sirviendo y formando parte del cuerpo. Los bomberos distinguidos por haber cumplido 25 a\u00f1os de su carrera fueron: Oficial Aux Gustavo Palermo; y los suboficiales Jos\u00e9 Luis Galizio; Elbio Chacho; Carlos Duval; Juan Novoa; Osvaldo Tachela; Sergio Omar Arevalo; Rodolfo Lopez y los bomberos Jos\u00e9 Lafitte y Ra\u00fal Rodriguez.<\/p>\n<p>El acto protocolar tambi\u00e9n fue donde se llevaron a cabo los juramentos de los nuevos bomberos recientemente ascendidos en el periodo de pandemia. Los bomberos ascendidos fueron: Bomberos Mar\u00eda Paz El\u00edas; Thomas Garc\u00eda; Ariel Carballo; Lautaro Torres; Santiago Ferreira y Martin Amilliano. Tomo juramento el Comandante Mayor H\u00e9ctor Hoyos del Cuerpo de Reserva, director de la Escuela del Cuerpo de Cadetes y ex Jefe del Cuerpo Activo.<\/p>\n<p>Por \u00faltimo, se llevaron a cabo los ascensos correspondientes a Sub-oficial Sub-ayudante a los bomberos: Cesar Guidoni; Carlos Marfurt; Sergio Iyarza; Marcelo Lopez; Nicol\u00e1s Pavone; Claudio Barrios; Rub\u00e9n Alfonzo; Mar\u00eda Bevacqua; Marcos Araguino; Joaqu\u00edn Doorish; Nahuel Alga\u00f1araz; Cesar Terenzano; Alejandro Acosta; Fernando Haaz; Mario Cangran; Eduardo Fernandez y Danielo Canobi.<br \/>\nA Subayudantes a Ayudantes los Sub-oficiales: Mariano Cian Y Gast\u00f3n Stanley.<\/p>\n<p>Por otra parte, ascendieron a Sub-oficial Ayudante de Primera los ayudantes Abel Ruybal; Marcos Garc\u00eda; y los Sub-ayudantes Emilio Hernandez y Fernando Quinteros.<\/p>\n<p>A Sub-Oficial Ayudante Principal los Ayudantes de Primera Juan Andrada y Martin Farinella; y los Sub-ayudantes Dar\u00edo Dubal; Juan Novoa y Agust\u00edn Fonseca.<\/p>\n<p>A Sub-oficial Ayudante Mayor los Ayudantes principales Paola Natalle y Pedro Arias y los ayudantes de primera Gast\u00f3n Vizzolini y Sebasti\u00e1n Rikal.<\/p>\n<p>A Oficial Aux. los Ayudantes Mayor: Rafael Mart\u00ednez y Sergio Alaman.<\/p>\n<p>A Oficial Aux. de Cuadra los oficiales auxiliares Pablo Moreno y Juan Belgrano.<\/p>\n<p>A Oficial Aux. de Dotaci\u00f3n el oficial Aux. Juan Ponce.<\/p>\n<p>A Sub-comandante el Oficial de Dotaci\u00f3n Adri\u00e1n Guevara.<\/p>\n<p>A Comandante General el Comandante Mayor Marcelo Menchaca 2\u00b0 Jefe del Cuerpo Activo.<\/p>\n","protected":false},"excerpt":{"rendered":"<p>Se realiz\u00f3 el acto protocolar\u00a0 por el D\u00eda del Bombero Voluntario, durante la tarde de&#8230;<\/p>\n","protected":false},"author":1,"featured_media":168962,"comment_status":"closed","ping_status":"closed","sticky":false,"template":"","format":"standard","meta":{"content-type":""},"categories":[27,64],"tags":[],"nelio_content":{"isAutoShareEnabled":false,"autoShareEndMode":"default","automationSources":{"useContentSentences":true,"useSocialTemplates":true,"useCustomSentences":false,"customSentences":[]},"followers":[1],"suggestedReferences":[],"includedReferences":[],"efiUrl":"","efiAlt":"","highlights":[]},"yoast_head":"<!-- This site is optimized with the Yoast SEO plugin v20.7 - https:\/\/yoast.com\/wordpress\/plugins\/seo\/ -->\n<title>Se realiz\u00f3 el acto protocolar por el D\u00eda del bombero voluntario<\/title>\n<meta name=\"description\" content=\"Se realiz\u00f3 el acto protocolar el D\u00eda del Bombero Voluntario, durante la tarde de este s\u00e1bado 4 de junio particip\u00f3 el Intendente Ezequiel Galli\" \/>\n<meta name=\"robots\" content=\"index, follow, max-snippet:-1, max-image-preview:large, max-video-preview:-1\" \/>\n<link rel=\"canonical\" href=\"https:\/\/experienciadevida.com.ar\/portalurbano\/se-realizo-el-acto-protocolar-por-el-dia-del-bombero-voluntario\/\" \/>\n<meta property=\"og:locale\" content=\"es_ES\" \/>\n<meta property=\"og:type\" content=\"article\" \/>\n<meta property=\"og:title\" content=\"Se realiz\u00f3 el acto protocolar por el D\u00eda del bombero voluntario\" \/>\n<meta property=\"og:description\" content=\"Se realiz\u00f3 el acto protocolar el D\u00eda del Bombero Voluntario, durante la tarde de este s\u00e1bado 4 de junio particip\u00f3 el Intendente Ezequiel Galli\" \/>\n<meta property=\"og:url\" content=\"https:\/\/experienciadevida.com.ar\/portalurbano\/se-realizo-el-acto-protocolar-por-el-dia-del-bombero-voluntario\/\" \/>\n<meta property=\"article:publisher\" content=\"https:\/\/www.facebook.com\/Portal-Urbano-171542830093757\/\" \/>\n<meta property=\"article:published_time\" content=\"2022-06-05T01:21:52+00:00\" \/>\n<meta property=\"article:modified_time\" content=\"2022-06-05T01:25:34+00:00\" \/>\n<meta property=\"og:image\" content=\"https:\/\/experienciadevida.com.ar\/portalurbano\/wp-content\/uploads\/2022\/06\/Se-realizo-el-acto.jpg\" \/>\n\t<meta property=\"og:image:width\" content=\"960\" \/>\n\t<meta property=\"og:image:height\" content=\"641\" \/>\n\t<meta property=\"og:image:type\" content=\"image\/jpeg\" \/>\n<meta name=\"author\" content=\"admpu17wp\" \/>\n<meta name=\"twitter:card\" content=\"summary_large_image\" \/>\n<meta name=\"twitter:creator\" content=\"@portalurbanook\" \/>\n<meta name=\"twitter:site\" content=\"@portalurbanook\" \/>\n<meta name=\"twitter:label1\" content=\"Escrito por\" \/>\n\t<meta name=\"twitter:data1\" content=\"admpu17wp\" \/>\n\t<meta name=\"twitter:label2\" content=\"Tiempo de lectura\" \/>\n\t<meta name=\"twitter:data2\" content=\"6 minutos\" \/>\n<script type=\"application\/ld+json\" class=\"yoast-schema-graph\">{\"@context\":\"https:\/\/schema.org\",\"@graph\":[{\"@type\":\"Article\",\"@id\":\"https:\/\/experienciadevida.com.ar\/portalurbano\/se-realizo-el-acto-protocolar-por-el-dia-del-bombero-voluntario\/#article\",\"isPartOf\":{\"@id\":\"https:\/\/experienciadevida.com.ar\/portalurbano\/se-realizo-el-acto-protocolar-por-el-dia-del-bombero-voluntario\/\"},\"author\":{\"name\":\"admpu17wp\",\"@id\":\"https:\/\/experienciadevida.com.ar\/portalurbano\/#\/schema\/person\/02dd326b1c4b056e9cc972486934a3a7\"},\"headline\":\"Se realiz\u00f3 el acto protocolar por el D\u00eda del Bombero Voluntario\",\"datePublished\":\"2022-06-05T01:21:52+00:00\",\"dateModified\":\"2022-06-05T01:25:34+00:00\",\"mainEntityOfPage\":{\"@id\":\"https:\/\/experienciadevida.com.ar\/portalurbano\/se-realizo-el-acto-protocolar-por-el-dia-del-bombero-voluntario\/\"},\"wordCount\":1216,\"publisher\":{\"@id\":\"https:\/\/experienciadevida.com.ar\/portalurbano\/#organization\"},\"articleSection\":[\"Ciudad\",\"Destacadas 2\"],\"inLanguage\":\"es\"},{\"@type\":\"WebPage\",\"@id\":\"https:\/\/experienciadevida.com.ar\/portalurbano\/se-realizo-el-acto-protocolar-por-el-dia-del-bombero-voluntario\/\",\"url\":\"https:\/\/experienciadevida.com.ar\/portalurbano\/se-realizo-el-acto-protocolar-por-el-dia-del-bombero-voluntario\/\",\"name\":\"Se realiz\u00f3 el acto protocolar por el D\u00eda del bombero voluntario\",\"isPartOf\":{\"@id\":\"https:\/\/experienciadevida.com.ar\/portalurbano\/#website\"},\"datePublished\":\"2022-06-05T01:21:52+00:00\",\"dateModified\":\"2022-06-05T01:25:34+00:00\",\"description\":\"Se realiz\u00f3 el acto protocolar el D\u00eda del Bombero Voluntario, durante la tarde de este s\u00e1bado 4 de junio particip\u00f3 el Intendente Ezequiel Galli\",\"breadcrumb\":{\"@id\":\"https:\/\/experienciadevida.com.ar\/portalurbano\/se-realizo-el-acto-protocolar-por-el-dia-del-bombero-voluntario\/#breadcrumb\"},\"inLanguage\":\"es\",\"potentialAction\":[{\"@type\":\"ReadAction\",\"target\":[\"https:\/\/experienciadevida.com.ar\/portalurbano\/se-realizo-el-acto-protocolar-por-el-dia-del-bombero-voluntario\/\"]}]},{\"@type\":\"BreadcrumbList\",\"@id\":\"https:\/\/experienciadevida.com.ar\/portalurbano\/se-realizo-el-acto-protocolar-por-el-dia-del-bombero-voluntario\/#breadcrumb\",\"itemListElement\":[{\"@type\":\"ListItem\",\"position\":1,\"name\":\"Portada\",\"item\":\"https:\/\/experienciadevida.com.ar\/portalurbano\/\"},{\"@type\":\"ListItem\",\"position\":2,\"name\":\"Se realiz\u00f3 el acto protocolar por el D\u00eda del Bombero Voluntario\"}]},{\"@type\":\"WebSite\",\"@id\":\"https:\/\/experienciadevida.com.ar\/portalurbano\/#website\",\"url\":\"https:\/\/experienciadevida.com.ar\/portalurbano\/\",\"name\":\"\",\"description\":\"\",\"publisher\":{\"@id\":\"https:\/\/experienciadevida.com.ar\/portalurbano\/#organization\"},\"potentialAction\":[{\"@type\":\"SearchAction\",\"target\":{\"@type\":\"EntryPoint\",\"urlTemplate\":\"https:\/\/experienciadevida.com.ar\/portalurbano\/?s={search_term_string}\"},\"query-input\":\"required name=search_term_string\"}],\"inLanguage\":\"es\"},{\"@type\":\"Organization\",\"@id\":\"https:\/\/experienciadevida.com.ar\/portalurbano\/#organization\",\"name\":\"Portal Urbano\",\"url\":\"https:\/\/experienciadevida.com.ar\/portalurbano\/\",\"logo\":{\"@type\":\"ImageObject\",\"inLanguage\":\"es\",\"@id\":\"https:\/\/experienciadevida.com.ar\/portalurbano\/#\/schema\/logo\/image\/\",\"url\":\"https:\/\/experienciadevida.com.ar\/portalurbano\/wp-content\/uploads\/2019\/09\/Logo-Original.png\",\"contentUrl\":\"https:\/\/experienciadevida.com.ar\/portalurbano\/wp-content\/uploads\/2019\/09\/Logo-Original.png\",\"width\":2236,\"height\":1216,\"caption\":\"Portal Urbano\"},\"image\":{\"@id\":\"https:\/\/experienciadevida.com.ar\/portalurbano\/#\/schema\/logo\/image\/\"},\"sameAs\":[\"https:\/\/www.facebook.com\/Portal-Urbano-171542830093757\/\",\"https:\/\/twitter.com\/portalurbanook\",\"https:\/\/www.instagram.com\/_portalurbano\/\",\"https:\/\/www.youtube.com\/channel\/UCXhagIfszH8KxFiOok79zbA?view_as=subscriber\"]},{\"@type\":\"Person\",\"@id\":\"https:\/\/experienciadevida.com.ar\/portalurbano\/#\/schema\/person\/02dd326b1c4b056e9cc972486934a3a7\",\"name\":\"admpu17wp\",\"image\":{\"@type\":\"ImageObject\",\"inLanguage\":\"es\",\"@id\":\"https:\/\/experienciadevida.com.ar\/portalurbano\/#\/schema\/person\/image\/\",\"url\":\"https:\/\/secure.gravatar.com\/avatar\/830d4c57adaae6630765e449a6908047?s=96&d=mm&r=g\",\"contentUrl\":\"https:\/\/secure.gravatar.com\/avatar\/830d4c57adaae6630765e449a6908047?s=96&d=mm&r=g\",\"caption\":\"admpu17wp\"}}]}<\/script>\n<!-- \/ Yoast SEO plugin. -->","yoast_head_json":{"title":"Se realiz\u00f3 el acto protocolar por el D\u00eda del bombero voluntario","description":"Se realiz\u00f3 el acto protocolar el D\u00eda del Bombero Voluntario, durante la tarde de este s\u00e1bado 4 de junio particip\u00f3 el Intendente Ezequiel Galli","robots":{"index":"index","follow":"follow","max-snippet":"max-snippet:-1","max-image-preview":"max-image-preview:large","max-video-preview":"max-video-preview:-1"},"canonical":"https:\/\/experienciadevida.com.ar\/portalurbano\/se-realizo-el-acto-protocolar-por-el-dia-del-bombero-voluntario\/","og_locale":"es_ES","og_type":"article","og_title":"Se realiz\u00f3 el acto protocolar por el D\u00eda del bombero voluntario","og_description":"Se realiz\u00f3 el acto protocolar el D\u00eda del Bombero Voluntario, durante la tarde de este s\u00e1bado 4 de junio particip\u00f3 el Intendente Ezequiel Galli","og_url":"https:\/\/experienciadevida.com.ar\/portalurbano\/se-realizo-el-acto-protocolar-por-el-dia-del-bombero-voluntario\/","article_publisher":"https:\/\/www.facebook.com\/Portal-Urbano-171542830093757\/","article_published_time":"2022-06-05T01:21:52+00:00","article_modified_time":"2022-06-05T01:25:34+00:00","og_image":[{"width":960,"height":641,"url":"https:\/\/experienciadevida.com.ar\/portalurbano\/wp-content\/uploads\/2022\/06\/Se-realizo-el-acto.jpg","type":"image\/jpeg"}],"author":"admpu17wp","twitter_card":"summary_large_image","twitter_creator":"@portalurbanook","twitter_site":"@portalurbanook","twitter_misc":{"Escrito por":"admpu17wp","Tiempo de lectura":"6 minutos"},"schema":{"@context":"https:\/\/schema.org","@graph":[{"@type":"Article","@id":"https:\/\/experienciadevida.com.ar\/portalurbano\/se-realizo-el-acto-protocolar-por-el-dia-del-bombero-voluntario\/#article","isPartOf":{"@id":"https:\/\/experienciadevida.com.ar\/portalurbano\/se-realizo-el-acto-protocolar-por-el-dia-del-bombero-voluntario\/"},"author":{"name":"admpu17wp","@id":"https:\/\/experienciadevida.com.ar\/portalurbano\/#\/schema\/person\/02dd326b1c4b056e9cc972486934a3a7"},"headline":"Se realiz\u00f3 el acto protocolar por el D\u00eda del Bombero Voluntario","datePublished":"2022-06-05T01:21:52+00:00","dateModified":"2022-06-05T01:25:34+00:00","mainEntityOfPage":{"@id":"https:\/\/experienciadevida.com.ar\/portalurbano\/se-realizo-el-acto-protocolar-por-el-dia-del-bombero-voluntario\/"},"wordCount":1216,"publisher":{"@id":"https:\/\/experienciadevida.com.ar\/portalurbano\/#organization"},"articleSection":["Ciudad","Destacadas 2"],"inLanguage":"es"},{"@type":"WebPage","@id":"https:\/\/experienciadevida.com.ar\/portalurbano\/se-realizo-el-acto-protocolar-por-el-dia-del-bombero-voluntario\/","url":"https:\/\/experienciadevida.com.ar\/portalurbano\/se-realizo-el-acto-protocolar-por-el-dia-del-bombero-voluntario\/","name":"Se realiz\u00f3 el acto protocolar por el D\u00eda del bombero voluntario","isPartOf":{"@id":"https:\/\/experienciadevida.com.ar\/portalurbano\/#website"},"datePublished":"2022-06-05T01:21:52+00:00","dateModified":"2022-06-05T01:25:34+00:00","description":"Se realiz\u00f3 el acto protocolar el D\u00eda del Bombero Voluntario, durante la tarde de este s\u00e1bado 4 de junio particip\u00f3 el Intendente Ezequiel Galli","breadcrumb":{"@id":"https:\/\/experienciadevida.com.ar\/portalurbano\/se-realizo-el-acto-protocolar-por-el-dia-del-bombero-voluntario\/#breadcrumb"},"inLanguage":"es","potentialAction":[{"@type":"ReadAction","target":["https:\/\/experienciadevida.com.ar\/portalurbano\/se-realizo-el-acto-protocolar-por-el-dia-del-bombero-voluntario\/"]}]},{"@type":"BreadcrumbList","@id":"https:\/\/experienciadevida.com.ar\/portalurbano\/se-realizo-el-acto-protocolar-por-el-dia-del-bombero-voluntario\/#breadcrumb","itemListElement":[{"@type":"ListItem","position":1,"name":"Portada","item":"https:\/\/experienciadevida.com.ar\/portalurbano\/"},{"@type":"ListItem","position":2,"name":"Se realiz\u00f3 el acto protocolar por el D\u00eda del Bombero Voluntario"}]},{"@type":"WebSite","@id":"https:\/\/experienciadevida.com.ar\/portalurbano\/#website","url":"https:\/\/experienciadevida.com.ar\/portalurbano\/","name":"","description":"","publisher":{"@id":"https:\/\/experienciadevida.com.ar\/portalurbano\/#organization"},"potentialAction":[{"@type":"SearchAction","target":{"@type":"EntryPoint","urlTemplate":"https:\/\/experienciadevida.com.ar\/portalurbano\/?s={search_term_string}"},"query-input":"required name=search_term_string"}],"inLanguage":"es"},{"@type":"Organization","@id":"https:\/\/experienciadevida.com.ar\/portalurbano\/#organization","name":"Portal Urbano","url":"https:\/\/experienciadevida.com.ar\/portalurbano\/","logo":{"@type":"ImageObject","inLanguage":"es","@id":"https:\/\/experienciadevida.com.ar\/portalurbano\/#\/schema\/logo\/image\/","url":"https:\/\/experienciadevida.com.ar\/portalurbano\/wp-content\/uploads\/2019\/09\/Logo-Original.png","contentUrl":"https:\/\/experienciadevida.com.ar\/portalurbano\/wp-content\/uploads\/2019\/09\/Logo-Original.png","width":2236,"height":1216,"caption":"Portal Urbano"},"image":{"@id":"https:\/\/experienciadevida.com.ar\/portalurbano\/#\/schema\/logo\/image\/"},"sameAs":["https:\/\/www.facebook.com\/Portal-Urbano-171542830093757\/","https:\/\/twitter.com\/portalurbanook","https:\/\/www.instagram.com\/_portalurbano\/","https:\/\/www.youtube.com\/channel\/UCXhagIfszH8KxFiOok79zbA?view_as=subscriber"]},{"@type":"Person","@id":"https:\/\/experienciadevida.com.ar\/portalurbano\/#\/schema\/person\/02dd326b1c4b056e9cc972486934a3a7","name":"admpu17wp","image":{"@type":"ImageObject","inLanguage":"es","@id":"https:\/\/experienciadevida.com.ar\/portalurbano\/#\/schema\/person\/image\/","url":"https:\/\/secure.gravatar.com\/avatar\/830d4c57adaae6630765e449a6908047?s=96&d=mm&r=g","contentUrl":"https:\/\/secure.gravatar.com\/avatar\/830d4c57adaae6630765e449a6908047?s=96&d=mm&r=g","caption":"admpu17wp"}}]}},"featured_image_urls":{"full":["https:\/\/experienciadevida.com.ar\/portalurbano\/wp-content\/uploads\/2022\/06\/Se-realizo-el-acto.jpg",960,641,false],"thumbnail":["https:\/\/experienciadevida.com.ar\/portalurbano\/wp-content\/uploads\/2022\/06\/Se-realizo-el-acto-150x150.jpg",150,150,true],"medium":["https:\/\/experienciadevida.com.ar\/portalurbano\/wp-content\/uploads\/2022\/06\/Se-realizo-el-acto-300x200.jpg",300,200,true],"medium_large":["https:\/\/experienciadevida.com.ar\/portalurbano\/wp-content\/uploads\/2022\/06\/Se-realizo-el-acto-768x513.jpg",640,428,true],"large":["https:\/\/experienciadevida.com.ar\/portalurbano\/wp-content\/uploads\/2022\/06\/Se-realizo-el-acto.jpg",640,427,false],"ug_big":["https:\/\/experienciadevida.com.ar\/portalurbano\/wp-content\/uploads\/2022\/06\/Se-realizo-el-acto-768x513.jpg",768,513,true],"1536x1536":["https:\/\/experienciadevida.com.ar\/portalurbano\/wp-content\/uploads\/2022\/06\/Se-realizo-el-acto.jpg",960,641,false],"2048x2048":["https:\/\/experienciadevida.com.ar\/portalurbano\/wp-content\/uploads\/2022\/06\/Se-realizo-el-acto.jpg",960,641,false],"newsever-slider-full":["https:\/\/experienciadevida.com.ar\/portalurbano\/wp-content\/uploads\/2022\/06\/Se-realizo-el-acto.jpg",960,641,false],"newsever-featured":["https:\/\/experienciadevida.com.ar\/portalurbano\/wp-content\/uploads\/2022\/06\/Se-realizo-el-acto.jpg",960,641,false],"newsever-medium":["https:\/\/experienciadevida.com.ar\/portalurbano\/wp-content\/uploads\/2022\/06\/Se-realizo-el-acto.jpg",711,475,false],"web-stories-poster-portrait":["https:\/\/experienciadevida.com.ar\/portalurbano\/wp-content\/uploads\/2022\/06\/Se-realizo-el-acto.jpg",640,427,false],"web-stories-publisher-logo":["https:\/\/experienciadevida.com.ar\/portalurbano\/wp-content\/uploads\/2022\/06\/Se-realizo-el-acto.jpg",96,64,false],"web-stories-thumbnail":["https:\/\/experienciadevida.com.ar\/portalurbano\/wp-content\/uploads\/2022\/06\/Se-realizo-el-acto.jpg",150,100,false]},"author_info":{"display_name":"admpu17wp","author_link":"https:\/\/experienciadevida.com.ar\/portalurbano\/author\/admpu17wp\/"},"category_info":"<a href=\"https:\/\/experienciadevida.com.ar\/portalurbano\/category\/ciudad\/\" rel=\"category tag\">Ciudad<\/a> <a href=\"https:\/\/experienciadevida.com.ar\/portalurbano\/category\/destacadas-2\/\" rel=\"category tag\">Destacadas 2<\/a>","tag_info":"Destacadas 2","comment_count":"0","amp_enabled":true,"_links":{"self":[{"href":"https:\/\/experienciadevida.com.ar\/portalurbano\/wp-json\/wp\/v2\/posts\/168961"}],"collection":[{"href":"https:\/\/experienciadevida.com.ar\/portalurbano\/wp-json\/wp\/v2\/posts"}],"about":[{"href":"https:\/\/experienciadevida.com.ar\/portalurbano\/wp-json\/wp\/v2\/types\/post"}],"author":[{"embeddable":true,"href":"https:\/\/experienciadevida.com.ar\/portalurbano\/wp-json\/wp\/v2\/users\/1"}],"replies":[{"embeddable":true,"href":"https:\/\/experienciadevida.com.ar\/portalurbano\/wp-json\/wp\/v2\/comments?post=168961"}],"version-history":[{"count":2,"href":"https:\/\/experienciadevida.com.ar\/portalurbano\/wp-json\/wp\/v2\/posts\/168961\/revisions"}],"predecessor-version":[{"id":168964,"href":"https:\/\/experienciadevida.com.ar\/portalurbano\/wp-json\/wp\/v2\/posts\/168961\/revisions\/168964"}],"wp:featuredmedia":[{"embeddable":true,"href":"https:\/\/experienciadevida.com.ar\/portalurbano\/wp-json\/wp\/v2\/media\/168962"}],"wp:attachment":[{"href":"https:\/\/experienciadevida.com.ar\/portalurbano\/wp-json\/wp\/v2\/media?parent=168961"}],"wp:term":[{"taxonomy":"category","embeddable":true,"href":"https:\/\/experienciadevida.com.ar\/portalurbano\/wp-json\/wp\/v2\/categories?post=168961"},{"taxonomy":"post_tag","embeddable":true,"href":"https:\/\/experienciadevida.com.ar\/portalurbano\/wp-json\/wp\/v2\/tags?post=168961"}],"curies":[{"name":"wp","href":"https:\/\/api.w.org\/{rel}","templated":true}]}}