{"id":168953,"date":"2022-06-04T17:19:02","date_gmt":"2022-06-04T20:19:02","guid":{"rendered":"https:\/\/experienciadevida.com.ar\/portalurbano\/?p=168953"},"modified":"2022-06-04T17:24:26","modified_gmt":"2022-06-04T20:24:26","slug":"es-necesario-avanzar-con-la-reglamentacion-de-la-ley-de-zona-fria-en-olavarria","status":"publish","type":"post","link":"https:\/\/experienciadevida.com.ar\/portalurbano\/es-necesario-avanzar-con-la-reglamentacion-de-la-ley-de-zona-fria-en-olavarria\/","title":{"rendered":"\u00abEs necesario avanzar con la reglamentaci\u00f3n de la ley de zona fr\u00eda en Olavarr\u00eda\u00bb"},"content":{"rendered":"<p>\u00abEs necesario avanzar con la reglamentaci\u00f3n de la ley de zona fr\u00eda en Olavarr\u00eda\u00bb, la Directora de Defensa al Consumidor del Gobierno Municipal Andrea Imbrogno se refiri\u00f3 a la necesidad de avanzar con la reglamentaci\u00f3n de la ley de zona fr\u00eda en el partido de Olavarr\u00eda.<\/p>\n<p>En este sentido, dijo que \u00aben la participaci\u00f3n en las audiencias p\u00fablicas se ha reiterado que nuestro municipio a\u00fan no ha alcanzado los beneficios de otras ciudades que con iguales temperaturas tienen una tarifa menor y una mayor capacidad de consumo\u00bb.<\/p>\n<p>En este sentido, Imbrogno explic\u00f3 que \u00abhay dos temas sensibles que afectan directamente la econom\u00eda de los ciudadanos y por sobre todo la calidad de vida: el primero es la demora de la Provincia de Buenos Aires en la reglamentaci\u00f3n de la ley de zona fr\u00eda para los usuarios de gas envasado que provoca que los usuarios de garrafas no est\u00e9n accediendo a los descuentos en la compra de gas\u00bb.<\/p>\n<p>Al respecto, desde la Direcci\u00f3n de Defensa al Consumidor detallaron que el reclamo se viene realizando desde principio de a\u00f1o mediante un escrito conjunto con los organismos de otros municipios pertenecientes a la zona fr\u00eda, dirigido a la secretaria de Energ\u00eda de la Naci\u00f3n y la Subsecretaria de la Provincia sin obtener precisiones acerca de cu\u00e1ndo y c\u00f3mo se implementar\u00e1 el acceso de este beneficio a los usuarios de gas envasado.<\/p>\n<p>Por otra Parte, Andrea Imbrogno indic\u00f3 que \u00abel otro tema que nos preocupa es la ampliaci\u00f3n de los umbrales de consumo en la categorizaci\u00f3n de los usuarios. Tal como lo venimos manifestando en todas las Audiencias P\u00fablicas, los beneficios de la reducci\u00f3n del 30% al 50% de las tarifas se diluye si no se ampl\u00edan los metros de consumo que categorizan a los usuarios\u00bb.<\/p>\n<p>\u00abEn nuestro partido un usuario categor\u00eda 3.3 tiene un rango de consumo de 1800 y 2200 metros c\u00fabicos mientras que, en otras localidades con igual realidad clim\u00e1tica, como Carmen de Patagones o Viedma, la misma categor\u00eda tiene un umbral de 4101 a 4900 metros c\u00fabicos\u00bb, a\u00f1adi\u00f3.<\/p>\n<p>Finalmente, la funcionaria municipal remarc\u00f3 que \u00abdesde la gesti\u00f3n del intendente Ezequiel <a href=\"https:\/\/www.facebook.com\/galliezequiel\">Galli<\/a> se viene realizando un esfuerzo para facilitar el acceso a los servicios p\u00fablicos, en tanto son un medio para construir sociedades sostenibles, equitativas y democr\u00e1ticas\u00bb.<\/p>\n<p>Foto: Archivo<\/p>\n","protected":false},"excerpt":{"rendered":"<p>\u00abEs necesario avanzar con la reglamentaci\u00f3n de la ley de zona fr\u00eda en Olavarr\u00eda\u00bb, la&#8230;<\/p>\n","protected":false},"author":1,"featured_media":168954,"comment_status":"closed","ping_status":"closed","sticky":false,"template":"","format":"standard","meta":{"content-type":""},"categories":[27,64],"tags":[],"nelio_content":{"isAutoShareEnabled":false,"autoShareEndMode":"default","automationSources":{"useContentSentences":true,"useSocialTemplates":true,"useCustomSentences":false,"customSentences":[]},"followers":[1],"suggestedReferences":[],"includedReferences":[],"efiUrl":"","efiAlt":"","highlights":[]},"yoast_head":"<!-- This site is optimized with the Yoast SEO plugin v20.7 - https:\/\/yoast.com\/wordpress\/plugins\/seo\/ -->\n<title>&quot;Es necesario avanzar con la reglamentaci\u00f3n de la ley de zona fra&quot;<\/title>\n<meta name=\"description\" content=\"\u00abEs necesario avanzar con la reglamentaci\u00f3n de la ley de zona fr\u00eda en Olavarr\u00eda\u00bb, la Directora de Defensa al Consumidor\" \/>\n<meta name=\"robots\" content=\"index, follow, max-snippet:-1, max-image-preview:large, max-video-preview:-1\" \/>\n<link rel=\"canonical\" href=\"https:\/\/experienciadevida.com.ar\/portalurbano\/es-necesario-avanzar-con-la-reglamentacion-de-la-ley-de-zona-fria-en-olavarria\/\" \/>\n<meta property=\"og:locale\" content=\"es_ES\" \/>\n<meta property=\"og:type\" content=\"article\" \/>\n<meta property=\"og:title\" content=\"&quot;Es necesario avanzar con la reglamentaci\u00f3n de la ley de zona fra&quot;\" \/>\n<meta property=\"og:description\" content=\"\u00abEs necesario avanzar con la reglamentaci\u00f3n de la ley de zona fr\u00eda en Olavarr\u00eda\u00bb, la Directora de Defensa al Consumidor\" \/>\n<meta property=\"og:url\" content=\"https:\/\/experienciadevida.com.ar\/portalurbano\/es-necesario-avanzar-con-la-reglamentacion-de-la-ley-de-zona-fria-en-olavarria\/\" \/>\n<meta property=\"article:publisher\" content=\"https:\/\/www.facebook.com\/Portal-Urbano-171542830093757\/\" \/>\n<meta property=\"article:published_time\" content=\"2022-06-04T20:19:02+00:00\" \/>\n<meta property=\"article:modified_time\" content=\"2022-06-04T20:24:26+00:00\" \/>\n<meta property=\"og:image\" content=\"https:\/\/experienciadevida.com.ar\/portalurbano\/wp-content\/uploads\/2022\/06\/Es-necesario-avanzar-con.jpg\" \/>\n\t<meta property=\"og:image:width\" content=\"1024\" \/>\n\t<meta property=\"og:image:height\" content=\"682\" \/>\n\t<meta property=\"og:image:type\" content=\"image\/jpeg\" \/>\n<meta name=\"author\" content=\"admpu17wp\" \/>\n<meta name=\"twitter:card\" content=\"summary_large_image\" \/>\n<meta name=\"twitter:creator\" content=\"@portalurbanook\" \/>\n<meta name=\"twitter:site\" content=\"@portalurbanook\" \/>\n<meta name=\"twitter:label1\" content=\"Escrito por\" \/>\n\t<meta name=\"twitter:data1\" content=\"admpu17wp\" \/>\n\t<meta name=\"twitter:label2\" content=\"Tiempo de lectura\" \/>\n\t<meta name=\"twitter:data2\" content=\"2 minutos\" \/>\n<script type=\"application\/ld+json\" class=\"yoast-schema-graph\">{\"@context\":\"https:\/\/schema.org\",\"@graph\":[{\"@type\":\"Article\",\"@id\":\"https:\/\/experienciadevida.com.ar\/portalurbano\/es-necesario-avanzar-con-la-reglamentacion-de-la-ley-de-zona-fria-en-olavarria\/#article\",\"isPartOf\":{\"@id\":\"https:\/\/experienciadevida.com.ar\/portalurbano\/es-necesario-avanzar-con-la-reglamentacion-de-la-ley-de-zona-fria-en-olavarria\/\"},\"author\":{\"name\":\"admpu17wp\",\"@id\":\"https:\/\/experienciadevida.com.ar\/portalurbano\/#\/schema\/person\/02dd326b1c4b056e9cc972486934a3a7\"},\"headline\":\"\u00abEs necesario avanzar con la reglamentaci\u00f3n de la ley de zona fr\u00eda en Olavarr\u00eda\u00bb\",\"datePublished\":\"2022-06-04T20:19:02+00:00\",\"dateModified\":\"2022-06-04T20:24:26+00:00\",\"mainEntityOfPage\":{\"@id\":\"https:\/\/experienciadevida.com.ar\/portalurbano\/es-necesario-avanzar-con-la-reglamentacion-de-la-ley-de-zona-fria-en-olavarria\/\"},\"wordCount\":422,\"publisher\":{\"@id\":\"https:\/\/experienciadevida.com.ar\/portalurbano\/#organization\"},\"articleSection\":[\"Ciudad\",\"Destacadas 2\"],\"inLanguage\":\"es\"},{\"@type\":\"WebPage\",\"@id\":\"https:\/\/experienciadevida.com.ar\/portalurbano\/es-necesario-avanzar-con-la-reglamentacion-de-la-ley-de-zona-fria-en-olavarria\/\",\"url\":\"https:\/\/experienciadevida.com.ar\/portalurbano\/es-necesario-avanzar-con-la-reglamentacion-de-la-ley-de-zona-fria-en-olavarria\/\",\"name\":\"\\\"Es necesario avanzar con la reglamentaci\u00f3n de la ley de zona fra\\\"\",\"isPartOf\":{\"@id\":\"https:\/\/experienciadevida.com.ar\/portalurbano\/#website\"},\"datePublished\":\"2022-06-04T20:19:02+00:00\",\"dateModified\":\"2022-06-04T20:24:26+00:00\",\"description\":\"\u00abEs necesario avanzar con la reglamentaci\u00f3n de la ley de zona fr\u00eda en Olavarr\u00eda\u00bb, la Directora de Defensa al Consumidor\",\"breadcrumb\":{\"@id\":\"https:\/\/experienciadevida.com.ar\/portalurbano\/es-necesario-avanzar-con-la-reglamentacion-de-la-ley-de-zona-fria-en-olavarria\/#breadcrumb\"},\"inLanguage\":\"es\",\"potentialAction\":[{\"@type\":\"ReadAction\",\"target\":[\"https:\/\/experienciadevida.com.ar\/portalurbano\/es-necesario-avanzar-con-la-reglamentacion-de-la-ley-de-zona-fria-en-olavarria\/\"]}]},{\"@type\":\"BreadcrumbList\",\"@id\":\"https:\/\/experienciadevida.com.ar\/portalurbano\/es-necesario-avanzar-con-la-reglamentacion-de-la-ley-de-zona-fria-en-olavarria\/#breadcrumb\",\"itemListElement\":[{\"@type\":\"ListItem\",\"position\":1,\"name\":\"Portada\",\"item\":\"https:\/\/experienciadevida.com.ar\/portalurbano\/\"},{\"@type\":\"ListItem\",\"position\":2,\"name\":\"\u00abEs necesario avanzar con la reglamentaci\u00f3n de la ley de zona fr\u00eda en Olavarr\u00eda\u00bb\"}]},{\"@type\":\"WebSite\",\"@id\":\"https:\/\/experienciadevida.com.ar\/portalurbano\/#website\",\"url\":\"https:\/\/experienciadevida.com.ar\/portalurbano\/\",\"name\":\"\",\"description\":\"\",\"publisher\":{\"@id\":\"https:\/\/experienciadevida.com.ar\/portalurbano\/#organization\"},\"potentialAction\":[{\"@type\":\"SearchAction\",\"target\":{\"@type\":\"EntryPoint\",\"urlTemplate\":\"https:\/\/experienciadevida.com.ar\/portalurbano\/?s={search_term_string}\"},\"query-input\":\"required name=search_term_string\"}],\"inLanguage\":\"es\"},{\"@type\":\"Organization\",\"@id\":\"https:\/\/experienciadevida.com.ar\/portalurbano\/#organization\",\"name\":\"Portal Urbano\",\"url\":\"https:\/\/experienciadevida.com.ar\/portalurbano\/\",\"logo\":{\"@type\":\"ImageObject\",\"inLanguage\":\"es\",\"@id\":\"https:\/\/experienciadevida.com.ar\/portalurbano\/#\/schema\/logo\/image\/\",\"url\":\"https:\/\/experienciadevida.com.ar\/portalurbano\/wp-content\/uploads\/2019\/09\/Logo-Original.png\",\"contentUrl\":\"https:\/\/experienciadevida.com.ar\/portalurbano\/wp-content\/uploads\/2019\/09\/Logo-Original.png\",\"width\":2236,\"height\":1216,\"caption\":\"Portal Urbano\"},\"image\":{\"@id\":\"https:\/\/experienciadevida.com.ar\/portalurbano\/#\/schema\/logo\/image\/\"},\"sameAs\":[\"https:\/\/www.facebook.com\/Portal-Urbano-171542830093757\/\",\"https:\/\/twitter.com\/portalurbanook\",\"https:\/\/www.instagram.com\/_portalurbano\/\",\"https:\/\/www.youtube.com\/channel\/UCXhagIfszH8KxFiOok79zbA?view_as=subscriber\"]},{\"@type\":\"Person\",\"@id\":\"https:\/\/experienciadevida.com.ar\/portalurbano\/#\/schema\/person\/02dd326b1c4b056e9cc972486934a3a7\",\"name\":\"admpu17wp\",\"image\":{\"@type\":\"ImageObject\",\"inLanguage\":\"es\",\"@id\":\"https:\/\/experienciadevida.com.ar\/portalurbano\/#\/schema\/person\/image\/\",\"url\":\"https:\/\/secure.gravatar.com\/avatar\/830d4c57adaae6630765e449a6908047?s=96&d=mm&r=g\",\"contentUrl\":\"https:\/\/secure.gravatar.com\/avatar\/830d4c57adaae6630765e449a6908047?s=96&d=mm&r=g\",\"caption\":\"admpu17wp\"}}]}<\/script>\n<!-- \/ Yoast SEO plugin. -->","yoast_head_json":{"title":"\"Es necesario avanzar con la reglamentaci\u00f3n de la ley de zona fra\"","description":"\u00abEs necesario avanzar con la reglamentaci\u00f3n de la ley de zona fr\u00eda en Olavarr\u00eda\u00bb, la Directora de Defensa al Consumidor","robots":{"index":"index","follow":"follow","max-snippet":"max-snippet:-1","max-image-preview":"max-image-preview:large","max-video-preview":"max-video-preview:-1"},"canonical":"https:\/\/experienciadevida.com.ar\/portalurbano\/es-necesario-avanzar-con-la-reglamentacion-de-la-ley-de-zona-fria-en-olavarria\/","og_locale":"es_ES","og_type":"article","og_title":"\"Es necesario avanzar con la reglamentaci\u00f3n de la ley de zona fra\"","og_description":"\u00abEs necesario avanzar con la reglamentaci\u00f3n de la ley de zona fr\u00eda en Olavarr\u00eda\u00bb, la Directora de Defensa al Consumidor","og_url":"https:\/\/experienciadevida.com.ar\/portalurbano\/es-necesario-avanzar-con-la-reglamentacion-de-la-ley-de-zona-fria-en-olavarria\/","article_publisher":"https:\/\/www.facebook.com\/Portal-Urbano-171542830093757\/","article_published_time":"2022-06-04T20:19:02+00:00","article_modified_time":"2022-06-04T20:24:26+00:00","og_image":[{"width":1024,"height":682,"url":"https:\/\/experienciadevida.com.ar\/portalurbano\/wp-content\/uploads\/2022\/06\/Es-necesario-avanzar-con.jpg","type":"image\/jpeg"}],"author":"admpu17wp","twitter_card":"summary_large_image","twitter_creator":"@portalurbanook","twitter_site":"@portalurbanook","twitter_misc":{"Escrito por":"admpu17wp","Tiempo de lectura":"2 minutos"},"schema":{"@context":"https:\/\/schema.org","@graph":[{"@type":"Article","@id":"https:\/\/experienciadevida.com.ar\/portalurbano\/es-necesario-avanzar-con-la-reglamentacion-de-la-ley-de-zona-fria-en-olavarria\/#article","isPartOf":{"@id":"https:\/\/experienciadevida.com.ar\/portalurbano\/es-necesario-avanzar-con-la-reglamentacion-de-la-ley-de-zona-fria-en-olavarria\/"},"author":{"name":"admpu17wp","@id":"https:\/\/experienciadevida.com.ar\/portalurbano\/#\/schema\/person\/02dd326b1c4b056e9cc972486934a3a7"},"headline":"\u00abEs necesario avanzar con la reglamentaci\u00f3n de la ley de zona fr\u00eda en Olavarr\u00eda\u00bb","datePublished":"2022-06-04T20:19:02+00:00","dateModified":"2022-06-04T20:24:26+00:00","mainEntityOfPage":{"@id":"https:\/\/experienciadevida.com.ar\/portalurbano\/es-necesario-avanzar-con-la-reglamentacion-de-la-ley-de-zona-fria-en-olavarria\/"},"wordCount":422,"publisher":{"@id":"https:\/\/experienciadevida.com.ar\/portalurbano\/#organization"},"articleSection":["Ciudad","Destacadas 2"],"inLanguage":"es"},{"@type":"WebPage","@id":"https:\/\/experienciadevida.com.ar\/portalurbano\/es-necesario-avanzar-con-la-reglamentacion-de-la-ley-de-zona-fria-en-olavarria\/","url":"https:\/\/experienciadevida.com.ar\/portalurbano\/es-necesario-avanzar-con-la-reglamentacion-de-la-ley-de-zona-fria-en-olavarria\/","name":"\"Es necesario avanzar con la reglamentaci\u00f3n de la ley de zona fra\"","isPartOf":{"@id":"https:\/\/experienciadevida.com.ar\/portalurbano\/#website"},"datePublished":"2022-06-04T20:19:02+00:00","dateModified":"2022-06-04T20:24:26+00:00","description":"\u00abEs necesario avanzar con la reglamentaci\u00f3n de la ley de zona fr\u00eda en Olavarr\u00eda\u00bb, la Directora de Defensa al Consumidor","breadcrumb":{"@id":"https:\/\/experienciadevida.com.ar\/portalurbano\/es-necesario-avanzar-con-la-reglamentacion-de-la-ley-de-zona-fria-en-olavarria\/#breadcrumb"},"inLanguage":"es","potentialAction":[{"@type":"ReadAction","target":["https:\/\/experienciadevida.com.ar\/portalurbano\/es-necesario-avanzar-con-la-reglamentacion-de-la-ley-de-zona-fria-en-olavarria\/"]}]},{"@type":"BreadcrumbList","@id":"https:\/\/experienciadevida.com.ar\/portalurbano\/es-necesario-avanzar-con-la-reglamentacion-de-la-ley-de-zona-fria-en-olavarria\/#breadcrumb","itemListElement":[{"@type":"ListItem","position":1,"name":"Portada","item":"https:\/\/experienciadevida.com.ar\/portalurbano\/"},{"@type":"ListItem","position":2,"name":"\u00abEs necesario avanzar con la reglamentaci\u00f3n de la ley de zona fr\u00eda en Olavarr\u00eda\u00bb"}]},{"@type":"WebSite","@id":"https:\/\/experienciadevida.com.ar\/portalurbano\/#website","url":"https:\/\/experienciadevida.com.ar\/portalurbano\/","name":"","description":"","publisher":{"@id":"https:\/\/experienciadevida.com.ar\/portalurbano\/#organization"},"potentialAction":[{"@type":"SearchAction","target":{"@type":"EntryPoint","urlTemplate":"https:\/\/experienciadevida.com.ar\/portalurbano\/?s={search_term_string}"},"query-input":"required name=search_term_string"}],"inLanguage":"es"},{"@type":"Organization","@id":"https:\/\/experienciadevida.com.ar\/portalurbano\/#organization","name":"Portal Urbano","url":"https:\/\/experienciadevida.com.ar\/portalurbano\/","logo":{"@type":"ImageObject","inLanguage":"es","@id":"https:\/\/experienciadevida.com.ar\/portalurbano\/#\/schema\/logo\/image\/","url":"https:\/\/experienciadevida.com.ar\/portalurbano\/wp-content\/uploads\/2019\/09\/Logo-Original.png","contentUrl":"https:\/\/experienciadevida.com.ar\/portalurbano\/wp-content\/uploads\/2019\/09\/Logo-Original.png","width":2236,"height":1216,"caption":"Portal Urbano"},"image":{"@id":"https:\/\/experienciadevida.com.ar\/portalurbano\/#\/schema\/logo\/image\/"},"sameAs":["https:\/\/www.facebook.com\/Portal-Urbano-171542830093757\/","https:\/\/twitter.com\/portalurbanook","https:\/\/www.instagram.com\/_portalurbano\/","https:\/\/www.youtube.com\/channel\/UCXhagIfszH8KxFiOok79zbA?view_as=subscriber"]},{"@type":"Person","@id":"https:\/\/experienciadevida.com.ar\/portalurbano\/#\/schema\/person\/02dd326b1c4b056e9cc972486934a3a7","name":"admpu17wp","image":{"@type":"ImageObject","inLanguage":"es","@id":"https:\/\/experienciadevida.com.ar\/portalurbano\/#\/schema\/person\/image\/","url":"https:\/\/secure.gravatar.com\/avatar\/830d4c57adaae6630765e449a6908047?s=96&d=mm&r=g","contentUrl":"https:\/\/secure.gravatar.com\/avatar\/830d4c57adaae6630765e449a6908047?s=96&d=mm&r=g","caption":"admpu17wp"}}]}},"featured_image_urls":{"full":["https:\/\/experienciadevida.com.ar\/portalurbano\/wp-content\/uploads\/2022\/06\/Es-necesario-avanzar-con.jpg",1024,682,false],"thumbnail":["https:\/\/experienciadevida.com.ar\/portalurbano\/wp-content\/uploads\/2022\/06\/Es-necesario-avanzar-con-150x150.jpg",150,150,true],"medium":["https:\/\/experienciadevida.com.ar\/portalurbano\/wp-content\/uploads\/2022\/06\/Es-necesario-avanzar-con-300x200.jpg",300,200,true],"medium_large":["https:\/\/experienciadevida.com.ar\/portalurbano\/wp-content\/uploads\/2022\/06\/Es-necesario-avanzar-con-768x512.jpg",640,427,true],"large":["https:\/\/experienciadevida.com.ar\/portalurbano\/wp-content\/uploads\/2022\/06\/Es-necesario-avanzar-con.jpg",640,426,false],"ug_big":["https:\/\/experienciadevida.com.ar\/portalurbano\/wp-content\/uploads\/2022\/06\/Es-necesario-avanzar-con-768x512.jpg",768,512,true],"1536x1536":["https:\/\/experienciadevida.com.ar\/portalurbano\/wp-content\/uploads\/2022\/06\/Es-necesario-avanzar-con.jpg",1024,682,false],"2048x2048":["https:\/\/experienciadevida.com.ar\/portalurbano\/wp-content\/uploads\/2022\/06\/Es-necesario-avanzar-con.jpg",1024,682,false],"newsever-slider-full":["https:\/\/experienciadevida.com.ar\/portalurbano\/wp-content\/uploads\/2022\/06\/Es-necesario-avanzar-con.jpg",1024,682,false],"newsever-featured":["https:\/\/experienciadevida.com.ar\/portalurbano\/wp-content\/uploads\/2022\/06\/Es-necesario-avanzar-con.jpg",1024,682,false],"newsever-medium":["https:\/\/experienciadevida.com.ar\/portalurbano\/wp-content\/uploads\/2022\/06\/Es-necesario-avanzar-con.jpg",713,475,false],"web-stories-poster-portrait":["https:\/\/experienciadevida.com.ar\/portalurbano\/wp-content\/uploads\/2022\/06\/Es-necesario-avanzar-con.jpg",640,426,false],"web-stories-publisher-logo":["https:\/\/experienciadevida.com.ar\/portalurbano\/wp-content\/uploads\/2022\/06\/Es-necesario-avanzar-con.jpg",96,64,false],"web-stories-thumbnail":["https:\/\/experienciadevida.com.ar\/portalurbano\/wp-content\/uploads\/2022\/06\/Es-necesario-avanzar-con.jpg",150,100,false]},"author_info":{"display_name":"admpu17wp","author_link":"https:\/\/experienciadevida.com.ar\/portalurbano\/author\/admpu17wp\/"},"category_info":"<a href=\"https:\/\/experienciadevida.com.ar\/portalurbano\/category\/ciudad\/\" rel=\"category tag\">Ciudad<\/a> <a href=\"https:\/\/experienciadevida.com.ar\/portalurbano\/category\/destacadas-2\/\" rel=\"category tag\">Destacadas 2<\/a>","tag_info":"Destacadas 2","comment_count":"0","amp_enabled":true,"_links":{"self":[{"href":"https:\/\/experienciadevida.com.ar\/portalurbano\/wp-json\/wp\/v2\/posts\/168953"}],"collection":[{"href":"https:\/\/experienciadevida.com.ar\/portalurbano\/wp-json\/wp\/v2\/posts"}],"about":[{"href":"https:\/\/experienciadevida.com.ar\/portalurbano\/wp-json\/wp\/v2\/types\/post"}],"author":[{"embeddable":true,"href":"https:\/\/experienciadevida.com.ar\/portalurbano\/wp-json\/wp\/v2\/users\/1"}],"replies":[{"embeddable":true,"href":"https:\/\/experienciadevida.com.ar\/portalurbano\/wp-json\/wp\/v2\/comments?post=168953"}],"version-history":[{"count":2,"href":"https:\/\/experienciadevida.com.ar\/portalurbano\/wp-json\/wp\/v2\/posts\/168953\/revisions"}],"predecessor-version":[{"id":168956,"href":"https:\/\/experienciadevida.com.ar\/portalurbano\/wp-json\/wp\/v2\/posts\/168953\/revisions\/168956"}],"wp:featuredmedia":[{"embeddable":true,"href":"https:\/\/experienciadevida.com.ar\/portalurbano\/wp-json\/wp\/v2\/media\/168954"}],"wp:attachment":[{"href":"https:\/\/experienciadevida.com.ar\/portalurbano\/wp-json\/wp\/v2\/media?parent=168953"}],"wp:term":[{"taxonomy":"category","embeddable":true,"href":"https:\/\/experienciadevida.com.ar\/portalurbano\/wp-json\/wp\/v2\/categories?post=168953"},{"taxonomy":"post_tag","embeddable":true,"href":"https:\/\/experienciadevida.com.ar\/portalurbano\/wp-json\/wp\/v2\/tags?post=168953"}],"curies":[{"name":"wp","href":"https:\/\/api.w.org\/{rel}","templated":true}]}}