{"id":168951,"date":"2022-06-04T11:48:11","date_gmt":"2022-06-04T14:48:11","guid":{"rendered":"https:\/\/experienciadevida.com.ar\/portalurbano\/?p=168951"},"modified":"2022-06-04T11:51:36","modified_gmt":"2022-06-04T14:51:36","slug":"quirofano-movil-en-junio-estara-en-recalde-y-los-barrios-alberdi-y-san-vicente","status":"publish","type":"post","link":"https:\/\/experienciadevida.com.ar\/portalurbano\/quirofano-movil-en-junio-estara-en-recalde-y-los-barrios-alberdi-y-san-vicente\/","title":{"rendered":"Quir\u00f3fano M\u00f3vil: En junio estar\u00e1 en Recalde y los barrios Alberdi y San Vicente"},"content":{"rendered":"<p>Quir\u00f3fano M\u00f3vil: En junio estar\u00e1 en Recalde y los barrios Alberdi y San Vicente, desde la Direcci\u00f3n de Bromatolog\u00eda Municipal se inform\u00f3 cual va a ser el cronograma de actividad del Quir\u00f3fano Veterinario M\u00f3vil, que durante el presente mes seguir\u00e1 recorriendo el partido de Olavarr\u00eda realizando esterilizaciones quir\u00fargicas caninas y felinas.<\/p>\n<p>En ese sentido se detall\u00f3 desde el pr\u00f3ximo lunes 6 de junio y hasta el viernes 10 inclusive estar\u00e1 en el SUM del Servicio Territorial Municipal N\u00b0 1, ubicado en avenida Alberdi y Fassina. Las tareas se realizar\u00e1n de 8:30 a 12 horas, exclusivo para los vecinos de ese punto de la ciudad.<\/p>\n<p>Posteriormente, el s\u00e1bado 11 se realizar\u00e1n esterilizaciones en Recalde, m\u00e1s precisamente en el Sal\u00f3n \u201cEl Quincho\u201d de la localidad.<\/p>\n<p>Por \u00faltimo, se detall\u00f3 que desde el lunes 13 al jueves 16, y desde el martes 21 al viernes 24 de junio, el Quir\u00f3fano Veterinario M\u00f3vil estar\u00e1 en el Sal\u00f3n de Usos M\u00faltiples de la Sociedad de Fomento Coronel Olavarr\u00eda del barrio San Vicente, situada sobre Lamadrid 1944.<\/p>\n<p>Se record\u00f3 que en todos los casos el servicio es para habitantes de la localidad o barrio visitado, y que las personas interesadas deber\u00e1n requerir turno por mensaje de texto, v\u00eda WhatsApp al 15229029 (l\u00ednea interactiva).<\/p>\n","protected":false},"excerpt":{"rendered":"<p>Quir\u00f3fano M\u00f3vil: En junio estar\u00e1 en Recalde y los barrios Alberdi y San Vicente, desde&#8230;<\/p>\n","protected":false},"author":1,"featured_media":81588,"comment_status":"closed","ping_status":"closed","sticky":false,"template":"","format":"standard","meta":{"content-type":""},"categories":[27,51],"tags":[],"nelio_content":{"isAutoShareEnabled":false,"autoShareEndMode":"default","automationSources":{"useContentSentences":true,"useSocialTemplates":true,"useCustomSentences":false,"customSentences":[]},"followers":[1],"suggestedReferences":[],"includedReferences":[],"efiUrl":"","efiAlt":"","highlights":[]},"yoast_head":"<!-- This site is optimized with the Yoast SEO plugin v20.7 - https:\/\/yoast.com\/wordpress\/plugins\/seo\/ -->\n<title>Quir\u00f3fano m\u00f3vil: en junio estar\u00e1 en Recalde y los barrios Alberdi<\/title>\n<meta name=\"description\" content=\"Quir\u00f3fano M\u00f3vil: En junio estar\u00e1 en Recalde y los barrios Alberdi y San Vicente, desde la Direcci\u00f3n de Bromatolog\u00eda Municipal\" \/>\n<meta name=\"robots\" content=\"index, follow, max-snippet:-1, max-image-preview:large, max-video-preview:-1\" \/>\n<link rel=\"canonical\" href=\"https:\/\/experienciadevida.com.ar\/portalurbano\/quirofano-movil-en-junio-estara-en-recalde-y-los-barrios-alberdi-y-san-vicente\/\" \/>\n<meta property=\"og:locale\" content=\"es_ES\" \/>\n<meta property=\"og:type\" content=\"article\" \/>\n<meta property=\"og:title\" content=\"Quir\u00f3fano m\u00f3vil: en junio estar\u00e1 en Recalde y los barrios Alberdi\" \/>\n<meta property=\"og:description\" content=\"Quir\u00f3fano M\u00f3vil: En junio estar\u00e1 en Recalde y los barrios Alberdi y San Vicente, desde la Direcci\u00f3n de Bromatolog\u00eda Municipal\" \/>\n<meta property=\"og:url\" content=\"https:\/\/experienciadevida.com.ar\/portalurbano\/quirofano-movil-en-junio-estara-en-recalde-y-los-barrios-alberdi-y-san-vicente\/\" \/>\n<meta property=\"article:publisher\" content=\"https:\/\/www.facebook.com\/Portal-Urbano-171542830093757\/\" \/>\n<meta property=\"article:published_time\" content=\"2022-06-04T14:48:11+00:00\" \/>\n<meta property=\"article:modified_time\" content=\"2022-06-04T14:51:36+00:00\" \/>\n<meta property=\"og:image\" content=\"https:\/\/experienciadevida.com.ar\/portalurbano\/wp-content\/uploads\/2019\/08\/Salud-Quirof\u00e1no-M\u00f3vil-1024x683-e1565966633925.jpg\" \/>\n\t<meta property=\"og:image:width\" content=\"765\" \/>\n\t<meta property=\"og:image:height\" content=\"510\" \/>\n\t<meta property=\"og:image:type\" content=\"image\/jpeg\" \/>\n<meta name=\"author\" content=\"admpu17wp\" \/>\n<meta name=\"twitter:card\" content=\"summary_large_image\" \/>\n<meta name=\"twitter:creator\" content=\"@portalurbanook\" \/>\n<meta name=\"twitter:site\" content=\"@portalurbanook\" \/>\n<meta name=\"twitter:label1\" content=\"Escrito por\" \/>\n\t<meta name=\"twitter:data1\" content=\"admpu17wp\" \/>\n\t<meta name=\"twitter:label2\" content=\"Tiempo de lectura\" \/>\n\t<meta name=\"twitter:data2\" content=\"1 minuto\" \/>\n<script type=\"application\/ld+json\" class=\"yoast-schema-graph\">{\"@context\":\"https:\/\/schema.org\",\"@graph\":[{\"@type\":\"Article\",\"@id\":\"https:\/\/experienciadevida.com.ar\/portalurbano\/quirofano-movil-en-junio-estara-en-recalde-y-los-barrios-alberdi-y-san-vicente\/#article\",\"isPartOf\":{\"@id\":\"https:\/\/experienciadevida.com.ar\/portalurbano\/quirofano-movil-en-junio-estara-en-recalde-y-los-barrios-alberdi-y-san-vicente\/\"},\"author\":{\"name\":\"admpu17wp\",\"@id\":\"https:\/\/experienciadevida.com.ar\/portalurbano\/#\/schema\/person\/02dd326b1c4b056e9cc972486934a3a7\"},\"headline\":\"Quir\u00f3fano M\u00f3vil: En junio estar\u00e1 en Recalde y los barrios Alberdi y San Vicente\",\"datePublished\":\"2022-06-04T14:48:11+00:00\",\"dateModified\":\"2022-06-04T14:51:36+00:00\",\"mainEntityOfPage\":{\"@id\":\"https:\/\/experienciadevida.com.ar\/portalurbano\/quirofano-movil-en-junio-estara-en-recalde-y-los-barrios-alberdi-y-san-vicente\/\"},\"wordCount\":233,\"publisher\":{\"@id\":\"https:\/\/experienciadevida.com.ar\/portalurbano\/#organization\"},\"articleSection\":[\"Ciudad\",\"Destacadas\"],\"inLanguage\":\"es\"},{\"@type\":\"WebPage\",\"@id\":\"https:\/\/experienciadevida.com.ar\/portalurbano\/quirofano-movil-en-junio-estara-en-recalde-y-los-barrios-alberdi-y-san-vicente\/\",\"url\":\"https:\/\/experienciadevida.com.ar\/portalurbano\/quirofano-movil-en-junio-estara-en-recalde-y-los-barrios-alberdi-y-san-vicente\/\",\"name\":\"Quir\u00f3fano m\u00f3vil: en junio estar\u00e1 en Recalde y los barrios Alberdi\",\"isPartOf\":{\"@id\":\"https:\/\/experienciadevida.com.ar\/portalurbano\/#website\"},\"datePublished\":\"2022-06-04T14:48:11+00:00\",\"dateModified\":\"2022-06-04T14:51:36+00:00\",\"description\":\"Quir\u00f3fano M\u00f3vil: En junio estar\u00e1 en Recalde y los barrios Alberdi y San Vicente, desde la Direcci\u00f3n de Bromatolog\u00eda Municipal\",\"breadcrumb\":{\"@id\":\"https:\/\/experienciadevida.com.ar\/portalurbano\/quirofano-movil-en-junio-estara-en-recalde-y-los-barrios-alberdi-y-san-vicente\/#breadcrumb\"},\"inLanguage\":\"es\",\"potentialAction\":[{\"@type\":\"ReadAction\",\"target\":[\"https:\/\/experienciadevida.com.ar\/portalurbano\/quirofano-movil-en-junio-estara-en-recalde-y-los-barrios-alberdi-y-san-vicente\/\"]}]},{\"@type\":\"BreadcrumbList\",\"@id\":\"https:\/\/experienciadevida.com.ar\/portalurbano\/quirofano-movil-en-junio-estara-en-recalde-y-los-barrios-alberdi-y-san-vicente\/#breadcrumb\",\"itemListElement\":[{\"@type\":\"ListItem\",\"position\":1,\"name\":\"Portada\",\"item\":\"https:\/\/experienciadevida.com.ar\/portalurbano\/\"},{\"@type\":\"ListItem\",\"position\":2,\"name\":\"Quir\u00f3fano M\u00f3vil: En junio estar\u00e1 en Recalde y los barrios Alberdi y San Vicente\"}]},{\"@type\":\"WebSite\",\"@id\":\"https:\/\/experienciadevida.com.ar\/portalurbano\/#website\",\"url\":\"https:\/\/experienciadevida.com.ar\/portalurbano\/\",\"name\":\"\",\"description\":\"\",\"publisher\":{\"@id\":\"https:\/\/experienciadevida.com.ar\/portalurbano\/#organization\"},\"potentialAction\":[{\"@type\":\"SearchAction\",\"target\":{\"@type\":\"EntryPoint\",\"urlTemplate\":\"https:\/\/experienciadevida.com.ar\/portalurbano\/?s={search_term_string}\"},\"query-input\":\"required name=search_term_string\"}],\"inLanguage\":\"es\"},{\"@type\":\"Organization\",\"@id\":\"https:\/\/experienciadevida.com.ar\/portalurbano\/#organization\",\"name\":\"Portal Urbano\",\"url\":\"https:\/\/experienciadevida.com.ar\/portalurbano\/\",\"logo\":{\"@type\":\"ImageObject\",\"inLanguage\":\"es\",\"@id\":\"https:\/\/experienciadevida.com.ar\/portalurbano\/#\/schema\/logo\/image\/\",\"url\":\"https:\/\/experienciadevida.com.ar\/portalurbano\/wp-content\/uploads\/2019\/09\/Logo-Original.png\",\"contentUrl\":\"https:\/\/experienciadevida.com.ar\/portalurbano\/wp-content\/uploads\/2019\/09\/Logo-Original.png\",\"width\":2236,\"height\":1216,\"caption\":\"Portal Urbano\"},\"image\":{\"@id\":\"https:\/\/experienciadevida.com.ar\/portalurbano\/#\/schema\/logo\/image\/\"},\"sameAs\":[\"https:\/\/www.facebook.com\/Portal-Urbano-171542830093757\/\",\"https:\/\/twitter.com\/portalurbanook\",\"https:\/\/www.instagram.com\/_portalurbano\/\",\"https:\/\/www.youtube.com\/channel\/UCXhagIfszH8KxFiOok79zbA?view_as=subscriber\"]},{\"@type\":\"Person\",\"@id\":\"https:\/\/experienciadevida.com.ar\/portalurbano\/#\/schema\/person\/02dd326b1c4b056e9cc972486934a3a7\",\"name\":\"admpu17wp\",\"image\":{\"@type\":\"ImageObject\",\"inLanguage\":\"es\",\"@id\":\"https:\/\/experienciadevida.com.ar\/portalurbano\/#\/schema\/person\/image\/\",\"url\":\"https:\/\/secure.gravatar.com\/avatar\/830d4c57adaae6630765e449a6908047?s=96&d=mm&r=g\",\"contentUrl\":\"https:\/\/secure.gravatar.com\/avatar\/830d4c57adaae6630765e449a6908047?s=96&d=mm&r=g\",\"caption\":\"admpu17wp\"}}]}<\/script>\n<!-- \/ Yoast SEO plugin. -->","yoast_head_json":{"title":"Quir\u00f3fano m\u00f3vil: en junio estar\u00e1 en Recalde y los barrios Alberdi","description":"Quir\u00f3fano M\u00f3vil: En junio estar\u00e1 en Recalde y los barrios Alberdi y San Vicente, desde la Direcci\u00f3n de Bromatolog\u00eda Municipal","robots":{"index":"index","follow":"follow","max-snippet":"max-snippet:-1","max-image-preview":"max-image-preview:large","max-video-preview":"max-video-preview:-1"},"canonical":"https:\/\/experienciadevida.com.ar\/portalurbano\/quirofano-movil-en-junio-estara-en-recalde-y-los-barrios-alberdi-y-san-vicente\/","og_locale":"es_ES","og_type":"article","og_title":"Quir\u00f3fano m\u00f3vil: en junio estar\u00e1 en Recalde y los barrios Alberdi","og_description":"Quir\u00f3fano M\u00f3vil: En junio estar\u00e1 en Recalde y los barrios Alberdi y San Vicente, desde la Direcci\u00f3n de Bromatolog\u00eda Municipal","og_url":"https:\/\/experienciadevida.com.ar\/portalurbano\/quirofano-movil-en-junio-estara-en-recalde-y-los-barrios-alberdi-y-san-vicente\/","article_publisher":"https:\/\/www.facebook.com\/Portal-Urbano-171542830093757\/","article_published_time":"2022-06-04T14:48:11+00:00","article_modified_time":"2022-06-04T14:51:36+00:00","og_image":[{"width":765,"height":510,"url":"https:\/\/experienciadevida.com.ar\/portalurbano\/wp-content\/uploads\/2019\/08\/Salud-Quirof\u00e1no-M\u00f3vil-1024x683-e1565966633925.jpg","type":"image\/jpeg"}],"author":"admpu17wp","twitter_card":"summary_large_image","twitter_creator":"@portalurbanook","twitter_site":"@portalurbanook","twitter_misc":{"Escrito por":"admpu17wp","Tiempo de lectura":"1 minuto"},"schema":{"@context":"https:\/\/schema.org","@graph":[{"@type":"Article","@id":"https:\/\/experienciadevida.com.ar\/portalurbano\/quirofano-movil-en-junio-estara-en-recalde-y-los-barrios-alberdi-y-san-vicente\/#article","isPartOf":{"@id":"https:\/\/experienciadevida.com.ar\/portalurbano\/quirofano-movil-en-junio-estara-en-recalde-y-los-barrios-alberdi-y-san-vicente\/"},"author":{"name":"admpu17wp","@id":"https:\/\/experienciadevida.com.ar\/portalurbano\/#\/schema\/person\/02dd326b1c4b056e9cc972486934a3a7"},"headline":"Quir\u00f3fano M\u00f3vil: En junio estar\u00e1 en Recalde y los barrios Alberdi y San Vicente","datePublished":"2022-06-04T14:48:11+00:00","dateModified":"2022-06-04T14:51:36+00:00","mainEntityOfPage":{"@id":"https:\/\/experienciadevida.com.ar\/portalurbano\/quirofano-movil-en-junio-estara-en-recalde-y-los-barrios-alberdi-y-san-vicente\/"},"wordCount":233,"publisher":{"@id":"https:\/\/experienciadevida.com.ar\/portalurbano\/#organization"},"articleSection":["Ciudad","Destacadas"],"inLanguage":"es"},{"@type":"WebPage","@id":"https:\/\/experienciadevida.com.ar\/portalurbano\/quirofano-movil-en-junio-estara-en-recalde-y-los-barrios-alberdi-y-san-vicente\/","url":"https:\/\/experienciadevida.com.ar\/portalurbano\/quirofano-movil-en-junio-estara-en-recalde-y-los-barrios-alberdi-y-san-vicente\/","name":"Quir\u00f3fano m\u00f3vil: en junio estar\u00e1 en Recalde y los barrios Alberdi","isPartOf":{"@id":"https:\/\/experienciadevida.com.ar\/portalurbano\/#website"},"datePublished":"2022-06-04T14:48:11+00:00","dateModified":"2022-06-04T14:51:36+00:00","description":"Quir\u00f3fano M\u00f3vil: En junio estar\u00e1 en Recalde y los barrios Alberdi y San Vicente, desde la Direcci\u00f3n de Bromatolog\u00eda Municipal","breadcrumb":{"@id":"https:\/\/experienciadevida.com.ar\/portalurbano\/quirofano-movil-en-junio-estara-en-recalde-y-los-barrios-alberdi-y-san-vicente\/#breadcrumb"},"inLanguage":"es","potentialAction":[{"@type":"ReadAction","target":["https:\/\/experienciadevida.com.ar\/portalurbano\/quirofano-movil-en-junio-estara-en-recalde-y-los-barrios-alberdi-y-san-vicente\/"]}]},{"@type":"BreadcrumbList","@id":"https:\/\/experienciadevida.com.ar\/portalurbano\/quirofano-movil-en-junio-estara-en-recalde-y-los-barrios-alberdi-y-san-vicente\/#breadcrumb","itemListElement":[{"@type":"ListItem","position":1,"name":"Portada","item":"https:\/\/experienciadevida.com.ar\/portalurbano\/"},{"@type":"ListItem","position":2,"name":"Quir\u00f3fano M\u00f3vil: En junio estar\u00e1 en Recalde y los barrios Alberdi y San Vicente"}]},{"@type":"WebSite","@id":"https:\/\/experienciadevida.com.ar\/portalurbano\/#website","url":"https:\/\/experienciadevida.com.ar\/portalurbano\/","name":"","description":"","publisher":{"@id":"https:\/\/experienciadevida.com.ar\/portalurbano\/#organization"},"potentialAction":[{"@type":"SearchAction","target":{"@type":"EntryPoint","urlTemplate":"https:\/\/experienciadevida.com.ar\/portalurbano\/?s={search_term_string}"},"query-input":"required name=search_term_string"}],"inLanguage":"es"},{"@type":"Organization","@id":"https:\/\/experienciadevida.com.ar\/portalurbano\/#organization","name":"Portal Urbano","url":"https:\/\/experienciadevida.com.ar\/portalurbano\/","logo":{"@type":"ImageObject","inLanguage":"es","@id":"https:\/\/experienciadevida.com.ar\/portalurbano\/#\/schema\/logo\/image\/","url":"https:\/\/experienciadevida.com.ar\/portalurbano\/wp-content\/uploads\/2019\/09\/Logo-Original.png","contentUrl":"https:\/\/experienciadevida.com.ar\/portalurbano\/wp-content\/uploads\/2019\/09\/Logo-Original.png","width":2236,"height":1216,"caption":"Portal Urbano"},"image":{"@id":"https:\/\/experienciadevida.com.ar\/portalurbano\/#\/schema\/logo\/image\/"},"sameAs":["https:\/\/www.facebook.com\/Portal-Urbano-171542830093757\/","https:\/\/twitter.com\/portalurbanook","https:\/\/www.instagram.com\/_portalurbano\/","https:\/\/www.youtube.com\/channel\/UCXhagIfszH8KxFiOok79zbA?view_as=subscriber"]},{"@type":"Person","@id":"https:\/\/experienciadevida.com.ar\/portalurbano\/#\/schema\/person\/02dd326b1c4b056e9cc972486934a3a7","name":"admpu17wp","image":{"@type":"ImageObject","inLanguage":"es","@id":"https:\/\/experienciadevida.com.ar\/portalurbano\/#\/schema\/person\/image\/","url":"https:\/\/secure.gravatar.com\/avatar\/830d4c57adaae6630765e449a6908047?s=96&d=mm&r=g","contentUrl":"https:\/\/secure.gravatar.com\/avatar\/830d4c57adaae6630765e449a6908047?s=96&d=mm&r=g","caption":"admpu17wp"}}]}},"featured_image_urls":{"full":["https:\/\/experienciadevida.com.ar\/portalurbano\/wp-content\/uploads\/2019\/08\/Salud-Quirof\u00e1no-M\u00f3vil-1024x683-e1565966633925.jpg",765,510,false],"thumbnail":["https:\/\/experienciadevida.com.ar\/portalurbano\/wp-content\/uploads\/2019\/08\/Salud-Quirof\u00e1no-M\u00f3vil-1024x683-150x150.jpg",150,150,true],"medium":["https:\/\/experienciadevida.com.ar\/portalurbano\/wp-content\/uploads\/2019\/08\/Salud-Quirof\u00e1no-M\u00f3vil-1024x683-300x200.jpg",300,200,true],"medium_large":["https:\/\/experienciadevida.com.ar\/portalurbano\/wp-content\/uploads\/2019\/08\/Salud-Quirof\u00e1no-M\u00f3vil-1024x683-768x512.jpg",640,427,true],"large":["https:\/\/experienciadevida.com.ar\/portalurbano\/wp-content\/uploads\/2019\/08\/Salud-Quirof\u00e1no-M\u00f3vil-1024x683-1024x683.jpg",640,427,true],"ug_big":["https:\/\/experienciadevida.com.ar\/portalurbano\/wp-content\/uploads\/2019\/08\/Salud-Quirof\u00e1no-M\u00f3vil-1024x683-768x512.jpg",768,512,true],"1536x1536":["https:\/\/experienciadevida.com.ar\/portalurbano\/wp-content\/uploads\/2019\/08\/Salud-Quirof\u00e1no-M\u00f3vil-1024x683-e1565966633925.jpg",765,510,false],"2048x2048":["https:\/\/experienciadevida.com.ar\/portalurbano\/wp-content\/uploads\/2019\/08\/Salud-Quirof\u00e1no-M\u00f3vil-1024x683-e1565966633925.jpg",765,510,false],"newsever-slider-full":["https:\/\/experienciadevida.com.ar\/portalurbano\/wp-content\/uploads\/2019\/08\/Salud-Quirof\u00e1no-M\u00f3vil-1024x683-e1565966633925.jpg",765,510,false],"newsever-featured":["https:\/\/experienciadevida.com.ar\/portalurbano\/wp-content\/uploads\/2019\/08\/Salud-Quirof\u00e1no-M\u00f3vil-1024x683-e1565966633925.jpg",765,510,false],"newsever-medium":["https:\/\/experienciadevida.com.ar\/portalurbano\/wp-content\/uploads\/2019\/08\/Salud-Quirof\u00e1no-M\u00f3vil-1024x683-e1565966633925.jpg",713,475,false],"web-stories-poster-portrait":["https:\/\/experienciadevida.com.ar\/portalurbano\/wp-content\/uploads\/2019\/08\/Salud-Quirof\u00e1no-M\u00f3vil-1024x683-e1565966633925.jpg",640,427,false],"web-stories-publisher-logo":["https:\/\/experienciadevida.com.ar\/portalurbano\/wp-content\/uploads\/2019\/08\/Salud-Quirof\u00e1no-M\u00f3vil-1024x683-e1565966633925.jpg",96,64,false],"web-stories-thumbnail":["https:\/\/experienciadevida.com.ar\/portalurbano\/wp-content\/uploads\/2019\/08\/Salud-Quirof\u00e1no-M\u00f3vil-1024x683-e1565966633925.jpg",150,100,false]},"author_info":{"display_name":"admpu17wp","author_link":"https:\/\/experienciadevida.com.ar\/portalurbano\/author\/admpu17wp\/"},"category_info":"<a href=\"https:\/\/experienciadevida.com.ar\/portalurbano\/category\/ciudad\/\" rel=\"category tag\">Ciudad<\/a> <a href=\"https:\/\/experienciadevida.com.ar\/portalurbano\/category\/destacadas\/\" rel=\"category tag\">Destacadas<\/a>","tag_info":"Destacadas","comment_count":"0","amp_enabled":true,"_links":{"self":[{"href":"https:\/\/experienciadevida.com.ar\/portalurbano\/wp-json\/wp\/v2\/posts\/168951"}],"collection":[{"href":"https:\/\/experienciadevida.com.ar\/portalurbano\/wp-json\/wp\/v2\/posts"}],"about":[{"href":"https:\/\/experienciadevida.com.ar\/portalurbano\/wp-json\/wp\/v2\/types\/post"}],"author":[{"embeddable":true,"href":"https:\/\/experienciadevida.com.ar\/portalurbano\/wp-json\/wp\/v2\/users\/1"}],"replies":[{"embeddable":true,"href":"https:\/\/experienciadevida.com.ar\/portalurbano\/wp-json\/wp\/v2\/comments?post=168951"}],"version-history":[{"count":1,"href":"https:\/\/experienciadevida.com.ar\/portalurbano\/wp-json\/wp\/v2\/posts\/168951\/revisions"}],"predecessor-version":[{"id":168952,"href":"https:\/\/experienciadevida.com.ar\/portalurbano\/wp-json\/wp\/v2\/posts\/168951\/revisions\/168952"}],"wp:featuredmedia":[{"embeddable":true,"href":"https:\/\/experienciadevida.com.ar\/portalurbano\/wp-json\/wp\/v2\/media\/81588"}],"wp:attachment":[{"href":"https:\/\/experienciadevida.com.ar\/portalurbano\/wp-json\/wp\/v2\/media?parent=168951"}],"wp:term":[{"taxonomy":"category","embeddable":true,"href":"https:\/\/experienciadevida.com.ar\/portalurbano\/wp-json\/wp\/v2\/categories?post=168951"},{"taxonomy":"post_tag","embeddable":true,"href":"https:\/\/experienciadevida.com.ar\/portalurbano\/wp-json\/wp\/v2\/tags?post=168951"}],"curies":[{"name":"wp","href":"https:\/\/api.w.org\/{rel}","templated":true}]}}