{"id":168945,"date":"2022-06-04T11:04:56","date_gmt":"2022-06-04T14:04:56","guid":{"rendered":"https:\/\/experienciadevida.com.ar\/portalurbano\/?p=168945"},"modified":"2022-06-04T11:08:49","modified_gmt":"2022-06-04T14:08:49","slug":"olavarria-integra-el-barometro-global-de-datos","status":"publish","type":"post","link":"https:\/\/experienciadevida.com.ar\/portalurbano\/olavarria-integra-el-barometro-global-de-datos\/","title":{"rendered":"Olavarr\u00eda integra el Bar\u00f3metro Global de Datos"},"content":{"rendered":"<p>Olavarr\u00eda integra el Bar\u00f3metro Global de Datos, durante el d\u00eda\u00a0 mi\u00e9rcoles integrantes de la Subsecretar\u00eda de Modernizaci\u00f3n, perteneciente a la Secretar\u00eda de Desarrollo Econ\u00f3mico del <a href=\"https:\/\/www.facebook.com\/municipiodeolavarria\">Municipio<\/a>, participaron del lanzamiento del Bar\u00f3metro Global para Datos en Am\u00e9rica Latina y el Caribe. El mismo se realiz\u00f3 de manera virtual y tuvo como fin la presentaci\u00f3n de los resultados del estudio realizado para dicha regi\u00f3n.<\/p>\n<p>El Bar\u00f3metro Global de Datos, que a nivel mundial ya lleva cuatro ediciones, es un estudio de \u00edndice global realizado a trav\u00e9s de una encuesta de expertos dise\u00f1ada en colaboraci\u00f3n. Los investigadores en cada pa\u00eds participante, brindan evidencia sobre la gesti\u00f3n gubernamental, la capacidad, la disponibilidad y el uso de datos para el bien p\u00fablico en una variedad de sectores, brindando justificaciones y evidencia de apoyo para sus respuestas. Esta evidencia se basa en fuentes locales, recursos en l\u00ednea y evaluaciones exhaustivas de conjuntos de datos. Argentina cuenta con una puntuaci\u00f3n general de 50 puntos sobre un promedio global de 34 puntos.<\/p>\n<p>Durante la jornada de lanzamiento, se expusieron diferentes referentes de la tem\u00e1tica, quienes plantearon como principal desaf\u00edo la incorporaci\u00f3n del uso de los datos para la toma de decisiones para el bien p\u00fablico basadas en evidencia. Se entienden los datos como un recurso para abordar los desaf\u00edos ambientales, sociales y de salud, permitiendo la colaboraci\u00f3n, impulsando la innovaci\u00f3n y mejorando la rendici\u00f3n de cuentas.<\/p>\n<p>Desde el Municipio de Olavarr\u00eda se considera que, luego de la publicaci\u00f3n y actualizaci\u00f3n constante de los datos en el Portal de Gobierno Abierto, se plantea el paso hacia la pr\u00f3xima etapa, que permita continuar avanzando en el mejor plan de acci\u00f3n para la apertura de datos. Plan en el que se trabaja actualmente para lograr la vinculaci\u00f3n de la informaci\u00f3n publicada con el nivel de uso, aprovechamiento y reutilizaci\u00f3n de la misma.<\/p>\n","protected":false},"excerpt":{"rendered":"<p>Olavarr\u00eda integra el Bar\u00f3metro Global de Datos, durante el d\u00eda\u00a0 mi\u00e9rcoles integrantes de la Subsecretar\u00eda&#8230;<\/p>\n","protected":false},"author":1,"featured_media":145274,"comment_status":"closed","ping_status":"closed","sticky":false,"template":"","format":"standard","meta":{"content-type":""},"categories":[27,51],"tags":[],"nelio_content":{"isAutoShareEnabled":false,"autoShareEndMode":"default","automationSources":{"useContentSentences":true,"useSocialTemplates":true,"useCustomSentences":false,"customSentences":[]},"followers":[1],"suggestedReferences":[],"includedReferences":[],"efiUrl":"","efiAlt":"","highlights":[]},"yoast_head":"<!-- This site is optimized with the Yoast SEO plugin v20.7 - https:\/\/yoast.com\/wordpress\/plugins\/seo\/ -->\n<title>Olavarr\u00eda integra el bar\u00f3metro global de datos<\/title>\n<meta name=\"description\" content=\"Olavarr\u00eda integra el Bar\u00f3metro Global de Datos, durante el d\u00eda\u00a0 mi\u00e9rcoles integrantes de la Subsecretar\u00eda de Modernizaci\u00f3n,\" \/>\n<meta name=\"robots\" content=\"index, follow, max-snippet:-1, max-image-preview:large, max-video-preview:-1\" \/>\n<link rel=\"canonical\" href=\"https:\/\/experienciadevida.com.ar\/portalurbano\/olavarria-integra-el-barometro-global-de-datos\/\" \/>\n<meta property=\"og:locale\" content=\"es_ES\" \/>\n<meta property=\"og:type\" content=\"article\" \/>\n<meta property=\"og:title\" content=\"Olavarr\u00eda integra el bar\u00f3metro global de datos\" \/>\n<meta property=\"og:description\" content=\"Olavarr\u00eda integra el Bar\u00f3metro Global de Datos, durante el d\u00eda\u00a0 mi\u00e9rcoles integrantes de la Subsecretar\u00eda de Modernizaci\u00f3n,\" \/>\n<meta property=\"og:url\" content=\"https:\/\/experienciadevida.com.ar\/portalurbano\/olavarria-integra-el-barometro-global-de-datos\/\" \/>\n<meta property=\"article:publisher\" content=\"https:\/\/www.facebook.com\/Portal-Urbano-171542830093757\/\" \/>\n<meta property=\"article:published_time\" content=\"2022-06-04T14:04:56+00:00\" \/>\n<meta property=\"article:modified_time\" content=\"2022-06-04T14:08:49+00:00\" \/>\n<meta property=\"og:image\" content=\"https:\/\/experienciadevida.com.ar\/portalurbano\/wp-content\/uploads\/2021\/06\/Olavarria1.jpg\" \/>\n\t<meta property=\"og:image:width\" content=\"800\" \/>\n\t<meta property=\"og:image:height\" content=\"600\" \/>\n\t<meta property=\"og:image:type\" content=\"image\/jpeg\" \/>\n<meta name=\"author\" content=\"admpu17wp\" \/>\n<meta name=\"twitter:card\" content=\"summary_large_image\" \/>\n<meta name=\"twitter:creator\" content=\"@portalurbanook\" \/>\n<meta name=\"twitter:site\" content=\"@portalurbanook\" \/>\n<meta name=\"twitter:label1\" content=\"Escrito por\" \/>\n\t<meta name=\"twitter:data1\" content=\"admpu17wp\" \/>\n\t<meta name=\"twitter:label2\" content=\"Tiempo de lectura\" \/>\n\t<meta name=\"twitter:data2\" content=\"2 minutos\" \/>\n<script type=\"application\/ld+json\" class=\"yoast-schema-graph\">{\"@context\":\"https:\/\/schema.org\",\"@graph\":[{\"@type\":\"Article\",\"@id\":\"https:\/\/experienciadevida.com.ar\/portalurbano\/olavarria-integra-el-barometro-global-de-datos\/#article\",\"isPartOf\":{\"@id\":\"https:\/\/experienciadevida.com.ar\/portalurbano\/olavarria-integra-el-barometro-global-de-datos\/\"},\"author\":{\"name\":\"admpu17wp\",\"@id\":\"https:\/\/experienciadevida.com.ar\/portalurbano\/#\/schema\/person\/02dd326b1c4b056e9cc972486934a3a7\"},\"headline\":\"Olavarr\u00eda integra el Bar\u00f3metro Global de Datos\",\"datePublished\":\"2022-06-04T14:04:56+00:00\",\"dateModified\":\"2022-06-04T14:08:49+00:00\",\"mainEntityOfPage\":{\"@id\":\"https:\/\/experienciadevida.com.ar\/portalurbano\/olavarria-integra-el-barometro-global-de-datos\/\"},\"wordCount\":345,\"publisher\":{\"@id\":\"https:\/\/experienciadevida.com.ar\/portalurbano\/#organization\"},\"articleSection\":[\"Ciudad\",\"Destacadas\"],\"inLanguage\":\"es\"},{\"@type\":\"WebPage\",\"@id\":\"https:\/\/experienciadevida.com.ar\/portalurbano\/olavarria-integra-el-barometro-global-de-datos\/\",\"url\":\"https:\/\/experienciadevida.com.ar\/portalurbano\/olavarria-integra-el-barometro-global-de-datos\/\",\"name\":\"Olavarr\u00eda integra el bar\u00f3metro global de datos\",\"isPartOf\":{\"@id\":\"https:\/\/experienciadevida.com.ar\/portalurbano\/#website\"},\"datePublished\":\"2022-06-04T14:04:56+00:00\",\"dateModified\":\"2022-06-04T14:08:49+00:00\",\"description\":\"Olavarr\u00eda integra el Bar\u00f3metro Global de Datos, durante el d\u00eda\u00a0 mi\u00e9rcoles integrantes de la Subsecretar\u00eda de Modernizaci\u00f3n,\",\"breadcrumb\":{\"@id\":\"https:\/\/experienciadevida.com.ar\/portalurbano\/olavarria-integra-el-barometro-global-de-datos\/#breadcrumb\"},\"inLanguage\":\"es\",\"potentialAction\":[{\"@type\":\"ReadAction\",\"target\":[\"https:\/\/experienciadevida.com.ar\/portalurbano\/olavarria-integra-el-barometro-global-de-datos\/\"]}]},{\"@type\":\"BreadcrumbList\",\"@id\":\"https:\/\/experienciadevida.com.ar\/portalurbano\/olavarria-integra-el-barometro-global-de-datos\/#breadcrumb\",\"itemListElement\":[{\"@type\":\"ListItem\",\"position\":1,\"name\":\"Portada\",\"item\":\"https:\/\/experienciadevida.com.ar\/portalurbano\/\"},{\"@type\":\"ListItem\",\"position\":2,\"name\":\"Olavarr\u00eda integra el Bar\u00f3metro Global de Datos\"}]},{\"@type\":\"WebSite\",\"@id\":\"https:\/\/experienciadevida.com.ar\/portalurbano\/#website\",\"url\":\"https:\/\/experienciadevida.com.ar\/portalurbano\/\",\"name\":\"\",\"description\":\"\",\"publisher\":{\"@id\":\"https:\/\/experienciadevida.com.ar\/portalurbano\/#organization\"},\"potentialAction\":[{\"@type\":\"SearchAction\",\"target\":{\"@type\":\"EntryPoint\",\"urlTemplate\":\"https:\/\/experienciadevida.com.ar\/portalurbano\/?s={search_term_string}\"},\"query-input\":\"required name=search_term_string\"}],\"inLanguage\":\"es\"},{\"@type\":\"Organization\",\"@id\":\"https:\/\/experienciadevida.com.ar\/portalurbano\/#organization\",\"name\":\"Portal Urbano\",\"url\":\"https:\/\/experienciadevida.com.ar\/portalurbano\/\",\"logo\":{\"@type\":\"ImageObject\",\"inLanguage\":\"es\",\"@id\":\"https:\/\/experienciadevida.com.ar\/portalurbano\/#\/schema\/logo\/image\/\",\"url\":\"https:\/\/experienciadevida.com.ar\/portalurbano\/wp-content\/uploads\/2019\/09\/Logo-Original.png\",\"contentUrl\":\"https:\/\/experienciadevida.com.ar\/portalurbano\/wp-content\/uploads\/2019\/09\/Logo-Original.png\",\"width\":2236,\"height\":1216,\"caption\":\"Portal Urbano\"},\"image\":{\"@id\":\"https:\/\/experienciadevida.com.ar\/portalurbano\/#\/schema\/logo\/image\/\"},\"sameAs\":[\"https:\/\/www.facebook.com\/Portal-Urbano-171542830093757\/\",\"https:\/\/twitter.com\/portalurbanook\",\"https:\/\/www.instagram.com\/_portalurbano\/\",\"https:\/\/www.youtube.com\/channel\/UCXhagIfszH8KxFiOok79zbA?view_as=subscriber\"]},{\"@type\":\"Person\",\"@id\":\"https:\/\/experienciadevida.com.ar\/portalurbano\/#\/schema\/person\/02dd326b1c4b056e9cc972486934a3a7\",\"name\":\"admpu17wp\",\"image\":{\"@type\":\"ImageObject\",\"inLanguage\":\"es\",\"@id\":\"https:\/\/experienciadevida.com.ar\/portalurbano\/#\/schema\/person\/image\/\",\"url\":\"https:\/\/secure.gravatar.com\/avatar\/830d4c57adaae6630765e449a6908047?s=96&d=mm&r=g\",\"contentUrl\":\"https:\/\/secure.gravatar.com\/avatar\/830d4c57adaae6630765e449a6908047?s=96&d=mm&r=g\",\"caption\":\"admpu17wp\"}}]}<\/script>\n<!-- \/ Yoast SEO plugin. -->","yoast_head_json":{"title":"Olavarr\u00eda integra el bar\u00f3metro global de datos","description":"Olavarr\u00eda integra el Bar\u00f3metro Global de Datos, durante el d\u00eda\u00a0 mi\u00e9rcoles integrantes de la Subsecretar\u00eda de Modernizaci\u00f3n,","robots":{"index":"index","follow":"follow","max-snippet":"max-snippet:-1","max-image-preview":"max-image-preview:large","max-video-preview":"max-video-preview:-1"},"canonical":"https:\/\/experienciadevida.com.ar\/portalurbano\/olavarria-integra-el-barometro-global-de-datos\/","og_locale":"es_ES","og_type":"article","og_title":"Olavarr\u00eda integra el bar\u00f3metro global de datos","og_description":"Olavarr\u00eda integra el Bar\u00f3metro Global de Datos, durante el d\u00eda\u00a0 mi\u00e9rcoles integrantes de la Subsecretar\u00eda de Modernizaci\u00f3n,","og_url":"https:\/\/experienciadevida.com.ar\/portalurbano\/olavarria-integra-el-barometro-global-de-datos\/","article_publisher":"https:\/\/www.facebook.com\/Portal-Urbano-171542830093757\/","article_published_time":"2022-06-04T14:04:56+00:00","article_modified_time":"2022-06-04T14:08:49+00:00","og_image":[{"width":800,"height":600,"url":"https:\/\/experienciadevida.com.ar\/portalurbano\/wp-content\/uploads\/2021\/06\/Olavarria1.jpg","type":"image\/jpeg"}],"author":"admpu17wp","twitter_card":"summary_large_image","twitter_creator":"@portalurbanook","twitter_site":"@portalurbanook","twitter_misc":{"Escrito por":"admpu17wp","Tiempo de lectura":"2 minutos"},"schema":{"@context":"https:\/\/schema.org","@graph":[{"@type":"Article","@id":"https:\/\/experienciadevida.com.ar\/portalurbano\/olavarria-integra-el-barometro-global-de-datos\/#article","isPartOf":{"@id":"https:\/\/experienciadevida.com.ar\/portalurbano\/olavarria-integra-el-barometro-global-de-datos\/"},"author":{"name":"admpu17wp","@id":"https:\/\/experienciadevida.com.ar\/portalurbano\/#\/schema\/person\/02dd326b1c4b056e9cc972486934a3a7"},"headline":"Olavarr\u00eda integra el Bar\u00f3metro Global de Datos","datePublished":"2022-06-04T14:04:56+00:00","dateModified":"2022-06-04T14:08:49+00:00","mainEntityOfPage":{"@id":"https:\/\/experienciadevida.com.ar\/portalurbano\/olavarria-integra-el-barometro-global-de-datos\/"},"wordCount":345,"publisher":{"@id":"https:\/\/experienciadevida.com.ar\/portalurbano\/#organization"},"articleSection":["Ciudad","Destacadas"],"inLanguage":"es"},{"@type":"WebPage","@id":"https:\/\/experienciadevida.com.ar\/portalurbano\/olavarria-integra-el-barometro-global-de-datos\/","url":"https:\/\/experienciadevida.com.ar\/portalurbano\/olavarria-integra-el-barometro-global-de-datos\/","name":"Olavarr\u00eda integra el bar\u00f3metro global de datos","isPartOf":{"@id":"https:\/\/experienciadevida.com.ar\/portalurbano\/#website"},"datePublished":"2022-06-04T14:04:56+00:00","dateModified":"2022-06-04T14:08:49+00:00","description":"Olavarr\u00eda integra el Bar\u00f3metro Global de Datos, durante el d\u00eda\u00a0 mi\u00e9rcoles integrantes de la Subsecretar\u00eda de Modernizaci\u00f3n,","breadcrumb":{"@id":"https:\/\/experienciadevida.com.ar\/portalurbano\/olavarria-integra-el-barometro-global-de-datos\/#breadcrumb"},"inLanguage":"es","potentialAction":[{"@type":"ReadAction","target":["https:\/\/experienciadevida.com.ar\/portalurbano\/olavarria-integra-el-barometro-global-de-datos\/"]}]},{"@type":"BreadcrumbList","@id":"https:\/\/experienciadevida.com.ar\/portalurbano\/olavarria-integra-el-barometro-global-de-datos\/#breadcrumb","itemListElement":[{"@type":"ListItem","position":1,"name":"Portada","item":"https:\/\/experienciadevida.com.ar\/portalurbano\/"},{"@type":"ListItem","position":2,"name":"Olavarr\u00eda integra el Bar\u00f3metro Global de Datos"}]},{"@type":"WebSite","@id":"https:\/\/experienciadevida.com.ar\/portalurbano\/#website","url":"https:\/\/experienciadevida.com.ar\/portalurbano\/","name":"","description":"","publisher":{"@id":"https:\/\/experienciadevida.com.ar\/portalurbano\/#organization"},"potentialAction":[{"@type":"SearchAction","target":{"@type":"EntryPoint","urlTemplate":"https:\/\/experienciadevida.com.ar\/portalurbano\/?s={search_term_string}"},"query-input":"required name=search_term_string"}],"inLanguage":"es"},{"@type":"Organization","@id":"https:\/\/experienciadevida.com.ar\/portalurbano\/#organization","name":"Portal Urbano","url":"https:\/\/experienciadevida.com.ar\/portalurbano\/","logo":{"@type":"ImageObject","inLanguage":"es","@id":"https:\/\/experienciadevida.com.ar\/portalurbano\/#\/schema\/logo\/image\/","url":"https:\/\/experienciadevida.com.ar\/portalurbano\/wp-content\/uploads\/2019\/09\/Logo-Original.png","contentUrl":"https:\/\/experienciadevida.com.ar\/portalurbano\/wp-content\/uploads\/2019\/09\/Logo-Original.png","width":2236,"height":1216,"caption":"Portal Urbano"},"image":{"@id":"https:\/\/experienciadevida.com.ar\/portalurbano\/#\/schema\/logo\/image\/"},"sameAs":["https:\/\/www.facebook.com\/Portal-Urbano-171542830093757\/","https:\/\/twitter.com\/portalurbanook","https:\/\/www.instagram.com\/_portalurbano\/","https:\/\/www.youtube.com\/channel\/UCXhagIfszH8KxFiOok79zbA?view_as=subscriber"]},{"@type":"Person","@id":"https:\/\/experienciadevida.com.ar\/portalurbano\/#\/schema\/person\/02dd326b1c4b056e9cc972486934a3a7","name":"admpu17wp","image":{"@type":"ImageObject","inLanguage":"es","@id":"https:\/\/experienciadevida.com.ar\/portalurbano\/#\/schema\/person\/image\/","url":"https:\/\/secure.gravatar.com\/avatar\/830d4c57adaae6630765e449a6908047?s=96&d=mm&r=g","contentUrl":"https:\/\/secure.gravatar.com\/avatar\/830d4c57adaae6630765e449a6908047?s=96&d=mm&r=g","caption":"admpu17wp"}}]}},"featured_image_urls":{"full":["https:\/\/experienciadevida.com.ar\/portalurbano\/wp-content\/uploads\/2021\/06\/Olavarria1.jpg",800,600,false],"thumbnail":["https:\/\/experienciadevida.com.ar\/portalurbano\/wp-content\/uploads\/2021\/06\/Olavarria1-150x150.jpg",150,150,true],"medium":["https:\/\/experienciadevida.com.ar\/portalurbano\/wp-content\/uploads\/2021\/06\/Olavarria1-300x225.jpg",300,225,true],"medium_large":["https:\/\/experienciadevida.com.ar\/portalurbano\/wp-content\/uploads\/2021\/06\/Olavarria1-768x576.jpg",640,480,true],"large":["https:\/\/experienciadevida.com.ar\/portalurbano\/wp-content\/uploads\/2021\/06\/Olavarria1.jpg",640,480,false],"ug_big":["https:\/\/experienciadevida.com.ar\/portalurbano\/wp-content\/uploads\/2021\/06\/Olavarria1-768x576.jpg",768,576,true],"1536x1536":["https:\/\/experienciadevida.com.ar\/portalurbano\/wp-content\/uploads\/2021\/06\/Olavarria1.jpg",800,600,false],"2048x2048":["https:\/\/experienciadevida.com.ar\/portalurbano\/wp-content\/uploads\/2021\/06\/Olavarria1.jpg",800,600,false],"newsever-slider-full":["https:\/\/experienciadevida.com.ar\/portalurbano\/wp-content\/uploads\/2021\/06\/Olavarria1.jpg",800,600,false],"newsever-featured":["https:\/\/experienciadevida.com.ar\/portalurbano\/wp-content\/uploads\/2021\/06\/Olavarria1.jpg",800,600,false],"newsever-medium":["https:\/\/experienciadevida.com.ar\/portalurbano\/wp-content\/uploads\/2021\/06\/Olavarria1.jpg",633,475,false],"web-stories-poster-portrait":["https:\/\/experienciadevida.com.ar\/portalurbano\/wp-content\/uploads\/2021\/06\/Olavarria1.jpg",640,480,false],"web-stories-publisher-logo":["https:\/\/experienciadevida.com.ar\/portalurbano\/wp-content\/uploads\/2021\/06\/Olavarria1.jpg",96,72,false],"web-stories-thumbnail":["https:\/\/experienciadevida.com.ar\/portalurbano\/wp-content\/uploads\/2021\/06\/Olavarria1.jpg",150,113,false]},"author_info":{"display_name":"admpu17wp","author_link":"https:\/\/experienciadevida.com.ar\/portalurbano\/author\/admpu17wp\/"},"category_info":"<a href=\"https:\/\/experienciadevida.com.ar\/portalurbano\/category\/ciudad\/\" rel=\"category tag\">Ciudad<\/a> <a href=\"https:\/\/experienciadevida.com.ar\/portalurbano\/category\/destacadas\/\" rel=\"category tag\">Destacadas<\/a>","tag_info":"Destacadas","comment_count":"0","amp_enabled":true,"_links":{"self":[{"href":"https:\/\/experienciadevida.com.ar\/portalurbano\/wp-json\/wp\/v2\/posts\/168945"}],"collection":[{"href":"https:\/\/experienciadevida.com.ar\/portalurbano\/wp-json\/wp\/v2\/posts"}],"about":[{"href":"https:\/\/experienciadevida.com.ar\/portalurbano\/wp-json\/wp\/v2\/types\/post"}],"author":[{"embeddable":true,"href":"https:\/\/experienciadevida.com.ar\/portalurbano\/wp-json\/wp\/v2\/users\/1"}],"replies":[{"embeddable":true,"href":"https:\/\/experienciadevida.com.ar\/portalurbano\/wp-json\/wp\/v2\/comments?post=168945"}],"version-history":[{"count":2,"href":"https:\/\/experienciadevida.com.ar\/portalurbano\/wp-json\/wp\/v2\/posts\/168945\/revisions"}],"predecessor-version":[{"id":168947,"href":"https:\/\/experienciadevida.com.ar\/portalurbano\/wp-json\/wp\/v2\/posts\/168945\/revisions\/168947"}],"wp:featuredmedia":[{"embeddable":true,"href":"https:\/\/experienciadevida.com.ar\/portalurbano\/wp-json\/wp\/v2\/media\/145274"}],"wp:attachment":[{"href":"https:\/\/experienciadevida.com.ar\/portalurbano\/wp-json\/wp\/v2\/media?parent=168945"}],"wp:term":[{"taxonomy":"category","embeddable":true,"href":"https:\/\/experienciadevida.com.ar\/portalurbano\/wp-json\/wp\/v2\/categories?post=168945"},{"taxonomy":"post_tag","embeddable":true,"href":"https:\/\/experienciadevida.com.ar\/portalurbano\/wp-json\/wp\/v2\/tags?post=168945"}],"curies":[{"name":"wp","href":"https:\/\/api.w.org\/{rel}","templated":true}]}}