{"id":168926,"date":"2022-06-03T21:16:58","date_gmt":"2022-06-04T00:16:58","guid":{"rendered":"https:\/\/experienciadevida.com.ar\/portalurbano\/?p=168926"},"modified":"2022-06-03T21:20:08","modified_gmt":"2022-06-04T00:20:08","slug":"sociales-fue-parte-de-la-presentacion-del-nuevo-mapa-nacional-de-la-discriminacion-del-inadi","status":"publish","type":"post","link":"https:\/\/experienciadevida.com.ar\/portalurbano\/sociales-fue-parte-de-la-presentacion-del-nuevo-mapa-nacional-de-la-discriminacion-del-inadi\/","title":{"rendered":"Sociales fue parte de la presentaci\u00f3n del nuevo Mapa Nacional de la Discriminaci\u00f3n del INADI"},"content":{"rendered":"<p>Sociales fue parte de la presentaci\u00f3n del nuevo Mapa Nacional de la Discriminaci\u00f3n del INADI, el Lic. Nicol\u00e1s Casado, Secretario de Extensi\u00f3n, Bienestar y Transferencia de la <a href=\"https:\/\/www.facebook.com\/facultadcienciassociales.unicen\">Facultad de Ciencias Sociales<\/a>, fue invitado a formar parte del acto que se llev\u00f3 adelante en el Sal\u00f3n de las Mujeres de la Casa Rosada.<\/p>\n<p>En la oportunidad el Instituto Nacional contra la Discriminaci\u00f3n, la Xenofobia y el Racismo (INADI) present\u00f3 la tercera edici\u00f3n del estudio que refleja las formas en que se expresa la discriminaci\u00f3n en Argentina. Esta edici\u00f3n del mapa fue elaborado por la Coordinaci\u00f3n de Observatorios e investigaciones del INADI a trav\u00e9s de encuestas realizadas a 11.700 personas en sus hogares durante 2019.<\/p>\n<p>Para la elaboraci\u00f3n del mismo, el Lic. Casado se se desempe\u00f1\u00f3 como coordinador operativo de la Universidad Nacional del Centro de la Provincia de Buenos Aires en articulaci\u00f3n con la Secretar\u00eda de Extensi\u00f3n de la UNICEN. Adem\u00e1s, las integrantes del Programa Permanente de Estudios de la Mujer (PPEM-FACSO) se desempe\u00f1aron en el trabajo de campo y en la elaboraci\u00f3n del informe para el INADI.<\/p>\n<p>Del mismo participaron Griselda Astudillo, Celeste B\u00f3rmida, Yanina B\u00f3rmida, Suyai Compagnon, Melina Escobedo, Carolina Planes y Silvana Valente. Se llevaron a cabo 800 encuestas en las localidades de Azul, Bah\u00eda Blanca, Mar del Plata, Necochea, Olavarr\u00eda, Tandil y Tres Arroyos.<\/p>\n<p>Presentaci\u00f3n en Casa Rosada<\/p>\n<p>El acto fue encabezado por la titular del INADI, Victoria Donda; la directora de Pol\u00edticas y Pr\u00e1cticas contra la Discriminaci\u00f3n, Ornella Infante y la coordinadora del \u00e1rea de Observatorios e Investigaciones del INADI, Karina Iummato.<\/p>\n<p>Desde INADI reflejaron que el car\u00e1cter federal del mapa posibilita realizar diagn\u00f3sticos m\u00e1s precisos que favorezcan la creaci\u00f3n y aplicaci\u00f3n de pol\u00edticas p\u00fablicas espec\u00edficas y eficaces. Las distintas ediciones permiten comparar, a su vez, c\u00f3mo se modificaron las distintas pr\u00e1cticas discriminatorias a trav\u00e9s de los a\u00f1os y cu\u00e1les son los estereotipos que se mantuvieron socialmente instalados.<\/p>\n<p>\u201cPresentar el Mapa ac\u00e1 simboliza que nos comprometemos a terminar con estas formas de violencias pero para hacerlo primero debemos reconocerlas. Este relevamiento es una gu\u00eda de pol\u00edticas p\u00fablicas para terminar con la discriminaci\u00f3n y el racismo&#8221;, manifest\u00f3 Donda.<\/p>\n","protected":false},"excerpt":{"rendered":"<p>Sociales fue parte de la presentaci\u00f3n del nuevo Mapa Nacional de la Discriminaci\u00f3n del INADI,&#8230;<\/p>\n","protected":false},"author":1,"featured_media":168927,"comment_status":"closed","ping_status":"closed","sticky":false,"template":"","format":"standard","meta":{"content-type":""},"categories":[27],"tags":[],"nelio_content":{"isAutoShareEnabled":false,"autoShareEndMode":"default","automationSources":{"useContentSentences":true,"useSocialTemplates":true,"useCustomSentences":false,"customSentences":[]},"followers":[1],"suggestedReferences":[],"includedReferences":[],"efiUrl":"","efiAlt":"","highlights":[]},"yoast_head":"<!-- This site is optimized with the Yoast SEO plugin v20.7 - https:\/\/yoast.com\/wordpress\/plugins\/seo\/ -->\n<title>Sociales fue parte de la presentaci\u00f3n del nuevo mapa nacional<\/title>\n<meta name=\"description\" content=\"Sociales fue parte de la presentaci\u00f3n del nuevo Mapa Nacional de la Discriminaci\u00f3n del INADI, el Lic. Nicol\u00e1s Casado,\" \/>\n<meta name=\"robots\" content=\"index, follow, max-snippet:-1, max-image-preview:large, max-video-preview:-1\" \/>\n<link rel=\"canonical\" href=\"https:\/\/experienciadevida.com.ar\/portalurbano\/sociales-fue-parte-de-la-presentacion-del-nuevo-mapa-nacional-de-la-discriminacion-del-inadi\/\" \/>\n<meta property=\"og:locale\" content=\"es_ES\" \/>\n<meta property=\"og:type\" content=\"article\" \/>\n<meta property=\"og:title\" content=\"Sociales fue parte de la presentaci\u00f3n del nuevo mapa nacional\" \/>\n<meta property=\"og:description\" content=\"Sociales fue parte de la presentaci\u00f3n del nuevo Mapa Nacional de la Discriminaci\u00f3n del INADI, el Lic. Nicol\u00e1s Casado,\" \/>\n<meta property=\"og:url\" content=\"https:\/\/experienciadevida.com.ar\/portalurbano\/sociales-fue-parte-de-la-presentacion-del-nuevo-mapa-nacional-de-la-discriminacion-del-inadi\/\" \/>\n<meta property=\"article:publisher\" content=\"https:\/\/www.facebook.com\/Portal-Urbano-171542830093757\/\" \/>\n<meta property=\"article:published_time\" content=\"2022-06-04T00:16:58+00:00\" \/>\n<meta property=\"article:modified_time\" content=\"2022-06-04T00:20:08+00:00\" \/>\n<meta property=\"og:image\" content=\"https:\/\/experienciadevida.com.ar\/portalurbano\/wp-content\/uploads\/2022\/06\/Sociales-fue-parte-de.jpg\" \/>\n\t<meta property=\"og:image:width\" content=\"1000\" \/>\n\t<meta property=\"og:image:height\" content=\"555\" \/>\n\t<meta property=\"og:image:type\" content=\"image\/jpeg\" \/>\n<meta name=\"author\" content=\"admpu17wp\" \/>\n<meta name=\"twitter:card\" content=\"summary_large_image\" \/>\n<meta name=\"twitter:creator\" content=\"@portalurbanook\" \/>\n<meta name=\"twitter:site\" content=\"@portalurbanook\" \/>\n<meta name=\"twitter:label1\" content=\"Escrito por\" \/>\n\t<meta name=\"twitter:data1\" content=\"admpu17wp\" \/>\n\t<meta name=\"twitter:label2\" content=\"Tiempo de lectura\" \/>\n\t<meta name=\"twitter:data2\" content=\"2 minutos\" \/>\n<script type=\"application\/ld+json\" class=\"yoast-schema-graph\">{\"@context\":\"https:\/\/schema.org\",\"@graph\":[{\"@type\":\"Article\",\"@id\":\"https:\/\/experienciadevida.com.ar\/portalurbano\/sociales-fue-parte-de-la-presentacion-del-nuevo-mapa-nacional-de-la-discriminacion-del-inadi\/#article\",\"isPartOf\":{\"@id\":\"https:\/\/experienciadevida.com.ar\/portalurbano\/sociales-fue-parte-de-la-presentacion-del-nuevo-mapa-nacional-de-la-discriminacion-del-inadi\/\"},\"author\":{\"name\":\"admpu17wp\",\"@id\":\"https:\/\/experienciadevida.com.ar\/portalurbano\/#\/schema\/person\/02dd326b1c4b056e9cc972486934a3a7\"},\"headline\":\"Sociales fue parte de la presentaci\u00f3n del nuevo Mapa Nacional de la Discriminaci\u00f3n del INADI\",\"datePublished\":\"2022-06-04T00:16:58+00:00\",\"dateModified\":\"2022-06-04T00:20:08+00:00\",\"mainEntityOfPage\":{\"@id\":\"https:\/\/experienciadevida.com.ar\/portalurbano\/sociales-fue-parte-de-la-presentacion-del-nuevo-mapa-nacional-de-la-discriminacion-del-inadi\/\"},\"wordCount\":408,\"publisher\":{\"@id\":\"https:\/\/experienciadevida.com.ar\/portalurbano\/#organization\"},\"articleSection\":[\"Ciudad\"],\"inLanguage\":\"es\"},{\"@type\":\"WebPage\",\"@id\":\"https:\/\/experienciadevida.com.ar\/portalurbano\/sociales-fue-parte-de-la-presentacion-del-nuevo-mapa-nacional-de-la-discriminacion-del-inadi\/\",\"url\":\"https:\/\/experienciadevida.com.ar\/portalurbano\/sociales-fue-parte-de-la-presentacion-del-nuevo-mapa-nacional-de-la-discriminacion-del-inadi\/\",\"name\":\"Sociales fue parte de la presentaci\u00f3n del nuevo mapa nacional\",\"isPartOf\":{\"@id\":\"https:\/\/experienciadevida.com.ar\/portalurbano\/#website\"},\"datePublished\":\"2022-06-04T00:16:58+00:00\",\"dateModified\":\"2022-06-04T00:20:08+00:00\",\"description\":\"Sociales fue parte de la presentaci\u00f3n del nuevo Mapa Nacional de la Discriminaci\u00f3n del INADI, el Lic. Nicol\u00e1s Casado,\",\"breadcrumb\":{\"@id\":\"https:\/\/experienciadevida.com.ar\/portalurbano\/sociales-fue-parte-de-la-presentacion-del-nuevo-mapa-nacional-de-la-discriminacion-del-inadi\/#breadcrumb\"},\"inLanguage\":\"es\",\"potentialAction\":[{\"@type\":\"ReadAction\",\"target\":[\"https:\/\/experienciadevida.com.ar\/portalurbano\/sociales-fue-parte-de-la-presentacion-del-nuevo-mapa-nacional-de-la-discriminacion-del-inadi\/\"]}]},{\"@type\":\"BreadcrumbList\",\"@id\":\"https:\/\/experienciadevida.com.ar\/portalurbano\/sociales-fue-parte-de-la-presentacion-del-nuevo-mapa-nacional-de-la-discriminacion-del-inadi\/#breadcrumb\",\"itemListElement\":[{\"@type\":\"ListItem\",\"position\":1,\"name\":\"Portada\",\"item\":\"https:\/\/experienciadevida.com.ar\/portalurbano\/\"},{\"@type\":\"ListItem\",\"position\":2,\"name\":\"Sociales fue parte de la presentaci\u00f3n del nuevo Mapa Nacional de la Discriminaci\u00f3n del INADI\"}]},{\"@type\":\"WebSite\",\"@id\":\"https:\/\/experienciadevida.com.ar\/portalurbano\/#website\",\"url\":\"https:\/\/experienciadevida.com.ar\/portalurbano\/\",\"name\":\"\",\"description\":\"\",\"publisher\":{\"@id\":\"https:\/\/experienciadevida.com.ar\/portalurbano\/#organization\"},\"potentialAction\":[{\"@type\":\"SearchAction\",\"target\":{\"@type\":\"EntryPoint\",\"urlTemplate\":\"https:\/\/experienciadevida.com.ar\/portalurbano\/?s={search_term_string}\"},\"query-input\":\"required name=search_term_string\"}],\"inLanguage\":\"es\"},{\"@type\":\"Organization\",\"@id\":\"https:\/\/experienciadevida.com.ar\/portalurbano\/#organization\",\"name\":\"Portal Urbano\",\"url\":\"https:\/\/experienciadevida.com.ar\/portalurbano\/\",\"logo\":{\"@type\":\"ImageObject\",\"inLanguage\":\"es\",\"@id\":\"https:\/\/experienciadevida.com.ar\/portalurbano\/#\/schema\/logo\/image\/\",\"url\":\"https:\/\/experienciadevida.com.ar\/portalurbano\/wp-content\/uploads\/2019\/09\/Logo-Original.png\",\"contentUrl\":\"https:\/\/experienciadevida.com.ar\/portalurbano\/wp-content\/uploads\/2019\/09\/Logo-Original.png\",\"width\":2236,\"height\":1216,\"caption\":\"Portal Urbano\"},\"image\":{\"@id\":\"https:\/\/experienciadevida.com.ar\/portalurbano\/#\/schema\/logo\/image\/\"},\"sameAs\":[\"https:\/\/www.facebook.com\/Portal-Urbano-171542830093757\/\",\"https:\/\/twitter.com\/portalurbanook\",\"https:\/\/www.instagram.com\/_portalurbano\/\",\"https:\/\/www.youtube.com\/channel\/UCXhagIfszH8KxFiOok79zbA?view_as=subscriber\"]},{\"@type\":\"Person\",\"@id\":\"https:\/\/experienciadevida.com.ar\/portalurbano\/#\/schema\/person\/02dd326b1c4b056e9cc972486934a3a7\",\"name\":\"admpu17wp\",\"image\":{\"@type\":\"ImageObject\",\"inLanguage\":\"es\",\"@id\":\"https:\/\/experienciadevida.com.ar\/portalurbano\/#\/schema\/person\/image\/\",\"url\":\"https:\/\/secure.gravatar.com\/avatar\/830d4c57adaae6630765e449a6908047?s=96&d=mm&r=g\",\"contentUrl\":\"https:\/\/secure.gravatar.com\/avatar\/830d4c57adaae6630765e449a6908047?s=96&d=mm&r=g\",\"caption\":\"admpu17wp\"}}]}<\/script>\n<!-- \/ Yoast SEO plugin. -->","yoast_head_json":{"title":"Sociales fue parte de la presentaci\u00f3n del nuevo mapa nacional","description":"Sociales fue parte de la presentaci\u00f3n del nuevo Mapa Nacional de la Discriminaci\u00f3n del INADI, el Lic. Nicol\u00e1s Casado,","robots":{"index":"index","follow":"follow","max-snippet":"max-snippet:-1","max-image-preview":"max-image-preview:large","max-video-preview":"max-video-preview:-1"},"canonical":"https:\/\/experienciadevida.com.ar\/portalurbano\/sociales-fue-parte-de-la-presentacion-del-nuevo-mapa-nacional-de-la-discriminacion-del-inadi\/","og_locale":"es_ES","og_type":"article","og_title":"Sociales fue parte de la presentaci\u00f3n del nuevo mapa nacional","og_description":"Sociales fue parte de la presentaci\u00f3n del nuevo Mapa Nacional de la Discriminaci\u00f3n del INADI, el Lic. Nicol\u00e1s Casado,","og_url":"https:\/\/experienciadevida.com.ar\/portalurbano\/sociales-fue-parte-de-la-presentacion-del-nuevo-mapa-nacional-de-la-discriminacion-del-inadi\/","article_publisher":"https:\/\/www.facebook.com\/Portal-Urbano-171542830093757\/","article_published_time":"2022-06-04T00:16:58+00:00","article_modified_time":"2022-06-04T00:20:08+00:00","og_image":[{"width":1000,"height":555,"url":"https:\/\/experienciadevida.com.ar\/portalurbano\/wp-content\/uploads\/2022\/06\/Sociales-fue-parte-de.jpg","type":"image\/jpeg"}],"author":"admpu17wp","twitter_card":"summary_large_image","twitter_creator":"@portalurbanook","twitter_site":"@portalurbanook","twitter_misc":{"Escrito por":"admpu17wp","Tiempo de lectura":"2 minutos"},"schema":{"@context":"https:\/\/schema.org","@graph":[{"@type":"Article","@id":"https:\/\/experienciadevida.com.ar\/portalurbano\/sociales-fue-parte-de-la-presentacion-del-nuevo-mapa-nacional-de-la-discriminacion-del-inadi\/#article","isPartOf":{"@id":"https:\/\/experienciadevida.com.ar\/portalurbano\/sociales-fue-parte-de-la-presentacion-del-nuevo-mapa-nacional-de-la-discriminacion-del-inadi\/"},"author":{"name":"admpu17wp","@id":"https:\/\/experienciadevida.com.ar\/portalurbano\/#\/schema\/person\/02dd326b1c4b056e9cc972486934a3a7"},"headline":"Sociales fue parte de la presentaci\u00f3n del nuevo Mapa Nacional de la Discriminaci\u00f3n del INADI","datePublished":"2022-06-04T00:16:58+00:00","dateModified":"2022-06-04T00:20:08+00:00","mainEntityOfPage":{"@id":"https:\/\/experienciadevida.com.ar\/portalurbano\/sociales-fue-parte-de-la-presentacion-del-nuevo-mapa-nacional-de-la-discriminacion-del-inadi\/"},"wordCount":408,"publisher":{"@id":"https:\/\/experienciadevida.com.ar\/portalurbano\/#organization"},"articleSection":["Ciudad"],"inLanguage":"es"},{"@type":"WebPage","@id":"https:\/\/experienciadevida.com.ar\/portalurbano\/sociales-fue-parte-de-la-presentacion-del-nuevo-mapa-nacional-de-la-discriminacion-del-inadi\/","url":"https:\/\/experienciadevida.com.ar\/portalurbano\/sociales-fue-parte-de-la-presentacion-del-nuevo-mapa-nacional-de-la-discriminacion-del-inadi\/","name":"Sociales fue parte de la presentaci\u00f3n del nuevo mapa nacional","isPartOf":{"@id":"https:\/\/experienciadevida.com.ar\/portalurbano\/#website"},"datePublished":"2022-06-04T00:16:58+00:00","dateModified":"2022-06-04T00:20:08+00:00","description":"Sociales fue parte de la presentaci\u00f3n del nuevo Mapa Nacional de la Discriminaci\u00f3n del INADI, el Lic. Nicol\u00e1s Casado,","breadcrumb":{"@id":"https:\/\/experienciadevida.com.ar\/portalurbano\/sociales-fue-parte-de-la-presentacion-del-nuevo-mapa-nacional-de-la-discriminacion-del-inadi\/#breadcrumb"},"inLanguage":"es","potentialAction":[{"@type":"ReadAction","target":["https:\/\/experienciadevida.com.ar\/portalurbano\/sociales-fue-parte-de-la-presentacion-del-nuevo-mapa-nacional-de-la-discriminacion-del-inadi\/"]}]},{"@type":"BreadcrumbList","@id":"https:\/\/experienciadevida.com.ar\/portalurbano\/sociales-fue-parte-de-la-presentacion-del-nuevo-mapa-nacional-de-la-discriminacion-del-inadi\/#breadcrumb","itemListElement":[{"@type":"ListItem","position":1,"name":"Portada","item":"https:\/\/experienciadevida.com.ar\/portalurbano\/"},{"@type":"ListItem","position":2,"name":"Sociales fue parte de la presentaci\u00f3n del nuevo Mapa Nacional de la Discriminaci\u00f3n del INADI"}]},{"@type":"WebSite","@id":"https:\/\/experienciadevida.com.ar\/portalurbano\/#website","url":"https:\/\/experienciadevida.com.ar\/portalurbano\/","name":"","description":"","publisher":{"@id":"https:\/\/experienciadevida.com.ar\/portalurbano\/#organization"},"potentialAction":[{"@type":"SearchAction","target":{"@type":"EntryPoint","urlTemplate":"https:\/\/experienciadevida.com.ar\/portalurbano\/?s={search_term_string}"},"query-input":"required name=search_term_string"}],"inLanguage":"es"},{"@type":"Organization","@id":"https:\/\/experienciadevida.com.ar\/portalurbano\/#organization","name":"Portal Urbano","url":"https:\/\/experienciadevida.com.ar\/portalurbano\/","logo":{"@type":"ImageObject","inLanguage":"es","@id":"https:\/\/experienciadevida.com.ar\/portalurbano\/#\/schema\/logo\/image\/","url":"https:\/\/experienciadevida.com.ar\/portalurbano\/wp-content\/uploads\/2019\/09\/Logo-Original.png","contentUrl":"https:\/\/experienciadevida.com.ar\/portalurbano\/wp-content\/uploads\/2019\/09\/Logo-Original.png","width":2236,"height":1216,"caption":"Portal Urbano"},"image":{"@id":"https:\/\/experienciadevida.com.ar\/portalurbano\/#\/schema\/logo\/image\/"},"sameAs":["https:\/\/www.facebook.com\/Portal-Urbano-171542830093757\/","https:\/\/twitter.com\/portalurbanook","https:\/\/www.instagram.com\/_portalurbano\/","https:\/\/www.youtube.com\/channel\/UCXhagIfszH8KxFiOok79zbA?view_as=subscriber"]},{"@type":"Person","@id":"https:\/\/experienciadevida.com.ar\/portalurbano\/#\/schema\/person\/02dd326b1c4b056e9cc972486934a3a7","name":"admpu17wp","image":{"@type":"ImageObject","inLanguage":"es","@id":"https:\/\/experienciadevida.com.ar\/portalurbano\/#\/schema\/person\/image\/","url":"https:\/\/secure.gravatar.com\/avatar\/830d4c57adaae6630765e449a6908047?s=96&d=mm&r=g","contentUrl":"https:\/\/secure.gravatar.com\/avatar\/830d4c57adaae6630765e449a6908047?s=96&d=mm&r=g","caption":"admpu17wp"}}]}},"featured_image_urls":{"full":["https:\/\/experienciadevida.com.ar\/portalurbano\/wp-content\/uploads\/2022\/06\/Sociales-fue-parte-de.jpg",1000,555,false],"thumbnail":["https:\/\/experienciadevida.com.ar\/portalurbano\/wp-content\/uploads\/2022\/06\/Sociales-fue-parte-de-150x150.jpg",150,150,true],"medium":["https:\/\/experienciadevida.com.ar\/portalurbano\/wp-content\/uploads\/2022\/06\/Sociales-fue-parte-de-300x167.jpg",300,167,true],"medium_large":["https:\/\/experienciadevida.com.ar\/portalurbano\/wp-content\/uploads\/2022\/06\/Sociales-fue-parte-de-768x426.jpg",640,355,true],"large":["https:\/\/experienciadevida.com.ar\/portalurbano\/wp-content\/uploads\/2022\/06\/Sociales-fue-parte-de.jpg",640,355,false],"ug_big":["https:\/\/experienciadevida.com.ar\/portalurbano\/wp-content\/uploads\/2022\/06\/Sociales-fue-parte-de-768x426.jpg",768,426,true],"1536x1536":["https:\/\/experienciadevida.com.ar\/portalurbano\/wp-content\/uploads\/2022\/06\/Sociales-fue-parte-de.jpg",1000,555,false],"2048x2048":["https:\/\/experienciadevida.com.ar\/portalurbano\/wp-content\/uploads\/2022\/06\/Sociales-fue-parte-de.jpg",1000,555,false],"newsever-slider-full":["https:\/\/experienciadevida.com.ar\/portalurbano\/wp-content\/uploads\/2022\/06\/Sociales-fue-parte-de.jpg",1000,555,false],"newsever-featured":["https:\/\/experienciadevida.com.ar\/portalurbano\/wp-content\/uploads\/2022\/06\/Sociales-fue-parte-de.jpg",1000,555,false],"newsever-medium":["https:\/\/experienciadevida.com.ar\/portalurbano\/wp-content\/uploads\/2022\/06\/Sociales-fue-parte-de.jpg",720,400,false],"web-stories-poster-portrait":["https:\/\/experienciadevida.com.ar\/portalurbano\/wp-content\/uploads\/2022\/06\/Sociales-fue-parte-de.jpg",640,355,false],"web-stories-publisher-logo":["https:\/\/experienciadevida.com.ar\/portalurbano\/wp-content\/uploads\/2022\/06\/Sociales-fue-parte-de.jpg",96,53,false],"web-stories-thumbnail":["https:\/\/experienciadevida.com.ar\/portalurbano\/wp-content\/uploads\/2022\/06\/Sociales-fue-parte-de.jpg",150,83,false]},"author_info":{"display_name":"admpu17wp","author_link":"https:\/\/experienciadevida.com.ar\/portalurbano\/author\/admpu17wp\/"},"category_info":"<a href=\"https:\/\/experienciadevida.com.ar\/portalurbano\/category\/ciudad\/\" rel=\"category tag\">Ciudad<\/a>","tag_info":"Ciudad","comment_count":"0","amp_enabled":true,"_links":{"self":[{"href":"https:\/\/experienciadevida.com.ar\/portalurbano\/wp-json\/wp\/v2\/posts\/168926"}],"collection":[{"href":"https:\/\/experienciadevida.com.ar\/portalurbano\/wp-json\/wp\/v2\/posts"}],"about":[{"href":"https:\/\/experienciadevida.com.ar\/portalurbano\/wp-json\/wp\/v2\/types\/post"}],"author":[{"embeddable":true,"href":"https:\/\/experienciadevida.com.ar\/portalurbano\/wp-json\/wp\/v2\/users\/1"}],"replies":[{"embeddable":true,"href":"https:\/\/experienciadevida.com.ar\/portalurbano\/wp-json\/wp\/v2\/comments?post=168926"}],"version-history":[{"count":2,"href":"https:\/\/experienciadevida.com.ar\/portalurbano\/wp-json\/wp\/v2\/posts\/168926\/revisions"}],"predecessor-version":[{"id":168929,"href":"https:\/\/experienciadevida.com.ar\/portalurbano\/wp-json\/wp\/v2\/posts\/168926\/revisions\/168929"}],"wp:featuredmedia":[{"embeddable":true,"href":"https:\/\/experienciadevida.com.ar\/portalurbano\/wp-json\/wp\/v2\/media\/168927"}],"wp:attachment":[{"href":"https:\/\/experienciadevida.com.ar\/portalurbano\/wp-json\/wp\/v2\/media?parent=168926"}],"wp:term":[{"taxonomy":"category","embeddable":true,"href":"https:\/\/experienciadevida.com.ar\/portalurbano\/wp-json\/wp\/v2\/categories?post=168926"},{"taxonomy":"post_tag","embeddable":true,"href":"https:\/\/experienciadevida.com.ar\/portalurbano\/wp-json\/wp\/v2\/tags?post=168926"}],"curies":[{"name":"wp","href":"https:\/\/api.w.org\/{rel}","templated":true}]}}