{"id":168922,"date":"2022-06-03T21:12:21","date_gmt":"2022-06-04T00:12:21","guid":{"rendered":"https:\/\/experienciadevida.com.ar\/portalurbano\/?p=168922"},"modified":"2022-06-03T21:13:45","modified_gmt":"2022-06-04T00:13:45","slug":"sociales-participo-del-xxxvii-encuentro-plenario-del-codesoc","status":"publish","type":"post","link":"https:\/\/experienciadevida.com.ar\/portalurbano\/sociales-participo-del-xxxvii-encuentro-plenario-del-codesoc\/","title":{"rendered":"Sociales particip\u00f3 del XXXVII Encuentro Plenario del CODESOC"},"content":{"rendered":"<p>Sociales particip\u00f3 del XXXVII Encuentro Plenario del CODESOC, la decana de la FACSO, Lic. Gabriela Gamberini, form\u00f3 parte del plenario del Consejo de Decanas y Decanos de Facultades de Ciencias Sociales y Humanas que se llev\u00f3 adelante en la Universidad Nacional de Lomas Zamora, en el que participaron autoridades de m\u00e1s de 40 unidades acad\u00e9micas del pa\u00eds.<\/p>\n<p>Bajo el lema :\u201cEl desaf\u00edo de contribuir en el desarrollo de sociedades con igualdad y justicia social\u201d, el 23 y 24 de mayo se llev\u00f3 adelante el XXXVII Encuentro Plenario del CODESOC, en el que debatieron sobre la producci\u00f3n de conocimiento en el regreso a la presencialidad, la categorizaci\u00f3n de investigadores y acreditaciones de carreras. El Ministro de Ciencia Tecnolog\u00eda e Innovaci\u00f3n, Daniel Filmus, particip\u00f3 del cierre del encuentro.<\/p>\n<p>La apertura del Plenario en la Universidad Nacional de Lomas de Zamora estuvo encabezada por su rector, Diego Molea; el Subsecretario de la Secretar\u00eda de Pol\u00edticas Universitarias (SPU), Daniel L\u00f3pez; el decano anfitri\u00f3n, Gustavo Na\u00f3n, quien asumi\u00f3 como nuevo presidente del Consejo, y la titular saliente del CODESOC y decana de la Facultad de Humanidades y Ciencias Sociales de la Universidad Nacional de Misiones (UNaM), Gisela Spasiuk.<\/p>\n<p>El decano de la Facultad de Ciencias Sociales de la UNLZ, Gustavo Na\u00f3n, en la apertura expres\u00f3: \u201cLas Facultades de Ciencias Sociales nos asociamos en la defensa y en la puesta en com\u00fan de nuestras producciones cient\u00edficas y trabajos en el territorio\u201d. En este marco pidi\u00f3 \u201creconocimiento al rol que cumplen las disciplinas de Ciencias Sociales en una sociedad democr\u00e1tica\u201d.<\/p>\n<p>Por su parte, L\u00f3pez convoc\u00f3 a \u201chacer realidad que la universidad argentina incluye y es un derecho inalienable\u201d. Mientras tanto, Spasiuk, quien recibi\u00f3 una plaqueta de reconocimiento por su destacada tarea y compromiso al frente del CODESOC, expres\u00f3 que \u201ces categ\u00f3rico retomar la discusi\u00f3n de certificaciones de nuestras carreras dentro del sistema nacional\u201d.<\/p>\n<p>Sociales particip\u00f3 del XXXVII Encuentro Plenario del CODESOC, las autoridades universitarias adem\u00e1s mantuvieron un encuentro con el presidente de la Comisi\u00f3n Nacional de Evaluaci\u00f3n y Acreditaci\u00f3n Universitaria (CONEAU), N\u00e9stor Pan, y equipos t\u00e9cnicos de esta Comisi\u00f3n, quienes realizaron un an\u00e1lisis sobre la pol\u00edtica de certificaci\u00f3n de carreras de grado. Pan refiri\u00f3 que el desaf\u00edo actual se vincula con el fortalecimiento y modificaci\u00f3n de \u201clos pisos de certificaci\u00f3n en el \u00e1rea de Ciencias Sociales\u201d.<\/p>\n<p>\u00c1rea de Ciencias Sociales\u201d.<\/p>\n<p>Tambi\u00e9n se realiz\u00f3 la conferencia \u201cLa construcci\u00f3n de una epistemolog\u00eda de las Ciencias Sociales desde una perspectiva latinoamericana\u201d, a cargo de Oscar Amaya, profesor de la UNLZ.<\/p>\n<p>Respecto a las jornadas, la Decana de la Facultad de Ciencias Sociales, Lic. Gabriela Gamberini, resalt\u00f3 que el plenario del CODESOC \u201csiempre es un \u00e1mbito de intercambio muy enriquecedor y convocante. En esta oportunidad los temas salientes giraron en torno a la vuelta a la presencialidad, con la puesta en com\u00fan de estrategias institucionales que se est\u00e1n desarrollando para favorecer la permanencia, la re-vinculaci\u00f3n y la formaci\u00f3n de nuestras y nuestros estudiantes\u201d.<\/p>\n<p>En este sentido, destac\u00f3 que se prev\u00e9 un encuentro con secretarias\/os acad\u00e9micas\/os para profundizar el debate acerca de esta tem\u00e1tica. Adem\u00e1s, se plantearon problem\u00e1ticas y se definieron \u00e1reas de injerencia de las carreras para promover articulaciones con SPU, CONEAU y el MINCyT.<\/p>\n<p><strong>Cierre con Daniel Filmus:<\/strong><\/p>\n<p>Sociales particip\u00f3 del XXXVII Encuentro Plenario del CODESOC, en la segunda jornada las autoridades mantuvieron un encuentro en el que se dialog\u00f3 sobre la categorizaci\u00f3n de docentes investigadores, en el que particip\u00f3 Adri\u00e1n Alonso, coordinador del Programa de Incentivos del Ministerio de Educaci\u00f3n. Asimismo, se hizo referencia a la participaci\u00f3n de representantes del CODESOC en la IX Conferencia Latinoamericana y Caribe\u00f1a del Consejo Latinoamericano de Ciencias Sociales (CLACSO), a llevarse adelante entre el 7 y 10 de junio en Ciudad de M\u00e9xico.<\/p>\n<p>En el cierre particip\u00f3 el ministro Daniel Filmus, quien destac\u00f3 el valor que tendr\u00e1n las Ciencias Sociales en el Plan Nacional de Ciencia, Tecnolog\u00eda e Innovaci\u00f3n 2030.<\/p>\n<p>Adem\u00e1s, anunci\u00f3 el lanzamiento del Programa Ra\u00edz Federal, creado con el prop\u00f3sito de \u201crepatriar investigadores a sus ciudades de origen\u201d; por lo que convoc\u00f3 a \u201cconformar una mesa federal para la aplicaci\u00f3n de investigaciones en la elaboraci\u00f3n de pol\u00edticas p\u00fablicas\u201d.<\/p>\n","protected":false},"excerpt":{"rendered":"<p>Sociales particip\u00f3 del XXXVII Encuentro Plenario del CODESOC, la decana de la FACSO, Lic. Gabriela&#8230;<\/p>\n","protected":false},"author":1,"featured_media":168923,"comment_status":"closed","ping_status":"closed","sticky":false,"template":"","format":"standard","meta":{"content-type":""},"categories":[27],"tags":[],"nelio_content":{"isAutoShareEnabled":false,"autoShareEndMode":"default","automationSources":{"useContentSentences":true,"useSocialTemplates":true,"useCustomSentences":false,"customSentences":[]},"followers":[1],"suggestedReferences":[],"includedReferences":[],"efiUrl":"","efiAlt":"","highlights":[]},"yoast_head":"<!-- This site is optimized with the Yoast SEO plugin v20.7 - https:\/\/yoast.com\/wordpress\/plugins\/seo\/ -->\n<title>Sociales particip\u00f3 del XXXVII Encuentro Plenario del CODESOC -<\/title>\n<meta name=\"robots\" content=\"index, follow, max-snippet:-1, max-image-preview:large, max-video-preview:-1\" \/>\n<link rel=\"canonical\" href=\"https:\/\/experienciadevida.com.ar\/portalurbano\/sociales-participo-del-xxxvii-encuentro-plenario-del-codesoc\/\" \/>\n<meta property=\"og:locale\" content=\"es_ES\" \/>\n<meta property=\"og:type\" content=\"article\" \/>\n<meta property=\"og:title\" content=\"Sociales particip\u00f3 del XXXVII Encuentro Plenario del CODESOC -\" \/>\n<meta property=\"og:description\" content=\"Sociales particip\u00f3 del XXXVII Encuentro Plenario del CODESOC, la decana de la FACSO, Lic. Gabriela...\" \/>\n<meta property=\"og:url\" content=\"https:\/\/experienciadevida.com.ar\/portalurbano\/sociales-participo-del-xxxvii-encuentro-plenario-del-codesoc\/\" \/>\n<meta property=\"article:publisher\" content=\"https:\/\/www.facebook.com\/Portal-Urbano-171542830093757\/\" \/>\n<meta property=\"article:published_time\" content=\"2022-06-04T00:12:21+00:00\" \/>\n<meta property=\"article:modified_time\" content=\"2022-06-04T00:13:45+00:00\" \/>\n<meta property=\"og:image\" content=\"https:\/\/experienciadevida.com.ar\/portalurbano\/wp-content\/uploads\/2022\/06\/Sociales-participo-del.jpg\" \/>\n\t<meta property=\"og:image:width\" content=\"984\" \/>\n\t<meta property=\"og:image:height\" content=\"579\" \/>\n\t<meta property=\"og:image:type\" content=\"image\/jpeg\" \/>\n<meta name=\"author\" content=\"admpu17wp\" \/>\n<meta name=\"twitter:card\" content=\"summary_large_image\" \/>\n<meta name=\"twitter:creator\" content=\"@portalurbanook\" \/>\n<meta name=\"twitter:site\" content=\"@portalurbanook\" \/>\n<meta name=\"twitter:label1\" content=\"Escrito por\" \/>\n\t<meta name=\"twitter:data1\" content=\"admpu17wp\" \/>\n\t<meta name=\"twitter:label2\" content=\"Tiempo de lectura\" \/>\n\t<meta name=\"twitter:data2\" content=\"4 minutos\" \/>\n<script type=\"application\/ld+json\" class=\"yoast-schema-graph\">{\"@context\":\"https:\/\/schema.org\",\"@graph\":[{\"@type\":\"Article\",\"@id\":\"https:\/\/experienciadevida.com.ar\/portalurbano\/sociales-participo-del-xxxvii-encuentro-plenario-del-codesoc\/#article\",\"isPartOf\":{\"@id\":\"https:\/\/experienciadevida.com.ar\/portalurbano\/sociales-participo-del-xxxvii-encuentro-plenario-del-codesoc\/\"},\"author\":{\"name\":\"admpu17wp\",\"@id\":\"https:\/\/experienciadevida.com.ar\/portalurbano\/#\/schema\/person\/02dd326b1c4b056e9cc972486934a3a7\"},\"headline\":\"Sociales particip\u00f3 del XXXVII Encuentro Plenario del CODESOC\",\"datePublished\":\"2022-06-04T00:12:21+00:00\",\"dateModified\":\"2022-06-04T00:13:45+00:00\",\"mainEntityOfPage\":{\"@id\":\"https:\/\/experienciadevida.com.ar\/portalurbano\/sociales-participo-del-xxxvii-encuentro-plenario-del-codesoc\/\"},\"wordCount\":741,\"publisher\":{\"@id\":\"https:\/\/experienciadevida.com.ar\/portalurbano\/#organization\"},\"articleSection\":[\"Ciudad\"],\"inLanguage\":\"es\"},{\"@type\":\"WebPage\",\"@id\":\"https:\/\/experienciadevida.com.ar\/portalurbano\/sociales-participo-del-xxxvii-encuentro-plenario-del-codesoc\/\",\"url\":\"https:\/\/experienciadevida.com.ar\/portalurbano\/sociales-participo-del-xxxvii-encuentro-plenario-del-codesoc\/\",\"name\":\"Sociales particip\u00f3 del XXXVII Encuentro Plenario del CODESOC -\",\"isPartOf\":{\"@id\":\"https:\/\/experienciadevida.com.ar\/portalurbano\/#website\"},\"datePublished\":\"2022-06-04T00:12:21+00:00\",\"dateModified\":\"2022-06-04T00:13:45+00:00\",\"breadcrumb\":{\"@id\":\"https:\/\/experienciadevida.com.ar\/portalurbano\/sociales-participo-del-xxxvii-encuentro-plenario-del-codesoc\/#breadcrumb\"},\"inLanguage\":\"es\",\"potentialAction\":[{\"@type\":\"ReadAction\",\"target\":[\"https:\/\/experienciadevida.com.ar\/portalurbano\/sociales-participo-del-xxxvii-encuentro-plenario-del-codesoc\/\"]}]},{\"@type\":\"BreadcrumbList\",\"@id\":\"https:\/\/experienciadevida.com.ar\/portalurbano\/sociales-participo-del-xxxvii-encuentro-plenario-del-codesoc\/#breadcrumb\",\"itemListElement\":[{\"@type\":\"ListItem\",\"position\":1,\"name\":\"Portada\",\"item\":\"https:\/\/experienciadevida.com.ar\/portalurbano\/\"},{\"@type\":\"ListItem\",\"position\":2,\"name\":\"Sociales particip\u00f3 del XXXVII Encuentro Plenario del CODESOC\"}]},{\"@type\":\"WebSite\",\"@id\":\"https:\/\/experienciadevida.com.ar\/portalurbano\/#website\",\"url\":\"https:\/\/experienciadevida.com.ar\/portalurbano\/\",\"name\":\"\",\"description\":\"\",\"publisher\":{\"@id\":\"https:\/\/experienciadevida.com.ar\/portalurbano\/#organization\"},\"potentialAction\":[{\"@type\":\"SearchAction\",\"target\":{\"@type\":\"EntryPoint\",\"urlTemplate\":\"https:\/\/experienciadevida.com.ar\/portalurbano\/?s={search_term_string}\"},\"query-input\":\"required name=search_term_string\"}],\"inLanguage\":\"es\"},{\"@type\":\"Organization\",\"@id\":\"https:\/\/experienciadevida.com.ar\/portalurbano\/#organization\",\"name\":\"Portal Urbano\",\"url\":\"https:\/\/experienciadevida.com.ar\/portalurbano\/\",\"logo\":{\"@type\":\"ImageObject\",\"inLanguage\":\"es\",\"@id\":\"https:\/\/experienciadevida.com.ar\/portalurbano\/#\/schema\/logo\/image\/\",\"url\":\"https:\/\/experienciadevida.com.ar\/portalurbano\/wp-content\/uploads\/2019\/09\/Logo-Original.png\",\"contentUrl\":\"https:\/\/experienciadevida.com.ar\/portalurbano\/wp-content\/uploads\/2019\/09\/Logo-Original.png\",\"width\":2236,\"height\":1216,\"caption\":\"Portal Urbano\"},\"image\":{\"@id\":\"https:\/\/experienciadevida.com.ar\/portalurbano\/#\/schema\/logo\/image\/\"},\"sameAs\":[\"https:\/\/www.facebook.com\/Portal-Urbano-171542830093757\/\",\"https:\/\/twitter.com\/portalurbanook\",\"https:\/\/www.instagram.com\/_portalurbano\/\",\"https:\/\/www.youtube.com\/channel\/UCXhagIfszH8KxFiOok79zbA?view_as=subscriber\"]},{\"@type\":\"Person\",\"@id\":\"https:\/\/experienciadevida.com.ar\/portalurbano\/#\/schema\/person\/02dd326b1c4b056e9cc972486934a3a7\",\"name\":\"admpu17wp\",\"image\":{\"@type\":\"ImageObject\",\"inLanguage\":\"es\",\"@id\":\"https:\/\/experienciadevida.com.ar\/portalurbano\/#\/schema\/person\/image\/\",\"url\":\"https:\/\/secure.gravatar.com\/avatar\/830d4c57adaae6630765e449a6908047?s=96&d=mm&r=g\",\"contentUrl\":\"https:\/\/secure.gravatar.com\/avatar\/830d4c57adaae6630765e449a6908047?s=96&d=mm&r=g\",\"caption\":\"admpu17wp\"}}]}<\/script>\n<!-- \/ Yoast SEO plugin. -->","yoast_head_json":{"title":"Sociales particip\u00f3 del XXXVII Encuentro Plenario del CODESOC -","robots":{"index":"index","follow":"follow","max-snippet":"max-snippet:-1","max-image-preview":"max-image-preview:large","max-video-preview":"max-video-preview:-1"},"canonical":"https:\/\/experienciadevida.com.ar\/portalurbano\/sociales-participo-del-xxxvii-encuentro-plenario-del-codesoc\/","og_locale":"es_ES","og_type":"article","og_title":"Sociales particip\u00f3 del XXXVII Encuentro Plenario del CODESOC -","og_description":"Sociales particip\u00f3 del XXXVII Encuentro Plenario del CODESOC, la decana de la FACSO, Lic. Gabriela...","og_url":"https:\/\/experienciadevida.com.ar\/portalurbano\/sociales-participo-del-xxxvii-encuentro-plenario-del-codesoc\/","article_publisher":"https:\/\/www.facebook.com\/Portal-Urbano-171542830093757\/","article_published_time":"2022-06-04T00:12:21+00:00","article_modified_time":"2022-06-04T00:13:45+00:00","og_image":[{"width":984,"height":579,"url":"https:\/\/experienciadevida.com.ar\/portalurbano\/wp-content\/uploads\/2022\/06\/Sociales-participo-del.jpg","type":"image\/jpeg"}],"author":"admpu17wp","twitter_card":"summary_large_image","twitter_creator":"@portalurbanook","twitter_site":"@portalurbanook","twitter_misc":{"Escrito por":"admpu17wp","Tiempo de lectura":"4 minutos"},"schema":{"@context":"https:\/\/schema.org","@graph":[{"@type":"Article","@id":"https:\/\/experienciadevida.com.ar\/portalurbano\/sociales-participo-del-xxxvii-encuentro-plenario-del-codesoc\/#article","isPartOf":{"@id":"https:\/\/experienciadevida.com.ar\/portalurbano\/sociales-participo-del-xxxvii-encuentro-plenario-del-codesoc\/"},"author":{"name":"admpu17wp","@id":"https:\/\/experienciadevida.com.ar\/portalurbano\/#\/schema\/person\/02dd326b1c4b056e9cc972486934a3a7"},"headline":"Sociales particip\u00f3 del XXXVII Encuentro Plenario del CODESOC","datePublished":"2022-06-04T00:12:21+00:00","dateModified":"2022-06-04T00:13:45+00:00","mainEntityOfPage":{"@id":"https:\/\/experienciadevida.com.ar\/portalurbano\/sociales-participo-del-xxxvii-encuentro-plenario-del-codesoc\/"},"wordCount":741,"publisher":{"@id":"https:\/\/experienciadevida.com.ar\/portalurbano\/#organization"},"articleSection":["Ciudad"],"inLanguage":"es"},{"@type":"WebPage","@id":"https:\/\/experienciadevida.com.ar\/portalurbano\/sociales-participo-del-xxxvii-encuentro-plenario-del-codesoc\/","url":"https:\/\/experienciadevida.com.ar\/portalurbano\/sociales-participo-del-xxxvii-encuentro-plenario-del-codesoc\/","name":"Sociales particip\u00f3 del XXXVII Encuentro Plenario del CODESOC -","isPartOf":{"@id":"https:\/\/experienciadevida.com.ar\/portalurbano\/#website"},"datePublished":"2022-06-04T00:12:21+00:00","dateModified":"2022-06-04T00:13:45+00:00","breadcrumb":{"@id":"https:\/\/experienciadevida.com.ar\/portalurbano\/sociales-participo-del-xxxvii-encuentro-plenario-del-codesoc\/#breadcrumb"},"inLanguage":"es","potentialAction":[{"@type":"ReadAction","target":["https:\/\/experienciadevida.com.ar\/portalurbano\/sociales-participo-del-xxxvii-encuentro-plenario-del-codesoc\/"]}]},{"@type":"BreadcrumbList","@id":"https:\/\/experienciadevida.com.ar\/portalurbano\/sociales-participo-del-xxxvii-encuentro-plenario-del-codesoc\/#breadcrumb","itemListElement":[{"@type":"ListItem","position":1,"name":"Portada","item":"https:\/\/experienciadevida.com.ar\/portalurbano\/"},{"@type":"ListItem","position":2,"name":"Sociales particip\u00f3 del XXXVII Encuentro Plenario del CODESOC"}]},{"@type":"WebSite","@id":"https:\/\/experienciadevida.com.ar\/portalurbano\/#website","url":"https:\/\/experienciadevida.com.ar\/portalurbano\/","name":"","description":"","publisher":{"@id":"https:\/\/experienciadevida.com.ar\/portalurbano\/#organization"},"potentialAction":[{"@type":"SearchAction","target":{"@type":"EntryPoint","urlTemplate":"https:\/\/experienciadevida.com.ar\/portalurbano\/?s={search_term_string}"},"query-input":"required name=search_term_string"}],"inLanguage":"es"},{"@type":"Organization","@id":"https:\/\/experienciadevida.com.ar\/portalurbano\/#organization","name":"Portal Urbano","url":"https:\/\/experienciadevida.com.ar\/portalurbano\/","logo":{"@type":"ImageObject","inLanguage":"es","@id":"https:\/\/experienciadevida.com.ar\/portalurbano\/#\/schema\/logo\/image\/","url":"https:\/\/experienciadevida.com.ar\/portalurbano\/wp-content\/uploads\/2019\/09\/Logo-Original.png","contentUrl":"https:\/\/experienciadevida.com.ar\/portalurbano\/wp-content\/uploads\/2019\/09\/Logo-Original.png","width":2236,"height":1216,"caption":"Portal Urbano"},"image":{"@id":"https:\/\/experienciadevida.com.ar\/portalurbano\/#\/schema\/logo\/image\/"},"sameAs":["https:\/\/www.facebook.com\/Portal-Urbano-171542830093757\/","https:\/\/twitter.com\/portalurbanook","https:\/\/www.instagram.com\/_portalurbano\/","https:\/\/www.youtube.com\/channel\/UCXhagIfszH8KxFiOok79zbA?view_as=subscriber"]},{"@type":"Person","@id":"https:\/\/experienciadevida.com.ar\/portalurbano\/#\/schema\/person\/02dd326b1c4b056e9cc972486934a3a7","name":"admpu17wp","image":{"@type":"ImageObject","inLanguage":"es","@id":"https:\/\/experienciadevida.com.ar\/portalurbano\/#\/schema\/person\/image\/","url":"https:\/\/secure.gravatar.com\/avatar\/830d4c57adaae6630765e449a6908047?s=96&d=mm&r=g","contentUrl":"https:\/\/secure.gravatar.com\/avatar\/830d4c57adaae6630765e449a6908047?s=96&d=mm&r=g","caption":"admpu17wp"}}]}},"featured_image_urls":{"full":["https:\/\/experienciadevida.com.ar\/portalurbano\/wp-content\/uploads\/2022\/06\/Sociales-participo-del.jpg",984,579,false],"thumbnail":["https:\/\/experienciadevida.com.ar\/portalurbano\/wp-content\/uploads\/2022\/06\/Sociales-participo-del-150x150.jpg",150,150,true],"medium":["https:\/\/experienciadevida.com.ar\/portalurbano\/wp-content\/uploads\/2022\/06\/Sociales-participo-del-300x177.jpg",300,177,true],"medium_large":["https:\/\/experienciadevida.com.ar\/portalurbano\/wp-content\/uploads\/2022\/06\/Sociales-participo-del-768x452.jpg",640,377,true],"large":["https:\/\/experienciadevida.com.ar\/portalurbano\/wp-content\/uploads\/2022\/06\/Sociales-participo-del.jpg",640,377,false],"ug_big":["https:\/\/experienciadevida.com.ar\/portalurbano\/wp-content\/uploads\/2022\/06\/Sociales-participo-del-768x452.jpg",768,452,true],"1536x1536":["https:\/\/experienciadevida.com.ar\/portalurbano\/wp-content\/uploads\/2022\/06\/Sociales-participo-del.jpg",984,579,false],"2048x2048":["https:\/\/experienciadevida.com.ar\/portalurbano\/wp-content\/uploads\/2022\/06\/Sociales-participo-del.jpg",984,579,false],"newsever-slider-full":["https:\/\/experienciadevida.com.ar\/portalurbano\/wp-content\/uploads\/2022\/06\/Sociales-participo-del.jpg",984,579,false],"newsever-featured":["https:\/\/experienciadevida.com.ar\/portalurbano\/wp-content\/uploads\/2022\/06\/Sociales-participo-del.jpg",984,579,false],"newsever-medium":["https:\/\/experienciadevida.com.ar\/portalurbano\/wp-content\/uploads\/2022\/06\/Sociales-participo-del.jpg",720,424,false],"web-stories-poster-portrait":["https:\/\/experienciadevida.com.ar\/portalurbano\/wp-content\/uploads\/2022\/06\/Sociales-participo-del.jpg",640,377,false],"web-stories-publisher-logo":["https:\/\/experienciadevida.com.ar\/portalurbano\/wp-content\/uploads\/2022\/06\/Sociales-participo-del.jpg",96,56,false],"web-stories-thumbnail":["https:\/\/experienciadevida.com.ar\/portalurbano\/wp-content\/uploads\/2022\/06\/Sociales-participo-del.jpg",150,88,false]},"author_info":{"display_name":"admpu17wp","author_link":"https:\/\/experienciadevida.com.ar\/portalurbano\/author\/admpu17wp\/"},"category_info":"<a href=\"https:\/\/experienciadevida.com.ar\/portalurbano\/category\/ciudad\/\" rel=\"category tag\">Ciudad<\/a>","tag_info":"Ciudad","comment_count":"0","amp_enabled":true,"_links":{"self":[{"href":"https:\/\/experienciadevida.com.ar\/portalurbano\/wp-json\/wp\/v2\/posts\/168922"}],"collection":[{"href":"https:\/\/experienciadevida.com.ar\/portalurbano\/wp-json\/wp\/v2\/posts"}],"about":[{"href":"https:\/\/experienciadevida.com.ar\/portalurbano\/wp-json\/wp\/v2\/types\/post"}],"author":[{"embeddable":true,"href":"https:\/\/experienciadevida.com.ar\/portalurbano\/wp-json\/wp\/v2\/users\/1"}],"replies":[{"embeddable":true,"href":"https:\/\/experienciadevida.com.ar\/portalurbano\/wp-json\/wp\/v2\/comments?post=168922"}],"version-history":[{"count":2,"href":"https:\/\/experienciadevida.com.ar\/portalurbano\/wp-json\/wp\/v2\/posts\/168922\/revisions"}],"predecessor-version":[{"id":168925,"href":"https:\/\/experienciadevida.com.ar\/portalurbano\/wp-json\/wp\/v2\/posts\/168922\/revisions\/168925"}],"wp:featuredmedia":[{"embeddable":true,"href":"https:\/\/experienciadevida.com.ar\/portalurbano\/wp-json\/wp\/v2\/media\/168923"}],"wp:attachment":[{"href":"https:\/\/experienciadevida.com.ar\/portalurbano\/wp-json\/wp\/v2\/media?parent=168922"}],"wp:term":[{"taxonomy":"category","embeddable":true,"href":"https:\/\/experienciadevida.com.ar\/portalurbano\/wp-json\/wp\/v2\/categories?post=168922"},{"taxonomy":"post_tag","embeddable":true,"href":"https:\/\/experienciadevida.com.ar\/portalurbano\/wp-json\/wp\/v2\/tags?post=168922"}],"curies":[{"name":"wp","href":"https:\/\/api.w.org\/{rel}","templated":true}]}}