{"id":168918,"date":"2022-06-03T20:23:47","date_gmt":"2022-06-03T23:23:47","guid":{"rendered":"https:\/\/experienciadevida.com.ar\/portalurbano\/?p=168918"},"modified":"2022-06-03T20:28:32","modified_gmt":"2022-06-03T23:28:32","slug":"somos-lucha-el-municipio-lanza-un-nuevo-spot-sobre-violencia-de-genero","status":"publish","type":"post","link":"https:\/\/experienciadevida.com.ar\/portalurbano\/somos-lucha-el-municipio-lanza-un-nuevo-spot-sobre-violencia-de-genero\/","title":{"rendered":"\u201cSomos Lucha\u201d: el Municipio lanza un nuevo spot sobre violencia de g\u00e9nero"},"content":{"rendered":"<p>\u201cSomos Lucha\u201d: el Municipio lanza un nuevo spot sobre violencia de g\u00e9nero, con motivo de conmemorarse un nuevo aniversario del movimiento Ni Una Menos en nuestro pa\u00eds, que se recuerda cada 3 de junio, el <a href=\"https:\/\/www.facebook.com\/municipiodeolavarria\">Municipio<\/a> de Olavarr\u00eda, a trav\u00e9s de la Direcci\u00f3n de Pol\u00edticas de G\u00e9nero, lanz\u00f3 un nuevo spot audiovisual para concientizar sobre la importancia de la fecha e invitar a la reflexi\u00f3n sobre la problem\u00e1tica de las violencias de g\u00e9nero que nos atraviesa como sociedad.<\/p>\n<p>La pieza aborda la cruda realidad de los femicidios, y subraya la importancia que ha tenido el movimiento Ni Una Menos en la organizaci\u00f3n colectiva, la manifestaci\u00f3n ciudadana y la lucha militante por los derechos de las mujeres y disidencias, bajo lema \u201cSomos Lucha\u201d.<\/p>\n<p>Est\u00e1 disponible en el canal de Youtube oficial del Municipio.<\/p>\n<p>La propuesta fue desarrollada conjuntamente por el \u00e1rea de comunicaci\u00f3n de la Subsecretar\u00eda de Derechos, Igualdad y Oportunidades, en articulaci\u00f3n con la Direcci\u00f3n de Dise\u00f1o e Imagen Institucional del Municipio, y se trat\u00f3 de reflejar la perspectiva feminista y militante de la nueva gesti\u00f3n de Pol\u00edticas de G\u00e9nero, con un claro mensaje de cercan\u00eda y sororidad hacia las mujeres y disidencias. Adem\u00e1s, se aprovecha la pieza audiovisual para difundir los recursos de abordaje para quienes est\u00e1n atravesando situaciones de violencias por motivos de g\u00e9nero.<\/p>\n<p>La directora de Pol\u00edticas de G\u00e9nero Florencia Caro realiz\u00f3 un balance sobre lo que significa esta fecha, y la importancia de visibilizar la lucha colectiva del movimiento Ni Una Menos en este momento hist\u00f3rico. \u201cEl objetivo es poner en valor las luchas de las mujeres que nos antecedieron. A partir de 2015, las mujeres y disidencias de nuestro pa\u00eds generamos un quiebre social y una concientizaci\u00f3n en todos los espacios sobre nuestra desigualdad estructural y las violencias a las que somos sometidas\u201d, se\u00f1al\u00f3.<\/p>\n<p>Adem\u00e1s, subray\u00f3 la importancia de llevar adelante acciones desde el Estado para reconocer y legitimar al movimiento y sus conquistas en materia de derechos. \u201cEl Estado debe poner en valor la potencia de los feminismos que multiplicaron sus organizaciones en todos los espacios pol\u00edticos, partidarios y no partidarios, que crearon nuevas herramientas para acompa\u00f1ar a las personas en situaci\u00f3n de violencia, y para transformar sus realidades. La Direcci\u00f3n de Pol\u00edticas de G\u00e9nero tiene una perspectiva feminista, y es con esta visi\u00f3n que redoblamos el compromiso para fortalecer y generar nuevas pol\u00edticas p\u00fablicas que persiguen la equidad de g\u00e9nero\u201d, concluy\u00f3.<\/p>\n<p>&nbsp;<\/p>\n<p>(Foto Ilustrativa)<\/p>\n","protected":false},"excerpt":{"rendered":"<p>\u201cSomos Lucha\u201d: el Municipio lanza un nuevo spot sobre violencia de g\u00e9nero, con motivo de&#8230;<\/p>\n","protected":false},"author":1,"featured_media":168919,"comment_status":"closed","ping_status":"closed","sticky":false,"template":"","format":"standard","meta":{"content-type":""},"categories":[27,64],"tags":[],"nelio_content":{"isAutoShareEnabled":false,"autoShareEndMode":"default","automationSources":{"useContentSentences":true,"useSocialTemplates":true,"useCustomSentences":false,"customSentences":[]},"followers":[1],"suggestedReferences":[],"includedReferences":[],"efiUrl":"","efiAlt":"","highlights":[]},"yoast_head":"<!-- This site is optimized with the Yoast SEO plugin v20.7 - https:\/\/yoast.com\/wordpress\/plugins\/seo\/ -->\n<title>&quot;Somos lucha&quot;: el Municipio lanza un nuevo spot sobre violencia de g\u00e9nero<\/title>\n<meta name=\"description\" content=\"\u201cSomos Lucha\u201d: el Municipio lanza un nuevo spot sobre violencia de g\u00e9nero, con motivo de conmemorarse un nuevo aniversario de ni una menos\" \/>\n<meta name=\"robots\" content=\"index, follow, max-snippet:-1, max-image-preview:large, max-video-preview:-1\" \/>\n<link rel=\"canonical\" href=\"https:\/\/experienciadevida.com.ar\/portalurbano\/somos-lucha-el-municipio-lanza-un-nuevo-spot-sobre-violencia-de-genero\/\" \/>\n<meta property=\"og:locale\" content=\"es_ES\" \/>\n<meta property=\"og:type\" content=\"article\" \/>\n<meta property=\"og:title\" content=\"&quot;Somos lucha&quot;: el Municipio lanza un nuevo spot sobre violencia de g\u00e9nero\" \/>\n<meta property=\"og:description\" content=\"\u201cSomos Lucha\u201d: el Municipio lanza un nuevo spot sobre violencia de g\u00e9nero, con motivo de conmemorarse un nuevo aniversario de ni una menos\" \/>\n<meta property=\"og:url\" content=\"https:\/\/experienciadevida.com.ar\/portalurbano\/somos-lucha-el-municipio-lanza-un-nuevo-spot-sobre-violencia-de-genero\/\" \/>\n<meta property=\"article:publisher\" content=\"https:\/\/www.facebook.com\/Portal-Urbano-171542830093757\/\" \/>\n<meta property=\"article:published_time\" content=\"2022-06-03T23:23:47+00:00\" \/>\n<meta property=\"article:modified_time\" content=\"2022-06-03T23:28:32+00:00\" \/>\n<meta property=\"og:image\" content=\"https:\/\/experienciadevida.com.ar\/portalurbano\/wp-content\/uploads\/2022\/06\/Somos-lucha.jpeg\" \/>\n\t<meta property=\"og:image:width\" content=\"1024\" \/>\n\t<meta property=\"og:image:height\" content=\"683\" \/>\n\t<meta property=\"og:image:type\" content=\"image\/jpeg\" \/>\n<meta name=\"author\" content=\"admpu17wp\" \/>\n<meta name=\"twitter:card\" content=\"summary_large_image\" \/>\n<meta name=\"twitter:creator\" content=\"@portalurbanook\" \/>\n<meta name=\"twitter:site\" content=\"@portalurbanook\" \/>\n<meta name=\"twitter:label1\" content=\"Escrito por\" \/>\n\t<meta name=\"twitter:data1\" content=\"admpu17wp\" \/>\n\t<meta name=\"twitter:label2\" content=\"Tiempo de lectura\" \/>\n\t<meta name=\"twitter:data2\" content=\"2 minutos\" \/>\n<script type=\"application\/ld+json\" class=\"yoast-schema-graph\">{\"@context\":\"https:\/\/schema.org\",\"@graph\":[{\"@type\":\"Article\",\"@id\":\"https:\/\/experienciadevida.com.ar\/portalurbano\/somos-lucha-el-municipio-lanza-un-nuevo-spot-sobre-violencia-de-genero\/#article\",\"isPartOf\":{\"@id\":\"https:\/\/experienciadevida.com.ar\/portalurbano\/somos-lucha-el-municipio-lanza-un-nuevo-spot-sobre-violencia-de-genero\/\"},\"author\":{\"name\":\"admpu17wp\",\"@id\":\"https:\/\/experienciadevida.com.ar\/portalurbano\/#\/schema\/person\/02dd326b1c4b056e9cc972486934a3a7\"},\"headline\":\"\u201cSomos Lucha\u201d: el Municipio lanza un nuevo spot sobre violencia de g\u00e9nero\",\"datePublished\":\"2022-06-03T23:23:47+00:00\",\"dateModified\":\"2022-06-03T23:28:32+00:00\",\"mainEntityOfPage\":{\"@id\":\"https:\/\/experienciadevida.com.ar\/portalurbano\/somos-lucha-el-municipio-lanza-un-nuevo-spot-sobre-violencia-de-genero\/\"},\"wordCount\":453,\"publisher\":{\"@id\":\"https:\/\/experienciadevida.com.ar\/portalurbano\/#organization\"},\"articleSection\":[\"Ciudad\",\"Destacadas 2\"],\"inLanguage\":\"es\"},{\"@type\":\"WebPage\",\"@id\":\"https:\/\/experienciadevida.com.ar\/portalurbano\/somos-lucha-el-municipio-lanza-un-nuevo-spot-sobre-violencia-de-genero\/\",\"url\":\"https:\/\/experienciadevida.com.ar\/portalurbano\/somos-lucha-el-municipio-lanza-un-nuevo-spot-sobre-violencia-de-genero\/\",\"name\":\"\\\"Somos lucha\\\": el Municipio lanza un nuevo spot sobre violencia de g\u00e9nero\",\"isPartOf\":{\"@id\":\"https:\/\/experienciadevida.com.ar\/portalurbano\/#website\"},\"datePublished\":\"2022-06-03T23:23:47+00:00\",\"dateModified\":\"2022-06-03T23:28:32+00:00\",\"description\":\"\u201cSomos Lucha\u201d: el Municipio lanza un nuevo spot sobre violencia de g\u00e9nero, con motivo de conmemorarse un nuevo aniversario de ni una menos\",\"breadcrumb\":{\"@id\":\"https:\/\/experienciadevida.com.ar\/portalurbano\/somos-lucha-el-municipio-lanza-un-nuevo-spot-sobre-violencia-de-genero\/#breadcrumb\"},\"inLanguage\":\"es\",\"potentialAction\":[{\"@type\":\"ReadAction\",\"target\":[\"https:\/\/experienciadevida.com.ar\/portalurbano\/somos-lucha-el-municipio-lanza-un-nuevo-spot-sobre-violencia-de-genero\/\"]}]},{\"@type\":\"BreadcrumbList\",\"@id\":\"https:\/\/experienciadevida.com.ar\/portalurbano\/somos-lucha-el-municipio-lanza-un-nuevo-spot-sobre-violencia-de-genero\/#breadcrumb\",\"itemListElement\":[{\"@type\":\"ListItem\",\"position\":1,\"name\":\"Portada\",\"item\":\"https:\/\/experienciadevida.com.ar\/portalurbano\/\"},{\"@type\":\"ListItem\",\"position\":2,\"name\":\"\u201cSomos Lucha\u201d: el Municipio lanza un nuevo spot sobre violencia de g\u00e9nero\"}]},{\"@type\":\"WebSite\",\"@id\":\"https:\/\/experienciadevida.com.ar\/portalurbano\/#website\",\"url\":\"https:\/\/experienciadevida.com.ar\/portalurbano\/\",\"name\":\"\",\"description\":\"\",\"publisher\":{\"@id\":\"https:\/\/experienciadevida.com.ar\/portalurbano\/#organization\"},\"potentialAction\":[{\"@type\":\"SearchAction\",\"target\":{\"@type\":\"EntryPoint\",\"urlTemplate\":\"https:\/\/experienciadevida.com.ar\/portalurbano\/?s={search_term_string}\"},\"query-input\":\"required name=search_term_string\"}],\"inLanguage\":\"es\"},{\"@type\":\"Organization\",\"@id\":\"https:\/\/experienciadevida.com.ar\/portalurbano\/#organization\",\"name\":\"Portal Urbano\",\"url\":\"https:\/\/experienciadevida.com.ar\/portalurbano\/\",\"logo\":{\"@type\":\"ImageObject\",\"inLanguage\":\"es\",\"@id\":\"https:\/\/experienciadevida.com.ar\/portalurbano\/#\/schema\/logo\/image\/\",\"url\":\"https:\/\/experienciadevida.com.ar\/portalurbano\/wp-content\/uploads\/2019\/09\/Logo-Original.png\",\"contentUrl\":\"https:\/\/experienciadevida.com.ar\/portalurbano\/wp-content\/uploads\/2019\/09\/Logo-Original.png\",\"width\":2236,\"height\":1216,\"caption\":\"Portal Urbano\"},\"image\":{\"@id\":\"https:\/\/experienciadevida.com.ar\/portalurbano\/#\/schema\/logo\/image\/\"},\"sameAs\":[\"https:\/\/www.facebook.com\/Portal-Urbano-171542830093757\/\",\"https:\/\/twitter.com\/portalurbanook\",\"https:\/\/www.instagram.com\/_portalurbano\/\",\"https:\/\/www.youtube.com\/channel\/UCXhagIfszH8KxFiOok79zbA?view_as=subscriber\"]},{\"@type\":\"Person\",\"@id\":\"https:\/\/experienciadevida.com.ar\/portalurbano\/#\/schema\/person\/02dd326b1c4b056e9cc972486934a3a7\",\"name\":\"admpu17wp\",\"image\":{\"@type\":\"ImageObject\",\"inLanguage\":\"es\",\"@id\":\"https:\/\/experienciadevida.com.ar\/portalurbano\/#\/schema\/person\/image\/\",\"url\":\"https:\/\/secure.gravatar.com\/avatar\/830d4c57adaae6630765e449a6908047?s=96&d=mm&r=g\",\"contentUrl\":\"https:\/\/secure.gravatar.com\/avatar\/830d4c57adaae6630765e449a6908047?s=96&d=mm&r=g\",\"caption\":\"admpu17wp\"}}]}<\/script>\n<!-- \/ Yoast SEO plugin. -->","yoast_head_json":{"title":"\"Somos lucha\": el Municipio lanza un nuevo spot sobre violencia de g\u00e9nero","description":"\u201cSomos Lucha\u201d: el Municipio lanza un nuevo spot sobre violencia de g\u00e9nero, con motivo de conmemorarse un nuevo aniversario de ni una menos","robots":{"index":"index","follow":"follow","max-snippet":"max-snippet:-1","max-image-preview":"max-image-preview:large","max-video-preview":"max-video-preview:-1"},"canonical":"https:\/\/experienciadevida.com.ar\/portalurbano\/somos-lucha-el-municipio-lanza-un-nuevo-spot-sobre-violencia-de-genero\/","og_locale":"es_ES","og_type":"article","og_title":"\"Somos lucha\": el Municipio lanza un nuevo spot sobre violencia de g\u00e9nero","og_description":"\u201cSomos Lucha\u201d: el Municipio lanza un nuevo spot sobre violencia de g\u00e9nero, con motivo de conmemorarse un nuevo aniversario de ni una menos","og_url":"https:\/\/experienciadevida.com.ar\/portalurbano\/somos-lucha-el-municipio-lanza-un-nuevo-spot-sobre-violencia-de-genero\/","article_publisher":"https:\/\/www.facebook.com\/Portal-Urbano-171542830093757\/","article_published_time":"2022-06-03T23:23:47+00:00","article_modified_time":"2022-06-03T23:28:32+00:00","og_image":[{"width":1024,"height":683,"url":"https:\/\/experienciadevida.com.ar\/portalurbano\/wp-content\/uploads\/2022\/06\/Somos-lucha.jpeg","type":"image\/jpeg"}],"author":"admpu17wp","twitter_card":"summary_large_image","twitter_creator":"@portalurbanook","twitter_site":"@portalurbanook","twitter_misc":{"Escrito por":"admpu17wp","Tiempo de lectura":"2 minutos"},"schema":{"@context":"https:\/\/schema.org","@graph":[{"@type":"Article","@id":"https:\/\/experienciadevida.com.ar\/portalurbano\/somos-lucha-el-municipio-lanza-un-nuevo-spot-sobre-violencia-de-genero\/#article","isPartOf":{"@id":"https:\/\/experienciadevida.com.ar\/portalurbano\/somos-lucha-el-municipio-lanza-un-nuevo-spot-sobre-violencia-de-genero\/"},"author":{"name":"admpu17wp","@id":"https:\/\/experienciadevida.com.ar\/portalurbano\/#\/schema\/person\/02dd326b1c4b056e9cc972486934a3a7"},"headline":"\u201cSomos Lucha\u201d: el Municipio lanza un nuevo spot sobre violencia de g\u00e9nero","datePublished":"2022-06-03T23:23:47+00:00","dateModified":"2022-06-03T23:28:32+00:00","mainEntityOfPage":{"@id":"https:\/\/experienciadevida.com.ar\/portalurbano\/somos-lucha-el-municipio-lanza-un-nuevo-spot-sobre-violencia-de-genero\/"},"wordCount":453,"publisher":{"@id":"https:\/\/experienciadevida.com.ar\/portalurbano\/#organization"},"articleSection":["Ciudad","Destacadas 2"],"inLanguage":"es"},{"@type":"WebPage","@id":"https:\/\/experienciadevida.com.ar\/portalurbano\/somos-lucha-el-municipio-lanza-un-nuevo-spot-sobre-violencia-de-genero\/","url":"https:\/\/experienciadevida.com.ar\/portalurbano\/somos-lucha-el-municipio-lanza-un-nuevo-spot-sobre-violencia-de-genero\/","name":"\"Somos lucha\": el Municipio lanza un nuevo spot sobre violencia de g\u00e9nero","isPartOf":{"@id":"https:\/\/experienciadevida.com.ar\/portalurbano\/#website"},"datePublished":"2022-06-03T23:23:47+00:00","dateModified":"2022-06-03T23:28:32+00:00","description":"\u201cSomos Lucha\u201d: el Municipio lanza un nuevo spot sobre violencia de g\u00e9nero, con motivo de conmemorarse un nuevo aniversario de ni una menos","breadcrumb":{"@id":"https:\/\/experienciadevida.com.ar\/portalurbano\/somos-lucha-el-municipio-lanza-un-nuevo-spot-sobre-violencia-de-genero\/#breadcrumb"},"inLanguage":"es","potentialAction":[{"@type":"ReadAction","target":["https:\/\/experienciadevida.com.ar\/portalurbano\/somos-lucha-el-municipio-lanza-un-nuevo-spot-sobre-violencia-de-genero\/"]}]},{"@type":"BreadcrumbList","@id":"https:\/\/experienciadevida.com.ar\/portalurbano\/somos-lucha-el-municipio-lanza-un-nuevo-spot-sobre-violencia-de-genero\/#breadcrumb","itemListElement":[{"@type":"ListItem","position":1,"name":"Portada","item":"https:\/\/experienciadevida.com.ar\/portalurbano\/"},{"@type":"ListItem","position":2,"name":"\u201cSomos Lucha\u201d: el Municipio lanza un nuevo spot sobre violencia de g\u00e9nero"}]},{"@type":"WebSite","@id":"https:\/\/experienciadevida.com.ar\/portalurbano\/#website","url":"https:\/\/experienciadevida.com.ar\/portalurbano\/","name":"","description":"","publisher":{"@id":"https:\/\/experienciadevida.com.ar\/portalurbano\/#organization"},"potentialAction":[{"@type":"SearchAction","target":{"@type":"EntryPoint","urlTemplate":"https:\/\/experienciadevida.com.ar\/portalurbano\/?s={search_term_string}"},"query-input":"required name=search_term_string"}],"inLanguage":"es"},{"@type":"Organization","@id":"https:\/\/experienciadevida.com.ar\/portalurbano\/#organization","name":"Portal Urbano","url":"https:\/\/experienciadevida.com.ar\/portalurbano\/","logo":{"@type":"ImageObject","inLanguage":"es","@id":"https:\/\/experienciadevida.com.ar\/portalurbano\/#\/schema\/logo\/image\/","url":"https:\/\/experienciadevida.com.ar\/portalurbano\/wp-content\/uploads\/2019\/09\/Logo-Original.png","contentUrl":"https:\/\/experienciadevida.com.ar\/portalurbano\/wp-content\/uploads\/2019\/09\/Logo-Original.png","width":2236,"height":1216,"caption":"Portal Urbano"},"image":{"@id":"https:\/\/experienciadevida.com.ar\/portalurbano\/#\/schema\/logo\/image\/"},"sameAs":["https:\/\/www.facebook.com\/Portal-Urbano-171542830093757\/","https:\/\/twitter.com\/portalurbanook","https:\/\/www.instagram.com\/_portalurbano\/","https:\/\/www.youtube.com\/channel\/UCXhagIfszH8KxFiOok79zbA?view_as=subscriber"]},{"@type":"Person","@id":"https:\/\/experienciadevida.com.ar\/portalurbano\/#\/schema\/person\/02dd326b1c4b056e9cc972486934a3a7","name":"admpu17wp","image":{"@type":"ImageObject","inLanguage":"es","@id":"https:\/\/experienciadevida.com.ar\/portalurbano\/#\/schema\/person\/image\/","url":"https:\/\/secure.gravatar.com\/avatar\/830d4c57adaae6630765e449a6908047?s=96&d=mm&r=g","contentUrl":"https:\/\/secure.gravatar.com\/avatar\/830d4c57adaae6630765e449a6908047?s=96&d=mm&r=g","caption":"admpu17wp"}}]}},"featured_image_urls":{"full":["https:\/\/experienciadevida.com.ar\/portalurbano\/wp-content\/uploads\/2022\/06\/Somos-lucha.jpeg",1024,683,false],"thumbnail":["https:\/\/experienciadevida.com.ar\/portalurbano\/wp-content\/uploads\/2022\/06\/Somos-lucha-150x150.jpeg",150,150,true],"medium":["https:\/\/experienciadevida.com.ar\/portalurbano\/wp-content\/uploads\/2022\/06\/Somos-lucha-300x200.jpeg",300,200,true],"medium_large":["https:\/\/experienciadevida.com.ar\/portalurbano\/wp-content\/uploads\/2022\/06\/Somos-lucha-768x512.jpeg",640,427,true],"large":["https:\/\/experienciadevida.com.ar\/portalurbano\/wp-content\/uploads\/2022\/06\/Somos-lucha.jpeg",640,427,false],"ug_big":["https:\/\/experienciadevida.com.ar\/portalurbano\/wp-content\/uploads\/2022\/06\/Somos-lucha-768x512.jpeg",768,512,true],"1536x1536":["https:\/\/experienciadevida.com.ar\/portalurbano\/wp-content\/uploads\/2022\/06\/Somos-lucha.jpeg",1024,683,false],"2048x2048":["https:\/\/experienciadevida.com.ar\/portalurbano\/wp-content\/uploads\/2022\/06\/Somos-lucha.jpeg",1024,683,false],"newsever-slider-full":["https:\/\/experienciadevida.com.ar\/portalurbano\/wp-content\/uploads\/2022\/06\/Somos-lucha.jpeg",1024,683,false],"newsever-featured":["https:\/\/experienciadevida.com.ar\/portalurbano\/wp-content\/uploads\/2022\/06\/Somos-lucha.jpeg",1024,683,false],"newsever-medium":["https:\/\/experienciadevida.com.ar\/portalurbano\/wp-content\/uploads\/2022\/06\/Somos-lucha.jpeg",712,475,false],"web-stories-poster-portrait":["https:\/\/experienciadevida.com.ar\/portalurbano\/wp-content\/uploads\/2022\/06\/Somos-lucha.jpeg",640,427,false],"web-stories-publisher-logo":["https:\/\/experienciadevida.com.ar\/portalurbano\/wp-content\/uploads\/2022\/06\/Somos-lucha.jpeg",96,64,false],"web-stories-thumbnail":["https:\/\/experienciadevida.com.ar\/portalurbano\/wp-content\/uploads\/2022\/06\/Somos-lucha.jpeg",150,100,false]},"author_info":{"display_name":"admpu17wp","author_link":"https:\/\/experienciadevida.com.ar\/portalurbano\/author\/admpu17wp\/"},"category_info":"<a href=\"https:\/\/experienciadevida.com.ar\/portalurbano\/category\/ciudad\/\" rel=\"category tag\">Ciudad<\/a> <a href=\"https:\/\/experienciadevida.com.ar\/portalurbano\/category\/destacadas-2\/\" rel=\"category tag\">Destacadas 2<\/a>","tag_info":"Destacadas 2","comment_count":"0","amp_enabled":true,"_links":{"self":[{"href":"https:\/\/experienciadevida.com.ar\/portalurbano\/wp-json\/wp\/v2\/posts\/168918"}],"collection":[{"href":"https:\/\/experienciadevida.com.ar\/portalurbano\/wp-json\/wp\/v2\/posts"}],"about":[{"href":"https:\/\/experienciadevida.com.ar\/portalurbano\/wp-json\/wp\/v2\/types\/post"}],"author":[{"embeddable":true,"href":"https:\/\/experienciadevida.com.ar\/portalurbano\/wp-json\/wp\/v2\/users\/1"}],"replies":[{"embeddable":true,"href":"https:\/\/experienciadevida.com.ar\/portalurbano\/wp-json\/wp\/v2\/comments?post=168918"}],"version-history":[{"count":2,"href":"https:\/\/experienciadevida.com.ar\/portalurbano\/wp-json\/wp\/v2\/posts\/168918\/revisions"}],"predecessor-version":[{"id":168921,"href":"https:\/\/experienciadevida.com.ar\/portalurbano\/wp-json\/wp\/v2\/posts\/168918\/revisions\/168921"}],"wp:featuredmedia":[{"embeddable":true,"href":"https:\/\/experienciadevida.com.ar\/portalurbano\/wp-json\/wp\/v2\/media\/168919"}],"wp:attachment":[{"href":"https:\/\/experienciadevida.com.ar\/portalurbano\/wp-json\/wp\/v2\/media?parent=168918"}],"wp:term":[{"taxonomy":"category","embeddable":true,"href":"https:\/\/experienciadevida.com.ar\/portalurbano\/wp-json\/wp\/v2\/categories?post=168918"},{"taxonomy":"post_tag","embeddable":true,"href":"https:\/\/experienciadevida.com.ar\/portalurbano\/wp-json\/wp\/v2\/tags?post=168918"}],"curies":[{"name":"wp","href":"https:\/\/api.w.org\/{rel}","templated":true}]}}