{"id":168904,"date":"2022-06-03T20:02:02","date_gmt":"2022-06-03T23:02:02","guid":{"rendered":"https:\/\/experienciadevida.com.ar\/portalurbano\/?p=168904"},"modified":"2022-06-03T20:06:51","modified_gmt":"2022-06-03T23:06:51","slug":"con-el-grito-de-ni-una-menos-se-realizo-la-marcha-en-nuestra-ciudad","status":"publish","type":"post","link":"https:\/\/experienciadevida.com.ar\/portalurbano\/con-el-grito-de-ni-una-menos-se-realizo-la-marcha-en-nuestra-ciudad\/","title":{"rendered":"Con el grito de ni una menos se realiz\u00f3 la marcha en nuestra ciudad"},"content":{"rendered":"<p>Con el grito de ni una menos se realiz\u00f3 la marcha en nuestra ciudad, la misma se convoc\u00f3 a las 17hs en el Paseo Jes\u00fas Mend\u00eda, con buena participaci\u00f3n marcharon por las calles de la ciudad y nombraron a 27 personas asesinadas en contexto de violencia en los \u00faltimos 22 a\u00f1os en nuestra ciudad.<\/p>\n<p><a href=\"https:\/\/experienciadevida.com.ar\/portalurbano\/con-el-grito-de-ni-una-menos-se-realizo-la-marcha-en-nuestra-ciudad\/con-el\/\" rel=\"attachment wp-att-168908\"><img decoding=\"async\" class=\"alignnone size-large wp-image-168908\" src=\"https:\/\/experienciadevida.com.ar\/portalurbano\/wp-content\/uploads\/2022\/06\/Con-el-1024x768.jpg\" alt=\"Con el \" width=\"900\" height=\"675\" srcset=\"https:\/\/experienciadevida.com.ar\/portalurbano\/wp-content\/uploads\/2022\/06\/Con-el-1024x768.jpg 1024w, https:\/\/experienciadevida.com.ar\/portalurbano\/wp-content\/uploads\/2022\/06\/Con-el-300x225.jpg 300w, https:\/\/experienciadevida.com.ar\/portalurbano\/wp-content\/uploads\/2022\/06\/Con-el-768x576.jpg 768w, https:\/\/experienciadevida.com.ar\/portalurbano\/wp-content\/uploads\/2022\/06\/Con-el-1536x1152.jpg 1536w, https:\/\/experienciadevida.com.ar\/portalurbano\/wp-content\/uploads\/2022\/06\/Con-el.jpg 1600w\" sizes=\"(max-width: 900px) 100vw, 900px\" \/><\/a><\/p>\n<p>Los datos fueron expuestos por la Asamblea Feminista y\u00a0 Disidente de nuestra ciudad, junto al listado de los nombres de las v\u00edctimas mientras marchaban por las calles desde el Paseo Jes\u00fas Mend\u00eda y la comisar\u00eda de la mujer.<\/p>\n<p><strong>El comunicado:<\/strong><\/p>\n<p>&#8220;Hoy, las mujeres y disidencias del centro bonaerense, integrantes de diferentes sectores de participaci\u00f3n pol\u00edtica y de pertenencias partidarias, expresamos p\u00fablicamente nuestro repudio al veredicto que absolvi\u00f3 el 26 de mayo de 2022 a Kessler, en la causa por el asesinato de Mar\u00eda Luj\u00e1n Riva de Neira en 2018. Un veredicto de estas caracter\u00edsticas nos arroja en la cara la desidia que el sistema judicial aplica sobre nuestros cuerpos y nuestras vidas, enmarcados en una sociedad en la que hist\u00f3ricamente hemos sido materia descartable&#8221;.<\/p>\n<p>A su vez &#8220;la causa nunca incorpor\u00f3 el agravante por mediar violencia\u00a0 de g\u00e9nero. En este sentido, sostenemos la necesidad de transversalizar la perspectiva de g\u00e9nero en el poder judicial. Asimismo, queremos destacar la importancia de investigar las muertes violentas de mujeres y personas del colectivo de las disidencias, desde el inicio del proceso, como presunci\u00f3n de femicidio. Un fallo absolutorio en un caso de femicidio, toda vez que exista una causa dotada de pruebas suficientes, nos exige revisar los procedimientos llevados adelante en la modalidad de juicios por jurados para delitos contenidos por motivos de g\u00e9nero. Y tambi\u00e9n, las responsabilidades que recaen, en estos casos, sobre las instituciones del poder judicial&#8221;.<\/p>\n<p>&#8220;Es importante aclarar que el juicio por jurados conformado por 12 ciudadanos y ciudadanas- no permite la revisi\u00f3n de la sentencia en una segunda instancia cuando las personas enjuiciadas son declaradas &#8220;no culpables&#8221; como en este caso. No hay justicia para Mar\u00eda Luj\u00e1n ni posible reparaci\u00f3n para su familia. Sostenemos que el sistema judicial, m\u00e1s all\u00e1 de dar cumplimiento a lo previsto por la ley 14543 y modificatorias, deber\u00eda acompa\u00f1ar con formaci\u00f3n y sensibilizaci\u00f3n en perspectiva del Estado de garantizar la justicia en un marco de derechos humanos&#8221;.<\/p>\n<p>Con el grito de ni una menos se realiz\u00f3 la marcha en nuestra ciudad, &#8220;en una sociedad atravesada por el machismo y la desigualdad estructural en detrimento de las mujeres y las disidencias sexo- gen\u00e9ricas, es imprescindible debatir en torno de los procedimientos judiciales que operan en contra de la consecuci\u00f3n de la justicia. Existen sobradas pruebas de que el denominado &#8220;juicio por jurados&#8221; es un recurso que- aunque leg\u00edtimo- es elegido por la defensa de los acusados y no por las familias de las v\u00edctimas en el contexto de una sociedad que pareciera no estar preparada para juzgar estos casos con perspectiva de g\u00e9nero&#8221;.<\/p>\n<p><a href=\"https:\/\/experienciadevida.com.ar\/portalurbano\/con-el-grito-de-ni-una-menos-se-realizo-la-marcha-en-nuestra-ciudad\/grito\/\" rel=\"attachment wp-att-168909\"><img decoding=\"async\" class=\"alignnone size-large wp-image-168909\" src=\"https:\/\/experienciadevida.com.ar\/portalurbano\/wp-content\/uploads\/2022\/06\/grito-1024x768.jpg\" alt=\"grito \" width=\"900\" height=\"675\" srcset=\"https:\/\/experienciadevida.com.ar\/portalurbano\/wp-content\/uploads\/2022\/06\/grito-1024x768.jpg 1024w, https:\/\/experienciadevida.com.ar\/portalurbano\/wp-content\/uploads\/2022\/06\/grito-300x225.jpg 300w, https:\/\/experienciadevida.com.ar\/portalurbano\/wp-content\/uploads\/2022\/06\/grito-768x576.jpg 768w, https:\/\/experienciadevida.com.ar\/portalurbano\/wp-content\/uploads\/2022\/06\/grito-1536x1152.jpg 1536w, https:\/\/experienciadevida.com.ar\/portalurbano\/wp-content\/uploads\/2022\/06\/grito.jpg 1600w\" sizes=\"(max-width: 900px) 100vw, 900px\" \/><\/a><\/p>\n<p><a href=\"https:\/\/experienciadevida.com.ar\/portalurbano\/con-el-grito-de-ni-una-menos-se-realizo-la-marcha-en-nuestra-ciudad\/de-ni\/\" rel=\"attachment wp-att-168910\"><img decoding=\"async\" class=\"alignnone size-large wp-image-168910\" src=\"https:\/\/experienciadevida.com.ar\/portalurbano\/wp-content\/uploads\/2022\/06\/de-ni-1024x768.jpg\" alt=\"de ni \" width=\"900\" height=\"675\" srcset=\"https:\/\/experienciadevida.com.ar\/portalurbano\/wp-content\/uploads\/2022\/06\/de-ni-1024x768.jpg 1024w, https:\/\/experienciadevida.com.ar\/portalurbano\/wp-content\/uploads\/2022\/06\/de-ni-300x225.jpg 300w, https:\/\/experienciadevida.com.ar\/portalurbano\/wp-content\/uploads\/2022\/06\/de-ni-768x576.jpg 768w, https:\/\/experienciadevida.com.ar\/portalurbano\/wp-content\/uploads\/2022\/06\/de-ni-1536x1152.jpg 1536w, https:\/\/experienciadevida.com.ar\/portalurbano\/wp-content\/uploads\/2022\/06\/de-ni.jpg 1600w\" sizes=\"(max-width: 900px) 100vw, 900px\" \/><\/a><\/p>\n<div style=\"width: 640px;\" class=\"wp-video\"><!--[if lt IE 9]><script>document.createElement('video');<\/script><![endif]-->\n<video class=\"wp-video-shortcode\" id=\"video-168904-1\" width=\"640\" height=\"352\" preload=\"metadata\" controls=\"controls\"><source type=\"video\/mp4\" src=\"https:\/\/experienciadevida.com.ar\/portalurbano\/wp-content\/uploads\/2022\/06\/Con-el-grito-de-ni-una-menos.mp4?_=1\" \/><a href=\"https:\/\/experienciadevida.com.ar\/portalurbano\/wp-content\/uploads\/2022\/06\/Con-el-grito-de-ni-una-menos.mp4\">https:\/\/experienciadevida.com.ar\/portalurbano\/wp-content\/uploads\/2022\/06\/Con-el-grito-de-ni-una-menos.mp4<\/a><\/video><\/div>\n","protected":false},"excerpt":{"rendered":"<p>Con el grito de ni una menos se realiz\u00f3 la marcha en nuestra ciudad, la&#8230;<\/p>\n","protected":false},"author":1,"featured_media":168905,"comment_status":"closed","ping_status":"closed","sticky":false,"template":"","format":"standard","meta":{"content-type":""},"categories":[27,51],"tags":[],"nelio_content":{"isAutoShareEnabled":false,"autoShareEndMode":"default","automationSources":{"useContentSentences":true,"useSocialTemplates":true,"useCustomSentences":false,"customSentences":[]},"followers":[1],"suggestedReferences":[],"includedReferences":[],"efiUrl":"","efiAlt":"","highlights":[]},"yoast_head":"<!-- This site is optimized with the Yoast SEO plugin v20.7 - https:\/\/yoast.com\/wordpress\/plugins\/seo\/ -->\n<title>Con el grito de ni una menos se realiz\u00f3 la marcha en nuestra ciudad<\/title>\n<meta name=\"description\" content=\"Con el grito de ni una menos se realiz\u00f3 la marcha en nuestra ciudad, la misma se convoc\u00f3 a las 17hs en el Paseo Jes\u00fas Mend\u00eda,\" \/>\n<meta name=\"robots\" content=\"index, follow, max-snippet:-1, max-image-preview:large, max-video-preview:-1\" \/>\n<link rel=\"canonical\" href=\"https:\/\/experienciadevida.com.ar\/portalurbano\/con-el-grito-de-ni-una-menos-se-realizo-la-marcha-en-nuestra-ciudad\/\" \/>\n<meta property=\"og:locale\" content=\"es_ES\" \/>\n<meta property=\"og:type\" content=\"article\" \/>\n<meta property=\"og:title\" content=\"Con el grito de ni una menos se realiz\u00f3 la marcha en nuestra ciudad\" \/>\n<meta property=\"og:description\" content=\"Con el grito de ni una menos se realiz\u00f3 la marcha en nuestra ciudad, la misma se convoc\u00f3 a las 17hs en el Paseo Jes\u00fas Mend\u00eda,\" \/>\n<meta property=\"og:url\" content=\"https:\/\/experienciadevida.com.ar\/portalurbano\/con-el-grito-de-ni-una-menos-se-realizo-la-marcha-en-nuestra-ciudad\/\" \/>\n<meta property=\"article:publisher\" content=\"https:\/\/www.facebook.com\/Portal-Urbano-171542830093757\/\" \/>\n<meta property=\"article:published_time\" content=\"2022-06-03T23:02:02+00:00\" \/>\n<meta property=\"article:modified_time\" content=\"2022-06-03T23:06:51+00:00\" \/>\n<meta property=\"og:image\" content=\"https:\/\/experienciadevida.com.ar\/portalurbano\/wp-content\/uploads\/2022\/06\/Con-el-grito-de-ni.jpg\" \/>\n\t<meta property=\"og:image:width\" content=\"1600\" \/>\n\t<meta property=\"og:image:height\" content=\"1200\" \/>\n\t<meta property=\"og:image:type\" content=\"image\/jpeg\" \/>\n<meta name=\"author\" content=\"admpu17wp\" \/>\n<meta name=\"twitter:card\" content=\"summary_large_image\" \/>\n<meta name=\"twitter:creator\" content=\"@portalurbanook\" \/>\n<meta name=\"twitter:site\" content=\"@portalurbanook\" \/>\n<meta name=\"twitter:label1\" content=\"Escrito por\" \/>\n\t<meta name=\"twitter:data1\" content=\"admpu17wp\" \/>\n\t<meta name=\"twitter:label2\" content=\"Tiempo de lectura\" \/>\n\t<meta name=\"twitter:data2\" content=\"3 minutos\" \/>\n<script type=\"application\/ld+json\" class=\"yoast-schema-graph\">{\"@context\":\"https:\/\/schema.org\",\"@graph\":[{\"@type\":\"Article\",\"@id\":\"https:\/\/experienciadevida.com.ar\/portalurbano\/con-el-grito-de-ni-una-menos-se-realizo-la-marcha-en-nuestra-ciudad\/#article\",\"isPartOf\":{\"@id\":\"https:\/\/experienciadevida.com.ar\/portalurbano\/con-el-grito-de-ni-una-menos-se-realizo-la-marcha-en-nuestra-ciudad\/\"},\"author\":{\"name\":\"admpu17wp\",\"@id\":\"https:\/\/experienciadevida.com.ar\/portalurbano\/#\/schema\/person\/02dd326b1c4b056e9cc972486934a3a7\"},\"headline\":\"Con el grito de ni una menos se realiz\u00f3 la marcha en nuestra ciudad\",\"datePublished\":\"2022-06-03T23:02:02+00:00\",\"dateModified\":\"2022-06-03T23:06:51+00:00\",\"mainEntityOfPage\":{\"@id\":\"https:\/\/experienciadevida.com.ar\/portalurbano\/con-el-grito-de-ni-una-menos-se-realizo-la-marcha-en-nuestra-ciudad\/\"},\"wordCount\":538,\"publisher\":{\"@id\":\"https:\/\/experienciadevida.com.ar\/portalurbano\/#organization\"},\"articleSection\":[\"Ciudad\",\"Destacadas\"],\"inLanguage\":\"es\"},{\"@type\":\"WebPage\",\"@id\":\"https:\/\/experienciadevida.com.ar\/portalurbano\/con-el-grito-de-ni-una-menos-se-realizo-la-marcha-en-nuestra-ciudad\/\",\"url\":\"https:\/\/experienciadevida.com.ar\/portalurbano\/con-el-grito-de-ni-una-menos-se-realizo-la-marcha-en-nuestra-ciudad\/\",\"name\":\"Con el grito de ni una menos se realiz\u00f3 la marcha en nuestra ciudad\",\"isPartOf\":{\"@id\":\"https:\/\/experienciadevida.com.ar\/portalurbano\/#website\"},\"datePublished\":\"2022-06-03T23:02:02+00:00\",\"dateModified\":\"2022-06-03T23:06:51+00:00\",\"description\":\"Con el grito de ni una menos se realiz\u00f3 la marcha en nuestra ciudad, la misma se convoc\u00f3 a las 17hs en el Paseo Jes\u00fas Mend\u00eda,\",\"breadcrumb\":{\"@id\":\"https:\/\/experienciadevida.com.ar\/portalurbano\/con-el-grito-de-ni-una-menos-se-realizo-la-marcha-en-nuestra-ciudad\/#breadcrumb\"},\"inLanguage\":\"es\",\"potentialAction\":[{\"@type\":\"ReadAction\",\"target\":[\"https:\/\/experienciadevida.com.ar\/portalurbano\/con-el-grito-de-ni-una-menos-se-realizo-la-marcha-en-nuestra-ciudad\/\"]}]},{\"@type\":\"BreadcrumbList\",\"@id\":\"https:\/\/experienciadevida.com.ar\/portalurbano\/con-el-grito-de-ni-una-menos-se-realizo-la-marcha-en-nuestra-ciudad\/#breadcrumb\",\"itemListElement\":[{\"@type\":\"ListItem\",\"position\":1,\"name\":\"Portada\",\"item\":\"https:\/\/experienciadevida.com.ar\/portalurbano\/\"},{\"@type\":\"ListItem\",\"position\":2,\"name\":\"Con el grito de ni una menos se realiz\u00f3 la marcha en nuestra ciudad\"}]},{\"@type\":\"WebSite\",\"@id\":\"https:\/\/experienciadevida.com.ar\/portalurbano\/#website\",\"url\":\"https:\/\/experienciadevida.com.ar\/portalurbano\/\",\"name\":\"\",\"description\":\"\",\"publisher\":{\"@id\":\"https:\/\/experienciadevida.com.ar\/portalurbano\/#organization\"},\"potentialAction\":[{\"@type\":\"SearchAction\",\"target\":{\"@type\":\"EntryPoint\",\"urlTemplate\":\"https:\/\/experienciadevida.com.ar\/portalurbano\/?s={search_term_string}\"},\"query-input\":\"required name=search_term_string\"}],\"inLanguage\":\"es\"},{\"@type\":\"Organization\",\"@id\":\"https:\/\/experienciadevida.com.ar\/portalurbano\/#organization\",\"name\":\"Portal Urbano\",\"url\":\"https:\/\/experienciadevida.com.ar\/portalurbano\/\",\"logo\":{\"@type\":\"ImageObject\",\"inLanguage\":\"es\",\"@id\":\"https:\/\/experienciadevida.com.ar\/portalurbano\/#\/schema\/logo\/image\/\",\"url\":\"https:\/\/experienciadevida.com.ar\/portalurbano\/wp-content\/uploads\/2019\/09\/Logo-Original.png\",\"contentUrl\":\"https:\/\/experienciadevida.com.ar\/portalurbano\/wp-content\/uploads\/2019\/09\/Logo-Original.png\",\"width\":2236,\"height\":1216,\"caption\":\"Portal Urbano\"},\"image\":{\"@id\":\"https:\/\/experienciadevida.com.ar\/portalurbano\/#\/schema\/logo\/image\/\"},\"sameAs\":[\"https:\/\/www.facebook.com\/Portal-Urbano-171542830093757\/\",\"https:\/\/twitter.com\/portalurbanook\",\"https:\/\/www.instagram.com\/_portalurbano\/\",\"https:\/\/www.youtube.com\/channel\/UCXhagIfszH8KxFiOok79zbA?view_as=subscriber\"]},{\"@type\":\"Person\",\"@id\":\"https:\/\/experienciadevida.com.ar\/portalurbano\/#\/schema\/person\/02dd326b1c4b056e9cc972486934a3a7\",\"name\":\"admpu17wp\",\"image\":{\"@type\":\"ImageObject\",\"inLanguage\":\"es\",\"@id\":\"https:\/\/experienciadevida.com.ar\/portalurbano\/#\/schema\/person\/image\/\",\"url\":\"https:\/\/secure.gravatar.com\/avatar\/830d4c57adaae6630765e449a6908047?s=96&d=mm&r=g\",\"contentUrl\":\"https:\/\/secure.gravatar.com\/avatar\/830d4c57adaae6630765e449a6908047?s=96&d=mm&r=g\",\"caption\":\"admpu17wp\"}}]}<\/script>\n<!-- \/ Yoast SEO plugin. -->","yoast_head_json":{"title":"Con el grito de ni una menos se realiz\u00f3 la marcha en nuestra ciudad","description":"Con el grito de ni una menos se realiz\u00f3 la marcha en nuestra ciudad, la misma se convoc\u00f3 a las 17hs en el Paseo Jes\u00fas Mend\u00eda,","robots":{"index":"index","follow":"follow","max-snippet":"max-snippet:-1","max-image-preview":"max-image-preview:large","max-video-preview":"max-video-preview:-1"},"canonical":"https:\/\/experienciadevida.com.ar\/portalurbano\/con-el-grito-de-ni-una-menos-se-realizo-la-marcha-en-nuestra-ciudad\/","og_locale":"es_ES","og_type":"article","og_title":"Con el grito de ni una menos se realiz\u00f3 la marcha en nuestra ciudad","og_description":"Con el grito de ni una menos se realiz\u00f3 la marcha en nuestra ciudad, la misma se convoc\u00f3 a las 17hs en el Paseo Jes\u00fas Mend\u00eda,","og_url":"https:\/\/experienciadevida.com.ar\/portalurbano\/con-el-grito-de-ni-una-menos-se-realizo-la-marcha-en-nuestra-ciudad\/","article_publisher":"https:\/\/www.facebook.com\/Portal-Urbano-171542830093757\/","article_published_time":"2022-06-03T23:02:02+00:00","article_modified_time":"2022-06-03T23:06:51+00:00","og_image":[{"width":1600,"height":1200,"url":"https:\/\/experienciadevida.com.ar\/portalurbano\/wp-content\/uploads\/2022\/06\/Con-el-grito-de-ni.jpg","type":"image\/jpeg"}],"author":"admpu17wp","twitter_card":"summary_large_image","twitter_creator":"@portalurbanook","twitter_site":"@portalurbanook","twitter_misc":{"Escrito por":"admpu17wp","Tiempo de lectura":"3 minutos"},"schema":{"@context":"https:\/\/schema.org","@graph":[{"@type":"Article","@id":"https:\/\/experienciadevida.com.ar\/portalurbano\/con-el-grito-de-ni-una-menos-se-realizo-la-marcha-en-nuestra-ciudad\/#article","isPartOf":{"@id":"https:\/\/experienciadevida.com.ar\/portalurbano\/con-el-grito-de-ni-una-menos-se-realizo-la-marcha-en-nuestra-ciudad\/"},"author":{"name":"admpu17wp","@id":"https:\/\/experienciadevida.com.ar\/portalurbano\/#\/schema\/person\/02dd326b1c4b056e9cc972486934a3a7"},"headline":"Con el grito de ni una menos se realiz\u00f3 la marcha en nuestra ciudad","datePublished":"2022-06-03T23:02:02+00:00","dateModified":"2022-06-03T23:06:51+00:00","mainEntityOfPage":{"@id":"https:\/\/experienciadevida.com.ar\/portalurbano\/con-el-grito-de-ni-una-menos-se-realizo-la-marcha-en-nuestra-ciudad\/"},"wordCount":538,"publisher":{"@id":"https:\/\/experienciadevida.com.ar\/portalurbano\/#organization"},"articleSection":["Ciudad","Destacadas"],"inLanguage":"es"},{"@type":"WebPage","@id":"https:\/\/experienciadevida.com.ar\/portalurbano\/con-el-grito-de-ni-una-menos-se-realizo-la-marcha-en-nuestra-ciudad\/","url":"https:\/\/experienciadevida.com.ar\/portalurbano\/con-el-grito-de-ni-una-menos-se-realizo-la-marcha-en-nuestra-ciudad\/","name":"Con el grito de ni una menos se realiz\u00f3 la marcha en nuestra ciudad","isPartOf":{"@id":"https:\/\/experienciadevida.com.ar\/portalurbano\/#website"},"datePublished":"2022-06-03T23:02:02+00:00","dateModified":"2022-06-03T23:06:51+00:00","description":"Con el grito de ni una menos se realiz\u00f3 la marcha en nuestra ciudad, la misma se convoc\u00f3 a las 17hs en el Paseo Jes\u00fas Mend\u00eda,","breadcrumb":{"@id":"https:\/\/experienciadevida.com.ar\/portalurbano\/con-el-grito-de-ni-una-menos-se-realizo-la-marcha-en-nuestra-ciudad\/#breadcrumb"},"inLanguage":"es","potentialAction":[{"@type":"ReadAction","target":["https:\/\/experienciadevida.com.ar\/portalurbano\/con-el-grito-de-ni-una-menos-se-realizo-la-marcha-en-nuestra-ciudad\/"]}]},{"@type":"BreadcrumbList","@id":"https:\/\/experienciadevida.com.ar\/portalurbano\/con-el-grito-de-ni-una-menos-se-realizo-la-marcha-en-nuestra-ciudad\/#breadcrumb","itemListElement":[{"@type":"ListItem","position":1,"name":"Portada","item":"https:\/\/experienciadevida.com.ar\/portalurbano\/"},{"@type":"ListItem","position":2,"name":"Con el grito de ni una menos se realiz\u00f3 la marcha en nuestra ciudad"}]},{"@type":"WebSite","@id":"https:\/\/experienciadevida.com.ar\/portalurbano\/#website","url":"https:\/\/experienciadevida.com.ar\/portalurbano\/","name":"","description":"","publisher":{"@id":"https:\/\/experienciadevida.com.ar\/portalurbano\/#organization"},"potentialAction":[{"@type":"SearchAction","target":{"@type":"EntryPoint","urlTemplate":"https:\/\/experienciadevida.com.ar\/portalurbano\/?s={search_term_string}"},"query-input":"required name=search_term_string"}],"inLanguage":"es"},{"@type":"Organization","@id":"https:\/\/experienciadevida.com.ar\/portalurbano\/#organization","name":"Portal Urbano","url":"https:\/\/experienciadevida.com.ar\/portalurbano\/","logo":{"@type":"ImageObject","inLanguage":"es","@id":"https:\/\/experienciadevida.com.ar\/portalurbano\/#\/schema\/logo\/image\/","url":"https:\/\/experienciadevida.com.ar\/portalurbano\/wp-content\/uploads\/2019\/09\/Logo-Original.png","contentUrl":"https:\/\/experienciadevida.com.ar\/portalurbano\/wp-content\/uploads\/2019\/09\/Logo-Original.png","width":2236,"height":1216,"caption":"Portal Urbano"},"image":{"@id":"https:\/\/experienciadevida.com.ar\/portalurbano\/#\/schema\/logo\/image\/"},"sameAs":["https:\/\/www.facebook.com\/Portal-Urbano-171542830093757\/","https:\/\/twitter.com\/portalurbanook","https:\/\/www.instagram.com\/_portalurbano\/","https:\/\/www.youtube.com\/channel\/UCXhagIfszH8KxFiOok79zbA?view_as=subscriber"]},{"@type":"Person","@id":"https:\/\/experienciadevida.com.ar\/portalurbano\/#\/schema\/person\/02dd326b1c4b056e9cc972486934a3a7","name":"admpu17wp","image":{"@type":"ImageObject","inLanguage":"es","@id":"https:\/\/experienciadevida.com.ar\/portalurbano\/#\/schema\/person\/image\/","url":"https:\/\/secure.gravatar.com\/avatar\/830d4c57adaae6630765e449a6908047?s=96&d=mm&r=g","contentUrl":"https:\/\/secure.gravatar.com\/avatar\/830d4c57adaae6630765e449a6908047?s=96&d=mm&r=g","caption":"admpu17wp"}}]}},"featured_image_urls":{"full":["https:\/\/experienciadevida.com.ar\/portalurbano\/wp-content\/uploads\/2022\/06\/Con-el-grito-de-ni.jpg",1600,1200,false],"thumbnail":["https:\/\/experienciadevida.com.ar\/portalurbano\/wp-content\/uploads\/2022\/06\/Con-el-grito-de-ni-150x150.jpg",150,150,true],"medium":["https:\/\/experienciadevida.com.ar\/portalurbano\/wp-content\/uploads\/2022\/06\/Con-el-grito-de-ni-300x225.jpg",300,225,true],"medium_large":["https:\/\/experienciadevida.com.ar\/portalurbano\/wp-content\/uploads\/2022\/06\/Con-el-grito-de-ni-768x576.jpg",640,480,true],"large":["https:\/\/experienciadevida.com.ar\/portalurbano\/wp-content\/uploads\/2022\/06\/Con-el-grito-de-ni-1024x768.jpg",640,480,true],"ug_big":["https:\/\/experienciadevida.com.ar\/portalurbano\/wp-content\/uploads\/2022\/06\/Con-el-grito-de-ni-768x576.jpg",768,576,true],"1536x1536":["https:\/\/experienciadevida.com.ar\/portalurbano\/wp-content\/uploads\/2022\/06\/Con-el-grito-de-ni-1536x1152.jpg",1536,1152,true],"2048x2048":["https:\/\/experienciadevida.com.ar\/portalurbano\/wp-content\/uploads\/2022\/06\/Con-el-grito-de-ni.jpg",1600,1200,false],"newsever-slider-full":["https:\/\/experienciadevida.com.ar\/portalurbano\/wp-content\/uploads\/2022\/06\/Con-el-grito-de-ni.jpg",1127,845,false],"newsever-featured":["https:\/\/experienciadevida.com.ar\/portalurbano\/wp-content\/uploads\/2022\/06\/Con-el-grito-de-ni.jpg",1024,768,false],"newsever-medium":["https:\/\/experienciadevida.com.ar\/portalurbano\/wp-content\/uploads\/2022\/06\/Con-el-grito-de-ni.jpg",633,475,false],"web-stories-poster-portrait":["https:\/\/experienciadevida.com.ar\/portalurbano\/wp-content\/uploads\/2022\/06\/Con-el-grito-de-ni.jpg",640,480,false],"web-stories-publisher-logo":["https:\/\/experienciadevida.com.ar\/portalurbano\/wp-content\/uploads\/2022\/06\/Con-el-grito-de-ni.jpg",96,72,false],"web-stories-thumbnail":["https:\/\/experienciadevida.com.ar\/portalurbano\/wp-content\/uploads\/2022\/06\/Con-el-grito-de-ni.jpg",150,113,false]},"author_info":{"display_name":"admpu17wp","author_link":"https:\/\/experienciadevida.com.ar\/portalurbano\/author\/admpu17wp\/"},"category_info":"<a href=\"https:\/\/experienciadevida.com.ar\/portalurbano\/category\/ciudad\/\" rel=\"category tag\">Ciudad<\/a> <a href=\"https:\/\/experienciadevida.com.ar\/portalurbano\/category\/destacadas\/\" rel=\"category tag\">Destacadas<\/a>","tag_info":"Destacadas","comment_count":"0","amp_enabled":true,"_links":{"self":[{"href":"https:\/\/experienciadevida.com.ar\/portalurbano\/wp-json\/wp\/v2\/posts\/168904"}],"collection":[{"href":"https:\/\/experienciadevida.com.ar\/portalurbano\/wp-json\/wp\/v2\/posts"}],"about":[{"href":"https:\/\/experienciadevida.com.ar\/portalurbano\/wp-json\/wp\/v2\/types\/post"}],"author":[{"embeddable":true,"href":"https:\/\/experienciadevida.com.ar\/portalurbano\/wp-json\/wp\/v2\/users\/1"}],"replies":[{"embeddable":true,"href":"https:\/\/experienciadevida.com.ar\/portalurbano\/wp-json\/wp\/v2\/comments?post=168904"}],"version-history":[{"count":4,"href":"https:\/\/experienciadevida.com.ar\/portalurbano\/wp-json\/wp\/v2\/posts\/168904\/revisions"}],"predecessor-version":[{"id":168913,"href":"https:\/\/experienciadevida.com.ar\/portalurbano\/wp-json\/wp\/v2\/posts\/168904\/revisions\/168913"}],"wp:featuredmedia":[{"embeddable":true,"href":"https:\/\/experienciadevida.com.ar\/portalurbano\/wp-json\/wp\/v2\/media\/168905"}],"wp:attachment":[{"href":"https:\/\/experienciadevida.com.ar\/portalurbano\/wp-json\/wp\/v2\/media?parent=168904"}],"wp:term":[{"taxonomy":"category","embeddable":true,"href":"https:\/\/experienciadevida.com.ar\/portalurbano\/wp-json\/wp\/v2\/categories?post=168904"},{"taxonomy":"post_tag","embeddable":true,"href":"https:\/\/experienciadevida.com.ar\/portalurbano\/wp-json\/wp\/v2\/tags?post=168904"}],"curies":[{"name":"wp","href":"https:\/\/api.w.org\/{rel}","templated":true}]}}