{"id":168897,"date":"2022-06-03T19:36:54","date_gmt":"2022-06-03T22:36:54","guid":{"rendered":"https:\/\/experienciadevida.com.ar\/portalurbano\/?p=168897"},"modified":"2022-06-03T19:39:10","modified_gmt":"2022-06-03T22:39:10","slug":"politicas-de-genero-conmemoro-la-fecha-con-una-jornada-comunitaria-en-su-sede","status":"publish","type":"post","link":"https:\/\/experienciadevida.com.ar\/portalurbano\/politicas-de-genero-conmemoro-la-fecha-con-una-jornada-comunitaria-en-su-sede\/","title":{"rendered":"Pol\u00edticas de G\u00e9nero conmemor\u00f3 la fecha con una jornada comunitaria en su sede"},"content":{"rendered":"<p><a href=\"https:\/\/www.facebook.com\/profile.php?id=100068946798522\">Pol\u00edticas de G\u00e9nero<\/a> conmemor\u00f3 la fecha con una jornada comunitaria en su sede, este viernes por la ma\u00f1ana, con motivo de conmemorarse un nuevo aniversario del movimiento Ni Una Menos en nuestro pa\u00eds, la Direcci\u00f3n de Pol\u00edticas de G\u00e9nero recibi\u00f3 en su sede a organizaciones sociales, grupos de adolescentes con los que articulan en sus servicios, y mujeres vinculadas a su espacio.<\/p>\n<p><a href=\"https:\/\/experienciadevida.com.ar\/portalurbano\/politicas-de-genero-conmemoro-la-fecha-con-una-jornada-comunitaria-en-su-sede\/politicas\/\" rel=\"attachment wp-att-168900\"><img decoding=\"async\" class=\"alignnone size-large wp-image-168900\" src=\"https:\/\/experienciadevida.com.ar\/portalurbano\/wp-content\/uploads\/2022\/06\/Politicas-1024x745.jpg\" alt=\"Pol\u00edticas \" width=\"900\" height=\"655\" srcset=\"https:\/\/experienciadevida.com.ar\/portalurbano\/wp-content\/uploads\/2022\/06\/Politicas-1024x745.jpg 1024w, https:\/\/experienciadevida.com.ar\/portalurbano\/wp-content\/uploads\/2022\/06\/Politicas-300x218.jpg 300w, https:\/\/experienciadevida.com.ar\/portalurbano\/wp-content\/uploads\/2022\/06\/Politicas-768x559.jpg 768w, https:\/\/experienciadevida.com.ar\/portalurbano\/wp-content\/uploads\/2022\/06\/Politicas-1536x1118.jpg 1536w, https:\/\/experienciadevida.com.ar\/portalurbano\/wp-content\/uploads\/2022\/06\/Politicas-2048x1490.jpg 2048w\" sizes=\"(max-width: 900px) 100vw, 900px\" \/><\/a><\/p>\n<p>Acompa\u00f1aron la jornada, el Secretario de Desarrollo Humano y Calidad de Vida Diego Robbiani y la Subsecretaria de Derechos, Igualdad y Oportunidades Valeria Chiramberro.<\/p>\n<p>La propuesta, abierta a la comunidad, incluy\u00f3 intervenciones art\u00edsticas, feria de ropa, artesan\u00edas, n\u00fameros musicales y actuaciones de baile.<\/p>\n<p>Participaron los chicos y chicas del Programa Envi\u00f3n y las chicas del Centro de D\u00eda Mujeres Adolescentes: servicios dependientes de la Direcci\u00f3n de Ni\u00f1eces y Adolescencias, que expusieron los trabajos que vinieron preparando en este tiempo, presentando pancartas con leyendas alusivas. Adem\u00e1s pintaron una rayuela con disparadores de la ESI, realizaron artesan\u00edas, y se sumaron a la intervenci\u00f3n de arte en el interior del edificio.<\/p>\n<p>En este marco, diversos organismos se hicieron presentes para promocionar sus recursos, como as\u00ed tambi\u00e9n organizaciones sociales vinculadas a la materia. Como cierre, compartieron un almuerzo grupal de pizzas elaboradas artesanalmente en la sede.<\/p>\n<p>La directora de Pol\u00edticas de G\u00e9nero Florencia Caro, hizo un balance de la jornada y la importancia del movimiento Ni Una Menos para los feminismos de nuestro pa\u00eds: \u0308Fue una jornada de muchas emociones, de mucha alegr\u00eda, de sabernos juntas, pero tambi\u00e9n de reforzar el compromiso por todo lo que falta para lograr una sociedad equitativa, con pol\u00edticas p\u00fablicas sostenidas a largo plazo que transformen la vida de las personas en lo real. Es fundamental recordar que las luchas de los movimientos de mujeres son las que nos pusieron en este lugar, y que el feminismo es la mejor oportunidad de transformar las cosas\u00a8.<\/p>\n<p><a href=\"https:\/\/experienciadevida.com.ar\/portalurbano\/politicas-de-genero-conmemoro-la-fecha-con-una-jornada-comunitaria-en-su-sede\/de-genero\/\" rel=\"attachment wp-att-168901\"><img decoding=\"async\" class=\"alignnone size-large wp-image-168901\" src=\"https:\/\/experienciadevida.com.ar\/portalurbano\/wp-content\/uploads\/2022\/06\/de-genero-1024x715.jpg\" alt=\"de g\u00e9nero \" width=\"900\" height=\"628\" srcset=\"https:\/\/experienciadevida.com.ar\/portalurbano\/wp-content\/uploads\/2022\/06\/de-genero-1024x715.jpg 1024w, https:\/\/experienciadevida.com.ar\/portalurbano\/wp-content\/uploads\/2022\/06\/de-genero-300x209.jpg 300w, https:\/\/experienciadevida.com.ar\/portalurbano\/wp-content\/uploads\/2022\/06\/de-genero-768x536.jpg 768w, https:\/\/experienciadevida.com.ar\/portalurbano\/wp-content\/uploads\/2022\/06\/de-genero-1536x1072.jpg 1536w, https:\/\/experienciadevida.com.ar\/portalurbano\/wp-content\/uploads\/2022\/06\/de-genero-2048x1430.jpg 2048w\" sizes=\"(max-width: 900px) 100vw, 900px\" \/><\/a><\/p>\n","protected":false},"excerpt":{"rendered":"<p>Pol\u00edticas de G\u00e9nero conmemor\u00f3 la fecha con una jornada comunitaria en su sede, este viernes&#8230;<\/p>\n","protected":false},"author":1,"featured_media":168898,"comment_status":"closed","ping_status":"closed","sticky":false,"template":"","format":"standard","meta":{"content-type":""},"categories":[27],"tags":[],"nelio_content":{"isAutoShareEnabled":false,"autoShareEndMode":"default","automationSources":{"useContentSentences":true,"useSocialTemplates":true,"useCustomSentences":false,"customSentences":[]},"followers":[1],"suggestedReferences":[],"includedReferences":[],"efiUrl":"","efiAlt":"","highlights":[]},"yoast_head":"<!-- This site is optimized with the Yoast SEO plugin v20.7 - https:\/\/yoast.com\/wordpress\/plugins\/seo\/ -->\n<title>Pol\u00edticas de g\u00e9nero conmemor\u00f3 la fecha con una jornada comunitaria<\/title>\n<meta name=\"description\" content=\"Pol\u00edticas de G\u00e9nero conmemor\u00f3 la fecha con una jornada comunitaria en su sede, este viernes por la ma\u00f1ana, por conmemorarse un aniversario\" \/>\n<meta name=\"robots\" content=\"index, follow, max-snippet:-1, max-image-preview:large, max-video-preview:-1\" \/>\n<link rel=\"canonical\" href=\"https:\/\/experienciadevida.com.ar\/portalurbano\/politicas-de-genero-conmemoro-la-fecha-con-una-jornada-comunitaria-en-su-sede\/\" \/>\n<meta property=\"og:locale\" content=\"es_ES\" \/>\n<meta property=\"og:type\" content=\"article\" \/>\n<meta property=\"og:title\" content=\"Pol\u00edticas de g\u00e9nero conmemor\u00f3 la fecha con una jornada comunitaria\" \/>\n<meta property=\"og:description\" content=\"Pol\u00edticas de G\u00e9nero conmemor\u00f3 la fecha con una jornada comunitaria en su sede, este viernes por la ma\u00f1ana, por conmemorarse un aniversario\" \/>\n<meta property=\"og:url\" content=\"https:\/\/experienciadevida.com.ar\/portalurbano\/politicas-de-genero-conmemoro-la-fecha-con-una-jornada-comunitaria-en-su-sede\/\" \/>\n<meta property=\"article:publisher\" content=\"https:\/\/www.facebook.com\/Portal-Urbano-171542830093757\/\" \/>\n<meta property=\"article:published_time\" content=\"2022-06-03T22:36:54+00:00\" \/>\n<meta property=\"article:modified_time\" content=\"2022-06-03T22:39:10+00:00\" \/>\n<meta property=\"og:image\" content=\"https:\/\/experienciadevida.com.ar\/portalurbano\/wp-content\/uploads\/2022\/06\/Politicas-de-Genero-conmemoro.jpg\" \/>\n\t<meta property=\"og:image:width\" content=\"2560\" \/>\n\t<meta property=\"og:image:height\" content=\"1848\" \/>\n\t<meta property=\"og:image:type\" content=\"image\/jpeg\" \/>\n<meta name=\"author\" content=\"admpu17wp\" \/>\n<meta name=\"twitter:card\" content=\"summary_large_image\" \/>\n<meta name=\"twitter:creator\" content=\"@portalurbanook\" \/>\n<meta name=\"twitter:site\" content=\"@portalurbanook\" \/>\n<meta name=\"twitter:label1\" content=\"Escrito por\" \/>\n\t<meta name=\"twitter:data1\" content=\"admpu17wp\" \/>\n\t<meta name=\"twitter:label2\" content=\"Tiempo de lectura\" \/>\n\t<meta name=\"twitter:data2\" content=\"2 minutos\" \/>\n<script type=\"application\/ld+json\" class=\"yoast-schema-graph\">{\"@context\":\"https:\/\/schema.org\",\"@graph\":[{\"@type\":\"Article\",\"@id\":\"https:\/\/experienciadevida.com.ar\/portalurbano\/politicas-de-genero-conmemoro-la-fecha-con-una-jornada-comunitaria-en-su-sede\/#article\",\"isPartOf\":{\"@id\":\"https:\/\/experienciadevida.com.ar\/portalurbano\/politicas-de-genero-conmemoro-la-fecha-con-una-jornada-comunitaria-en-su-sede\/\"},\"author\":{\"name\":\"admpu17wp\",\"@id\":\"https:\/\/experienciadevida.com.ar\/portalurbano\/#\/schema\/person\/02dd326b1c4b056e9cc972486934a3a7\"},\"headline\":\"Pol\u00edticas de G\u00e9nero conmemor\u00f3 la fecha con una jornada comunitaria en su sede\",\"datePublished\":\"2022-06-03T22:36:54+00:00\",\"dateModified\":\"2022-06-03T22:39:10+00:00\",\"mainEntityOfPage\":{\"@id\":\"https:\/\/experienciadevida.com.ar\/portalurbano\/politicas-de-genero-conmemoro-la-fecha-con-una-jornada-comunitaria-en-su-sede\/\"},\"wordCount\":349,\"publisher\":{\"@id\":\"https:\/\/experienciadevida.com.ar\/portalurbano\/#organization\"},\"articleSection\":[\"Ciudad\"],\"inLanguage\":\"es\"},{\"@type\":\"WebPage\",\"@id\":\"https:\/\/experienciadevida.com.ar\/portalurbano\/politicas-de-genero-conmemoro-la-fecha-con-una-jornada-comunitaria-en-su-sede\/\",\"url\":\"https:\/\/experienciadevida.com.ar\/portalurbano\/politicas-de-genero-conmemoro-la-fecha-con-una-jornada-comunitaria-en-su-sede\/\",\"name\":\"Pol\u00edticas de g\u00e9nero conmemor\u00f3 la fecha con una jornada comunitaria\",\"isPartOf\":{\"@id\":\"https:\/\/experienciadevida.com.ar\/portalurbano\/#website\"},\"datePublished\":\"2022-06-03T22:36:54+00:00\",\"dateModified\":\"2022-06-03T22:39:10+00:00\",\"description\":\"Pol\u00edticas de G\u00e9nero conmemor\u00f3 la fecha con una jornada comunitaria en su sede, este viernes por la ma\u00f1ana, por conmemorarse un aniversario\",\"breadcrumb\":{\"@id\":\"https:\/\/experienciadevida.com.ar\/portalurbano\/politicas-de-genero-conmemoro-la-fecha-con-una-jornada-comunitaria-en-su-sede\/#breadcrumb\"},\"inLanguage\":\"es\",\"potentialAction\":[{\"@type\":\"ReadAction\",\"target\":[\"https:\/\/experienciadevida.com.ar\/portalurbano\/politicas-de-genero-conmemoro-la-fecha-con-una-jornada-comunitaria-en-su-sede\/\"]}]},{\"@type\":\"BreadcrumbList\",\"@id\":\"https:\/\/experienciadevida.com.ar\/portalurbano\/politicas-de-genero-conmemoro-la-fecha-con-una-jornada-comunitaria-en-su-sede\/#breadcrumb\",\"itemListElement\":[{\"@type\":\"ListItem\",\"position\":1,\"name\":\"Portada\",\"item\":\"https:\/\/experienciadevida.com.ar\/portalurbano\/\"},{\"@type\":\"ListItem\",\"position\":2,\"name\":\"Pol\u00edticas de G\u00e9nero conmemor\u00f3 la fecha con una jornada comunitaria en su sede\"}]},{\"@type\":\"WebSite\",\"@id\":\"https:\/\/experienciadevida.com.ar\/portalurbano\/#website\",\"url\":\"https:\/\/experienciadevida.com.ar\/portalurbano\/\",\"name\":\"\",\"description\":\"\",\"publisher\":{\"@id\":\"https:\/\/experienciadevida.com.ar\/portalurbano\/#organization\"},\"potentialAction\":[{\"@type\":\"SearchAction\",\"target\":{\"@type\":\"EntryPoint\",\"urlTemplate\":\"https:\/\/experienciadevida.com.ar\/portalurbano\/?s={search_term_string}\"},\"query-input\":\"required name=search_term_string\"}],\"inLanguage\":\"es\"},{\"@type\":\"Organization\",\"@id\":\"https:\/\/experienciadevida.com.ar\/portalurbano\/#organization\",\"name\":\"Portal Urbano\",\"url\":\"https:\/\/experienciadevida.com.ar\/portalurbano\/\",\"logo\":{\"@type\":\"ImageObject\",\"inLanguage\":\"es\",\"@id\":\"https:\/\/experienciadevida.com.ar\/portalurbano\/#\/schema\/logo\/image\/\",\"url\":\"https:\/\/experienciadevida.com.ar\/portalurbano\/wp-content\/uploads\/2019\/09\/Logo-Original.png\",\"contentUrl\":\"https:\/\/experienciadevida.com.ar\/portalurbano\/wp-content\/uploads\/2019\/09\/Logo-Original.png\",\"width\":2236,\"height\":1216,\"caption\":\"Portal Urbano\"},\"image\":{\"@id\":\"https:\/\/experienciadevida.com.ar\/portalurbano\/#\/schema\/logo\/image\/\"},\"sameAs\":[\"https:\/\/www.facebook.com\/Portal-Urbano-171542830093757\/\",\"https:\/\/twitter.com\/portalurbanook\",\"https:\/\/www.instagram.com\/_portalurbano\/\",\"https:\/\/www.youtube.com\/channel\/UCXhagIfszH8KxFiOok79zbA?view_as=subscriber\"]},{\"@type\":\"Person\",\"@id\":\"https:\/\/experienciadevida.com.ar\/portalurbano\/#\/schema\/person\/02dd326b1c4b056e9cc972486934a3a7\",\"name\":\"admpu17wp\",\"image\":{\"@type\":\"ImageObject\",\"inLanguage\":\"es\",\"@id\":\"https:\/\/experienciadevida.com.ar\/portalurbano\/#\/schema\/person\/image\/\",\"url\":\"https:\/\/secure.gravatar.com\/avatar\/830d4c57adaae6630765e449a6908047?s=96&d=mm&r=g\",\"contentUrl\":\"https:\/\/secure.gravatar.com\/avatar\/830d4c57adaae6630765e449a6908047?s=96&d=mm&r=g\",\"caption\":\"admpu17wp\"}}]}<\/script>\n<!-- \/ Yoast SEO plugin. -->","yoast_head_json":{"title":"Pol\u00edticas de g\u00e9nero conmemor\u00f3 la fecha con una jornada comunitaria","description":"Pol\u00edticas de G\u00e9nero conmemor\u00f3 la fecha con una jornada comunitaria en su sede, este viernes por la ma\u00f1ana, por conmemorarse un aniversario","robots":{"index":"index","follow":"follow","max-snippet":"max-snippet:-1","max-image-preview":"max-image-preview:large","max-video-preview":"max-video-preview:-1"},"canonical":"https:\/\/experienciadevida.com.ar\/portalurbano\/politicas-de-genero-conmemoro-la-fecha-con-una-jornada-comunitaria-en-su-sede\/","og_locale":"es_ES","og_type":"article","og_title":"Pol\u00edticas de g\u00e9nero conmemor\u00f3 la fecha con una jornada comunitaria","og_description":"Pol\u00edticas de G\u00e9nero conmemor\u00f3 la fecha con una jornada comunitaria en su sede, este viernes por la ma\u00f1ana, por conmemorarse un aniversario","og_url":"https:\/\/experienciadevida.com.ar\/portalurbano\/politicas-de-genero-conmemoro-la-fecha-con-una-jornada-comunitaria-en-su-sede\/","article_publisher":"https:\/\/www.facebook.com\/Portal-Urbano-171542830093757\/","article_published_time":"2022-06-03T22:36:54+00:00","article_modified_time":"2022-06-03T22:39:10+00:00","og_image":[{"width":2560,"height":1848,"url":"https:\/\/experienciadevida.com.ar\/portalurbano\/wp-content\/uploads\/2022\/06\/Politicas-de-Genero-conmemoro.jpg","type":"image\/jpeg"}],"author":"admpu17wp","twitter_card":"summary_large_image","twitter_creator":"@portalurbanook","twitter_site":"@portalurbanook","twitter_misc":{"Escrito por":"admpu17wp","Tiempo de lectura":"2 minutos"},"schema":{"@context":"https:\/\/schema.org","@graph":[{"@type":"Article","@id":"https:\/\/experienciadevida.com.ar\/portalurbano\/politicas-de-genero-conmemoro-la-fecha-con-una-jornada-comunitaria-en-su-sede\/#article","isPartOf":{"@id":"https:\/\/experienciadevida.com.ar\/portalurbano\/politicas-de-genero-conmemoro-la-fecha-con-una-jornada-comunitaria-en-su-sede\/"},"author":{"name":"admpu17wp","@id":"https:\/\/experienciadevida.com.ar\/portalurbano\/#\/schema\/person\/02dd326b1c4b056e9cc972486934a3a7"},"headline":"Pol\u00edticas de G\u00e9nero conmemor\u00f3 la fecha con una jornada comunitaria en su sede","datePublished":"2022-06-03T22:36:54+00:00","dateModified":"2022-06-03T22:39:10+00:00","mainEntityOfPage":{"@id":"https:\/\/experienciadevida.com.ar\/portalurbano\/politicas-de-genero-conmemoro-la-fecha-con-una-jornada-comunitaria-en-su-sede\/"},"wordCount":349,"publisher":{"@id":"https:\/\/experienciadevida.com.ar\/portalurbano\/#organization"},"articleSection":["Ciudad"],"inLanguage":"es"},{"@type":"WebPage","@id":"https:\/\/experienciadevida.com.ar\/portalurbano\/politicas-de-genero-conmemoro-la-fecha-con-una-jornada-comunitaria-en-su-sede\/","url":"https:\/\/experienciadevida.com.ar\/portalurbano\/politicas-de-genero-conmemoro-la-fecha-con-una-jornada-comunitaria-en-su-sede\/","name":"Pol\u00edticas de g\u00e9nero conmemor\u00f3 la fecha con una jornada comunitaria","isPartOf":{"@id":"https:\/\/experienciadevida.com.ar\/portalurbano\/#website"},"datePublished":"2022-06-03T22:36:54+00:00","dateModified":"2022-06-03T22:39:10+00:00","description":"Pol\u00edticas de G\u00e9nero conmemor\u00f3 la fecha con una jornada comunitaria en su sede, este viernes por la ma\u00f1ana, por conmemorarse un aniversario","breadcrumb":{"@id":"https:\/\/experienciadevida.com.ar\/portalurbano\/politicas-de-genero-conmemoro-la-fecha-con-una-jornada-comunitaria-en-su-sede\/#breadcrumb"},"inLanguage":"es","potentialAction":[{"@type":"ReadAction","target":["https:\/\/experienciadevida.com.ar\/portalurbano\/politicas-de-genero-conmemoro-la-fecha-con-una-jornada-comunitaria-en-su-sede\/"]}]},{"@type":"BreadcrumbList","@id":"https:\/\/experienciadevida.com.ar\/portalurbano\/politicas-de-genero-conmemoro-la-fecha-con-una-jornada-comunitaria-en-su-sede\/#breadcrumb","itemListElement":[{"@type":"ListItem","position":1,"name":"Portada","item":"https:\/\/experienciadevida.com.ar\/portalurbano\/"},{"@type":"ListItem","position":2,"name":"Pol\u00edticas de G\u00e9nero conmemor\u00f3 la fecha con una jornada comunitaria en su sede"}]},{"@type":"WebSite","@id":"https:\/\/experienciadevida.com.ar\/portalurbano\/#website","url":"https:\/\/experienciadevida.com.ar\/portalurbano\/","name":"","description":"","publisher":{"@id":"https:\/\/experienciadevida.com.ar\/portalurbano\/#organization"},"potentialAction":[{"@type":"SearchAction","target":{"@type":"EntryPoint","urlTemplate":"https:\/\/experienciadevida.com.ar\/portalurbano\/?s={search_term_string}"},"query-input":"required name=search_term_string"}],"inLanguage":"es"},{"@type":"Organization","@id":"https:\/\/experienciadevida.com.ar\/portalurbano\/#organization","name":"Portal Urbano","url":"https:\/\/experienciadevida.com.ar\/portalurbano\/","logo":{"@type":"ImageObject","inLanguage":"es","@id":"https:\/\/experienciadevida.com.ar\/portalurbano\/#\/schema\/logo\/image\/","url":"https:\/\/experienciadevida.com.ar\/portalurbano\/wp-content\/uploads\/2019\/09\/Logo-Original.png","contentUrl":"https:\/\/experienciadevida.com.ar\/portalurbano\/wp-content\/uploads\/2019\/09\/Logo-Original.png","width":2236,"height":1216,"caption":"Portal Urbano"},"image":{"@id":"https:\/\/experienciadevida.com.ar\/portalurbano\/#\/schema\/logo\/image\/"},"sameAs":["https:\/\/www.facebook.com\/Portal-Urbano-171542830093757\/","https:\/\/twitter.com\/portalurbanook","https:\/\/www.instagram.com\/_portalurbano\/","https:\/\/www.youtube.com\/channel\/UCXhagIfszH8KxFiOok79zbA?view_as=subscriber"]},{"@type":"Person","@id":"https:\/\/experienciadevida.com.ar\/portalurbano\/#\/schema\/person\/02dd326b1c4b056e9cc972486934a3a7","name":"admpu17wp","image":{"@type":"ImageObject","inLanguage":"es","@id":"https:\/\/experienciadevida.com.ar\/portalurbano\/#\/schema\/person\/image\/","url":"https:\/\/secure.gravatar.com\/avatar\/830d4c57adaae6630765e449a6908047?s=96&d=mm&r=g","contentUrl":"https:\/\/secure.gravatar.com\/avatar\/830d4c57adaae6630765e449a6908047?s=96&d=mm&r=g","caption":"admpu17wp"}}]}},"featured_image_urls":{"full":["https:\/\/experienciadevida.com.ar\/portalurbano\/wp-content\/uploads\/2022\/06\/Politicas-de-Genero-conmemoro.jpg",2560,1848,false],"thumbnail":["https:\/\/experienciadevida.com.ar\/portalurbano\/wp-content\/uploads\/2022\/06\/Politicas-de-Genero-conmemoro-150x150.jpg",150,150,true],"medium":["https:\/\/experienciadevida.com.ar\/portalurbano\/wp-content\/uploads\/2022\/06\/Politicas-de-Genero-conmemoro-300x217.jpg",300,217,true],"medium_large":["https:\/\/experienciadevida.com.ar\/portalurbano\/wp-content\/uploads\/2022\/06\/Politicas-de-Genero-conmemoro-768x554.jpg",640,462,true],"large":["https:\/\/experienciadevida.com.ar\/portalurbano\/wp-content\/uploads\/2022\/06\/Politicas-de-Genero-conmemoro-1024x739.jpg",640,462,true],"ug_big":["https:\/\/experienciadevida.com.ar\/portalurbano\/wp-content\/uploads\/2022\/06\/Politicas-de-Genero-conmemoro-768x554.jpg",768,554,true],"1536x1536":["https:\/\/experienciadevida.com.ar\/portalurbano\/wp-content\/uploads\/2022\/06\/Politicas-de-Genero-conmemoro-1536x1109.jpg",1536,1109,true],"2048x2048":["https:\/\/experienciadevida.com.ar\/portalurbano\/wp-content\/uploads\/2022\/06\/Politicas-de-Genero-conmemoro-2048x1478.jpg",2048,1478,true],"newsever-slider-full":["https:\/\/experienciadevida.com.ar\/portalurbano\/wp-content\/uploads\/2022\/06\/Politicas-de-Genero-conmemoro.jpg",1171,845,false],"newsever-featured":["https:\/\/experienciadevida.com.ar\/portalurbano\/wp-content\/uploads\/2022\/06\/Politicas-de-Genero-conmemoro.jpg",1024,739,false],"newsever-medium":["https:\/\/experienciadevida.com.ar\/portalurbano\/wp-content\/uploads\/2022\/06\/Politicas-de-Genero-conmemoro.jpg",658,475,false],"web-stories-poster-portrait":["https:\/\/experienciadevida.com.ar\/portalurbano\/wp-content\/uploads\/2022\/06\/Politicas-de-Genero-conmemoro.jpg",640,462,false],"web-stories-publisher-logo":["https:\/\/experienciadevida.com.ar\/portalurbano\/wp-content\/uploads\/2022\/06\/Politicas-de-Genero-conmemoro.jpg",96,69,false],"web-stories-thumbnail":["https:\/\/experienciadevida.com.ar\/portalurbano\/wp-content\/uploads\/2022\/06\/Politicas-de-Genero-conmemoro.jpg",150,108,false]},"author_info":{"display_name":"admpu17wp","author_link":"https:\/\/experienciadevida.com.ar\/portalurbano\/author\/admpu17wp\/"},"category_info":"<a href=\"https:\/\/experienciadevida.com.ar\/portalurbano\/category\/ciudad\/\" rel=\"category tag\">Ciudad<\/a>","tag_info":"Ciudad","comment_count":"0","amp_enabled":true,"_links":{"self":[{"href":"https:\/\/experienciadevida.com.ar\/portalurbano\/wp-json\/wp\/v2\/posts\/168897"}],"collection":[{"href":"https:\/\/experienciadevida.com.ar\/portalurbano\/wp-json\/wp\/v2\/posts"}],"about":[{"href":"https:\/\/experienciadevida.com.ar\/portalurbano\/wp-json\/wp\/v2\/types\/post"}],"author":[{"embeddable":true,"href":"https:\/\/experienciadevida.com.ar\/portalurbano\/wp-json\/wp\/v2\/users\/1"}],"replies":[{"embeddable":true,"href":"https:\/\/experienciadevida.com.ar\/portalurbano\/wp-json\/wp\/v2\/comments?post=168897"}],"version-history":[{"count":3,"href":"https:\/\/experienciadevida.com.ar\/portalurbano\/wp-json\/wp\/v2\/posts\/168897\/revisions"}],"predecessor-version":[{"id":168903,"href":"https:\/\/experienciadevida.com.ar\/portalurbano\/wp-json\/wp\/v2\/posts\/168897\/revisions\/168903"}],"wp:featuredmedia":[{"embeddable":true,"href":"https:\/\/experienciadevida.com.ar\/portalurbano\/wp-json\/wp\/v2\/media\/168898"}],"wp:attachment":[{"href":"https:\/\/experienciadevida.com.ar\/portalurbano\/wp-json\/wp\/v2\/media?parent=168897"}],"wp:term":[{"taxonomy":"category","embeddable":true,"href":"https:\/\/experienciadevida.com.ar\/portalurbano\/wp-json\/wp\/v2\/categories?post=168897"},{"taxonomy":"post_tag","embeddable":true,"href":"https:\/\/experienciadevida.com.ar\/portalurbano\/wp-json\/wp\/v2\/tags?post=168897"}],"curies":[{"name":"wp","href":"https:\/\/api.w.org\/{rel}","templated":true}]}}