{"id":168868,"date":"2022-06-03T12:40:48","date_gmt":"2022-06-03T15:40:48","guid":{"rendered":"https:\/\/experienciadevida.com.ar\/portalurbano\/?p=168868"},"modified":"2022-06-03T12:44:10","modified_gmt":"2022-06-03T15:44:10","slug":"se-realizo-la-primera-clase-presencial-de-proyectar-con-propuestas-de-mejora-en-la-movilidad-urbana","status":"publish","type":"post","link":"https:\/\/experienciadevida.com.ar\/portalurbano\/se-realizo-la-primera-clase-presencial-de-proyectar-con-propuestas-de-mejora-en-la-movilidad-urbana\/","title":{"rendered":"Se realiz\u00f3 la primera clase presencial de ProyectAR con propuestas de mejora en la Movilidad Urbana"},"content":{"rendered":"<p>Se realiz\u00f3 la primera clase presencial de ProyectAR con propuestas de mejora en la Movilidad Urbana, el Ingeniero <a href=\"https:\/\/twitter.com\/Ma7c0s\">Marcos Pascua<\/a> brind\u00f3 una enriquecedora charla sobre la tem\u00e1tica Movilidad Urbana y Seguridad Vial bajo el t\u00edtulo de \u201cLa movilidad desde Los Picapiedras a los Supers\u00f3nicos\u201d con propuestas para el cambio hacia una nueva movilidad m\u00e1s segura.<\/p>\n<p>En la tarde del jueves, la Escuela de Gobierno y Pol\u00edticas P\u00fablicas \u201cProyectAR\u201d realiz\u00f3 su primera clase presencial en Olavarr\u00eda, ante un buen marco de asistentes, en el SUM de AOMA, ubicado en Alsina 2556.<\/p>\n<p>Luego de las palabras del coordinador de ProyectAR, <a href=\"https:\/\/www.instagram.com\/rodriguezolav\/?hl=es-la\">Eduardo Rodr\u00edguez,<\/a> el Ing. Marcos Pascua expuso bajo el t\u00edtulo &#8220;La movilidad desde Los Picapiedras a los Supers\u00f3nicos&#8221; para pensar la movilidad urbana desde su relaci\u00f3n con la forma de construir las ciudades en los dibujos animados e invit\u00f3 a reflexionar a los asistentes desde una serie de tem\u00e1ticas tituladas &#8220;C\u00f3mo eran las ciudades que planteaba Hanna-Barbera y qu\u00e9 relaciones tienen con las nuestras&#8221;, &#8220;C\u00f3mo tiene que ser esa ciudad del futuro&#8221; y &#8220;\u00bfAmsterdam siempre fue Amsterdam?&#8221;.<\/p>\n<p>En este sentido, el Ing. Pascua propuso una serie de medidas para mejorar la movilidad y reducir los siniestros viales en la ciudad. La creaci\u00f3n de las denominadas \u201czonas calmas\u201d (como por ejemplo el microcentro) con reducci\u00f3n de velocidad, la definici\u00f3n de \u201cS\u00faper manzanas\u201d (zonas que abarcan aproximadamente 6 manzanas) con circulaci\u00f3n diferencial entre veh\u00edculos, ensanchamiento de veredas (reducir el tiempo que el peat\u00f3n est\u00e1 sobre la calle y para a la disminuci\u00f3n de las velocidades de circulaci\u00f3n), incentivar el uso de la bicicleta como medio de transporte, construir<br \/>\ninfraestructura con la siguiente pir\u00e1mide de prioridad de usuarios: peatones, ciclistas, transporte p\u00fablico, transporte de carga, autom\u00f3viles y motos, Educaci\u00f3n Vial para la obtenci\u00f3n de licencia de conducir (un proceso de formaci\u00f3n y no por un breve tr\u00e1mite para obtener el carnet) fueron algunas de las medidas propuestas.<\/p>\n<p>Se realiz\u00f3 la primera clase presencial de ProyectAR con propuestas de mejora en la Movilidad Urbana, el Ingeniero Pascua expres\u00f3 que &#8220;hay que empezar a cambiar la idea de la naturalizaci\u00f3n del accidente&#8221;, ya que &#8220;nos hemos acostumbrado a verlos a diario y creemos que no se pueden evitar, que son parte del paisaje. Pero se pueden y se deben evitar&#8221;. &#8220;No se trata de ver d\u00f3nde ponemos un reductor de velocidad o una rotonda m\u00e1s, se trata empezar a pensar en qu\u00e9 ciudades queremos vivir dentro de 15 a\u00f1os&#8221;, indic\u00f3<\/p>\n<p>Marcos Pascua es egresado de la carrera Ingenier\u00eda Civil, en la Facultad de Ingenier\u00eda de Olavarr\u00eda y cuenta con un amplio recorrido en materia de movilidad urbana. Dedic\u00f3 su tesis al estudio de la seguridad vial y desarrolla su actividad profesional como promotor comunitario de seguridad vial, consultor de seguridad vial y supervisor de obra para Vialidad Nacional.<\/p>\n<p>La Escuela de Gobierno y Pol\u00edticas P\u00fablicas, \u201cProyectAR\u201d, es un espacio de formaci\u00f3n de equipos t\u00e9cnicos y de gesti\u00f3n basados en el conocimiento, con solidez y visi\u00f3n de largo plazo, para poder abordar los desaf\u00edos que afrontan nuestras democracias en el siglo XXI.<\/p>\n<p>Para m\u00e1s informaci\u00f3n de la Escuela de Gobierno y Pol\u00edticas P\u00fablicas, \u201cProyectAR\u201d, ingresar a<\/p>\n<blockquote class=\"wp-embedded-content\" data-secret=\"V9mmGo5hOH\"><p><a href=\"https:\/\/foroolavarria.org\/proyectar-escuela-de-gobierno-y-politicas-publicas\">ProyectAR<\/a><\/p><\/blockquote>\n<p><iframe class=\"wp-embedded-content\" sandbox=\"allow-scripts\" security=\"restricted\" style=\"position: absolute; clip: rect(1px, 1px, 1px, 1px);\" title=\"\u00abProyectAR\u00bb \u2014 Foro Olavarr\u00eda\" src=\"https:\/\/foroolavarria.org\/proyectar-escuela-de-gobierno-y-politicas-publicas\/embed#?secret=V9mmGo5hOH\" data-secret=\"V9mmGo5hOH\" width=\"600\" height=\"338\" frameborder=\"0\" marginwidth=\"0\" marginheight=\"0\" scrolling=\"no\"><\/iframe><\/p>\n<p><a href=\"https:\/\/experienciadevida.com.ar\/portalurbano\/se-realizo-la-primera-clase-presencial-de-proyectar-con-propuestas-de-mejora-en-la-movilidad-urbana\/se-realizo-17\/\" rel=\"attachment wp-att-168872\"><img decoding=\"async\" class=\"alignnone size-full wp-image-168872\" src=\"https:\/\/experienciadevida.com.ar\/portalurbano\/wp-content\/uploads\/2022\/06\/Se-realizo.jpg\" alt=\"Se realiz\u00f3 \" width=\"800\" height=\"500\" srcset=\"https:\/\/experienciadevida.com.ar\/portalurbano\/wp-content\/uploads\/2022\/06\/Se-realizo.jpg 800w, https:\/\/experienciadevida.com.ar\/portalurbano\/wp-content\/uploads\/2022\/06\/Se-realizo-300x188.jpg 300w, https:\/\/experienciadevida.com.ar\/portalurbano\/wp-content\/uploads\/2022\/06\/Se-realizo-768x480.jpg 768w\" sizes=\"(max-width: 800px) 100vw, 800px\" \/><\/a><\/p>\n","protected":false},"excerpt":{"rendered":"<p>Se realiz\u00f3 la primera clase presencial de ProyectAR con propuestas de mejora en la Movilidad&#8230;<\/p>\n","protected":false},"author":1,"featured_media":168869,"comment_status":"closed","ping_status":"closed","sticky":false,"template":"","format":"standard","meta":{"content-type":""},"categories":[27,64],"tags":[],"nelio_content":{"isAutoShareEnabled":false,"autoShareEndMode":"default","automationSources":{"useContentSentences":true,"useSocialTemplates":true,"useCustomSentences":false,"customSentences":[]},"followers":[1],"suggestedReferences":[],"includedReferences":[],"efiUrl":"","efiAlt":"","highlights":[]},"yoast_head":"<!-- This site is optimized with the Yoast SEO plugin v20.7 - https:\/\/yoast.com\/wordpress\/plugins\/seo\/ -->\n<title>Se realiz\u00f3 la primera clase presencial de ProyectAr con propuestas<\/title>\n<meta name=\"description\" content=\"Se realiz\u00f3 la primera clase presencial de ProyectAR con propuestas de mejora en la Movilidad Urbana, el Ingeniero Marcos Pascua\" \/>\n<meta name=\"robots\" content=\"index, follow, max-snippet:-1, max-image-preview:large, max-video-preview:-1\" \/>\n<link rel=\"canonical\" href=\"https:\/\/experienciadevida.com.ar\/portalurbano\/se-realizo-la-primera-clase-presencial-de-proyectar-con-propuestas-de-mejora-en-la-movilidad-urbana\/\" \/>\n<meta property=\"og:locale\" content=\"es_ES\" \/>\n<meta property=\"og:type\" content=\"article\" \/>\n<meta property=\"og:title\" content=\"Se realiz\u00f3 la primera clase presencial de ProyectAr con propuestas\" \/>\n<meta property=\"og:description\" content=\"Se realiz\u00f3 la primera clase presencial de ProyectAR con propuestas de mejora en la Movilidad Urbana, el Ingeniero Marcos Pascua\" \/>\n<meta property=\"og:url\" content=\"https:\/\/experienciadevida.com.ar\/portalurbano\/se-realizo-la-primera-clase-presencial-de-proyectar-con-propuestas-de-mejora-en-la-movilidad-urbana\/\" \/>\n<meta property=\"article:publisher\" content=\"https:\/\/www.facebook.com\/Portal-Urbano-171542830093757\/\" \/>\n<meta property=\"article:published_time\" content=\"2022-06-03T15:40:48+00:00\" \/>\n<meta property=\"article:modified_time\" content=\"2022-06-03T15:44:10+00:00\" \/>\n<meta property=\"og:image\" content=\"https:\/\/experienciadevida.com.ar\/portalurbano\/wp-content\/uploads\/2022\/06\/Se-realizo-la-primera.jpg\" \/>\n\t<meta property=\"og:image:width\" content=\"800\" \/>\n\t<meta property=\"og:image:height\" content=\"500\" \/>\n\t<meta property=\"og:image:type\" content=\"image\/jpeg\" \/>\n<meta name=\"author\" content=\"admpu17wp\" \/>\n<meta name=\"twitter:card\" content=\"summary_large_image\" \/>\n<meta name=\"twitter:creator\" content=\"@portalurbanook\" \/>\n<meta name=\"twitter:site\" content=\"@portalurbanook\" \/>\n<meta name=\"twitter:label1\" content=\"Escrito por\" \/>\n\t<meta name=\"twitter:data1\" content=\"admpu17wp\" \/>\n\t<meta name=\"twitter:label2\" content=\"Tiempo de lectura\" \/>\n\t<meta name=\"twitter:data2\" content=\"3 minutos\" \/>\n<script type=\"application\/ld+json\" class=\"yoast-schema-graph\">{\"@context\":\"https:\/\/schema.org\",\"@graph\":[{\"@type\":\"Article\",\"@id\":\"https:\/\/experienciadevida.com.ar\/portalurbano\/se-realizo-la-primera-clase-presencial-de-proyectar-con-propuestas-de-mejora-en-la-movilidad-urbana\/#article\",\"isPartOf\":{\"@id\":\"https:\/\/experienciadevida.com.ar\/portalurbano\/se-realizo-la-primera-clase-presencial-de-proyectar-con-propuestas-de-mejora-en-la-movilidad-urbana\/\"},\"author\":{\"name\":\"admpu17wp\",\"@id\":\"https:\/\/experienciadevida.com.ar\/portalurbano\/#\/schema\/person\/02dd326b1c4b056e9cc972486934a3a7\"},\"headline\":\"Se realiz\u00f3 la primera clase presencial de ProyectAR con propuestas de mejora en la Movilidad Urbana\",\"datePublished\":\"2022-06-03T15:40:48+00:00\",\"dateModified\":\"2022-06-03T15:44:10+00:00\",\"mainEntityOfPage\":{\"@id\":\"https:\/\/experienciadevida.com.ar\/portalurbano\/se-realizo-la-primera-clase-presencial-de-proyectar-con-propuestas-de-mejora-en-la-movilidad-urbana\/\"},\"wordCount\":583,\"publisher\":{\"@id\":\"https:\/\/experienciadevida.com.ar\/portalurbano\/#organization\"},\"articleSection\":[\"Ciudad\",\"Destacadas 2\"],\"inLanguage\":\"es\"},{\"@type\":\"WebPage\",\"@id\":\"https:\/\/experienciadevida.com.ar\/portalurbano\/se-realizo-la-primera-clase-presencial-de-proyectar-con-propuestas-de-mejora-en-la-movilidad-urbana\/\",\"url\":\"https:\/\/experienciadevida.com.ar\/portalurbano\/se-realizo-la-primera-clase-presencial-de-proyectar-con-propuestas-de-mejora-en-la-movilidad-urbana\/\",\"name\":\"Se realiz\u00f3 la primera clase presencial de ProyectAr con propuestas\",\"isPartOf\":{\"@id\":\"https:\/\/experienciadevida.com.ar\/portalurbano\/#website\"},\"datePublished\":\"2022-06-03T15:40:48+00:00\",\"dateModified\":\"2022-06-03T15:44:10+00:00\",\"description\":\"Se realiz\u00f3 la primera clase presencial de ProyectAR con propuestas de mejora en la Movilidad Urbana, el Ingeniero Marcos Pascua\",\"breadcrumb\":{\"@id\":\"https:\/\/experienciadevida.com.ar\/portalurbano\/se-realizo-la-primera-clase-presencial-de-proyectar-con-propuestas-de-mejora-en-la-movilidad-urbana\/#breadcrumb\"},\"inLanguage\":\"es\",\"potentialAction\":[{\"@type\":\"ReadAction\",\"target\":[\"https:\/\/experienciadevida.com.ar\/portalurbano\/se-realizo-la-primera-clase-presencial-de-proyectar-con-propuestas-de-mejora-en-la-movilidad-urbana\/\"]}]},{\"@type\":\"BreadcrumbList\",\"@id\":\"https:\/\/experienciadevida.com.ar\/portalurbano\/se-realizo-la-primera-clase-presencial-de-proyectar-con-propuestas-de-mejora-en-la-movilidad-urbana\/#breadcrumb\",\"itemListElement\":[{\"@type\":\"ListItem\",\"position\":1,\"name\":\"Portada\",\"item\":\"https:\/\/experienciadevida.com.ar\/portalurbano\/\"},{\"@type\":\"ListItem\",\"position\":2,\"name\":\"Se realiz\u00f3 la primera clase presencial de ProyectAR con propuestas de mejora en la Movilidad Urbana\"}]},{\"@type\":\"WebSite\",\"@id\":\"https:\/\/experienciadevida.com.ar\/portalurbano\/#website\",\"url\":\"https:\/\/experienciadevida.com.ar\/portalurbano\/\",\"name\":\"\",\"description\":\"\",\"publisher\":{\"@id\":\"https:\/\/experienciadevida.com.ar\/portalurbano\/#organization\"},\"potentialAction\":[{\"@type\":\"SearchAction\",\"target\":{\"@type\":\"EntryPoint\",\"urlTemplate\":\"https:\/\/experienciadevida.com.ar\/portalurbano\/?s={search_term_string}\"},\"query-input\":\"required name=search_term_string\"}],\"inLanguage\":\"es\"},{\"@type\":\"Organization\",\"@id\":\"https:\/\/experienciadevida.com.ar\/portalurbano\/#organization\",\"name\":\"Portal Urbano\",\"url\":\"https:\/\/experienciadevida.com.ar\/portalurbano\/\",\"logo\":{\"@type\":\"ImageObject\",\"inLanguage\":\"es\",\"@id\":\"https:\/\/experienciadevida.com.ar\/portalurbano\/#\/schema\/logo\/image\/\",\"url\":\"https:\/\/experienciadevida.com.ar\/portalurbano\/wp-content\/uploads\/2019\/09\/Logo-Original.png\",\"contentUrl\":\"https:\/\/experienciadevida.com.ar\/portalurbano\/wp-content\/uploads\/2019\/09\/Logo-Original.png\",\"width\":2236,\"height\":1216,\"caption\":\"Portal Urbano\"},\"image\":{\"@id\":\"https:\/\/experienciadevida.com.ar\/portalurbano\/#\/schema\/logo\/image\/\"},\"sameAs\":[\"https:\/\/www.facebook.com\/Portal-Urbano-171542830093757\/\",\"https:\/\/twitter.com\/portalurbanook\",\"https:\/\/www.instagram.com\/_portalurbano\/\",\"https:\/\/www.youtube.com\/channel\/UCXhagIfszH8KxFiOok79zbA?view_as=subscriber\"]},{\"@type\":\"Person\",\"@id\":\"https:\/\/experienciadevida.com.ar\/portalurbano\/#\/schema\/person\/02dd326b1c4b056e9cc972486934a3a7\",\"name\":\"admpu17wp\",\"image\":{\"@type\":\"ImageObject\",\"inLanguage\":\"es\",\"@id\":\"https:\/\/experienciadevida.com.ar\/portalurbano\/#\/schema\/person\/image\/\",\"url\":\"https:\/\/secure.gravatar.com\/avatar\/830d4c57adaae6630765e449a6908047?s=96&d=mm&r=g\",\"contentUrl\":\"https:\/\/secure.gravatar.com\/avatar\/830d4c57adaae6630765e449a6908047?s=96&d=mm&r=g\",\"caption\":\"admpu17wp\"}}]}<\/script>\n<!-- \/ Yoast SEO plugin. -->","yoast_head_json":{"title":"Se realiz\u00f3 la primera clase presencial de ProyectAr con propuestas","description":"Se realiz\u00f3 la primera clase presencial de ProyectAR con propuestas de mejora en la Movilidad Urbana, el Ingeniero Marcos Pascua","robots":{"index":"index","follow":"follow","max-snippet":"max-snippet:-1","max-image-preview":"max-image-preview:large","max-video-preview":"max-video-preview:-1"},"canonical":"https:\/\/experienciadevida.com.ar\/portalurbano\/se-realizo-la-primera-clase-presencial-de-proyectar-con-propuestas-de-mejora-en-la-movilidad-urbana\/","og_locale":"es_ES","og_type":"article","og_title":"Se realiz\u00f3 la primera clase presencial de ProyectAr con propuestas","og_description":"Se realiz\u00f3 la primera clase presencial de ProyectAR con propuestas de mejora en la Movilidad Urbana, el Ingeniero Marcos Pascua","og_url":"https:\/\/experienciadevida.com.ar\/portalurbano\/se-realizo-la-primera-clase-presencial-de-proyectar-con-propuestas-de-mejora-en-la-movilidad-urbana\/","article_publisher":"https:\/\/www.facebook.com\/Portal-Urbano-171542830093757\/","article_published_time":"2022-06-03T15:40:48+00:00","article_modified_time":"2022-06-03T15:44:10+00:00","og_image":[{"width":800,"height":500,"url":"https:\/\/experienciadevida.com.ar\/portalurbano\/wp-content\/uploads\/2022\/06\/Se-realizo-la-primera.jpg","type":"image\/jpeg"}],"author":"admpu17wp","twitter_card":"summary_large_image","twitter_creator":"@portalurbanook","twitter_site":"@portalurbanook","twitter_misc":{"Escrito por":"admpu17wp","Tiempo de lectura":"3 minutos"},"schema":{"@context":"https:\/\/schema.org","@graph":[{"@type":"Article","@id":"https:\/\/experienciadevida.com.ar\/portalurbano\/se-realizo-la-primera-clase-presencial-de-proyectar-con-propuestas-de-mejora-en-la-movilidad-urbana\/#article","isPartOf":{"@id":"https:\/\/experienciadevida.com.ar\/portalurbano\/se-realizo-la-primera-clase-presencial-de-proyectar-con-propuestas-de-mejora-en-la-movilidad-urbana\/"},"author":{"name":"admpu17wp","@id":"https:\/\/experienciadevida.com.ar\/portalurbano\/#\/schema\/person\/02dd326b1c4b056e9cc972486934a3a7"},"headline":"Se realiz\u00f3 la primera clase presencial de ProyectAR con propuestas de mejora en la Movilidad Urbana","datePublished":"2022-06-03T15:40:48+00:00","dateModified":"2022-06-03T15:44:10+00:00","mainEntityOfPage":{"@id":"https:\/\/experienciadevida.com.ar\/portalurbano\/se-realizo-la-primera-clase-presencial-de-proyectar-con-propuestas-de-mejora-en-la-movilidad-urbana\/"},"wordCount":583,"publisher":{"@id":"https:\/\/experienciadevida.com.ar\/portalurbano\/#organization"},"articleSection":["Ciudad","Destacadas 2"],"inLanguage":"es"},{"@type":"WebPage","@id":"https:\/\/experienciadevida.com.ar\/portalurbano\/se-realizo-la-primera-clase-presencial-de-proyectar-con-propuestas-de-mejora-en-la-movilidad-urbana\/","url":"https:\/\/experienciadevida.com.ar\/portalurbano\/se-realizo-la-primera-clase-presencial-de-proyectar-con-propuestas-de-mejora-en-la-movilidad-urbana\/","name":"Se realiz\u00f3 la primera clase presencial de ProyectAr con propuestas","isPartOf":{"@id":"https:\/\/experienciadevida.com.ar\/portalurbano\/#website"},"datePublished":"2022-06-03T15:40:48+00:00","dateModified":"2022-06-03T15:44:10+00:00","description":"Se realiz\u00f3 la primera clase presencial de ProyectAR con propuestas de mejora en la Movilidad Urbana, el Ingeniero Marcos Pascua","breadcrumb":{"@id":"https:\/\/experienciadevida.com.ar\/portalurbano\/se-realizo-la-primera-clase-presencial-de-proyectar-con-propuestas-de-mejora-en-la-movilidad-urbana\/#breadcrumb"},"inLanguage":"es","potentialAction":[{"@type":"ReadAction","target":["https:\/\/experienciadevida.com.ar\/portalurbano\/se-realizo-la-primera-clase-presencial-de-proyectar-con-propuestas-de-mejora-en-la-movilidad-urbana\/"]}]},{"@type":"BreadcrumbList","@id":"https:\/\/experienciadevida.com.ar\/portalurbano\/se-realizo-la-primera-clase-presencial-de-proyectar-con-propuestas-de-mejora-en-la-movilidad-urbana\/#breadcrumb","itemListElement":[{"@type":"ListItem","position":1,"name":"Portada","item":"https:\/\/experienciadevida.com.ar\/portalurbano\/"},{"@type":"ListItem","position":2,"name":"Se realiz\u00f3 la primera clase presencial de ProyectAR con propuestas de mejora en la Movilidad Urbana"}]},{"@type":"WebSite","@id":"https:\/\/experienciadevida.com.ar\/portalurbano\/#website","url":"https:\/\/experienciadevida.com.ar\/portalurbano\/","name":"","description":"","publisher":{"@id":"https:\/\/experienciadevida.com.ar\/portalurbano\/#organization"},"potentialAction":[{"@type":"SearchAction","target":{"@type":"EntryPoint","urlTemplate":"https:\/\/experienciadevida.com.ar\/portalurbano\/?s={search_term_string}"},"query-input":"required name=search_term_string"}],"inLanguage":"es"},{"@type":"Organization","@id":"https:\/\/experienciadevida.com.ar\/portalurbano\/#organization","name":"Portal Urbano","url":"https:\/\/experienciadevida.com.ar\/portalurbano\/","logo":{"@type":"ImageObject","inLanguage":"es","@id":"https:\/\/experienciadevida.com.ar\/portalurbano\/#\/schema\/logo\/image\/","url":"https:\/\/experienciadevida.com.ar\/portalurbano\/wp-content\/uploads\/2019\/09\/Logo-Original.png","contentUrl":"https:\/\/experienciadevida.com.ar\/portalurbano\/wp-content\/uploads\/2019\/09\/Logo-Original.png","width":2236,"height":1216,"caption":"Portal Urbano"},"image":{"@id":"https:\/\/experienciadevida.com.ar\/portalurbano\/#\/schema\/logo\/image\/"},"sameAs":["https:\/\/www.facebook.com\/Portal-Urbano-171542830093757\/","https:\/\/twitter.com\/portalurbanook","https:\/\/www.instagram.com\/_portalurbano\/","https:\/\/www.youtube.com\/channel\/UCXhagIfszH8KxFiOok79zbA?view_as=subscriber"]},{"@type":"Person","@id":"https:\/\/experienciadevida.com.ar\/portalurbano\/#\/schema\/person\/02dd326b1c4b056e9cc972486934a3a7","name":"admpu17wp","image":{"@type":"ImageObject","inLanguage":"es","@id":"https:\/\/experienciadevida.com.ar\/portalurbano\/#\/schema\/person\/image\/","url":"https:\/\/secure.gravatar.com\/avatar\/830d4c57adaae6630765e449a6908047?s=96&d=mm&r=g","contentUrl":"https:\/\/secure.gravatar.com\/avatar\/830d4c57adaae6630765e449a6908047?s=96&d=mm&r=g","caption":"admpu17wp"}}]}},"featured_image_urls":{"full":["https:\/\/experienciadevida.com.ar\/portalurbano\/wp-content\/uploads\/2022\/06\/Se-realizo-la-primera.jpg",800,500,false],"thumbnail":["https:\/\/experienciadevida.com.ar\/portalurbano\/wp-content\/uploads\/2022\/06\/Se-realizo-la-primera-150x150.jpg",150,150,true],"medium":["https:\/\/experienciadevida.com.ar\/portalurbano\/wp-content\/uploads\/2022\/06\/Se-realizo-la-primera-300x188.jpg",300,188,true],"medium_large":["https:\/\/experienciadevida.com.ar\/portalurbano\/wp-content\/uploads\/2022\/06\/Se-realizo-la-primera-768x480.jpg",640,400,true],"large":["https:\/\/experienciadevida.com.ar\/portalurbano\/wp-content\/uploads\/2022\/06\/Se-realizo-la-primera.jpg",640,400,false],"ug_big":["https:\/\/experienciadevida.com.ar\/portalurbano\/wp-content\/uploads\/2022\/06\/Se-realizo-la-primera-768x480.jpg",768,480,true],"1536x1536":["https:\/\/experienciadevida.com.ar\/portalurbano\/wp-content\/uploads\/2022\/06\/Se-realizo-la-primera.jpg",800,500,false],"2048x2048":["https:\/\/experienciadevida.com.ar\/portalurbano\/wp-content\/uploads\/2022\/06\/Se-realizo-la-primera.jpg",800,500,false],"newsever-slider-full":["https:\/\/experienciadevida.com.ar\/portalurbano\/wp-content\/uploads\/2022\/06\/Se-realizo-la-primera.jpg",800,500,false],"newsever-featured":["https:\/\/experienciadevida.com.ar\/portalurbano\/wp-content\/uploads\/2022\/06\/Se-realizo-la-primera.jpg",800,500,false],"newsever-medium":["https:\/\/experienciadevida.com.ar\/portalurbano\/wp-content\/uploads\/2022\/06\/Se-realizo-la-primera.jpg",720,450,false],"web-stories-poster-portrait":["https:\/\/experienciadevida.com.ar\/portalurbano\/wp-content\/uploads\/2022\/06\/Se-realizo-la-primera.jpg",640,400,false],"web-stories-publisher-logo":["https:\/\/experienciadevida.com.ar\/portalurbano\/wp-content\/uploads\/2022\/06\/Se-realizo-la-primera.jpg",96,60,false],"web-stories-thumbnail":["https:\/\/experienciadevida.com.ar\/portalurbano\/wp-content\/uploads\/2022\/06\/Se-realizo-la-primera.jpg",150,94,false]},"author_info":{"display_name":"admpu17wp","author_link":"https:\/\/experienciadevida.com.ar\/portalurbano\/author\/admpu17wp\/"},"category_info":"<a href=\"https:\/\/experienciadevida.com.ar\/portalurbano\/category\/ciudad\/\" rel=\"category tag\">Ciudad<\/a> <a href=\"https:\/\/experienciadevida.com.ar\/portalurbano\/category\/destacadas-2\/\" rel=\"category tag\">Destacadas 2<\/a>","tag_info":"Destacadas 2","comment_count":"0","amp_enabled":true,"_links":{"self":[{"href":"https:\/\/experienciadevida.com.ar\/portalurbano\/wp-json\/wp\/v2\/posts\/168868"}],"collection":[{"href":"https:\/\/experienciadevida.com.ar\/portalurbano\/wp-json\/wp\/v2\/posts"}],"about":[{"href":"https:\/\/experienciadevida.com.ar\/portalurbano\/wp-json\/wp\/v2\/types\/post"}],"author":[{"embeddable":true,"href":"https:\/\/experienciadevida.com.ar\/portalurbano\/wp-json\/wp\/v2\/users\/1"}],"replies":[{"embeddable":true,"href":"https:\/\/experienciadevida.com.ar\/portalurbano\/wp-json\/wp\/v2\/comments?post=168868"}],"version-history":[{"count":3,"href":"https:\/\/experienciadevida.com.ar\/portalurbano\/wp-json\/wp\/v2\/posts\/168868\/revisions"}],"predecessor-version":[{"id":168873,"href":"https:\/\/experienciadevida.com.ar\/portalurbano\/wp-json\/wp\/v2\/posts\/168868\/revisions\/168873"}],"wp:featuredmedia":[{"embeddable":true,"href":"https:\/\/experienciadevida.com.ar\/portalurbano\/wp-json\/wp\/v2\/media\/168869"}],"wp:attachment":[{"href":"https:\/\/experienciadevida.com.ar\/portalurbano\/wp-json\/wp\/v2\/media?parent=168868"}],"wp:term":[{"taxonomy":"category","embeddable":true,"href":"https:\/\/experienciadevida.com.ar\/portalurbano\/wp-json\/wp\/v2\/categories?post=168868"},{"taxonomy":"post_tag","embeddable":true,"href":"https:\/\/experienciadevida.com.ar\/portalurbano\/wp-json\/wp\/v2\/tags?post=168868"}],"curies":[{"name":"wp","href":"https:\/\/api.w.org\/{rel}","templated":true}]}}