{"id":168865,"date":"2022-06-03T12:30:51","date_gmt":"2022-06-03T15:30:51","guid":{"rendered":"https:\/\/experienciadevida.com.ar\/portalurbano\/?p=168865"},"modified":"2022-06-03T12:31:49","modified_gmt":"2022-06-03T15:31:49","slug":"subsecretaria-de-seguridad-reunion-en-el-barrio-pickelado","status":"publish","type":"post","link":"https:\/\/experienciadevida.com.ar\/portalurbano\/subsecretaria-de-seguridad-reunion-en-el-barrio-pickelado\/","title":{"rendered":"Subsecretar\u00eda de Seguridad: Reuni\u00f3n en el Barrio Pickelado"},"content":{"rendered":"<p>Subsecretar\u00eda de Seguridad: Reuni\u00f3n en el Barrio Pickelado, as\u00ed lo informaron desde la Subsecretar\u00eda de Seguridad se inform\u00f3 que en la tarde del \u00faltimo jueves las instalaciones del Servicio Territorial <a href=\"https:\/\/www.facebook.com\/municipiodeolavarria\">Municipal<\/a> N\u00b0 2 fueron sede de un encuentro del que tomaron parte referentes del \u00e1mbito de seguridad local, tanto municipal como policial, como vecinos y vecinas del Barrio Pickelado.<\/p>\n<p>El encuentro fue encabezado por el subsecretario Mario Busto, quien estuvo acompa\u00f1ado por el jefe del Comando de Patrullas subcomisario Nicol\u00e1s Kette, el titular de la polic\u00eda Local comisario Mart\u00edn Cort\u00e9s, el segundo jefe de la comisar\u00eda Primera oficial principal Juan Garc\u00eda y el teniente primero Juan L\u00f3pez, responsable de Motopolic\u00edas.<\/p>\n<p>La ocasi\u00f3n sirvi\u00f3 para tomar conocimiento de los planteos e inquietudes de habitantes de ese punto de la ciudad, que asistieron en importante cantidad. Adem\u00e1s, se les aconsej\u00f3 a los concurrentes que incorporen en sus tel\u00e9fonos celulares la herramienta de protecci\u00f3n ciudadana Ojos en Alerta.<\/p>\n<p>Concientizaci\u00f3n en Seguridad Vial<\/p>\n<p>Por otra parte, se inform\u00f3 que d\u00edas atr\u00e1s en las instalaciones de la Escuela Secundaria N\u00b0 3 \u201cAmalia Lacroze de Fortabat\u201d de Loma Negra se llev\u00f3 a cabo una jornada educaci\u00f3n y concientizaci\u00f3n en Seguridad Vial, a la que concurrieron un importante n\u00famero de alumnos e integrantes de la comunidad educativa del mencionado establecimiento.<\/p>\n<p>La jornada es parte en el proyecto de Concientizaci\u00f3n en Seguridad Vial impulsado desde la Subsecretar\u00eda de Seguridad. En ese sentido se record\u00f3 que el pr\u00f3ximo 10 de junio se conmemorar\u00e1 en todo el territorio nacional el D\u00eda de la Seguridad Vial, pero desde la Municipalidad del Olavarr\u00eda todo junio ser\u00e1 considerado el \u201cMes de la Seguridad Vial\u201d, por lo que se realizar\u00e1n diversas labores y campa\u00f1as en materia de educaci\u00f3n y concientizaci\u00f3n.<\/p>\n<p>La actividad fue liderada por el comisario Rub\u00e9n Aquila, quien es adem\u00e1s el asesor letrado de la Estaci\u00f3n de Polic\u00eda Departamental Olavarr\u00eda, y la oficial inspector Daiana Salvatierra, perito en accidentolog\u00eda vial y Subdirectora del Centro de Altos Estudios Policiales.<\/p>\n","protected":false},"excerpt":{"rendered":"<p>Subsecretar\u00eda de Seguridad: Reuni\u00f3n en el Barrio Pickelado, as\u00ed lo informaron desde la Subsecretar\u00eda de&#8230;<\/p>\n","protected":false},"author":1,"featured_media":168866,"comment_status":"closed","ping_status":"closed","sticky":false,"template":"","format":"standard","meta":{"content-type":""},"categories":[27],"tags":[],"nelio_content":{"isAutoShareEnabled":false,"autoShareEndMode":"default","automationSources":{"useContentSentences":true,"useSocialTemplates":true,"useCustomSentences":false,"customSentences":[]},"followers":[1],"suggestedReferences":[],"includedReferences":[],"efiUrl":"","efiAlt":"","highlights":[]},"yoast_head":"<!-- This site is optimized with the Yoast SEO plugin v20.7 - https:\/\/yoast.com\/wordpress\/plugins\/seo\/ -->\n<title>Subsecretar\u00eda de seguridad: reuni\u00f3n en el barrio pickelado<\/title>\n<meta name=\"description\" content=\"Subsecretar\u00eda de Seguridad: Reuni\u00f3n en el Barrio Pickelado, as\u00ed lo informaron desde la Subsecretar\u00eda de Seguridad la reuni\u00f3n fue el jueves\" \/>\n<meta name=\"robots\" content=\"index, follow, max-snippet:-1, max-image-preview:large, max-video-preview:-1\" \/>\n<link rel=\"canonical\" href=\"https:\/\/experienciadevida.com.ar\/portalurbano\/subsecretaria-de-seguridad-reunion-en-el-barrio-pickelado\/\" \/>\n<meta property=\"og:locale\" content=\"es_ES\" \/>\n<meta property=\"og:type\" content=\"article\" \/>\n<meta property=\"og:title\" content=\"Subsecretar\u00eda de seguridad: reuni\u00f3n en el barrio pickelado\" \/>\n<meta property=\"og:description\" content=\"Subsecretar\u00eda de Seguridad: Reuni\u00f3n en el Barrio Pickelado, as\u00ed lo informaron desde la Subsecretar\u00eda de Seguridad la reuni\u00f3n fue el jueves\" \/>\n<meta property=\"og:url\" content=\"https:\/\/experienciadevida.com.ar\/portalurbano\/subsecretaria-de-seguridad-reunion-en-el-barrio-pickelado\/\" \/>\n<meta property=\"article:publisher\" content=\"https:\/\/www.facebook.com\/Portal-Urbano-171542830093757\/\" \/>\n<meta property=\"article:published_time\" content=\"2022-06-03T15:30:51+00:00\" \/>\n<meta property=\"article:modified_time\" content=\"2022-06-03T15:31:49+00:00\" \/>\n<meta property=\"og:image\" content=\"https:\/\/experienciadevida.com.ar\/portalurbano\/wp-content\/uploads\/2022\/06\/Subsecretaria-de-Seguridad.jpg\" \/>\n\t<meta property=\"og:image:width\" content=\"1772\" \/>\n\t<meta property=\"og:image:height\" content=\"1181\" \/>\n\t<meta property=\"og:image:type\" content=\"image\/jpeg\" \/>\n<meta name=\"author\" content=\"admpu17wp\" \/>\n<meta name=\"twitter:card\" content=\"summary_large_image\" \/>\n<meta name=\"twitter:creator\" content=\"@portalurbanook\" \/>\n<meta name=\"twitter:site\" content=\"@portalurbanook\" \/>\n<meta name=\"twitter:label1\" content=\"Escrito por\" \/>\n\t<meta name=\"twitter:data1\" content=\"admpu17wp\" \/>\n\t<meta name=\"twitter:label2\" content=\"Tiempo de lectura\" \/>\n\t<meta name=\"twitter:data2\" content=\"2 minutos\" \/>\n<script type=\"application\/ld+json\" class=\"yoast-schema-graph\">{\"@context\":\"https:\/\/schema.org\",\"@graph\":[{\"@type\":\"Article\",\"@id\":\"https:\/\/experienciadevida.com.ar\/portalurbano\/subsecretaria-de-seguridad-reunion-en-el-barrio-pickelado\/#article\",\"isPartOf\":{\"@id\":\"https:\/\/experienciadevida.com.ar\/portalurbano\/subsecretaria-de-seguridad-reunion-en-el-barrio-pickelado\/\"},\"author\":{\"name\":\"admpu17wp\",\"@id\":\"https:\/\/experienciadevida.com.ar\/portalurbano\/#\/schema\/person\/02dd326b1c4b056e9cc972486934a3a7\"},\"headline\":\"Subsecretar\u00eda de Seguridad: Reuni\u00f3n en el Barrio Pickelado\",\"datePublished\":\"2022-06-03T15:30:51+00:00\",\"dateModified\":\"2022-06-03T15:31:49+00:00\",\"mainEntityOfPage\":{\"@id\":\"https:\/\/experienciadevida.com.ar\/portalurbano\/subsecretaria-de-seguridad-reunion-en-el-barrio-pickelado\/\"},\"wordCount\":370,\"publisher\":{\"@id\":\"https:\/\/experienciadevida.com.ar\/portalurbano\/#organization\"},\"articleSection\":[\"Ciudad\"],\"inLanguage\":\"es\"},{\"@type\":\"WebPage\",\"@id\":\"https:\/\/experienciadevida.com.ar\/portalurbano\/subsecretaria-de-seguridad-reunion-en-el-barrio-pickelado\/\",\"url\":\"https:\/\/experienciadevida.com.ar\/portalurbano\/subsecretaria-de-seguridad-reunion-en-el-barrio-pickelado\/\",\"name\":\"Subsecretar\u00eda de seguridad: reuni\u00f3n en el barrio pickelado\",\"isPartOf\":{\"@id\":\"https:\/\/experienciadevida.com.ar\/portalurbano\/#website\"},\"datePublished\":\"2022-06-03T15:30:51+00:00\",\"dateModified\":\"2022-06-03T15:31:49+00:00\",\"description\":\"Subsecretar\u00eda de Seguridad: Reuni\u00f3n en el Barrio Pickelado, as\u00ed lo informaron desde la Subsecretar\u00eda de Seguridad la reuni\u00f3n fue el jueves\",\"breadcrumb\":{\"@id\":\"https:\/\/experienciadevida.com.ar\/portalurbano\/subsecretaria-de-seguridad-reunion-en-el-barrio-pickelado\/#breadcrumb\"},\"inLanguage\":\"es\",\"potentialAction\":[{\"@type\":\"ReadAction\",\"target\":[\"https:\/\/experienciadevida.com.ar\/portalurbano\/subsecretaria-de-seguridad-reunion-en-el-barrio-pickelado\/\"]}]},{\"@type\":\"BreadcrumbList\",\"@id\":\"https:\/\/experienciadevida.com.ar\/portalurbano\/subsecretaria-de-seguridad-reunion-en-el-barrio-pickelado\/#breadcrumb\",\"itemListElement\":[{\"@type\":\"ListItem\",\"position\":1,\"name\":\"Portada\",\"item\":\"https:\/\/experienciadevida.com.ar\/portalurbano\/\"},{\"@type\":\"ListItem\",\"position\":2,\"name\":\"Subsecretar\u00eda de Seguridad: Reuni\u00f3n en el Barrio Pickelado\"}]},{\"@type\":\"WebSite\",\"@id\":\"https:\/\/experienciadevida.com.ar\/portalurbano\/#website\",\"url\":\"https:\/\/experienciadevida.com.ar\/portalurbano\/\",\"name\":\"\",\"description\":\"\",\"publisher\":{\"@id\":\"https:\/\/experienciadevida.com.ar\/portalurbano\/#organization\"},\"potentialAction\":[{\"@type\":\"SearchAction\",\"target\":{\"@type\":\"EntryPoint\",\"urlTemplate\":\"https:\/\/experienciadevida.com.ar\/portalurbano\/?s={search_term_string}\"},\"query-input\":\"required name=search_term_string\"}],\"inLanguage\":\"es\"},{\"@type\":\"Organization\",\"@id\":\"https:\/\/experienciadevida.com.ar\/portalurbano\/#organization\",\"name\":\"Portal Urbano\",\"url\":\"https:\/\/experienciadevida.com.ar\/portalurbano\/\",\"logo\":{\"@type\":\"ImageObject\",\"inLanguage\":\"es\",\"@id\":\"https:\/\/experienciadevida.com.ar\/portalurbano\/#\/schema\/logo\/image\/\",\"url\":\"https:\/\/experienciadevida.com.ar\/portalurbano\/wp-content\/uploads\/2019\/09\/Logo-Original.png\",\"contentUrl\":\"https:\/\/experienciadevida.com.ar\/portalurbano\/wp-content\/uploads\/2019\/09\/Logo-Original.png\",\"width\":2236,\"height\":1216,\"caption\":\"Portal Urbano\"},\"image\":{\"@id\":\"https:\/\/experienciadevida.com.ar\/portalurbano\/#\/schema\/logo\/image\/\"},\"sameAs\":[\"https:\/\/www.facebook.com\/Portal-Urbano-171542830093757\/\",\"https:\/\/twitter.com\/portalurbanook\",\"https:\/\/www.instagram.com\/_portalurbano\/\",\"https:\/\/www.youtube.com\/channel\/UCXhagIfszH8KxFiOok79zbA?view_as=subscriber\"]},{\"@type\":\"Person\",\"@id\":\"https:\/\/experienciadevida.com.ar\/portalurbano\/#\/schema\/person\/02dd326b1c4b056e9cc972486934a3a7\",\"name\":\"admpu17wp\",\"image\":{\"@type\":\"ImageObject\",\"inLanguage\":\"es\",\"@id\":\"https:\/\/experienciadevida.com.ar\/portalurbano\/#\/schema\/person\/image\/\",\"url\":\"https:\/\/secure.gravatar.com\/avatar\/830d4c57adaae6630765e449a6908047?s=96&d=mm&r=g\",\"contentUrl\":\"https:\/\/secure.gravatar.com\/avatar\/830d4c57adaae6630765e449a6908047?s=96&d=mm&r=g\",\"caption\":\"admpu17wp\"}}]}<\/script>\n<!-- \/ Yoast SEO plugin. -->","yoast_head_json":{"title":"Subsecretar\u00eda de seguridad: reuni\u00f3n en el barrio pickelado","description":"Subsecretar\u00eda de Seguridad: Reuni\u00f3n en el Barrio Pickelado, as\u00ed lo informaron desde la Subsecretar\u00eda de Seguridad la reuni\u00f3n fue el jueves","robots":{"index":"index","follow":"follow","max-snippet":"max-snippet:-1","max-image-preview":"max-image-preview:large","max-video-preview":"max-video-preview:-1"},"canonical":"https:\/\/experienciadevida.com.ar\/portalurbano\/subsecretaria-de-seguridad-reunion-en-el-barrio-pickelado\/","og_locale":"es_ES","og_type":"article","og_title":"Subsecretar\u00eda de seguridad: reuni\u00f3n en el barrio pickelado","og_description":"Subsecretar\u00eda de Seguridad: Reuni\u00f3n en el Barrio Pickelado, as\u00ed lo informaron desde la Subsecretar\u00eda de Seguridad la reuni\u00f3n fue el jueves","og_url":"https:\/\/experienciadevida.com.ar\/portalurbano\/subsecretaria-de-seguridad-reunion-en-el-barrio-pickelado\/","article_publisher":"https:\/\/www.facebook.com\/Portal-Urbano-171542830093757\/","article_published_time":"2022-06-03T15:30:51+00:00","article_modified_time":"2022-06-03T15:31:49+00:00","og_image":[{"width":1772,"height":1181,"url":"https:\/\/experienciadevida.com.ar\/portalurbano\/wp-content\/uploads\/2022\/06\/Subsecretaria-de-Seguridad.jpg","type":"image\/jpeg"}],"author":"admpu17wp","twitter_card":"summary_large_image","twitter_creator":"@portalurbanook","twitter_site":"@portalurbanook","twitter_misc":{"Escrito por":"admpu17wp","Tiempo de lectura":"2 minutos"},"schema":{"@context":"https:\/\/schema.org","@graph":[{"@type":"Article","@id":"https:\/\/experienciadevida.com.ar\/portalurbano\/subsecretaria-de-seguridad-reunion-en-el-barrio-pickelado\/#article","isPartOf":{"@id":"https:\/\/experienciadevida.com.ar\/portalurbano\/subsecretaria-de-seguridad-reunion-en-el-barrio-pickelado\/"},"author":{"name":"admpu17wp","@id":"https:\/\/experienciadevida.com.ar\/portalurbano\/#\/schema\/person\/02dd326b1c4b056e9cc972486934a3a7"},"headline":"Subsecretar\u00eda de Seguridad: Reuni\u00f3n en el Barrio Pickelado","datePublished":"2022-06-03T15:30:51+00:00","dateModified":"2022-06-03T15:31:49+00:00","mainEntityOfPage":{"@id":"https:\/\/experienciadevida.com.ar\/portalurbano\/subsecretaria-de-seguridad-reunion-en-el-barrio-pickelado\/"},"wordCount":370,"publisher":{"@id":"https:\/\/experienciadevida.com.ar\/portalurbano\/#organization"},"articleSection":["Ciudad"],"inLanguage":"es"},{"@type":"WebPage","@id":"https:\/\/experienciadevida.com.ar\/portalurbano\/subsecretaria-de-seguridad-reunion-en-el-barrio-pickelado\/","url":"https:\/\/experienciadevida.com.ar\/portalurbano\/subsecretaria-de-seguridad-reunion-en-el-barrio-pickelado\/","name":"Subsecretar\u00eda de seguridad: reuni\u00f3n en el barrio pickelado","isPartOf":{"@id":"https:\/\/experienciadevida.com.ar\/portalurbano\/#website"},"datePublished":"2022-06-03T15:30:51+00:00","dateModified":"2022-06-03T15:31:49+00:00","description":"Subsecretar\u00eda de Seguridad: Reuni\u00f3n en el Barrio Pickelado, as\u00ed lo informaron desde la Subsecretar\u00eda de Seguridad la reuni\u00f3n fue el jueves","breadcrumb":{"@id":"https:\/\/experienciadevida.com.ar\/portalurbano\/subsecretaria-de-seguridad-reunion-en-el-barrio-pickelado\/#breadcrumb"},"inLanguage":"es","potentialAction":[{"@type":"ReadAction","target":["https:\/\/experienciadevida.com.ar\/portalurbano\/subsecretaria-de-seguridad-reunion-en-el-barrio-pickelado\/"]}]},{"@type":"BreadcrumbList","@id":"https:\/\/experienciadevida.com.ar\/portalurbano\/subsecretaria-de-seguridad-reunion-en-el-barrio-pickelado\/#breadcrumb","itemListElement":[{"@type":"ListItem","position":1,"name":"Portada","item":"https:\/\/experienciadevida.com.ar\/portalurbano\/"},{"@type":"ListItem","position":2,"name":"Subsecretar\u00eda de Seguridad: Reuni\u00f3n en el Barrio Pickelado"}]},{"@type":"WebSite","@id":"https:\/\/experienciadevida.com.ar\/portalurbano\/#website","url":"https:\/\/experienciadevida.com.ar\/portalurbano\/","name":"","description":"","publisher":{"@id":"https:\/\/experienciadevida.com.ar\/portalurbano\/#organization"},"potentialAction":[{"@type":"SearchAction","target":{"@type":"EntryPoint","urlTemplate":"https:\/\/experienciadevida.com.ar\/portalurbano\/?s={search_term_string}"},"query-input":"required name=search_term_string"}],"inLanguage":"es"},{"@type":"Organization","@id":"https:\/\/experienciadevida.com.ar\/portalurbano\/#organization","name":"Portal Urbano","url":"https:\/\/experienciadevida.com.ar\/portalurbano\/","logo":{"@type":"ImageObject","inLanguage":"es","@id":"https:\/\/experienciadevida.com.ar\/portalurbano\/#\/schema\/logo\/image\/","url":"https:\/\/experienciadevida.com.ar\/portalurbano\/wp-content\/uploads\/2019\/09\/Logo-Original.png","contentUrl":"https:\/\/experienciadevida.com.ar\/portalurbano\/wp-content\/uploads\/2019\/09\/Logo-Original.png","width":2236,"height":1216,"caption":"Portal Urbano"},"image":{"@id":"https:\/\/experienciadevida.com.ar\/portalurbano\/#\/schema\/logo\/image\/"},"sameAs":["https:\/\/www.facebook.com\/Portal-Urbano-171542830093757\/","https:\/\/twitter.com\/portalurbanook","https:\/\/www.instagram.com\/_portalurbano\/","https:\/\/www.youtube.com\/channel\/UCXhagIfszH8KxFiOok79zbA?view_as=subscriber"]},{"@type":"Person","@id":"https:\/\/experienciadevida.com.ar\/portalurbano\/#\/schema\/person\/02dd326b1c4b056e9cc972486934a3a7","name":"admpu17wp","image":{"@type":"ImageObject","inLanguage":"es","@id":"https:\/\/experienciadevida.com.ar\/portalurbano\/#\/schema\/person\/image\/","url":"https:\/\/secure.gravatar.com\/avatar\/830d4c57adaae6630765e449a6908047?s=96&d=mm&r=g","contentUrl":"https:\/\/secure.gravatar.com\/avatar\/830d4c57adaae6630765e449a6908047?s=96&d=mm&r=g","caption":"admpu17wp"}}]}},"featured_image_urls":{"full":["https:\/\/experienciadevida.com.ar\/portalurbano\/wp-content\/uploads\/2022\/06\/Subsecretaria-de-Seguridad.jpg",1772,1181,false],"thumbnail":["https:\/\/experienciadevida.com.ar\/portalurbano\/wp-content\/uploads\/2022\/06\/Subsecretaria-de-Seguridad-150x150.jpg",150,150,true],"medium":["https:\/\/experienciadevida.com.ar\/portalurbano\/wp-content\/uploads\/2022\/06\/Subsecretaria-de-Seguridad-300x200.jpg",300,200,true],"medium_large":["https:\/\/experienciadevida.com.ar\/portalurbano\/wp-content\/uploads\/2022\/06\/Subsecretaria-de-Seguridad-768x512.jpg",640,427,true],"large":["https:\/\/experienciadevida.com.ar\/portalurbano\/wp-content\/uploads\/2022\/06\/Subsecretaria-de-Seguridad-1024x682.jpg",640,426,true],"ug_big":["https:\/\/experienciadevida.com.ar\/portalurbano\/wp-content\/uploads\/2022\/06\/Subsecretaria-de-Seguridad-768x512.jpg",768,512,true],"1536x1536":["https:\/\/experienciadevida.com.ar\/portalurbano\/wp-content\/uploads\/2022\/06\/Subsecretaria-de-Seguridad-1536x1024.jpg",1536,1024,true],"2048x2048":["https:\/\/experienciadevida.com.ar\/portalurbano\/wp-content\/uploads\/2022\/06\/Subsecretaria-de-Seguridad.jpg",1772,1181,false],"newsever-slider-full":["https:\/\/experienciadevida.com.ar\/portalurbano\/wp-content\/uploads\/2022\/06\/Subsecretaria-de-Seguridad.jpg",1268,845,false],"newsever-featured":["https:\/\/experienciadevida.com.ar\/portalurbano\/wp-content\/uploads\/2022\/06\/Subsecretaria-de-Seguridad.jpg",1024,682,false],"newsever-medium":["https:\/\/experienciadevida.com.ar\/portalurbano\/wp-content\/uploads\/2022\/06\/Subsecretaria-de-Seguridad.jpg",713,475,false],"web-stories-poster-portrait":["https:\/\/experienciadevida.com.ar\/portalurbano\/wp-content\/uploads\/2022\/06\/Subsecretaria-de-Seguridad.jpg",640,427,false],"web-stories-publisher-logo":["https:\/\/experienciadevida.com.ar\/portalurbano\/wp-content\/uploads\/2022\/06\/Subsecretaria-de-Seguridad.jpg",96,64,false],"web-stories-thumbnail":["https:\/\/experienciadevida.com.ar\/portalurbano\/wp-content\/uploads\/2022\/06\/Subsecretaria-de-Seguridad.jpg",150,100,false]},"author_info":{"display_name":"admpu17wp","author_link":"https:\/\/experienciadevida.com.ar\/portalurbano\/author\/admpu17wp\/"},"category_info":"<a href=\"https:\/\/experienciadevida.com.ar\/portalurbano\/category\/ciudad\/\" rel=\"category tag\">Ciudad<\/a>","tag_info":"Ciudad","comment_count":"0","amp_enabled":true,"_links":{"self":[{"href":"https:\/\/experienciadevida.com.ar\/portalurbano\/wp-json\/wp\/v2\/posts\/168865"}],"collection":[{"href":"https:\/\/experienciadevida.com.ar\/portalurbano\/wp-json\/wp\/v2\/posts"}],"about":[{"href":"https:\/\/experienciadevida.com.ar\/portalurbano\/wp-json\/wp\/v2\/types\/post"}],"author":[{"embeddable":true,"href":"https:\/\/experienciadevida.com.ar\/portalurbano\/wp-json\/wp\/v2\/users\/1"}],"replies":[{"embeddable":true,"href":"https:\/\/experienciadevida.com.ar\/portalurbano\/wp-json\/wp\/v2\/comments?post=168865"}],"version-history":[{"count":1,"href":"https:\/\/experienciadevida.com.ar\/portalurbano\/wp-json\/wp\/v2\/posts\/168865\/revisions"}],"predecessor-version":[{"id":168867,"href":"https:\/\/experienciadevida.com.ar\/portalurbano\/wp-json\/wp\/v2\/posts\/168865\/revisions\/168867"}],"wp:featuredmedia":[{"embeddable":true,"href":"https:\/\/experienciadevida.com.ar\/portalurbano\/wp-json\/wp\/v2\/media\/168866"}],"wp:attachment":[{"href":"https:\/\/experienciadevida.com.ar\/portalurbano\/wp-json\/wp\/v2\/media?parent=168865"}],"wp:term":[{"taxonomy":"category","embeddable":true,"href":"https:\/\/experienciadevida.com.ar\/portalurbano\/wp-json\/wp\/v2\/categories?post=168865"},{"taxonomy":"post_tag","embeddable":true,"href":"https:\/\/experienciadevida.com.ar\/portalurbano\/wp-json\/wp\/v2\/tags?post=168865"}],"curies":[{"name":"wp","href":"https:\/\/api.w.org\/{rel}","templated":true}]}}