{"id":168858,"date":"2022-06-03T12:24:47","date_gmt":"2022-06-03T15:24:47","guid":{"rendered":"https:\/\/experienciadevida.com.ar\/portalurbano\/?p=168858"},"modified":"2022-06-03T12:28:02","modified_gmt":"2022-06-03T15:28:02","slug":"mantenimiento-de-calles-en-la-candela-san-lorenzo-y-villa-aurora","status":"publish","type":"post","link":"https:\/\/experienciadevida.com.ar\/portalurbano\/mantenimiento-de-calles-en-la-candela-san-lorenzo-y-villa-aurora\/","title":{"rendered":"Mantenimiento de calles en La Candela, San Lorenzo y Villa Aurora"},"content":{"rendered":"<p>Mantenimiento de calles en La Candela, San Lorenzo y Villa Aurora, as\u00ed lo informaron desde la Secretar\u00eda de Mantenimiento y Obras P\u00fablicas de la <a href=\"https:\/\/www.facebook.com\/municipiodeolavarria\">Municipalidad<\/a> se informaron los trabajos en materia de mejoramiento y limpieza de calles, que se desarrollaron en distintos puntos de la ciudad.<\/p>\n<p><a href=\"https:\/\/experienciadevida.com.ar\/portalurbano\/mantenimiento-de-calles-en-la-candela-san-lorenzo-y-villa-aurora\/mantenimiento-6\/\" rel=\"attachment wp-att-168861\"><img decoding=\"async\" class=\"alignnone size-large wp-image-168861\" src=\"https:\/\/experienciadevida.com.ar\/portalurbano\/wp-content\/uploads\/2022\/06\/Mantenimiento-1024x682.jpg\" alt=\"Mantenimiento \" width=\"900\" height=\"599\" srcset=\"https:\/\/experienciadevida.com.ar\/portalurbano\/wp-content\/uploads\/2022\/06\/Mantenimiento-1024x682.jpg 1024w, https:\/\/experienciadevida.com.ar\/portalurbano\/wp-content\/uploads\/2022\/06\/Mantenimiento-300x200.jpg 300w, https:\/\/experienciadevida.com.ar\/portalurbano\/wp-content\/uploads\/2022\/06\/Mantenimiento-768x512.jpg 768w, https:\/\/experienciadevida.com.ar\/portalurbano\/wp-content\/uploads\/2022\/06\/Mantenimiento-1536x1024.jpg 1536w, https:\/\/experienciadevida.com.ar\/portalurbano\/wp-content\/uploads\/2022\/06\/Mantenimiento.jpg 1772w\" sizes=\"(max-width: 900px) 100vw, 900px\" \/><\/a><\/p>\n<p>Durante esta semana se desarrollaron tareas de mantenimiento y limpieza de calles en los barrios La Candela, San Lorenzo y Villa Aurora (desmonte y entoscado).<\/p>\n<p>El Plan de Mantenimiento Urbano tiene por finalidad, por un lado, mejorar el estado de las calles, la transitabilidad, la accesibilidad tanto para los vecinos del sector, como as\u00ed tambi\u00e9n para el ingreso de los servicios de emergencias, y por otro, mejorar la evacuaci\u00f3n del agua, especialmente en el per\u00edodo de lluvias, cuando se originan mayores complicaciones.<\/p>\n<p>Por otra parte se trabaj\u00f3 nuevamente en la limpieza del basural a cielo abierto de Av. Eva Per\u00f3n, entre Av. Avellaneda y Camino a Frontera Sur. En dicho sector concretamente este tipo de tareas se ejecutan cada 15 d\u00edas, debido a la gran cantidad de residuos, que se encuentran de manera permanente.<\/p>\n<p>En este sentido se solicita a la comunidad no arrojar residuos en lugares no permitidos para tal fin, con el prop\u00f3sito de contribuir con el cuidado del ambiente en el que vivimos todos.<\/p>\n<p>La Ordenanza N\u00ba 195\/84 establece importantes multas econ\u00f3micas por arrojar o depositar basura, animales muertos en calles, terrenos o lugares no autorizados o destinados a tal fin, sacar los residuos domiciliarios en d\u00edas y horarios no habilitados, tener basura depositada, esti\u00e9rcol o material en descomposici\u00f3n dentro de la propiedad, tener bald\u00edos en mal estado de higiene, pastizales, etc.<\/p>\n<p>Cabe resaltar que este tipo de obras son ejecutadas con personal, recursos y equipamiento vial propio, bajo la supervisi\u00f3n de la Direcci\u00f3n de Mantenimiento Urbano.<\/p>\n<p><a href=\"https:\/\/experienciadevida.com.ar\/portalurbano\/mantenimiento-de-calles-en-la-candela-san-lorenzo-y-villa-aurora\/de-calles-3\/\" rel=\"attachment wp-att-168862\"><img decoding=\"async\" class=\"alignnone size-large wp-image-168862\" src=\"https:\/\/experienciadevida.com.ar\/portalurbano\/wp-content\/uploads\/2022\/06\/de-calles-1024x682.jpg\" alt=\"de calles \" width=\"900\" height=\"599\" srcset=\"https:\/\/experienciadevida.com.ar\/portalurbano\/wp-content\/uploads\/2022\/06\/de-calles-1024x682.jpg 1024w, https:\/\/experienciadevida.com.ar\/portalurbano\/wp-content\/uploads\/2022\/06\/de-calles-300x200.jpg 300w, https:\/\/experienciadevida.com.ar\/portalurbano\/wp-content\/uploads\/2022\/06\/de-calles-768x512.jpg 768w, https:\/\/experienciadevida.com.ar\/portalurbano\/wp-content\/uploads\/2022\/06\/de-calles-1536x1024.jpg 1536w, https:\/\/experienciadevida.com.ar\/portalurbano\/wp-content\/uploads\/2022\/06\/de-calles.jpg 1772w\" sizes=\"(max-width: 900px) 100vw, 900px\" \/><\/a><\/p>\n","protected":false},"excerpt":{"rendered":"<p>Mantenimiento de calles en La Candela, San Lorenzo y Villa Aurora, as\u00ed lo informaron desde&#8230;<\/p>\n","protected":false},"author":1,"featured_media":168859,"comment_status":"closed","ping_status":"closed","sticky":false,"template":"","format":"standard","meta":{"content-type":""},"categories":[27,51],"tags":[],"nelio_content":{"isAutoShareEnabled":false,"autoShareEndMode":"default","automationSources":{"useContentSentences":true,"useSocialTemplates":true,"useCustomSentences":false,"customSentences":[]},"followers":[1],"suggestedReferences":[],"includedReferences":[],"efiUrl":"","efiAlt":"","highlights":[]},"yoast_head":"<!-- This site is optimized with the Yoast SEO plugin v20.7 - https:\/\/yoast.com\/wordpress\/plugins\/seo\/ -->\n<title>Mantenimiento de calles en la Candela, San Lorenzo y Villa Aurora<\/title>\n<meta name=\"description\" content=\"Mantenimiento de calles en La Candela, San Lorenzo y Villa Aurora, as\u00ed lo informaron desde la Secretar\u00eda de mantenimiento y obras p\u00fablicas\" \/>\n<meta name=\"robots\" content=\"index, follow, max-snippet:-1, max-image-preview:large, max-video-preview:-1\" \/>\n<link rel=\"canonical\" href=\"https:\/\/experienciadevida.com.ar\/portalurbano\/mantenimiento-de-calles-en-la-candela-san-lorenzo-y-villa-aurora\/\" \/>\n<meta property=\"og:locale\" content=\"es_ES\" \/>\n<meta property=\"og:type\" content=\"article\" \/>\n<meta property=\"og:title\" content=\"Mantenimiento de calles en la Candela, San Lorenzo y Villa Aurora\" \/>\n<meta property=\"og:description\" content=\"Mantenimiento de calles en La Candela, San Lorenzo y Villa Aurora, as\u00ed lo informaron desde la Secretar\u00eda de mantenimiento y obras p\u00fablicas\" \/>\n<meta property=\"og:url\" content=\"https:\/\/experienciadevida.com.ar\/portalurbano\/mantenimiento-de-calles-en-la-candela-san-lorenzo-y-villa-aurora\/\" \/>\n<meta property=\"article:publisher\" content=\"https:\/\/www.facebook.com\/Portal-Urbano-171542830093757\/\" \/>\n<meta property=\"article:published_time\" content=\"2022-06-03T15:24:47+00:00\" \/>\n<meta property=\"article:modified_time\" content=\"2022-06-03T15:28:02+00:00\" \/>\n<meta property=\"og:image\" content=\"https:\/\/experienciadevida.com.ar\/portalurbano\/wp-content\/uploads\/2022\/06\/Mantenimiento-de-calles-en.jpg\" \/>\n\t<meta property=\"og:image:width\" content=\"1772\" \/>\n\t<meta property=\"og:image:height\" content=\"1181\" \/>\n\t<meta property=\"og:image:type\" content=\"image\/jpeg\" \/>\n<meta name=\"author\" content=\"admpu17wp\" \/>\n<meta name=\"twitter:card\" content=\"summary_large_image\" \/>\n<meta name=\"twitter:creator\" content=\"@portalurbanook\" \/>\n<meta name=\"twitter:site\" content=\"@portalurbanook\" \/>\n<meta name=\"twitter:label1\" content=\"Escrito por\" \/>\n\t<meta name=\"twitter:data1\" content=\"admpu17wp\" \/>\n\t<meta name=\"twitter:label2\" content=\"Tiempo de lectura\" \/>\n\t<meta name=\"twitter:data2\" content=\"2 minutos\" \/>\n<script type=\"application\/ld+json\" class=\"yoast-schema-graph\">{\"@context\":\"https:\/\/schema.org\",\"@graph\":[{\"@type\":\"Article\",\"@id\":\"https:\/\/experienciadevida.com.ar\/portalurbano\/mantenimiento-de-calles-en-la-candela-san-lorenzo-y-villa-aurora\/#article\",\"isPartOf\":{\"@id\":\"https:\/\/experienciadevida.com.ar\/portalurbano\/mantenimiento-de-calles-en-la-candela-san-lorenzo-y-villa-aurora\/\"},\"author\":{\"name\":\"admpu17wp\",\"@id\":\"https:\/\/experienciadevida.com.ar\/portalurbano\/#\/schema\/person\/02dd326b1c4b056e9cc972486934a3a7\"},\"headline\":\"Mantenimiento de calles en La Candela, San Lorenzo y Villa Aurora\",\"datePublished\":\"2022-06-03T15:24:47+00:00\",\"dateModified\":\"2022-06-03T15:28:02+00:00\",\"mainEntityOfPage\":{\"@id\":\"https:\/\/experienciadevida.com.ar\/portalurbano\/mantenimiento-de-calles-en-la-candela-san-lorenzo-y-villa-aurora\/\"},\"wordCount\":320,\"publisher\":{\"@id\":\"https:\/\/experienciadevida.com.ar\/portalurbano\/#organization\"},\"articleSection\":[\"Ciudad\",\"Destacadas\"],\"inLanguage\":\"es\"},{\"@type\":\"WebPage\",\"@id\":\"https:\/\/experienciadevida.com.ar\/portalurbano\/mantenimiento-de-calles-en-la-candela-san-lorenzo-y-villa-aurora\/\",\"url\":\"https:\/\/experienciadevida.com.ar\/portalurbano\/mantenimiento-de-calles-en-la-candela-san-lorenzo-y-villa-aurora\/\",\"name\":\"Mantenimiento de calles en la Candela, San Lorenzo y Villa Aurora\",\"isPartOf\":{\"@id\":\"https:\/\/experienciadevida.com.ar\/portalurbano\/#website\"},\"datePublished\":\"2022-06-03T15:24:47+00:00\",\"dateModified\":\"2022-06-03T15:28:02+00:00\",\"description\":\"Mantenimiento de calles en La Candela, San Lorenzo y Villa Aurora, as\u00ed lo informaron desde la Secretar\u00eda de mantenimiento y obras p\u00fablicas\",\"breadcrumb\":{\"@id\":\"https:\/\/experienciadevida.com.ar\/portalurbano\/mantenimiento-de-calles-en-la-candela-san-lorenzo-y-villa-aurora\/#breadcrumb\"},\"inLanguage\":\"es\",\"potentialAction\":[{\"@type\":\"ReadAction\",\"target\":[\"https:\/\/experienciadevida.com.ar\/portalurbano\/mantenimiento-de-calles-en-la-candela-san-lorenzo-y-villa-aurora\/\"]}]},{\"@type\":\"BreadcrumbList\",\"@id\":\"https:\/\/experienciadevida.com.ar\/portalurbano\/mantenimiento-de-calles-en-la-candela-san-lorenzo-y-villa-aurora\/#breadcrumb\",\"itemListElement\":[{\"@type\":\"ListItem\",\"position\":1,\"name\":\"Portada\",\"item\":\"https:\/\/experienciadevida.com.ar\/portalurbano\/\"},{\"@type\":\"ListItem\",\"position\":2,\"name\":\"Mantenimiento de calles en La Candela, San Lorenzo y Villa Aurora\"}]},{\"@type\":\"WebSite\",\"@id\":\"https:\/\/experienciadevida.com.ar\/portalurbano\/#website\",\"url\":\"https:\/\/experienciadevida.com.ar\/portalurbano\/\",\"name\":\"\",\"description\":\"\",\"publisher\":{\"@id\":\"https:\/\/experienciadevida.com.ar\/portalurbano\/#organization\"},\"potentialAction\":[{\"@type\":\"SearchAction\",\"target\":{\"@type\":\"EntryPoint\",\"urlTemplate\":\"https:\/\/experienciadevida.com.ar\/portalurbano\/?s={search_term_string}\"},\"query-input\":\"required name=search_term_string\"}],\"inLanguage\":\"es\"},{\"@type\":\"Organization\",\"@id\":\"https:\/\/experienciadevida.com.ar\/portalurbano\/#organization\",\"name\":\"Portal Urbano\",\"url\":\"https:\/\/experienciadevida.com.ar\/portalurbano\/\",\"logo\":{\"@type\":\"ImageObject\",\"inLanguage\":\"es\",\"@id\":\"https:\/\/experienciadevida.com.ar\/portalurbano\/#\/schema\/logo\/image\/\",\"url\":\"https:\/\/experienciadevida.com.ar\/portalurbano\/wp-content\/uploads\/2019\/09\/Logo-Original.png\",\"contentUrl\":\"https:\/\/experienciadevida.com.ar\/portalurbano\/wp-content\/uploads\/2019\/09\/Logo-Original.png\",\"width\":2236,\"height\":1216,\"caption\":\"Portal Urbano\"},\"image\":{\"@id\":\"https:\/\/experienciadevida.com.ar\/portalurbano\/#\/schema\/logo\/image\/\"},\"sameAs\":[\"https:\/\/www.facebook.com\/Portal-Urbano-171542830093757\/\",\"https:\/\/twitter.com\/portalurbanook\",\"https:\/\/www.instagram.com\/_portalurbano\/\",\"https:\/\/www.youtube.com\/channel\/UCXhagIfszH8KxFiOok79zbA?view_as=subscriber\"]},{\"@type\":\"Person\",\"@id\":\"https:\/\/experienciadevida.com.ar\/portalurbano\/#\/schema\/person\/02dd326b1c4b056e9cc972486934a3a7\",\"name\":\"admpu17wp\",\"image\":{\"@type\":\"ImageObject\",\"inLanguage\":\"es\",\"@id\":\"https:\/\/experienciadevida.com.ar\/portalurbano\/#\/schema\/person\/image\/\",\"url\":\"https:\/\/secure.gravatar.com\/avatar\/830d4c57adaae6630765e449a6908047?s=96&d=mm&r=g\",\"contentUrl\":\"https:\/\/secure.gravatar.com\/avatar\/830d4c57adaae6630765e449a6908047?s=96&d=mm&r=g\",\"caption\":\"admpu17wp\"}}]}<\/script>\n<!-- \/ Yoast SEO plugin. -->","yoast_head_json":{"title":"Mantenimiento de calles en la Candela, San Lorenzo y Villa Aurora","description":"Mantenimiento de calles en La Candela, San Lorenzo y Villa Aurora, as\u00ed lo informaron desde la Secretar\u00eda de mantenimiento y obras p\u00fablicas","robots":{"index":"index","follow":"follow","max-snippet":"max-snippet:-1","max-image-preview":"max-image-preview:large","max-video-preview":"max-video-preview:-1"},"canonical":"https:\/\/experienciadevida.com.ar\/portalurbano\/mantenimiento-de-calles-en-la-candela-san-lorenzo-y-villa-aurora\/","og_locale":"es_ES","og_type":"article","og_title":"Mantenimiento de calles en la Candela, San Lorenzo y Villa Aurora","og_description":"Mantenimiento de calles en La Candela, San Lorenzo y Villa Aurora, as\u00ed lo informaron desde la Secretar\u00eda de mantenimiento y obras p\u00fablicas","og_url":"https:\/\/experienciadevida.com.ar\/portalurbano\/mantenimiento-de-calles-en-la-candela-san-lorenzo-y-villa-aurora\/","article_publisher":"https:\/\/www.facebook.com\/Portal-Urbano-171542830093757\/","article_published_time":"2022-06-03T15:24:47+00:00","article_modified_time":"2022-06-03T15:28:02+00:00","og_image":[{"width":1772,"height":1181,"url":"https:\/\/experienciadevida.com.ar\/portalurbano\/wp-content\/uploads\/2022\/06\/Mantenimiento-de-calles-en.jpg","type":"image\/jpeg"}],"author":"admpu17wp","twitter_card":"summary_large_image","twitter_creator":"@portalurbanook","twitter_site":"@portalurbanook","twitter_misc":{"Escrito por":"admpu17wp","Tiempo de lectura":"2 minutos"},"schema":{"@context":"https:\/\/schema.org","@graph":[{"@type":"Article","@id":"https:\/\/experienciadevida.com.ar\/portalurbano\/mantenimiento-de-calles-en-la-candela-san-lorenzo-y-villa-aurora\/#article","isPartOf":{"@id":"https:\/\/experienciadevida.com.ar\/portalurbano\/mantenimiento-de-calles-en-la-candela-san-lorenzo-y-villa-aurora\/"},"author":{"name":"admpu17wp","@id":"https:\/\/experienciadevida.com.ar\/portalurbano\/#\/schema\/person\/02dd326b1c4b056e9cc972486934a3a7"},"headline":"Mantenimiento de calles en La Candela, San Lorenzo y Villa Aurora","datePublished":"2022-06-03T15:24:47+00:00","dateModified":"2022-06-03T15:28:02+00:00","mainEntityOfPage":{"@id":"https:\/\/experienciadevida.com.ar\/portalurbano\/mantenimiento-de-calles-en-la-candela-san-lorenzo-y-villa-aurora\/"},"wordCount":320,"publisher":{"@id":"https:\/\/experienciadevida.com.ar\/portalurbano\/#organization"},"articleSection":["Ciudad","Destacadas"],"inLanguage":"es"},{"@type":"WebPage","@id":"https:\/\/experienciadevida.com.ar\/portalurbano\/mantenimiento-de-calles-en-la-candela-san-lorenzo-y-villa-aurora\/","url":"https:\/\/experienciadevida.com.ar\/portalurbano\/mantenimiento-de-calles-en-la-candela-san-lorenzo-y-villa-aurora\/","name":"Mantenimiento de calles en la Candela, San Lorenzo y Villa Aurora","isPartOf":{"@id":"https:\/\/experienciadevida.com.ar\/portalurbano\/#website"},"datePublished":"2022-06-03T15:24:47+00:00","dateModified":"2022-06-03T15:28:02+00:00","description":"Mantenimiento de calles en La Candela, San Lorenzo y Villa Aurora, as\u00ed lo informaron desde la Secretar\u00eda de mantenimiento y obras p\u00fablicas","breadcrumb":{"@id":"https:\/\/experienciadevida.com.ar\/portalurbano\/mantenimiento-de-calles-en-la-candela-san-lorenzo-y-villa-aurora\/#breadcrumb"},"inLanguage":"es","potentialAction":[{"@type":"ReadAction","target":["https:\/\/experienciadevida.com.ar\/portalurbano\/mantenimiento-de-calles-en-la-candela-san-lorenzo-y-villa-aurora\/"]}]},{"@type":"BreadcrumbList","@id":"https:\/\/experienciadevida.com.ar\/portalurbano\/mantenimiento-de-calles-en-la-candela-san-lorenzo-y-villa-aurora\/#breadcrumb","itemListElement":[{"@type":"ListItem","position":1,"name":"Portada","item":"https:\/\/experienciadevida.com.ar\/portalurbano\/"},{"@type":"ListItem","position":2,"name":"Mantenimiento de calles en La Candela, San Lorenzo y Villa Aurora"}]},{"@type":"WebSite","@id":"https:\/\/experienciadevida.com.ar\/portalurbano\/#website","url":"https:\/\/experienciadevida.com.ar\/portalurbano\/","name":"","description":"","publisher":{"@id":"https:\/\/experienciadevida.com.ar\/portalurbano\/#organization"},"potentialAction":[{"@type":"SearchAction","target":{"@type":"EntryPoint","urlTemplate":"https:\/\/experienciadevida.com.ar\/portalurbano\/?s={search_term_string}"},"query-input":"required name=search_term_string"}],"inLanguage":"es"},{"@type":"Organization","@id":"https:\/\/experienciadevida.com.ar\/portalurbano\/#organization","name":"Portal Urbano","url":"https:\/\/experienciadevida.com.ar\/portalurbano\/","logo":{"@type":"ImageObject","inLanguage":"es","@id":"https:\/\/experienciadevida.com.ar\/portalurbano\/#\/schema\/logo\/image\/","url":"https:\/\/experienciadevida.com.ar\/portalurbano\/wp-content\/uploads\/2019\/09\/Logo-Original.png","contentUrl":"https:\/\/experienciadevida.com.ar\/portalurbano\/wp-content\/uploads\/2019\/09\/Logo-Original.png","width":2236,"height":1216,"caption":"Portal Urbano"},"image":{"@id":"https:\/\/experienciadevida.com.ar\/portalurbano\/#\/schema\/logo\/image\/"},"sameAs":["https:\/\/www.facebook.com\/Portal-Urbano-171542830093757\/","https:\/\/twitter.com\/portalurbanook","https:\/\/www.instagram.com\/_portalurbano\/","https:\/\/www.youtube.com\/channel\/UCXhagIfszH8KxFiOok79zbA?view_as=subscriber"]},{"@type":"Person","@id":"https:\/\/experienciadevida.com.ar\/portalurbano\/#\/schema\/person\/02dd326b1c4b056e9cc972486934a3a7","name":"admpu17wp","image":{"@type":"ImageObject","inLanguage":"es","@id":"https:\/\/experienciadevida.com.ar\/portalurbano\/#\/schema\/person\/image\/","url":"https:\/\/secure.gravatar.com\/avatar\/830d4c57adaae6630765e449a6908047?s=96&d=mm&r=g","contentUrl":"https:\/\/secure.gravatar.com\/avatar\/830d4c57adaae6630765e449a6908047?s=96&d=mm&r=g","caption":"admpu17wp"}}]}},"featured_image_urls":{"full":["https:\/\/experienciadevida.com.ar\/portalurbano\/wp-content\/uploads\/2022\/06\/Mantenimiento-de-calles-en.jpg",1772,1181,false],"thumbnail":["https:\/\/experienciadevida.com.ar\/portalurbano\/wp-content\/uploads\/2022\/06\/Mantenimiento-de-calles-en-150x150.jpg",150,150,true],"medium":["https:\/\/experienciadevida.com.ar\/portalurbano\/wp-content\/uploads\/2022\/06\/Mantenimiento-de-calles-en-300x200.jpg",300,200,true],"medium_large":["https:\/\/experienciadevida.com.ar\/portalurbano\/wp-content\/uploads\/2022\/06\/Mantenimiento-de-calles-en-768x512.jpg",640,427,true],"large":["https:\/\/experienciadevida.com.ar\/portalurbano\/wp-content\/uploads\/2022\/06\/Mantenimiento-de-calles-en-1024x682.jpg",640,426,true],"ug_big":["https:\/\/experienciadevida.com.ar\/portalurbano\/wp-content\/uploads\/2022\/06\/Mantenimiento-de-calles-en-768x512.jpg",768,512,true],"1536x1536":["https:\/\/experienciadevida.com.ar\/portalurbano\/wp-content\/uploads\/2022\/06\/Mantenimiento-de-calles-en-1536x1024.jpg",1536,1024,true],"2048x2048":["https:\/\/experienciadevida.com.ar\/portalurbano\/wp-content\/uploads\/2022\/06\/Mantenimiento-de-calles-en.jpg",1772,1181,false],"newsever-slider-full":["https:\/\/experienciadevida.com.ar\/portalurbano\/wp-content\/uploads\/2022\/06\/Mantenimiento-de-calles-en.jpg",1268,845,false],"newsever-featured":["https:\/\/experienciadevida.com.ar\/portalurbano\/wp-content\/uploads\/2022\/06\/Mantenimiento-de-calles-en.jpg",1024,682,false],"newsever-medium":["https:\/\/experienciadevida.com.ar\/portalurbano\/wp-content\/uploads\/2022\/06\/Mantenimiento-de-calles-en.jpg",713,475,false],"web-stories-poster-portrait":["https:\/\/experienciadevida.com.ar\/portalurbano\/wp-content\/uploads\/2022\/06\/Mantenimiento-de-calles-en.jpg",640,427,false],"web-stories-publisher-logo":["https:\/\/experienciadevida.com.ar\/portalurbano\/wp-content\/uploads\/2022\/06\/Mantenimiento-de-calles-en.jpg",96,64,false],"web-stories-thumbnail":["https:\/\/experienciadevida.com.ar\/portalurbano\/wp-content\/uploads\/2022\/06\/Mantenimiento-de-calles-en.jpg",150,100,false]},"author_info":{"display_name":"admpu17wp","author_link":"https:\/\/experienciadevida.com.ar\/portalurbano\/author\/admpu17wp\/"},"category_info":"<a href=\"https:\/\/experienciadevida.com.ar\/portalurbano\/category\/ciudad\/\" rel=\"category tag\">Ciudad<\/a> <a href=\"https:\/\/experienciadevida.com.ar\/portalurbano\/category\/destacadas\/\" rel=\"category tag\">Destacadas<\/a>","tag_info":"Destacadas","comment_count":"0","amp_enabled":true,"_links":{"self":[{"href":"https:\/\/experienciadevida.com.ar\/portalurbano\/wp-json\/wp\/v2\/posts\/168858"}],"collection":[{"href":"https:\/\/experienciadevida.com.ar\/portalurbano\/wp-json\/wp\/v2\/posts"}],"about":[{"href":"https:\/\/experienciadevida.com.ar\/portalurbano\/wp-json\/wp\/v2\/types\/post"}],"author":[{"embeddable":true,"href":"https:\/\/experienciadevida.com.ar\/portalurbano\/wp-json\/wp\/v2\/users\/1"}],"replies":[{"embeddable":true,"href":"https:\/\/experienciadevida.com.ar\/portalurbano\/wp-json\/wp\/v2\/comments?post=168858"}],"version-history":[{"count":3,"href":"https:\/\/experienciadevida.com.ar\/portalurbano\/wp-json\/wp\/v2\/posts\/168858\/revisions"}],"predecessor-version":[{"id":168864,"href":"https:\/\/experienciadevida.com.ar\/portalurbano\/wp-json\/wp\/v2\/posts\/168858\/revisions\/168864"}],"wp:featuredmedia":[{"embeddable":true,"href":"https:\/\/experienciadevida.com.ar\/portalurbano\/wp-json\/wp\/v2\/media\/168859"}],"wp:attachment":[{"href":"https:\/\/experienciadevida.com.ar\/portalurbano\/wp-json\/wp\/v2\/media?parent=168858"}],"wp:term":[{"taxonomy":"category","embeddable":true,"href":"https:\/\/experienciadevida.com.ar\/portalurbano\/wp-json\/wp\/v2\/categories?post=168858"},{"taxonomy":"post_tag","embeddable":true,"href":"https:\/\/experienciadevida.com.ar\/portalurbano\/wp-json\/wp\/v2\/tags?post=168858"}],"curies":[{"name":"wp","href":"https:\/\/api.w.org\/{rel}","templated":true}]}}