{"id":168846,"date":"2022-06-03T10:06:32","date_gmt":"2022-06-03T13:06:32","guid":{"rendered":"https:\/\/experienciadevida.com.ar\/portalurbano\/?p=168846"},"modified":"2022-06-03T10:10:07","modified_gmt":"2022-06-03T13:10:07","slug":"los-estudiantes-de-la-unidad-n2-celebraron-la-revolucion-de-mayo","status":"publish","type":"post","link":"https:\/\/experienciadevida.com.ar\/portalurbano\/los-estudiantes-de-la-unidad-n2-celebraron-la-revolucion-de-mayo\/","title":{"rendered":"Los estudiantes de la Unidad N\u00b02  celebraron la Revoluci\u00f3n de Mayo"},"content":{"rendered":"<p>Los estudiantes de la Unidad N\u00b02 celebraron la Revoluci\u00f3n de Mayo, en el marco de los festejos por la Revoluci\u00f3n de Mayo, los alumnos de la EEPA N\u00b0701 y el CENS N\u00b0455 alojados en la Unidad Penitenciaria N\u00b02 conmemoraron la fiesta patria en los turnos ma\u00f1ana, intermedio y tarde.<\/p>\n<p><a href=\"https:\/\/experienciadevida.com.ar\/portalurbano\/los-estudiantes-de-la-unidad-n2-celebraron-la-revolucion-de-mayo\/los-9\/\" rel=\"attachment wp-att-168848\"><img decoding=\"async\" class=\"alignnone size-full wp-image-168848\" src=\"https:\/\/experienciadevida.com.ar\/portalurbano\/wp-content\/uploads\/2022\/06\/Los.jpeg\" alt=\"Los \" width=\"768\" height=\"1024\" srcset=\"https:\/\/experienciadevida.com.ar\/portalurbano\/wp-content\/uploads\/2022\/06\/Los.jpeg 768w, https:\/\/experienciadevida.com.ar\/portalurbano\/wp-content\/uploads\/2022\/06\/Los-225x300.jpeg 225w, https:\/\/experienciadevida.com.ar\/portalurbano\/wp-content\/uploads\/2022\/06\/Los-576x768.jpeg 576w\" sizes=\"(max-width: 768px) 100vw, 768px\" \/><\/a><\/p>\n<p>En la escuela secundaria estuvo presente el Vice Director Pablo Acosta, el equipo docente y el Coordinador de Educaci\u00f3n de la Unidad N\u00b02, Pablo T\u00e9llez. El profesor Jes\u00fas G\u00f3mez L\u00f3pez y la profesora Fabiana Montenegro<br \/>\nfueron los oradores de la ceremonia. En primer lugar fue recibida la bandera de ceremonia, emblema de libertad, soberan\u00eda y s\u00edmbolo que nos representa.<\/p>\n<p>Luego de entonar las estrofas del Himno Nacional Argentino, Montenegro se refiri\u00f3 a esta fecha fundacional mencionando que \u201cpensar y debatir sobre los sucesos del pasado nos permite cuestionar aspectos de la realidad<br \/>\nactual. Un d\u00eda tan especial como el de hoy nos hace pensar en la libertad y en lo que debemos analizar para seguir siendo libres\u201d. Luego se retir\u00f3 la bandera de ceremonia y los presentes compartieron un video sobre los motivos del \u201c25 de Mayo\u201d y otro sobre el juego televisivo \u201cLos 8 escalones del 25 de Mayo\u201d con los estudiantes de todos los cursos.<\/p>\n<p>En la Escuela Primaria para Adultos N\u00b0701 &#8220;Madre Teresa de Calcuta&#8221;, su directora, Mariel Lasso, junto al equipo docente, los alumnos y Coordinador de Educaci\u00f3n tambi\u00e9n festejaron el d\u00eda patrio con una exposici\u00f3n sobre las<br \/>\nMujeres de la Revoluci\u00f3n basado en el libro del historiador Felipe Pignia.<\/p>\n<p><a href=\"https:\/\/experienciadevida.com.ar\/portalurbano\/los-estudiantes-de-la-unidad-n2-celebraron-la-revolucion-de-mayo\/estudiantes-2\/\" rel=\"attachment wp-att-168849\"><img decoding=\"async\" class=\"alignnone size-full wp-image-168849\" src=\"https:\/\/experienciadevida.com.ar\/portalurbano\/wp-content\/uploads\/2022\/06\/estudiantes.jpeg\" alt=\"estudiantes \" width=\"768\" height=\"1024\" srcset=\"https:\/\/experienciadevida.com.ar\/portalurbano\/wp-content\/uploads\/2022\/06\/estudiantes.jpeg 768w, https:\/\/experienciadevida.com.ar\/portalurbano\/wp-content\/uploads\/2022\/06\/estudiantes-225x300.jpeg 225w, https:\/\/experienciadevida.com.ar\/portalurbano\/wp-content\/uploads\/2022\/06\/estudiantes-576x768.jpeg 576w\" sizes=\"(max-width: 768px) 100vw, 768px\" \/><\/a><\/p>\n<p>Los estudiantes de la Unidad N\u00b02 celebraron la Revoluci\u00f3n de Mayo, tambi\u00e9n compartieron un video con la cronolog\u00eda de los hechos de la Semana de Mayo y disfrutaron de la danza de un \u201cGato\u201d y canto \u201cZamba de mi<br \/>\nesperanza\u201d. La directora Lasso cerr\u00f3 el acto con las palabras \u201cla libertad es un proyecto que se sostiene de manera individual y social con las acciones de cada d\u00eda. Estudiar nos hace m\u00e1s libres\u201d.<\/p>\n<p>Al finalizar los actos, los estudiantes de ambas instituciones disfrutaron de chocolate caliente y facturas elaboradas en la panader\u00eda de la Unidad N\u00b02. En las Unidades Penitenciarias 27 y 38 ambas escuelas, primaria y secundaria, tambi\u00e9n realizaron los actos conmemorativos de la fecha patria con la asistencia de docentes, directivos, alumnos y personal penitenciario.<\/p>\n<p>Fuente y Foto: Servicio Penitenciario Bonaerense<\/p>\n","protected":false},"excerpt":{"rendered":"<p>Los estudiantes de la Unidad N\u00b02 celebraron la Revoluci\u00f3n de Mayo, en el marco de&#8230;<\/p>\n","protected":false},"author":1,"featured_media":168847,"comment_status":"closed","ping_status":"closed","sticky":false,"template":"","format":"standard","meta":{"content-type":""},"categories":[27],"tags":[],"nelio_content":{"isAutoShareEnabled":false,"autoShareEndMode":"default","automationSources":{"useContentSentences":true,"useSocialTemplates":true,"useCustomSentences":false,"customSentences":[]},"followers":[1],"suggestedReferences":[],"includedReferences":[],"efiUrl":"","efiAlt":"","highlights":[]},"yoast_head":"<!-- This site is optimized with the Yoast SEO plugin v20.7 - https:\/\/yoast.com\/wordpress\/plugins\/seo\/ -->\n<title>Los estudiantes de la Unidad n\u00b02, celebraron la Revoluci\u00f3n de Mayo<\/title>\n<meta name=\"description\" content=\"Los estudiantes de la Unidad N\u00b02 celebraron la Revoluci\u00f3n de Mayo, en el marco de los festejos por la Revoluci\u00f3n de Mayo,\" \/>\n<meta name=\"robots\" content=\"index, follow, max-snippet:-1, max-image-preview:large, max-video-preview:-1\" \/>\n<link rel=\"canonical\" href=\"https:\/\/experienciadevida.com.ar\/portalurbano\/los-estudiantes-de-la-unidad-n2-celebraron-la-revolucion-de-mayo\/\" \/>\n<meta property=\"og:locale\" content=\"es_ES\" \/>\n<meta property=\"og:type\" content=\"article\" \/>\n<meta property=\"og:title\" content=\"Los estudiantes de la Unidad n\u00b02, celebraron la Revoluci\u00f3n de Mayo\" \/>\n<meta property=\"og:description\" content=\"Los estudiantes de la Unidad N\u00b02 celebraron la Revoluci\u00f3n de Mayo, en el marco de los festejos por la Revoluci\u00f3n de Mayo,\" \/>\n<meta property=\"og:url\" content=\"https:\/\/experienciadevida.com.ar\/portalurbano\/los-estudiantes-de-la-unidad-n2-celebraron-la-revolucion-de-mayo\/\" \/>\n<meta property=\"article:publisher\" content=\"https:\/\/www.facebook.com\/Portal-Urbano-171542830093757\/\" \/>\n<meta property=\"article:published_time\" content=\"2022-06-03T13:06:32+00:00\" \/>\n<meta property=\"article:modified_time\" content=\"2022-06-03T13:10:07+00:00\" \/>\n<meta property=\"og:image\" content=\"https:\/\/experienciadevida.com.ar\/portalurbano\/wp-content\/uploads\/2022\/06\/Los-estudiantes-de-la-scaled.jpg\" \/>\n\t<meta property=\"og:image:width\" content=\"2560\" \/>\n\t<meta property=\"og:image:height\" content=\"1920\" \/>\n\t<meta property=\"og:image:type\" content=\"image\/jpeg\" \/>\n<meta name=\"author\" content=\"admpu17wp\" \/>\n<meta name=\"twitter:card\" content=\"summary_large_image\" \/>\n<meta name=\"twitter:creator\" content=\"@portalurbanook\" \/>\n<meta name=\"twitter:site\" content=\"@portalurbanook\" \/>\n<meta name=\"twitter:label1\" content=\"Escrito por\" \/>\n\t<meta name=\"twitter:data1\" content=\"admpu17wp\" \/>\n\t<meta name=\"twitter:label2\" content=\"Tiempo de lectura\" \/>\n\t<meta name=\"twitter:data2\" content=\"3 minutos\" \/>\n<script type=\"application\/ld+json\" class=\"yoast-schema-graph\">{\"@context\":\"https:\/\/schema.org\",\"@graph\":[{\"@type\":\"Article\",\"@id\":\"https:\/\/experienciadevida.com.ar\/portalurbano\/los-estudiantes-de-la-unidad-n2-celebraron-la-revolucion-de-mayo\/#article\",\"isPartOf\":{\"@id\":\"https:\/\/experienciadevida.com.ar\/portalurbano\/los-estudiantes-de-la-unidad-n2-celebraron-la-revolucion-de-mayo\/\"},\"author\":{\"name\":\"admpu17wp\",\"@id\":\"https:\/\/experienciadevida.com.ar\/portalurbano\/#\/schema\/person\/02dd326b1c4b056e9cc972486934a3a7\"},\"headline\":\"Los estudiantes de la Unidad N\u00b02 celebraron la Revoluci\u00f3n de Mayo\",\"datePublished\":\"2022-06-03T13:06:32+00:00\",\"dateModified\":\"2022-06-03T13:10:07+00:00\",\"mainEntityOfPage\":{\"@id\":\"https:\/\/experienciadevida.com.ar\/portalurbano\/los-estudiantes-de-la-unidad-n2-celebraron-la-revolucion-de-mayo\/\"},\"wordCount\":416,\"publisher\":{\"@id\":\"https:\/\/experienciadevida.com.ar\/portalurbano\/#organization\"},\"articleSection\":[\"Ciudad\"],\"inLanguage\":\"es\"},{\"@type\":\"WebPage\",\"@id\":\"https:\/\/experienciadevida.com.ar\/portalurbano\/los-estudiantes-de-la-unidad-n2-celebraron-la-revolucion-de-mayo\/\",\"url\":\"https:\/\/experienciadevida.com.ar\/portalurbano\/los-estudiantes-de-la-unidad-n2-celebraron-la-revolucion-de-mayo\/\",\"name\":\"Los estudiantes de la Unidad n\u00b02, celebraron la Revoluci\u00f3n de Mayo\",\"isPartOf\":{\"@id\":\"https:\/\/experienciadevida.com.ar\/portalurbano\/#website\"},\"datePublished\":\"2022-06-03T13:06:32+00:00\",\"dateModified\":\"2022-06-03T13:10:07+00:00\",\"description\":\"Los estudiantes de la Unidad N\u00b02 celebraron la Revoluci\u00f3n de Mayo, en el marco de los festejos por la Revoluci\u00f3n de Mayo,\",\"breadcrumb\":{\"@id\":\"https:\/\/experienciadevida.com.ar\/portalurbano\/los-estudiantes-de-la-unidad-n2-celebraron-la-revolucion-de-mayo\/#breadcrumb\"},\"inLanguage\":\"es\",\"potentialAction\":[{\"@type\":\"ReadAction\",\"target\":[\"https:\/\/experienciadevida.com.ar\/portalurbano\/los-estudiantes-de-la-unidad-n2-celebraron-la-revolucion-de-mayo\/\"]}]},{\"@type\":\"BreadcrumbList\",\"@id\":\"https:\/\/experienciadevida.com.ar\/portalurbano\/los-estudiantes-de-la-unidad-n2-celebraron-la-revolucion-de-mayo\/#breadcrumb\",\"itemListElement\":[{\"@type\":\"ListItem\",\"position\":1,\"name\":\"Portada\",\"item\":\"https:\/\/experienciadevida.com.ar\/portalurbano\/\"},{\"@type\":\"ListItem\",\"position\":2,\"name\":\"Los estudiantes de la Unidad N\u00b02 celebraron la Revoluci\u00f3n de Mayo\"}]},{\"@type\":\"WebSite\",\"@id\":\"https:\/\/experienciadevida.com.ar\/portalurbano\/#website\",\"url\":\"https:\/\/experienciadevida.com.ar\/portalurbano\/\",\"name\":\"\",\"description\":\"\",\"publisher\":{\"@id\":\"https:\/\/experienciadevida.com.ar\/portalurbano\/#organization\"},\"potentialAction\":[{\"@type\":\"SearchAction\",\"target\":{\"@type\":\"EntryPoint\",\"urlTemplate\":\"https:\/\/experienciadevida.com.ar\/portalurbano\/?s={search_term_string}\"},\"query-input\":\"required name=search_term_string\"}],\"inLanguage\":\"es\"},{\"@type\":\"Organization\",\"@id\":\"https:\/\/experienciadevida.com.ar\/portalurbano\/#organization\",\"name\":\"Portal Urbano\",\"url\":\"https:\/\/experienciadevida.com.ar\/portalurbano\/\",\"logo\":{\"@type\":\"ImageObject\",\"inLanguage\":\"es\",\"@id\":\"https:\/\/experienciadevida.com.ar\/portalurbano\/#\/schema\/logo\/image\/\",\"url\":\"https:\/\/experienciadevida.com.ar\/portalurbano\/wp-content\/uploads\/2019\/09\/Logo-Original.png\",\"contentUrl\":\"https:\/\/experienciadevida.com.ar\/portalurbano\/wp-content\/uploads\/2019\/09\/Logo-Original.png\",\"width\":2236,\"height\":1216,\"caption\":\"Portal Urbano\"},\"image\":{\"@id\":\"https:\/\/experienciadevida.com.ar\/portalurbano\/#\/schema\/logo\/image\/\"},\"sameAs\":[\"https:\/\/www.facebook.com\/Portal-Urbano-171542830093757\/\",\"https:\/\/twitter.com\/portalurbanook\",\"https:\/\/www.instagram.com\/_portalurbano\/\",\"https:\/\/www.youtube.com\/channel\/UCXhagIfszH8KxFiOok79zbA?view_as=subscriber\"]},{\"@type\":\"Person\",\"@id\":\"https:\/\/experienciadevida.com.ar\/portalurbano\/#\/schema\/person\/02dd326b1c4b056e9cc972486934a3a7\",\"name\":\"admpu17wp\",\"image\":{\"@type\":\"ImageObject\",\"inLanguage\":\"es\",\"@id\":\"https:\/\/experienciadevida.com.ar\/portalurbano\/#\/schema\/person\/image\/\",\"url\":\"https:\/\/secure.gravatar.com\/avatar\/830d4c57adaae6630765e449a6908047?s=96&d=mm&r=g\",\"contentUrl\":\"https:\/\/secure.gravatar.com\/avatar\/830d4c57adaae6630765e449a6908047?s=96&d=mm&r=g\",\"caption\":\"admpu17wp\"}}]}<\/script>\n<!-- \/ Yoast SEO plugin. -->","yoast_head_json":{"title":"Los estudiantes de la Unidad n\u00b02, celebraron la Revoluci\u00f3n de Mayo","description":"Los estudiantes de la Unidad N\u00b02 celebraron la Revoluci\u00f3n de Mayo, en el marco de los festejos por la Revoluci\u00f3n de Mayo,","robots":{"index":"index","follow":"follow","max-snippet":"max-snippet:-1","max-image-preview":"max-image-preview:large","max-video-preview":"max-video-preview:-1"},"canonical":"https:\/\/experienciadevida.com.ar\/portalurbano\/los-estudiantes-de-la-unidad-n2-celebraron-la-revolucion-de-mayo\/","og_locale":"es_ES","og_type":"article","og_title":"Los estudiantes de la Unidad n\u00b02, celebraron la Revoluci\u00f3n de Mayo","og_description":"Los estudiantes de la Unidad N\u00b02 celebraron la Revoluci\u00f3n de Mayo, en el marco de los festejos por la Revoluci\u00f3n de Mayo,","og_url":"https:\/\/experienciadevida.com.ar\/portalurbano\/los-estudiantes-de-la-unidad-n2-celebraron-la-revolucion-de-mayo\/","article_publisher":"https:\/\/www.facebook.com\/Portal-Urbano-171542830093757\/","article_published_time":"2022-06-03T13:06:32+00:00","article_modified_time":"2022-06-03T13:10:07+00:00","og_image":[{"width":2560,"height":1920,"url":"https:\/\/experienciadevida.com.ar\/portalurbano\/wp-content\/uploads\/2022\/06\/Los-estudiantes-de-la-scaled.jpg","type":"image\/jpeg"}],"author":"admpu17wp","twitter_card":"summary_large_image","twitter_creator":"@portalurbanook","twitter_site":"@portalurbanook","twitter_misc":{"Escrito por":"admpu17wp","Tiempo de lectura":"3 minutos"},"schema":{"@context":"https:\/\/schema.org","@graph":[{"@type":"Article","@id":"https:\/\/experienciadevida.com.ar\/portalurbano\/los-estudiantes-de-la-unidad-n2-celebraron-la-revolucion-de-mayo\/#article","isPartOf":{"@id":"https:\/\/experienciadevida.com.ar\/portalurbano\/los-estudiantes-de-la-unidad-n2-celebraron-la-revolucion-de-mayo\/"},"author":{"name":"admpu17wp","@id":"https:\/\/experienciadevida.com.ar\/portalurbano\/#\/schema\/person\/02dd326b1c4b056e9cc972486934a3a7"},"headline":"Los estudiantes de la Unidad N\u00b02 celebraron la Revoluci\u00f3n de Mayo","datePublished":"2022-06-03T13:06:32+00:00","dateModified":"2022-06-03T13:10:07+00:00","mainEntityOfPage":{"@id":"https:\/\/experienciadevida.com.ar\/portalurbano\/los-estudiantes-de-la-unidad-n2-celebraron-la-revolucion-de-mayo\/"},"wordCount":416,"publisher":{"@id":"https:\/\/experienciadevida.com.ar\/portalurbano\/#organization"},"articleSection":["Ciudad"],"inLanguage":"es"},{"@type":"WebPage","@id":"https:\/\/experienciadevida.com.ar\/portalurbano\/los-estudiantes-de-la-unidad-n2-celebraron-la-revolucion-de-mayo\/","url":"https:\/\/experienciadevida.com.ar\/portalurbano\/los-estudiantes-de-la-unidad-n2-celebraron-la-revolucion-de-mayo\/","name":"Los estudiantes de la Unidad n\u00b02, celebraron la Revoluci\u00f3n de Mayo","isPartOf":{"@id":"https:\/\/experienciadevida.com.ar\/portalurbano\/#website"},"datePublished":"2022-06-03T13:06:32+00:00","dateModified":"2022-06-03T13:10:07+00:00","description":"Los estudiantes de la Unidad N\u00b02 celebraron la Revoluci\u00f3n de Mayo, en el marco de los festejos por la Revoluci\u00f3n de Mayo,","breadcrumb":{"@id":"https:\/\/experienciadevida.com.ar\/portalurbano\/los-estudiantes-de-la-unidad-n2-celebraron-la-revolucion-de-mayo\/#breadcrumb"},"inLanguage":"es","potentialAction":[{"@type":"ReadAction","target":["https:\/\/experienciadevida.com.ar\/portalurbano\/los-estudiantes-de-la-unidad-n2-celebraron-la-revolucion-de-mayo\/"]}]},{"@type":"BreadcrumbList","@id":"https:\/\/experienciadevida.com.ar\/portalurbano\/los-estudiantes-de-la-unidad-n2-celebraron-la-revolucion-de-mayo\/#breadcrumb","itemListElement":[{"@type":"ListItem","position":1,"name":"Portada","item":"https:\/\/experienciadevida.com.ar\/portalurbano\/"},{"@type":"ListItem","position":2,"name":"Los estudiantes de la Unidad N\u00b02 celebraron la Revoluci\u00f3n de Mayo"}]},{"@type":"WebSite","@id":"https:\/\/experienciadevida.com.ar\/portalurbano\/#website","url":"https:\/\/experienciadevida.com.ar\/portalurbano\/","name":"","description":"","publisher":{"@id":"https:\/\/experienciadevida.com.ar\/portalurbano\/#organization"},"potentialAction":[{"@type":"SearchAction","target":{"@type":"EntryPoint","urlTemplate":"https:\/\/experienciadevida.com.ar\/portalurbano\/?s={search_term_string}"},"query-input":"required name=search_term_string"}],"inLanguage":"es"},{"@type":"Organization","@id":"https:\/\/experienciadevida.com.ar\/portalurbano\/#organization","name":"Portal Urbano","url":"https:\/\/experienciadevida.com.ar\/portalurbano\/","logo":{"@type":"ImageObject","inLanguage":"es","@id":"https:\/\/experienciadevida.com.ar\/portalurbano\/#\/schema\/logo\/image\/","url":"https:\/\/experienciadevida.com.ar\/portalurbano\/wp-content\/uploads\/2019\/09\/Logo-Original.png","contentUrl":"https:\/\/experienciadevida.com.ar\/portalurbano\/wp-content\/uploads\/2019\/09\/Logo-Original.png","width":2236,"height":1216,"caption":"Portal Urbano"},"image":{"@id":"https:\/\/experienciadevida.com.ar\/portalurbano\/#\/schema\/logo\/image\/"},"sameAs":["https:\/\/www.facebook.com\/Portal-Urbano-171542830093757\/","https:\/\/twitter.com\/portalurbanook","https:\/\/www.instagram.com\/_portalurbano\/","https:\/\/www.youtube.com\/channel\/UCXhagIfszH8KxFiOok79zbA?view_as=subscriber"]},{"@type":"Person","@id":"https:\/\/experienciadevida.com.ar\/portalurbano\/#\/schema\/person\/02dd326b1c4b056e9cc972486934a3a7","name":"admpu17wp","image":{"@type":"ImageObject","inLanguage":"es","@id":"https:\/\/experienciadevida.com.ar\/portalurbano\/#\/schema\/person\/image\/","url":"https:\/\/secure.gravatar.com\/avatar\/830d4c57adaae6630765e449a6908047?s=96&d=mm&r=g","contentUrl":"https:\/\/secure.gravatar.com\/avatar\/830d4c57adaae6630765e449a6908047?s=96&d=mm&r=g","caption":"admpu17wp"}}]}},"featured_image_urls":{"full":["https:\/\/experienciadevida.com.ar\/portalurbano\/wp-content\/uploads\/2022\/06\/Los-estudiantes-de-la-scaled.jpg",2560,1920,false],"thumbnail":["https:\/\/experienciadevida.com.ar\/portalurbano\/wp-content\/uploads\/2022\/06\/Los-estudiantes-de-la-150x150.jpg",150,150,true],"medium":["https:\/\/experienciadevida.com.ar\/portalurbano\/wp-content\/uploads\/2022\/06\/Los-estudiantes-de-la-300x225.jpg",300,225,true],"medium_large":["https:\/\/experienciadevida.com.ar\/portalurbano\/wp-content\/uploads\/2022\/06\/Los-estudiantes-de-la-768x576.jpg",640,480,true],"large":["https:\/\/experienciadevida.com.ar\/portalurbano\/wp-content\/uploads\/2022\/06\/Los-estudiantes-de-la-1024x768.jpg",640,480,true],"ug_big":["https:\/\/experienciadevida.com.ar\/portalurbano\/wp-content\/uploads\/2022\/06\/Los-estudiantes-de-la-768x576.jpg",768,576,true],"1536x1536":["https:\/\/experienciadevida.com.ar\/portalurbano\/wp-content\/uploads\/2022\/06\/Los-estudiantes-de-la-1536x1152.jpg",1536,1152,true],"2048x2048":["https:\/\/experienciadevida.com.ar\/portalurbano\/wp-content\/uploads\/2022\/06\/Los-estudiantes-de-la-2048x1536.jpg",2048,1536,true],"newsever-slider-full":["https:\/\/experienciadevida.com.ar\/portalurbano\/wp-content\/uploads\/2022\/06\/Los-estudiantes-de-la-scaled.jpg",1127,845,false],"newsever-featured":["https:\/\/experienciadevida.com.ar\/portalurbano\/wp-content\/uploads\/2022\/06\/Los-estudiantes-de-la-scaled.jpg",1024,768,false],"newsever-medium":["https:\/\/experienciadevida.com.ar\/portalurbano\/wp-content\/uploads\/2022\/06\/Los-estudiantes-de-la-scaled.jpg",633,475,false],"web-stories-poster-portrait":["https:\/\/experienciadevida.com.ar\/portalurbano\/wp-content\/uploads\/2022\/06\/Los-estudiantes-de-la-scaled.jpg",640,480,false],"web-stories-publisher-logo":["https:\/\/experienciadevida.com.ar\/portalurbano\/wp-content\/uploads\/2022\/06\/Los-estudiantes-de-la-scaled.jpg",96,72,false],"web-stories-thumbnail":["https:\/\/experienciadevida.com.ar\/portalurbano\/wp-content\/uploads\/2022\/06\/Los-estudiantes-de-la-scaled.jpg",150,113,false]},"author_info":{"display_name":"admpu17wp","author_link":"https:\/\/experienciadevida.com.ar\/portalurbano\/author\/admpu17wp\/"},"category_info":"<a href=\"https:\/\/experienciadevida.com.ar\/portalurbano\/category\/ciudad\/\" rel=\"category tag\">Ciudad<\/a>","tag_info":"Ciudad","comment_count":"0","amp_enabled":true,"_links":{"self":[{"href":"https:\/\/experienciadevida.com.ar\/portalurbano\/wp-json\/wp\/v2\/posts\/168846"}],"collection":[{"href":"https:\/\/experienciadevida.com.ar\/portalurbano\/wp-json\/wp\/v2\/posts"}],"about":[{"href":"https:\/\/experienciadevida.com.ar\/portalurbano\/wp-json\/wp\/v2\/types\/post"}],"author":[{"embeddable":true,"href":"https:\/\/experienciadevida.com.ar\/portalurbano\/wp-json\/wp\/v2\/users\/1"}],"replies":[{"embeddable":true,"href":"https:\/\/experienciadevida.com.ar\/portalurbano\/wp-json\/wp\/v2\/comments?post=168846"}],"version-history":[{"count":2,"href":"https:\/\/experienciadevida.com.ar\/portalurbano\/wp-json\/wp\/v2\/posts\/168846\/revisions"}],"predecessor-version":[{"id":168851,"href":"https:\/\/experienciadevida.com.ar\/portalurbano\/wp-json\/wp\/v2\/posts\/168846\/revisions\/168851"}],"wp:featuredmedia":[{"embeddable":true,"href":"https:\/\/experienciadevida.com.ar\/portalurbano\/wp-json\/wp\/v2\/media\/168847"}],"wp:attachment":[{"href":"https:\/\/experienciadevida.com.ar\/portalurbano\/wp-json\/wp\/v2\/media?parent=168846"}],"wp:term":[{"taxonomy":"category","embeddable":true,"href":"https:\/\/experienciadevida.com.ar\/portalurbano\/wp-json\/wp\/v2\/categories?post=168846"},{"taxonomy":"post_tag","embeddable":true,"href":"https:\/\/experienciadevida.com.ar\/portalurbano\/wp-json\/wp\/v2\/tags?post=168846"}],"curies":[{"name":"wp","href":"https:\/\/api.w.org\/{rel}","templated":true}]}}