{"id":168838,"date":"2022-06-03T09:31:35","date_gmt":"2022-06-03T12:31:35","guid":{"rendered":"https:\/\/experienciadevida.com.ar\/portalurbano\/?p=168838"},"modified":"2022-06-03T09:37:29","modified_gmt":"2022-06-03T12:37:29","slug":"el-bioparque-municipal-la-maxima-celebra-el-dia-mundial-del-medio-ambiente","status":"publish","type":"post","link":"https:\/\/experienciadevida.com.ar\/portalurbano\/el-bioparque-municipal-la-maxima-celebra-el-dia-mundial-del-medio-ambiente\/","title":{"rendered":"El Bioparque Municipal \u201cLa M\u00e1xima\u201d celebra el D\u00eda Mundial del Medio Ambiente"},"content":{"rendered":"<p>El Bioparque Municipal \u201cLa M\u00e1xima\u201d celebra el D\u00eda Mundial del Medio Ambiente, con una jornada de educaci\u00f3n para la conservaci\u00f3n de la Biodiversidad y los ecosistemas naturales.<\/p>\n<p>Dicha jornada se llevar\u00e1 a cabo el domingo 5 de junio, desde las 14 horas, en la Casona del Bioparque como punto de encuentro.<\/p>\n<p>Nuestro planeta se enfrenta a una triple emergencia planetaria: el clima se calienta a un ritmo demasiado r\u00e1pido para que las personas y la naturaleza se adapten; la p\u00e9rdida de h\u00e1bitat y otras presiones sobre la naturaleza han conllevado a que aproximadamente 1 mill\u00f3n de especies est\u00e9n en peligro de extinci\u00f3n; y la contaminaci\u00f3n contin\u00faa envenenando nuestro aire, tierra y agua.<\/p>\n<p>Salir de este conflicto implica transformar nuestras econom\u00edas y sociedades para hacerlas m\u00e1s inclusivas, m\u00e1s justas y m\u00e1s respetuosas con la naturaleza.<\/p>\n<p>Por esta raz\u00f3n nuestra instituci\u00f3n cumple un rol fundamental en el cuidado del ambiente.<\/p>\n<p>#UnaSolaTierra es la campa\u00f1a del D\u00eda Mundial del Medio Ambiente 2022, en la que se pretende concienciar sobre estas tres crisis, a la vez que se anima y fomenta la celebraci\u00f3n, protecci\u00f3n y restauraci\u00f3n de nuestro planeta a trav\u00e9s de diversas actividades.<\/p>\n<p>Actividades para el domingo<\/p>\n<p>Este domingo, desde las 14 horas, se podr\u00e1 visitar el reptilario para conocer los programas de Conservaci\u00f3n, Rescate y Reproducci\u00f3n que se est\u00e1n desarrollando:<\/p>\n<p>Reproducci\u00f3n de Boas Constrictor Constrictor.<br \/>\nConservaci\u00f3n de Boas Constrictor Occidentalis (Boa de las Vizcacheras)<br \/>\nRescate y Rehabilitaci\u00f3n de Reptiles del Pastizal Pampeano.<br \/>\nRescate de tortugas terrestres.<br \/>\nPosteriormente, a partir de las 15 horas, se podr\u00e1 disfrutar de una visita guiada para Redescubrir, Reconocer, Repensar y Reflexionar nuestro Bioparque Municipal \u201cLa M\u00e1xima\u201d<\/p>\n<p>En la visita podr\u00e1n interiorizarse acerca de los programas de conservaci\u00f3n, las mejoras en bienestar animal, futuros proyectos, el trabajo en el Centro de Rescate y Rehabilitaci\u00f3n de Fauna Silvestre y el programa de la Granja Educativa Integrada.<\/p>\n<p>El Bioparque est\u00e1 atravesando un proceso continuo de transformaciones y cambios. Es importante que se conozca, se valore y se comprenda, porque todos los animales que all\u00ed habitan tienen una historia para contar.<\/p>\n<p>Asimismo, los visitantes podr\u00e1n conocer el Centro de Interpretaci\u00f3n Ambiental (CIA) \u201cChurrinche\u201d: un espacio que facilita herramientas y estrategias para el conocimiento y la comprensi\u00f3n del entorno y la valoraci\u00f3n de sus problem\u00e1ticas. Su fin \u00faltimo es la apreciaci\u00f3n, disfrute, conservaci\u00f3n y mejora de los valores ambientales; tambi\u00e9n la generaci\u00f3n de capacidades, competencias, actitudes y comportamientos que permitan, faciliten e impulsen a los estudiantes y a la comunidad hacia la acci\u00f3n pro-ambiental, de mejora de los diversos aspectos del ambiente en el marco de la sostenibilidad; al tiempo que se convierta en un espacio para el desarrollo de contenidos, muestras y programas socioeducativos que hagan uso de las herramientas de la Educaci\u00f3n Ambiental y la Interpretaci\u00f3n Ambiental.<\/p>\n<p>En este espacio se podr\u00e1 visitar la Muestra Fotogr\u00e1fica \u201cAves Pampeanas\u201d de Carlos del \u00c1guila.<\/p>\n<p>Qu\u00e9 es el D\u00eda Mundial del Medio Ambiente<\/p>\n<p>Dirigido por el Programa de las Naciones Unidas para el Medio Ambiente (PNUMA) y celebrado cada 5 de junio desde 1973, el D\u00eda Mundial del Medio Ambiente es la plataforma mundial m\u00e1s grande para la divulgaci\u00f3n ambiental y lo celebran millones de personas en todo el mundo. Cada a\u00f1o lo auspicia un pa\u00eds diferente, y en este 2022 el anfitri\u00f3n y organizador es Suecia.<\/p>\n<p>De d\u00f3nde viene el lema de \u00abUna sola Tierra\u00bb<\/p>\n<p>Se trata de un eslogan con gran simbolismo ya que fue el empleado en la primera Conferencia de Estocolmo de 1972, un evento que puso el medio ambiente en la agenda global y condujo al establecimiento del D\u00eda Mundial del Medio Ambiente. Cincuenta a\u00f1os despu\u00e9s, Suecia acoge Estocolmo+50 del 2 al 3 de junio y el D\u00eda Mundial del Medio Ambiente el 5 de junio.<\/p>\n<p>Por qu\u00e9 necesitamos que participes<\/p>\n<p>El tiempo se acaba y la naturaleza se encuentra en situaci\u00f3n de emergencia. Para mantener el calentamiento global por debajo de 1,5 \u00b0C este siglo, debemos reducir a la mitad las emisiones anuales de gases de efecto invernadero para 2030. Si no actuamos ya, la exposici\u00f3n a aire contaminado aumentar\u00e1 en un 50% en esta d\u00e9cada, mientras que los desechos pl\u00e1sticos que fluyen hacia los ecosistemas acu\u00e1ticos podr\u00edan triplicarse para 2040. Pero estas no ser\u00e1n las \u00fanicas consecuencias. Le seguir\u00e1n muchas m\u00e1s.<\/p>\n<p>Necesitamos una acci\u00f3n urgente para abordar estos problemas apremiantes, haciendo que \u00abUna sola Tierra\u00bb y su enfoque sobre una vida sostenible en armon\u00eda con la naturaleza sea tan pertinente como siempre.<\/p>\n<p>Hacer que la vida sostenible sea nuestra primera opci\u00f3n<\/p>\n<p>La sostenibilidad puede aplicarse a m\u00faltiples aspectos. Desde la energ\u00eda, los sistemas de protecci\u00f3n de la biodiversidad, el comercio mundial o el transporte, pasando por c\u00f3mo vivimos en nuestras ciudades, c\u00f3mo y d\u00f3nde se invierte nuestro dinero, nuestros sistemas alimentarios y hasta lo que hacemos para divertirnos.<\/p>\n<p>Pero para elegir el camino de la sostenibilidad en todos los aspectos de la vida, debemos tener opciones disponibles, asequibles y atractivas y as\u00ed tomar mejores decisiones diarias. Muchas de estas opciones solo pueden generarlas entidades m\u00e1s grandes: gobiernos nacionales y subnacionales, instituciones financieras, empresas, organizaciones internacionales y otras organizaciones con el poder de reescribir las reglas, enmarcar nuestra ambici\u00f3n y abrir nuevos horizontes.<\/p>\n<p>As\u00ed, el papel de las personas y la sociedad civil debe centrarse en la defensa, la sensibilizaci\u00f3n y la participaci\u00f3n al respecto. Cuanto m\u00e1s alcemos nuestras voces, enfaticemos lo que se debe hacer y se\u00f1alemos qui\u00e9n es el responsable, m\u00e1s r\u00e1pido vendr\u00e1 el cambio.<\/p>\n<p>Al apoyar el D\u00eda Mundial del Medio Ambiente 2022 y la campa\u00f1a #UnaSolaTierra puedes ayudar a garantizar que este hermoso y \u00fanico planeta siga siendo un hogar confortable para la humanidad.<\/p>\n","protected":false},"excerpt":{"rendered":"<p>El Bioparque Municipal \u201cLa M\u00e1xima\u201d celebra el D\u00eda Mundial del Medio Ambiente, con una jornada&#8230;<\/p>\n","protected":false},"author":1,"featured_media":71737,"comment_status":"closed","ping_status":"closed","sticky":false,"template":"","format":"standard","meta":{"content-type":""},"categories":[27,64],"tags":[],"nelio_content":{"isAutoShareEnabled":false,"autoShareEndMode":"default","automationSources":{"useContentSentences":true,"useSocialTemplates":true,"useCustomSentences":false,"customSentences":[]},"followers":[1],"suggestedReferences":[],"includedReferences":[],"efiUrl":"","efiAlt":"","highlights":[]},"yoast_head":"<!-- This site is optimized with the Yoast SEO plugin v20.7 - https:\/\/yoast.com\/wordpress\/plugins\/seo\/ -->\n<title>El bioparque Municipal &quot;La M\u00e1xima&quot; celebra el d\u00eda del medio ambiente<\/title>\n<meta name=\"description\" content=\"El Bioparque Municipal \u201cLa M\u00e1xima\u201d celebra el D\u00eda Mundial del Medio Ambiente, con una jornada de educaci\u00f3n para la conservaci\u00f3n\" \/>\n<meta name=\"robots\" content=\"index, follow, max-snippet:-1, max-image-preview:large, max-video-preview:-1\" \/>\n<link rel=\"canonical\" href=\"https:\/\/experienciadevida.com.ar\/portalurbano\/el-bioparque-municipal-la-maxima-celebra-el-dia-mundial-del-medio-ambiente\/\" \/>\n<meta property=\"og:locale\" content=\"es_ES\" \/>\n<meta property=\"og:type\" content=\"article\" \/>\n<meta property=\"og:title\" content=\"El bioparque Municipal &quot;La M\u00e1xima&quot; celebra el d\u00eda del medio ambiente\" \/>\n<meta property=\"og:description\" content=\"El Bioparque Municipal \u201cLa M\u00e1xima\u201d celebra el D\u00eda Mundial del Medio Ambiente, con una jornada de educaci\u00f3n para la conservaci\u00f3n\" \/>\n<meta property=\"og:url\" content=\"https:\/\/experienciadevida.com.ar\/portalurbano\/el-bioparque-municipal-la-maxima-celebra-el-dia-mundial-del-medio-ambiente\/\" \/>\n<meta property=\"article:publisher\" content=\"https:\/\/www.facebook.com\/Portal-Urbano-171542830093757\/\" \/>\n<meta property=\"article:published_time\" content=\"2022-06-03T12:31:35+00:00\" \/>\n<meta property=\"article:modified_time\" content=\"2022-06-03T12:37:29+00:00\" \/>\n<meta property=\"og:image\" content=\"https:\/\/experienciadevida.com.ar\/portalurbano\/wp-content\/uploads\/2019\/06\/LAMAXIMA-e1559660515643.jpg\" \/>\n\t<meta property=\"og:image:width\" content=\"800\" \/>\n\t<meta property=\"og:image:height\" content=\"530\" \/>\n\t<meta property=\"og:image:type\" content=\"image\/jpeg\" \/>\n<meta name=\"author\" content=\"admpu17wp\" \/>\n<meta name=\"twitter:card\" content=\"summary_large_image\" \/>\n<meta name=\"twitter:creator\" content=\"@portalurbanook\" \/>\n<meta name=\"twitter:site\" content=\"@portalurbanook\" \/>\n<meta name=\"twitter:label1\" content=\"Escrito por\" \/>\n\t<meta name=\"twitter:data1\" content=\"admpu17wp\" \/>\n\t<meta name=\"twitter:label2\" content=\"Tiempo de lectura\" \/>\n\t<meta name=\"twitter:data2\" content=\"5 minutos\" \/>\n<script type=\"application\/ld+json\" class=\"yoast-schema-graph\">{\"@context\":\"https:\/\/schema.org\",\"@graph\":[{\"@type\":\"Article\",\"@id\":\"https:\/\/experienciadevida.com.ar\/portalurbano\/el-bioparque-municipal-la-maxima-celebra-el-dia-mundial-del-medio-ambiente\/#article\",\"isPartOf\":{\"@id\":\"https:\/\/experienciadevida.com.ar\/portalurbano\/el-bioparque-municipal-la-maxima-celebra-el-dia-mundial-del-medio-ambiente\/\"},\"author\":{\"name\":\"admpu17wp\",\"@id\":\"https:\/\/experienciadevida.com.ar\/portalurbano\/#\/schema\/person\/02dd326b1c4b056e9cc972486934a3a7\"},\"headline\":\"El Bioparque Municipal \u201cLa M\u00e1xima\u201d celebra el D\u00eda Mundial del Medio Ambiente\",\"datePublished\":\"2022-06-03T12:31:35+00:00\",\"dateModified\":\"2022-06-03T12:37:29+00:00\",\"mainEntityOfPage\":{\"@id\":\"https:\/\/experienciadevida.com.ar\/portalurbano\/el-bioparque-municipal-la-maxima-celebra-el-dia-mundial-del-medio-ambiente\/\"},\"wordCount\":1015,\"publisher\":{\"@id\":\"https:\/\/experienciadevida.com.ar\/portalurbano\/#organization\"},\"articleSection\":[\"Ciudad\",\"Destacadas 2\"],\"inLanguage\":\"es\"},{\"@type\":\"WebPage\",\"@id\":\"https:\/\/experienciadevida.com.ar\/portalurbano\/el-bioparque-municipal-la-maxima-celebra-el-dia-mundial-del-medio-ambiente\/\",\"url\":\"https:\/\/experienciadevida.com.ar\/portalurbano\/el-bioparque-municipal-la-maxima-celebra-el-dia-mundial-del-medio-ambiente\/\",\"name\":\"El bioparque Municipal \\\"La M\u00e1xima\\\" celebra el d\u00eda del medio ambiente\",\"isPartOf\":{\"@id\":\"https:\/\/experienciadevida.com.ar\/portalurbano\/#website\"},\"datePublished\":\"2022-06-03T12:31:35+00:00\",\"dateModified\":\"2022-06-03T12:37:29+00:00\",\"description\":\"El Bioparque Municipal \u201cLa M\u00e1xima\u201d celebra el D\u00eda Mundial del Medio Ambiente, con una jornada de educaci\u00f3n para la conservaci\u00f3n\",\"breadcrumb\":{\"@id\":\"https:\/\/experienciadevida.com.ar\/portalurbano\/el-bioparque-municipal-la-maxima-celebra-el-dia-mundial-del-medio-ambiente\/#breadcrumb\"},\"inLanguage\":\"es\",\"potentialAction\":[{\"@type\":\"ReadAction\",\"target\":[\"https:\/\/experienciadevida.com.ar\/portalurbano\/el-bioparque-municipal-la-maxima-celebra-el-dia-mundial-del-medio-ambiente\/\"]}]},{\"@type\":\"BreadcrumbList\",\"@id\":\"https:\/\/experienciadevida.com.ar\/portalurbano\/el-bioparque-municipal-la-maxima-celebra-el-dia-mundial-del-medio-ambiente\/#breadcrumb\",\"itemListElement\":[{\"@type\":\"ListItem\",\"position\":1,\"name\":\"Portada\",\"item\":\"https:\/\/experienciadevida.com.ar\/portalurbano\/\"},{\"@type\":\"ListItem\",\"position\":2,\"name\":\"El Bioparque Municipal \u201cLa M\u00e1xima\u201d celebra el D\u00eda Mundial del Medio Ambiente\"}]},{\"@type\":\"WebSite\",\"@id\":\"https:\/\/experienciadevida.com.ar\/portalurbano\/#website\",\"url\":\"https:\/\/experienciadevida.com.ar\/portalurbano\/\",\"name\":\"\",\"description\":\"\",\"publisher\":{\"@id\":\"https:\/\/experienciadevida.com.ar\/portalurbano\/#organization\"},\"potentialAction\":[{\"@type\":\"SearchAction\",\"target\":{\"@type\":\"EntryPoint\",\"urlTemplate\":\"https:\/\/experienciadevida.com.ar\/portalurbano\/?s={search_term_string}\"},\"query-input\":\"required name=search_term_string\"}],\"inLanguage\":\"es\"},{\"@type\":\"Organization\",\"@id\":\"https:\/\/experienciadevida.com.ar\/portalurbano\/#organization\",\"name\":\"Portal Urbano\",\"url\":\"https:\/\/experienciadevida.com.ar\/portalurbano\/\",\"logo\":{\"@type\":\"ImageObject\",\"inLanguage\":\"es\",\"@id\":\"https:\/\/experienciadevida.com.ar\/portalurbano\/#\/schema\/logo\/image\/\",\"url\":\"https:\/\/experienciadevida.com.ar\/portalurbano\/wp-content\/uploads\/2019\/09\/Logo-Original.png\",\"contentUrl\":\"https:\/\/experienciadevida.com.ar\/portalurbano\/wp-content\/uploads\/2019\/09\/Logo-Original.png\",\"width\":2236,\"height\":1216,\"caption\":\"Portal Urbano\"},\"image\":{\"@id\":\"https:\/\/experienciadevida.com.ar\/portalurbano\/#\/schema\/logo\/image\/\"},\"sameAs\":[\"https:\/\/www.facebook.com\/Portal-Urbano-171542830093757\/\",\"https:\/\/twitter.com\/portalurbanook\",\"https:\/\/www.instagram.com\/_portalurbano\/\",\"https:\/\/www.youtube.com\/channel\/UCXhagIfszH8KxFiOok79zbA?view_as=subscriber\"]},{\"@type\":\"Person\",\"@id\":\"https:\/\/experienciadevida.com.ar\/portalurbano\/#\/schema\/person\/02dd326b1c4b056e9cc972486934a3a7\",\"name\":\"admpu17wp\",\"image\":{\"@type\":\"ImageObject\",\"inLanguage\":\"es\",\"@id\":\"https:\/\/experienciadevida.com.ar\/portalurbano\/#\/schema\/person\/image\/\",\"url\":\"https:\/\/secure.gravatar.com\/avatar\/830d4c57adaae6630765e449a6908047?s=96&d=mm&r=g\",\"contentUrl\":\"https:\/\/secure.gravatar.com\/avatar\/830d4c57adaae6630765e449a6908047?s=96&d=mm&r=g\",\"caption\":\"admpu17wp\"}}]}<\/script>\n<!-- \/ Yoast SEO plugin. -->","yoast_head_json":{"title":"El bioparque Municipal \"La M\u00e1xima\" celebra el d\u00eda del medio ambiente","description":"El Bioparque Municipal \u201cLa M\u00e1xima\u201d celebra el D\u00eda Mundial del Medio Ambiente, con una jornada de educaci\u00f3n para la conservaci\u00f3n","robots":{"index":"index","follow":"follow","max-snippet":"max-snippet:-1","max-image-preview":"max-image-preview:large","max-video-preview":"max-video-preview:-1"},"canonical":"https:\/\/experienciadevida.com.ar\/portalurbano\/el-bioparque-municipal-la-maxima-celebra-el-dia-mundial-del-medio-ambiente\/","og_locale":"es_ES","og_type":"article","og_title":"El bioparque Municipal \"La M\u00e1xima\" celebra el d\u00eda del medio ambiente","og_description":"El Bioparque Municipal \u201cLa M\u00e1xima\u201d celebra el D\u00eda Mundial del Medio Ambiente, con una jornada de educaci\u00f3n para la conservaci\u00f3n","og_url":"https:\/\/experienciadevida.com.ar\/portalurbano\/el-bioparque-municipal-la-maxima-celebra-el-dia-mundial-del-medio-ambiente\/","article_publisher":"https:\/\/www.facebook.com\/Portal-Urbano-171542830093757\/","article_published_time":"2022-06-03T12:31:35+00:00","article_modified_time":"2022-06-03T12:37:29+00:00","og_image":[{"width":800,"height":530,"url":"https:\/\/experienciadevida.com.ar\/portalurbano\/wp-content\/uploads\/2019\/06\/LAMAXIMA-e1559660515643.jpg","type":"image\/jpeg"}],"author":"admpu17wp","twitter_card":"summary_large_image","twitter_creator":"@portalurbanook","twitter_site":"@portalurbanook","twitter_misc":{"Escrito por":"admpu17wp","Tiempo de lectura":"5 minutos"},"schema":{"@context":"https:\/\/schema.org","@graph":[{"@type":"Article","@id":"https:\/\/experienciadevida.com.ar\/portalurbano\/el-bioparque-municipal-la-maxima-celebra-el-dia-mundial-del-medio-ambiente\/#article","isPartOf":{"@id":"https:\/\/experienciadevida.com.ar\/portalurbano\/el-bioparque-municipal-la-maxima-celebra-el-dia-mundial-del-medio-ambiente\/"},"author":{"name":"admpu17wp","@id":"https:\/\/experienciadevida.com.ar\/portalurbano\/#\/schema\/person\/02dd326b1c4b056e9cc972486934a3a7"},"headline":"El Bioparque Municipal \u201cLa M\u00e1xima\u201d celebra el D\u00eda Mundial del Medio Ambiente","datePublished":"2022-06-03T12:31:35+00:00","dateModified":"2022-06-03T12:37:29+00:00","mainEntityOfPage":{"@id":"https:\/\/experienciadevida.com.ar\/portalurbano\/el-bioparque-municipal-la-maxima-celebra-el-dia-mundial-del-medio-ambiente\/"},"wordCount":1015,"publisher":{"@id":"https:\/\/experienciadevida.com.ar\/portalurbano\/#organization"},"articleSection":["Ciudad","Destacadas 2"],"inLanguage":"es"},{"@type":"WebPage","@id":"https:\/\/experienciadevida.com.ar\/portalurbano\/el-bioparque-municipal-la-maxima-celebra-el-dia-mundial-del-medio-ambiente\/","url":"https:\/\/experienciadevida.com.ar\/portalurbano\/el-bioparque-municipal-la-maxima-celebra-el-dia-mundial-del-medio-ambiente\/","name":"El bioparque Municipal \"La M\u00e1xima\" celebra el d\u00eda del medio ambiente","isPartOf":{"@id":"https:\/\/experienciadevida.com.ar\/portalurbano\/#website"},"datePublished":"2022-06-03T12:31:35+00:00","dateModified":"2022-06-03T12:37:29+00:00","description":"El Bioparque Municipal \u201cLa M\u00e1xima\u201d celebra el D\u00eda Mundial del Medio Ambiente, con una jornada de educaci\u00f3n para la conservaci\u00f3n","breadcrumb":{"@id":"https:\/\/experienciadevida.com.ar\/portalurbano\/el-bioparque-municipal-la-maxima-celebra-el-dia-mundial-del-medio-ambiente\/#breadcrumb"},"inLanguage":"es","potentialAction":[{"@type":"ReadAction","target":["https:\/\/experienciadevida.com.ar\/portalurbano\/el-bioparque-municipal-la-maxima-celebra-el-dia-mundial-del-medio-ambiente\/"]}]},{"@type":"BreadcrumbList","@id":"https:\/\/experienciadevida.com.ar\/portalurbano\/el-bioparque-municipal-la-maxima-celebra-el-dia-mundial-del-medio-ambiente\/#breadcrumb","itemListElement":[{"@type":"ListItem","position":1,"name":"Portada","item":"https:\/\/experienciadevida.com.ar\/portalurbano\/"},{"@type":"ListItem","position":2,"name":"El Bioparque Municipal \u201cLa M\u00e1xima\u201d celebra el D\u00eda Mundial del Medio Ambiente"}]},{"@type":"WebSite","@id":"https:\/\/experienciadevida.com.ar\/portalurbano\/#website","url":"https:\/\/experienciadevida.com.ar\/portalurbano\/","name":"","description":"","publisher":{"@id":"https:\/\/experienciadevida.com.ar\/portalurbano\/#organization"},"potentialAction":[{"@type":"SearchAction","target":{"@type":"EntryPoint","urlTemplate":"https:\/\/experienciadevida.com.ar\/portalurbano\/?s={search_term_string}"},"query-input":"required name=search_term_string"}],"inLanguage":"es"},{"@type":"Organization","@id":"https:\/\/experienciadevida.com.ar\/portalurbano\/#organization","name":"Portal Urbano","url":"https:\/\/experienciadevida.com.ar\/portalurbano\/","logo":{"@type":"ImageObject","inLanguage":"es","@id":"https:\/\/experienciadevida.com.ar\/portalurbano\/#\/schema\/logo\/image\/","url":"https:\/\/experienciadevida.com.ar\/portalurbano\/wp-content\/uploads\/2019\/09\/Logo-Original.png","contentUrl":"https:\/\/experienciadevida.com.ar\/portalurbano\/wp-content\/uploads\/2019\/09\/Logo-Original.png","width":2236,"height":1216,"caption":"Portal Urbano"},"image":{"@id":"https:\/\/experienciadevida.com.ar\/portalurbano\/#\/schema\/logo\/image\/"},"sameAs":["https:\/\/www.facebook.com\/Portal-Urbano-171542830093757\/","https:\/\/twitter.com\/portalurbanook","https:\/\/www.instagram.com\/_portalurbano\/","https:\/\/www.youtube.com\/channel\/UCXhagIfszH8KxFiOok79zbA?view_as=subscriber"]},{"@type":"Person","@id":"https:\/\/experienciadevida.com.ar\/portalurbano\/#\/schema\/person\/02dd326b1c4b056e9cc972486934a3a7","name":"admpu17wp","image":{"@type":"ImageObject","inLanguage":"es","@id":"https:\/\/experienciadevida.com.ar\/portalurbano\/#\/schema\/person\/image\/","url":"https:\/\/secure.gravatar.com\/avatar\/830d4c57adaae6630765e449a6908047?s=96&d=mm&r=g","contentUrl":"https:\/\/secure.gravatar.com\/avatar\/830d4c57adaae6630765e449a6908047?s=96&d=mm&r=g","caption":"admpu17wp"}}]}},"featured_image_urls":{"full":["https:\/\/experienciadevida.com.ar\/portalurbano\/wp-content\/uploads\/2019\/06\/LAMAXIMA-e1559660515643.jpg",800,530,false],"thumbnail":["https:\/\/experienciadevida.com.ar\/portalurbano\/wp-content\/uploads\/2019\/06\/LAMAXIMA-150x150.jpg",150,150,true],"medium":["https:\/\/experienciadevida.com.ar\/portalurbano\/wp-content\/uploads\/2019\/06\/LAMAXIMA-300x199.jpg",300,199,true],"medium_large":["https:\/\/experienciadevida.com.ar\/portalurbano\/wp-content\/uploads\/2019\/06\/LAMAXIMA-768x509.jpg",640,424,true],"large":["https:\/\/experienciadevida.com.ar\/portalurbano\/wp-content\/uploads\/2019\/06\/LAMAXIMA-1024x678.jpg",640,424,true],"ug_big":["https:\/\/experienciadevida.com.ar\/portalurbano\/wp-content\/uploads\/2019\/06\/LAMAXIMA-768x509.jpg",768,509,true],"1536x1536":["https:\/\/experienciadevida.com.ar\/portalurbano\/wp-content\/uploads\/2019\/06\/LAMAXIMA-e1559660515643.jpg",800,530,false],"2048x2048":["https:\/\/experienciadevida.com.ar\/portalurbano\/wp-content\/uploads\/2019\/06\/LAMAXIMA-e1559660515643.jpg",800,530,false],"newsever-slider-full":["https:\/\/experienciadevida.com.ar\/portalurbano\/wp-content\/uploads\/2019\/06\/LAMAXIMA-e1559660515643.jpg",800,530,false],"newsever-featured":["https:\/\/experienciadevida.com.ar\/portalurbano\/wp-content\/uploads\/2019\/06\/LAMAXIMA-e1559660515643.jpg",800,530,false],"newsever-medium":["https:\/\/experienciadevida.com.ar\/portalurbano\/wp-content\/uploads\/2019\/06\/LAMAXIMA-e1559660515643.jpg",717,475,false],"web-stories-poster-portrait":["https:\/\/experienciadevida.com.ar\/portalurbano\/wp-content\/uploads\/2019\/06\/LAMAXIMA-e1559660515643.jpg",640,424,false],"web-stories-publisher-logo":["https:\/\/experienciadevida.com.ar\/portalurbano\/wp-content\/uploads\/2019\/06\/LAMAXIMA-e1559660515643.jpg",96,64,false],"web-stories-thumbnail":["https:\/\/experienciadevida.com.ar\/portalurbano\/wp-content\/uploads\/2019\/06\/LAMAXIMA-e1559660515643.jpg",150,99,false]},"author_info":{"display_name":"admpu17wp","author_link":"https:\/\/experienciadevida.com.ar\/portalurbano\/author\/admpu17wp\/"},"category_info":"<a href=\"https:\/\/experienciadevida.com.ar\/portalurbano\/category\/ciudad\/\" rel=\"category tag\">Ciudad<\/a> <a href=\"https:\/\/experienciadevida.com.ar\/portalurbano\/category\/destacadas-2\/\" rel=\"category tag\">Destacadas 2<\/a>","tag_info":"Destacadas 2","comment_count":"0","amp_enabled":true,"_links":{"self":[{"href":"https:\/\/experienciadevida.com.ar\/portalurbano\/wp-json\/wp\/v2\/posts\/168838"}],"collection":[{"href":"https:\/\/experienciadevida.com.ar\/portalurbano\/wp-json\/wp\/v2\/posts"}],"about":[{"href":"https:\/\/experienciadevida.com.ar\/portalurbano\/wp-json\/wp\/v2\/types\/post"}],"author":[{"embeddable":true,"href":"https:\/\/experienciadevida.com.ar\/portalurbano\/wp-json\/wp\/v2\/users\/1"}],"replies":[{"embeddable":true,"href":"https:\/\/experienciadevida.com.ar\/portalurbano\/wp-json\/wp\/v2\/comments?post=168838"}],"version-history":[{"count":1,"href":"https:\/\/experienciadevida.com.ar\/portalurbano\/wp-json\/wp\/v2\/posts\/168838\/revisions"}],"predecessor-version":[{"id":168839,"href":"https:\/\/experienciadevida.com.ar\/portalurbano\/wp-json\/wp\/v2\/posts\/168838\/revisions\/168839"}],"wp:featuredmedia":[{"embeddable":true,"href":"https:\/\/experienciadevida.com.ar\/portalurbano\/wp-json\/wp\/v2\/media\/71737"}],"wp:attachment":[{"href":"https:\/\/experienciadevida.com.ar\/portalurbano\/wp-json\/wp\/v2\/media?parent=168838"}],"wp:term":[{"taxonomy":"category","embeddable":true,"href":"https:\/\/experienciadevida.com.ar\/portalurbano\/wp-json\/wp\/v2\/categories?post=168838"},{"taxonomy":"post_tag","embeddable":true,"href":"https:\/\/experienciadevida.com.ar\/portalurbano\/wp-json\/wp\/v2\/tags?post=168838"}],"curies":[{"name":"wp","href":"https:\/\/api.w.org\/{rel}","templated":true}]}}