{"id":168789,"date":"2022-06-02T09:03:44","date_gmt":"2022-06-02T12:03:44","guid":{"rendered":"https:\/\/experienciadevida.com.ar\/portalurbano\/?p=168789"},"modified":"2022-06-02T09:07:02","modified_gmt":"2022-06-02T12:07:02","slug":"reunion-con-representantes-del-grupo-cambio-rural","status":"publish","type":"post","link":"https:\/\/experienciadevida.com.ar\/portalurbano\/reunion-con-representantes-del-grupo-cambio-rural\/","title":{"rendered":"Reuni\u00f3n con representantes del grupo \u201cCambio Rural\u201d"},"content":{"rendered":"<p>Reuni\u00f3n con representantes del grupo \u201cCambio Rural\u201d, el pasado viernes en la sede de la Direcci\u00f3n de Desarrollo Agropecuario, dependiente de la Secretar\u00eda de Desarrollo Econ\u00f3mico de la Municipalidad de Olavarr\u00eda, se llev\u00f3 a cabo una importante reuni\u00f3n de la que tomaron parte representantes del Grupo \u201cCambio Rural\u201d, el cual se encuentra integrado por productores agroecol\u00f3gicos del Partido de Olavarr\u00eda. Concurrieron acompa\u00f1ados por su asesor t\u00e9cnico, el ingeniero agr\u00f3nomo Horacio Gallardo.<\/p>\n<p>En representaci\u00f3n del Municipio estuvieron el ingeniero Horacio Balbiani, del \u00e1rea de la Direcci\u00f3n de Empresas, y el referente del \u00e1rea de asistencia de empresas, Hugo Santonja, quien asisti\u00f3 con su equipo de trabajo del \u00e1rea Direcci\u00f3n de Desarrollo Agropecuario. En car\u00e1cter de invitado estuvo tambi\u00e9n la ingeniera Rosario Iturralde del INTA Olavarr\u00eda.<\/p>\n<p>Se detall\u00f3 que el objetivo del encuentro fue presentar un Instrumento de Evaluaci\u00f3n del desempe\u00f1o agroecol\u00f3gico (TAPE implementado por la FAO, Organizaci\u00f3n de las Naciones Unidas para la Alimentaci\u00f3n y la Agricultura), con el fin de establecer la posibilidad de su implementaci\u00f3n en el grupo y a partir de all\u00ed poder contar con un diagn\u00f3stico abarcativo en todas las dimensiones que contempla esta modalidad productiva.<\/p>\n<p>Por \u00faltimo, se agreg\u00f3 que tambi\u00e9n se convers\u00f3 sobre otro programa de Naciones Unidas que brindar\u00eda recursos para la coordinaci\u00f3n del grupo agroecol\u00f3gico, con potencial presentaci\u00f3n de proyectos de inversi\u00f3n que aporten beneficios a cada uno de los actores del pujante grupo agroecol\u00f3gico local.<\/p>\n","protected":false},"excerpt":{"rendered":"<p>Reuni\u00f3n con representantes del grupo \u201cCambio Rural\u201d, el pasado viernes en la sede de la&#8230;<\/p>\n","protected":false},"author":1,"featured_media":168790,"comment_status":"closed","ping_status":"closed","sticky":false,"template":"","format":"standard","meta":{"content-type":""},"categories":[27],"tags":[],"nelio_content":{"isAutoShareEnabled":false,"autoShareEndMode":"default","automationSources":{"useContentSentences":true,"useSocialTemplates":true,"useCustomSentences":false,"customSentences":[]},"followers":[1],"suggestedReferences":[],"includedReferences":[],"efiUrl":"","efiAlt":"","highlights":[]},"yoast_head":"<!-- This site is optimized with the Yoast SEO plugin v20.7 - https:\/\/yoast.com\/wordpress\/plugins\/seo\/ -->\n<title>Reuni\u00f3n con representantes del grupo &quot;cambio rural&quot;<\/title>\n<meta name=\"description\" content=\"Reuni\u00f3n con representantes del grupo \u201cCambio Rural\u201d, el pasado viernes en la sede de la Direcci\u00f3n de Desarrollo Agropecuario,\" \/>\n<meta name=\"robots\" content=\"index, follow, max-snippet:-1, max-image-preview:large, max-video-preview:-1\" \/>\n<link rel=\"canonical\" href=\"https:\/\/experienciadevida.com.ar\/portalurbano\/reunion-con-representantes-del-grupo-cambio-rural\/\" \/>\n<meta property=\"og:locale\" content=\"es_ES\" \/>\n<meta property=\"og:type\" content=\"article\" \/>\n<meta property=\"og:title\" content=\"Reuni\u00f3n con representantes del grupo &quot;cambio rural&quot;\" \/>\n<meta property=\"og:description\" content=\"Reuni\u00f3n con representantes del grupo \u201cCambio Rural\u201d, el pasado viernes en la sede de la Direcci\u00f3n de Desarrollo Agropecuario,\" \/>\n<meta property=\"og:url\" content=\"https:\/\/experienciadevida.com.ar\/portalurbano\/reunion-con-representantes-del-grupo-cambio-rural\/\" \/>\n<meta property=\"article:publisher\" content=\"https:\/\/www.facebook.com\/Portal-Urbano-171542830093757\/\" \/>\n<meta property=\"article:published_time\" content=\"2022-06-02T12:03:44+00:00\" \/>\n<meta property=\"article:modified_time\" content=\"2022-06-02T12:07:02+00:00\" \/>\n<meta property=\"og:image\" content=\"https:\/\/experienciadevida.com.ar\/portalurbano\/wp-content\/uploads\/2022\/06\/Reunion-con-representantes-del.jpg\" \/>\n\t<meta property=\"og:image:width\" content=\"1024\" \/>\n\t<meta property=\"og:image:height\" content=\"682\" \/>\n\t<meta property=\"og:image:type\" content=\"image\/jpeg\" \/>\n<meta name=\"author\" content=\"admpu17wp\" \/>\n<meta name=\"twitter:card\" content=\"summary_large_image\" \/>\n<meta name=\"twitter:creator\" content=\"@portalurbanook\" \/>\n<meta name=\"twitter:site\" content=\"@portalurbanook\" \/>\n<meta name=\"twitter:label1\" content=\"Escrito por\" \/>\n\t<meta name=\"twitter:data1\" content=\"admpu17wp\" \/>\n\t<meta name=\"twitter:label2\" content=\"Tiempo de lectura\" \/>\n\t<meta name=\"twitter:data2\" content=\"2 minutos\" \/>\n<script type=\"application\/ld+json\" class=\"yoast-schema-graph\">{\"@context\":\"https:\/\/schema.org\",\"@graph\":[{\"@type\":\"Article\",\"@id\":\"https:\/\/experienciadevida.com.ar\/portalurbano\/reunion-con-representantes-del-grupo-cambio-rural\/#article\",\"isPartOf\":{\"@id\":\"https:\/\/experienciadevida.com.ar\/portalurbano\/reunion-con-representantes-del-grupo-cambio-rural\/\"},\"author\":{\"name\":\"admpu17wp\",\"@id\":\"https:\/\/experienciadevida.com.ar\/portalurbano\/#\/schema\/person\/02dd326b1c4b056e9cc972486934a3a7\"},\"headline\":\"Reuni\u00f3n con representantes del grupo \u201cCambio Rural\u201d\",\"datePublished\":\"2022-06-02T12:03:44+00:00\",\"dateModified\":\"2022-06-02T12:07:02+00:00\",\"mainEntityOfPage\":{\"@id\":\"https:\/\/experienciadevida.com.ar\/portalurbano\/reunion-con-representantes-del-grupo-cambio-rural\/\"},\"wordCount\":272,\"publisher\":{\"@id\":\"https:\/\/experienciadevida.com.ar\/portalurbano\/#organization\"},\"articleSection\":[\"Ciudad\"],\"inLanguage\":\"es\"},{\"@type\":\"WebPage\",\"@id\":\"https:\/\/experienciadevida.com.ar\/portalurbano\/reunion-con-representantes-del-grupo-cambio-rural\/\",\"url\":\"https:\/\/experienciadevida.com.ar\/portalurbano\/reunion-con-representantes-del-grupo-cambio-rural\/\",\"name\":\"Reuni\u00f3n con representantes del grupo \\\"cambio rural\\\"\",\"isPartOf\":{\"@id\":\"https:\/\/experienciadevida.com.ar\/portalurbano\/#website\"},\"datePublished\":\"2022-06-02T12:03:44+00:00\",\"dateModified\":\"2022-06-02T12:07:02+00:00\",\"description\":\"Reuni\u00f3n con representantes del grupo \u201cCambio Rural\u201d, el pasado viernes en la sede de la Direcci\u00f3n de Desarrollo Agropecuario,\",\"breadcrumb\":{\"@id\":\"https:\/\/experienciadevida.com.ar\/portalurbano\/reunion-con-representantes-del-grupo-cambio-rural\/#breadcrumb\"},\"inLanguage\":\"es\",\"potentialAction\":[{\"@type\":\"ReadAction\",\"target\":[\"https:\/\/experienciadevida.com.ar\/portalurbano\/reunion-con-representantes-del-grupo-cambio-rural\/\"]}]},{\"@type\":\"BreadcrumbList\",\"@id\":\"https:\/\/experienciadevida.com.ar\/portalurbano\/reunion-con-representantes-del-grupo-cambio-rural\/#breadcrumb\",\"itemListElement\":[{\"@type\":\"ListItem\",\"position\":1,\"name\":\"Portada\",\"item\":\"https:\/\/experienciadevida.com.ar\/portalurbano\/\"},{\"@type\":\"ListItem\",\"position\":2,\"name\":\"Reuni\u00f3n con representantes del grupo \u201cCambio Rural\u201d\"}]},{\"@type\":\"WebSite\",\"@id\":\"https:\/\/experienciadevida.com.ar\/portalurbano\/#website\",\"url\":\"https:\/\/experienciadevida.com.ar\/portalurbano\/\",\"name\":\"\",\"description\":\"\",\"publisher\":{\"@id\":\"https:\/\/experienciadevida.com.ar\/portalurbano\/#organization\"},\"potentialAction\":[{\"@type\":\"SearchAction\",\"target\":{\"@type\":\"EntryPoint\",\"urlTemplate\":\"https:\/\/experienciadevida.com.ar\/portalurbano\/?s={search_term_string}\"},\"query-input\":\"required name=search_term_string\"}],\"inLanguage\":\"es\"},{\"@type\":\"Organization\",\"@id\":\"https:\/\/experienciadevida.com.ar\/portalurbano\/#organization\",\"name\":\"Portal Urbano\",\"url\":\"https:\/\/experienciadevida.com.ar\/portalurbano\/\",\"logo\":{\"@type\":\"ImageObject\",\"inLanguage\":\"es\",\"@id\":\"https:\/\/experienciadevida.com.ar\/portalurbano\/#\/schema\/logo\/image\/\",\"url\":\"https:\/\/experienciadevida.com.ar\/portalurbano\/wp-content\/uploads\/2019\/09\/Logo-Original.png\",\"contentUrl\":\"https:\/\/experienciadevida.com.ar\/portalurbano\/wp-content\/uploads\/2019\/09\/Logo-Original.png\",\"width\":2236,\"height\":1216,\"caption\":\"Portal Urbano\"},\"image\":{\"@id\":\"https:\/\/experienciadevida.com.ar\/portalurbano\/#\/schema\/logo\/image\/\"},\"sameAs\":[\"https:\/\/www.facebook.com\/Portal-Urbano-171542830093757\/\",\"https:\/\/twitter.com\/portalurbanook\",\"https:\/\/www.instagram.com\/_portalurbano\/\",\"https:\/\/www.youtube.com\/channel\/UCXhagIfszH8KxFiOok79zbA?view_as=subscriber\"]},{\"@type\":\"Person\",\"@id\":\"https:\/\/experienciadevida.com.ar\/portalurbano\/#\/schema\/person\/02dd326b1c4b056e9cc972486934a3a7\",\"name\":\"admpu17wp\",\"image\":{\"@type\":\"ImageObject\",\"inLanguage\":\"es\",\"@id\":\"https:\/\/experienciadevida.com.ar\/portalurbano\/#\/schema\/person\/image\/\",\"url\":\"https:\/\/secure.gravatar.com\/avatar\/830d4c57adaae6630765e449a6908047?s=96&d=mm&r=g\",\"contentUrl\":\"https:\/\/secure.gravatar.com\/avatar\/830d4c57adaae6630765e449a6908047?s=96&d=mm&r=g\",\"caption\":\"admpu17wp\"}}]}<\/script>\n<!-- \/ Yoast SEO plugin. -->","yoast_head_json":{"title":"Reuni\u00f3n con representantes del grupo \"cambio rural\"","description":"Reuni\u00f3n con representantes del grupo \u201cCambio Rural\u201d, el pasado viernes en la sede de la Direcci\u00f3n de Desarrollo Agropecuario,","robots":{"index":"index","follow":"follow","max-snippet":"max-snippet:-1","max-image-preview":"max-image-preview:large","max-video-preview":"max-video-preview:-1"},"canonical":"https:\/\/experienciadevida.com.ar\/portalurbano\/reunion-con-representantes-del-grupo-cambio-rural\/","og_locale":"es_ES","og_type":"article","og_title":"Reuni\u00f3n con representantes del grupo \"cambio rural\"","og_description":"Reuni\u00f3n con representantes del grupo \u201cCambio Rural\u201d, el pasado viernes en la sede de la Direcci\u00f3n de Desarrollo Agropecuario,","og_url":"https:\/\/experienciadevida.com.ar\/portalurbano\/reunion-con-representantes-del-grupo-cambio-rural\/","article_publisher":"https:\/\/www.facebook.com\/Portal-Urbano-171542830093757\/","article_published_time":"2022-06-02T12:03:44+00:00","article_modified_time":"2022-06-02T12:07:02+00:00","og_image":[{"width":1024,"height":682,"url":"https:\/\/experienciadevida.com.ar\/portalurbano\/wp-content\/uploads\/2022\/06\/Reunion-con-representantes-del.jpg","type":"image\/jpeg"}],"author":"admpu17wp","twitter_card":"summary_large_image","twitter_creator":"@portalurbanook","twitter_site":"@portalurbanook","twitter_misc":{"Escrito por":"admpu17wp","Tiempo de lectura":"2 minutos"},"schema":{"@context":"https:\/\/schema.org","@graph":[{"@type":"Article","@id":"https:\/\/experienciadevida.com.ar\/portalurbano\/reunion-con-representantes-del-grupo-cambio-rural\/#article","isPartOf":{"@id":"https:\/\/experienciadevida.com.ar\/portalurbano\/reunion-con-representantes-del-grupo-cambio-rural\/"},"author":{"name":"admpu17wp","@id":"https:\/\/experienciadevida.com.ar\/portalurbano\/#\/schema\/person\/02dd326b1c4b056e9cc972486934a3a7"},"headline":"Reuni\u00f3n con representantes del grupo \u201cCambio Rural\u201d","datePublished":"2022-06-02T12:03:44+00:00","dateModified":"2022-06-02T12:07:02+00:00","mainEntityOfPage":{"@id":"https:\/\/experienciadevida.com.ar\/portalurbano\/reunion-con-representantes-del-grupo-cambio-rural\/"},"wordCount":272,"publisher":{"@id":"https:\/\/experienciadevida.com.ar\/portalurbano\/#organization"},"articleSection":["Ciudad"],"inLanguage":"es"},{"@type":"WebPage","@id":"https:\/\/experienciadevida.com.ar\/portalurbano\/reunion-con-representantes-del-grupo-cambio-rural\/","url":"https:\/\/experienciadevida.com.ar\/portalurbano\/reunion-con-representantes-del-grupo-cambio-rural\/","name":"Reuni\u00f3n con representantes del grupo \"cambio rural\"","isPartOf":{"@id":"https:\/\/experienciadevida.com.ar\/portalurbano\/#website"},"datePublished":"2022-06-02T12:03:44+00:00","dateModified":"2022-06-02T12:07:02+00:00","description":"Reuni\u00f3n con representantes del grupo \u201cCambio Rural\u201d, el pasado viernes en la sede de la Direcci\u00f3n de Desarrollo Agropecuario,","breadcrumb":{"@id":"https:\/\/experienciadevida.com.ar\/portalurbano\/reunion-con-representantes-del-grupo-cambio-rural\/#breadcrumb"},"inLanguage":"es","potentialAction":[{"@type":"ReadAction","target":["https:\/\/experienciadevida.com.ar\/portalurbano\/reunion-con-representantes-del-grupo-cambio-rural\/"]}]},{"@type":"BreadcrumbList","@id":"https:\/\/experienciadevida.com.ar\/portalurbano\/reunion-con-representantes-del-grupo-cambio-rural\/#breadcrumb","itemListElement":[{"@type":"ListItem","position":1,"name":"Portada","item":"https:\/\/experienciadevida.com.ar\/portalurbano\/"},{"@type":"ListItem","position":2,"name":"Reuni\u00f3n con representantes del grupo \u201cCambio Rural\u201d"}]},{"@type":"WebSite","@id":"https:\/\/experienciadevida.com.ar\/portalurbano\/#website","url":"https:\/\/experienciadevida.com.ar\/portalurbano\/","name":"","description":"","publisher":{"@id":"https:\/\/experienciadevida.com.ar\/portalurbano\/#organization"},"potentialAction":[{"@type":"SearchAction","target":{"@type":"EntryPoint","urlTemplate":"https:\/\/experienciadevida.com.ar\/portalurbano\/?s={search_term_string}"},"query-input":"required name=search_term_string"}],"inLanguage":"es"},{"@type":"Organization","@id":"https:\/\/experienciadevida.com.ar\/portalurbano\/#organization","name":"Portal Urbano","url":"https:\/\/experienciadevida.com.ar\/portalurbano\/","logo":{"@type":"ImageObject","inLanguage":"es","@id":"https:\/\/experienciadevida.com.ar\/portalurbano\/#\/schema\/logo\/image\/","url":"https:\/\/experienciadevida.com.ar\/portalurbano\/wp-content\/uploads\/2019\/09\/Logo-Original.png","contentUrl":"https:\/\/experienciadevida.com.ar\/portalurbano\/wp-content\/uploads\/2019\/09\/Logo-Original.png","width":2236,"height":1216,"caption":"Portal Urbano"},"image":{"@id":"https:\/\/experienciadevida.com.ar\/portalurbano\/#\/schema\/logo\/image\/"},"sameAs":["https:\/\/www.facebook.com\/Portal-Urbano-171542830093757\/","https:\/\/twitter.com\/portalurbanook","https:\/\/www.instagram.com\/_portalurbano\/","https:\/\/www.youtube.com\/channel\/UCXhagIfszH8KxFiOok79zbA?view_as=subscriber"]},{"@type":"Person","@id":"https:\/\/experienciadevida.com.ar\/portalurbano\/#\/schema\/person\/02dd326b1c4b056e9cc972486934a3a7","name":"admpu17wp","image":{"@type":"ImageObject","inLanguage":"es","@id":"https:\/\/experienciadevida.com.ar\/portalurbano\/#\/schema\/person\/image\/","url":"https:\/\/secure.gravatar.com\/avatar\/830d4c57adaae6630765e449a6908047?s=96&d=mm&r=g","contentUrl":"https:\/\/secure.gravatar.com\/avatar\/830d4c57adaae6630765e449a6908047?s=96&d=mm&r=g","caption":"admpu17wp"}}]}},"featured_image_urls":{"full":["https:\/\/experienciadevida.com.ar\/portalurbano\/wp-content\/uploads\/2022\/06\/Reunion-con-representantes-del.jpg",1024,682,false],"thumbnail":["https:\/\/experienciadevida.com.ar\/portalurbano\/wp-content\/uploads\/2022\/06\/Reunion-con-representantes-del-150x150.jpg",150,150,true],"medium":["https:\/\/experienciadevida.com.ar\/portalurbano\/wp-content\/uploads\/2022\/06\/Reunion-con-representantes-del-300x200.jpg",300,200,true],"medium_large":["https:\/\/experienciadevida.com.ar\/portalurbano\/wp-content\/uploads\/2022\/06\/Reunion-con-representantes-del-768x512.jpg",640,427,true],"large":["https:\/\/experienciadevida.com.ar\/portalurbano\/wp-content\/uploads\/2022\/06\/Reunion-con-representantes-del.jpg",640,426,false],"ug_big":["https:\/\/experienciadevida.com.ar\/portalurbano\/wp-content\/uploads\/2022\/06\/Reunion-con-representantes-del-768x512.jpg",768,512,true],"1536x1536":["https:\/\/experienciadevida.com.ar\/portalurbano\/wp-content\/uploads\/2022\/06\/Reunion-con-representantes-del.jpg",1024,682,false],"2048x2048":["https:\/\/experienciadevida.com.ar\/portalurbano\/wp-content\/uploads\/2022\/06\/Reunion-con-representantes-del.jpg",1024,682,false],"newsever-slider-full":["https:\/\/experienciadevida.com.ar\/portalurbano\/wp-content\/uploads\/2022\/06\/Reunion-con-representantes-del.jpg",1024,682,false],"newsever-featured":["https:\/\/experienciadevida.com.ar\/portalurbano\/wp-content\/uploads\/2022\/06\/Reunion-con-representantes-del.jpg",1024,682,false],"newsever-medium":["https:\/\/experienciadevida.com.ar\/portalurbano\/wp-content\/uploads\/2022\/06\/Reunion-con-representantes-del.jpg",713,475,false],"web-stories-poster-portrait":["https:\/\/experienciadevida.com.ar\/portalurbano\/wp-content\/uploads\/2022\/06\/Reunion-con-representantes-del.jpg",640,426,false],"web-stories-publisher-logo":["https:\/\/experienciadevida.com.ar\/portalurbano\/wp-content\/uploads\/2022\/06\/Reunion-con-representantes-del.jpg",96,64,false],"web-stories-thumbnail":["https:\/\/experienciadevida.com.ar\/portalurbano\/wp-content\/uploads\/2022\/06\/Reunion-con-representantes-del.jpg",150,100,false]},"author_info":{"display_name":"admpu17wp","author_link":"https:\/\/experienciadevida.com.ar\/portalurbano\/author\/admpu17wp\/"},"category_info":"<a href=\"https:\/\/experienciadevida.com.ar\/portalurbano\/category\/ciudad\/\" rel=\"category tag\">Ciudad<\/a>","tag_info":"Ciudad","comment_count":"0","amp_enabled":true,"_links":{"self":[{"href":"https:\/\/experienciadevida.com.ar\/portalurbano\/wp-json\/wp\/v2\/posts\/168789"}],"collection":[{"href":"https:\/\/experienciadevida.com.ar\/portalurbano\/wp-json\/wp\/v2\/posts"}],"about":[{"href":"https:\/\/experienciadevida.com.ar\/portalurbano\/wp-json\/wp\/v2\/types\/post"}],"author":[{"embeddable":true,"href":"https:\/\/experienciadevida.com.ar\/portalurbano\/wp-json\/wp\/v2\/users\/1"}],"replies":[{"embeddable":true,"href":"https:\/\/experienciadevida.com.ar\/portalurbano\/wp-json\/wp\/v2\/comments?post=168789"}],"version-history":[{"count":1,"href":"https:\/\/experienciadevida.com.ar\/portalurbano\/wp-json\/wp\/v2\/posts\/168789\/revisions"}],"predecessor-version":[{"id":168791,"href":"https:\/\/experienciadevida.com.ar\/portalurbano\/wp-json\/wp\/v2\/posts\/168789\/revisions\/168791"}],"wp:featuredmedia":[{"embeddable":true,"href":"https:\/\/experienciadevida.com.ar\/portalurbano\/wp-json\/wp\/v2\/media\/168790"}],"wp:attachment":[{"href":"https:\/\/experienciadevida.com.ar\/portalurbano\/wp-json\/wp\/v2\/media?parent=168789"}],"wp:term":[{"taxonomy":"category","embeddable":true,"href":"https:\/\/experienciadevida.com.ar\/portalurbano\/wp-json\/wp\/v2\/categories?post=168789"},{"taxonomy":"post_tag","embeddable":true,"href":"https:\/\/experienciadevida.com.ar\/portalurbano\/wp-json\/wp\/v2\/tags?post=168789"}],"curies":[{"name":"wp","href":"https:\/\/api.w.org\/{rel}","templated":true}]}}