{"id":168772,"date":"2022-06-02T08:18:13","date_gmt":"2022-06-02T11:18:13","guid":{"rendered":"https:\/\/experienciadevida.com.ar\/portalurbano\/?p=168772"},"modified":"2022-06-02T08:21:30","modified_gmt":"2022-06-02T11:21:30","slug":"importantes-refacciones-en-la-casa-del-bicentenario","status":"publish","type":"post","link":"https:\/\/experienciadevida.com.ar\/portalurbano\/importantes-refacciones-en-la-casa-del-bicentenario\/","title":{"rendered":"Importantes refacciones en la Casa del Bicentenario"},"content":{"rendered":"<p>Importantes refacciones en la Casa del Bicentenario, la gesti\u00f3n <a href=\"https:\/\/www.facebook.com\/municipiodeolavarria\">municipal<\/a> llevar\u00e1 adelante importantes refacciones en la sede de la Casa del Bicentenario, con la finalidad de mejorar las instalaciones, teniendo en cuenta las m\u00faltiples actividades que all\u00ed se desarrollan.<\/p>\n<p>Las obras comprenden una serie de arreglos en terrazas y losas, ba\u00f1os, cielorrasos, revoques, como as\u00ed tambi\u00e9n la revisi\u00f3n de las instalaciones de agua, electricidad y del sistema de calefacci\u00f3n.<\/p>\n<p>La inversi\u00f3n para ejecutar de estos trabajos ser\u00e1 de $3.024.000, tras la apertura de la licitaci\u00f3n privada, que se realiz\u00f3 en el d\u00eda de ayer, con la presentaci\u00f3n de la firma Vigas y Bloques S.R.L como oferente.<\/p>\n<p>Desde la Secretar\u00eda de Mantenimiento y Obras P\u00fablicas de la Municipalidad se brind\u00f3 un detalle de las tareas a realizar en la Casa del Bicentenario, tras un relevamiento t\u00e9cnico del \u00e1rea.<\/p>\n<p>En toda la superficie de la terraza, losas, cargas y desag\u00fces pluviales y cloacales, se proceder\u00e1 a la inspecci\u00f3n para detectar imperfecciones que ocasionan p\u00e9rdidas de agua y resolver el tema de filtraciones. En este sentido, se reparar\u00e1n los desag\u00fces y se colocar\u00e1 membrana nueva en las losas y cargas, previo retiro de la membrana actual y limpieza de la superficie; colocando una membrana asf\u00e1ltica.<\/p>\n<p>En ba\u00f1os, se reparar\u00e1 el desag\u00fce de la pileta del ba\u00f1o para personas con discapacidad para su correcto funcionamiento, como as\u00ed tambi\u00e9n piletas e inodoros de dormitorios, mingitorios y todos los artefactos, rotos, sueltos y con p\u00e9rdidas de y\/o sin abastecimiento de agua. Se realizar\u00e1 la reparaci\u00f3n y pintura de sectores a reparar y da\u00f1ados.<\/p>\n<p>Por otra parte se realizar\u00e1n tareas de mejoramiento en todos los cielorrasos deteriorados por filtraciones, pintura y limpieza. Tambi\u00e9n se desarrollar\u00e1 la demolici\u00f3n de los revoques en mal estado por filtraciones o deterioros.<\/p>\n<p>En el marco de los trabajos planificados se realizar\u00e1 la inspecci\u00f3n del recorrido de abastecimiento de agua fr\u00eda hacia los ba\u00f1os del sector p\u00fablico, donde no llega el agua; para corregir este defecto y dejar funcionando los ba\u00f1os y bacha del taller.<\/p>\n<p>Tambi\u00e9n se har\u00e1 la conexi\u00f3n de la bomba centrifuga colocada en muro exterior, para que la misma funcione autom\u00e1ticamente. Se proceder\u00e1 a cerrar el muro con mamposter\u00eda y revoques y pintura.<\/p>\n<p>Asimismo las refacciones comprenden la reparaci\u00f3n y servicio de mantenimiento del equipo de calefacci\u00f3n por fallas en el encendido, el reemplazo de dos puertas del sector camarines, arreglos en la instalaci\u00f3n el\u00e9ctrica, pintura de cielorrasos y paredes de hall de acceso, ba\u00f1os p\u00fablicos y sector de escalera.<\/p>\n<p>La edificaci\u00f3n, ubicada en la margen derecha del Arroyo Tapalqu\u00e9, y construida en la d\u00e9cada del cincuenta, consisti\u00f3 primeramente en un edificio principal que alberg\u00f3 los servicios del Balneario Municipal (buffet, vestuarios, cocina, sanitarios, terrazas, con excelentes vistas). Una serie de senderos, escalinatas, plataformas y sectores verdes conforman el conjunto urbano m\u00e1s completo que se haya realizado sobre la margen del arroyo.<\/p>\n<p>En el a\u00f1o 2008, se decide llamar a toda el sector \u201cParque del Bicentenario\u201d incluyendo una serie de obras de puesta en valor, mejoras en los recorridos y equipamiento, que fueron inauguradas en noviembre del 2010.<\/p>\n<p>A trav\u00e9s del proyecto \u201cCasa de la Historia y la Cultura del Bicentenario\u201d se recuper\u00f3 el edificio para actividades culturales con una sala (auditorio) en el hall central, cine-teatro para 120 personas, camarines, aula-taller, sanitarios, y oficina administrativa.<\/p>\n<p>La renovada Casa del Bicentenario se inaugur\u00f3 finalmente en el mes de junio de 2010 con una serie de reformas principalmente en el interior del edificio, teniendo en cuenta que se mantuvo la fachada y las carpinter\u00edas exteriores originales.<\/p>\n","protected":false},"excerpt":{"rendered":"<p>Importantes refacciones en la Casa del Bicentenario, la gesti\u00f3n municipal llevar\u00e1 adelante importantes refacciones en&#8230;<\/p>\n","protected":false},"author":1,"featured_media":168773,"comment_status":"closed","ping_status":"closed","sticky":false,"template":"","format":"standard","meta":{"content-type":""},"categories":[27,51],"tags":[],"nelio_content":{"isAutoShareEnabled":false,"autoShareEndMode":"default","automationSources":{"useContentSentences":true,"useSocialTemplates":true,"useCustomSentences":false,"customSentences":[]},"followers":[1],"suggestedReferences":[],"includedReferences":[],"efiUrl":"","efiAlt":"","highlights":[]},"yoast_head":"<!-- This site is optimized with the Yoast SEO plugin v20.7 - https:\/\/yoast.com\/wordpress\/plugins\/seo\/ -->\n<title>Importantes refacciones en la casa del Bicentenario<\/title>\n<meta name=\"description\" content=\"Importantes refacciones en la Casa del Bicentenario, con la finalidad de mejorar las instalaciones, teniendo en cuenta las actividades\" \/>\n<meta name=\"robots\" content=\"index, follow, max-snippet:-1, max-image-preview:large, max-video-preview:-1\" \/>\n<link rel=\"canonical\" href=\"https:\/\/experienciadevida.com.ar\/portalurbano\/importantes-refacciones-en-la-casa-del-bicentenario\/\" \/>\n<meta property=\"og:locale\" content=\"es_ES\" \/>\n<meta property=\"og:type\" content=\"article\" \/>\n<meta property=\"og:title\" content=\"Importantes refacciones en la casa del Bicentenario\" \/>\n<meta property=\"og:description\" content=\"Importantes refacciones en la Casa del Bicentenario, con la finalidad de mejorar las instalaciones, teniendo en cuenta las actividades\" \/>\n<meta property=\"og:url\" content=\"https:\/\/experienciadevida.com.ar\/portalurbano\/importantes-refacciones-en-la-casa-del-bicentenario\/\" \/>\n<meta property=\"article:publisher\" content=\"https:\/\/www.facebook.com\/Portal-Urbano-171542830093757\/\" \/>\n<meta property=\"article:published_time\" content=\"2022-06-02T11:18:13+00:00\" \/>\n<meta property=\"article:modified_time\" content=\"2022-06-02T11:21:30+00:00\" \/>\n<meta property=\"og:image\" content=\"https:\/\/experienciadevida.com.ar\/portalurbano\/wp-content\/uploads\/2022\/06\/Importantes-refacciones-en-la.jpg\" \/>\n\t<meta property=\"og:image:width\" content=\"1024\" \/>\n\t<meta property=\"og:image:height\" content=\"683\" \/>\n\t<meta property=\"og:image:type\" content=\"image\/jpeg\" \/>\n<meta name=\"author\" content=\"admpu17wp\" \/>\n<meta name=\"twitter:card\" content=\"summary_large_image\" \/>\n<meta name=\"twitter:creator\" content=\"@portalurbanook\" \/>\n<meta name=\"twitter:site\" content=\"@portalurbanook\" \/>\n<meta name=\"twitter:label1\" content=\"Escrito por\" \/>\n\t<meta name=\"twitter:data1\" content=\"admpu17wp\" \/>\n\t<meta name=\"twitter:label2\" content=\"Tiempo de lectura\" \/>\n\t<meta name=\"twitter:data2\" content=\"3 minutos\" \/>\n<script type=\"application\/ld+json\" class=\"yoast-schema-graph\">{\"@context\":\"https:\/\/schema.org\",\"@graph\":[{\"@type\":\"Article\",\"@id\":\"https:\/\/experienciadevida.com.ar\/portalurbano\/importantes-refacciones-en-la-casa-del-bicentenario\/#article\",\"isPartOf\":{\"@id\":\"https:\/\/experienciadevida.com.ar\/portalurbano\/importantes-refacciones-en-la-casa-del-bicentenario\/\"},\"author\":{\"name\":\"admpu17wp\",\"@id\":\"https:\/\/experienciadevida.com.ar\/portalurbano\/#\/schema\/person\/02dd326b1c4b056e9cc972486934a3a7\"},\"headline\":\"Importantes refacciones en la Casa del Bicentenario\",\"datePublished\":\"2022-06-02T11:18:13+00:00\",\"dateModified\":\"2022-06-02T11:21:30+00:00\",\"mainEntityOfPage\":{\"@id\":\"https:\/\/experienciadevida.com.ar\/portalurbano\/importantes-refacciones-en-la-casa-del-bicentenario\/\"},\"wordCount\":640,\"publisher\":{\"@id\":\"https:\/\/experienciadevida.com.ar\/portalurbano\/#organization\"},\"articleSection\":[\"Ciudad\",\"Destacadas\"],\"inLanguage\":\"es\"},{\"@type\":\"WebPage\",\"@id\":\"https:\/\/experienciadevida.com.ar\/portalurbano\/importantes-refacciones-en-la-casa-del-bicentenario\/\",\"url\":\"https:\/\/experienciadevida.com.ar\/portalurbano\/importantes-refacciones-en-la-casa-del-bicentenario\/\",\"name\":\"Importantes refacciones en la casa del Bicentenario\",\"isPartOf\":{\"@id\":\"https:\/\/experienciadevida.com.ar\/portalurbano\/#website\"},\"datePublished\":\"2022-06-02T11:18:13+00:00\",\"dateModified\":\"2022-06-02T11:21:30+00:00\",\"description\":\"Importantes refacciones en la Casa del Bicentenario, con la finalidad de mejorar las instalaciones, teniendo en cuenta las actividades\",\"breadcrumb\":{\"@id\":\"https:\/\/experienciadevida.com.ar\/portalurbano\/importantes-refacciones-en-la-casa-del-bicentenario\/#breadcrumb\"},\"inLanguage\":\"es\",\"potentialAction\":[{\"@type\":\"ReadAction\",\"target\":[\"https:\/\/experienciadevida.com.ar\/portalurbano\/importantes-refacciones-en-la-casa-del-bicentenario\/\"]}]},{\"@type\":\"BreadcrumbList\",\"@id\":\"https:\/\/experienciadevida.com.ar\/portalurbano\/importantes-refacciones-en-la-casa-del-bicentenario\/#breadcrumb\",\"itemListElement\":[{\"@type\":\"ListItem\",\"position\":1,\"name\":\"Portada\",\"item\":\"https:\/\/experienciadevida.com.ar\/portalurbano\/\"},{\"@type\":\"ListItem\",\"position\":2,\"name\":\"Importantes refacciones en la Casa del Bicentenario\"}]},{\"@type\":\"WebSite\",\"@id\":\"https:\/\/experienciadevida.com.ar\/portalurbano\/#website\",\"url\":\"https:\/\/experienciadevida.com.ar\/portalurbano\/\",\"name\":\"\",\"description\":\"\",\"publisher\":{\"@id\":\"https:\/\/experienciadevida.com.ar\/portalurbano\/#organization\"},\"potentialAction\":[{\"@type\":\"SearchAction\",\"target\":{\"@type\":\"EntryPoint\",\"urlTemplate\":\"https:\/\/experienciadevida.com.ar\/portalurbano\/?s={search_term_string}\"},\"query-input\":\"required name=search_term_string\"}],\"inLanguage\":\"es\"},{\"@type\":\"Organization\",\"@id\":\"https:\/\/experienciadevida.com.ar\/portalurbano\/#organization\",\"name\":\"Portal Urbano\",\"url\":\"https:\/\/experienciadevida.com.ar\/portalurbano\/\",\"logo\":{\"@type\":\"ImageObject\",\"inLanguage\":\"es\",\"@id\":\"https:\/\/experienciadevida.com.ar\/portalurbano\/#\/schema\/logo\/image\/\",\"url\":\"https:\/\/experienciadevida.com.ar\/portalurbano\/wp-content\/uploads\/2019\/09\/Logo-Original.png\",\"contentUrl\":\"https:\/\/experienciadevida.com.ar\/portalurbano\/wp-content\/uploads\/2019\/09\/Logo-Original.png\",\"width\":2236,\"height\":1216,\"caption\":\"Portal Urbano\"},\"image\":{\"@id\":\"https:\/\/experienciadevida.com.ar\/portalurbano\/#\/schema\/logo\/image\/\"},\"sameAs\":[\"https:\/\/www.facebook.com\/Portal-Urbano-171542830093757\/\",\"https:\/\/twitter.com\/portalurbanook\",\"https:\/\/www.instagram.com\/_portalurbano\/\",\"https:\/\/www.youtube.com\/channel\/UCXhagIfszH8KxFiOok79zbA?view_as=subscriber\"]},{\"@type\":\"Person\",\"@id\":\"https:\/\/experienciadevida.com.ar\/portalurbano\/#\/schema\/person\/02dd326b1c4b056e9cc972486934a3a7\",\"name\":\"admpu17wp\",\"image\":{\"@type\":\"ImageObject\",\"inLanguage\":\"es\",\"@id\":\"https:\/\/experienciadevida.com.ar\/portalurbano\/#\/schema\/person\/image\/\",\"url\":\"https:\/\/secure.gravatar.com\/avatar\/830d4c57adaae6630765e449a6908047?s=96&d=mm&r=g\",\"contentUrl\":\"https:\/\/secure.gravatar.com\/avatar\/830d4c57adaae6630765e449a6908047?s=96&d=mm&r=g\",\"caption\":\"admpu17wp\"}}]}<\/script>\n<!-- \/ Yoast SEO plugin. -->","yoast_head_json":{"title":"Importantes refacciones en la casa del Bicentenario","description":"Importantes refacciones en la Casa del Bicentenario, con la finalidad de mejorar las instalaciones, teniendo en cuenta las actividades","robots":{"index":"index","follow":"follow","max-snippet":"max-snippet:-1","max-image-preview":"max-image-preview:large","max-video-preview":"max-video-preview:-1"},"canonical":"https:\/\/experienciadevida.com.ar\/portalurbano\/importantes-refacciones-en-la-casa-del-bicentenario\/","og_locale":"es_ES","og_type":"article","og_title":"Importantes refacciones en la casa del Bicentenario","og_description":"Importantes refacciones en la Casa del Bicentenario, con la finalidad de mejorar las instalaciones, teniendo en cuenta las actividades","og_url":"https:\/\/experienciadevida.com.ar\/portalurbano\/importantes-refacciones-en-la-casa-del-bicentenario\/","article_publisher":"https:\/\/www.facebook.com\/Portal-Urbano-171542830093757\/","article_published_time":"2022-06-02T11:18:13+00:00","article_modified_time":"2022-06-02T11:21:30+00:00","og_image":[{"width":1024,"height":683,"url":"https:\/\/experienciadevida.com.ar\/portalurbano\/wp-content\/uploads\/2022\/06\/Importantes-refacciones-en-la.jpg","type":"image\/jpeg"}],"author":"admpu17wp","twitter_card":"summary_large_image","twitter_creator":"@portalurbanook","twitter_site":"@portalurbanook","twitter_misc":{"Escrito por":"admpu17wp","Tiempo de lectura":"3 minutos"},"schema":{"@context":"https:\/\/schema.org","@graph":[{"@type":"Article","@id":"https:\/\/experienciadevida.com.ar\/portalurbano\/importantes-refacciones-en-la-casa-del-bicentenario\/#article","isPartOf":{"@id":"https:\/\/experienciadevida.com.ar\/portalurbano\/importantes-refacciones-en-la-casa-del-bicentenario\/"},"author":{"name":"admpu17wp","@id":"https:\/\/experienciadevida.com.ar\/portalurbano\/#\/schema\/person\/02dd326b1c4b056e9cc972486934a3a7"},"headline":"Importantes refacciones en la Casa del Bicentenario","datePublished":"2022-06-02T11:18:13+00:00","dateModified":"2022-06-02T11:21:30+00:00","mainEntityOfPage":{"@id":"https:\/\/experienciadevida.com.ar\/portalurbano\/importantes-refacciones-en-la-casa-del-bicentenario\/"},"wordCount":640,"publisher":{"@id":"https:\/\/experienciadevida.com.ar\/portalurbano\/#organization"},"articleSection":["Ciudad","Destacadas"],"inLanguage":"es"},{"@type":"WebPage","@id":"https:\/\/experienciadevida.com.ar\/portalurbano\/importantes-refacciones-en-la-casa-del-bicentenario\/","url":"https:\/\/experienciadevida.com.ar\/portalurbano\/importantes-refacciones-en-la-casa-del-bicentenario\/","name":"Importantes refacciones en la casa del Bicentenario","isPartOf":{"@id":"https:\/\/experienciadevida.com.ar\/portalurbano\/#website"},"datePublished":"2022-06-02T11:18:13+00:00","dateModified":"2022-06-02T11:21:30+00:00","description":"Importantes refacciones en la Casa del Bicentenario, con la finalidad de mejorar las instalaciones, teniendo en cuenta las actividades","breadcrumb":{"@id":"https:\/\/experienciadevida.com.ar\/portalurbano\/importantes-refacciones-en-la-casa-del-bicentenario\/#breadcrumb"},"inLanguage":"es","potentialAction":[{"@type":"ReadAction","target":["https:\/\/experienciadevida.com.ar\/portalurbano\/importantes-refacciones-en-la-casa-del-bicentenario\/"]}]},{"@type":"BreadcrumbList","@id":"https:\/\/experienciadevida.com.ar\/portalurbano\/importantes-refacciones-en-la-casa-del-bicentenario\/#breadcrumb","itemListElement":[{"@type":"ListItem","position":1,"name":"Portada","item":"https:\/\/experienciadevida.com.ar\/portalurbano\/"},{"@type":"ListItem","position":2,"name":"Importantes refacciones en la Casa del Bicentenario"}]},{"@type":"WebSite","@id":"https:\/\/experienciadevida.com.ar\/portalurbano\/#website","url":"https:\/\/experienciadevida.com.ar\/portalurbano\/","name":"","description":"","publisher":{"@id":"https:\/\/experienciadevida.com.ar\/portalurbano\/#organization"},"potentialAction":[{"@type":"SearchAction","target":{"@type":"EntryPoint","urlTemplate":"https:\/\/experienciadevida.com.ar\/portalurbano\/?s={search_term_string}"},"query-input":"required name=search_term_string"}],"inLanguage":"es"},{"@type":"Organization","@id":"https:\/\/experienciadevida.com.ar\/portalurbano\/#organization","name":"Portal Urbano","url":"https:\/\/experienciadevida.com.ar\/portalurbano\/","logo":{"@type":"ImageObject","inLanguage":"es","@id":"https:\/\/experienciadevida.com.ar\/portalurbano\/#\/schema\/logo\/image\/","url":"https:\/\/experienciadevida.com.ar\/portalurbano\/wp-content\/uploads\/2019\/09\/Logo-Original.png","contentUrl":"https:\/\/experienciadevida.com.ar\/portalurbano\/wp-content\/uploads\/2019\/09\/Logo-Original.png","width":2236,"height":1216,"caption":"Portal Urbano"},"image":{"@id":"https:\/\/experienciadevida.com.ar\/portalurbano\/#\/schema\/logo\/image\/"},"sameAs":["https:\/\/www.facebook.com\/Portal-Urbano-171542830093757\/","https:\/\/twitter.com\/portalurbanook","https:\/\/www.instagram.com\/_portalurbano\/","https:\/\/www.youtube.com\/channel\/UCXhagIfszH8KxFiOok79zbA?view_as=subscriber"]},{"@type":"Person","@id":"https:\/\/experienciadevida.com.ar\/portalurbano\/#\/schema\/person\/02dd326b1c4b056e9cc972486934a3a7","name":"admpu17wp","image":{"@type":"ImageObject","inLanguage":"es","@id":"https:\/\/experienciadevida.com.ar\/portalurbano\/#\/schema\/person\/image\/","url":"https:\/\/secure.gravatar.com\/avatar\/830d4c57adaae6630765e449a6908047?s=96&d=mm&r=g","contentUrl":"https:\/\/secure.gravatar.com\/avatar\/830d4c57adaae6630765e449a6908047?s=96&d=mm&r=g","caption":"admpu17wp"}}]}},"featured_image_urls":{"full":["https:\/\/experienciadevida.com.ar\/portalurbano\/wp-content\/uploads\/2022\/06\/Importantes-refacciones-en-la.jpg",1024,683,false],"thumbnail":["https:\/\/experienciadevida.com.ar\/portalurbano\/wp-content\/uploads\/2022\/06\/Importantes-refacciones-en-la-150x150.jpg",150,150,true],"medium":["https:\/\/experienciadevida.com.ar\/portalurbano\/wp-content\/uploads\/2022\/06\/Importantes-refacciones-en-la-300x200.jpg",300,200,true],"medium_large":["https:\/\/experienciadevida.com.ar\/portalurbano\/wp-content\/uploads\/2022\/06\/Importantes-refacciones-en-la-768x512.jpg",640,427,true],"large":["https:\/\/experienciadevida.com.ar\/portalurbano\/wp-content\/uploads\/2022\/06\/Importantes-refacciones-en-la.jpg",640,427,false],"ug_big":["https:\/\/experienciadevida.com.ar\/portalurbano\/wp-content\/uploads\/2022\/06\/Importantes-refacciones-en-la-768x512.jpg",768,512,true],"1536x1536":["https:\/\/experienciadevida.com.ar\/portalurbano\/wp-content\/uploads\/2022\/06\/Importantes-refacciones-en-la.jpg",1024,683,false],"2048x2048":["https:\/\/experienciadevida.com.ar\/portalurbano\/wp-content\/uploads\/2022\/06\/Importantes-refacciones-en-la.jpg",1024,683,false],"newsever-slider-full":["https:\/\/experienciadevida.com.ar\/portalurbano\/wp-content\/uploads\/2022\/06\/Importantes-refacciones-en-la.jpg",1024,683,false],"newsever-featured":["https:\/\/experienciadevida.com.ar\/portalurbano\/wp-content\/uploads\/2022\/06\/Importantes-refacciones-en-la.jpg",1024,683,false],"newsever-medium":["https:\/\/experienciadevida.com.ar\/portalurbano\/wp-content\/uploads\/2022\/06\/Importantes-refacciones-en-la.jpg",712,475,false],"web-stories-poster-portrait":["https:\/\/experienciadevida.com.ar\/portalurbano\/wp-content\/uploads\/2022\/06\/Importantes-refacciones-en-la.jpg",640,427,false],"web-stories-publisher-logo":["https:\/\/experienciadevida.com.ar\/portalurbano\/wp-content\/uploads\/2022\/06\/Importantes-refacciones-en-la.jpg",96,64,false],"web-stories-thumbnail":["https:\/\/experienciadevida.com.ar\/portalurbano\/wp-content\/uploads\/2022\/06\/Importantes-refacciones-en-la.jpg",150,100,false]},"author_info":{"display_name":"admpu17wp","author_link":"https:\/\/experienciadevida.com.ar\/portalurbano\/author\/admpu17wp\/"},"category_info":"<a href=\"https:\/\/experienciadevida.com.ar\/portalurbano\/category\/ciudad\/\" rel=\"category tag\">Ciudad<\/a> <a href=\"https:\/\/experienciadevida.com.ar\/portalurbano\/category\/destacadas\/\" rel=\"category tag\">Destacadas<\/a>","tag_info":"Destacadas","comment_count":"0","amp_enabled":true,"_links":{"self":[{"href":"https:\/\/experienciadevida.com.ar\/portalurbano\/wp-json\/wp\/v2\/posts\/168772"}],"collection":[{"href":"https:\/\/experienciadevida.com.ar\/portalurbano\/wp-json\/wp\/v2\/posts"}],"about":[{"href":"https:\/\/experienciadevida.com.ar\/portalurbano\/wp-json\/wp\/v2\/types\/post"}],"author":[{"embeddable":true,"href":"https:\/\/experienciadevida.com.ar\/portalurbano\/wp-json\/wp\/v2\/users\/1"}],"replies":[{"embeddable":true,"href":"https:\/\/experienciadevida.com.ar\/portalurbano\/wp-json\/wp\/v2\/comments?post=168772"}],"version-history":[{"count":2,"href":"https:\/\/experienciadevida.com.ar\/portalurbano\/wp-json\/wp\/v2\/posts\/168772\/revisions"}],"predecessor-version":[{"id":168775,"href":"https:\/\/experienciadevida.com.ar\/portalurbano\/wp-json\/wp\/v2\/posts\/168772\/revisions\/168775"}],"wp:featuredmedia":[{"embeddable":true,"href":"https:\/\/experienciadevida.com.ar\/portalurbano\/wp-json\/wp\/v2\/media\/168773"}],"wp:attachment":[{"href":"https:\/\/experienciadevida.com.ar\/portalurbano\/wp-json\/wp\/v2\/media?parent=168772"}],"wp:term":[{"taxonomy":"category","embeddable":true,"href":"https:\/\/experienciadevida.com.ar\/portalurbano\/wp-json\/wp\/v2\/categories?post=168772"},{"taxonomy":"post_tag","embeddable":true,"href":"https:\/\/experienciadevida.com.ar\/portalurbano\/wp-json\/wp\/v2\/tags?post=168772"}],"curies":[{"name":"wp","href":"https:\/\/api.w.org\/{rel}","templated":true}]}}