{"id":168766,"date":"2022-06-02T08:13:32","date_gmt":"2022-06-02T11:13:32","guid":{"rendered":"https:\/\/experienciadevida.com.ar\/portalurbano\/?p=168766"},"modified":"2022-06-02T08:16:10","modified_gmt":"2022-06-02T11:16:10","slug":"dia-nacional-del-bombero-voluntario-visita-de-jardines-maternales-municipales","status":"publish","type":"post","link":"https:\/\/experienciadevida.com.ar\/portalurbano\/dia-nacional-del-bombero-voluntario-visita-de-jardines-maternales-municipales\/","title":{"rendered":"D\u00eda Nacional del Bombero Voluntario: visita de Jardines Maternales Municipales"},"content":{"rendered":"<p>D\u00eda Nacional del Bombero Voluntario: visita de Jardines Maternales Municipales, este 2 de junio\u00a0 se celebra en todo el pa\u00eds el D\u00eda Nacional del Bombero Voluntario, en conmemoraci\u00f3n a la creaci\u00f3n del primer cuerpo activo de bomberos voluntarios en el barrio porte\u00f1o de La Boca.<\/p>\n<p><a href=\"https:\/\/experienciadevida.com.ar\/portalurbano\/dia-nacional-del-bombero-voluntario-visita-de-jardines-maternales-municipales\/dia-5\/\" rel=\"attachment wp-att-168769\"><img decoding=\"async\" class=\"alignnone size-large wp-image-168769\" src=\"https:\/\/experienciadevida.com.ar\/portalurbano\/wp-content\/uploads\/2022\/06\/Dia-1024x683.jpg\" alt=\"D\u00eda \" width=\"900\" height=\"600\" srcset=\"https:\/\/experienciadevida.com.ar\/portalurbano\/wp-content\/uploads\/2022\/06\/Dia-1024x683.jpg 1024w, https:\/\/experienciadevida.com.ar\/portalurbano\/wp-content\/uploads\/2022\/06\/Dia-300x200.jpg 300w, https:\/\/experienciadevida.com.ar\/portalurbano\/wp-content\/uploads\/2022\/06\/Dia-768x512.jpg 768w, https:\/\/experienciadevida.com.ar\/portalurbano\/wp-content\/uploads\/2022\/06\/Dia-1536x1024.jpg 1536w, https:\/\/experienciadevida.com.ar\/portalurbano\/wp-content\/uploads\/2022\/06\/Dia-2048x1366.jpg 2048w\" sizes=\"(max-width: 900px) 100vw, 900px\" \/><\/a><\/p>\n<p>Hoy es un d\u00eda propicio para reconocer el invaluable y desinteresado trabajo, que realizan hombres y mujeres que integran el Cuerpo Activo de Bomberos Voluntarios de Olavarr\u00eda, con gran responsabilidad y vocaci\u00f3n, cumpliendo un importante rol social en la prevenci\u00f3n y cuidado en la comunidad.<\/p>\n<p>Ni\u00f1os y ni\u00f1as de Sala de 2 de los Jardines Maternales Municipales \u201cMi Casita\u201d y \u201cPapa Francisco\u201d visitaron el cuartel central de Bomberos de Avda. Col\u00f3n 3250 para realizar una visita guiada.<\/p>\n<p>Durante el recorrido, la comitiva fue acompa\u00f1ada por las coordinadoras de la Unidad de Desarrollo Infantil Eugenia Iraz\u00e1bal, del Jard\u00edn \u201cMi Casita\u201d Nancy Scalise y del Jard\u00edn \u201cPapa Francisco\u201d Anabella Barrag\u00e1n, junto al equipo de cada maternal.<\/p>\n<p>All\u00ed fueron recibidos por el bombero Sa\u00fal Sosa, quien explic\u00f3 que \u201cdentro de la relaci\u00f3n que tiene Bomberos con la comunidad, nos encargamos de recibir instituciones de educaci\u00f3n inicial, primario, secundario y universitario, donde se muestra todo el equipamiento desde una manera pedag\u00f3gica, de acorde a la edad, plan curricular y el inter\u00e9s manifestado desde el establecimiento\u201d.<\/p>\n<p>\u201cEn el caso de chiquitos de tres, cuatro y cinco a\u00f1os, adecuamos el recorrido de acuerdo a su per\u00edodo de atenci\u00f3n, intereses y gustos. Por ejemplo si son m\u00e1s chicos a\u00fan, en el caso de maternales, hablamos de colores, tipos de cascos, camiones, bien acotado a la etapa de desarrollo del ni\u00f1o\u201d, agreg\u00f3.<\/p>\n<p>Adem\u00e1s Sa\u00fal explic\u00f3 que \u201clas visitas de instituciones generalmente se realizan por pedido de nota formal, que es elevada al Jefe del Cuerpo Activo, la cual mediante un proceso administrativo queda autorizada para coordinar desde el \u00e1rea de Oficina T\u00e9cnica, donde se hace la recepci\u00f3n\u201d.<\/p>\n<p>\u201cPor lo general cada visita para jardines maternales y nivel inicial dura 40 minutos, con un recorrida por planta baja del cuartel, se muestran los camiones, equipamiento, con preguntas y respuestas, acotadas a la edad\u201d, coment\u00f3.<\/p>\n<p>Por su parte, desde los Jardines Maternales Municipales que desde el inicio del a\u00f1o se trabaja en la planificaci\u00f3n y organizaci\u00f3n de actividades y proyectos a desarrollar durante el ciclo lectivo.<\/p>\n<p>Cabe destacar que el Municipio cuenta en total con 12 Jardines Maternales -que dependen de la Subsecretar\u00eda de Desarrollo Social y se encuentran distribuidos en distintos barrios de la ciudad y localidades del Partido- que tienen como misi\u00f3n fortalecer el v\u00ednculo integral de los ni\u00f1os y las ni\u00f1as con su familia, a desde el amor, cuidado y acompa\u00f1amiento, a partir de los 45 d\u00edas hasta los 3 a\u00f1os de edad.<\/p>\n<p>Sobre la propuesta en relaci\u00f3n a la visita a Bomberos Voluntarios, Anabella Barrag\u00e1n (coordinadora del Jard\u00edn Maternal \u201cPapa Francisco\u201d) destac\u00f3 que la \u201cidea fue presentada por las chicas cuando preparamos el proyecto de junio, teniendo en cuenta que el d\u00eda 2 de junio se celebra el D\u00eda del Bombero Voluntario. La propuesta era acercar a los peque\u00f1os a este mundo\u201d.<\/p>\n<p>\u201cEntonces coordinamos con personal del cuartel que nos ofreci\u00f3 esta fecha, lo que se hizo previamente, una semana antes de la visita, es comenzar a charlar en sala, jugar mediante expresi\u00f3n corporal y contar un poco sobre la funci\u00f3n de los bomberos. Ahora durante principio de junio seguiremos trabajando en este proyecto\u201d, agreg\u00f3.<\/p>\n<p>A trav\u00e9s de esta actividad, ni\u00f1os y ni\u00f1as de Sala de 2 compartieron una experiencia inolvidable en el cuartel central de Bomberos Voluntarios de Olavarr\u00eda, en una fecha especial para reconocer la invaluable tarea que se desarrollan en la comunidad.<\/p>\n<p><a href=\"https:\/\/experienciadevida.com.ar\/portalurbano\/dia-nacional-del-bombero-voluntario-visita-de-jardines-maternales-municipales\/nacional-2\/\" rel=\"attachment wp-att-168770\"><img decoding=\"async\" class=\"alignnone size-large wp-image-168770\" src=\"https:\/\/experienciadevida.com.ar\/portalurbano\/wp-content\/uploads\/2022\/06\/nacional-1024x683.jpg\" alt=\"nacional\" width=\"900\" height=\"600\" srcset=\"https:\/\/experienciadevida.com.ar\/portalurbano\/wp-content\/uploads\/2022\/06\/nacional-1024x683.jpg 1024w, https:\/\/experienciadevida.com.ar\/portalurbano\/wp-content\/uploads\/2022\/06\/nacional-300x200.jpg 300w, https:\/\/experienciadevida.com.ar\/portalurbano\/wp-content\/uploads\/2022\/06\/nacional-768x512.jpg 768w, https:\/\/experienciadevida.com.ar\/portalurbano\/wp-content\/uploads\/2022\/06\/nacional-1536x1024.jpg 1536w, https:\/\/experienciadevida.com.ar\/portalurbano\/wp-content\/uploads\/2022\/06\/nacional-2048x1366.jpg 2048w\" sizes=\"(max-width: 900px) 100vw, 900px\" \/><\/a><\/p>\n","protected":false},"excerpt":{"rendered":"<p>D\u00eda Nacional del Bombero Voluntario: visita de Jardines Maternales Municipales, este 2 de junio\u00a0 se&#8230;<\/p>\n","protected":false},"author":1,"featured_media":168767,"comment_status":"closed","ping_status":"closed","sticky":false,"template":"","format":"standard","meta":{"content-type":""},"categories":[27,64],"tags":[],"nelio_content":{"isAutoShareEnabled":false,"autoShareEndMode":"default","automationSources":{"useContentSentences":true,"useSocialTemplates":true,"useCustomSentences":false,"customSentences":[]},"followers":[1],"suggestedReferences":[],"includedReferences":[],"efiUrl":"","efiAlt":"","highlights":[]},"yoast_head":"<!-- This site is optimized with the Yoast SEO plugin v20.7 - https:\/\/yoast.com\/wordpress\/plugins\/seo\/ -->\n<title>D\u00eda Nacional del Bombero Voluntario: Visita de jardines maternales<\/title>\n<meta name=\"description\" content=\"D\u00eda Nacional del Bombero Voluntario: visita de Jardines Maternales Municipales, este 2 de junio\u00a0 se celebra en todo el pa\u00eds\" \/>\n<meta name=\"robots\" content=\"index, follow, max-snippet:-1, max-image-preview:large, max-video-preview:-1\" \/>\n<link rel=\"canonical\" href=\"https:\/\/experienciadevida.com.ar\/portalurbano\/dia-nacional-del-bombero-voluntario-visita-de-jardines-maternales-municipales\/\" \/>\n<meta property=\"og:locale\" content=\"es_ES\" \/>\n<meta property=\"og:type\" content=\"article\" \/>\n<meta property=\"og:title\" content=\"D\u00eda Nacional del Bombero Voluntario: Visita de jardines maternales\" \/>\n<meta property=\"og:description\" content=\"D\u00eda Nacional del Bombero Voluntario: visita de Jardines Maternales Municipales, este 2 de junio\u00a0 se celebra en todo el pa\u00eds\" \/>\n<meta property=\"og:url\" content=\"https:\/\/experienciadevida.com.ar\/portalurbano\/dia-nacional-del-bombero-voluntario-visita-de-jardines-maternales-municipales\/\" \/>\n<meta property=\"article:publisher\" content=\"https:\/\/www.facebook.com\/Portal-Urbano-171542830093757\/\" \/>\n<meta property=\"article:published_time\" content=\"2022-06-02T11:13:32+00:00\" \/>\n<meta property=\"article:modified_time\" content=\"2022-06-02T11:16:10+00:00\" \/>\n<meta property=\"og:image\" content=\"https:\/\/experienciadevida.com.ar\/portalurbano\/wp-content\/uploads\/2022\/06\/Dia-Nacional-del-Bombero.jpg\" \/>\n\t<meta property=\"og:image:width\" content=\"2560\" \/>\n\t<meta property=\"og:image:height\" content=\"1707\" \/>\n\t<meta property=\"og:image:type\" content=\"image\/jpeg\" \/>\n<meta name=\"author\" content=\"admpu17wp\" \/>\n<meta name=\"twitter:card\" content=\"summary_large_image\" \/>\n<meta name=\"twitter:creator\" content=\"@portalurbanook\" \/>\n<meta name=\"twitter:site\" content=\"@portalurbanook\" \/>\n<meta name=\"twitter:label1\" content=\"Escrito por\" \/>\n\t<meta name=\"twitter:data1\" content=\"admpu17wp\" \/>\n\t<meta name=\"twitter:label2\" content=\"Tiempo de lectura\" \/>\n\t<meta name=\"twitter:data2\" content=\"3 minutos\" \/>\n<script type=\"application\/ld+json\" class=\"yoast-schema-graph\">{\"@context\":\"https:\/\/schema.org\",\"@graph\":[{\"@type\":\"Article\",\"@id\":\"https:\/\/experienciadevida.com.ar\/portalurbano\/dia-nacional-del-bombero-voluntario-visita-de-jardines-maternales-municipales\/#article\",\"isPartOf\":{\"@id\":\"https:\/\/experienciadevida.com.ar\/portalurbano\/dia-nacional-del-bombero-voluntario-visita-de-jardines-maternales-municipales\/\"},\"author\":{\"name\":\"admpu17wp\",\"@id\":\"https:\/\/experienciadevida.com.ar\/portalurbano\/#\/schema\/person\/02dd326b1c4b056e9cc972486934a3a7\"},\"headline\":\"D\u00eda Nacional del Bombero Voluntario: visita de Jardines Maternales Municipales\",\"datePublished\":\"2022-06-02T11:13:32+00:00\",\"dateModified\":\"2022-06-02T11:16:10+00:00\",\"mainEntityOfPage\":{\"@id\":\"https:\/\/experienciadevida.com.ar\/portalurbano\/dia-nacional-del-bombero-voluntario-visita-de-jardines-maternales-municipales\/\"},\"wordCount\":662,\"publisher\":{\"@id\":\"https:\/\/experienciadevida.com.ar\/portalurbano\/#organization\"},\"articleSection\":[\"Ciudad\",\"Destacadas 2\"],\"inLanguage\":\"es\"},{\"@type\":\"WebPage\",\"@id\":\"https:\/\/experienciadevida.com.ar\/portalurbano\/dia-nacional-del-bombero-voluntario-visita-de-jardines-maternales-municipales\/\",\"url\":\"https:\/\/experienciadevida.com.ar\/portalurbano\/dia-nacional-del-bombero-voluntario-visita-de-jardines-maternales-municipales\/\",\"name\":\"D\u00eda Nacional del Bombero Voluntario: Visita de jardines maternales\",\"isPartOf\":{\"@id\":\"https:\/\/experienciadevida.com.ar\/portalurbano\/#website\"},\"datePublished\":\"2022-06-02T11:13:32+00:00\",\"dateModified\":\"2022-06-02T11:16:10+00:00\",\"description\":\"D\u00eda Nacional del Bombero Voluntario: visita de Jardines Maternales Municipales, este 2 de junio\u00a0 se celebra en todo el pa\u00eds\",\"breadcrumb\":{\"@id\":\"https:\/\/experienciadevida.com.ar\/portalurbano\/dia-nacional-del-bombero-voluntario-visita-de-jardines-maternales-municipales\/#breadcrumb\"},\"inLanguage\":\"es\",\"potentialAction\":[{\"@type\":\"ReadAction\",\"target\":[\"https:\/\/experienciadevida.com.ar\/portalurbano\/dia-nacional-del-bombero-voluntario-visita-de-jardines-maternales-municipales\/\"]}]},{\"@type\":\"BreadcrumbList\",\"@id\":\"https:\/\/experienciadevida.com.ar\/portalurbano\/dia-nacional-del-bombero-voluntario-visita-de-jardines-maternales-municipales\/#breadcrumb\",\"itemListElement\":[{\"@type\":\"ListItem\",\"position\":1,\"name\":\"Portada\",\"item\":\"https:\/\/experienciadevida.com.ar\/portalurbano\/\"},{\"@type\":\"ListItem\",\"position\":2,\"name\":\"D\u00eda Nacional del Bombero Voluntario: visita de Jardines Maternales Municipales\"}]},{\"@type\":\"WebSite\",\"@id\":\"https:\/\/experienciadevida.com.ar\/portalurbano\/#website\",\"url\":\"https:\/\/experienciadevida.com.ar\/portalurbano\/\",\"name\":\"\",\"description\":\"\",\"publisher\":{\"@id\":\"https:\/\/experienciadevida.com.ar\/portalurbano\/#organization\"},\"potentialAction\":[{\"@type\":\"SearchAction\",\"target\":{\"@type\":\"EntryPoint\",\"urlTemplate\":\"https:\/\/experienciadevida.com.ar\/portalurbano\/?s={search_term_string}\"},\"query-input\":\"required name=search_term_string\"}],\"inLanguage\":\"es\"},{\"@type\":\"Organization\",\"@id\":\"https:\/\/experienciadevida.com.ar\/portalurbano\/#organization\",\"name\":\"Portal Urbano\",\"url\":\"https:\/\/experienciadevida.com.ar\/portalurbano\/\",\"logo\":{\"@type\":\"ImageObject\",\"inLanguage\":\"es\",\"@id\":\"https:\/\/experienciadevida.com.ar\/portalurbano\/#\/schema\/logo\/image\/\",\"url\":\"https:\/\/experienciadevida.com.ar\/portalurbano\/wp-content\/uploads\/2019\/09\/Logo-Original.png\",\"contentUrl\":\"https:\/\/experienciadevida.com.ar\/portalurbano\/wp-content\/uploads\/2019\/09\/Logo-Original.png\",\"width\":2236,\"height\":1216,\"caption\":\"Portal Urbano\"},\"image\":{\"@id\":\"https:\/\/experienciadevida.com.ar\/portalurbano\/#\/schema\/logo\/image\/\"},\"sameAs\":[\"https:\/\/www.facebook.com\/Portal-Urbano-171542830093757\/\",\"https:\/\/twitter.com\/portalurbanook\",\"https:\/\/www.instagram.com\/_portalurbano\/\",\"https:\/\/www.youtube.com\/channel\/UCXhagIfszH8KxFiOok79zbA?view_as=subscriber\"]},{\"@type\":\"Person\",\"@id\":\"https:\/\/experienciadevida.com.ar\/portalurbano\/#\/schema\/person\/02dd326b1c4b056e9cc972486934a3a7\",\"name\":\"admpu17wp\",\"image\":{\"@type\":\"ImageObject\",\"inLanguage\":\"es\",\"@id\":\"https:\/\/experienciadevida.com.ar\/portalurbano\/#\/schema\/person\/image\/\",\"url\":\"https:\/\/secure.gravatar.com\/avatar\/830d4c57adaae6630765e449a6908047?s=96&d=mm&r=g\",\"contentUrl\":\"https:\/\/secure.gravatar.com\/avatar\/830d4c57adaae6630765e449a6908047?s=96&d=mm&r=g\",\"caption\":\"admpu17wp\"}}]}<\/script>\n<!-- \/ Yoast SEO plugin. -->","yoast_head_json":{"title":"D\u00eda Nacional del Bombero Voluntario: Visita de jardines maternales","description":"D\u00eda Nacional del Bombero Voluntario: visita de Jardines Maternales Municipales, este 2 de junio\u00a0 se celebra en todo el pa\u00eds","robots":{"index":"index","follow":"follow","max-snippet":"max-snippet:-1","max-image-preview":"max-image-preview:large","max-video-preview":"max-video-preview:-1"},"canonical":"https:\/\/experienciadevida.com.ar\/portalurbano\/dia-nacional-del-bombero-voluntario-visita-de-jardines-maternales-municipales\/","og_locale":"es_ES","og_type":"article","og_title":"D\u00eda Nacional del Bombero Voluntario: Visita de jardines maternales","og_description":"D\u00eda Nacional del Bombero Voluntario: visita de Jardines Maternales Municipales, este 2 de junio\u00a0 se celebra en todo el pa\u00eds","og_url":"https:\/\/experienciadevida.com.ar\/portalurbano\/dia-nacional-del-bombero-voluntario-visita-de-jardines-maternales-municipales\/","article_publisher":"https:\/\/www.facebook.com\/Portal-Urbano-171542830093757\/","article_published_time":"2022-06-02T11:13:32+00:00","article_modified_time":"2022-06-02T11:16:10+00:00","og_image":[{"width":2560,"height":1707,"url":"https:\/\/experienciadevida.com.ar\/portalurbano\/wp-content\/uploads\/2022\/06\/Dia-Nacional-del-Bombero.jpg","type":"image\/jpeg"}],"author":"admpu17wp","twitter_card":"summary_large_image","twitter_creator":"@portalurbanook","twitter_site":"@portalurbanook","twitter_misc":{"Escrito por":"admpu17wp","Tiempo de lectura":"3 minutos"},"schema":{"@context":"https:\/\/schema.org","@graph":[{"@type":"Article","@id":"https:\/\/experienciadevida.com.ar\/portalurbano\/dia-nacional-del-bombero-voluntario-visita-de-jardines-maternales-municipales\/#article","isPartOf":{"@id":"https:\/\/experienciadevida.com.ar\/portalurbano\/dia-nacional-del-bombero-voluntario-visita-de-jardines-maternales-municipales\/"},"author":{"name":"admpu17wp","@id":"https:\/\/experienciadevida.com.ar\/portalurbano\/#\/schema\/person\/02dd326b1c4b056e9cc972486934a3a7"},"headline":"D\u00eda Nacional del Bombero Voluntario: visita de Jardines Maternales Municipales","datePublished":"2022-06-02T11:13:32+00:00","dateModified":"2022-06-02T11:16:10+00:00","mainEntityOfPage":{"@id":"https:\/\/experienciadevida.com.ar\/portalurbano\/dia-nacional-del-bombero-voluntario-visita-de-jardines-maternales-municipales\/"},"wordCount":662,"publisher":{"@id":"https:\/\/experienciadevida.com.ar\/portalurbano\/#organization"},"articleSection":["Ciudad","Destacadas 2"],"inLanguage":"es"},{"@type":"WebPage","@id":"https:\/\/experienciadevida.com.ar\/portalurbano\/dia-nacional-del-bombero-voluntario-visita-de-jardines-maternales-municipales\/","url":"https:\/\/experienciadevida.com.ar\/portalurbano\/dia-nacional-del-bombero-voluntario-visita-de-jardines-maternales-municipales\/","name":"D\u00eda Nacional del Bombero Voluntario: Visita de jardines maternales","isPartOf":{"@id":"https:\/\/experienciadevida.com.ar\/portalurbano\/#website"},"datePublished":"2022-06-02T11:13:32+00:00","dateModified":"2022-06-02T11:16:10+00:00","description":"D\u00eda Nacional del Bombero Voluntario: visita de Jardines Maternales Municipales, este 2 de junio\u00a0 se celebra en todo el pa\u00eds","breadcrumb":{"@id":"https:\/\/experienciadevida.com.ar\/portalurbano\/dia-nacional-del-bombero-voluntario-visita-de-jardines-maternales-municipales\/#breadcrumb"},"inLanguage":"es","potentialAction":[{"@type":"ReadAction","target":["https:\/\/experienciadevida.com.ar\/portalurbano\/dia-nacional-del-bombero-voluntario-visita-de-jardines-maternales-municipales\/"]}]},{"@type":"BreadcrumbList","@id":"https:\/\/experienciadevida.com.ar\/portalurbano\/dia-nacional-del-bombero-voluntario-visita-de-jardines-maternales-municipales\/#breadcrumb","itemListElement":[{"@type":"ListItem","position":1,"name":"Portada","item":"https:\/\/experienciadevida.com.ar\/portalurbano\/"},{"@type":"ListItem","position":2,"name":"D\u00eda Nacional del Bombero Voluntario: visita de Jardines Maternales Municipales"}]},{"@type":"WebSite","@id":"https:\/\/experienciadevida.com.ar\/portalurbano\/#website","url":"https:\/\/experienciadevida.com.ar\/portalurbano\/","name":"","description":"","publisher":{"@id":"https:\/\/experienciadevida.com.ar\/portalurbano\/#organization"},"potentialAction":[{"@type":"SearchAction","target":{"@type":"EntryPoint","urlTemplate":"https:\/\/experienciadevida.com.ar\/portalurbano\/?s={search_term_string}"},"query-input":"required name=search_term_string"}],"inLanguage":"es"},{"@type":"Organization","@id":"https:\/\/experienciadevida.com.ar\/portalurbano\/#organization","name":"Portal Urbano","url":"https:\/\/experienciadevida.com.ar\/portalurbano\/","logo":{"@type":"ImageObject","inLanguage":"es","@id":"https:\/\/experienciadevida.com.ar\/portalurbano\/#\/schema\/logo\/image\/","url":"https:\/\/experienciadevida.com.ar\/portalurbano\/wp-content\/uploads\/2019\/09\/Logo-Original.png","contentUrl":"https:\/\/experienciadevida.com.ar\/portalurbano\/wp-content\/uploads\/2019\/09\/Logo-Original.png","width":2236,"height":1216,"caption":"Portal Urbano"},"image":{"@id":"https:\/\/experienciadevida.com.ar\/portalurbano\/#\/schema\/logo\/image\/"},"sameAs":["https:\/\/www.facebook.com\/Portal-Urbano-171542830093757\/","https:\/\/twitter.com\/portalurbanook","https:\/\/www.instagram.com\/_portalurbano\/","https:\/\/www.youtube.com\/channel\/UCXhagIfszH8KxFiOok79zbA?view_as=subscriber"]},{"@type":"Person","@id":"https:\/\/experienciadevida.com.ar\/portalurbano\/#\/schema\/person\/02dd326b1c4b056e9cc972486934a3a7","name":"admpu17wp","image":{"@type":"ImageObject","inLanguage":"es","@id":"https:\/\/experienciadevida.com.ar\/portalurbano\/#\/schema\/person\/image\/","url":"https:\/\/secure.gravatar.com\/avatar\/830d4c57adaae6630765e449a6908047?s=96&d=mm&r=g","contentUrl":"https:\/\/secure.gravatar.com\/avatar\/830d4c57adaae6630765e449a6908047?s=96&d=mm&r=g","caption":"admpu17wp"}}]}},"featured_image_urls":{"full":["https:\/\/experienciadevida.com.ar\/portalurbano\/wp-content\/uploads\/2022\/06\/Dia-Nacional-del-Bombero.jpg",2560,1707,false],"thumbnail":["https:\/\/experienciadevida.com.ar\/portalurbano\/wp-content\/uploads\/2022\/06\/Dia-Nacional-del-Bombero-150x150.jpg",150,150,true],"medium":["https:\/\/experienciadevida.com.ar\/portalurbano\/wp-content\/uploads\/2022\/06\/Dia-Nacional-del-Bombero-300x200.jpg",300,200,true],"medium_large":["https:\/\/experienciadevida.com.ar\/portalurbano\/wp-content\/uploads\/2022\/06\/Dia-Nacional-del-Bombero-768x512.jpg",640,427,true],"large":["https:\/\/experienciadevida.com.ar\/portalurbano\/wp-content\/uploads\/2022\/06\/Dia-Nacional-del-Bombero-1024x683.jpg",640,427,true],"ug_big":["https:\/\/experienciadevida.com.ar\/portalurbano\/wp-content\/uploads\/2022\/06\/Dia-Nacional-del-Bombero-768x512.jpg",768,512,true],"1536x1536":["https:\/\/experienciadevida.com.ar\/portalurbano\/wp-content\/uploads\/2022\/06\/Dia-Nacional-del-Bombero-1536x1024.jpg",1536,1024,true],"2048x2048":["https:\/\/experienciadevida.com.ar\/portalurbano\/wp-content\/uploads\/2022\/06\/Dia-Nacional-del-Bombero-2048x1366.jpg",2048,1366,true],"newsever-slider-full":["https:\/\/experienciadevida.com.ar\/portalurbano\/wp-content\/uploads\/2022\/06\/Dia-Nacional-del-Bombero.jpg",1267,845,false],"newsever-featured":["https:\/\/experienciadevida.com.ar\/portalurbano\/wp-content\/uploads\/2022\/06\/Dia-Nacional-del-Bombero.jpg",1024,683,false],"newsever-medium":["https:\/\/experienciadevida.com.ar\/portalurbano\/wp-content\/uploads\/2022\/06\/Dia-Nacional-del-Bombero.jpg",712,475,false],"web-stories-poster-portrait":["https:\/\/experienciadevida.com.ar\/portalurbano\/wp-content\/uploads\/2022\/06\/Dia-Nacional-del-Bombero.jpg",640,427,false],"web-stories-publisher-logo":["https:\/\/experienciadevida.com.ar\/portalurbano\/wp-content\/uploads\/2022\/06\/Dia-Nacional-del-Bombero.jpg",96,64,false],"web-stories-thumbnail":["https:\/\/experienciadevida.com.ar\/portalurbano\/wp-content\/uploads\/2022\/06\/Dia-Nacional-del-Bombero.jpg",150,100,false]},"author_info":{"display_name":"admpu17wp","author_link":"https:\/\/experienciadevida.com.ar\/portalurbano\/author\/admpu17wp\/"},"category_info":"<a href=\"https:\/\/experienciadevida.com.ar\/portalurbano\/category\/ciudad\/\" rel=\"category tag\">Ciudad<\/a> <a href=\"https:\/\/experienciadevida.com.ar\/portalurbano\/category\/destacadas-2\/\" rel=\"category tag\">Destacadas 2<\/a>","tag_info":"Destacadas 2","comment_count":"0","amp_enabled":true,"_links":{"self":[{"href":"https:\/\/experienciadevida.com.ar\/portalurbano\/wp-json\/wp\/v2\/posts\/168766"}],"collection":[{"href":"https:\/\/experienciadevida.com.ar\/portalurbano\/wp-json\/wp\/v2\/posts"}],"about":[{"href":"https:\/\/experienciadevida.com.ar\/portalurbano\/wp-json\/wp\/v2\/types\/post"}],"author":[{"embeddable":true,"href":"https:\/\/experienciadevida.com.ar\/portalurbano\/wp-json\/wp\/v2\/users\/1"}],"replies":[{"embeddable":true,"href":"https:\/\/experienciadevida.com.ar\/portalurbano\/wp-json\/wp\/v2\/comments?post=168766"}],"version-history":[{"count":2,"href":"https:\/\/experienciadevida.com.ar\/portalurbano\/wp-json\/wp\/v2\/posts\/168766\/revisions"}],"predecessor-version":[{"id":168771,"href":"https:\/\/experienciadevida.com.ar\/portalurbano\/wp-json\/wp\/v2\/posts\/168766\/revisions\/168771"}],"wp:featuredmedia":[{"embeddable":true,"href":"https:\/\/experienciadevida.com.ar\/portalurbano\/wp-json\/wp\/v2\/media\/168767"}],"wp:attachment":[{"href":"https:\/\/experienciadevida.com.ar\/portalurbano\/wp-json\/wp\/v2\/media?parent=168766"}],"wp:term":[{"taxonomy":"category","embeddable":true,"href":"https:\/\/experienciadevida.com.ar\/portalurbano\/wp-json\/wp\/v2\/categories?post=168766"},{"taxonomy":"post_tag","embeddable":true,"href":"https:\/\/experienciadevida.com.ar\/portalurbano\/wp-json\/wp\/v2\/tags?post=168766"}],"curies":[{"name":"wp","href":"https:\/\/api.w.org\/{rel}","templated":true}]}}