{"id":168755,"date":"2022-06-01T20:15:38","date_gmt":"2022-06-01T23:15:38","guid":{"rendered":"https:\/\/experienciadevida.com.ar\/portalurbano\/?p=168755"},"modified":"2022-06-01T20:18:27","modified_gmt":"2022-06-01T23:18:27","slug":"presentaron-las-nuevas-salas-velatorias-de-pinos-de-paz-s-a","status":"publish","type":"post","link":"https:\/\/experienciadevida.com.ar\/portalurbano\/presentaron-las-nuevas-salas-velatorias-de-pinos-de-paz-s-a\/","title":{"rendered":"Presentaron las nuevas salas velatorias de Pinos de Paz S.A"},"content":{"rendered":"<p>Presentaron las nuevas salas velatorias de Pinos de Paz S.A, fue en la jornada de este mi\u00e9rcoles, en la sede ubicada en la calle Espa\u00f1a 2942. Estuvieron presentes el Presidente del Directorio de Pinos de Paz Jos\u00e9 Maceo, el Presidente del Consejo de Administraci\u00f3n de Coopelectric, el Intendente Ezequiel <a href=\"https:\/\/www.facebook.com\/galliezequiel\">Galli<\/a>, funcionarios y concejales.<\/p>\n<p>El primero en tomar la palabra fue Jos\u00e9 Maceo quien dijo &#8220;quiero agradecer la presencia del Intendente para nosotros es un honor que hoy est\u00e9 ac\u00e1 con nosotros acompa\u00f1\u00e1ndonos en la bendici\u00f3n de estas dos nuevas salas que vamos a presentar, m\u00e1s otras dos que fueron remodeladas. Quiero agradecer a Diego Robbiani quien me acompa\u00f1\u00f3 en esta decisi\u00f3n, tambi\u00e9n agradecer al personal de Pinos de Paz porque fueron el pilar fundamental de esta obra&#8221;.<\/p>\n<p><a href=\"https:\/\/experienciadevida.com.ar\/portalurbano\/presentaron-las-nuevas-salas-velatorias-de-pinos-de-paz-s-a\/presentaron-3\/\" rel=\"attachment wp-att-168757\"><img decoding=\"async\" class=\"alignnone size-full wp-image-168757\" src=\"https:\/\/experienciadevida.com.ar\/portalurbano\/wp-content\/uploads\/2022\/06\/Presentaron.jpg\" alt=\"Presentaron \" width=\"765\" height=\"510\" srcset=\"https:\/\/experienciadevida.com.ar\/portalurbano\/wp-content\/uploads\/2022\/06\/Presentaron.jpg 765w, https:\/\/experienciadevida.com.ar\/portalurbano\/wp-content\/uploads\/2022\/06\/Presentaron-300x200.jpg 300w\" sizes=\"(max-width: 765px) 100vw, 765px\" \/><\/a><\/p>\n<p>&#8220;En plena pandemia estuvieron trabajando codo a codo y no tuvimos ni un s\u00f3lo contagio dentro de Pinos de Paz, quiero agradecer el acompa\u00f1amiento del Hospital Municipal&#8221;.<\/p>\n<p>Por otro lado mencion\u00f3 que tambi\u00e9n se refaccionaron las casas velatorias de las localidades, &#8220;tenemos en cuenta la zona serrana. No es una inauguraci\u00f3n sino una bendici\u00f3n porque no es un lugar lindo para venir, pero cuando la gente tiene una desgracia que est\u00e9 bien atendido, esta es la primer etapa de la obra que se va a dividir en tres, el lunes estaremos comenzando con la refacci\u00f3n total de vestuarios, ba\u00f1os de personal y las oficinas&#8221;.<\/p>\n<p>Luego tom\u00f3 la palabra Juan Cruz Arouxet &#8220;hago extensivo mi agradecimiento al Intendente y a todos los aqu\u00ed presentes, para Coopelectric es un orgullo esta ampliaci\u00f3n y remodelaci\u00f3n, agradezco al directorio de pinos de paz que trabaja codo a codo con el personal que es la cara visible de esta empresa tan importante para Coopelectric y la ciudad, sostienen a los familiares en cada momento, en esa situaci\u00f3n tan fea que toca pasar con la cara m\u00e1s amena posible&#8221;.<\/p>\n<p><a href=\"https:\/\/experienciadevida.com.ar\/portalurbano\/presentaron-las-nuevas-salas-velatorias-de-pinos-de-paz-s-a\/las-4\/\" rel=\"attachment wp-att-168758\"><img decoding=\"async\" class=\"alignnone size-full wp-image-168758\" src=\"https:\/\/experienciadevida.com.ar\/portalurbano\/wp-content\/uploads\/2022\/06\/las.jpg\" alt=\"las\" width=\"765\" height=\"510\" srcset=\"https:\/\/experienciadevida.com.ar\/portalurbano\/wp-content\/uploads\/2022\/06\/las.jpg 765w, https:\/\/experienciadevida.com.ar\/portalurbano\/wp-content\/uploads\/2022\/06\/las-300x200.jpg 300w\" sizes=\"(max-width: 765px) 100vw, 765px\" \/><\/a><\/p>\n<p>&#8220;Felicitamos esta obra ya que se ve el esp\u00edritu cooperativo m\u00e1s que nunca&#8221;.<\/p>\n<p>Al finalizar tom\u00f3 la palabra el Intendente &#8220;quiero felicitar a Jos\u00e9 y todo el equipo de Pinos de Paz por esta gran inversi\u00f3n, que siga creciendo y pueda tener un lugar donde como dijeron en los momentos dif\u00edciles saber que se piensa en el vecino, en tener un lugar renovado\u00a0 y mejorado&#8221;.<\/p>\n<p>Luego de las palabras el Padre de la Iglesia de F\u00e1tima dio la bendici\u00f3n al lugar, se hizo una oraci\u00f3n y se recorrieron las instalaciones.<\/p>\n<p><a href=\"https:\/\/experienciadevida.com.ar\/portalurbano\/presentaron-las-nuevas-salas-velatorias-de-pinos-de-paz-s-a\/nuevas-3\/\" rel=\"attachment wp-att-168759\"><img decoding=\"async\" class=\"alignnone size-full wp-image-168759\" src=\"https:\/\/experienciadevida.com.ar\/portalurbano\/wp-content\/uploads\/2022\/06\/nuevas.jpg\" alt=\"nuevas\" width=\"765\" height=\"510\" srcset=\"https:\/\/experienciadevida.com.ar\/portalurbano\/wp-content\/uploads\/2022\/06\/nuevas.jpg 765w, https:\/\/experienciadevida.com.ar\/portalurbano\/wp-content\/uploads\/2022\/06\/nuevas-300x200.jpg 300w\" sizes=\"(max-width: 765px) 100vw, 765px\" \/><\/a><\/p>\n<p><a href=\"https:\/\/experienciadevida.com.ar\/portalurbano\/presentaron-las-nuevas-salas-velatorias-de-pinos-de-paz-s-a\/salas\/\" rel=\"attachment wp-att-168763\"><img decoding=\"async\" class=\"alignnone size-full wp-image-168763\" src=\"https:\/\/experienciadevida.com.ar\/portalurbano\/wp-content\/uploads\/2022\/06\/salas.jpg\" alt=\"salas\" width=\"765\" height=\"510\" srcset=\"https:\/\/experienciadevida.com.ar\/portalurbano\/wp-content\/uploads\/2022\/06\/salas.jpg 765w, https:\/\/experienciadevida.com.ar\/portalurbano\/wp-content\/uploads\/2022\/06\/salas-300x200.jpg 300w\" sizes=\"(max-width: 765px) 100vw, 765px\" \/><\/a><\/p>\n<p>&nbsp;<\/p>\n","protected":false},"excerpt":{"rendered":"<p>Presentaron las nuevas salas velatorias de Pinos de Paz S.A, fue en la jornada de&#8230;<\/p>\n","protected":false},"author":1,"featured_media":168756,"comment_status":"closed","ping_status":"closed","sticky":false,"template":"","format":"standard","meta":{"content-type":""},"categories":[27],"tags":[],"nelio_content":{"isAutoShareEnabled":false,"autoShareEndMode":"default","automationSources":{"useContentSentences":true,"useSocialTemplates":true,"useCustomSentences":false,"customSentences":[]},"followers":[1],"suggestedReferences":[],"includedReferences":[],"efiUrl":"","efiAlt":"","highlights":[]},"yoast_head":"<!-- This site is optimized with the Yoast SEO plugin v20.7 - https:\/\/yoast.com\/wordpress\/plugins\/seo\/ -->\n<title>Presentaron las nuevas salas velatorias de Pinos de Paz S.A<\/title>\n<meta name=\"description\" content=\"Presentaron las nuevas salas velatorias de Pinos de Paz S.A, fue en la jornada de este mi\u00e9rcoles, en la sede ubicada en la calle Espa\u00f1a\" \/>\n<meta name=\"robots\" content=\"index, follow, max-snippet:-1, max-image-preview:large, max-video-preview:-1\" \/>\n<link rel=\"canonical\" href=\"https:\/\/experienciadevida.com.ar\/portalurbano\/presentaron-las-nuevas-salas-velatorias-de-pinos-de-paz-s-a\/\" \/>\n<meta property=\"og:locale\" content=\"es_ES\" \/>\n<meta property=\"og:type\" content=\"article\" \/>\n<meta property=\"og:title\" content=\"Presentaron las nuevas salas velatorias de Pinos de Paz S.A\" \/>\n<meta property=\"og:description\" content=\"Presentaron las nuevas salas velatorias de Pinos de Paz S.A, fue en la jornada de este mi\u00e9rcoles, en la sede ubicada en la calle Espa\u00f1a\" \/>\n<meta property=\"og:url\" content=\"https:\/\/experienciadevida.com.ar\/portalurbano\/presentaron-las-nuevas-salas-velatorias-de-pinos-de-paz-s-a\/\" \/>\n<meta property=\"article:publisher\" content=\"https:\/\/www.facebook.com\/Portal-Urbano-171542830093757\/\" \/>\n<meta property=\"article:published_time\" content=\"2022-06-01T23:15:38+00:00\" \/>\n<meta property=\"article:modified_time\" content=\"2022-06-01T23:18:27+00:00\" \/>\n<meta property=\"og:image\" content=\"https:\/\/experienciadevida.com.ar\/portalurbano\/wp-content\/uploads\/2022\/06\/Presentaron-las-nuevas-salas.jpg\" \/>\n\t<meta property=\"og:image:width\" content=\"765\" \/>\n\t<meta property=\"og:image:height\" content=\"510\" \/>\n\t<meta property=\"og:image:type\" content=\"image\/jpeg\" \/>\n<meta name=\"author\" content=\"admpu17wp\" \/>\n<meta name=\"twitter:card\" content=\"summary_large_image\" \/>\n<meta name=\"twitter:creator\" content=\"@portalurbanook\" \/>\n<meta name=\"twitter:site\" content=\"@portalurbanook\" \/>\n<meta name=\"twitter:label1\" content=\"Escrito por\" \/>\n\t<meta name=\"twitter:data1\" content=\"admpu17wp\" \/>\n\t<meta name=\"twitter:label2\" content=\"Tiempo de lectura\" \/>\n\t<meta name=\"twitter:data2\" content=\"3 minutos\" \/>\n<script type=\"application\/ld+json\" class=\"yoast-schema-graph\">{\"@context\":\"https:\/\/schema.org\",\"@graph\":[{\"@type\":\"Article\",\"@id\":\"https:\/\/experienciadevida.com.ar\/portalurbano\/presentaron-las-nuevas-salas-velatorias-de-pinos-de-paz-s-a\/#article\",\"isPartOf\":{\"@id\":\"https:\/\/experienciadevida.com.ar\/portalurbano\/presentaron-las-nuevas-salas-velatorias-de-pinos-de-paz-s-a\/\"},\"author\":{\"name\":\"admpu17wp\",\"@id\":\"https:\/\/experienciadevida.com.ar\/portalurbano\/#\/schema\/person\/02dd326b1c4b056e9cc972486934a3a7\"},\"headline\":\"Presentaron las nuevas salas velatorias de Pinos de Paz S.A\",\"datePublished\":\"2022-06-01T23:15:38+00:00\",\"dateModified\":\"2022-06-01T23:18:27+00:00\",\"mainEntityOfPage\":{\"@id\":\"https:\/\/experienciadevida.com.ar\/portalurbano\/presentaron-las-nuevas-salas-velatorias-de-pinos-de-paz-s-a\/\"},\"wordCount\":438,\"publisher\":{\"@id\":\"https:\/\/experienciadevida.com.ar\/portalurbano\/#organization\"},\"articleSection\":[\"Ciudad\"],\"inLanguage\":\"es\"},{\"@type\":\"WebPage\",\"@id\":\"https:\/\/experienciadevida.com.ar\/portalurbano\/presentaron-las-nuevas-salas-velatorias-de-pinos-de-paz-s-a\/\",\"url\":\"https:\/\/experienciadevida.com.ar\/portalurbano\/presentaron-las-nuevas-salas-velatorias-de-pinos-de-paz-s-a\/\",\"name\":\"Presentaron las nuevas salas velatorias de Pinos de Paz S.A\",\"isPartOf\":{\"@id\":\"https:\/\/experienciadevida.com.ar\/portalurbano\/#website\"},\"datePublished\":\"2022-06-01T23:15:38+00:00\",\"dateModified\":\"2022-06-01T23:18:27+00:00\",\"description\":\"Presentaron las nuevas salas velatorias de Pinos de Paz S.A, fue en la jornada de este mi\u00e9rcoles, en la sede ubicada en la calle Espa\u00f1a\",\"breadcrumb\":{\"@id\":\"https:\/\/experienciadevida.com.ar\/portalurbano\/presentaron-las-nuevas-salas-velatorias-de-pinos-de-paz-s-a\/#breadcrumb\"},\"inLanguage\":\"es\",\"potentialAction\":[{\"@type\":\"ReadAction\",\"target\":[\"https:\/\/experienciadevida.com.ar\/portalurbano\/presentaron-las-nuevas-salas-velatorias-de-pinos-de-paz-s-a\/\"]}]},{\"@type\":\"BreadcrumbList\",\"@id\":\"https:\/\/experienciadevida.com.ar\/portalurbano\/presentaron-las-nuevas-salas-velatorias-de-pinos-de-paz-s-a\/#breadcrumb\",\"itemListElement\":[{\"@type\":\"ListItem\",\"position\":1,\"name\":\"Portada\",\"item\":\"https:\/\/experienciadevida.com.ar\/portalurbano\/\"},{\"@type\":\"ListItem\",\"position\":2,\"name\":\"Presentaron las nuevas salas velatorias de Pinos de Paz S.A\"}]},{\"@type\":\"WebSite\",\"@id\":\"https:\/\/experienciadevida.com.ar\/portalurbano\/#website\",\"url\":\"https:\/\/experienciadevida.com.ar\/portalurbano\/\",\"name\":\"\",\"description\":\"\",\"publisher\":{\"@id\":\"https:\/\/experienciadevida.com.ar\/portalurbano\/#organization\"},\"potentialAction\":[{\"@type\":\"SearchAction\",\"target\":{\"@type\":\"EntryPoint\",\"urlTemplate\":\"https:\/\/experienciadevida.com.ar\/portalurbano\/?s={search_term_string}\"},\"query-input\":\"required name=search_term_string\"}],\"inLanguage\":\"es\"},{\"@type\":\"Organization\",\"@id\":\"https:\/\/experienciadevida.com.ar\/portalurbano\/#organization\",\"name\":\"Portal Urbano\",\"url\":\"https:\/\/experienciadevida.com.ar\/portalurbano\/\",\"logo\":{\"@type\":\"ImageObject\",\"inLanguage\":\"es\",\"@id\":\"https:\/\/experienciadevida.com.ar\/portalurbano\/#\/schema\/logo\/image\/\",\"url\":\"https:\/\/experienciadevida.com.ar\/portalurbano\/wp-content\/uploads\/2019\/09\/Logo-Original.png\",\"contentUrl\":\"https:\/\/experienciadevida.com.ar\/portalurbano\/wp-content\/uploads\/2019\/09\/Logo-Original.png\",\"width\":2236,\"height\":1216,\"caption\":\"Portal Urbano\"},\"image\":{\"@id\":\"https:\/\/experienciadevida.com.ar\/portalurbano\/#\/schema\/logo\/image\/\"},\"sameAs\":[\"https:\/\/www.facebook.com\/Portal-Urbano-171542830093757\/\",\"https:\/\/twitter.com\/portalurbanook\",\"https:\/\/www.instagram.com\/_portalurbano\/\",\"https:\/\/www.youtube.com\/channel\/UCXhagIfszH8KxFiOok79zbA?view_as=subscriber\"]},{\"@type\":\"Person\",\"@id\":\"https:\/\/experienciadevida.com.ar\/portalurbano\/#\/schema\/person\/02dd326b1c4b056e9cc972486934a3a7\",\"name\":\"admpu17wp\",\"image\":{\"@type\":\"ImageObject\",\"inLanguage\":\"es\",\"@id\":\"https:\/\/experienciadevida.com.ar\/portalurbano\/#\/schema\/person\/image\/\",\"url\":\"https:\/\/secure.gravatar.com\/avatar\/830d4c57adaae6630765e449a6908047?s=96&d=mm&r=g\",\"contentUrl\":\"https:\/\/secure.gravatar.com\/avatar\/830d4c57adaae6630765e449a6908047?s=96&d=mm&r=g\",\"caption\":\"admpu17wp\"}}]}<\/script>\n<!-- \/ Yoast SEO plugin. -->","yoast_head_json":{"title":"Presentaron las nuevas salas velatorias de Pinos de Paz S.A","description":"Presentaron las nuevas salas velatorias de Pinos de Paz S.A, fue en la jornada de este mi\u00e9rcoles, en la sede ubicada en la calle Espa\u00f1a","robots":{"index":"index","follow":"follow","max-snippet":"max-snippet:-1","max-image-preview":"max-image-preview:large","max-video-preview":"max-video-preview:-1"},"canonical":"https:\/\/experienciadevida.com.ar\/portalurbano\/presentaron-las-nuevas-salas-velatorias-de-pinos-de-paz-s-a\/","og_locale":"es_ES","og_type":"article","og_title":"Presentaron las nuevas salas velatorias de Pinos de Paz S.A","og_description":"Presentaron las nuevas salas velatorias de Pinos de Paz S.A, fue en la jornada de este mi\u00e9rcoles, en la sede ubicada en la calle Espa\u00f1a","og_url":"https:\/\/experienciadevida.com.ar\/portalurbano\/presentaron-las-nuevas-salas-velatorias-de-pinos-de-paz-s-a\/","article_publisher":"https:\/\/www.facebook.com\/Portal-Urbano-171542830093757\/","article_published_time":"2022-06-01T23:15:38+00:00","article_modified_time":"2022-06-01T23:18:27+00:00","og_image":[{"width":765,"height":510,"url":"https:\/\/experienciadevida.com.ar\/portalurbano\/wp-content\/uploads\/2022\/06\/Presentaron-las-nuevas-salas.jpg","type":"image\/jpeg"}],"author":"admpu17wp","twitter_card":"summary_large_image","twitter_creator":"@portalurbanook","twitter_site":"@portalurbanook","twitter_misc":{"Escrito por":"admpu17wp","Tiempo de lectura":"3 minutos"},"schema":{"@context":"https:\/\/schema.org","@graph":[{"@type":"Article","@id":"https:\/\/experienciadevida.com.ar\/portalurbano\/presentaron-las-nuevas-salas-velatorias-de-pinos-de-paz-s-a\/#article","isPartOf":{"@id":"https:\/\/experienciadevida.com.ar\/portalurbano\/presentaron-las-nuevas-salas-velatorias-de-pinos-de-paz-s-a\/"},"author":{"name":"admpu17wp","@id":"https:\/\/experienciadevida.com.ar\/portalurbano\/#\/schema\/person\/02dd326b1c4b056e9cc972486934a3a7"},"headline":"Presentaron las nuevas salas velatorias de Pinos de Paz S.A","datePublished":"2022-06-01T23:15:38+00:00","dateModified":"2022-06-01T23:18:27+00:00","mainEntityOfPage":{"@id":"https:\/\/experienciadevida.com.ar\/portalurbano\/presentaron-las-nuevas-salas-velatorias-de-pinos-de-paz-s-a\/"},"wordCount":438,"publisher":{"@id":"https:\/\/experienciadevida.com.ar\/portalurbano\/#organization"},"articleSection":["Ciudad"],"inLanguage":"es"},{"@type":"WebPage","@id":"https:\/\/experienciadevida.com.ar\/portalurbano\/presentaron-las-nuevas-salas-velatorias-de-pinos-de-paz-s-a\/","url":"https:\/\/experienciadevida.com.ar\/portalurbano\/presentaron-las-nuevas-salas-velatorias-de-pinos-de-paz-s-a\/","name":"Presentaron las nuevas salas velatorias de Pinos de Paz S.A","isPartOf":{"@id":"https:\/\/experienciadevida.com.ar\/portalurbano\/#website"},"datePublished":"2022-06-01T23:15:38+00:00","dateModified":"2022-06-01T23:18:27+00:00","description":"Presentaron las nuevas salas velatorias de Pinos de Paz S.A, fue en la jornada de este mi\u00e9rcoles, en la sede ubicada en la calle Espa\u00f1a","breadcrumb":{"@id":"https:\/\/experienciadevida.com.ar\/portalurbano\/presentaron-las-nuevas-salas-velatorias-de-pinos-de-paz-s-a\/#breadcrumb"},"inLanguage":"es","potentialAction":[{"@type":"ReadAction","target":["https:\/\/experienciadevida.com.ar\/portalurbano\/presentaron-las-nuevas-salas-velatorias-de-pinos-de-paz-s-a\/"]}]},{"@type":"BreadcrumbList","@id":"https:\/\/experienciadevida.com.ar\/portalurbano\/presentaron-las-nuevas-salas-velatorias-de-pinos-de-paz-s-a\/#breadcrumb","itemListElement":[{"@type":"ListItem","position":1,"name":"Portada","item":"https:\/\/experienciadevida.com.ar\/portalurbano\/"},{"@type":"ListItem","position":2,"name":"Presentaron las nuevas salas velatorias de Pinos de Paz S.A"}]},{"@type":"WebSite","@id":"https:\/\/experienciadevida.com.ar\/portalurbano\/#website","url":"https:\/\/experienciadevida.com.ar\/portalurbano\/","name":"","description":"","publisher":{"@id":"https:\/\/experienciadevida.com.ar\/portalurbano\/#organization"},"potentialAction":[{"@type":"SearchAction","target":{"@type":"EntryPoint","urlTemplate":"https:\/\/experienciadevida.com.ar\/portalurbano\/?s={search_term_string}"},"query-input":"required name=search_term_string"}],"inLanguage":"es"},{"@type":"Organization","@id":"https:\/\/experienciadevida.com.ar\/portalurbano\/#organization","name":"Portal Urbano","url":"https:\/\/experienciadevida.com.ar\/portalurbano\/","logo":{"@type":"ImageObject","inLanguage":"es","@id":"https:\/\/experienciadevida.com.ar\/portalurbano\/#\/schema\/logo\/image\/","url":"https:\/\/experienciadevida.com.ar\/portalurbano\/wp-content\/uploads\/2019\/09\/Logo-Original.png","contentUrl":"https:\/\/experienciadevida.com.ar\/portalurbano\/wp-content\/uploads\/2019\/09\/Logo-Original.png","width":2236,"height":1216,"caption":"Portal Urbano"},"image":{"@id":"https:\/\/experienciadevida.com.ar\/portalurbano\/#\/schema\/logo\/image\/"},"sameAs":["https:\/\/www.facebook.com\/Portal-Urbano-171542830093757\/","https:\/\/twitter.com\/portalurbanook","https:\/\/www.instagram.com\/_portalurbano\/","https:\/\/www.youtube.com\/channel\/UCXhagIfszH8KxFiOok79zbA?view_as=subscriber"]},{"@type":"Person","@id":"https:\/\/experienciadevida.com.ar\/portalurbano\/#\/schema\/person\/02dd326b1c4b056e9cc972486934a3a7","name":"admpu17wp","image":{"@type":"ImageObject","inLanguage":"es","@id":"https:\/\/experienciadevida.com.ar\/portalurbano\/#\/schema\/person\/image\/","url":"https:\/\/secure.gravatar.com\/avatar\/830d4c57adaae6630765e449a6908047?s=96&d=mm&r=g","contentUrl":"https:\/\/secure.gravatar.com\/avatar\/830d4c57adaae6630765e449a6908047?s=96&d=mm&r=g","caption":"admpu17wp"}}]}},"featured_image_urls":{"full":["https:\/\/experienciadevida.com.ar\/portalurbano\/wp-content\/uploads\/2022\/06\/Presentaron-las-nuevas-salas.jpg",765,510,false],"thumbnail":["https:\/\/experienciadevida.com.ar\/portalurbano\/wp-content\/uploads\/2022\/06\/Presentaron-las-nuevas-salas-150x150.jpg",150,150,true],"medium":["https:\/\/experienciadevida.com.ar\/portalurbano\/wp-content\/uploads\/2022\/06\/Presentaron-las-nuevas-salas-300x200.jpg",300,200,true],"medium_large":["https:\/\/experienciadevida.com.ar\/portalurbano\/wp-content\/uploads\/2022\/06\/Presentaron-las-nuevas-salas.jpg",640,427,false],"large":["https:\/\/experienciadevida.com.ar\/portalurbano\/wp-content\/uploads\/2022\/06\/Presentaron-las-nuevas-salas.jpg",640,427,false],"ug_big":["https:\/\/experienciadevida.com.ar\/portalurbano\/wp-content\/uploads\/2022\/06\/Presentaron-las-nuevas-salas.jpg",765,510,false],"1536x1536":["https:\/\/experienciadevida.com.ar\/portalurbano\/wp-content\/uploads\/2022\/06\/Presentaron-las-nuevas-salas.jpg",765,510,false],"2048x2048":["https:\/\/experienciadevida.com.ar\/portalurbano\/wp-content\/uploads\/2022\/06\/Presentaron-las-nuevas-salas.jpg",765,510,false],"newsever-slider-full":["https:\/\/experienciadevida.com.ar\/portalurbano\/wp-content\/uploads\/2022\/06\/Presentaron-las-nuevas-salas.jpg",765,510,false],"newsever-featured":["https:\/\/experienciadevida.com.ar\/portalurbano\/wp-content\/uploads\/2022\/06\/Presentaron-las-nuevas-salas.jpg",765,510,false],"newsever-medium":["https:\/\/experienciadevida.com.ar\/portalurbano\/wp-content\/uploads\/2022\/06\/Presentaron-las-nuevas-salas.jpg",713,475,false],"web-stories-poster-portrait":["https:\/\/experienciadevida.com.ar\/portalurbano\/wp-content\/uploads\/2022\/06\/Presentaron-las-nuevas-salas.jpg",640,427,false],"web-stories-publisher-logo":["https:\/\/experienciadevida.com.ar\/portalurbano\/wp-content\/uploads\/2022\/06\/Presentaron-las-nuevas-salas.jpg",96,64,false],"web-stories-thumbnail":["https:\/\/experienciadevida.com.ar\/portalurbano\/wp-content\/uploads\/2022\/06\/Presentaron-las-nuevas-salas.jpg",150,100,false]},"author_info":{"display_name":"admpu17wp","author_link":"https:\/\/experienciadevida.com.ar\/portalurbano\/author\/admpu17wp\/"},"category_info":"<a href=\"https:\/\/experienciadevida.com.ar\/portalurbano\/category\/ciudad\/\" rel=\"category tag\">Ciudad<\/a>","tag_info":"Ciudad","comment_count":"0","amp_enabled":true,"_links":{"self":[{"href":"https:\/\/experienciadevida.com.ar\/portalurbano\/wp-json\/wp\/v2\/posts\/168755"}],"collection":[{"href":"https:\/\/experienciadevida.com.ar\/portalurbano\/wp-json\/wp\/v2\/posts"}],"about":[{"href":"https:\/\/experienciadevida.com.ar\/portalurbano\/wp-json\/wp\/v2\/types\/post"}],"author":[{"embeddable":true,"href":"https:\/\/experienciadevida.com.ar\/portalurbano\/wp-json\/wp\/v2\/users\/1"}],"replies":[{"embeddable":true,"href":"https:\/\/experienciadevida.com.ar\/portalurbano\/wp-json\/wp\/v2\/comments?post=168755"}],"version-history":[{"count":5,"href":"https:\/\/experienciadevida.com.ar\/portalurbano\/wp-json\/wp\/v2\/posts\/168755\/revisions"}],"predecessor-version":[{"id":168765,"href":"https:\/\/experienciadevida.com.ar\/portalurbano\/wp-json\/wp\/v2\/posts\/168755\/revisions\/168765"}],"wp:featuredmedia":[{"embeddable":true,"href":"https:\/\/experienciadevida.com.ar\/portalurbano\/wp-json\/wp\/v2\/media\/168756"}],"wp:attachment":[{"href":"https:\/\/experienciadevida.com.ar\/portalurbano\/wp-json\/wp\/v2\/media?parent=168755"}],"wp:term":[{"taxonomy":"category","embeddable":true,"href":"https:\/\/experienciadevida.com.ar\/portalurbano\/wp-json\/wp\/v2\/categories?post=168755"},{"taxonomy":"post_tag","embeddable":true,"href":"https:\/\/experienciadevida.com.ar\/portalurbano\/wp-json\/wp\/v2\/tags?post=168755"}],"curies":[{"name":"wp","href":"https:\/\/api.w.org\/{rel}","templated":true}]}}