{"id":168748,"date":"2022-06-01T19:23:20","date_gmt":"2022-06-01T22:23:20","guid":{"rendered":"https:\/\/experienciadevida.com.ar\/portalurbano\/?p=168748"},"modified":"2022-06-01T19:23:58","modified_gmt":"2022-06-01T22:23:58","slug":"se-finalizo-con-la-confeccion-de-turbantes-para-el-hospital-de-oncologia","status":"publish","type":"post","link":"https:\/\/experienciadevida.com.ar\/portalurbano\/se-finalizo-con-la-confeccion-de-turbantes-para-el-hospital-de-oncologia\/","title":{"rendered":"Se finaliz\u00f3 con la confecci\u00f3n de turbantes para el Hospital de Oncolog\u00eda"},"content":{"rendered":"<p>Se finaliz\u00f3 con la confecci\u00f3n de turbantes para el Hospital de Oncolog\u00eda, fue el s\u00e1bado pasado por la tarde la Subcomisi\u00f3n de Damas de Bomberos Voluntarios de Olavarr\u00eda se reuni\u00f3 en el cuartel Central para finalizar la tarea de confeccionar turbantes iniciados con el Hospital de Oncolog\u00eda.<\/p>\n<p>A la cita se hicieron presentes esposas de bomberos, amigas y mujeres sensibilizadas por la causa para brindar su ayuda, se realizaron 30 turbantes para ser entregados en dicho nosocomio.<\/p>\n<p>Fue una tarde de mucho trabajo donde se comparti\u00f3 una rica merienda y se cre\u00f3 un grupo que lo denominaron \u201cManos a la Obra&#8221; cuyo objetivo es contribuir con las actividades solidarias de la Subcomisi\u00f3n de Damas proyectando las mismas con la Escuela N\u00ba 58 y con neonatolog\u00eda del Hospital local en principio.<\/p>\n","protected":false},"excerpt":{"rendered":"<p>Se finaliz\u00f3 con la confecci\u00f3n de turbantes para el Hospital de Oncolog\u00eda, fue el s\u00e1bado&#8230;<\/p>\n","protected":false},"author":1,"featured_media":168749,"comment_status":"closed","ping_status":"closed","sticky":false,"template":"","format":"standard","meta":{"content-type":""},"categories":[27],"tags":[],"nelio_content":{"isAutoShareEnabled":false,"autoShareEndMode":"default","automationSources":{"useContentSentences":true,"useSocialTemplates":true,"useCustomSentences":false,"customSentences":[]},"followers":[1],"suggestedReferences":[],"includedReferences":[],"efiUrl":"","efiAlt":"","highlights":[]},"yoast_head":"<!-- This site is optimized with the Yoast SEO plugin v20.7 - https:\/\/yoast.com\/wordpress\/plugins\/seo\/ -->\n<title>Se finaliz\u00f3 con la confecci\u00f3n de turbantes para el Hospital de Oncolog\u00eda<\/title>\n<meta name=\"description\" content=\"Se finaliz\u00f3 con la confecci\u00f3n de turbantes para el Hospital de Oncolog\u00eda, fue el s\u00e1bado pasado por la tarde la Subcomisi\u00f3n\" \/>\n<meta name=\"robots\" content=\"index, follow, max-snippet:-1, max-image-preview:large, max-video-preview:-1\" \/>\n<link rel=\"canonical\" href=\"https:\/\/experienciadevida.com.ar\/portalurbano\/se-finalizo-con-la-confeccion-de-turbantes-para-el-hospital-de-oncologia\/\" \/>\n<meta property=\"og:locale\" content=\"es_ES\" \/>\n<meta property=\"og:type\" content=\"article\" \/>\n<meta property=\"og:title\" content=\"Se finaliz\u00f3 con la confecci\u00f3n de turbantes para el Hospital de Oncolog\u00eda\" \/>\n<meta property=\"og:description\" content=\"Se finaliz\u00f3 con la confecci\u00f3n de turbantes para el Hospital de Oncolog\u00eda, fue el s\u00e1bado pasado por la tarde la Subcomisi\u00f3n\" \/>\n<meta property=\"og:url\" content=\"https:\/\/experienciadevida.com.ar\/portalurbano\/se-finalizo-con-la-confeccion-de-turbantes-para-el-hospital-de-oncologia\/\" \/>\n<meta property=\"article:publisher\" content=\"https:\/\/www.facebook.com\/Portal-Urbano-171542830093757\/\" \/>\n<meta property=\"article:published_time\" content=\"2022-06-01T22:23:20+00:00\" \/>\n<meta property=\"article:modified_time\" content=\"2022-06-01T22:23:58+00:00\" \/>\n<meta property=\"og:image\" content=\"https:\/\/experienciadevida.com.ar\/portalurbano\/wp-content\/uploads\/2022\/06\/Se-finalizo-con-la.jpg\" \/>\n\t<meta property=\"og:image:width\" content=\"1280\" \/>\n\t<meta property=\"og:image:height\" content=\"622\" \/>\n\t<meta property=\"og:image:type\" content=\"image\/jpeg\" \/>\n<meta name=\"author\" content=\"admpu17wp\" \/>\n<meta name=\"twitter:card\" content=\"summary_large_image\" \/>\n<meta name=\"twitter:creator\" content=\"@portalurbanook\" \/>\n<meta name=\"twitter:site\" content=\"@portalurbanook\" \/>\n<meta name=\"twitter:label1\" content=\"Escrito por\" \/>\n\t<meta name=\"twitter:data1\" content=\"admpu17wp\" \/>\n\t<meta name=\"twitter:label2\" content=\"Tiempo de lectura\" \/>\n\t<meta name=\"twitter:data2\" content=\"1 minuto\" \/>\n<script type=\"application\/ld+json\" class=\"yoast-schema-graph\">{\"@context\":\"https:\/\/schema.org\",\"@graph\":[{\"@type\":\"Article\",\"@id\":\"https:\/\/experienciadevida.com.ar\/portalurbano\/se-finalizo-con-la-confeccion-de-turbantes-para-el-hospital-de-oncologia\/#article\",\"isPartOf\":{\"@id\":\"https:\/\/experienciadevida.com.ar\/portalurbano\/se-finalizo-con-la-confeccion-de-turbantes-para-el-hospital-de-oncologia\/\"},\"author\":{\"name\":\"admpu17wp\",\"@id\":\"https:\/\/experienciadevida.com.ar\/portalurbano\/#\/schema\/person\/02dd326b1c4b056e9cc972486934a3a7\"},\"headline\":\"Se finaliz\u00f3 con la confecci\u00f3n de turbantes para el Hospital de Oncolog\u00eda\",\"datePublished\":\"2022-06-01T22:23:20+00:00\",\"dateModified\":\"2022-06-01T22:23:58+00:00\",\"mainEntityOfPage\":{\"@id\":\"https:\/\/experienciadevida.com.ar\/portalurbano\/se-finalizo-con-la-confeccion-de-turbantes-para-el-hospital-de-oncologia\/\"},\"wordCount\":150,\"publisher\":{\"@id\":\"https:\/\/experienciadevida.com.ar\/portalurbano\/#organization\"},\"articleSection\":[\"Ciudad\"],\"inLanguage\":\"es\"},{\"@type\":\"WebPage\",\"@id\":\"https:\/\/experienciadevida.com.ar\/portalurbano\/se-finalizo-con-la-confeccion-de-turbantes-para-el-hospital-de-oncologia\/\",\"url\":\"https:\/\/experienciadevida.com.ar\/portalurbano\/se-finalizo-con-la-confeccion-de-turbantes-para-el-hospital-de-oncologia\/\",\"name\":\"Se finaliz\u00f3 con la confecci\u00f3n de turbantes para el Hospital de Oncolog\u00eda\",\"isPartOf\":{\"@id\":\"https:\/\/experienciadevida.com.ar\/portalurbano\/#website\"},\"datePublished\":\"2022-06-01T22:23:20+00:00\",\"dateModified\":\"2022-06-01T22:23:58+00:00\",\"description\":\"Se finaliz\u00f3 con la confecci\u00f3n de turbantes para el Hospital de Oncolog\u00eda, fue el s\u00e1bado pasado por la tarde la Subcomisi\u00f3n\",\"breadcrumb\":{\"@id\":\"https:\/\/experienciadevida.com.ar\/portalurbano\/se-finalizo-con-la-confeccion-de-turbantes-para-el-hospital-de-oncologia\/#breadcrumb\"},\"inLanguage\":\"es\",\"potentialAction\":[{\"@type\":\"ReadAction\",\"target\":[\"https:\/\/experienciadevida.com.ar\/portalurbano\/se-finalizo-con-la-confeccion-de-turbantes-para-el-hospital-de-oncologia\/\"]}]},{\"@type\":\"BreadcrumbList\",\"@id\":\"https:\/\/experienciadevida.com.ar\/portalurbano\/se-finalizo-con-la-confeccion-de-turbantes-para-el-hospital-de-oncologia\/#breadcrumb\",\"itemListElement\":[{\"@type\":\"ListItem\",\"position\":1,\"name\":\"Portada\",\"item\":\"https:\/\/experienciadevida.com.ar\/portalurbano\/\"},{\"@type\":\"ListItem\",\"position\":2,\"name\":\"Se finaliz\u00f3 con la confecci\u00f3n de turbantes para el Hospital de Oncolog\u00eda\"}]},{\"@type\":\"WebSite\",\"@id\":\"https:\/\/experienciadevida.com.ar\/portalurbano\/#website\",\"url\":\"https:\/\/experienciadevida.com.ar\/portalurbano\/\",\"name\":\"\",\"description\":\"\",\"publisher\":{\"@id\":\"https:\/\/experienciadevida.com.ar\/portalurbano\/#organization\"},\"potentialAction\":[{\"@type\":\"SearchAction\",\"target\":{\"@type\":\"EntryPoint\",\"urlTemplate\":\"https:\/\/experienciadevida.com.ar\/portalurbano\/?s={search_term_string}\"},\"query-input\":\"required name=search_term_string\"}],\"inLanguage\":\"es\"},{\"@type\":\"Organization\",\"@id\":\"https:\/\/experienciadevida.com.ar\/portalurbano\/#organization\",\"name\":\"Portal Urbano\",\"url\":\"https:\/\/experienciadevida.com.ar\/portalurbano\/\",\"logo\":{\"@type\":\"ImageObject\",\"inLanguage\":\"es\",\"@id\":\"https:\/\/experienciadevida.com.ar\/portalurbano\/#\/schema\/logo\/image\/\",\"url\":\"https:\/\/experienciadevida.com.ar\/portalurbano\/wp-content\/uploads\/2019\/09\/Logo-Original.png\",\"contentUrl\":\"https:\/\/experienciadevida.com.ar\/portalurbano\/wp-content\/uploads\/2019\/09\/Logo-Original.png\",\"width\":2236,\"height\":1216,\"caption\":\"Portal Urbano\"},\"image\":{\"@id\":\"https:\/\/experienciadevida.com.ar\/portalurbano\/#\/schema\/logo\/image\/\"},\"sameAs\":[\"https:\/\/www.facebook.com\/Portal-Urbano-171542830093757\/\",\"https:\/\/twitter.com\/portalurbanook\",\"https:\/\/www.instagram.com\/_portalurbano\/\",\"https:\/\/www.youtube.com\/channel\/UCXhagIfszH8KxFiOok79zbA?view_as=subscriber\"]},{\"@type\":\"Person\",\"@id\":\"https:\/\/experienciadevida.com.ar\/portalurbano\/#\/schema\/person\/02dd326b1c4b056e9cc972486934a3a7\",\"name\":\"admpu17wp\",\"image\":{\"@type\":\"ImageObject\",\"inLanguage\":\"es\",\"@id\":\"https:\/\/experienciadevida.com.ar\/portalurbano\/#\/schema\/person\/image\/\",\"url\":\"https:\/\/secure.gravatar.com\/avatar\/830d4c57adaae6630765e449a6908047?s=96&d=mm&r=g\",\"contentUrl\":\"https:\/\/secure.gravatar.com\/avatar\/830d4c57adaae6630765e449a6908047?s=96&d=mm&r=g\",\"caption\":\"admpu17wp\"}}]}<\/script>\n<!-- \/ Yoast SEO plugin. -->","yoast_head_json":{"title":"Se finaliz\u00f3 con la confecci\u00f3n de turbantes para el Hospital de Oncolog\u00eda","description":"Se finaliz\u00f3 con la confecci\u00f3n de turbantes para el Hospital de Oncolog\u00eda, fue el s\u00e1bado pasado por la tarde la Subcomisi\u00f3n","robots":{"index":"index","follow":"follow","max-snippet":"max-snippet:-1","max-image-preview":"max-image-preview:large","max-video-preview":"max-video-preview:-1"},"canonical":"https:\/\/experienciadevida.com.ar\/portalurbano\/se-finalizo-con-la-confeccion-de-turbantes-para-el-hospital-de-oncologia\/","og_locale":"es_ES","og_type":"article","og_title":"Se finaliz\u00f3 con la confecci\u00f3n de turbantes para el Hospital de Oncolog\u00eda","og_description":"Se finaliz\u00f3 con la confecci\u00f3n de turbantes para el Hospital de Oncolog\u00eda, fue el s\u00e1bado pasado por la tarde la Subcomisi\u00f3n","og_url":"https:\/\/experienciadevida.com.ar\/portalurbano\/se-finalizo-con-la-confeccion-de-turbantes-para-el-hospital-de-oncologia\/","article_publisher":"https:\/\/www.facebook.com\/Portal-Urbano-171542830093757\/","article_published_time":"2022-06-01T22:23:20+00:00","article_modified_time":"2022-06-01T22:23:58+00:00","og_image":[{"width":1280,"height":622,"url":"https:\/\/experienciadevida.com.ar\/portalurbano\/wp-content\/uploads\/2022\/06\/Se-finalizo-con-la.jpg","type":"image\/jpeg"}],"author":"admpu17wp","twitter_card":"summary_large_image","twitter_creator":"@portalurbanook","twitter_site":"@portalurbanook","twitter_misc":{"Escrito por":"admpu17wp","Tiempo de lectura":"1 minuto"},"schema":{"@context":"https:\/\/schema.org","@graph":[{"@type":"Article","@id":"https:\/\/experienciadevida.com.ar\/portalurbano\/se-finalizo-con-la-confeccion-de-turbantes-para-el-hospital-de-oncologia\/#article","isPartOf":{"@id":"https:\/\/experienciadevida.com.ar\/portalurbano\/se-finalizo-con-la-confeccion-de-turbantes-para-el-hospital-de-oncologia\/"},"author":{"name":"admpu17wp","@id":"https:\/\/experienciadevida.com.ar\/portalurbano\/#\/schema\/person\/02dd326b1c4b056e9cc972486934a3a7"},"headline":"Se finaliz\u00f3 con la confecci\u00f3n de turbantes para el Hospital de Oncolog\u00eda","datePublished":"2022-06-01T22:23:20+00:00","dateModified":"2022-06-01T22:23:58+00:00","mainEntityOfPage":{"@id":"https:\/\/experienciadevida.com.ar\/portalurbano\/se-finalizo-con-la-confeccion-de-turbantes-para-el-hospital-de-oncologia\/"},"wordCount":150,"publisher":{"@id":"https:\/\/experienciadevida.com.ar\/portalurbano\/#organization"},"articleSection":["Ciudad"],"inLanguage":"es"},{"@type":"WebPage","@id":"https:\/\/experienciadevida.com.ar\/portalurbano\/se-finalizo-con-la-confeccion-de-turbantes-para-el-hospital-de-oncologia\/","url":"https:\/\/experienciadevida.com.ar\/portalurbano\/se-finalizo-con-la-confeccion-de-turbantes-para-el-hospital-de-oncologia\/","name":"Se finaliz\u00f3 con la confecci\u00f3n de turbantes para el Hospital de Oncolog\u00eda","isPartOf":{"@id":"https:\/\/experienciadevida.com.ar\/portalurbano\/#website"},"datePublished":"2022-06-01T22:23:20+00:00","dateModified":"2022-06-01T22:23:58+00:00","description":"Se finaliz\u00f3 con la confecci\u00f3n de turbantes para el Hospital de Oncolog\u00eda, fue el s\u00e1bado pasado por la tarde la Subcomisi\u00f3n","breadcrumb":{"@id":"https:\/\/experienciadevida.com.ar\/portalurbano\/se-finalizo-con-la-confeccion-de-turbantes-para-el-hospital-de-oncologia\/#breadcrumb"},"inLanguage":"es","potentialAction":[{"@type":"ReadAction","target":["https:\/\/experienciadevida.com.ar\/portalurbano\/se-finalizo-con-la-confeccion-de-turbantes-para-el-hospital-de-oncologia\/"]}]},{"@type":"BreadcrumbList","@id":"https:\/\/experienciadevida.com.ar\/portalurbano\/se-finalizo-con-la-confeccion-de-turbantes-para-el-hospital-de-oncologia\/#breadcrumb","itemListElement":[{"@type":"ListItem","position":1,"name":"Portada","item":"https:\/\/experienciadevida.com.ar\/portalurbano\/"},{"@type":"ListItem","position":2,"name":"Se finaliz\u00f3 con la confecci\u00f3n de turbantes para el Hospital de Oncolog\u00eda"}]},{"@type":"WebSite","@id":"https:\/\/experienciadevida.com.ar\/portalurbano\/#website","url":"https:\/\/experienciadevida.com.ar\/portalurbano\/","name":"","description":"","publisher":{"@id":"https:\/\/experienciadevida.com.ar\/portalurbano\/#organization"},"potentialAction":[{"@type":"SearchAction","target":{"@type":"EntryPoint","urlTemplate":"https:\/\/experienciadevida.com.ar\/portalurbano\/?s={search_term_string}"},"query-input":"required name=search_term_string"}],"inLanguage":"es"},{"@type":"Organization","@id":"https:\/\/experienciadevida.com.ar\/portalurbano\/#organization","name":"Portal Urbano","url":"https:\/\/experienciadevida.com.ar\/portalurbano\/","logo":{"@type":"ImageObject","inLanguage":"es","@id":"https:\/\/experienciadevida.com.ar\/portalurbano\/#\/schema\/logo\/image\/","url":"https:\/\/experienciadevida.com.ar\/portalurbano\/wp-content\/uploads\/2019\/09\/Logo-Original.png","contentUrl":"https:\/\/experienciadevida.com.ar\/portalurbano\/wp-content\/uploads\/2019\/09\/Logo-Original.png","width":2236,"height":1216,"caption":"Portal Urbano"},"image":{"@id":"https:\/\/experienciadevida.com.ar\/portalurbano\/#\/schema\/logo\/image\/"},"sameAs":["https:\/\/www.facebook.com\/Portal-Urbano-171542830093757\/","https:\/\/twitter.com\/portalurbanook","https:\/\/www.instagram.com\/_portalurbano\/","https:\/\/www.youtube.com\/channel\/UCXhagIfszH8KxFiOok79zbA?view_as=subscriber"]},{"@type":"Person","@id":"https:\/\/experienciadevida.com.ar\/portalurbano\/#\/schema\/person\/02dd326b1c4b056e9cc972486934a3a7","name":"admpu17wp","image":{"@type":"ImageObject","inLanguage":"es","@id":"https:\/\/experienciadevida.com.ar\/portalurbano\/#\/schema\/person\/image\/","url":"https:\/\/secure.gravatar.com\/avatar\/830d4c57adaae6630765e449a6908047?s=96&d=mm&r=g","contentUrl":"https:\/\/secure.gravatar.com\/avatar\/830d4c57adaae6630765e449a6908047?s=96&d=mm&r=g","caption":"admpu17wp"}}]}},"featured_image_urls":{"full":["https:\/\/experienciadevida.com.ar\/portalurbano\/wp-content\/uploads\/2022\/06\/Se-finalizo-con-la.jpg",1280,622,false],"thumbnail":["https:\/\/experienciadevida.com.ar\/portalurbano\/wp-content\/uploads\/2022\/06\/Se-finalizo-con-la-150x150.jpg",150,150,true],"medium":["https:\/\/experienciadevida.com.ar\/portalurbano\/wp-content\/uploads\/2022\/06\/Se-finalizo-con-la-300x146.jpg",300,146,true],"medium_large":["https:\/\/experienciadevida.com.ar\/portalurbano\/wp-content\/uploads\/2022\/06\/Se-finalizo-con-la-768x373.jpg",640,311,true],"large":["https:\/\/experienciadevida.com.ar\/portalurbano\/wp-content\/uploads\/2022\/06\/Se-finalizo-con-la-1024x498.jpg",640,311,true],"ug_big":["https:\/\/experienciadevida.com.ar\/portalurbano\/wp-content\/uploads\/2022\/06\/Se-finalizo-con-la-768x373.jpg",768,373,true],"1536x1536":["https:\/\/experienciadevida.com.ar\/portalurbano\/wp-content\/uploads\/2022\/06\/Se-finalizo-con-la.jpg",1280,622,false],"2048x2048":["https:\/\/experienciadevida.com.ar\/portalurbano\/wp-content\/uploads\/2022\/06\/Se-finalizo-con-la.jpg",1280,622,false],"newsever-slider-full":["https:\/\/experienciadevida.com.ar\/portalurbano\/wp-content\/uploads\/2022\/06\/Se-finalizo-con-la.jpg",1280,622,false],"newsever-featured":["https:\/\/experienciadevida.com.ar\/portalurbano\/wp-content\/uploads\/2022\/06\/Se-finalizo-con-la.jpg",1024,498,false],"newsever-medium":["https:\/\/experienciadevida.com.ar\/portalurbano\/wp-content\/uploads\/2022\/06\/Se-finalizo-con-la.jpg",720,350,false],"web-stories-poster-portrait":["https:\/\/experienciadevida.com.ar\/portalurbano\/wp-content\/uploads\/2022\/06\/Se-finalizo-con-la.jpg",640,311,false],"web-stories-publisher-logo":["https:\/\/experienciadevida.com.ar\/portalurbano\/wp-content\/uploads\/2022\/06\/Se-finalizo-con-la.jpg",96,47,false],"web-stories-thumbnail":["https:\/\/experienciadevida.com.ar\/portalurbano\/wp-content\/uploads\/2022\/06\/Se-finalizo-con-la.jpg",150,73,false]},"author_info":{"display_name":"admpu17wp","author_link":"https:\/\/experienciadevida.com.ar\/portalurbano\/author\/admpu17wp\/"},"category_info":"<a href=\"https:\/\/experienciadevida.com.ar\/portalurbano\/category\/ciudad\/\" rel=\"category tag\">Ciudad<\/a>","tag_info":"Ciudad","comment_count":"0","amp_enabled":true,"_links":{"self":[{"href":"https:\/\/experienciadevida.com.ar\/portalurbano\/wp-json\/wp\/v2\/posts\/168748"}],"collection":[{"href":"https:\/\/experienciadevida.com.ar\/portalurbano\/wp-json\/wp\/v2\/posts"}],"about":[{"href":"https:\/\/experienciadevida.com.ar\/portalurbano\/wp-json\/wp\/v2\/types\/post"}],"author":[{"embeddable":true,"href":"https:\/\/experienciadevida.com.ar\/portalurbano\/wp-json\/wp\/v2\/users\/1"}],"replies":[{"embeddable":true,"href":"https:\/\/experienciadevida.com.ar\/portalurbano\/wp-json\/wp\/v2\/comments?post=168748"}],"version-history":[{"count":1,"href":"https:\/\/experienciadevida.com.ar\/portalurbano\/wp-json\/wp\/v2\/posts\/168748\/revisions"}],"predecessor-version":[{"id":168750,"href":"https:\/\/experienciadevida.com.ar\/portalurbano\/wp-json\/wp\/v2\/posts\/168748\/revisions\/168750"}],"wp:featuredmedia":[{"embeddable":true,"href":"https:\/\/experienciadevida.com.ar\/portalurbano\/wp-json\/wp\/v2\/media\/168749"}],"wp:attachment":[{"href":"https:\/\/experienciadevida.com.ar\/portalurbano\/wp-json\/wp\/v2\/media?parent=168748"}],"wp:term":[{"taxonomy":"category","embeddable":true,"href":"https:\/\/experienciadevida.com.ar\/portalurbano\/wp-json\/wp\/v2\/categories?post=168748"},{"taxonomy":"post_tag","embeddable":true,"href":"https:\/\/experienciadevida.com.ar\/portalurbano\/wp-json\/wp\/v2\/tags?post=168748"}],"curies":[{"name":"wp","href":"https:\/\/api.w.org\/{rel}","templated":true}]}}