{"id":168734,"date":"2022-06-01T16:38:15","date_gmt":"2022-06-01T19:38:15","guid":{"rendered":"https:\/\/experienciadevida.com.ar\/portalurbano\/?p=168734"},"modified":"2022-06-01T16:38:50","modified_gmt":"2022-06-01T19:38:50","slug":"coopelectric-brindo-una-charla-a-los-estudiantes-de-la-carrera-auxiliar-tecnico-en-mineria-en-s-bayas","status":"publish","type":"post","link":"https:\/\/experienciadevida.com.ar\/portalurbano\/coopelectric-brindo-una-charla-a-los-estudiantes-de-la-carrera-auxiliar-tecnico-en-mineria-en-s-bayas\/","title":{"rendered":"Coopelectric brind\u00f3 una charla a los estudiantes de la carrera auxiliar t\u00e9cnico en miner\u00eda en S. Bayas"},"content":{"rendered":"<p>Coopelectric brind\u00f3 una charla a los estudiantes de la carrera auxiliar t\u00e9cnico en miner\u00eda en S. Bayas, la misma fue dictada por el gerente de Distribuci\u00f3n del Servicio El\u00e9ctrico de Coopelectric Claudio N\u00e1poli, en el marco de la materia \u201cEquipos y mantenimiento de Equipos\u201d a cargo del profesor Ricardo Vazquez. Asimismo, la actividad fue acompa\u00f1ada por el coordinador de la carrera Hern\u00e1n Garc\u00eda.<\/p>\n<p>El Ing. N\u00e1poli abord\u00f3 las tres etapas que componen el sistema el\u00e9ctrico: Generaci\u00f3n &#8211; Transporte &#8211; Distribuci\u00f3n, explicando de forma pormenorizada cada una de ellas. Aport\u00f3 datos hist\u00f3ricos a nivel nacional y provincial,<br \/>\nbrind\u00f3 informaci\u00f3n sobre las normativas del marco regulatorio y la funci\u00f3n de los Organismos de Control.\u00a0 Luego se detuvo en el Servicio de distribuci\u00f3n que realiza Coopelectric en la planta urbana de Olavarr\u00eda, en las diferentes localidades del Partido y en la zona rural para atender las 55 mil conexiones existentes. Al mismo tiempo, hizo especial referencia a las caracter\u00edsticas de la prestaci\u00f3n en la zona de canteras de Sierras Bayas.<\/p>\n<p><strong>\u00a0El proceso de distribuci\u00f3n<\/strong><\/p>\n<p>Desde la Estaci\u00f3n de TRANSBA ubicada en la Ruta Nacional 51 &#8211; concesionaria del servicio de Transporte de Energ\u00eda El\u00e9ctrica por distribuci\u00f3n troncal en la Provincia de Buenos Aires &#8211; parten las diferentes l\u00edneas de Media Tensi\u00f3n<br \/>\n(33 kV) que alimentan al Partido Olavarr\u00eda.<\/p>\n<p>Este nivel de tensi\u00f3n debe ser rebajado a 13,2 kV, tarea que en el \u00e1rea urbana es realizada a trav\u00e9s de dos Subestaciones Transformadoras. Una de ellas fue construida en el a\u00f1o 1980 en Pelegrino y Maip\u00fa con una potencia<br \/>\ninstalada de 25.000 KVA; mientras que la otra se localiza en la intersecci\u00f3n de Rufino Fal y Moreno y cuenta con una potencia de 15.000 KVA. Esta \u00faltima fue inaugurada en el a\u00f1o 2015, por lo que su infraestructura es m\u00e1s moderna,<br \/>\nel conexionado es subterr\u00e1neo, se opera por telecomando gracias al avance de la tecnolog\u00eda y est\u00e1 dise\u00f1ada para albergar otro transformador de caracter\u00edsticas similares cuando el crecimiento demogr\u00e1fico de la ciudad lo<br \/>\nrequiera. Desde ambas Subestaciones nacen las l\u00edneas de Media Tensi\u00f3n de 13,2 kV que recorren la planta urbana mediante el Anillo Intermedio y el Anillo Microcentro.<\/p>\n<p>El \u00faltimo paso de la transformaci\u00f3n para llegar a 380 o 220 Volts se realiza en las m\u00e1s de mil Subestaciones de Media a Baja Tensi\u00f3n que se encuentran ubicadas en diferentes puntos de la ciudad. Desde ellas se alimentan los<br \/>\ndistintos circuitos que comprenden a cada barrio mediante l\u00edneas a\u00e9reas o subterr\u00e1neas.<\/p>\n<p>Coopelectric brind\u00f3 una charla a los estudiantes de la carrera auxiliar t\u00e9cnico en miner\u00eda en S. Bayas, los 220 Volts ingresan a nuestros domicilios a trav\u00e9s de las acometidas que deben cumplir con los materiales y las reglamentaciones de seguridad establecidas por el OCEBA y con la instalaci\u00f3n de las protecciones compuestas por el disyuntor y la llave t\u00e9rmica. Hasta aqu\u00ed tiene injerencia y responsabilidad el distribuidor.<\/p>\n<p><strong>Promover el Uso Racional<\/strong><\/p>\n<p>Durante la charla se subray\u00f3 que el proceso de generaci\u00f3n, transporte y distribuci\u00f3n se produce de forma simult\u00e1nea a medida que se va demandando la energ\u00eda. Cuando se incrementa el consumo el sistema debe responder para<br \/>\npoder atender esa mayor demanda. En ese contexto, los estudiantes consultaron por el apag\u00f3n masivo registrado en nuestro pa\u00eds el 16 de junio de 2019, explicaci\u00f3n que fue desarrollada a partir de los conceptos abordados durante el encuentro.<\/p>\n<p>Finalmente, el Ing. N\u00e1poli breg\u00f3 por \u201cvalorar y cuidar la energ\u00eda para no desperdiciarla. Usarla con responsabilidad debe ser un compromiso de todos\u201d.<\/p>\n<p><a href=\"https:\/\/experienciadevida.com.ar\/portalurbano\/coopelectric-brindo-una-charla-a-los-estudiantes-de-la-carrera-auxiliar-tecnico-en-mineria-en-s-bayas\/coopelectric-brindo\/\" rel=\"attachment wp-att-168736\"><img decoding=\"async\" class=\"alignnone size-large wp-image-168736\" src=\"https:\/\/experienciadevida.com.ar\/portalurbano\/wp-content\/uploads\/2022\/06\/Coopelectric-brindo-1024x768.jpeg\" alt=\"Coopelectric brind\u00f3 \" width=\"900\" height=\"675\" srcset=\"https:\/\/experienciadevida.com.ar\/portalurbano\/wp-content\/uploads\/2022\/06\/Coopelectric-brindo-1024x768.jpeg 1024w, https:\/\/experienciadevida.com.ar\/portalurbano\/wp-content\/uploads\/2022\/06\/Coopelectric-brindo-300x225.jpeg 300w, https:\/\/experienciadevida.com.ar\/portalurbano\/wp-content\/uploads\/2022\/06\/Coopelectric-brindo-768x576.jpeg 768w, https:\/\/experienciadevida.com.ar\/portalurbano\/wp-content\/uploads\/2022\/06\/Coopelectric-brindo.jpeg 1032w\" sizes=\"(max-width: 900px) 100vw, 900px\" \/><\/a><\/p>\n","protected":false},"excerpt":{"rendered":"<p>Coopelectric brind\u00f3 una charla a los estudiantes de la carrera auxiliar t\u00e9cnico en miner\u00eda en&#8230;<\/p>\n","protected":false},"author":1,"featured_media":168735,"comment_status":"closed","ping_status":"closed","sticky":false,"template":"","format":"standard","meta":{"content-type":""},"categories":[27],"tags":[],"nelio_content":{"isAutoShareEnabled":false,"autoShareEndMode":"default","automationSources":{"useContentSentences":true,"useSocialTemplates":true,"useCustomSentences":false,"customSentences":[]},"followers":[1],"suggestedReferences":[],"includedReferences":[],"efiUrl":"","efiAlt":"","highlights":[]},"yoast_head":"<!-- This site is optimized with the Yoast SEO plugin v20.7 - https:\/\/yoast.com\/wordpress\/plugins\/seo\/ -->\n<title>Coopelectric brind\u00f3 una charla a los estudiantes de la carrera<\/title>\n<meta name=\"description\" content=\"Coopelectric brind\u00f3 una charla a los estudiantes de la carrera auxiliar t\u00e9cnico en miner\u00eda en S. Bayas, la misma fue dictada por el gerente\" \/>\n<meta name=\"robots\" content=\"index, follow, max-snippet:-1, max-image-preview:large, max-video-preview:-1\" \/>\n<link rel=\"canonical\" href=\"https:\/\/experienciadevida.com.ar\/portalurbano\/coopelectric-brindo-una-charla-a-los-estudiantes-de-la-carrera-auxiliar-tecnico-en-mineria-en-s-bayas\/\" \/>\n<meta property=\"og:locale\" content=\"es_ES\" \/>\n<meta property=\"og:type\" content=\"article\" \/>\n<meta property=\"og:title\" content=\"Coopelectric brind\u00f3 una charla a los estudiantes de la carrera\" \/>\n<meta property=\"og:description\" content=\"Coopelectric brind\u00f3 una charla a los estudiantes de la carrera auxiliar t\u00e9cnico en miner\u00eda en S. Bayas, la misma fue dictada por el gerente\" \/>\n<meta property=\"og:url\" content=\"https:\/\/experienciadevida.com.ar\/portalurbano\/coopelectric-brindo-una-charla-a-los-estudiantes-de-la-carrera-auxiliar-tecnico-en-mineria-en-s-bayas\/\" \/>\n<meta property=\"article:publisher\" content=\"https:\/\/www.facebook.com\/Portal-Urbano-171542830093757\/\" \/>\n<meta property=\"article:published_time\" content=\"2022-06-01T19:38:15+00:00\" \/>\n<meta property=\"article:modified_time\" content=\"2022-06-01T19:38:50+00:00\" \/>\n<meta property=\"og:image\" content=\"https:\/\/experienciadevida.com.ar\/portalurbano\/wp-content\/uploads\/2022\/06\/Coopelectric-brindo-una-charla.jpeg\" \/>\n\t<meta property=\"og:image:width\" content=\"1032\" \/>\n\t<meta property=\"og:image:height\" content=\"774\" \/>\n\t<meta property=\"og:image:type\" content=\"image\/jpeg\" \/>\n<meta name=\"author\" content=\"admpu17wp\" \/>\n<meta name=\"twitter:card\" content=\"summary_large_image\" \/>\n<meta name=\"twitter:creator\" content=\"@portalurbanook\" \/>\n<meta name=\"twitter:site\" content=\"@portalurbanook\" \/>\n<meta name=\"twitter:label1\" content=\"Escrito por\" \/>\n\t<meta name=\"twitter:data1\" content=\"admpu17wp\" \/>\n\t<meta name=\"twitter:label2\" content=\"Tiempo de lectura\" \/>\n\t<meta name=\"twitter:data2\" content=\"3 minutos\" \/>\n<script type=\"application\/ld+json\" class=\"yoast-schema-graph\">{\"@context\":\"https:\/\/schema.org\",\"@graph\":[{\"@type\":\"Article\",\"@id\":\"https:\/\/experienciadevida.com.ar\/portalurbano\/coopelectric-brindo-una-charla-a-los-estudiantes-de-la-carrera-auxiliar-tecnico-en-mineria-en-s-bayas\/#article\",\"isPartOf\":{\"@id\":\"https:\/\/experienciadevida.com.ar\/portalurbano\/coopelectric-brindo-una-charla-a-los-estudiantes-de-la-carrera-auxiliar-tecnico-en-mineria-en-s-bayas\/\"},\"author\":{\"name\":\"admpu17wp\",\"@id\":\"https:\/\/experienciadevida.com.ar\/portalurbano\/#\/schema\/person\/02dd326b1c4b056e9cc972486934a3a7\"},\"headline\":\"Coopelectric brind\u00f3 una charla a los estudiantes de la carrera auxiliar t\u00e9cnico en miner\u00eda en S. Bayas\",\"datePublished\":\"2022-06-01T19:38:15+00:00\",\"dateModified\":\"2022-06-01T19:38:50+00:00\",\"mainEntityOfPage\":{\"@id\":\"https:\/\/experienciadevida.com.ar\/portalurbano\/coopelectric-brindo-una-charla-a-los-estudiantes-de-la-carrera-auxiliar-tecnico-en-mineria-en-s-bayas\/\"},\"wordCount\":641,\"publisher\":{\"@id\":\"https:\/\/experienciadevida.com.ar\/portalurbano\/#organization\"},\"articleSection\":[\"Ciudad\"],\"inLanguage\":\"es\"},{\"@type\":\"WebPage\",\"@id\":\"https:\/\/experienciadevida.com.ar\/portalurbano\/coopelectric-brindo-una-charla-a-los-estudiantes-de-la-carrera-auxiliar-tecnico-en-mineria-en-s-bayas\/\",\"url\":\"https:\/\/experienciadevida.com.ar\/portalurbano\/coopelectric-brindo-una-charla-a-los-estudiantes-de-la-carrera-auxiliar-tecnico-en-mineria-en-s-bayas\/\",\"name\":\"Coopelectric brind\u00f3 una charla a los estudiantes de la carrera\",\"isPartOf\":{\"@id\":\"https:\/\/experienciadevida.com.ar\/portalurbano\/#website\"},\"datePublished\":\"2022-06-01T19:38:15+00:00\",\"dateModified\":\"2022-06-01T19:38:50+00:00\",\"description\":\"Coopelectric brind\u00f3 una charla a los estudiantes de la carrera auxiliar t\u00e9cnico en miner\u00eda en S. Bayas, la misma fue dictada por el gerente\",\"breadcrumb\":{\"@id\":\"https:\/\/experienciadevida.com.ar\/portalurbano\/coopelectric-brindo-una-charla-a-los-estudiantes-de-la-carrera-auxiliar-tecnico-en-mineria-en-s-bayas\/#breadcrumb\"},\"inLanguage\":\"es\",\"potentialAction\":[{\"@type\":\"ReadAction\",\"target\":[\"https:\/\/experienciadevida.com.ar\/portalurbano\/coopelectric-brindo-una-charla-a-los-estudiantes-de-la-carrera-auxiliar-tecnico-en-mineria-en-s-bayas\/\"]}]},{\"@type\":\"BreadcrumbList\",\"@id\":\"https:\/\/experienciadevida.com.ar\/portalurbano\/coopelectric-brindo-una-charla-a-los-estudiantes-de-la-carrera-auxiliar-tecnico-en-mineria-en-s-bayas\/#breadcrumb\",\"itemListElement\":[{\"@type\":\"ListItem\",\"position\":1,\"name\":\"Portada\",\"item\":\"https:\/\/experienciadevida.com.ar\/portalurbano\/\"},{\"@type\":\"ListItem\",\"position\":2,\"name\":\"Coopelectric brind\u00f3 una charla a los estudiantes de la carrera auxiliar t\u00e9cnico en miner\u00eda en S. Bayas\"}]},{\"@type\":\"WebSite\",\"@id\":\"https:\/\/experienciadevida.com.ar\/portalurbano\/#website\",\"url\":\"https:\/\/experienciadevida.com.ar\/portalurbano\/\",\"name\":\"\",\"description\":\"\",\"publisher\":{\"@id\":\"https:\/\/experienciadevida.com.ar\/portalurbano\/#organization\"},\"potentialAction\":[{\"@type\":\"SearchAction\",\"target\":{\"@type\":\"EntryPoint\",\"urlTemplate\":\"https:\/\/experienciadevida.com.ar\/portalurbano\/?s={search_term_string}\"},\"query-input\":\"required name=search_term_string\"}],\"inLanguage\":\"es\"},{\"@type\":\"Organization\",\"@id\":\"https:\/\/experienciadevida.com.ar\/portalurbano\/#organization\",\"name\":\"Portal Urbano\",\"url\":\"https:\/\/experienciadevida.com.ar\/portalurbano\/\",\"logo\":{\"@type\":\"ImageObject\",\"inLanguage\":\"es\",\"@id\":\"https:\/\/experienciadevida.com.ar\/portalurbano\/#\/schema\/logo\/image\/\",\"url\":\"https:\/\/experienciadevida.com.ar\/portalurbano\/wp-content\/uploads\/2019\/09\/Logo-Original.png\",\"contentUrl\":\"https:\/\/experienciadevida.com.ar\/portalurbano\/wp-content\/uploads\/2019\/09\/Logo-Original.png\",\"width\":2236,\"height\":1216,\"caption\":\"Portal Urbano\"},\"image\":{\"@id\":\"https:\/\/experienciadevida.com.ar\/portalurbano\/#\/schema\/logo\/image\/\"},\"sameAs\":[\"https:\/\/www.facebook.com\/Portal-Urbano-171542830093757\/\",\"https:\/\/twitter.com\/portalurbanook\",\"https:\/\/www.instagram.com\/_portalurbano\/\",\"https:\/\/www.youtube.com\/channel\/UCXhagIfszH8KxFiOok79zbA?view_as=subscriber\"]},{\"@type\":\"Person\",\"@id\":\"https:\/\/experienciadevida.com.ar\/portalurbano\/#\/schema\/person\/02dd326b1c4b056e9cc972486934a3a7\",\"name\":\"admpu17wp\",\"image\":{\"@type\":\"ImageObject\",\"inLanguage\":\"es\",\"@id\":\"https:\/\/experienciadevida.com.ar\/portalurbano\/#\/schema\/person\/image\/\",\"url\":\"https:\/\/secure.gravatar.com\/avatar\/830d4c57adaae6630765e449a6908047?s=96&d=mm&r=g\",\"contentUrl\":\"https:\/\/secure.gravatar.com\/avatar\/830d4c57adaae6630765e449a6908047?s=96&d=mm&r=g\",\"caption\":\"admpu17wp\"}}]}<\/script>\n<!-- \/ Yoast SEO plugin. -->","yoast_head_json":{"title":"Coopelectric brind\u00f3 una charla a los estudiantes de la carrera","description":"Coopelectric brind\u00f3 una charla a los estudiantes de la carrera auxiliar t\u00e9cnico en miner\u00eda en S. Bayas, la misma fue dictada por el gerente","robots":{"index":"index","follow":"follow","max-snippet":"max-snippet:-1","max-image-preview":"max-image-preview:large","max-video-preview":"max-video-preview:-1"},"canonical":"https:\/\/experienciadevida.com.ar\/portalurbano\/coopelectric-brindo-una-charla-a-los-estudiantes-de-la-carrera-auxiliar-tecnico-en-mineria-en-s-bayas\/","og_locale":"es_ES","og_type":"article","og_title":"Coopelectric brind\u00f3 una charla a los estudiantes de la carrera","og_description":"Coopelectric brind\u00f3 una charla a los estudiantes de la carrera auxiliar t\u00e9cnico en miner\u00eda en S. Bayas, la misma fue dictada por el gerente","og_url":"https:\/\/experienciadevida.com.ar\/portalurbano\/coopelectric-brindo-una-charla-a-los-estudiantes-de-la-carrera-auxiliar-tecnico-en-mineria-en-s-bayas\/","article_publisher":"https:\/\/www.facebook.com\/Portal-Urbano-171542830093757\/","article_published_time":"2022-06-01T19:38:15+00:00","article_modified_time":"2022-06-01T19:38:50+00:00","og_image":[{"width":1032,"height":774,"url":"https:\/\/experienciadevida.com.ar\/portalurbano\/wp-content\/uploads\/2022\/06\/Coopelectric-brindo-una-charla.jpeg","type":"image\/jpeg"}],"author":"admpu17wp","twitter_card":"summary_large_image","twitter_creator":"@portalurbanook","twitter_site":"@portalurbanook","twitter_misc":{"Escrito por":"admpu17wp","Tiempo de lectura":"3 minutos"},"schema":{"@context":"https:\/\/schema.org","@graph":[{"@type":"Article","@id":"https:\/\/experienciadevida.com.ar\/portalurbano\/coopelectric-brindo-una-charla-a-los-estudiantes-de-la-carrera-auxiliar-tecnico-en-mineria-en-s-bayas\/#article","isPartOf":{"@id":"https:\/\/experienciadevida.com.ar\/portalurbano\/coopelectric-brindo-una-charla-a-los-estudiantes-de-la-carrera-auxiliar-tecnico-en-mineria-en-s-bayas\/"},"author":{"name":"admpu17wp","@id":"https:\/\/experienciadevida.com.ar\/portalurbano\/#\/schema\/person\/02dd326b1c4b056e9cc972486934a3a7"},"headline":"Coopelectric brind\u00f3 una charla a los estudiantes de la carrera auxiliar t\u00e9cnico en miner\u00eda en S. Bayas","datePublished":"2022-06-01T19:38:15+00:00","dateModified":"2022-06-01T19:38:50+00:00","mainEntityOfPage":{"@id":"https:\/\/experienciadevida.com.ar\/portalurbano\/coopelectric-brindo-una-charla-a-los-estudiantes-de-la-carrera-auxiliar-tecnico-en-mineria-en-s-bayas\/"},"wordCount":641,"publisher":{"@id":"https:\/\/experienciadevida.com.ar\/portalurbano\/#organization"},"articleSection":["Ciudad"],"inLanguage":"es"},{"@type":"WebPage","@id":"https:\/\/experienciadevida.com.ar\/portalurbano\/coopelectric-brindo-una-charla-a-los-estudiantes-de-la-carrera-auxiliar-tecnico-en-mineria-en-s-bayas\/","url":"https:\/\/experienciadevida.com.ar\/portalurbano\/coopelectric-brindo-una-charla-a-los-estudiantes-de-la-carrera-auxiliar-tecnico-en-mineria-en-s-bayas\/","name":"Coopelectric brind\u00f3 una charla a los estudiantes de la carrera","isPartOf":{"@id":"https:\/\/experienciadevida.com.ar\/portalurbano\/#website"},"datePublished":"2022-06-01T19:38:15+00:00","dateModified":"2022-06-01T19:38:50+00:00","description":"Coopelectric brind\u00f3 una charla a los estudiantes de la carrera auxiliar t\u00e9cnico en miner\u00eda en S. Bayas, la misma fue dictada por el gerente","breadcrumb":{"@id":"https:\/\/experienciadevida.com.ar\/portalurbano\/coopelectric-brindo-una-charla-a-los-estudiantes-de-la-carrera-auxiliar-tecnico-en-mineria-en-s-bayas\/#breadcrumb"},"inLanguage":"es","potentialAction":[{"@type":"ReadAction","target":["https:\/\/experienciadevida.com.ar\/portalurbano\/coopelectric-brindo-una-charla-a-los-estudiantes-de-la-carrera-auxiliar-tecnico-en-mineria-en-s-bayas\/"]}]},{"@type":"BreadcrumbList","@id":"https:\/\/experienciadevida.com.ar\/portalurbano\/coopelectric-brindo-una-charla-a-los-estudiantes-de-la-carrera-auxiliar-tecnico-en-mineria-en-s-bayas\/#breadcrumb","itemListElement":[{"@type":"ListItem","position":1,"name":"Portada","item":"https:\/\/experienciadevida.com.ar\/portalurbano\/"},{"@type":"ListItem","position":2,"name":"Coopelectric brind\u00f3 una charla a los estudiantes de la carrera auxiliar t\u00e9cnico en miner\u00eda en S. Bayas"}]},{"@type":"WebSite","@id":"https:\/\/experienciadevida.com.ar\/portalurbano\/#website","url":"https:\/\/experienciadevida.com.ar\/portalurbano\/","name":"","description":"","publisher":{"@id":"https:\/\/experienciadevida.com.ar\/portalurbano\/#organization"},"potentialAction":[{"@type":"SearchAction","target":{"@type":"EntryPoint","urlTemplate":"https:\/\/experienciadevida.com.ar\/portalurbano\/?s={search_term_string}"},"query-input":"required name=search_term_string"}],"inLanguage":"es"},{"@type":"Organization","@id":"https:\/\/experienciadevida.com.ar\/portalurbano\/#organization","name":"Portal Urbano","url":"https:\/\/experienciadevida.com.ar\/portalurbano\/","logo":{"@type":"ImageObject","inLanguage":"es","@id":"https:\/\/experienciadevida.com.ar\/portalurbano\/#\/schema\/logo\/image\/","url":"https:\/\/experienciadevida.com.ar\/portalurbano\/wp-content\/uploads\/2019\/09\/Logo-Original.png","contentUrl":"https:\/\/experienciadevida.com.ar\/portalurbano\/wp-content\/uploads\/2019\/09\/Logo-Original.png","width":2236,"height":1216,"caption":"Portal Urbano"},"image":{"@id":"https:\/\/experienciadevida.com.ar\/portalurbano\/#\/schema\/logo\/image\/"},"sameAs":["https:\/\/www.facebook.com\/Portal-Urbano-171542830093757\/","https:\/\/twitter.com\/portalurbanook","https:\/\/www.instagram.com\/_portalurbano\/","https:\/\/www.youtube.com\/channel\/UCXhagIfszH8KxFiOok79zbA?view_as=subscriber"]},{"@type":"Person","@id":"https:\/\/experienciadevida.com.ar\/portalurbano\/#\/schema\/person\/02dd326b1c4b056e9cc972486934a3a7","name":"admpu17wp","image":{"@type":"ImageObject","inLanguage":"es","@id":"https:\/\/experienciadevida.com.ar\/portalurbano\/#\/schema\/person\/image\/","url":"https:\/\/secure.gravatar.com\/avatar\/830d4c57adaae6630765e449a6908047?s=96&d=mm&r=g","contentUrl":"https:\/\/secure.gravatar.com\/avatar\/830d4c57adaae6630765e449a6908047?s=96&d=mm&r=g","caption":"admpu17wp"}}]}},"featured_image_urls":{"full":["https:\/\/experienciadevida.com.ar\/portalurbano\/wp-content\/uploads\/2022\/06\/Coopelectric-brindo-una-charla.jpeg",1032,774,false],"thumbnail":["https:\/\/experienciadevida.com.ar\/portalurbano\/wp-content\/uploads\/2022\/06\/Coopelectric-brindo-una-charla-150x150.jpeg",150,150,true],"medium":["https:\/\/experienciadevida.com.ar\/portalurbano\/wp-content\/uploads\/2022\/06\/Coopelectric-brindo-una-charla-300x225.jpeg",300,225,true],"medium_large":["https:\/\/experienciadevida.com.ar\/portalurbano\/wp-content\/uploads\/2022\/06\/Coopelectric-brindo-una-charla-768x576.jpeg",640,480,true],"large":["https:\/\/experienciadevida.com.ar\/portalurbano\/wp-content\/uploads\/2022\/06\/Coopelectric-brindo-una-charla-1024x768.jpeg",640,480,true],"ug_big":["https:\/\/experienciadevida.com.ar\/portalurbano\/wp-content\/uploads\/2022\/06\/Coopelectric-brindo-una-charla-768x576.jpeg",768,576,true],"1536x1536":["https:\/\/experienciadevida.com.ar\/portalurbano\/wp-content\/uploads\/2022\/06\/Coopelectric-brindo-una-charla.jpeg",1032,774,false],"2048x2048":["https:\/\/experienciadevida.com.ar\/portalurbano\/wp-content\/uploads\/2022\/06\/Coopelectric-brindo-una-charla.jpeg",1032,774,false],"newsever-slider-full":["https:\/\/experienciadevida.com.ar\/portalurbano\/wp-content\/uploads\/2022\/06\/Coopelectric-brindo-una-charla.jpeg",1032,774,false],"newsever-featured":["https:\/\/experienciadevida.com.ar\/portalurbano\/wp-content\/uploads\/2022\/06\/Coopelectric-brindo-una-charla.jpeg",1024,768,false],"newsever-medium":["https:\/\/experienciadevida.com.ar\/portalurbano\/wp-content\/uploads\/2022\/06\/Coopelectric-brindo-una-charla.jpeg",633,475,false],"web-stories-poster-portrait":["https:\/\/experienciadevida.com.ar\/portalurbano\/wp-content\/uploads\/2022\/06\/Coopelectric-brindo-una-charla.jpeg",640,480,false],"web-stories-publisher-logo":["https:\/\/experienciadevida.com.ar\/portalurbano\/wp-content\/uploads\/2022\/06\/Coopelectric-brindo-una-charla.jpeg",96,72,false],"web-stories-thumbnail":["https:\/\/experienciadevida.com.ar\/portalurbano\/wp-content\/uploads\/2022\/06\/Coopelectric-brindo-una-charla.jpeg",150,113,false]},"author_info":{"display_name":"admpu17wp","author_link":"https:\/\/experienciadevida.com.ar\/portalurbano\/author\/admpu17wp\/"},"category_info":"<a href=\"https:\/\/experienciadevida.com.ar\/portalurbano\/category\/ciudad\/\" rel=\"category tag\">Ciudad<\/a>","tag_info":"Ciudad","comment_count":"0","amp_enabled":true,"_links":{"self":[{"href":"https:\/\/experienciadevida.com.ar\/portalurbano\/wp-json\/wp\/v2\/posts\/168734"}],"collection":[{"href":"https:\/\/experienciadevida.com.ar\/portalurbano\/wp-json\/wp\/v2\/posts"}],"about":[{"href":"https:\/\/experienciadevida.com.ar\/portalurbano\/wp-json\/wp\/v2\/types\/post"}],"author":[{"embeddable":true,"href":"https:\/\/experienciadevida.com.ar\/portalurbano\/wp-json\/wp\/v2\/users\/1"}],"replies":[{"embeddable":true,"href":"https:\/\/experienciadevida.com.ar\/portalurbano\/wp-json\/wp\/v2\/comments?post=168734"}],"version-history":[{"count":2,"href":"https:\/\/experienciadevida.com.ar\/portalurbano\/wp-json\/wp\/v2\/posts\/168734\/revisions"}],"predecessor-version":[{"id":168738,"href":"https:\/\/experienciadevida.com.ar\/portalurbano\/wp-json\/wp\/v2\/posts\/168734\/revisions\/168738"}],"wp:featuredmedia":[{"embeddable":true,"href":"https:\/\/experienciadevida.com.ar\/portalurbano\/wp-json\/wp\/v2\/media\/168735"}],"wp:attachment":[{"href":"https:\/\/experienciadevida.com.ar\/portalurbano\/wp-json\/wp\/v2\/media?parent=168734"}],"wp:term":[{"taxonomy":"category","embeddable":true,"href":"https:\/\/experienciadevida.com.ar\/portalurbano\/wp-json\/wp\/v2\/categories?post=168734"},{"taxonomy":"post_tag","embeddable":true,"href":"https:\/\/experienciadevida.com.ar\/portalurbano\/wp-json\/wp\/v2\/tags?post=168734"}],"curies":[{"name":"wp","href":"https:\/\/api.w.org\/{rel}","templated":true}]}}