{"id":168718,"date":"2022-06-01T16:22:48","date_gmt":"2022-06-01T19:22:48","guid":{"rendered":"https:\/\/experienciadevida.com.ar\/portalurbano\/?p=168718"},"modified":"2022-06-01T16:23:15","modified_gmt":"2022-06-01T19:23:15","slug":"vinculacion-tecnologica-la-fio-institucion-facilitadora-y-referente-en-toda-la-region","status":"publish","type":"post","link":"https:\/\/experienciadevida.com.ar\/portalurbano\/vinculacion-tecnologica-la-fio-institucion-facilitadora-y-referente-en-toda-la-region\/","title":{"rendered":"Vinculaci\u00f3n tecnol\u00f3gica: la FIO, instituci\u00f3n facilitadora y referente en toda la regi\u00f3n"},"content":{"rendered":"<p>Vinculaci\u00f3n tecnol\u00f3gica: la <a href=\"https:\/\/www.facebook.com\/FIO.UNICEN\">FIO<\/a>, instituci\u00f3n facilitadora y referente en toda la regi\u00f3n, la pandemia fue una oportunidad y la Facultad de Ingenier\u00eda consolid\u00f3 sus redes de articulaci\u00f3n, en sinton\u00eda con el Estado y atenta a las demandas del entorno productivo regional. En el D\u00eda de la Vinculaci\u00f3n Tecnol\u00f3gica, el director del Centro de Desarrollo Emprendedor e Innovaci\u00f3n (CDEI) explica c\u00f3mo se triangula el accionar en el presente, con la mirada puesta en el futuro.<\/p>\n<p>\u201cVan a surgir nuevas demandas y tenemos que estar un paso adelante, adem\u00e1s de mantener la capacidad de respuesta ante las demandas actuales\u201d, se\u00f1ala el ingeniero Joaqu\u00edn Domato, en sinton\u00eda con los retos que plantea el desarrollo tecnol\u00f3gico en un mundo cada vez m\u00e1s din\u00e1mico y desafiante. En el &#8220;D\u00eda de la Vinculaci\u00f3n Tecnol\u00f3gica&#8221;, el director del Centro de Desarrollo Emprendedor e Innovaci\u00f3n (CDEI) de la Facultad de Ingenier\u00eda de Olavarr\u00eda analiza las \u201coportunidades\u201d que trajo la pandemia y desde ese contexto, se\u00f1ala las perspectivas que se abren hacia el futuro y el rol que asume la FIO en su interacci\u00f3n con el Estado y el entorno productivo regional.<\/p>\n<p>En 2019, el Consejo Interuniversitario Nacional estableci\u00f3 que el 4 de junio, fecha de nacimiento de Jorge S\u00e1bato, era v\u00e1lida para rendirle homenaje por ser el creador del conocido \u201cTri\u00e1ngulo de S\u00e1bato\u201d, un modelo de pol\u00edtica cient\u00edfico-tecnol\u00f3gica que se sostiene a partir de la relaci\u00f3n entre tres agentes. El primero de ellos es el Estado, que participa en el sistema como dise\u00f1ador y ejecutor de la pol\u00edtica; el segundo es la infraestructura cient\u00edfico-tecnol\u00f3gica, como sector productor y oferente de la tecnolog\u00eda; y por \u00faltimo el sector productivo, como demandante de tecnolog\u00eda.<\/p>\n<p>\u201cCada actor del territorio sabe qu\u00e9 puerta golpear en la facultad para las demandas que tiene. Somos un punto de referencia en todo lo relacionado con la vinculaci\u00f3n y transferencia de conocimiento y la resoluci\u00f3n a partir de las necesidades que hay en el territorio\u201d, enfatiza el ingeniero Domato.<\/p>\n<p>El objetivo del CDEI es fomentar la cultura emprendedora y la innovaci\u00f3n, facilitando la generaci\u00f3n de nuevos emprendimientos y fortaleciendo los ya existentes. Promueven un espacio colaborativo, interdisciplinario e interinstitucional dentro del \u00e1mbito universitario, en apoyo a emprendedores que contribuyan al desarrollo econ\u00f3mico regional con igualdad de oportunidades y equidad social, integrando la extensi\u00f3n, la investigaci\u00f3n y la docencia.<\/p>\n<p>Vinculaci\u00f3n tecnol\u00f3gica, desde ese espacio &#8220;estamos cada vez m\u00e1s para escuchar demandas y generar respuesta para satisfacerlas\u201d, apunta el profesional, consciente de que la FIO es voz autorizada. \u201cSomos un punto de referencia. Tenemos laboratorio de Ingenier\u00eda Civil, de Electromec\u00e1nica, en Industrial y Qu\u00edmica. Cada uno con su \u00e1rea particular. Y desde el CDEI asistimos a los emprendedores\u201d con apoyo y asesoramiento, comenta Domato.<\/p>\n<p>Ahora, en medio de este ecosistema local y regional, cabe preguntarse c\u00f3mo se plantea este modelo de triple h\u00e9lice ideado por el f\u00edsico y tecn\u00f3logo Jorge S\u00e1bato. \u201cEs din\u00e1mico pero no es tan f\u00e1cil de mostrar. Cada uno tiene su propia idiosincrasia. El Estado ha participado m\u00e1s desde programas para fomentar la vinculaci\u00f3n tecnol\u00f3gica, a trav\u00e9s del CONICET, la Agencia Nacional de Promoci\u00f3n de la Investigaci\u00f3n y Desarrollo Tecnol\u00f3gico y la Innovaci\u00f3n o el Ministerio de Desarrollo Productivo\u201d, explica Joaqu\u00edn Domato.<\/p>\n<p>La capacitaci\u00f3n es una de las instancias clave a la hora de fortalecer el rol de facilitadores entre las demandas de innovaci\u00f3n tecnol\u00f3gica de los diversos sectores de la sociedad y los equipos de investigadores y profesionales dedicados a responder ante dichos requerimientos.<\/p>\n<p>\u201cHicimos un curso de vinculaci\u00f3n estrat\u00e9gica entre empresas y emprendimientos para el desarrollo de negocios innovadores, del Ministerio de Desarrollo Productivo de Naci\u00f3n para vincular con el sector industrial y ayudarlo a crecer en t\u00e9rminos de grandes empresas, pymes y emprendimientos, apuntalando el crecimiento de las cadenas de valor\u201d, grafica el responsable del CDEI.<\/p>\n<p><a href=\"https:\/\/experienciadevida.com.ar\/portalurbano\/vinculacion-tecnologica-la-fio-institucion-facilitadora-y-referente-en-toda-la-region\/vinculacion\/\" rel=\"attachment wp-att-168720\"><img decoding=\"async\" class=\"alignnone size-large wp-image-168720\" src=\"https:\/\/experienciadevida.com.ar\/portalurbano\/wp-content\/uploads\/2022\/06\/Vinculacion-1024x461.jpeg\" alt=\"Vinculaci\u00f3n \" width=\"900\" height=\"405\" srcset=\"https:\/\/experienciadevida.com.ar\/portalurbano\/wp-content\/uploads\/2022\/06\/Vinculacion-1024x461.jpeg 1024w, https:\/\/experienciadevida.com.ar\/portalurbano\/wp-content\/uploads\/2022\/06\/Vinculacion-300x135.jpeg 300w, https:\/\/experienciadevida.com.ar\/portalurbano\/wp-content\/uploads\/2022\/06\/Vinculacion-768x346.jpeg 768w, https:\/\/experienciadevida.com.ar\/portalurbano\/wp-content\/uploads\/2022\/06\/Vinculacion.jpeg 1280w\" sizes=\"(max-width: 900px) 100vw, 900px\" \/><\/a><\/p>\n<p>Vinculaci\u00f3n tecnol\u00f3gica, actualmente y a trav\u00e9s de la Universidad Polit\u00e9cnica de Valencia, realizan una capacitaci\u00f3n sobre la formulaci\u00f3n de retos de innovaci\u00f3n, con la intenci\u00f3n de profundizar sobre las debilidades observadas en los pa\u00edses de la regi\u00f3n para desarrollar pol\u00edticas efectivas de apoyo a la innovaci\u00f3n. \u201cEl objetivo es generar sinergia entre instituciones y organizaciones que son actores protagonistas de los respectivos sistemas de innovaci\u00f3n\u201d, indica Domato.<\/p>\n<p>Mientras tanto, \u201cseguimos en contacto con el Estado y con la industria pero en esa vinculaci\u00f3n la interrelaci\u00f3n es m\u00e1s bidireccional. Todos sabemos lo que hace el otro pero cuesta juntar las tres patas\u201d, admite el referente de la FIO que asumi\u00f3 la conducci\u00f3n del CDEI en 2021 pero trabaja en dicho centro desde hace siete a\u00f1os.<\/p>\n<h3>Amoldarse y actuar:<\/h3>\n<p>No hay futuro sin tecnolog\u00eda y, de hecho, cuando el mundo entr\u00f3 casi en pausa por la pandemia fue la tecnolog\u00eda la que aport\u00f3 soluciones y permiti\u00f3 sobrellevar la crisis sanitaria. En medio de ese escenario, la vinculaci\u00f3n entre la ciencia, la tecnolog\u00eda y los sectores productivos se constituy\u00f3 en uno de los procesos que m\u00e1s tuvo que acelerar el paso.<\/p>\n<p>\u201cHay pymes que empiezan a crecer luego de haber encontrado la necesidad de cambiar que trajo la pandemia. Ya no se puede seguir haciendo lo mismo. Tuvimos que modificar en 4 meses la forma de pensar, de producir. Hubo que generar otras estrategias y eso nos abri\u00f3 la cabeza para solucionar problemas no solo de la pandemia sino para pensar en qu\u00e9 otras cosas es necesario cambiar\u201d, reflexiona el Ing. Domato.<\/p>\n<p>Vinculaci\u00f3n tecnol\u00f3gica, el covid-19 puso en jaque al planeta entero pero, al mismo tiempo, eso oblig\u00f3 a las sociedades a resignificarse y a reinventarse. \u201cSiempre hablamos de las crisis como algo malo pero en realidad toda crisis encierra una oportunidad, nos ayuda a ver otras alternativas que no vemos por la vor\u00e1gine. Ese quiebre que caus\u00f3 la pandemia nos llev\u00f3 a pensar distinto\u201d, dice el responsable del CDEI.<\/p>\n<p>El mundo est\u00e1 en permanente cambio en cuanto a sus formas, modos y objetivos. \u201cLa industria 4.0, los Objetivos de Desarrollo Sostenible y la transici\u00f3n energ\u00e9tica empiezan a impactar en la industria, que tiene que acomodarse. Pero no la industria sola; el Estado y la Universidad tambi\u00e9n. Es necesario acomodar la vinculaci\u00f3n y el desarrollo a lo que se viene. Unificar esas tres patas para hacer vinculaci\u00f3n y transferencia en sentido pr\u00f3spero\u201d, remarca el profesional.<\/p>\n<p>Pone como ejemplo el Respirador Argentino de Crisis (RAC) desarrollado en la Facultad de Ingenier\u00eda de Olavarr\u00eda a la luz de la pandemia, que logr\u00f3 \u201cgenerar proyectos sat\u00e9lites y posibilidades de vernos como un lugar donde podemos solucionar ciertas demandas, en contacto con Veterinarias y Salud, siendo generadores de las soluciones a distintos tipos de vinculaci\u00f3n\u201d.<\/p>\n<p>\u00bfOtro ejemplo? La Realidad Virtual Inmersiva (RVI). Hay desarrollos realizados con empresas textiles y cer\u00e1micas de la zona, con aplicaci\u00f3n a procesos industriales, y tambi\u00e9n est\u00e1 el laboratorio de RVI impulsado por los docentes del Departamento de Ciencias B\u00e1sicas de la FIO. \u201cEso es interno pero puede salir al territorio y lo que pasa ac\u00e1 puede convertirse en vinculaci\u00f3n. \u00bfCu\u00e1ntas facultades tienen clases de f\u00edsica? \u00bfCu\u00e1nta potencialidad tiene la posibilidad de generar esos entornos virtuales?\u201d, expone con entusiasmo Domato.<\/p>\n<p>No son los \u00fanicos desarrollos dentro del campus universitario. \u201cEn estos a\u00f1os la FIO ha generado semillitas en diferentes \u00e1reas para proponer mejoras en lo que est\u00e1 pasando en el territorio. Son iniciativas interna f\u00e1cilmente transferibles\u201d, asegura con entusiasmo el Ing. Domato.<\/p>\n<p>Vinculaci\u00f3n tecnol\u00f3gica, un paso adelante:<\/p>\n<p>Una herramienta central ser\u00eda disponer de indicadores que ayuden a contextualizar. \u201cCon el CDEI, la Secretar\u00eda de Extensi\u00f3n, Vinculaci\u00f3n y Transferencia (Sevyt) y el <a href=\"https:\/\/www.facebook.com\/municipiodeolavarria\">Municipio<\/a> intentamos hacer un relevamiento industrial para saber qu\u00e9 demandas tienen las pymes, los emprendedores, las empresas y as\u00ed proponer soluciones. Ese deber\u00eda ser el camino. Lo tenemos en agenda\u201d, comenta el Ing. Domato.<\/p>\n<p>No es sencillo. Hubo algunos intentos pero con relativa participaci\u00f3n. \u201cHay un proyecto similar con la Universidad y un proyecto de Ingenier\u00eda Industrial para obtener indicadores y generar propuestas. Con el cambio de plan de estudios ser\u00eda bueno incluirlos\u201d, reflexiona el ingeniero.<\/p>\n<p>Lo cierto es que hay un antes y un despu\u00e9s a partir del COVID-19. \u201cUna cosa fue hasta 2019 y otra despu\u00e9s de la pandemia. Hay que estar en sinton\u00eda con las tendencias en el mundo y el pa\u00eds\u201d, asume el profesional convencido de que hay que agendar los imperativos del presente.<\/p>\n<p>\u201cEs necesario que las pymes respeten los ODS, m\u00e1s all\u00e1 de lo que pase en Olavarr\u00eda. Si se tienen que producir y comercializar veh\u00edculos el\u00e9ctricos dejando atr\u00e1s los combustibles f\u00f3siles, en la industria de cualquier lugar va a tener que adaptarse y deben generarse nuevos desarrollos. Desde Electromovilidad en la FIO se vienen haciendo proyectos y podemos hacer muchas cosas\u201d, grafica el director del CDEI.<\/p>\n<p>Otra punta de lanza gira en torno de \u201cla Industria 4.0 y hay mucha gente id\u00f3nea de la FIO que est\u00e1 trabajando en eso. Eso es el futuro en el corto plazo y eso exige la interacci\u00f3n entre las tres patas que conforman el Tri\u00e1ngulo de S\u00e1bato. Van a surgir nuevas demandas y tenemos que estar adelantados. Responder antes. Creo que ese es el escenario ideal\u201d, concluye el profesional, consciente de que la FIO mantendr\u00e1 intacto su rol protag\u00f3nico.<\/p>\n","protected":false},"excerpt":{"rendered":"<p>Vinculaci\u00f3n tecnol\u00f3gica: la FIO, instituci\u00f3n facilitadora y referente en toda la regi\u00f3n, la pandemia fue&#8230;<\/p>\n","protected":false},"author":1,"featured_media":168719,"comment_status":"closed","ping_status":"closed","sticky":false,"template":"","format":"standard","meta":{"content-type":""},"categories":[31],"tags":[],"nelio_content":{"isAutoShareEnabled":false,"autoShareEndMode":"default","automationSources":{"useContentSentences":true,"useSocialTemplates":true,"useCustomSentences":false,"customSentences":[]},"followers":[1],"suggestedReferences":[],"includedReferences":[],"efiUrl":"","efiAlt":"","highlights":[]},"yoast_head":"<!-- This site is optimized with the Yoast SEO plugin v20.7 - https:\/\/yoast.com\/wordpress\/plugins\/seo\/ -->\n<title>Vinculaci\u00f3n tecnol\u00f3gica: la FIO instituci\u00f3n facilitadora y referente<\/title>\n<meta name=\"description\" content=\"Vinculaci\u00f3n tecnol\u00f3gica: la FIO, instituci\u00f3n facilitadora y referente en toda la regi\u00f3n, la pandemia fue una oportunidad\" \/>\n<meta name=\"robots\" content=\"index, follow, max-snippet:-1, max-image-preview:large, max-video-preview:-1\" \/>\n<link rel=\"canonical\" href=\"https:\/\/experienciadevida.com.ar\/portalurbano\/vinculacion-tecnologica-la-fio-institucion-facilitadora-y-referente-en-toda-la-region\/\" \/>\n<meta property=\"og:locale\" content=\"es_ES\" \/>\n<meta property=\"og:type\" content=\"article\" \/>\n<meta property=\"og:title\" content=\"Vinculaci\u00f3n tecnol\u00f3gica: la FIO instituci\u00f3n facilitadora y referente\" \/>\n<meta property=\"og:description\" content=\"Vinculaci\u00f3n tecnol\u00f3gica: la FIO, instituci\u00f3n facilitadora y referente en toda la regi\u00f3n, la pandemia fue una oportunidad\" \/>\n<meta property=\"og:url\" content=\"https:\/\/experienciadevida.com.ar\/portalurbano\/vinculacion-tecnologica-la-fio-institucion-facilitadora-y-referente-en-toda-la-region\/\" \/>\n<meta property=\"article:publisher\" content=\"https:\/\/www.facebook.com\/Portal-Urbano-171542830093757\/\" \/>\n<meta property=\"article:published_time\" content=\"2022-06-01T19:22:48+00:00\" \/>\n<meta property=\"article:modified_time\" content=\"2022-06-01T19:23:15+00:00\" \/>\n<meta property=\"og:image\" content=\"https:\/\/experienciadevida.com.ar\/portalurbano\/wp-content\/uploads\/2022\/06\/Vinculacion-tecnologica.jpeg\" \/>\n\t<meta property=\"og:image:width\" content=\"1280\" \/>\n\t<meta property=\"og:image:height\" content=\"576\" \/>\n\t<meta property=\"og:image:type\" content=\"image\/jpeg\" \/>\n<meta name=\"author\" content=\"admpu17wp\" \/>\n<meta name=\"twitter:card\" content=\"summary_large_image\" \/>\n<meta name=\"twitter:creator\" content=\"@portalurbanook\" \/>\n<meta name=\"twitter:site\" content=\"@portalurbanook\" \/>\n<meta name=\"twitter:label1\" content=\"Escrito por\" \/>\n\t<meta name=\"twitter:data1\" content=\"admpu17wp\" \/>\n\t<meta name=\"twitter:label2\" content=\"Tiempo de lectura\" \/>\n\t<meta name=\"twitter:data2\" content=\"8 minutos\" \/>\n<script type=\"application\/ld+json\" class=\"yoast-schema-graph\">{\"@context\":\"https:\/\/schema.org\",\"@graph\":[{\"@type\":\"Article\",\"@id\":\"https:\/\/experienciadevida.com.ar\/portalurbano\/vinculacion-tecnologica-la-fio-institucion-facilitadora-y-referente-en-toda-la-region\/#article\",\"isPartOf\":{\"@id\":\"https:\/\/experienciadevida.com.ar\/portalurbano\/vinculacion-tecnologica-la-fio-institucion-facilitadora-y-referente-en-toda-la-region\/\"},\"author\":{\"name\":\"admpu17wp\",\"@id\":\"https:\/\/experienciadevida.com.ar\/portalurbano\/#\/schema\/person\/02dd326b1c4b056e9cc972486934a3a7\"},\"headline\":\"Vinculaci\u00f3n tecnol\u00f3gica: la FIO, instituci\u00f3n facilitadora y referente en toda la regi\u00f3n\",\"datePublished\":\"2022-06-01T19:22:48+00:00\",\"dateModified\":\"2022-06-01T19:23:15+00:00\",\"mainEntityOfPage\":{\"@id\":\"https:\/\/experienciadevida.com.ar\/portalurbano\/vinculacion-tecnologica-la-fio-institucion-facilitadora-y-referente-en-toda-la-region\/\"},\"wordCount\":1661,\"publisher\":{\"@id\":\"https:\/\/experienciadevida.com.ar\/portalurbano\/#organization\"},\"articleSection\":[\"Educaci\u00f3n\"],\"inLanguage\":\"es\"},{\"@type\":\"WebPage\",\"@id\":\"https:\/\/experienciadevida.com.ar\/portalurbano\/vinculacion-tecnologica-la-fio-institucion-facilitadora-y-referente-en-toda-la-region\/\",\"url\":\"https:\/\/experienciadevida.com.ar\/portalurbano\/vinculacion-tecnologica-la-fio-institucion-facilitadora-y-referente-en-toda-la-region\/\",\"name\":\"Vinculaci\u00f3n tecnol\u00f3gica: la FIO instituci\u00f3n facilitadora y referente\",\"isPartOf\":{\"@id\":\"https:\/\/experienciadevida.com.ar\/portalurbano\/#website\"},\"datePublished\":\"2022-06-01T19:22:48+00:00\",\"dateModified\":\"2022-06-01T19:23:15+00:00\",\"description\":\"Vinculaci\u00f3n tecnol\u00f3gica: la FIO, instituci\u00f3n facilitadora y referente en toda la regi\u00f3n, la pandemia fue una oportunidad\",\"breadcrumb\":{\"@id\":\"https:\/\/experienciadevida.com.ar\/portalurbano\/vinculacion-tecnologica-la-fio-institucion-facilitadora-y-referente-en-toda-la-region\/#breadcrumb\"},\"inLanguage\":\"es\",\"potentialAction\":[{\"@type\":\"ReadAction\",\"target\":[\"https:\/\/experienciadevida.com.ar\/portalurbano\/vinculacion-tecnologica-la-fio-institucion-facilitadora-y-referente-en-toda-la-region\/\"]}]},{\"@type\":\"BreadcrumbList\",\"@id\":\"https:\/\/experienciadevida.com.ar\/portalurbano\/vinculacion-tecnologica-la-fio-institucion-facilitadora-y-referente-en-toda-la-region\/#breadcrumb\",\"itemListElement\":[{\"@type\":\"ListItem\",\"position\":1,\"name\":\"Portada\",\"item\":\"https:\/\/experienciadevida.com.ar\/portalurbano\/\"},{\"@type\":\"ListItem\",\"position\":2,\"name\":\"Vinculaci\u00f3n tecnol\u00f3gica: la FIO, instituci\u00f3n facilitadora y referente en toda la regi\u00f3n\"}]},{\"@type\":\"WebSite\",\"@id\":\"https:\/\/experienciadevida.com.ar\/portalurbano\/#website\",\"url\":\"https:\/\/experienciadevida.com.ar\/portalurbano\/\",\"name\":\"\",\"description\":\"\",\"publisher\":{\"@id\":\"https:\/\/experienciadevida.com.ar\/portalurbano\/#organization\"},\"potentialAction\":[{\"@type\":\"SearchAction\",\"target\":{\"@type\":\"EntryPoint\",\"urlTemplate\":\"https:\/\/experienciadevida.com.ar\/portalurbano\/?s={search_term_string}\"},\"query-input\":\"required name=search_term_string\"}],\"inLanguage\":\"es\"},{\"@type\":\"Organization\",\"@id\":\"https:\/\/experienciadevida.com.ar\/portalurbano\/#organization\",\"name\":\"Portal Urbano\",\"url\":\"https:\/\/experienciadevida.com.ar\/portalurbano\/\",\"logo\":{\"@type\":\"ImageObject\",\"inLanguage\":\"es\",\"@id\":\"https:\/\/experienciadevida.com.ar\/portalurbano\/#\/schema\/logo\/image\/\",\"url\":\"https:\/\/experienciadevida.com.ar\/portalurbano\/wp-content\/uploads\/2019\/09\/Logo-Original.png\",\"contentUrl\":\"https:\/\/experienciadevida.com.ar\/portalurbano\/wp-content\/uploads\/2019\/09\/Logo-Original.png\",\"width\":2236,\"height\":1216,\"caption\":\"Portal Urbano\"},\"image\":{\"@id\":\"https:\/\/experienciadevida.com.ar\/portalurbano\/#\/schema\/logo\/image\/\"},\"sameAs\":[\"https:\/\/www.facebook.com\/Portal-Urbano-171542830093757\/\",\"https:\/\/twitter.com\/portalurbanook\",\"https:\/\/www.instagram.com\/_portalurbano\/\",\"https:\/\/www.youtube.com\/channel\/UCXhagIfszH8KxFiOok79zbA?view_as=subscriber\"]},{\"@type\":\"Person\",\"@id\":\"https:\/\/experienciadevida.com.ar\/portalurbano\/#\/schema\/person\/02dd326b1c4b056e9cc972486934a3a7\",\"name\":\"admpu17wp\",\"image\":{\"@type\":\"ImageObject\",\"inLanguage\":\"es\",\"@id\":\"https:\/\/experienciadevida.com.ar\/portalurbano\/#\/schema\/person\/image\/\",\"url\":\"https:\/\/secure.gravatar.com\/avatar\/830d4c57adaae6630765e449a6908047?s=96&d=mm&r=g\",\"contentUrl\":\"https:\/\/secure.gravatar.com\/avatar\/830d4c57adaae6630765e449a6908047?s=96&d=mm&r=g\",\"caption\":\"admpu17wp\"}}]}<\/script>\n<!-- \/ Yoast SEO plugin. -->","yoast_head_json":{"title":"Vinculaci\u00f3n tecnol\u00f3gica: la FIO instituci\u00f3n facilitadora y referente","description":"Vinculaci\u00f3n tecnol\u00f3gica: la FIO, instituci\u00f3n facilitadora y referente en toda la regi\u00f3n, la pandemia fue una oportunidad","robots":{"index":"index","follow":"follow","max-snippet":"max-snippet:-1","max-image-preview":"max-image-preview:large","max-video-preview":"max-video-preview:-1"},"canonical":"https:\/\/experienciadevida.com.ar\/portalurbano\/vinculacion-tecnologica-la-fio-institucion-facilitadora-y-referente-en-toda-la-region\/","og_locale":"es_ES","og_type":"article","og_title":"Vinculaci\u00f3n tecnol\u00f3gica: la FIO instituci\u00f3n facilitadora y referente","og_description":"Vinculaci\u00f3n tecnol\u00f3gica: la FIO, instituci\u00f3n facilitadora y referente en toda la regi\u00f3n, la pandemia fue una oportunidad","og_url":"https:\/\/experienciadevida.com.ar\/portalurbano\/vinculacion-tecnologica-la-fio-institucion-facilitadora-y-referente-en-toda-la-region\/","article_publisher":"https:\/\/www.facebook.com\/Portal-Urbano-171542830093757\/","article_published_time":"2022-06-01T19:22:48+00:00","article_modified_time":"2022-06-01T19:23:15+00:00","og_image":[{"width":1280,"height":576,"url":"https:\/\/experienciadevida.com.ar\/portalurbano\/wp-content\/uploads\/2022\/06\/Vinculacion-tecnologica.jpeg","type":"image\/jpeg"}],"author":"admpu17wp","twitter_card":"summary_large_image","twitter_creator":"@portalurbanook","twitter_site":"@portalurbanook","twitter_misc":{"Escrito por":"admpu17wp","Tiempo de lectura":"8 minutos"},"schema":{"@context":"https:\/\/schema.org","@graph":[{"@type":"Article","@id":"https:\/\/experienciadevida.com.ar\/portalurbano\/vinculacion-tecnologica-la-fio-institucion-facilitadora-y-referente-en-toda-la-region\/#article","isPartOf":{"@id":"https:\/\/experienciadevida.com.ar\/portalurbano\/vinculacion-tecnologica-la-fio-institucion-facilitadora-y-referente-en-toda-la-region\/"},"author":{"name":"admpu17wp","@id":"https:\/\/experienciadevida.com.ar\/portalurbano\/#\/schema\/person\/02dd326b1c4b056e9cc972486934a3a7"},"headline":"Vinculaci\u00f3n tecnol\u00f3gica: la FIO, instituci\u00f3n facilitadora y referente en toda la regi\u00f3n","datePublished":"2022-06-01T19:22:48+00:00","dateModified":"2022-06-01T19:23:15+00:00","mainEntityOfPage":{"@id":"https:\/\/experienciadevida.com.ar\/portalurbano\/vinculacion-tecnologica-la-fio-institucion-facilitadora-y-referente-en-toda-la-region\/"},"wordCount":1661,"publisher":{"@id":"https:\/\/experienciadevida.com.ar\/portalurbano\/#organization"},"articleSection":["Educaci\u00f3n"],"inLanguage":"es"},{"@type":"WebPage","@id":"https:\/\/experienciadevida.com.ar\/portalurbano\/vinculacion-tecnologica-la-fio-institucion-facilitadora-y-referente-en-toda-la-region\/","url":"https:\/\/experienciadevida.com.ar\/portalurbano\/vinculacion-tecnologica-la-fio-institucion-facilitadora-y-referente-en-toda-la-region\/","name":"Vinculaci\u00f3n tecnol\u00f3gica: la FIO instituci\u00f3n facilitadora y referente","isPartOf":{"@id":"https:\/\/experienciadevida.com.ar\/portalurbano\/#website"},"datePublished":"2022-06-01T19:22:48+00:00","dateModified":"2022-06-01T19:23:15+00:00","description":"Vinculaci\u00f3n tecnol\u00f3gica: la FIO, instituci\u00f3n facilitadora y referente en toda la regi\u00f3n, la pandemia fue una oportunidad","breadcrumb":{"@id":"https:\/\/experienciadevida.com.ar\/portalurbano\/vinculacion-tecnologica-la-fio-institucion-facilitadora-y-referente-en-toda-la-region\/#breadcrumb"},"inLanguage":"es","potentialAction":[{"@type":"ReadAction","target":["https:\/\/experienciadevida.com.ar\/portalurbano\/vinculacion-tecnologica-la-fio-institucion-facilitadora-y-referente-en-toda-la-region\/"]}]},{"@type":"BreadcrumbList","@id":"https:\/\/experienciadevida.com.ar\/portalurbano\/vinculacion-tecnologica-la-fio-institucion-facilitadora-y-referente-en-toda-la-region\/#breadcrumb","itemListElement":[{"@type":"ListItem","position":1,"name":"Portada","item":"https:\/\/experienciadevida.com.ar\/portalurbano\/"},{"@type":"ListItem","position":2,"name":"Vinculaci\u00f3n tecnol\u00f3gica: la FIO, instituci\u00f3n facilitadora y referente en toda la regi\u00f3n"}]},{"@type":"WebSite","@id":"https:\/\/experienciadevida.com.ar\/portalurbano\/#website","url":"https:\/\/experienciadevida.com.ar\/portalurbano\/","name":"","description":"","publisher":{"@id":"https:\/\/experienciadevida.com.ar\/portalurbano\/#organization"},"potentialAction":[{"@type":"SearchAction","target":{"@type":"EntryPoint","urlTemplate":"https:\/\/experienciadevida.com.ar\/portalurbano\/?s={search_term_string}"},"query-input":"required name=search_term_string"}],"inLanguage":"es"},{"@type":"Organization","@id":"https:\/\/experienciadevida.com.ar\/portalurbano\/#organization","name":"Portal Urbano","url":"https:\/\/experienciadevida.com.ar\/portalurbano\/","logo":{"@type":"ImageObject","inLanguage":"es","@id":"https:\/\/experienciadevida.com.ar\/portalurbano\/#\/schema\/logo\/image\/","url":"https:\/\/experienciadevida.com.ar\/portalurbano\/wp-content\/uploads\/2019\/09\/Logo-Original.png","contentUrl":"https:\/\/experienciadevida.com.ar\/portalurbano\/wp-content\/uploads\/2019\/09\/Logo-Original.png","width":2236,"height":1216,"caption":"Portal Urbano"},"image":{"@id":"https:\/\/experienciadevida.com.ar\/portalurbano\/#\/schema\/logo\/image\/"},"sameAs":["https:\/\/www.facebook.com\/Portal-Urbano-171542830093757\/","https:\/\/twitter.com\/portalurbanook","https:\/\/www.instagram.com\/_portalurbano\/","https:\/\/www.youtube.com\/channel\/UCXhagIfszH8KxFiOok79zbA?view_as=subscriber"]},{"@type":"Person","@id":"https:\/\/experienciadevida.com.ar\/portalurbano\/#\/schema\/person\/02dd326b1c4b056e9cc972486934a3a7","name":"admpu17wp","image":{"@type":"ImageObject","inLanguage":"es","@id":"https:\/\/experienciadevida.com.ar\/portalurbano\/#\/schema\/person\/image\/","url":"https:\/\/secure.gravatar.com\/avatar\/830d4c57adaae6630765e449a6908047?s=96&d=mm&r=g","contentUrl":"https:\/\/secure.gravatar.com\/avatar\/830d4c57adaae6630765e449a6908047?s=96&d=mm&r=g","caption":"admpu17wp"}}]}},"featured_image_urls":{"full":["https:\/\/experienciadevida.com.ar\/portalurbano\/wp-content\/uploads\/2022\/06\/Vinculacion-tecnologica.jpeg",1280,576,false],"thumbnail":["https:\/\/experienciadevida.com.ar\/portalurbano\/wp-content\/uploads\/2022\/06\/Vinculacion-tecnologica-150x150.jpeg",150,150,true],"medium":["https:\/\/experienciadevida.com.ar\/portalurbano\/wp-content\/uploads\/2022\/06\/Vinculacion-tecnologica-300x135.jpeg",300,135,true],"medium_large":["https:\/\/experienciadevida.com.ar\/portalurbano\/wp-content\/uploads\/2022\/06\/Vinculacion-tecnologica-768x346.jpeg",640,288,true],"large":["https:\/\/experienciadevida.com.ar\/portalurbano\/wp-content\/uploads\/2022\/06\/Vinculacion-tecnologica-1024x461.jpeg",640,288,true],"ug_big":["https:\/\/experienciadevida.com.ar\/portalurbano\/wp-content\/uploads\/2022\/06\/Vinculacion-tecnologica-768x346.jpeg",768,346,true],"1536x1536":["https:\/\/experienciadevida.com.ar\/portalurbano\/wp-content\/uploads\/2022\/06\/Vinculacion-tecnologica.jpeg",1280,576,false],"2048x2048":["https:\/\/experienciadevida.com.ar\/portalurbano\/wp-content\/uploads\/2022\/06\/Vinculacion-tecnologica.jpeg",1280,576,false],"newsever-slider-full":["https:\/\/experienciadevida.com.ar\/portalurbano\/wp-content\/uploads\/2022\/06\/Vinculacion-tecnologica.jpeg",1280,576,false],"newsever-featured":["https:\/\/experienciadevida.com.ar\/portalurbano\/wp-content\/uploads\/2022\/06\/Vinculacion-tecnologica.jpeg",1024,461,false],"newsever-medium":["https:\/\/experienciadevida.com.ar\/portalurbano\/wp-content\/uploads\/2022\/06\/Vinculacion-tecnologica.jpeg",720,324,false],"web-stories-poster-portrait":["https:\/\/experienciadevida.com.ar\/portalurbano\/wp-content\/uploads\/2022\/06\/Vinculacion-tecnologica.jpeg",640,288,false],"web-stories-publisher-logo":["https:\/\/experienciadevida.com.ar\/portalurbano\/wp-content\/uploads\/2022\/06\/Vinculacion-tecnologica.jpeg",96,43,false],"web-stories-thumbnail":["https:\/\/experienciadevida.com.ar\/portalurbano\/wp-content\/uploads\/2022\/06\/Vinculacion-tecnologica.jpeg",150,68,false]},"author_info":{"display_name":"admpu17wp","author_link":"https:\/\/experienciadevida.com.ar\/portalurbano\/author\/admpu17wp\/"},"category_info":"<a href=\"https:\/\/experienciadevida.com.ar\/portalurbano\/category\/ciudad\/educacion\/\" rel=\"category tag\">Educaci\u00f3n<\/a>","tag_info":"Educaci\u00f3n","comment_count":"0","amp_enabled":true,"_links":{"self":[{"href":"https:\/\/experienciadevida.com.ar\/portalurbano\/wp-json\/wp\/v2\/posts\/168718"}],"collection":[{"href":"https:\/\/experienciadevida.com.ar\/portalurbano\/wp-json\/wp\/v2\/posts"}],"about":[{"href":"https:\/\/experienciadevida.com.ar\/portalurbano\/wp-json\/wp\/v2\/types\/post"}],"author":[{"embeddable":true,"href":"https:\/\/experienciadevida.com.ar\/portalurbano\/wp-json\/wp\/v2\/users\/1"}],"replies":[{"embeddable":true,"href":"https:\/\/experienciadevida.com.ar\/portalurbano\/wp-json\/wp\/v2\/comments?post=168718"}],"version-history":[{"count":3,"href":"https:\/\/experienciadevida.com.ar\/portalurbano\/wp-json\/wp\/v2\/posts\/168718\/revisions"}],"predecessor-version":[{"id":168723,"href":"https:\/\/experienciadevida.com.ar\/portalurbano\/wp-json\/wp\/v2\/posts\/168718\/revisions\/168723"}],"wp:featuredmedia":[{"embeddable":true,"href":"https:\/\/experienciadevida.com.ar\/portalurbano\/wp-json\/wp\/v2\/media\/168719"}],"wp:attachment":[{"href":"https:\/\/experienciadevida.com.ar\/portalurbano\/wp-json\/wp\/v2\/media?parent=168718"}],"wp:term":[{"taxonomy":"category","embeddable":true,"href":"https:\/\/experienciadevida.com.ar\/portalurbano\/wp-json\/wp\/v2\/categories?post=168718"},{"taxonomy":"post_tag","embeddable":true,"href":"https:\/\/experienciadevida.com.ar\/portalurbano\/wp-json\/wp\/v2\/tags?post=168718"}],"curies":[{"name":"wp","href":"https:\/\/api.w.org\/{rel}","templated":true}]}}