{"id":168704,"date":"2022-06-01T13:32:49","date_gmt":"2022-06-01T16:32:49","guid":{"rendered":"https:\/\/experienciadevida.com.ar\/portalurbano\/?p=168704"},"modified":"2022-06-01T13:33:15","modified_gmt":"2022-06-01T16:33:15","slug":"igualdad-de-genero-la-fio-busca-pasar-de-la-accion-puntual-a-las-buenas-practicas-en-aulas-y-talleres","status":"publish","type":"post","link":"https:\/\/experienciadevida.com.ar\/portalurbano\/igualdad-de-genero-la-fio-busca-pasar-de-la-accion-puntual-a-las-buenas-practicas-en-aulas-y-talleres\/","title":{"rendered":"Igualdad de g\u00e9nero: la FIO busca pasar de la acci\u00f3n puntual a las Buenas Pr\u00e1cticas en aulas y talleres"},"content":{"rendered":"<p>Igualdad de g\u00e9nero: la <a href=\"https:\/\/www.facebook.com\/FIO.UNICEN\">FIO<\/a> busca pasar de la acci\u00f3n puntual a las Buenas Pr\u00e1cticas en aulas y talleres, junto con el Consejo Federal de Decanos de Ingenier\u00eda y la C\u00e1tedra Abierta Latinoamericana \u201cMujeres en Ingenier\u00eda\u201d, la instituci\u00f3n se propone empoderar a las mujeres y romper con los prejuicios, por un mundo m\u00e1s igualitario. Con mirada transversal y trabajo en red. En la docencia, formaci\u00f3n e investigaci\u00f3n pero tambi\u00e9n desde la gesti\u00f3n, organizaci\u00f3n y representaci\u00f3n pol\u00edtica.<\/p>\n<p>\u201cHay que generar Buenas Pr\u00e1cticas en cada actividad que se realice en la facultad, entendiendo por buena pr\u00e1ctica aquella que es innovadora, sostenible, eficaz y replicable. Pero adem\u00e1s debemos establecer alianzas para trabajar y potenciar las fortalezas. Es el \u00fanico camino\u201d, plantea con convicci\u00f3n la Mg. Ing. Mar\u00eda Peralta, decana de la Facultad de Ingenier\u00eda y presidenta de la Comisi\u00f3n de Mujeres, G\u00e9nero y Diversidad del Consejo Federal de Decanos de Ingenier\u00eda de la Rep\u00fablica Argentina (CONFEDI). Lo dice frente a la desigualdad de g\u00e9nero, haciendo hincapi\u00e9 en Ingenier\u00eda, donde los datos evidencian que se est\u00e1 lejos de la equidad de g\u00e9nero y es necesario el trabajo colectivo para lograr mayor presencia de mujeres en el pa\u00eds.<\/p>\n<p>Sin estar ajena a ese contexto, en la FIO hay intentos sostenidos por promover la perspectiva de g\u00e9nero en la docencia, extensi\u00f3n e investigaci\u00f3n, as\u00ed como en la gesti\u00f3n, organizaci\u00f3n y representaci\u00f3n pol\u00edtica desde 2013.<\/p>\n<p>Hoy el desaf\u00edo es superar la instancia de la acci\u00f3n para asumir buenas pr\u00e1cticas y as\u00ed cumplir con los Objetivos de Desarrollo Sostenible (ODS) de la ONU poniendo \u201cfin a todas las formas de discriminaci\u00f3n contra las mujeres y ni\u00f1as\u201d dado que \u201cno es s\u00f3lo un derecho humano b\u00e1sico, sino que adem\u00e1s es crucial para el desarrollo sostenible. Se ha demostrado una y otra vez que empoderar a las mujeres y ni\u00f1as tiene un efecto multiplicador y ayuda a promover el crecimiento econ\u00f3mico y el desarrollo a nivel mundial\u201d.<\/p>\n<p>A siete a\u00f1os de la conformaci\u00f3n del movimiento \u201cNi una menos\u201d, un colectivo que promueve tanto la protecci\u00f3n como la organizaci\u00f3n entre mujeres en contra de la violencia y a favor de la igualdad de g\u00e9nero, desde la FIO se propician diferentes l\u00edneas de trabajo con iniciativas que intentan empoderar a las mujeres, romper con prejuicios y vivir en un mundo menos desigual.<\/p>\n<h3>Mejorar los indicadores<\/h3>\n<p>Igualdad de g\u00e9nero, la Unesco plantea que las buenas pr\u00e1cticas en el \u00e1mbito social se caracterizan por la innovaci\u00f3n, la eficacia, la sostenibilidad y la transferibilidad. Desde la actual gesti\u00f3n de la FIO se alientan diferentes pol\u00edticas para adquirir habilidades en Ciencias, Tecnolog\u00eda, Ingenier\u00eda y Matem\u00e1tica (STEM, por su sigla en ingl\u00e9s) y derribar estereotipos.<\/p>\n<p>En decir que cada programa debe incluir la perspectiva de g\u00e9nero e incluso debe incorporarse en los planes de estudio, con capacitaci\u00f3n adecuada. Tambi\u00e9n se contemplan acciones de comunicaci\u00f3n, visibilidad y sensibilizaci\u00f3n por la igualdad en el acceso y promoci\u00f3n del trabajo y el estudio.<\/p>\n<p>Asimismo, se insta a que haya m\u00e1s mujeres en posiciones de liderazgo y eso inspire a ni\u00f1as y j\u00f3venes en estas disciplinas. De hecho, de los 118 decanatos de facultades de ingenier\u00eda miembros de CONFEDI del pa\u00eds, solo 18 son mujeres y una de ellas conduce la FIO, por lo que resulta determinante mejorar dichos indicadores. Una diferencia que tambi\u00e9n es evidente en el ingreso y permanencia de estudiantes: 20 mujeres\/80 de varones en la media del pa\u00eds y levemente mejor en Olavarr\u00eda con 35 a 65.<\/p>\n<h3>Programa de G\u00e9nero y Protocolo<\/h3>\n<p>Igualdad de g\u00e9nero, la Ingenier\u00eda es motor de la econom\u00eda y las estad\u00edsticas muestran que Argentina necesita m\u00e1s profesionales en esta disciplina lo que obliga a mejorar los indicadores de ingreso, permanencia, graduaci\u00f3n e inserci\u00f3n profesional.<\/p>\n<p>En los \u00faltimos a\u00f1os, los an\u00e1lisis estad\u00edsticos sobre la inscripci\u00f3n y titulaciones en ingenier\u00eda se realizan con perspectiva de g\u00e9nero y permiten visibilizar un leve incremento femenino en la matr\u00edcula aunque sigue siendo bajo. Como correlato, las mujeres tienen menos posibilidades de desempe\u00f1o profesional y acad\u00e9mico respecto de los hombres: s\u00f3lo un 10% de ingenieras forman parte de las Matr\u00edculas de las Asociaciones Profesionales de Ingenier\u00eda en Argentina.<\/p>\n<p>\u00bfQu\u00e9 pesa en estas desigualdades? Los viejos paradigmas respecto de que la Ingenier\u00eda es una profesi\u00f3n de hombres y la escasa informaci\u00f3n e incentivo en educaci\u00f3n b\u00e1sica y media para romper con dichos preceptos. Habr\u00eda que generar inter\u00e9s con incentivos y programas puntuales relacionados con las STEM.<\/p>\n<p>En este proceso es clave disponer de informaci\u00f3n y estad\u00edsticas desagregadas por g\u00e9nero en cuanto a la inserci\u00f3n econ\u00f3mica de la mujer para definir pol\u00edticas puntuales que ayuden a combatir la brecha de g\u00e9nero.<\/p>\n<p>Mientras tanto, desde la UNICEN hay iniciativas que buscan facilitar la trayectoria de mujeres en estos \u00e1mbitos y conciliar la vida laboral y familiar como, por ejemplo, disponer de guarder\u00eda, comedor, tutor\u00edas, asistencia psicol\u00f3gica y pedag\u00f3gica, becas y orientaci\u00f3n vocacional.<\/p>\n<p>Asimismo, en 2016 el Consejo Superior de la UNICEN aprob\u00f3 un Protocolo de Actuaci\u00f3n frente a situaciones de Violencia y Discriminaci\u00f3n por cuestiones de G\u00e9nero y a partir de all\u00ed se gener\u00f3 un Programa de G\u00e9nero institucional dentro de la universidad del que forma parte la FIO.<\/p>\n<h3>De Matilda a MIFIO<\/h3>\n<p>En 2018, el CONFEDI lanz\u00f3 un programa para difundir una nueva mirada sobre las distintas posibilidades profesionales que brinda la ingenier\u00eda, fomentando el ingreso y permanencia de las mujeres en las distintas carreras. En ese contexto, se constituy\u00f3 la Comisi\u00f3n Ad hoc Mujeres Ingenieras que a fines de 2021 pas\u00f3 a ser \u201cComisi\u00f3n Ad hoc Mujeres, G\u00e9nero y Diversidad\u201d.<\/p>\n<p>Igualdad de g\u00e9nero, en 2020 CONFEDI, la Asociaci\u00f3n Colombiana de Facultades de Ingenier\u00eda (ACCOFI) y el Consorcio Latinoamericano de Carreras de Ense\u00f1anza de Ense\u00f1anza de Ingenier\u00eda (LACCEI) crearon la C\u00e1tedra Abierta Latinoamericana \u201cMatilda y las Mujeres en Ingenier\u00eda\u201d, que tambi\u00e9n integran docentes de la FIO. Las alianzas generadas apuntan a potenciar el trabajo en pos de los objetivos relacionados con mejorar indicadores en las carreras STEM y particularmente en ingenier\u00eda.<\/p>\n<p>A nivel local, en 2022 la FIO cre\u00f3 el grupo \u201cMIFIO\u201d (Mujeres en Ingenier\u00eda de la FIO) con el objetivo de nuclear acciones y continuar trabajando para propiciar las Buenas Pr\u00e1cticas con perspectiva de g\u00e9nero en la facultad.<\/p>\n<p>Son antecedentes que motivan a trabajar en objetivos comunes para promover la igualdad de derechos y oportunidades laborales en las carreras de Ingenier\u00eda, independientemente del g\u00e9nero. Eso permite visibilizar a las ingenieras que logran compatibilizar su rol en la familia, en la profesi\u00f3n y en la sociedad. Se fortalece la imagen de la Mujer Ingeniera con modelos inspiradores para ni\u00f1as y j\u00f3venes, futuras generaciones de profesionales, contribuyendo con los ODS de la ONU.<\/p>\n<p>La brecha de g\u00e9nero en STEM es una realidad que en la \u00faltima d\u00e9cada se ha visibilizado. Las instituciones involucradas con las carreras en STEM abordan el tema con firmeza pero este proceso ser\u00e1 m\u00e1s exitoso si lo potenciamos mediante un accionar conjunto de las instituciones, como lo impulsa la Facultad de Ingenier\u00eda, CONFEDI y la C\u00e1tedra Abierta Latinoamericana \u201cMatilda y las Mujeres en Ingenier\u00eda\u201d.<\/p>\n<p>Desde la FIO se mantiene la mirada puesta en la igualdad de g\u00e9nero, con la firme decisi\u00f3n de pasar de la acci\u00f3n puntual a las Buenas Pr\u00e1cticas en aulas, pasillos y talleres.<\/p>\n","protected":false},"excerpt":{"rendered":"<p>Igualdad de g\u00e9nero: la FIO busca pasar de la acci\u00f3n puntual a las Buenas Pr\u00e1cticas&#8230;<\/p>\n","protected":false},"author":1,"featured_media":168705,"comment_status":"closed","ping_status":"closed","sticky":false,"template":"","format":"standard","meta":{"content-type":""},"categories":[31],"tags":[],"nelio_content":{"isAutoShareEnabled":false,"autoShareEndMode":"default","automationSources":{"useContentSentences":true,"useSocialTemplates":true,"useCustomSentences":false,"customSentences":[]},"followers":[1],"suggestedReferences":[],"includedReferences":[],"efiUrl":"","efiAlt":"","highlights":[]},"yoast_head":"<!-- This site is optimized with the Yoast SEO plugin v20.7 - https:\/\/yoast.com\/wordpress\/plugins\/seo\/ -->\n<title>Igualdad de g\u00e9nero: la fio busca pasar de la acci\u00f3n puntual<\/title>\n<meta name=\"description\" content=\"Igualdad de g\u00e9nero: la FIO busca pasar de la acci\u00f3n puntual a las Buenas Pr\u00e1cticas en aulas y talleres, junto con el Consejo Federal\" \/>\n<meta name=\"robots\" content=\"index, follow, max-snippet:-1, max-image-preview:large, max-video-preview:-1\" \/>\n<link rel=\"canonical\" href=\"https:\/\/experienciadevida.com.ar\/portalurbano\/igualdad-de-genero-la-fio-busca-pasar-de-la-accion-puntual-a-las-buenas-practicas-en-aulas-y-talleres\/\" \/>\n<meta property=\"og:locale\" content=\"es_ES\" \/>\n<meta property=\"og:type\" content=\"article\" \/>\n<meta property=\"og:title\" content=\"Igualdad de g\u00e9nero: la fio busca pasar de la acci\u00f3n puntual\" \/>\n<meta property=\"og:description\" content=\"Igualdad de g\u00e9nero: la FIO busca pasar de la acci\u00f3n puntual a las Buenas Pr\u00e1cticas en aulas y talleres, junto con el Consejo Federal\" \/>\n<meta property=\"og:url\" content=\"https:\/\/experienciadevida.com.ar\/portalurbano\/igualdad-de-genero-la-fio-busca-pasar-de-la-accion-puntual-a-las-buenas-practicas-en-aulas-y-talleres\/\" \/>\n<meta property=\"article:publisher\" content=\"https:\/\/www.facebook.com\/Portal-Urbano-171542830093757\/\" \/>\n<meta property=\"article:published_time\" content=\"2022-06-01T16:32:49+00:00\" \/>\n<meta property=\"article:modified_time\" content=\"2022-06-01T16:33:15+00:00\" \/>\n<meta property=\"og:image\" content=\"https:\/\/experienciadevida.com.ar\/portalurbano\/wp-content\/uploads\/2022\/06\/Igualdad-de-genero.jpg\" \/>\n\t<meta property=\"og:image:width\" content=\"1200\" \/>\n\t<meta property=\"og:image:height\" content=\"646\" \/>\n\t<meta property=\"og:image:type\" content=\"image\/jpeg\" \/>\n<meta name=\"author\" content=\"admpu17wp\" \/>\n<meta name=\"twitter:card\" content=\"summary_large_image\" \/>\n<meta name=\"twitter:creator\" content=\"@portalurbanook\" \/>\n<meta name=\"twitter:site\" content=\"@portalurbanook\" \/>\n<meta name=\"twitter:label1\" content=\"Escrito por\" \/>\n\t<meta name=\"twitter:data1\" content=\"admpu17wp\" \/>\n\t<meta name=\"twitter:label2\" content=\"Tiempo de lectura\" \/>\n\t<meta name=\"twitter:data2\" content=\"6 minutos\" \/>\n<script type=\"application\/ld+json\" class=\"yoast-schema-graph\">{\"@context\":\"https:\/\/schema.org\",\"@graph\":[{\"@type\":\"Article\",\"@id\":\"https:\/\/experienciadevida.com.ar\/portalurbano\/igualdad-de-genero-la-fio-busca-pasar-de-la-accion-puntual-a-las-buenas-practicas-en-aulas-y-talleres\/#article\",\"isPartOf\":{\"@id\":\"https:\/\/experienciadevida.com.ar\/portalurbano\/igualdad-de-genero-la-fio-busca-pasar-de-la-accion-puntual-a-las-buenas-practicas-en-aulas-y-talleres\/\"},\"author\":{\"name\":\"admpu17wp\",\"@id\":\"https:\/\/experienciadevida.com.ar\/portalurbano\/#\/schema\/person\/02dd326b1c4b056e9cc972486934a3a7\"},\"headline\":\"Igualdad de g\u00e9nero: la FIO busca pasar de la acci\u00f3n puntual a las Buenas Pr\u00e1cticas en aulas y talleres\",\"datePublished\":\"2022-06-01T16:32:49+00:00\",\"dateModified\":\"2022-06-01T16:33:15+00:00\",\"mainEntityOfPage\":{\"@id\":\"https:\/\/experienciadevida.com.ar\/portalurbano\/igualdad-de-genero-la-fio-busca-pasar-de-la-accion-puntual-a-las-buenas-practicas-en-aulas-y-talleres\/\"},\"wordCount\":1348,\"publisher\":{\"@id\":\"https:\/\/experienciadevida.com.ar\/portalurbano\/#organization\"},\"articleSection\":[\"Educaci\u00f3n\"],\"inLanguage\":\"es\"},{\"@type\":\"WebPage\",\"@id\":\"https:\/\/experienciadevida.com.ar\/portalurbano\/igualdad-de-genero-la-fio-busca-pasar-de-la-accion-puntual-a-las-buenas-practicas-en-aulas-y-talleres\/\",\"url\":\"https:\/\/experienciadevida.com.ar\/portalurbano\/igualdad-de-genero-la-fio-busca-pasar-de-la-accion-puntual-a-las-buenas-practicas-en-aulas-y-talleres\/\",\"name\":\"Igualdad de g\u00e9nero: la fio busca pasar de la acci\u00f3n puntual\",\"isPartOf\":{\"@id\":\"https:\/\/experienciadevida.com.ar\/portalurbano\/#website\"},\"datePublished\":\"2022-06-01T16:32:49+00:00\",\"dateModified\":\"2022-06-01T16:33:15+00:00\",\"description\":\"Igualdad de g\u00e9nero: la FIO busca pasar de la acci\u00f3n puntual a las Buenas Pr\u00e1cticas en aulas y talleres, junto con el Consejo Federal\",\"breadcrumb\":{\"@id\":\"https:\/\/experienciadevida.com.ar\/portalurbano\/igualdad-de-genero-la-fio-busca-pasar-de-la-accion-puntual-a-las-buenas-practicas-en-aulas-y-talleres\/#breadcrumb\"},\"inLanguage\":\"es\",\"potentialAction\":[{\"@type\":\"ReadAction\",\"target\":[\"https:\/\/experienciadevida.com.ar\/portalurbano\/igualdad-de-genero-la-fio-busca-pasar-de-la-accion-puntual-a-las-buenas-practicas-en-aulas-y-talleres\/\"]}]},{\"@type\":\"BreadcrumbList\",\"@id\":\"https:\/\/experienciadevida.com.ar\/portalurbano\/igualdad-de-genero-la-fio-busca-pasar-de-la-accion-puntual-a-las-buenas-practicas-en-aulas-y-talleres\/#breadcrumb\",\"itemListElement\":[{\"@type\":\"ListItem\",\"position\":1,\"name\":\"Portada\",\"item\":\"https:\/\/experienciadevida.com.ar\/portalurbano\/\"},{\"@type\":\"ListItem\",\"position\":2,\"name\":\"Igualdad de g\u00e9nero: la FIO busca pasar de la acci\u00f3n puntual a las Buenas Pr\u00e1cticas en aulas y talleres\"}]},{\"@type\":\"WebSite\",\"@id\":\"https:\/\/experienciadevida.com.ar\/portalurbano\/#website\",\"url\":\"https:\/\/experienciadevida.com.ar\/portalurbano\/\",\"name\":\"\",\"description\":\"\",\"publisher\":{\"@id\":\"https:\/\/experienciadevida.com.ar\/portalurbano\/#organization\"},\"potentialAction\":[{\"@type\":\"SearchAction\",\"target\":{\"@type\":\"EntryPoint\",\"urlTemplate\":\"https:\/\/experienciadevida.com.ar\/portalurbano\/?s={search_term_string}\"},\"query-input\":\"required name=search_term_string\"}],\"inLanguage\":\"es\"},{\"@type\":\"Organization\",\"@id\":\"https:\/\/experienciadevida.com.ar\/portalurbano\/#organization\",\"name\":\"Portal Urbano\",\"url\":\"https:\/\/experienciadevida.com.ar\/portalurbano\/\",\"logo\":{\"@type\":\"ImageObject\",\"inLanguage\":\"es\",\"@id\":\"https:\/\/experienciadevida.com.ar\/portalurbano\/#\/schema\/logo\/image\/\",\"url\":\"https:\/\/experienciadevida.com.ar\/portalurbano\/wp-content\/uploads\/2019\/09\/Logo-Original.png\",\"contentUrl\":\"https:\/\/experienciadevida.com.ar\/portalurbano\/wp-content\/uploads\/2019\/09\/Logo-Original.png\",\"width\":2236,\"height\":1216,\"caption\":\"Portal Urbano\"},\"image\":{\"@id\":\"https:\/\/experienciadevida.com.ar\/portalurbano\/#\/schema\/logo\/image\/\"},\"sameAs\":[\"https:\/\/www.facebook.com\/Portal-Urbano-171542830093757\/\",\"https:\/\/twitter.com\/portalurbanook\",\"https:\/\/www.instagram.com\/_portalurbano\/\",\"https:\/\/www.youtube.com\/channel\/UCXhagIfszH8KxFiOok79zbA?view_as=subscriber\"]},{\"@type\":\"Person\",\"@id\":\"https:\/\/experienciadevida.com.ar\/portalurbano\/#\/schema\/person\/02dd326b1c4b056e9cc972486934a3a7\",\"name\":\"admpu17wp\",\"image\":{\"@type\":\"ImageObject\",\"inLanguage\":\"es\",\"@id\":\"https:\/\/experienciadevida.com.ar\/portalurbano\/#\/schema\/person\/image\/\",\"url\":\"https:\/\/secure.gravatar.com\/avatar\/830d4c57adaae6630765e449a6908047?s=96&d=mm&r=g\",\"contentUrl\":\"https:\/\/secure.gravatar.com\/avatar\/830d4c57adaae6630765e449a6908047?s=96&d=mm&r=g\",\"caption\":\"admpu17wp\"}}]}<\/script>\n<!-- \/ Yoast SEO plugin. -->","yoast_head_json":{"title":"Igualdad de g\u00e9nero: la fio busca pasar de la acci\u00f3n puntual","description":"Igualdad de g\u00e9nero: la FIO busca pasar de la acci\u00f3n puntual a las Buenas Pr\u00e1cticas en aulas y talleres, junto con el Consejo Federal","robots":{"index":"index","follow":"follow","max-snippet":"max-snippet:-1","max-image-preview":"max-image-preview:large","max-video-preview":"max-video-preview:-1"},"canonical":"https:\/\/experienciadevida.com.ar\/portalurbano\/igualdad-de-genero-la-fio-busca-pasar-de-la-accion-puntual-a-las-buenas-practicas-en-aulas-y-talleres\/","og_locale":"es_ES","og_type":"article","og_title":"Igualdad de g\u00e9nero: la fio busca pasar de la acci\u00f3n puntual","og_description":"Igualdad de g\u00e9nero: la FIO busca pasar de la acci\u00f3n puntual a las Buenas Pr\u00e1cticas en aulas y talleres, junto con el Consejo Federal","og_url":"https:\/\/experienciadevida.com.ar\/portalurbano\/igualdad-de-genero-la-fio-busca-pasar-de-la-accion-puntual-a-las-buenas-practicas-en-aulas-y-talleres\/","article_publisher":"https:\/\/www.facebook.com\/Portal-Urbano-171542830093757\/","article_published_time":"2022-06-01T16:32:49+00:00","article_modified_time":"2022-06-01T16:33:15+00:00","og_image":[{"width":1200,"height":646,"url":"https:\/\/experienciadevida.com.ar\/portalurbano\/wp-content\/uploads\/2022\/06\/Igualdad-de-genero.jpg","type":"image\/jpeg"}],"author":"admpu17wp","twitter_card":"summary_large_image","twitter_creator":"@portalurbanook","twitter_site":"@portalurbanook","twitter_misc":{"Escrito por":"admpu17wp","Tiempo de lectura":"6 minutos"},"schema":{"@context":"https:\/\/schema.org","@graph":[{"@type":"Article","@id":"https:\/\/experienciadevida.com.ar\/portalurbano\/igualdad-de-genero-la-fio-busca-pasar-de-la-accion-puntual-a-las-buenas-practicas-en-aulas-y-talleres\/#article","isPartOf":{"@id":"https:\/\/experienciadevida.com.ar\/portalurbano\/igualdad-de-genero-la-fio-busca-pasar-de-la-accion-puntual-a-las-buenas-practicas-en-aulas-y-talleres\/"},"author":{"name":"admpu17wp","@id":"https:\/\/experienciadevida.com.ar\/portalurbano\/#\/schema\/person\/02dd326b1c4b056e9cc972486934a3a7"},"headline":"Igualdad de g\u00e9nero: la FIO busca pasar de la acci\u00f3n puntual a las Buenas Pr\u00e1cticas en aulas y talleres","datePublished":"2022-06-01T16:32:49+00:00","dateModified":"2022-06-01T16:33:15+00:00","mainEntityOfPage":{"@id":"https:\/\/experienciadevida.com.ar\/portalurbano\/igualdad-de-genero-la-fio-busca-pasar-de-la-accion-puntual-a-las-buenas-practicas-en-aulas-y-talleres\/"},"wordCount":1348,"publisher":{"@id":"https:\/\/experienciadevida.com.ar\/portalurbano\/#organization"},"articleSection":["Educaci\u00f3n"],"inLanguage":"es"},{"@type":"WebPage","@id":"https:\/\/experienciadevida.com.ar\/portalurbano\/igualdad-de-genero-la-fio-busca-pasar-de-la-accion-puntual-a-las-buenas-practicas-en-aulas-y-talleres\/","url":"https:\/\/experienciadevida.com.ar\/portalurbano\/igualdad-de-genero-la-fio-busca-pasar-de-la-accion-puntual-a-las-buenas-practicas-en-aulas-y-talleres\/","name":"Igualdad de g\u00e9nero: la fio busca pasar de la acci\u00f3n puntual","isPartOf":{"@id":"https:\/\/experienciadevida.com.ar\/portalurbano\/#website"},"datePublished":"2022-06-01T16:32:49+00:00","dateModified":"2022-06-01T16:33:15+00:00","description":"Igualdad de g\u00e9nero: la FIO busca pasar de la acci\u00f3n puntual a las Buenas Pr\u00e1cticas en aulas y talleres, junto con el Consejo Federal","breadcrumb":{"@id":"https:\/\/experienciadevida.com.ar\/portalurbano\/igualdad-de-genero-la-fio-busca-pasar-de-la-accion-puntual-a-las-buenas-practicas-en-aulas-y-talleres\/#breadcrumb"},"inLanguage":"es","potentialAction":[{"@type":"ReadAction","target":["https:\/\/experienciadevida.com.ar\/portalurbano\/igualdad-de-genero-la-fio-busca-pasar-de-la-accion-puntual-a-las-buenas-practicas-en-aulas-y-talleres\/"]}]},{"@type":"BreadcrumbList","@id":"https:\/\/experienciadevida.com.ar\/portalurbano\/igualdad-de-genero-la-fio-busca-pasar-de-la-accion-puntual-a-las-buenas-practicas-en-aulas-y-talleres\/#breadcrumb","itemListElement":[{"@type":"ListItem","position":1,"name":"Portada","item":"https:\/\/experienciadevida.com.ar\/portalurbano\/"},{"@type":"ListItem","position":2,"name":"Igualdad de g\u00e9nero: la FIO busca pasar de la acci\u00f3n puntual a las Buenas Pr\u00e1cticas en aulas y talleres"}]},{"@type":"WebSite","@id":"https:\/\/experienciadevida.com.ar\/portalurbano\/#website","url":"https:\/\/experienciadevida.com.ar\/portalurbano\/","name":"","description":"","publisher":{"@id":"https:\/\/experienciadevida.com.ar\/portalurbano\/#organization"},"potentialAction":[{"@type":"SearchAction","target":{"@type":"EntryPoint","urlTemplate":"https:\/\/experienciadevida.com.ar\/portalurbano\/?s={search_term_string}"},"query-input":"required name=search_term_string"}],"inLanguage":"es"},{"@type":"Organization","@id":"https:\/\/experienciadevida.com.ar\/portalurbano\/#organization","name":"Portal Urbano","url":"https:\/\/experienciadevida.com.ar\/portalurbano\/","logo":{"@type":"ImageObject","inLanguage":"es","@id":"https:\/\/experienciadevida.com.ar\/portalurbano\/#\/schema\/logo\/image\/","url":"https:\/\/experienciadevida.com.ar\/portalurbano\/wp-content\/uploads\/2019\/09\/Logo-Original.png","contentUrl":"https:\/\/experienciadevida.com.ar\/portalurbano\/wp-content\/uploads\/2019\/09\/Logo-Original.png","width":2236,"height":1216,"caption":"Portal Urbano"},"image":{"@id":"https:\/\/experienciadevida.com.ar\/portalurbano\/#\/schema\/logo\/image\/"},"sameAs":["https:\/\/www.facebook.com\/Portal-Urbano-171542830093757\/","https:\/\/twitter.com\/portalurbanook","https:\/\/www.instagram.com\/_portalurbano\/","https:\/\/www.youtube.com\/channel\/UCXhagIfszH8KxFiOok79zbA?view_as=subscriber"]},{"@type":"Person","@id":"https:\/\/experienciadevida.com.ar\/portalurbano\/#\/schema\/person\/02dd326b1c4b056e9cc972486934a3a7","name":"admpu17wp","image":{"@type":"ImageObject","inLanguage":"es","@id":"https:\/\/experienciadevida.com.ar\/portalurbano\/#\/schema\/person\/image\/","url":"https:\/\/secure.gravatar.com\/avatar\/830d4c57adaae6630765e449a6908047?s=96&d=mm&r=g","contentUrl":"https:\/\/secure.gravatar.com\/avatar\/830d4c57adaae6630765e449a6908047?s=96&d=mm&r=g","caption":"admpu17wp"}}]}},"featured_image_urls":{"full":["https:\/\/experienciadevida.com.ar\/portalurbano\/wp-content\/uploads\/2022\/06\/Igualdad-de-genero.jpg",1200,646,false],"thumbnail":["https:\/\/experienciadevida.com.ar\/portalurbano\/wp-content\/uploads\/2022\/06\/Igualdad-de-genero-150x150.jpg",150,150,true],"medium":["https:\/\/experienciadevida.com.ar\/portalurbano\/wp-content\/uploads\/2022\/06\/Igualdad-de-genero-300x162.jpg",300,162,true],"medium_large":["https:\/\/experienciadevida.com.ar\/portalurbano\/wp-content\/uploads\/2022\/06\/Igualdad-de-genero-768x413.jpg",640,344,true],"large":["https:\/\/experienciadevida.com.ar\/portalurbano\/wp-content\/uploads\/2022\/06\/Igualdad-de-genero-1024x551.jpg",640,344,true],"ug_big":["https:\/\/experienciadevida.com.ar\/portalurbano\/wp-content\/uploads\/2022\/06\/Igualdad-de-genero-768x413.jpg",768,413,true],"1536x1536":["https:\/\/experienciadevida.com.ar\/portalurbano\/wp-content\/uploads\/2022\/06\/Igualdad-de-genero.jpg",1200,646,false],"2048x2048":["https:\/\/experienciadevida.com.ar\/portalurbano\/wp-content\/uploads\/2022\/06\/Igualdad-de-genero.jpg",1200,646,false],"newsever-slider-full":["https:\/\/experienciadevida.com.ar\/portalurbano\/wp-content\/uploads\/2022\/06\/Igualdad-de-genero.jpg",1200,646,false],"newsever-featured":["https:\/\/experienciadevida.com.ar\/portalurbano\/wp-content\/uploads\/2022\/06\/Igualdad-de-genero.jpg",1024,551,false],"newsever-medium":["https:\/\/experienciadevida.com.ar\/portalurbano\/wp-content\/uploads\/2022\/06\/Igualdad-de-genero.jpg",720,388,false],"web-stories-poster-portrait":["https:\/\/experienciadevida.com.ar\/portalurbano\/wp-content\/uploads\/2022\/06\/Igualdad-de-genero.jpg",640,345,false],"web-stories-publisher-logo":["https:\/\/experienciadevida.com.ar\/portalurbano\/wp-content\/uploads\/2022\/06\/Igualdad-de-genero.jpg",96,52,false],"web-stories-thumbnail":["https:\/\/experienciadevida.com.ar\/portalurbano\/wp-content\/uploads\/2022\/06\/Igualdad-de-genero.jpg",150,81,false]},"author_info":{"display_name":"admpu17wp","author_link":"https:\/\/experienciadevida.com.ar\/portalurbano\/author\/admpu17wp\/"},"category_info":"<a href=\"https:\/\/experienciadevida.com.ar\/portalurbano\/category\/ciudad\/educacion\/\" rel=\"category tag\">Educaci\u00f3n<\/a>","tag_info":"Educaci\u00f3n","comment_count":"0","amp_enabled":true,"_links":{"self":[{"href":"https:\/\/experienciadevida.com.ar\/portalurbano\/wp-json\/wp\/v2\/posts\/168704"}],"collection":[{"href":"https:\/\/experienciadevida.com.ar\/portalurbano\/wp-json\/wp\/v2\/posts"}],"about":[{"href":"https:\/\/experienciadevida.com.ar\/portalurbano\/wp-json\/wp\/v2\/types\/post"}],"author":[{"embeddable":true,"href":"https:\/\/experienciadevida.com.ar\/portalurbano\/wp-json\/wp\/v2\/users\/1"}],"replies":[{"embeddable":true,"href":"https:\/\/experienciadevida.com.ar\/portalurbano\/wp-json\/wp\/v2\/comments?post=168704"}],"version-history":[{"count":2,"href":"https:\/\/experienciadevida.com.ar\/portalurbano\/wp-json\/wp\/v2\/posts\/168704\/revisions"}],"predecessor-version":[{"id":168707,"href":"https:\/\/experienciadevida.com.ar\/portalurbano\/wp-json\/wp\/v2\/posts\/168704\/revisions\/168707"}],"wp:featuredmedia":[{"embeddable":true,"href":"https:\/\/experienciadevida.com.ar\/portalurbano\/wp-json\/wp\/v2\/media\/168705"}],"wp:attachment":[{"href":"https:\/\/experienciadevida.com.ar\/portalurbano\/wp-json\/wp\/v2\/media?parent=168704"}],"wp:term":[{"taxonomy":"category","embeddable":true,"href":"https:\/\/experienciadevida.com.ar\/portalurbano\/wp-json\/wp\/v2\/categories?post=168704"},{"taxonomy":"post_tag","embeddable":true,"href":"https:\/\/experienciadevida.com.ar\/portalurbano\/wp-json\/wp\/v2\/tags?post=168704"}],"curies":[{"name":"wp","href":"https:\/\/api.w.org\/{rel}","templated":true}]}}