{"id":168690,"date":"2022-06-01T13:14:04","date_gmt":"2022-06-01T16:14:04","guid":{"rendered":"https:\/\/experienciadevida.com.ar\/portalurbano\/?p=168690"},"modified":"2022-06-01T13:25:28","modified_gmt":"2022-06-01T16:25:28","slug":"se-licito-la-provision-de-hormigon-para-trabajos-de-bacheo","status":"publish","type":"post","link":"https:\/\/experienciadevida.com.ar\/portalurbano\/se-licito-la-provision-de-hormigon-para-trabajos-de-bacheo\/","title":{"rendered":"Se licit\u00f3 la provisi\u00f3n de hormig\u00f3n para trabajos de bacheo"},"content":{"rendered":"<p>Se licit\u00f3 la provisi\u00f3n de hormig\u00f3n para trabajos de bacheo, en el d\u00eda de ayer se realiz\u00f3 la apertura de la licitaci\u00f3n privada para la provisi\u00f3n de hormig\u00f3n, que ser\u00e1 utilizado en el marco del Plan de Conservaci\u00f3n de Pavimento, que se encuentra a cargo de la <a href=\"https:\/\/www.facebook.com\/municipiodeolavarria\">Secretar\u00eda<\/a> de Mantenimiento y Obras P\u00fablicas, a trav\u00e9s de la Direcci\u00f3n de Pavimentaci\u00f3n.<\/p>\n<p>La licitaci\u00f3n comprende la compra de 400 m3 de hormig\u00f3n para la reparaci\u00f3n de losas en el casco urbano de la ciudad, seg\u00fan indicaci\u00f3n de la inspecci\u00f3n de obra. El hormig\u00f3n ser\u00e1 tipo H30 con un asentamiento m\u00e1ximo, medido en obra, de 10 cm.<\/p>\n<p>La apertura de sobres fue realizada en el Palacio San Mart\u00edn y encabezada por la directora de Licitaciones Pilar Ciardelli. En la oportunidad, se presentaron las ofertas econ\u00f3micas que se detallan a continuaci\u00f3n:<\/p>\n<p>Proponente N\u00ba 1: Atak S.R.L. cotiz\u00f3 la suma de $6.362.032.<br \/>\nProponente N\u00ba 2: Galizio Construcciones S.R.L. cotiz\u00f3 la suma de $7.179.816.<br \/>\nEn tanto que presupuesto oficial de la presente adquisici\u00f3n fue estimado en la suma de 6 millones de pesos.<\/p>\n<p>El Plan de Conservaci\u00f3n de Pavimento permite reparar sectores en que los \u00e1rboles levantan las losas, donde los servicios urbanos socavan las losas o donde la dilataci\u00f3n del hormig\u00f3n desnivela losas, como as\u00ed tambi\u00e9n roturas por sobrecarga de veh\u00edculos pesados, entre otros puntos.<\/p>\n<p>Estas obras se realizan con un tipo de hormig\u00f3n, que permite la habilitaci\u00f3n al tr\u00e1nsito en 72 horas, aproximadamente, que puede variar de acuerdo a las condiciones clim\u00e1ticas.<\/p>\n<p>El listado de los puntos prioritarios a trabajar, que comprende alrededor de 40 sectores, fue elaborado desde la Secretar\u00eda de Mantenimiento y Obras P\u00fablicas, quien realiza la supervisi\u00f3n de las tareas de manera permanente.<\/p>\n<p>&nbsp;<\/p>\n<p>(Foto Archivo)<\/p>\n","protected":false},"excerpt":{"rendered":"<p>Se licit\u00f3 la provisi\u00f3n de hormig\u00f3n para trabajos de bacheo, en el d\u00eda de ayer&#8230;<\/p>\n","protected":false},"author":1,"featured_media":168700,"comment_status":"closed","ping_status":"closed","sticky":false,"template":"","format":"standard","meta":{"content-type":""},"categories":[27,51],"tags":[],"nelio_content":{"isAutoShareEnabled":false,"autoShareEndMode":"default","automationSources":{"useContentSentences":true,"useSocialTemplates":true,"useCustomSentences":false,"customSentences":[]},"followers":[1],"suggestedReferences":[],"includedReferences":[],"efiUrl":"","efiAlt":"","highlights":[]},"yoast_head":"<!-- This site is optimized with the Yoast SEO plugin v20.7 - https:\/\/yoast.com\/wordpress\/plugins\/seo\/ -->\n<title>Se licit\u00f3 la provisi\u00f3n de hormig\u00f3n para trabajos de bacheo<\/title>\n<meta name=\"description\" content=\"Se licit\u00f3 la provisi\u00f3n de hormig\u00f3n para trabajos de bacheo, en el d\u00eda de ayer se realiz\u00f3 la apertura de la licitaci\u00f3n privada\" \/>\n<meta name=\"robots\" content=\"index, follow, max-snippet:-1, max-image-preview:large, max-video-preview:-1\" \/>\n<link rel=\"canonical\" href=\"https:\/\/experienciadevida.com.ar\/portalurbano\/se-licito-la-provision-de-hormigon-para-trabajos-de-bacheo\/\" \/>\n<meta property=\"og:locale\" content=\"es_ES\" \/>\n<meta property=\"og:type\" content=\"article\" \/>\n<meta property=\"og:title\" content=\"Se licit\u00f3 la provisi\u00f3n de hormig\u00f3n para trabajos de bacheo\" \/>\n<meta property=\"og:description\" content=\"Se licit\u00f3 la provisi\u00f3n de hormig\u00f3n para trabajos de bacheo, en el d\u00eda de ayer se realiz\u00f3 la apertura de la licitaci\u00f3n privada\" \/>\n<meta property=\"og:url\" content=\"https:\/\/experienciadevida.com.ar\/portalurbano\/se-licito-la-provision-de-hormigon-para-trabajos-de-bacheo\/\" \/>\n<meta property=\"article:publisher\" content=\"https:\/\/www.facebook.com\/Portal-Urbano-171542830093757\/\" \/>\n<meta property=\"article:published_time\" content=\"2022-06-01T16:14:04+00:00\" \/>\n<meta property=\"article:modified_time\" content=\"2022-06-01T16:25:28+00:00\" \/>\n<meta property=\"og:image\" content=\"https:\/\/experienciadevida.com.ar\/portalurbano\/wp-content\/uploads\/2022\/06\/Se-licito-la-provision-1-e1654100630267.jpg\" \/>\n\t<meta property=\"og:image:width\" content=\"800\" \/>\n\t<meta property=\"og:image:height\" content=\"533\" \/>\n\t<meta property=\"og:image:type\" content=\"image\/jpeg\" \/>\n<meta name=\"author\" content=\"admpu17wp\" \/>\n<meta name=\"twitter:card\" content=\"summary_large_image\" \/>\n<meta name=\"twitter:creator\" content=\"@portalurbanook\" \/>\n<meta name=\"twitter:site\" content=\"@portalurbanook\" \/>\n<meta name=\"twitter:label1\" content=\"Escrito por\" \/>\n\t<meta name=\"twitter:data1\" content=\"admpu17wp\" \/>\n\t<meta name=\"twitter:label2\" content=\"Tiempo de lectura\" \/>\n\t<meta name=\"twitter:data2\" content=\"2 minutos\" \/>\n<script type=\"application\/ld+json\" class=\"yoast-schema-graph\">{\"@context\":\"https:\/\/schema.org\",\"@graph\":[{\"@type\":\"Article\",\"@id\":\"https:\/\/experienciadevida.com.ar\/portalurbano\/se-licito-la-provision-de-hormigon-para-trabajos-de-bacheo\/#article\",\"isPartOf\":{\"@id\":\"https:\/\/experienciadevida.com.ar\/portalurbano\/se-licito-la-provision-de-hormigon-para-trabajos-de-bacheo\/\"},\"author\":{\"name\":\"admpu17wp\",\"@id\":\"https:\/\/experienciadevida.com.ar\/portalurbano\/#\/schema\/person\/02dd326b1c4b056e9cc972486934a3a7\"},\"headline\":\"Se licit\u00f3 la provisi\u00f3n de hormig\u00f3n para trabajos de bacheo\",\"datePublished\":\"2022-06-01T16:14:04+00:00\",\"dateModified\":\"2022-06-01T16:25:28+00:00\",\"mainEntityOfPage\":{\"@id\":\"https:\/\/experienciadevida.com.ar\/portalurbano\/se-licito-la-provision-de-hormigon-para-trabajos-de-bacheo\/\"},\"wordCount\":328,\"publisher\":{\"@id\":\"https:\/\/experienciadevida.com.ar\/portalurbano\/#organization\"},\"articleSection\":[\"Ciudad\",\"Destacadas\"],\"inLanguage\":\"es\"},{\"@type\":\"WebPage\",\"@id\":\"https:\/\/experienciadevida.com.ar\/portalurbano\/se-licito-la-provision-de-hormigon-para-trabajos-de-bacheo\/\",\"url\":\"https:\/\/experienciadevida.com.ar\/portalurbano\/se-licito-la-provision-de-hormigon-para-trabajos-de-bacheo\/\",\"name\":\"Se licit\u00f3 la provisi\u00f3n de hormig\u00f3n para trabajos de bacheo\",\"isPartOf\":{\"@id\":\"https:\/\/experienciadevida.com.ar\/portalurbano\/#website\"},\"datePublished\":\"2022-06-01T16:14:04+00:00\",\"dateModified\":\"2022-06-01T16:25:28+00:00\",\"description\":\"Se licit\u00f3 la provisi\u00f3n de hormig\u00f3n para trabajos de bacheo, en el d\u00eda de ayer se realiz\u00f3 la apertura de la licitaci\u00f3n privada\",\"breadcrumb\":{\"@id\":\"https:\/\/experienciadevida.com.ar\/portalurbano\/se-licito-la-provision-de-hormigon-para-trabajos-de-bacheo\/#breadcrumb\"},\"inLanguage\":\"es\",\"potentialAction\":[{\"@type\":\"ReadAction\",\"target\":[\"https:\/\/experienciadevida.com.ar\/portalurbano\/se-licito-la-provision-de-hormigon-para-trabajos-de-bacheo\/\"]}]},{\"@type\":\"BreadcrumbList\",\"@id\":\"https:\/\/experienciadevida.com.ar\/portalurbano\/se-licito-la-provision-de-hormigon-para-trabajos-de-bacheo\/#breadcrumb\",\"itemListElement\":[{\"@type\":\"ListItem\",\"position\":1,\"name\":\"Portada\",\"item\":\"https:\/\/experienciadevida.com.ar\/portalurbano\/\"},{\"@type\":\"ListItem\",\"position\":2,\"name\":\"Se licit\u00f3 la provisi\u00f3n de hormig\u00f3n para trabajos de bacheo\"}]},{\"@type\":\"WebSite\",\"@id\":\"https:\/\/experienciadevida.com.ar\/portalurbano\/#website\",\"url\":\"https:\/\/experienciadevida.com.ar\/portalurbano\/\",\"name\":\"\",\"description\":\"\",\"publisher\":{\"@id\":\"https:\/\/experienciadevida.com.ar\/portalurbano\/#organization\"},\"potentialAction\":[{\"@type\":\"SearchAction\",\"target\":{\"@type\":\"EntryPoint\",\"urlTemplate\":\"https:\/\/experienciadevida.com.ar\/portalurbano\/?s={search_term_string}\"},\"query-input\":\"required name=search_term_string\"}],\"inLanguage\":\"es\"},{\"@type\":\"Organization\",\"@id\":\"https:\/\/experienciadevida.com.ar\/portalurbano\/#organization\",\"name\":\"Portal Urbano\",\"url\":\"https:\/\/experienciadevida.com.ar\/portalurbano\/\",\"logo\":{\"@type\":\"ImageObject\",\"inLanguage\":\"es\",\"@id\":\"https:\/\/experienciadevida.com.ar\/portalurbano\/#\/schema\/logo\/image\/\",\"url\":\"https:\/\/experienciadevida.com.ar\/portalurbano\/wp-content\/uploads\/2019\/09\/Logo-Original.png\",\"contentUrl\":\"https:\/\/experienciadevida.com.ar\/portalurbano\/wp-content\/uploads\/2019\/09\/Logo-Original.png\",\"width\":2236,\"height\":1216,\"caption\":\"Portal Urbano\"},\"image\":{\"@id\":\"https:\/\/experienciadevida.com.ar\/portalurbano\/#\/schema\/logo\/image\/\"},\"sameAs\":[\"https:\/\/www.facebook.com\/Portal-Urbano-171542830093757\/\",\"https:\/\/twitter.com\/portalurbanook\",\"https:\/\/www.instagram.com\/_portalurbano\/\",\"https:\/\/www.youtube.com\/channel\/UCXhagIfszH8KxFiOok79zbA?view_as=subscriber\"]},{\"@type\":\"Person\",\"@id\":\"https:\/\/experienciadevida.com.ar\/portalurbano\/#\/schema\/person\/02dd326b1c4b056e9cc972486934a3a7\",\"name\":\"admpu17wp\",\"image\":{\"@type\":\"ImageObject\",\"inLanguage\":\"es\",\"@id\":\"https:\/\/experienciadevida.com.ar\/portalurbano\/#\/schema\/person\/image\/\",\"url\":\"https:\/\/secure.gravatar.com\/avatar\/830d4c57adaae6630765e449a6908047?s=96&d=mm&r=g\",\"contentUrl\":\"https:\/\/secure.gravatar.com\/avatar\/830d4c57adaae6630765e449a6908047?s=96&d=mm&r=g\",\"caption\":\"admpu17wp\"}}]}<\/script>\n<!-- \/ Yoast SEO plugin. -->","yoast_head_json":{"title":"Se licit\u00f3 la provisi\u00f3n de hormig\u00f3n para trabajos de bacheo","description":"Se licit\u00f3 la provisi\u00f3n de hormig\u00f3n para trabajos de bacheo, en el d\u00eda de ayer se realiz\u00f3 la apertura de la licitaci\u00f3n privada","robots":{"index":"index","follow":"follow","max-snippet":"max-snippet:-1","max-image-preview":"max-image-preview:large","max-video-preview":"max-video-preview:-1"},"canonical":"https:\/\/experienciadevida.com.ar\/portalurbano\/se-licito-la-provision-de-hormigon-para-trabajos-de-bacheo\/","og_locale":"es_ES","og_type":"article","og_title":"Se licit\u00f3 la provisi\u00f3n de hormig\u00f3n para trabajos de bacheo","og_description":"Se licit\u00f3 la provisi\u00f3n de hormig\u00f3n para trabajos de bacheo, en el d\u00eda de ayer se realiz\u00f3 la apertura de la licitaci\u00f3n privada","og_url":"https:\/\/experienciadevida.com.ar\/portalurbano\/se-licito-la-provision-de-hormigon-para-trabajos-de-bacheo\/","article_publisher":"https:\/\/www.facebook.com\/Portal-Urbano-171542830093757\/","article_published_time":"2022-06-01T16:14:04+00:00","article_modified_time":"2022-06-01T16:25:28+00:00","og_image":[{"width":800,"height":533,"url":"https:\/\/experienciadevida.com.ar\/portalurbano\/wp-content\/uploads\/2022\/06\/Se-licito-la-provision-1-e1654100630267.jpg","type":"image\/jpeg"}],"author":"admpu17wp","twitter_card":"summary_large_image","twitter_creator":"@portalurbanook","twitter_site":"@portalurbanook","twitter_misc":{"Escrito por":"admpu17wp","Tiempo de lectura":"2 minutos"},"schema":{"@context":"https:\/\/schema.org","@graph":[{"@type":"Article","@id":"https:\/\/experienciadevida.com.ar\/portalurbano\/se-licito-la-provision-de-hormigon-para-trabajos-de-bacheo\/#article","isPartOf":{"@id":"https:\/\/experienciadevida.com.ar\/portalurbano\/se-licito-la-provision-de-hormigon-para-trabajos-de-bacheo\/"},"author":{"name":"admpu17wp","@id":"https:\/\/experienciadevida.com.ar\/portalurbano\/#\/schema\/person\/02dd326b1c4b056e9cc972486934a3a7"},"headline":"Se licit\u00f3 la provisi\u00f3n de hormig\u00f3n para trabajos de bacheo","datePublished":"2022-06-01T16:14:04+00:00","dateModified":"2022-06-01T16:25:28+00:00","mainEntityOfPage":{"@id":"https:\/\/experienciadevida.com.ar\/portalurbano\/se-licito-la-provision-de-hormigon-para-trabajos-de-bacheo\/"},"wordCount":328,"publisher":{"@id":"https:\/\/experienciadevida.com.ar\/portalurbano\/#organization"},"articleSection":["Ciudad","Destacadas"],"inLanguage":"es"},{"@type":"WebPage","@id":"https:\/\/experienciadevida.com.ar\/portalurbano\/se-licito-la-provision-de-hormigon-para-trabajos-de-bacheo\/","url":"https:\/\/experienciadevida.com.ar\/portalurbano\/se-licito-la-provision-de-hormigon-para-trabajos-de-bacheo\/","name":"Se licit\u00f3 la provisi\u00f3n de hormig\u00f3n para trabajos de bacheo","isPartOf":{"@id":"https:\/\/experienciadevida.com.ar\/portalurbano\/#website"},"datePublished":"2022-06-01T16:14:04+00:00","dateModified":"2022-06-01T16:25:28+00:00","description":"Se licit\u00f3 la provisi\u00f3n de hormig\u00f3n para trabajos de bacheo, en el d\u00eda de ayer se realiz\u00f3 la apertura de la licitaci\u00f3n privada","breadcrumb":{"@id":"https:\/\/experienciadevida.com.ar\/portalurbano\/se-licito-la-provision-de-hormigon-para-trabajos-de-bacheo\/#breadcrumb"},"inLanguage":"es","potentialAction":[{"@type":"ReadAction","target":["https:\/\/experienciadevida.com.ar\/portalurbano\/se-licito-la-provision-de-hormigon-para-trabajos-de-bacheo\/"]}]},{"@type":"BreadcrumbList","@id":"https:\/\/experienciadevida.com.ar\/portalurbano\/se-licito-la-provision-de-hormigon-para-trabajos-de-bacheo\/#breadcrumb","itemListElement":[{"@type":"ListItem","position":1,"name":"Portada","item":"https:\/\/experienciadevida.com.ar\/portalurbano\/"},{"@type":"ListItem","position":2,"name":"Se licit\u00f3 la provisi\u00f3n de hormig\u00f3n para trabajos de bacheo"}]},{"@type":"WebSite","@id":"https:\/\/experienciadevida.com.ar\/portalurbano\/#website","url":"https:\/\/experienciadevida.com.ar\/portalurbano\/","name":"","description":"","publisher":{"@id":"https:\/\/experienciadevida.com.ar\/portalurbano\/#organization"},"potentialAction":[{"@type":"SearchAction","target":{"@type":"EntryPoint","urlTemplate":"https:\/\/experienciadevida.com.ar\/portalurbano\/?s={search_term_string}"},"query-input":"required name=search_term_string"}],"inLanguage":"es"},{"@type":"Organization","@id":"https:\/\/experienciadevida.com.ar\/portalurbano\/#organization","name":"Portal Urbano","url":"https:\/\/experienciadevida.com.ar\/portalurbano\/","logo":{"@type":"ImageObject","inLanguage":"es","@id":"https:\/\/experienciadevida.com.ar\/portalurbano\/#\/schema\/logo\/image\/","url":"https:\/\/experienciadevida.com.ar\/portalurbano\/wp-content\/uploads\/2019\/09\/Logo-Original.png","contentUrl":"https:\/\/experienciadevida.com.ar\/portalurbano\/wp-content\/uploads\/2019\/09\/Logo-Original.png","width":2236,"height":1216,"caption":"Portal Urbano"},"image":{"@id":"https:\/\/experienciadevida.com.ar\/portalurbano\/#\/schema\/logo\/image\/"},"sameAs":["https:\/\/www.facebook.com\/Portal-Urbano-171542830093757\/","https:\/\/twitter.com\/portalurbanook","https:\/\/www.instagram.com\/_portalurbano\/","https:\/\/www.youtube.com\/channel\/UCXhagIfszH8KxFiOok79zbA?view_as=subscriber"]},{"@type":"Person","@id":"https:\/\/experienciadevida.com.ar\/portalurbano\/#\/schema\/person\/02dd326b1c4b056e9cc972486934a3a7","name":"admpu17wp","image":{"@type":"ImageObject","inLanguage":"es","@id":"https:\/\/experienciadevida.com.ar\/portalurbano\/#\/schema\/person\/image\/","url":"https:\/\/secure.gravatar.com\/avatar\/830d4c57adaae6630765e449a6908047?s=96&d=mm&r=g","contentUrl":"https:\/\/secure.gravatar.com\/avatar\/830d4c57adaae6630765e449a6908047?s=96&d=mm&r=g","caption":"admpu17wp"}}]}},"featured_image_urls":{"full":["https:\/\/experienciadevida.com.ar\/portalurbano\/wp-content\/uploads\/2022\/06\/Se-licito-la-provision-1-e1654100630267.jpg",800,533,false],"thumbnail":["https:\/\/experienciadevida.com.ar\/portalurbano\/wp-content\/uploads\/2022\/06\/Se-licito-la-provision-1-e1654100630267-150x150.jpg",150,150,true],"medium":["https:\/\/experienciadevida.com.ar\/portalurbano\/wp-content\/uploads\/2022\/06\/Se-licito-la-provision-1-e1654100630267-300x200.jpg",300,200,true],"medium_large":["https:\/\/experienciadevida.com.ar\/portalurbano\/wp-content\/uploads\/2022\/06\/Se-licito-la-provision-1-e1654100630267-768x512.jpg",640,427,true],"large":["https:\/\/experienciadevida.com.ar\/portalurbano\/wp-content\/uploads\/2022\/06\/Se-licito-la-provision-1-e1654100630267.jpg",640,426,false],"ug_big":["https:\/\/experienciadevida.com.ar\/portalurbano\/wp-content\/uploads\/2022\/06\/Se-licito-la-provision-1-e1654100630267-768x512.jpg",768,512,true],"1536x1536":["https:\/\/experienciadevida.com.ar\/portalurbano\/wp-content\/uploads\/2022\/06\/Se-licito-la-provision-1-e1654100630267.jpg",800,533,false],"2048x2048":["https:\/\/experienciadevida.com.ar\/portalurbano\/wp-content\/uploads\/2022\/06\/Se-licito-la-provision-1-e1654100630267.jpg",800,533,false],"newsever-slider-full":["https:\/\/experienciadevida.com.ar\/portalurbano\/wp-content\/uploads\/2022\/06\/Se-licito-la-provision-1-e1654100630267.jpg",800,533,false],"newsever-featured":["https:\/\/experienciadevida.com.ar\/portalurbano\/wp-content\/uploads\/2022\/06\/Se-licito-la-provision-1-e1654100630267.jpg",800,533,false],"newsever-medium":["https:\/\/experienciadevida.com.ar\/portalurbano\/wp-content\/uploads\/2022\/06\/Se-licito-la-provision-1-e1654100630267.jpg",713,475,false],"web-stories-poster-portrait":["https:\/\/experienciadevida.com.ar\/portalurbano\/wp-content\/uploads\/2022\/06\/Se-licito-la-provision-1-e1654100630267.jpg",640,426,false],"web-stories-publisher-logo":["https:\/\/experienciadevida.com.ar\/portalurbano\/wp-content\/uploads\/2022\/06\/Se-licito-la-provision-1-e1654100630267.jpg",96,64,false],"web-stories-thumbnail":["https:\/\/experienciadevida.com.ar\/portalurbano\/wp-content\/uploads\/2022\/06\/Se-licito-la-provision-1-e1654100630267.jpg",150,100,false]},"author_info":{"display_name":"admpu17wp","author_link":"https:\/\/experienciadevida.com.ar\/portalurbano\/author\/admpu17wp\/"},"category_info":"<a href=\"https:\/\/experienciadevida.com.ar\/portalurbano\/category\/ciudad\/\" rel=\"category tag\">Ciudad<\/a> <a href=\"https:\/\/experienciadevida.com.ar\/portalurbano\/category\/destacadas\/\" rel=\"category tag\">Destacadas<\/a>","tag_info":"Destacadas","comment_count":"0","amp_enabled":true,"_links":{"self":[{"href":"https:\/\/experienciadevida.com.ar\/portalurbano\/wp-json\/wp\/v2\/posts\/168690"}],"collection":[{"href":"https:\/\/experienciadevida.com.ar\/portalurbano\/wp-json\/wp\/v2\/posts"}],"about":[{"href":"https:\/\/experienciadevida.com.ar\/portalurbano\/wp-json\/wp\/v2\/types\/post"}],"author":[{"embeddable":true,"href":"https:\/\/experienciadevida.com.ar\/portalurbano\/wp-json\/wp\/v2\/users\/1"}],"replies":[{"embeddable":true,"href":"https:\/\/experienciadevida.com.ar\/portalurbano\/wp-json\/wp\/v2\/comments?post=168690"}],"version-history":[{"count":2,"href":"https:\/\/experienciadevida.com.ar\/portalurbano\/wp-json\/wp\/v2\/posts\/168690\/revisions"}],"predecessor-version":[{"id":168693,"href":"https:\/\/experienciadevida.com.ar\/portalurbano\/wp-json\/wp\/v2\/posts\/168690\/revisions\/168693"}],"wp:featuredmedia":[{"embeddable":true,"href":"https:\/\/experienciadevida.com.ar\/portalurbano\/wp-json\/wp\/v2\/media\/168700"}],"wp:attachment":[{"href":"https:\/\/experienciadevida.com.ar\/portalurbano\/wp-json\/wp\/v2\/media?parent=168690"}],"wp:term":[{"taxonomy":"category","embeddable":true,"href":"https:\/\/experienciadevida.com.ar\/portalurbano\/wp-json\/wp\/v2\/categories?post=168690"},{"taxonomy":"post_tag","embeddable":true,"href":"https:\/\/experienciadevida.com.ar\/portalurbano\/wp-json\/wp\/v2\/tags?post=168690"}],"curies":[{"name":"wp","href":"https:\/\/api.w.org\/{rel}","templated":true}]}}