{"id":168683,"date":"2022-06-01T13:06:17","date_gmt":"2022-06-01T16:06:17","guid":{"rendered":"https:\/\/experienciadevida.com.ar\/portalurbano\/?p=168683"},"modified":"2022-06-01T13:11:13","modified_gmt":"2022-06-01T16:11:13","slug":"la-construccion-del-centro-veterinario-esta-proxima-a-finalizar","status":"publish","type":"post","link":"https:\/\/experienciadevida.com.ar\/portalurbano\/la-construccion-del-centro-veterinario-esta-proxima-a-finalizar\/","title":{"rendered":"La construcci\u00f3n del Centro Veterinario est\u00e1 pr\u00f3xima a finalizar"},"content":{"rendered":"<p>La construcci\u00f3n del Centro Veterinario est\u00e1 pr\u00f3xima a finalizar, el <a href=\"https:\/\/www.facebook.com\/galliezequiel\">Intendente<\/a> recorri\u00f3 la obra del futuro Centro de Atenci\u00f3n Veterinario, la cual se encuentra muy pr\u00f3xima a finalizar.<\/p>\n<p><a href=\"https:\/\/experienciadevida.com.ar\/portalurbano\/la-construccion-del-centro-veterinario-esta-proxima-a-finalizar\/la-construccion\/\" rel=\"attachment wp-att-168686\"><img decoding=\"async\" class=\"alignnone size-large wp-image-168686\" src=\"https:\/\/experienciadevida.com.ar\/portalurbano\/wp-content\/uploads\/2022\/06\/La-construccion-1024x684.jpg\" alt=\"La construcci\u00f3n \" width=\"900\" height=\"601\" srcset=\"https:\/\/experienciadevida.com.ar\/portalurbano\/wp-content\/uploads\/2022\/06\/La-construccion-1024x684.jpg 1024w, https:\/\/experienciadevida.com.ar\/portalurbano\/wp-content\/uploads\/2022\/06\/La-construccion-300x201.jpg 300w, https:\/\/experienciadevida.com.ar\/portalurbano\/wp-content\/uploads\/2022\/06\/La-construccion-768x513.jpg 768w, https:\/\/experienciadevida.com.ar\/portalurbano\/wp-content\/uploads\/2022\/06\/La-construccion-1536x1027.jpg 1536w, https:\/\/experienciadevida.com.ar\/portalurbano\/wp-content\/uploads\/2022\/06\/La-construccion-2048x1369.jpg 2048w\" sizes=\"(max-width: 900px) 100vw, 900px\" \/><\/a><\/p>\n<p>Acompa\u00f1aron al intendente el Secretario de Mantenimiento y Obras P\u00fablicas Julio Ferraro y Sof\u00eda Mart\u00ednez como autoridad de la Direcci\u00f3n de Bromatolog\u00eda. Tambi\u00e9n particip\u00f3 de la recorrida una integrante de la firma Vigas y Bloques S.R.L., empresa adjudicataria de la licitaci\u00f3n para la concreci\u00f3n de tal obra.<\/p>\n<p>Una inversi\u00f3n aproximada de 8 millones de pesos requiri\u00f3 la construcci\u00f3n de este centro veterinario, la cual se realiz\u00f3 sobre un galp\u00f3n pre-existente en el predio de Bromatolog\u00eda. El resultado final (en los pr\u00f3ximos d\u00edas) constar\u00e1 de un sector de acceso vehicular, hall de acceso, recepci\u00f3n y espera. Habr\u00e1 un espacio pre-quir\u00fargico, quir\u00f3fano, sala de recuperaci\u00f3n pos quir\u00fargica y sala de monitoreo. Asimismo tendr\u00e1 un dep\u00f3sito de alimentos, de elementos m\u00e9dicos, una sala de reuniones y sanitarios.<\/p>\n<p>Ezequiel Galli oportunamente explic\u00f3 que \u201ces un Centro de Atenci\u00f3n Primaria Veterinaria, no es un Hospital, no va a funcionar con guardia, sino que es un Centro de Atenci\u00f3n\u201d.<\/p>\n<p>El CAPS Veterinario funcionar\u00e1 en el horario de 08:00 a 14:00 horas, de lunes a viernes. \u00abEl objetivo fundamental es el control de la poblaci\u00f3n de gatos y perros\u00bb, indicaron. En paralelo continuar\u00e1 en funcionamiento el Quir\u00f3fano Veterinario M\u00f3vil, a los fines de reforzar esta tarea diaria.<\/p>\n<p>El Intendente precis\u00f3 que \u201ccualquier vecino puede venir: la idea es tener un ritmo de castraci\u00f3n de unos 30 a 40 animales por d\u00eda\u201d.<\/p>\n<p><a href=\"https:\/\/experienciadevida.com.ar\/portalurbano\/la-construccion-del-centro-veterinario-esta-proxima-a-finalizar\/del-centro\/\" rel=\"attachment wp-att-168688\"><img decoding=\"async\" class=\"alignnone size-large wp-image-168688\" src=\"https:\/\/experienciadevida.com.ar\/portalurbano\/wp-content\/uploads\/2022\/06\/del-centro-1024x682.jpg\" alt=\"del centro \" width=\"900\" height=\"599\" srcset=\"https:\/\/experienciadevida.com.ar\/portalurbano\/wp-content\/uploads\/2022\/06\/del-centro-1024x682.jpg 1024w, https:\/\/experienciadevida.com.ar\/portalurbano\/wp-content\/uploads\/2022\/06\/del-centro-300x200.jpg 300w, https:\/\/experienciadevida.com.ar\/portalurbano\/wp-content\/uploads\/2022\/06\/del-centro-768x512.jpg 768w, https:\/\/experienciadevida.com.ar\/portalurbano\/wp-content\/uploads\/2022\/06\/del-centro-1536x1024.jpg 1536w, https:\/\/experienciadevida.com.ar\/portalurbano\/wp-content\/uploads\/2022\/06\/del-centro.jpg 1772w\" sizes=\"(max-width: 900px) 100vw, 900px\" \/><\/a><\/p>\n","protected":false},"excerpt":{"rendered":"<p>La construcci\u00f3n del Centro Veterinario est\u00e1 pr\u00f3xima a finalizar, el Intendente recorri\u00f3 la obra del&#8230;<\/p>\n","protected":false},"author":1,"featured_media":168684,"comment_status":"closed","ping_status":"closed","sticky":false,"template":"","format":"standard","meta":{"content-type":""},"categories":[27,64],"tags":[],"nelio_content":{"isAutoShareEnabled":false,"autoShareEndMode":"default","automationSources":{"useContentSentences":true,"useSocialTemplates":true,"useCustomSentences":false,"customSentences":[]},"followers":[1],"suggestedReferences":[],"includedReferences":[],"efiUrl":"","efiAlt":"","highlights":[]},"yoast_head":"<!-- This site is optimized with the Yoast SEO plugin v20.7 - https:\/\/yoast.com\/wordpress\/plugins\/seo\/ -->\n<title>La construcci\u00f3n del centro veterinario esta pr\u00f3xima a finalizar<\/title>\n<meta name=\"description\" content=\"La construcci\u00f3n del Centro Veterinario est\u00e1 pr\u00f3xima a finalizar, el Intendente recorri\u00f3 la obra del futuro Centro de Atenci\u00f3n Veterinario\" \/>\n<meta name=\"robots\" content=\"index, follow, max-snippet:-1, max-image-preview:large, max-video-preview:-1\" \/>\n<link rel=\"canonical\" href=\"https:\/\/experienciadevida.com.ar\/portalurbano\/la-construccion-del-centro-veterinario-esta-proxima-a-finalizar\/\" \/>\n<meta property=\"og:locale\" content=\"es_ES\" \/>\n<meta property=\"og:type\" content=\"article\" \/>\n<meta property=\"og:title\" content=\"La construcci\u00f3n del centro veterinario esta pr\u00f3xima a finalizar\" \/>\n<meta property=\"og:description\" content=\"La construcci\u00f3n del Centro Veterinario est\u00e1 pr\u00f3xima a finalizar, el Intendente recorri\u00f3 la obra del futuro Centro de Atenci\u00f3n Veterinario\" \/>\n<meta property=\"og:url\" content=\"https:\/\/experienciadevida.com.ar\/portalurbano\/la-construccion-del-centro-veterinario-esta-proxima-a-finalizar\/\" \/>\n<meta property=\"article:publisher\" content=\"https:\/\/www.facebook.com\/Portal-Urbano-171542830093757\/\" \/>\n<meta property=\"article:published_time\" content=\"2022-06-01T16:06:17+00:00\" \/>\n<meta property=\"article:modified_time\" content=\"2022-06-01T16:11:13+00:00\" \/>\n<meta property=\"og:image\" content=\"https:\/\/experienciadevida.com.ar\/portalurbano\/wp-content\/uploads\/2022\/06\/La-construccion-del-Centro.jpg\" \/>\n\t<meta property=\"og:image:width\" content=\"2560\" \/>\n\t<meta property=\"og:image:height\" content=\"1711\" \/>\n\t<meta property=\"og:image:type\" content=\"image\/jpeg\" \/>\n<meta name=\"author\" content=\"admpu17wp\" \/>\n<meta name=\"twitter:card\" content=\"summary_large_image\" \/>\n<meta name=\"twitter:creator\" content=\"@portalurbanook\" \/>\n<meta name=\"twitter:site\" content=\"@portalurbanook\" \/>\n<meta name=\"twitter:label1\" content=\"Escrito por\" \/>\n\t<meta name=\"twitter:data1\" content=\"admpu17wp\" \/>\n\t<meta name=\"twitter:label2\" content=\"Tiempo de lectura\" \/>\n\t<meta name=\"twitter:data2\" content=\"2 minutos\" \/>\n<script type=\"application\/ld+json\" class=\"yoast-schema-graph\">{\"@context\":\"https:\/\/schema.org\",\"@graph\":[{\"@type\":\"Article\",\"@id\":\"https:\/\/experienciadevida.com.ar\/portalurbano\/la-construccion-del-centro-veterinario-esta-proxima-a-finalizar\/#article\",\"isPartOf\":{\"@id\":\"https:\/\/experienciadevida.com.ar\/portalurbano\/la-construccion-del-centro-veterinario-esta-proxima-a-finalizar\/\"},\"author\":{\"name\":\"admpu17wp\",\"@id\":\"https:\/\/experienciadevida.com.ar\/portalurbano\/#\/schema\/person\/02dd326b1c4b056e9cc972486934a3a7\"},\"headline\":\"La construcci\u00f3n del Centro Veterinario est\u00e1 pr\u00f3xima a finalizar\",\"datePublished\":\"2022-06-01T16:06:17+00:00\",\"dateModified\":\"2022-06-01T16:11:13+00:00\",\"mainEntityOfPage\":{\"@id\":\"https:\/\/experienciadevida.com.ar\/portalurbano\/la-construccion-del-centro-veterinario-esta-proxima-a-finalizar\/\"},\"wordCount\":293,\"publisher\":{\"@id\":\"https:\/\/experienciadevida.com.ar\/portalurbano\/#organization\"},\"articleSection\":[\"Ciudad\",\"Destacadas 2\"],\"inLanguage\":\"es\"},{\"@type\":\"WebPage\",\"@id\":\"https:\/\/experienciadevida.com.ar\/portalurbano\/la-construccion-del-centro-veterinario-esta-proxima-a-finalizar\/\",\"url\":\"https:\/\/experienciadevida.com.ar\/portalurbano\/la-construccion-del-centro-veterinario-esta-proxima-a-finalizar\/\",\"name\":\"La construcci\u00f3n del centro veterinario esta pr\u00f3xima a finalizar\",\"isPartOf\":{\"@id\":\"https:\/\/experienciadevida.com.ar\/portalurbano\/#website\"},\"datePublished\":\"2022-06-01T16:06:17+00:00\",\"dateModified\":\"2022-06-01T16:11:13+00:00\",\"description\":\"La construcci\u00f3n del Centro Veterinario est\u00e1 pr\u00f3xima a finalizar, el Intendente recorri\u00f3 la obra del futuro Centro de Atenci\u00f3n Veterinario\",\"breadcrumb\":{\"@id\":\"https:\/\/experienciadevida.com.ar\/portalurbano\/la-construccion-del-centro-veterinario-esta-proxima-a-finalizar\/#breadcrumb\"},\"inLanguage\":\"es\",\"potentialAction\":[{\"@type\":\"ReadAction\",\"target\":[\"https:\/\/experienciadevida.com.ar\/portalurbano\/la-construccion-del-centro-veterinario-esta-proxima-a-finalizar\/\"]}]},{\"@type\":\"BreadcrumbList\",\"@id\":\"https:\/\/experienciadevida.com.ar\/portalurbano\/la-construccion-del-centro-veterinario-esta-proxima-a-finalizar\/#breadcrumb\",\"itemListElement\":[{\"@type\":\"ListItem\",\"position\":1,\"name\":\"Portada\",\"item\":\"https:\/\/experienciadevida.com.ar\/portalurbano\/\"},{\"@type\":\"ListItem\",\"position\":2,\"name\":\"La construcci\u00f3n del Centro Veterinario est\u00e1 pr\u00f3xima a finalizar\"}]},{\"@type\":\"WebSite\",\"@id\":\"https:\/\/experienciadevida.com.ar\/portalurbano\/#website\",\"url\":\"https:\/\/experienciadevida.com.ar\/portalurbano\/\",\"name\":\"\",\"description\":\"\",\"publisher\":{\"@id\":\"https:\/\/experienciadevida.com.ar\/portalurbano\/#organization\"},\"potentialAction\":[{\"@type\":\"SearchAction\",\"target\":{\"@type\":\"EntryPoint\",\"urlTemplate\":\"https:\/\/experienciadevida.com.ar\/portalurbano\/?s={search_term_string}\"},\"query-input\":\"required name=search_term_string\"}],\"inLanguage\":\"es\"},{\"@type\":\"Organization\",\"@id\":\"https:\/\/experienciadevida.com.ar\/portalurbano\/#organization\",\"name\":\"Portal Urbano\",\"url\":\"https:\/\/experienciadevida.com.ar\/portalurbano\/\",\"logo\":{\"@type\":\"ImageObject\",\"inLanguage\":\"es\",\"@id\":\"https:\/\/experienciadevida.com.ar\/portalurbano\/#\/schema\/logo\/image\/\",\"url\":\"https:\/\/experienciadevida.com.ar\/portalurbano\/wp-content\/uploads\/2019\/09\/Logo-Original.png\",\"contentUrl\":\"https:\/\/experienciadevida.com.ar\/portalurbano\/wp-content\/uploads\/2019\/09\/Logo-Original.png\",\"width\":2236,\"height\":1216,\"caption\":\"Portal Urbano\"},\"image\":{\"@id\":\"https:\/\/experienciadevida.com.ar\/portalurbano\/#\/schema\/logo\/image\/\"},\"sameAs\":[\"https:\/\/www.facebook.com\/Portal-Urbano-171542830093757\/\",\"https:\/\/twitter.com\/portalurbanook\",\"https:\/\/www.instagram.com\/_portalurbano\/\",\"https:\/\/www.youtube.com\/channel\/UCXhagIfszH8KxFiOok79zbA?view_as=subscriber\"]},{\"@type\":\"Person\",\"@id\":\"https:\/\/experienciadevida.com.ar\/portalurbano\/#\/schema\/person\/02dd326b1c4b056e9cc972486934a3a7\",\"name\":\"admpu17wp\",\"image\":{\"@type\":\"ImageObject\",\"inLanguage\":\"es\",\"@id\":\"https:\/\/experienciadevida.com.ar\/portalurbano\/#\/schema\/person\/image\/\",\"url\":\"https:\/\/secure.gravatar.com\/avatar\/830d4c57adaae6630765e449a6908047?s=96&d=mm&r=g\",\"contentUrl\":\"https:\/\/secure.gravatar.com\/avatar\/830d4c57adaae6630765e449a6908047?s=96&d=mm&r=g\",\"caption\":\"admpu17wp\"}}]}<\/script>\n<!-- \/ Yoast SEO plugin. -->","yoast_head_json":{"title":"La construcci\u00f3n del centro veterinario esta pr\u00f3xima a finalizar","description":"La construcci\u00f3n del Centro Veterinario est\u00e1 pr\u00f3xima a finalizar, el Intendente recorri\u00f3 la obra del futuro Centro de Atenci\u00f3n Veterinario","robots":{"index":"index","follow":"follow","max-snippet":"max-snippet:-1","max-image-preview":"max-image-preview:large","max-video-preview":"max-video-preview:-1"},"canonical":"https:\/\/experienciadevida.com.ar\/portalurbano\/la-construccion-del-centro-veterinario-esta-proxima-a-finalizar\/","og_locale":"es_ES","og_type":"article","og_title":"La construcci\u00f3n del centro veterinario esta pr\u00f3xima a finalizar","og_description":"La construcci\u00f3n del Centro Veterinario est\u00e1 pr\u00f3xima a finalizar, el Intendente recorri\u00f3 la obra del futuro Centro de Atenci\u00f3n Veterinario","og_url":"https:\/\/experienciadevida.com.ar\/portalurbano\/la-construccion-del-centro-veterinario-esta-proxima-a-finalizar\/","article_publisher":"https:\/\/www.facebook.com\/Portal-Urbano-171542830093757\/","article_published_time":"2022-06-01T16:06:17+00:00","article_modified_time":"2022-06-01T16:11:13+00:00","og_image":[{"width":2560,"height":1711,"url":"https:\/\/experienciadevida.com.ar\/portalurbano\/wp-content\/uploads\/2022\/06\/La-construccion-del-Centro.jpg","type":"image\/jpeg"}],"author":"admpu17wp","twitter_card":"summary_large_image","twitter_creator":"@portalurbanook","twitter_site":"@portalurbanook","twitter_misc":{"Escrito por":"admpu17wp","Tiempo de lectura":"2 minutos"},"schema":{"@context":"https:\/\/schema.org","@graph":[{"@type":"Article","@id":"https:\/\/experienciadevida.com.ar\/portalurbano\/la-construccion-del-centro-veterinario-esta-proxima-a-finalizar\/#article","isPartOf":{"@id":"https:\/\/experienciadevida.com.ar\/portalurbano\/la-construccion-del-centro-veterinario-esta-proxima-a-finalizar\/"},"author":{"name":"admpu17wp","@id":"https:\/\/experienciadevida.com.ar\/portalurbano\/#\/schema\/person\/02dd326b1c4b056e9cc972486934a3a7"},"headline":"La construcci\u00f3n del Centro Veterinario est\u00e1 pr\u00f3xima a finalizar","datePublished":"2022-06-01T16:06:17+00:00","dateModified":"2022-06-01T16:11:13+00:00","mainEntityOfPage":{"@id":"https:\/\/experienciadevida.com.ar\/portalurbano\/la-construccion-del-centro-veterinario-esta-proxima-a-finalizar\/"},"wordCount":293,"publisher":{"@id":"https:\/\/experienciadevida.com.ar\/portalurbano\/#organization"},"articleSection":["Ciudad","Destacadas 2"],"inLanguage":"es"},{"@type":"WebPage","@id":"https:\/\/experienciadevida.com.ar\/portalurbano\/la-construccion-del-centro-veterinario-esta-proxima-a-finalizar\/","url":"https:\/\/experienciadevida.com.ar\/portalurbano\/la-construccion-del-centro-veterinario-esta-proxima-a-finalizar\/","name":"La construcci\u00f3n del centro veterinario esta pr\u00f3xima a finalizar","isPartOf":{"@id":"https:\/\/experienciadevida.com.ar\/portalurbano\/#website"},"datePublished":"2022-06-01T16:06:17+00:00","dateModified":"2022-06-01T16:11:13+00:00","description":"La construcci\u00f3n del Centro Veterinario est\u00e1 pr\u00f3xima a finalizar, el Intendente recorri\u00f3 la obra del futuro Centro de Atenci\u00f3n Veterinario","breadcrumb":{"@id":"https:\/\/experienciadevida.com.ar\/portalurbano\/la-construccion-del-centro-veterinario-esta-proxima-a-finalizar\/#breadcrumb"},"inLanguage":"es","potentialAction":[{"@type":"ReadAction","target":["https:\/\/experienciadevida.com.ar\/portalurbano\/la-construccion-del-centro-veterinario-esta-proxima-a-finalizar\/"]}]},{"@type":"BreadcrumbList","@id":"https:\/\/experienciadevida.com.ar\/portalurbano\/la-construccion-del-centro-veterinario-esta-proxima-a-finalizar\/#breadcrumb","itemListElement":[{"@type":"ListItem","position":1,"name":"Portada","item":"https:\/\/experienciadevida.com.ar\/portalurbano\/"},{"@type":"ListItem","position":2,"name":"La construcci\u00f3n del Centro Veterinario est\u00e1 pr\u00f3xima a finalizar"}]},{"@type":"WebSite","@id":"https:\/\/experienciadevida.com.ar\/portalurbano\/#website","url":"https:\/\/experienciadevida.com.ar\/portalurbano\/","name":"","description":"","publisher":{"@id":"https:\/\/experienciadevida.com.ar\/portalurbano\/#organization"},"potentialAction":[{"@type":"SearchAction","target":{"@type":"EntryPoint","urlTemplate":"https:\/\/experienciadevida.com.ar\/portalurbano\/?s={search_term_string}"},"query-input":"required name=search_term_string"}],"inLanguage":"es"},{"@type":"Organization","@id":"https:\/\/experienciadevida.com.ar\/portalurbano\/#organization","name":"Portal Urbano","url":"https:\/\/experienciadevida.com.ar\/portalurbano\/","logo":{"@type":"ImageObject","inLanguage":"es","@id":"https:\/\/experienciadevida.com.ar\/portalurbano\/#\/schema\/logo\/image\/","url":"https:\/\/experienciadevida.com.ar\/portalurbano\/wp-content\/uploads\/2019\/09\/Logo-Original.png","contentUrl":"https:\/\/experienciadevida.com.ar\/portalurbano\/wp-content\/uploads\/2019\/09\/Logo-Original.png","width":2236,"height":1216,"caption":"Portal Urbano"},"image":{"@id":"https:\/\/experienciadevida.com.ar\/portalurbano\/#\/schema\/logo\/image\/"},"sameAs":["https:\/\/www.facebook.com\/Portal-Urbano-171542830093757\/","https:\/\/twitter.com\/portalurbanook","https:\/\/www.instagram.com\/_portalurbano\/","https:\/\/www.youtube.com\/channel\/UCXhagIfszH8KxFiOok79zbA?view_as=subscriber"]},{"@type":"Person","@id":"https:\/\/experienciadevida.com.ar\/portalurbano\/#\/schema\/person\/02dd326b1c4b056e9cc972486934a3a7","name":"admpu17wp","image":{"@type":"ImageObject","inLanguage":"es","@id":"https:\/\/experienciadevida.com.ar\/portalurbano\/#\/schema\/person\/image\/","url":"https:\/\/secure.gravatar.com\/avatar\/830d4c57adaae6630765e449a6908047?s=96&d=mm&r=g","contentUrl":"https:\/\/secure.gravatar.com\/avatar\/830d4c57adaae6630765e449a6908047?s=96&d=mm&r=g","caption":"admpu17wp"}}]}},"featured_image_urls":{"full":["https:\/\/experienciadevida.com.ar\/portalurbano\/wp-content\/uploads\/2022\/06\/La-construccion-del-Centro.jpg",2560,1711,false],"thumbnail":["https:\/\/experienciadevida.com.ar\/portalurbano\/wp-content\/uploads\/2022\/06\/La-construccion-del-Centro-150x150.jpg",150,150,true],"medium":["https:\/\/experienciadevida.com.ar\/portalurbano\/wp-content\/uploads\/2022\/06\/La-construccion-del-Centro-300x201.jpg",300,201,true],"medium_large":["https:\/\/experienciadevida.com.ar\/portalurbano\/wp-content\/uploads\/2022\/06\/La-construccion-del-Centro-768x513.jpg",640,428,true],"large":["https:\/\/experienciadevida.com.ar\/portalurbano\/wp-content\/uploads\/2022\/06\/La-construccion-del-Centro-1024x684.jpg",640,428,true],"ug_big":["https:\/\/experienciadevida.com.ar\/portalurbano\/wp-content\/uploads\/2022\/06\/La-construccion-del-Centro-768x513.jpg",768,513,true],"1536x1536":["https:\/\/experienciadevida.com.ar\/portalurbano\/wp-content\/uploads\/2022\/06\/La-construccion-del-Centro-1536x1027.jpg",1536,1027,true],"2048x2048":["https:\/\/experienciadevida.com.ar\/portalurbano\/wp-content\/uploads\/2022\/06\/La-construccion-del-Centro-2048x1369.jpg",2048,1369,true],"newsever-slider-full":["https:\/\/experienciadevida.com.ar\/portalurbano\/wp-content\/uploads\/2022\/06\/La-construccion-del-Centro.jpg",1264,845,false],"newsever-featured":["https:\/\/experienciadevida.com.ar\/portalurbano\/wp-content\/uploads\/2022\/06\/La-construccion-del-Centro.jpg",1024,684,false],"newsever-medium":["https:\/\/experienciadevida.com.ar\/portalurbano\/wp-content\/uploads\/2022\/06\/La-construccion-del-Centro.jpg",711,475,false],"web-stories-poster-portrait":["https:\/\/experienciadevida.com.ar\/portalurbano\/wp-content\/uploads\/2022\/06\/La-construccion-del-Centro.jpg",640,428,false],"web-stories-publisher-logo":["https:\/\/experienciadevida.com.ar\/portalurbano\/wp-content\/uploads\/2022\/06\/La-construccion-del-Centro.jpg",96,64,false],"web-stories-thumbnail":["https:\/\/experienciadevida.com.ar\/portalurbano\/wp-content\/uploads\/2022\/06\/La-construccion-del-Centro.jpg",150,100,false]},"author_info":{"display_name":"admpu17wp","author_link":"https:\/\/experienciadevida.com.ar\/portalurbano\/author\/admpu17wp\/"},"category_info":"<a href=\"https:\/\/experienciadevida.com.ar\/portalurbano\/category\/ciudad\/\" rel=\"category tag\">Ciudad<\/a> <a href=\"https:\/\/experienciadevida.com.ar\/portalurbano\/category\/destacadas-2\/\" rel=\"category tag\">Destacadas 2<\/a>","tag_info":"Destacadas 2","comment_count":"0","amp_enabled":true,"_links":{"self":[{"href":"https:\/\/experienciadevida.com.ar\/portalurbano\/wp-json\/wp\/v2\/posts\/168683"}],"collection":[{"href":"https:\/\/experienciadevida.com.ar\/portalurbano\/wp-json\/wp\/v2\/posts"}],"about":[{"href":"https:\/\/experienciadevida.com.ar\/portalurbano\/wp-json\/wp\/v2\/types\/post"}],"author":[{"embeddable":true,"href":"https:\/\/experienciadevida.com.ar\/portalurbano\/wp-json\/wp\/v2\/users\/1"}],"replies":[{"embeddable":true,"href":"https:\/\/experienciadevida.com.ar\/portalurbano\/wp-json\/wp\/v2\/comments?post=168683"}],"version-history":[{"count":3,"href":"https:\/\/experienciadevida.com.ar\/portalurbano\/wp-json\/wp\/v2\/posts\/168683\/revisions"}],"predecessor-version":[{"id":168689,"href":"https:\/\/experienciadevida.com.ar\/portalurbano\/wp-json\/wp\/v2\/posts\/168683\/revisions\/168689"}],"wp:featuredmedia":[{"embeddable":true,"href":"https:\/\/experienciadevida.com.ar\/portalurbano\/wp-json\/wp\/v2\/media\/168684"}],"wp:attachment":[{"href":"https:\/\/experienciadevida.com.ar\/portalurbano\/wp-json\/wp\/v2\/media?parent=168683"}],"wp:term":[{"taxonomy":"category","embeddable":true,"href":"https:\/\/experienciadevida.com.ar\/portalurbano\/wp-json\/wp\/v2\/categories?post=168683"},{"taxonomy":"post_tag","embeddable":true,"href":"https:\/\/experienciadevida.com.ar\/portalurbano\/wp-json\/wp\/v2\/tags?post=168683"}],"curies":[{"name":"wp","href":"https:\/\/api.w.org\/{rel}","templated":true}]}}