{"id":168634,"date":"2022-05-31T15:52:41","date_gmt":"2022-05-31T18:52:41","guid":{"rendered":"https:\/\/experienciadevida.com.ar\/portalurbano\/?p=168634"},"modified":"2022-05-31T15:59:52","modified_gmt":"2022-05-31T18:59:52","slug":"con-el-enfasis-en-la-educacion-y-concientizacion-proyectos-e-iniciativas-en-el-mes-de-la-seguridad-vial","status":"publish","type":"post","link":"https:\/\/experienciadevida.com.ar\/portalurbano\/con-el-enfasis-en-la-educacion-y-concientizacion-proyectos-e-iniciativas-en-el-mes-de-la-seguridad-vial\/","title":{"rendered":"Con el \u00e9nfasis en la educaci\u00f3n y concientizaci\u00f3n, proyectos e iniciativas en el mes de la Seguridad Vial"},"content":{"rendered":"<p>Con el \u00e9nfasis en la educaci\u00f3n y concientizaci\u00f3n, proyectos e iniciativas en el mes de la Seguridad Vial, el 10 de junio se conmemora en todo el territorio nacional el D\u00eda de la Seguridad Vial, pero desde la <a href=\"https:\/\/www.facebook.com\/municipiodeolavarria\">Municipalidad<\/a> del Olavarr\u00eda todo junio ser\u00e1 considerado el \u201cMes de la Seguridad Vial\u201d, por lo que se realizar\u00e1n diversas labores y campa\u00f1as en materia de educaci\u00f3n y concientizaci\u00f3n. En ese sentido, tambi\u00e9n se avanzar\u00e1 en proyectos que fueron presentados respectivamente tanto desde la Subsecretar\u00eda de Seguridad como de la Direcci\u00f3n de Licencias de Conducir.<\/p>\n<p>Se trata de dos iniciativas que, como se aludi\u00f3 previamente, ponen el \u00e9nfasis en la educaci\u00f3n. Se trata, por un lado, del proyecto denominado \u201cHerramientas para la obtenci\u00f3n de la Licencia de Conducir en el marco de la conciencia sobre Seguridad Vial\u201d, el cual es impulsado desde el \u00e1rea que se encuentra encabezada por Leandro Lanceta.<\/p>\n<p>\u201cLa educaci\u00f3n vial es un tema de educaci\u00f3n c\u00edvica. La base de la convivencia son los derechos y obligaciones de los ciudadanos, y estos deben guiarnos a un compromiso de respeto por parte de todos los usuarios de la v\u00eda\u201d, argument\u00f3 el funcionario municipal, quien se agreg\u00f3 que \u201cen adici\u00f3n a todos los valores que debemos asumir al momento de la circulaci\u00f3n (el respeto de se\u00f1ales y normas, solidaridad, responsabilidad, la percepci\u00f3n del riesgo, tolerancia, libertad, orden, autonom\u00eda personal) tambi\u00e9n tenemos el deber de conocer la reglamentaci\u00f3n y las leyes que regulan todos los aspectos de la seguridad vial\u201d.<\/p>\n<p>Est\u00e1 dirigido a alumnos y alumnas tanto del nivel inicial como del primer ciclo de educaci\u00f3n primaria. La modalidad ser\u00e1 mediante la realizaci\u00f3n de charlas y talleres en establecimientos educativos del Partido, las cuales podr\u00e1n requerir este tipo de jornadas, en las que tambi\u00e9n se har\u00e1 la entrega de folleter\u00eda y material did\u00e1ctico. La actitud del ciudadano, ya sea en el rol de conductor, peat\u00f3n o usuario de transporte, a la par de normativas y legislaciones ser\u00e1n algunos de los temas abordados.<\/p>\n<p>El proyecto se complementa con la iniciativa gestada desde la Subsecretar\u00eda de Seguridad, que tiene como p\u00fablico destinatario estudiantes del 2\u00b0 ciclo de primaria y secundaria. \u201cSi bien todos conocemos las leyes de tr\u00e1nsito, una cosa muy distinta es el respeto de las mismas, con lo que ello apareja como consecuencia en el registro de siniestros viales\u201d, expres\u00f3 Mario Busto.<\/p>\n<p>El funcionario municipal puso el acento en la concientizaci\u00f3n, \u201cya que se busca no solamente ampliar los conocimientos en materia vial; sino de profundizar mediante esta campa\u00f1a una f\u00e9rrea concientizaci\u00f3n sobre los conductores y tambi\u00e9n peatones\u201d, complet\u00f3.<\/p>\n<p>El plan apunta a dos segmentos diferenciados. Por un lado, como se anticip\u00f3 previamente, chicos y chicas en edad escolar, a quienes se les destinar\u00e1n jornadas en las se compartir\u00e1n diapositivas y cortometrajes, adem\u00e1s de la entrega de folleter\u00eda.<\/p>\n<p>El segundo segmento apuntado es ya un p\u00fablico adulto, al que tambi\u00e9n se lo abordar\u00e1 a trav\u00e9s de diversas v\u00edas. Una de ellas ser\u00e1 la puesta en marcha de una campa\u00f1a audiovisual, que comenzar\u00e1 a verse en las pr\u00f3ximas horas en los canales oficiales de la Municipalidad de Olavarr\u00eda.<\/p>\n<p>A la par, en el marco de los controles que se vienen llevando a cabo en distintos puntos de la ciudad y el Partido, adem\u00e1s de la identificaci\u00f3n de los rodados y tripulantes, en la ocasi\u00f3n tambi\u00e9n se entregar\u00e1 folleter\u00eda y material did\u00e1ctico.<\/p>\n<p>Asimismo, tambi\u00e9n se contempla la realizaci\u00f3n de jornadas que tendr\u00e1n como p\u00fablico objetivo agentes de la polic\u00eda Bonaerense, quienes se encuentran a cargo precisamente del control y cumplimiento de las normativas, tanto en lo que es la Ley Nacional de Tr\u00e1nsito, como las normas que regulan el procedimiento contravencional municipal.<\/p>\n<p>Se detall\u00f3 que las jornadas ser\u00e1n lideradas por el comisario Iv\u00e1n Rodr\u00edguez, quien adem\u00e1s de ser integrante de la fuerza de seguridad posee el t\u00edtulo de T\u00e9cnico Superior en Seguridad P\u00fablica, y en las mismas tambi\u00e9n se abordar\u00e1n pr\u00e1cticas b\u00e1sicas de RCP con especialistas.<\/p>\n<p>Vale mencionar que cada una de estas iniciativas, las cuales ya se encuentran en marcha y tienen jornadas pautadas para los pr\u00f3ximos d\u00edas, se complementan con pol\u00edticas y medidas que se vienen realizando desde hace ya un tiempo por la Municipalidad de Olavarr\u00eda. En ese detalle se puede enumerar, por ejemplo, las Charlas de Educaci\u00f3n Vial que se est\u00e1n dictando actualmente a cargo del perito en Accidentolog\u00eda Vial Carlos Sotuyo, orientadas al p\u00fablico en general y mayores de 70 a\u00f1os que deben rendir examen te\u00f3rico pr\u00e1ctico.<\/p>\n<p>Por \u00faltimo, en el detalle no puede eludirse las jornadas que desde hace a\u00f1os viene liderando el ingeniero Agust\u00edn Falivene, responsable de tr\u00e1nsito y seguridad vial de la Direcci\u00f3n de Acci\u00f3n y Control Urbano, en establecimientos educativos de todo nivel de ense\u00f1anza del Partido de Olavarr\u00eda. En estas charlas se abordan diversas tem\u00e1ticas, con soporte de material audiovisual, did\u00e1ctico e inclusive pr\u00e1ctico. Para solicitarlas deber\u00e1n coordinar la misma al correo controlmunicipal@olavarria.gov.ar o al tel\u00e9fono 412533 o 412538.<\/p>\n","protected":false},"excerpt":{"rendered":"<p>Con el \u00e9nfasis en la educaci\u00f3n y concientizaci\u00f3n, proyectos e iniciativas en el mes de&#8230;<\/p>\n","protected":false},"author":1,"featured_media":168635,"comment_status":"closed","ping_status":"closed","sticky":false,"template":"","format":"standard","meta":{"content-type":""},"categories":[27,64],"tags":[],"nelio_content":{"isAutoShareEnabled":false,"autoShareEndMode":"default","automationSources":{"useContentSentences":true,"useSocialTemplates":true,"useCustomSentences":false,"customSentences":[]},"followers":[1],"suggestedReferences":[],"includedReferences":[],"efiUrl":"","efiAlt":"","highlights":[]},"yoast_head":"<!-- This site is optimized with the Yoast SEO plugin v20.7 - https:\/\/yoast.com\/wordpress\/plugins\/seo\/ -->\n<title>Con el \u00e9nfasis en la educaci\u00f3n iniciativas en el mes de seguridad vial<\/title>\n<meta name=\"description\" content=\"Con el \u00e9nfasis en la educaci\u00f3n y concientizaci\u00f3n, proyectos e iniciativas en el mes de la Seguridad Vial, el 10 de junio se conmemora\" \/>\n<meta name=\"robots\" content=\"index, follow, max-snippet:-1, max-image-preview:large, max-video-preview:-1\" \/>\n<link rel=\"canonical\" href=\"https:\/\/experienciadevida.com.ar\/portalurbano\/con-el-enfasis-en-la-educacion-y-concientizacion-proyectos-e-iniciativas-en-el-mes-de-la-seguridad-vial\/\" \/>\n<meta property=\"og:locale\" content=\"es_ES\" \/>\n<meta property=\"og:type\" content=\"article\" \/>\n<meta property=\"og:title\" content=\"Con el \u00e9nfasis en la educaci\u00f3n iniciativas en el mes de seguridad vial\" \/>\n<meta property=\"og:description\" content=\"Con el \u00e9nfasis en la educaci\u00f3n y concientizaci\u00f3n, proyectos e iniciativas en el mes de la Seguridad Vial, el 10 de junio se conmemora\" \/>\n<meta property=\"og:url\" content=\"https:\/\/experienciadevida.com.ar\/portalurbano\/con-el-enfasis-en-la-educacion-y-concientizacion-proyectos-e-iniciativas-en-el-mes-de-la-seguridad-vial\/\" \/>\n<meta property=\"article:publisher\" content=\"https:\/\/www.facebook.com\/Portal-Urbano-171542830093757\/\" \/>\n<meta property=\"article:published_time\" content=\"2022-05-31T18:52:41+00:00\" \/>\n<meta property=\"article:modified_time\" content=\"2022-05-31T18:59:52+00:00\" \/>\n<meta property=\"og:image\" content=\"https:\/\/experienciadevida.com.ar\/portalurbano\/wp-content\/uploads\/2022\/05\/Con-el-enfasis-en.jpg\" \/>\n\t<meta property=\"og:image:width\" content=\"1024\" \/>\n\t<meta property=\"og:image:height\" content=\"682\" \/>\n\t<meta property=\"og:image:type\" content=\"image\/jpeg\" \/>\n<meta name=\"author\" content=\"admpu17wp\" \/>\n<meta name=\"twitter:card\" content=\"summary_large_image\" \/>\n<meta name=\"twitter:creator\" content=\"@portalurbanook\" \/>\n<meta name=\"twitter:site\" content=\"@portalurbanook\" \/>\n<meta name=\"twitter:label1\" content=\"Escrito por\" \/>\n\t<meta name=\"twitter:data1\" content=\"admpu17wp\" \/>\n\t<meta name=\"twitter:label2\" content=\"Tiempo de lectura\" \/>\n\t<meta name=\"twitter:data2\" content=\"4 minutos\" \/>\n<script type=\"application\/ld+json\" class=\"yoast-schema-graph\">{\"@context\":\"https:\/\/schema.org\",\"@graph\":[{\"@type\":\"Article\",\"@id\":\"https:\/\/experienciadevida.com.ar\/portalurbano\/con-el-enfasis-en-la-educacion-y-concientizacion-proyectos-e-iniciativas-en-el-mes-de-la-seguridad-vial\/#article\",\"isPartOf\":{\"@id\":\"https:\/\/experienciadevida.com.ar\/portalurbano\/con-el-enfasis-en-la-educacion-y-concientizacion-proyectos-e-iniciativas-en-el-mes-de-la-seguridad-vial\/\"},\"author\":{\"name\":\"admpu17wp\",\"@id\":\"https:\/\/experienciadevida.com.ar\/portalurbano\/#\/schema\/person\/02dd326b1c4b056e9cc972486934a3a7\"},\"headline\":\"Con el \u00e9nfasis en la educaci\u00f3n y concientizaci\u00f3n, proyectos e iniciativas en el mes de la Seguridad Vial\",\"datePublished\":\"2022-05-31T18:52:41+00:00\",\"dateModified\":\"2022-05-31T18:59:52+00:00\",\"mainEntityOfPage\":{\"@id\":\"https:\/\/experienciadevida.com.ar\/portalurbano\/con-el-enfasis-en-la-educacion-y-concientizacion-proyectos-e-iniciativas-en-el-mes-de-la-seguridad-vial\/\"},\"wordCount\":929,\"publisher\":{\"@id\":\"https:\/\/experienciadevida.com.ar\/portalurbano\/#organization\"},\"articleSection\":[\"Ciudad\",\"Destacadas 2\"],\"inLanguage\":\"es\"},{\"@type\":\"WebPage\",\"@id\":\"https:\/\/experienciadevida.com.ar\/portalurbano\/con-el-enfasis-en-la-educacion-y-concientizacion-proyectos-e-iniciativas-en-el-mes-de-la-seguridad-vial\/\",\"url\":\"https:\/\/experienciadevida.com.ar\/portalurbano\/con-el-enfasis-en-la-educacion-y-concientizacion-proyectos-e-iniciativas-en-el-mes-de-la-seguridad-vial\/\",\"name\":\"Con el \u00e9nfasis en la educaci\u00f3n iniciativas en el mes de seguridad vial\",\"isPartOf\":{\"@id\":\"https:\/\/experienciadevida.com.ar\/portalurbano\/#website\"},\"datePublished\":\"2022-05-31T18:52:41+00:00\",\"dateModified\":\"2022-05-31T18:59:52+00:00\",\"description\":\"Con el \u00e9nfasis en la educaci\u00f3n y concientizaci\u00f3n, proyectos e iniciativas en el mes de la Seguridad Vial, el 10 de junio se conmemora\",\"breadcrumb\":{\"@id\":\"https:\/\/experienciadevida.com.ar\/portalurbano\/con-el-enfasis-en-la-educacion-y-concientizacion-proyectos-e-iniciativas-en-el-mes-de-la-seguridad-vial\/#breadcrumb\"},\"inLanguage\":\"es\",\"potentialAction\":[{\"@type\":\"ReadAction\",\"target\":[\"https:\/\/experienciadevida.com.ar\/portalurbano\/con-el-enfasis-en-la-educacion-y-concientizacion-proyectos-e-iniciativas-en-el-mes-de-la-seguridad-vial\/\"]}]},{\"@type\":\"BreadcrumbList\",\"@id\":\"https:\/\/experienciadevida.com.ar\/portalurbano\/con-el-enfasis-en-la-educacion-y-concientizacion-proyectos-e-iniciativas-en-el-mes-de-la-seguridad-vial\/#breadcrumb\",\"itemListElement\":[{\"@type\":\"ListItem\",\"position\":1,\"name\":\"Portada\",\"item\":\"https:\/\/experienciadevida.com.ar\/portalurbano\/\"},{\"@type\":\"ListItem\",\"position\":2,\"name\":\"Con el \u00e9nfasis en la educaci\u00f3n y concientizaci\u00f3n, proyectos e iniciativas en el mes de la Seguridad Vial\"}]},{\"@type\":\"WebSite\",\"@id\":\"https:\/\/experienciadevida.com.ar\/portalurbano\/#website\",\"url\":\"https:\/\/experienciadevida.com.ar\/portalurbano\/\",\"name\":\"\",\"description\":\"\",\"publisher\":{\"@id\":\"https:\/\/experienciadevida.com.ar\/portalurbano\/#organization\"},\"potentialAction\":[{\"@type\":\"SearchAction\",\"target\":{\"@type\":\"EntryPoint\",\"urlTemplate\":\"https:\/\/experienciadevida.com.ar\/portalurbano\/?s={search_term_string}\"},\"query-input\":\"required name=search_term_string\"}],\"inLanguage\":\"es\"},{\"@type\":\"Organization\",\"@id\":\"https:\/\/experienciadevida.com.ar\/portalurbano\/#organization\",\"name\":\"Portal Urbano\",\"url\":\"https:\/\/experienciadevida.com.ar\/portalurbano\/\",\"logo\":{\"@type\":\"ImageObject\",\"inLanguage\":\"es\",\"@id\":\"https:\/\/experienciadevida.com.ar\/portalurbano\/#\/schema\/logo\/image\/\",\"url\":\"https:\/\/experienciadevida.com.ar\/portalurbano\/wp-content\/uploads\/2019\/09\/Logo-Original.png\",\"contentUrl\":\"https:\/\/experienciadevida.com.ar\/portalurbano\/wp-content\/uploads\/2019\/09\/Logo-Original.png\",\"width\":2236,\"height\":1216,\"caption\":\"Portal Urbano\"},\"image\":{\"@id\":\"https:\/\/experienciadevida.com.ar\/portalurbano\/#\/schema\/logo\/image\/\"},\"sameAs\":[\"https:\/\/www.facebook.com\/Portal-Urbano-171542830093757\/\",\"https:\/\/twitter.com\/portalurbanook\",\"https:\/\/www.instagram.com\/_portalurbano\/\",\"https:\/\/www.youtube.com\/channel\/UCXhagIfszH8KxFiOok79zbA?view_as=subscriber\"]},{\"@type\":\"Person\",\"@id\":\"https:\/\/experienciadevida.com.ar\/portalurbano\/#\/schema\/person\/02dd326b1c4b056e9cc972486934a3a7\",\"name\":\"admpu17wp\",\"image\":{\"@type\":\"ImageObject\",\"inLanguage\":\"es\",\"@id\":\"https:\/\/experienciadevida.com.ar\/portalurbano\/#\/schema\/person\/image\/\",\"url\":\"https:\/\/secure.gravatar.com\/avatar\/830d4c57adaae6630765e449a6908047?s=96&d=mm&r=g\",\"contentUrl\":\"https:\/\/secure.gravatar.com\/avatar\/830d4c57adaae6630765e449a6908047?s=96&d=mm&r=g\",\"caption\":\"admpu17wp\"}}]}<\/script>\n<!-- \/ Yoast SEO plugin. -->","yoast_head_json":{"title":"Con el \u00e9nfasis en la educaci\u00f3n iniciativas en el mes de seguridad vial","description":"Con el \u00e9nfasis en la educaci\u00f3n y concientizaci\u00f3n, proyectos e iniciativas en el mes de la Seguridad Vial, el 10 de junio se conmemora","robots":{"index":"index","follow":"follow","max-snippet":"max-snippet:-1","max-image-preview":"max-image-preview:large","max-video-preview":"max-video-preview:-1"},"canonical":"https:\/\/experienciadevida.com.ar\/portalurbano\/con-el-enfasis-en-la-educacion-y-concientizacion-proyectos-e-iniciativas-en-el-mes-de-la-seguridad-vial\/","og_locale":"es_ES","og_type":"article","og_title":"Con el \u00e9nfasis en la educaci\u00f3n iniciativas en el mes de seguridad vial","og_description":"Con el \u00e9nfasis en la educaci\u00f3n y concientizaci\u00f3n, proyectos e iniciativas en el mes de la Seguridad Vial, el 10 de junio se conmemora","og_url":"https:\/\/experienciadevida.com.ar\/portalurbano\/con-el-enfasis-en-la-educacion-y-concientizacion-proyectos-e-iniciativas-en-el-mes-de-la-seguridad-vial\/","article_publisher":"https:\/\/www.facebook.com\/Portal-Urbano-171542830093757\/","article_published_time":"2022-05-31T18:52:41+00:00","article_modified_time":"2022-05-31T18:59:52+00:00","og_image":[{"width":1024,"height":682,"url":"https:\/\/experienciadevida.com.ar\/portalurbano\/wp-content\/uploads\/2022\/05\/Con-el-enfasis-en.jpg","type":"image\/jpeg"}],"author":"admpu17wp","twitter_card":"summary_large_image","twitter_creator":"@portalurbanook","twitter_site":"@portalurbanook","twitter_misc":{"Escrito por":"admpu17wp","Tiempo de lectura":"4 minutos"},"schema":{"@context":"https:\/\/schema.org","@graph":[{"@type":"Article","@id":"https:\/\/experienciadevida.com.ar\/portalurbano\/con-el-enfasis-en-la-educacion-y-concientizacion-proyectos-e-iniciativas-en-el-mes-de-la-seguridad-vial\/#article","isPartOf":{"@id":"https:\/\/experienciadevida.com.ar\/portalurbano\/con-el-enfasis-en-la-educacion-y-concientizacion-proyectos-e-iniciativas-en-el-mes-de-la-seguridad-vial\/"},"author":{"name":"admpu17wp","@id":"https:\/\/experienciadevida.com.ar\/portalurbano\/#\/schema\/person\/02dd326b1c4b056e9cc972486934a3a7"},"headline":"Con el \u00e9nfasis en la educaci\u00f3n y concientizaci\u00f3n, proyectos e iniciativas en el mes de la Seguridad Vial","datePublished":"2022-05-31T18:52:41+00:00","dateModified":"2022-05-31T18:59:52+00:00","mainEntityOfPage":{"@id":"https:\/\/experienciadevida.com.ar\/portalurbano\/con-el-enfasis-en-la-educacion-y-concientizacion-proyectos-e-iniciativas-en-el-mes-de-la-seguridad-vial\/"},"wordCount":929,"publisher":{"@id":"https:\/\/experienciadevida.com.ar\/portalurbano\/#organization"},"articleSection":["Ciudad","Destacadas 2"],"inLanguage":"es"},{"@type":"WebPage","@id":"https:\/\/experienciadevida.com.ar\/portalurbano\/con-el-enfasis-en-la-educacion-y-concientizacion-proyectos-e-iniciativas-en-el-mes-de-la-seguridad-vial\/","url":"https:\/\/experienciadevida.com.ar\/portalurbano\/con-el-enfasis-en-la-educacion-y-concientizacion-proyectos-e-iniciativas-en-el-mes-de-la-seguridad-vial\/","name":"Con el \u00e9nfasis en la educaci\u00f3n iniciativas en el mes de seguridad vial","isPartOf":{"@id":"https:\/\/experienciadevida.com.ar\/portalurbano\/#website"},"datePublished":"2022-05-31T18:52:41+00:00","dateModified":"2022-05-31T18:59:52+00:00","description":"Con el \u00e9nfasis en la educaci\u00f3n y concientizaci\u00f3n, proyectos e iniciativas en el mes de la Seguridad Vial, el 10 de junio se conmemora","breadcrumb":{"@id":"https:\/\/experienciadevida.com.ar\/portalurbano\/con-el-enfasis-en-la-educacion-y-concientizacion-proyectos-e-iniciativas-en-el-mes-de-la-seguridad-vial\/#breadcrumb"},"inLanguage":"es","potentialAction":[{"@type":"ReadAction","target":["https:\/\/experienciadevida.com.ar\/portalurbano\/con-el-enfasis-en-la-educacion-y-concientizacion-proyectos-e-iniciativas-en-el-mes-de-la-seguridad-vial\/"]}]},{"@type":"BreadcrumbList","@id":"https:\/\/experienciadevida.com.ar\/portalurbano\/con-el-enfasis-en-la-educacion-y-concientizacion-proyectos-e-iniciativas-en-el-mes-de-la-seguridad-vial\/#breadcrumb","itemListElement":[{"@type":"ListItem","position":1,"name":"Portada","item":"https:\/\/experienciadevida.com.ar\/portalurbano\/"},{"@type":"ListItem","position":2,"name":"Con el \u00e9nfasis en la educaci\u00f3n y concientizaci\u00f3n, proyectos e iniciativas en el mes de la Seguridad Vial"}]},{"@type":"WebSite","@id":"https:\/\/experienciadevida.com.ar\/portalurbano\/#website","url":"https:\/\/experienciadevida.com.ar\/portalurbano\/","name":"","description":"","publisher":{"@id":"https:\/\/experienciadevida.com.ar\/portalurbano\/#organization"},"potentialAction":[{"@type":"SearchAction","target":{"@type":"EntryPoint","urlTemplate":"https:\/\/experienciadevida.com.ar\/portalurbano\/?s={search_term_string}"},"query-input":"required name=search_term_string"}],"inLanguage":"es"},{"@type":"Organization","@id":"https:\/\/experienciadevida.com.ar\/portalurbano\/#organization","name":"Portal Urbano","url":"https:\/\/experienciadevida.com.ar\/portalurbano\/","logo":{"@type":"ImageObject","inLanguage":"es","@id":"https:\/\/experienciadevida.com.ar\/portalurbano\/#\/schema\/logo\/image\/","url":"https:\/\/experienciadevida.com.ar\/portalurbano\/wp-content\/uploads\/2019\/09\/Logo-Original.png","contentUrl":"https:\/\/experienciadevida.com.ar\/portalurbano\/wp-content\/uploads\/2019\/09\/Logo-Original.png","width":2236,"height":1216,"caption":"Portal Urbano"},"image":{"@id":"https:\/\/experienciadevida.com.ar\/portalurbano\/#\/schema\/logo\/image\/"},"sameAs":["https:\/\/www.facebook.com\/Portal-Urbano-171542830093757\/","https:\/\/twitter.com\/portalurbanook","https:\/\/www.instagram.com\/_portalurbano\/","https:\/\/www.youtube.com\/channel\/UCXhagIfszH8KxFiOok79zbA?view_as=subscriber"]},{"@type":"Person","@id":"https:\/\/experienciadevida.com.ar\/portalurbano\/#\/schema\/person\/02dd326b1c4b056e9cc972486934a3a7","name":"admpu17wp","image":{"@type":"ImageObject","inLanguage":"es","@id":"https:\/\/experienciadevida.com.ar\/portalurbano\/#\/schema\/person\/image\/","url":"https:\/\/secure.gravatar.com\/avatar\/830d4c57adaae6630765e449a6908047?s=96&d=mm&r=g","contentUrl":"https:\/\/secure.gravatar.com\/avatar\/830d4c57adaae6630765e449a6908047?s=96&d=mm&r=g","caption":"admpu17wp"}}]}},"featured_image_urls":{"full":["https:\/\/experienciadevida.com.ar\/portalurbano\/wp-content\/uploads\/2022\/05\/Con-el-enfasis-en.jpg",1024,682,false],"thumbnail":["https:\/\/experienciadevida.com.ar\/portalurbano\/wp-content\/uploads\/2022\/05\/Con-el-enfasis-en-150x150.jpg",150,150,true],"medium":["https:\/\/experienciadevida.com.ar\/portalurbano\/wp-content\/uploads\/2022\/05\/Con-el-enfasis-en-300x200.jpg",300,200,true],"medium_large":["https:\/\/experienciadevida.com.ar\/portalurbano\/wp-content\/uploads\/2022\/05\/Con-el-enfasis-en-768x512.jpg",640,427,true],"large":["https:\/\/experienciadevida.com.ar\/portalurbano\/wp-content\/uploads\/2022\/05\/Con-el-enfasis-en.jpg",640,426,false],"ug_big":["https:\/\/experienciadevida.com.ar\/portalurbano\/wp-content\/uploads\/2022\/05\/Con-el-enfasis-en-768x512.jpg",768,512,true],"1536x1536":["https:\/\/experienciadevida.com.ar\/portalurbano\/wp-content\/uploads\/2022\/05\/Con-el-enfasis-en.jpg",1024,682,false],"2048x2048":["https:\/\/experienciadevida.com.ar\/portalurbano\/wp-content\/uploads\/2022\/05\/Con-el-enfasis-en.jpg",1024,682,false],"newsever-slider-full":["https:\/\/experienciadevida.com.ar\/portalurbano\/wp-content\/uploads\/2022\/05\/Con-el-enfasis-en.jpg",1024,682,false],"newsever-featured":["https:\/\/experienciadevida.com.ar\/portalurbano\/wp-content\/uploads\/2022\/05\/Con-el-enfasis-en.jpg",1024,682,false],"newsever-medium":["https:\/\/experienciadevida.com.ar\/portalurbano\/wp-content\/uploads\/2022\/05\/Con-el-enfasis-en.jpg",713,475,false],"web-stories-poster-portrait":["https:\/\/experienciadevida.com.ar\/portalurbano\/wp-content\/uploads\/2022\/05\/Con-el-enfasis-en.jpg",640,426,false],"web-stories-publisher-logo":["https:\/\/experienciadevida.com.ar\/portalurbano\/wp-content\/uploads\/2022\/05\/Con-el-enfasis-en.jpg",96,64,false],"web-stories-thumbnail":["https:\/\/experienciadevida.com.ar\/portalurbano\/wp-content\/uploads\/2022\/05\/Con-el-enfasis-en.jpg",150,100,false]},"author_info":{"display_name":"admpu17wp","author_link":"https:\/\/experienciadevida.com.ar\/portalurbano\/author\/admpu17wp\/"},"category_info":"<a href=\"https:\/\/experienciadevida.com.ar\/portalurbano\/category\/ciudad\/\" rel=\"category tag\">Ciudad<\/a> <a href=\"https:\/\/experienciadevida.com.ar\/portalurbano\/category\/destacadas-2\/\" rel=\"category tag\">Destacadas 2<\/a>","tag_info":"Destacadas 2","comment_count":"0","amp_enabled":true,"_links":{"self":[{"href":"https:\/\/experienciadevida.com.ar\/portalurbano\/wp-json\/wp\/v2\/posts\/168634"}],"collection":[{"href":"https:\/\/experienciadevida.com.ar\/portalurbano\/wp-json\/wp\/v2\/posts"}],"about":[{"href":"https:\/\/experienciadevida.com.ar\/portalurbano\/wp-json\/wp\/v2\/types\/post"}],"author":[{"embeddable":true,"href":"https:\/\/experienciadevida.com.ar\/portalurbano\/wp-json\/wp\/v2\/users\/1"}],"replies":[{"embeddable":true,"href":"https:\/\/experienciadevida.com.ar\/portalurbano\/wp-json\/wp\/v2\/comments?post=168634"}],"version-history":[{"count":2,"href":"https:\/\/experienciadevida.com.ar\/portalurbano\/wp-json\/wp\/v2\/posts\/168634\/revisions"}],"predecessor-version":[{"id":168637,"href":"https:\/\/experienciadevida.com.ar\/portalurbano\/wp-json\/wp\/v2\/posts\/168634\/revisions\/168637"}],"wp:featuredmedia":[{"embeddable":true,"href":"https:\/\/experienciadevida.com.ar\/portalurbano\/wp-json\/wp\/v2\/media\/168635"}],"wp:attachment":[{"href":"https:\/\/experienciadevida.com.ar\/portalurbano\/wp-json\/wp\/v2\/media?parent=168634"}],"wp:term":[{"taxonomy":"category","embeddable":true,"href":"https:\/\/experienciadevida.com.ar\/portalurbano\/wp-json\/wp\/v2\/categories?post=168634"},{"taxonomy":"post_tag","embeddable":true,"href":"https:\/\/experienciadevida.com.ar\/portalurbano\/wp-json\/wp\/v2\/tags?post=168634"}],"curies":[{"name":"wp","href":"https:\/\/api.w.org\/{rel}","templated":true}]}}