{"id":168567,"date":"2022-05-31T09:49:09","date_gmt":"2022-05-31T12:49:09","guid":{"rendered":"https:\/\/experienciadevida.com.ar\/portalurbano\/?p=168567"},"modified":"2022-05-31T09:56:58","modified_gmt":"2022-05-31T12:56:58","slug":"vamos-a-entregarle-a-cada-familia-la-potestad-de-elegir","status":"publish","type":"post","link":"https:\/\/experienciadevida.com.ar\/portalurbano\/vamos-a-entregarle-a-cada-familia-la-potestad-de-elegir\/","title":{"rendered":"\u201cVamos a entregarle a cada familia la potestad de elegir\u201d"},"content":{"rendered":"<p>\u201cVamos a entregarle a cada familia la potestad de elegir\u201d, el <a href=\"https:\/\/www.instagram.com\/galliezequiel\/?hl=es-la\">Intendente<\/a> en la ma\u00f1ana del d\u00eda de ayer, encabez\u00f3 el lanzamiento oficial de la nueva tarjeta del Programa Alimentario Municipal (PAM), que beneficiar\u00e1 a 3519 familias de Olavarr\u00eda.<\/p>\n<p>Durante el anuncio que se realiz\u00f3 en conferencia de prensa \u2013con sede en el Sal\u00f3n Blanco- el Intendente estuvo acompa\u00f1ado por el secretario de Desarrollo Humano y Calidad de Vida Diego <a href=\"https:\/\/www.instagram.com\/diegorobbiani\/?hl=es-la\">Robbiani<\/a>, la subsecretaria de Desarrollo Social Silvana Rosales y el gerente general Credicoop Martin Martino.<\/p>\n<p><a href=\"https:\/\/experienciadevida.com.ar\/portalurbano\/vamos-a-entregarle-a-cada-familia-la-potestad-de-elegir\/vamos-2\/\" rel=\"attachment wp-att-168571\"><img decoding=\"async\" class=\"alignnone size-large wp-image-168571\" src=\"https:\/\/experienciadevida.com.ar\/portalurbano\/wp-content\/uploads\/2022\/05\/Vamos-1024x684.jpg\" alt=\"Vamos \" width=\"900\" height=\"601\" srcset=\"https:\/\/experienciadevida.com.ar\/portalurbano\/wp-content\/uploads\/2022\/05\/Vamos-1024x684.jpg 1024w, https:\/\/experienciadevida.com.ar\/portalurbano\/wp-content\/uploads\/2022\/05\/Vamos-300x201.jpg 300w, https:\/\/experienciadevida.com.ar\/portalurbano\/wp-content\/uploads\/2022\/05\/Vamos-768x513.jpg 768w, https:\/\/experienciadevida.com.ar\/portalurbano\/wp-content\/uploads\/2022\/05\/Vamos-1536x1027.jpg 1536w, https:\/\/experienciadevida.com.ar\/portalurbano\/wp-content\/uploads\/2022\/05\/Vamos-2048x1369.jpg 2048w\" sizes=\"(max-width: 900px) 100vw, 900px\" \/><\/a><\/p>\n<p>En el marco del Programa PAM, el Municipio destinar\u00e1 una suma aproximada de 10 millones de pesos de manera mensual, en concepto de compra de alimentos.<\/p>\n<p>Como novedad, en la oportunidad se anunci\u00f3 que aquellas familias que hasta ahora retiraban la bolsa de alimentos recibir\u00e1n una tarjeta y quienes cuenten con la Tarjeta Cabal se les aumentar\u00e1 el monto.<\/p>\n<p>\u201cEstamos haciendo este lanzamiento de la tarjeta del Programa Alimentario Municipal, un programa alimentario, que ya se inici\u00f3 hace algunos a\u00f1os y que venimos implementando desde el municipio con la entrega de alimentos para familias que requieren de la asistencia del Estado municipal\u201d, manifest\u00f3 Galli.<\/p>\n<p>\u201cHemos decidido dar un paso m\u00e1s hacia el crecimiento del programa y tiene que ver con la mejora de la transparencia, a trav\u00e9s de la implementaci\u00f3n de esta tarjeta\u201d, destac\u00f3.<\/p>\n<p><a href=\"https:\/\/experienciadevida.com.ar\/portalurbano\/vamos-a-entregarle-a-cada-familia-la-potestad-de-elegir\/a-2\/\" rel=\"attachment wp-att-168573\"><img decoding=\"async\" class=\"alignnone size-large wp-image-168573\" src=\"https:\/\/experienciadevida.com.ar\/portalurbano\/wp-content\/uploads\/2022\/05\/a-1-1024x684.jpg\" alt=\"a \" width=\"900\" height=\"601\" srcset=\"https:\/\/experienciadevida.com.ar\/portalurbano\/wp-content\/uploads\/2022\/05\/a-1-1024x684.jpg 1024w, https:\/\/experienciadevida.com.ar\/portalurbano\/wp-content\/uploads\/2022\/05\/a-1-300x201.jpg 300w, https:\/\/experienciadevida.com.ar\/portalurbano\/wp-content\/uploads\/2022\/05\/a-1-768x513.jpg 768w, https:\/\/experienciadevida.com.ar\/portalurbano\/wp-content\/uploads\/2022\/05\/a-1-1536x1027.jpg 1536w, https:\/\/experienciadevida.com.ar\/portalurbano\/wp-content\/uploads\/2022\/05\/a-1-2048x1369.jpg 2048w\" sizes=\"(max-width: 900px) 100vw, 900px\" \/><\/a><\/p>\n<p>Al mismo tiempo dijo que \u201clas familias van a recibir la tarjeta con los fondos para poder comprar en los comercios de barrio, en panader\u00edas, despensas, supermercados, almacenes, los alimentos que requieren\u201d.<\/p>\n<p>\u201cLa entrega de la bolsa ten\u00eda una din\u00e1mica propia donde hab\u00eda que ir al dep\u00f3sito, hacer una cola, y a partir de la implementaci\u00f3n de esta tarjeta, empleados municipales que se dedicaban a armar la bolsa y entregarla, van a tener tiempo para hacer otras tareas en el territorio\u201d, indic\u00f3.<\/p>\n<p>\u201cVamos a pasar a entregarle a cada familia la potestad, no solamente de elegir d\u00f3nde comprar, sino tambi\u00e9n de poder, por ejemplo acudir al beneficio del 15% que tiene la Cooperativa Obrera, como para poner un ejemplo\u201d, sostuvo.<\/p>\n<p>\u201cEn la apertura de sesiones del Concejo Deliberante adelant\u00e9 algo al respecto cuando hablaba de la implementaci\u00f3n de este Programa Alimentario Municipal, hablaba de dejar de lado el nefasto asistencialismo, que tanto da\u00f1o ha hecho en Argentina. Esto tambi\u00e9n tiene que ver con dar un paso en ese sentido, no solamente las familias puedan elegir d\u00f3nde comprar sino tambi\u00e9n inyectar dinero al comercio local, al comercio de barrio\u201d, enfatiz\u00f3.<\/p>\n<p>En un p\u00e1rrafo aparte expres\u00f3: \u201cEstoy muy contento con el trabajo que ha realizado el equipo, hemos cruzado datos con los programas que tiene Provincia y Naci\u00f3n\u201d.<\/p>\n<p>\u201cLas tarjetas se van a estar entregando en los Servicios Territoriales, de acuerdo al radio que tenga cada uno de los beneficiarios de la tarjeta, el monto en el mes de junio va a venir con un 25% aumento con respecto al mes de mayo. En total son unos 10 millones de pesos que destina el Municipio mensualmente para que cada una de las familias tenga el monto depositado entre el 1\u00ba y el 10 de cada mes en su tarjeta\u201d, aclar\u00f3 el Intendente.<\/p>\n<p>Para Galli \u201ces un d\u00eda un d\u00eda muy importante, porque una cosa son las palabras que generalmente se las lleva el viento y otra cosa son los hechos. Ac\u00e1 el Estado est\u00e1 respondiendo con hechos concretos, priorizando la transparencia, el comercio local y que cada una de las familias disponga de ese tiempo que le llevaba a hacer esa cola para recibir la bolsa de alimentos en lo que quieran. Es un d\u00eda de muy buenas noticias tanto para el Municipio como para los beneficiarios y para los olavarrienses que cada d\u00eda tienen un Municipio m\u00e1s transparente\u201d<\/p>\n<p>Sobre el final de la conferencia \u201cinvitamos a otros comercios, a cadenas de supermercados a sumarse con alg\u00fan descuento para la familia, esto es un beneficio para todos\u201d.<\/p>\n<p>Tras la finalizaci\u00f3n del anuncio, el intendente Ezequiel Galli procedi\u00f3 a la entrega simb\u00f3lica de la tarjeta a tres beneficiarios del Programa Alimentario Municipal: Adriana, Daniela y Hugo.<\/p>\n<p>Detalles sobre la tarjeta<\/p>\n<p>Los usuarios tendr\u00e1n libre elecci\u00f3n de alimentos. Podr\u00e1n utilizar la tarjeta en fruter\u00edas, verduler\u00edas, carnicer\u00edas, almacenes, panader\u00edas y no solo en alimentos secos que hoy componen la bolsa (como fideos, arroz, yerba, harina, az\u00facar, pur\u00e9 de tomate, pat\u00e9, leche en polvo y aceite). La tarjeta se podr\u00e1 utilizar en todos los comercios del Partido de Olavarr\u00eda (que cuenten con servicio de terminales POS [posnet]).<\/p>\n<p>Esta nueva medida \u2013implementada por la gesti\u00f3n municipal- permitir\u00e1 dinamizar el comercio local, asegurando que cada peso que se transfiere en concepto de beneficios, se vuelque en el comercio local. Los fondos que antes en muchos casos eran para proveedores fuera de Olavarr\u00eda, que ganaban las licitaciones de alimentos, ahora puede ser destinado en todos los comercios de venta de alimentos del Municipio, que operen con Tarjeta.<\/p>\n<p>Durante la conferencia se destac\u00f3 que se trata de una ayuda complementaria que responde al continuo trabajo del Municipio, en respuesta a las necesidades de las familias m\u00e1s vulneradas del Partido.<\/p>\n<p>Cabe aclarar que profesionales de Desarrollo Social que realizan el trabajo en territorio, a partir del cruce de datos, determinan cu\u00e1les familias reciben la tarjeta como complemento de programas de Naci\u00f3n y Provincia.<\/p>\n<p>Entre los beneficios de este programa, posibilitar\u00e1 mayor autonom\u00eda para las familias que hasta el momento se dirig\u00edan a la sede de Desarrollo Social, para hacer una fila, esperar y retirar la bolsa. De esta manera tendr\u00e1n la tarjeta y podr\u00e1n disponer de su tiempo y de lo que deseen comprar.<\/p>\n<p>El monto que tendr\u00e1 la tarjeta se depositar\u00e1 del 1 al 10 de cada mes, con una revisi\u00f3n cuatrimestral. En el mes de junio, ser\u00e1 \u2013aproximadamente\u2013 un 25% superior a lo que fue en el mes de mayo.<\/p>\n<p>La tarjeta se repartir\u00e1 a partir de este martes 31 de mayo, en cada una de las sedes de los diferentes Servicios Territoriales Municipales, de acuerdo al radio pertinente. Para el caso del mes de junio, el monto estar\u00e1 disponible a partir del 5 de junio.<\/p>\n<p>Para el Municipio tambi\u00e9n implica un cambio total en la log\u00edstica: transporte, personal, armado de bolsas, que permite que el personal pueda abocarse al territorio u otras actividades espec\u00edficas.<\/p>\n<p>Es un sistema que ya est\u00e1 comprobado que funciona, que otorga seguridad y que tiene control de lo que se compra.<\/p>\n<p>Adem\u00e1s, los comercios pueden adherirse al programa de descuentos del Banco para que las familias puedan ser beneficiadas (Ejemplo Cooperativa Obrera tiene un 15% de descuento).<\/p>\n","protected":false},"excerpt":{"rendered":"<p>\u201cVamos a entregarle a cada familia la potestad de elegir\u201d, el Intendente en la ma\u00f1ana&#8230;<\/p>\n","protected":false},"author":1,"featured_media":168568,"comment_status":"closed","ping_status":"closed","sticky":false,"template":"","format":"standard","meta":{"content-type":""},"categories":[27,51],"tags":[],"nelio_content":{"isAutoShareEnabled":false,"autoShareEndMode":"default","automationSources":{"useContentSentences":true,"useSocialTemplates":true,"useCustomSentences":false,"customSentences":[]},"followers":[1],"suggestedReferences":[],"includedReferences":["https:\/\/www.instagram.com\/galliezequiel\/?hl=es-la","https:\/\/www.instagram.com\/diegorobbiani\/?hl=es-la"],"efiUrl":"","efiAlt":"","highlights":[]},"yoast_head":"<!-- This site is optimized with the Yoast SEO plugin v20.7 - https:\/\/yoast.com\/wordpress\/plugins\/seo\/ -->\n<title>&quot;Vamos a entregarle a cada familia la potestad de elegir&quot;<\/title>\n<meta name=\"description\" content=\"\u201cVamos a entregarle a cada familia la potestad de elegir\u201d, el Intendente en la ma\u00f1ana del d\u00eda de ayer, encabez\u00f3 el lanzamiento\" \/>\n<meta name=\"robots\" content=\"index, follow, max-snippet:-1, max-image-preview:large, max-video-preview:-1\" \/>\n<link rel=\"canonical\" href=\"https:\/\/experienciadevida.com.ar\/portalurbano\/vamos-a-entregarle-a-cada-familia-la-potestad-de-elegir\/\" \/>\n<meta property=\"og:locale\" content=\"es_ES\" \/>\n<meta property=\"og:type\" content=\"article\" \/>\n<meta property=\"og:title\" content=\"&quot;Vamos a entregarle a cada familia la potestad de elegir&quot;\" \/>\n<meta property=\"og:description\" content=\"\u201cVamos a entregarle a cada familia la potestad de elegir\u201d, el Intendente en la ma\u00f1ana del d\u00eda de ayer, encabez\u00f3 el lanzamiento\" \/>\n<meta property=\"og:url\" content=\"https:\/\/experienciadevida.com.ar\/portalurbano\/vamos-a-entregarle-a-cada-familia-la-potestad-de-elegir\/\" \/>\n<meta property=\"article:publisher\" content=\"https:\/\/www.facebook.com\/Portal-Urbano-171542830093757\/\" \/>\n<meta property=\"article:published_time\" content=\"2022-05-31T12:49:09+00:00\" \/>\n<meta property=\"article:modified_time\" content=\"2022-05-31T12:56:58+00:00\" \/>\n<meta property=\"og:image\" content=\"https:\/\/experienciadevida.com.ar\/portalurbano\/wp-content\/uploads\/2022\/05\/Vamos-a-entregarle-a.jpg\" \/>\n\t<meta property=\"og:image:width\" content=\"2560\" \/>\n\t<meta property=\"og:image:height\" content=\"1711\" \/>\n\t<meta property=\"og:image:type\" content=\"image\/jpeg\" \/>\n<meta name=\"author\" content=\"admpu17wp\" \/>\n<meta name=\"twitter:card\" content=\"summary_large_image\" \/>\n<meta name=\"twitter:creator\" content=\"@portalurbanook\" \/>\n<meta name=\"twitter:site\" content=\"@portalurbanook\" \/>\n<meta name=\"twitter:label1\" content=\"Escrito por\" \/>\n\t<meta name=\"twitter:data1\" content=\"admpu17wp\" \/>\n\t<meta name=\"twitter:label2\" content=\"Tiempo de lectura\" \/>\n\t<meta name=\"twitter:data2\" content=\"6 minutos\" \/>\n<script type=\"application\/ld+json\" class=\"yoast-schema-graph\">{\"@context\":\"https:\/\/schema.org\",\"@graph\":[{\"@type\":\"Article\",\"@id\":\"https:\/\/experienciadevida.com.ar\/portalurbano\/vamos-a-entregarle-a-cada-familia-la-potestad-de-elegir\/#article\",\"isPartOf\":{\"@id\":\"https:\/\/experienciadevida.com.ar\/portalurbano\/vamos-a-entregarle-a-cada-familia-la-potestad-de-elegir\/\"},\"author\":{\"name\":\"admpu17wp\",\"@id\":\"https:\/\/experienciadevida.com.ar\/portalurbano\/#\/schema\/person\/02dd326b1c4b056e9cc972486934a3a7\"},\"headline\":\"\u201cVamos a entregarle a cada familia la potestad de elegir\u201d\",\"datePublished\":\"2022-05-31T12:49:09+00:00\",\"dateModified\":\"2022-05-31T12:56:58+00:00\",\"mainEntityOfPage\":{\"@id\":\"https:\/\/experienciadevida.com.ar\/portalurbano\/vamos-a-entregarle-a-cada-familia-la-potestad-de-elegir\/\"},\"wordCount\":1135,\"publisher\":{\"@id\":\"https:\/\/experienciadevida.com.ar\/portalurbano\/#organization\"},\"articleSection\":[\"Ciudad\",\"Destacadas\"],\"inLanguage\":\"es\"},{\"@type\":\"WebPage\",\"@id\":\"https:\/\/experienciadevida.com.ar\/portalurbano\/vamos-a-entregarle-a-cada-familia-la-potestad-de-elegir\/\",\"url\":\"https:\/\/experienciadevida.com.ar\/portalurbano\/vamos-a-entregarle-a-cada-familia-la-potestad-de-elegir\/\",\"name\":\"\\\"Vamos a entregarle a cada familia la potestad de elegir\\\"\",\"isPartOf\":{\"@id\":\"https:\/\/experienciadevida.com.ar\/portalurbano\/#website\"},\"datePublished\":\"2022-05-31T12:49:09+00:00\",\"dateModified\":\"2022-05-31T12:56:58+00:00\",\"description\":\"\u201cVamos a entregarle a cada familia la potestad de elegir\u201d, el Intendente en la ma\u00f1ana del d\u00eda de ayer, encabez\u00f3 el lanzamiento\",\"breadcrumb\":{\"@id\":\"https:\/\/experienciadevida.com.ar\/portalurbano\/vamos-a-entregarle-a-cada-familia-la-potestad-de-elegir\/#breadcrumb\"},\"inLanguage\":\"es\",\"potentialAction\":[{\"@type\":\"ReadAction\",\"target\":[\"https:\/\/experienciadevida.com.ar\/portalurbano\/vamos-a-entregarle-a-cada-familia-la-potestad-de-elegir\/\"]}]},{\"@type\":\"BreadcrumbList\",\"@id\":\"https:\/\/experienciadevida.com.ar\/portalurbano\/vamos-a-entregarle-a-cada-familia-la-potestad-de-elegir\/#breadcrumb\",\"itemListElement\":[{\"@type\":\"ListItem\",\"position\":1,\"name\":\"Portada\",\"item\":\"https:\/\/experienciadevida.com.ar\/portalurbano\/\"},{\"@type\":\"ListItem\",\"position\":2,\"name\":\"\u201cVamos a entregarle a cada familia la potestad de elegir\u201d\"}]},{\"@type\":\"WebSite\",\"@id\":\"https:\/\/experienciadevida.com.ar\/portalurbano\/#website\",\"url\":\"https:\/\/experienciadevida.com.ar\/portalurbano\/\",\"name\":\"\",\"description\":\"\",\"publisher\":{\"@id\":\"https:\/\/experienciadevida.com.ar\/portalurbano\/#organization\"},\"potentialAction\":[{\"@type\":\"SearchAction\",\"target\":{\"@type\":\"EntryPoint\",\"urlTemplate\":\"https:\/\/experienciadevida.com.ar\/portalurbano\/?s={search_term_string}\"},\"query-input\":\"required name=search_term_string\"}],\"inLanguage\":\"es\"},{\"@type\":\"Organization\",\"@id\":\"https:\/\/experienciadevida.com.ar\/portalurbano\/#organization\",\"name\":\"Portal Urbano\",\"url\":\"https:\/\/experienciadevida.com.ar\/portalurbano\/\",\"logo\":{\"@type\":\"ImageObject\",\"inLanguage\":\"es\",\"@id\":\"https:\/\/experienciadevida.com.ar\/portalurbano\/#\/schema\/logo\/image\/\",\"url\":\"https:\/\/experienciadevida.com.ar\/portalurbano\/wp-content\/uploads\/2019\/09\/Logo-Original.png\",\"contentUrl\":\"https:\/\/experienciadevida.com.ar\/portalurbano\/wp-content\/uploads\/2019\/09\/Logo-Original.png\",\"width\":2236,\"height\":1216,\"caption\":\"Portal Urbano\"},\"image\":{\"@id\":\"https:\/\/experienciadevida.com.ar\/portalurbano\/#\/schema\/logo\/image\/\"},\"sameAs\":[\"https:\/\/www.facebook.com\/Portal-Urbano-171542830093757\/\",\"https:\/\/twitter.com\/portalurbanook\",\"https:\/\/www.instagram.com\/_portalurbano\/\",\"https:\/\/www.youtube.com\/channel\/UCXhagIfszH8KxFiOok79zbA?view_as=subscriber\"]},{\"@type\":\"Person\",\"@id\":\"https:\/\/experienciadevida.com.ar\/portalurbano\/#\/schema\/person\/02dd326b1c4b056e9cc972486934a3a7\",\"name\":\"admpu17wp\",\"image\":{\"@type\":\"ImageObject\",\"inLanguage\":\"es\",\"@id\":\"https:\/\/experienciadevida.com.ar\/portalurbano\/#\/schema\/person\/image\/\",\"url\":\"https:\/\/secure.gravatar.com\/avatar\/830d4c57adaae6630765e449a6908047?s=96&d=mm&r=g\",\"contentUrl\":\"https:\/\/secure.gravatar.com\/avatar\/830d4c57adaae6630765e449a6908047?s=96&d=mm&r=g\",\"caption\":\"admpu17wp\"}}]}<\/script>\n<!-- \/ Yoast SEO plugin. -->","yoast_head_json":{"title":"\"Vamos a entregarle a cada familia la potestad de elegir\"","description":"\u201cVamos a entregarle a cada familia la potestad de elegir\u201d, el Intendente en la ma\u00f1ana del d\u00eda de ayer, encabez\u00f3 el lanzamiento","robots":{"index":"index","follow":"follow","max-snippet":"max-snippet:-1","max-image-preview":"max-image-preview:large","max-video-preview":"max-video-preview:-1"},"canonical":"https:\/\/experienciadevida.com.ar\/portalurbano\/vamos-a-entregarle-a-cada-familia-la-potestad-de-elegir\/","og_locale":"es_ES","og_type":"article","og_title":"\"Vamos a entregarle a cada familia la potestad de elegir\"","og_description":"\u201cVamos a entregarle a cada familia la potestad de elegir\u201d, el Intendente en la ma\u00f1ana del d\u00eda de ayer, encabez\u00f3 el lanzamiento","og_url":"https:\/\/experienciadevida.com.ar\/portalurbano\/vamos-a-entregarle-a-cada-familia-la-potestad-de-elegir\/","article_publisher":"https:\/\/www.facebook.com\/Portal-Urbano-171542830093757\/","article_published_time":"2022-05-31T12:49:09+00:00","article_modified_time":"2022-05-31T12:56:58+00:00","og_image":[{"width":2560,"height":1711,"url":"https:\/\/experienciadevida.com.ar\/portalurbano\/wp-content\/uploads\/2022\/05\/Vamos-a-entregarle-a.jpg","type":"image\/jpeg"}],"author":"admpu17wp","twitter_card":"summary_large_image","twitter_creator":"@portalurbanook","twitter_site":"@portalurbanook","twitter_misc":{"Escrito por":"admpu17wp","Tiempo de lectura":"6 minutos"},"schema":{"@context":"https:\/\/schema.org","@graph":[{"@type":"Article","@id":"https:\/\/experienciadevida.com.ar\/portalurbano\/vamos-a-entregarle-a-cada-familia-la-potestad-de-elegir\/#article","isPartOf":{"@id":"https:\/\/experienciadevida.com.ar\/portalurbano\/vamos-a-entregarle-a-cada-familia-la-potestad-de-elegir\/"},"author":{"name":"admpu17wp","@id":"https:\/\/experienciadevida.com.ar\/portalurbano\/#\/schema\/person\/02dd326b1c4b056e9cc972486934a3a7"},"headline":"\u201cVamos a entregarle a cada familia la potestad de elegir\u201d","datePublished":"2022-05-31T12:49:09+00:00","dateModified":"2022-05-31T12:56:58+00:00","mainEntityOfPage":{"@id":"https:\/\/experienciadevida.com.ar\/portalurbano\/vamos-a-entregarle-a-cada-familia-la-potestad-de-elegir\/"},"wordCount":1135,"publisher":{"@id":"https:\/\/experienciadevida.com.ar\/portalurbano\/#organization"},"articleSection":["Ciudad","Destacadas"],"inLanguage":"es"},{"@type":"WebPage","@id":"https:\/\/experienciadevida.com.ar\/portalurbano\/vamos-a-entregarle-a-cada-familia-la-potestad-de-elegir\/","url":"https:\/\/experienciadevida.com.ar\/portalurbano\/vamos-a-entregarle-a-cada-familia-la-potestad-de-elegir\/","name":"\"Vamos a entregarle a cada familia la potestad de elegir\"","isPartOf":{"@id":"https:\/\/experienciadevida.com.ar\/portalurbano\/#website"},"datePublished":"2022-05-31T12:49:09+00:00","dateModified":"2022-05-31T12:56:58+00:00","description":"\u201cVamos a entregarle a cada familia la potestad de elegir\u201d, el Intendente en la ma\u00f1ana del d\u00eda de ayer, encabez\u00f3 el lanzamiento","breadcrumb":{"@id":"https:\/\/experienciadevida.com.ar\/portalurbano\/vamos-a-entregarle-a-cada-familia-la-potestad-de-elegir\/#breadcrumb"},"inLanguage":"es","potentialAction":[{"@type":"ReadAction","target":["https:\/\/experienciadevida.com.ar\/portalurbano\/vamos-a-entregarle-a-cada-familia-la-potestad-de-elegir\/"]}]},{"@type":"BreadcrumbList","@id":"https:\/\/experienciadevida.com.ar\/portalurbano\/vamos-a-entregarle-a-cada-familia-la-potestad-de-elegir\/#breadcrumb","itemListElement":[{"@type":"ListItem","position":1,"name":"Portada","item":"https:\/\/experienciadevida.com.ar\/portalurbano\/"},{"@type":"ListItem","position":2,"name":"\u201cVamos a entregarle a cada familia la potestad de elegir\u201d"}]},{"@type":"WebSite","@id":"https:\/\/experienciadevida.com.ar\/portalurbano\/#website","url":"https:\/\/experienciadevida.com.ar\/portalurbano\/","name":"","description":"","publisher":{"@id":"https:\/\/experienciadevida.com.ar\/portalurbano\/#organization"},"potentialAction":[{"@type":"SearchAction","target":{"@type":"EntryPoint","urlTemplate":"https:\/\/experienciadevida.com.ar\/portalurbano\/?s={search_term_string}"},"query-input":"required name=search_term_string"}],"inLanguage":"es"},{"@type":"Organization","@id":"https:\/\/experienciadevida.com.ar\/portalurbano\/#organization","name":"Portal Urbano","url":"https:\/\/experienciadevida.com.ar\/portalurbano\/","logo":{"@type":"ImageObject","inLanguage":"es","@id":"https:\/\/experienciadevida.com.ar\/portalurbano\/#\/schema\/logo\/image\/","url":"https:\/\/experienciadevida.com.ar\/portalurbano\/wp-content\/uploads\/2019\/09\/Logo-Original.png","contentUrl":"https:\/\/experienciadevida.com.ar\/portalurbano\/wp-content\/uploads\/2019\/09\/Logo-Original.png","width":2236,"height":1216,"caption":"Portal Urbano"},"image":{"@id":"https:\/\/experienciadevida.com.ar\/portalurbano\/#\/schema\/logo\/image\/"},"sameAs":["https:\/\/www.facebook.com\/Portal-Urbano-171542830093757\/","https:\/\/twitter.com\/portalurbanook","https:\/\/www.instagram.com\/_portalurbano\/","https:\/\/www.youtube.com\/channel\/UCXhagIfszH8KxFiOok79zbA?view_as=subscriber"]},{"@type":"Person","@id":"https:\/\/experienciadevida.com.ar\/portalurbano\/#\/schema\/person\/02dd326b1c4b056e9cc972486934a3a7","name":"admpu17wp","image":{"@type":"ImageObject","inLanguage":"es","@id":"https:\/\/experienciadevida.com.ar\/portalurbano\/#\/schema\/person\/image\/","url":"https:\/\/secure.gravatar.com\/avatar\/830d4c57adaae6630765e449a6908047?s=96&d=mm&r=g","contentUrl":"https:\/\/secure.gravatar.com\/avatar\/830d4c57adaae6630765e449a6908047?s=96&d=mm&r=g","caption":"admpu17wp"}}]}},"featured_image_urls":{"full":["https:\/\/experienciadevida.com.ar\/portalurbano\/wp-content\/uploads\/2022\/05\/Vamos-a-entregarle-a.jpg",2560,1711,false],"thumbnail":["https:\/\/experienciadevida.com.ar\/portalurbano\/wp-content\/uploads\/2022\/05\/Vamos-a-entregarle-a-150x150.jpg",150,150,true],"medium":["https:\/\/experienciadevida.com.ar\/portalurbano\/wp-content\/uploads\/2022\/05\/Vamos-a-entregarle-a-300x201.jpg",300,201,true],"medium_large":["https:\/\/experienciadevida.com.ar\/portalurbano\/wp-content\/uploads\/2022\/05\/Vamos-a-entregarle-a-768x513.jpg",640,428,true],"large":["https:\/\/experienciadevida.com.ar\/portalurbano\/wp-content\/uploads\/2022\/05\/Vamos-a-entregarle-a-1024x684.jpg",640,428,true],"ug_big":["https:\/\/experienciadevida.com.ar\/portalurbano\/wp-content\/uploads\/2022\/05\/Vamos-a-entregarle-a-768x513.jpg",768,513,true],"1536x1536":["https:\/\/experienciadevida.com.ar\/portalurbano\/wp-content\/uploads\/2022\/05\/Vamos-a-entregarle-a-1536x1027.jpg",1536,1027,true],"2048x2048":["https:\/\/experienciadevida.com.ar\/portalurbano\/wp-content\/uploads\/2022\/05\/Vamos-a-entregarle-a-2048x1369.jpg",2048,1369,true],"newsever-slider-full":["https:\/\/experienciadevida.com.ar\/portalurbano\/wp-content\/uploads\/2022\/05\/Vamos-a-entregarle-a.jpg",1264,845,false],"newsever-featured":["https:\/\/experienciadevida.com.ar\/portalurbano\/wp-content\/uploads\/2022\/05\/Vamos-a-entregarle-a.jpg",1024,684,false],"newsever-medium":["https:\/\/experienciadevida.com.ar\/portalurbano\/wp-content\/uploads\/2022\/05\/Vamos-a-entregarle-a.jpg",711,475,false],"web-stories-poster-portrait":["https:\/\/experienciadevida.com.ar\/portalurbano\/wp-content\/uploads\/2022\/05\/Vamos-a-entregarle-a.jpg",640,428,false],"web-stories-publisher-logo":["https:\/\/experienciadevida.com.ar\/portalurbano\/wp-content\/uploads\/2022\/05\/Vamos-a-entregarle-a.jpg",96,64,false],"web-stories-thumbnail":["https:\/\/experienciadevida.com.ar\/portalurbano\/wp-content\/uploads\/2022\/05\/Vamos-a-entregarle-a.jpg",150,100,false]},"author_info":{"display_name":"admpu17wp","author_link":"https:\/\/experienciadevida.com.ar\/portalurbano\/author\/admpu17wp\/"},"category_info":"<a href=\"https:\/\/experienciadevida.com.ar\/portalurbano\/category\/ciudad\/\" rel=\"category tag\">Ciudad<\/a> <a href=\"https:\/\/experienciadevida.com.ar\/portalurbano\/category\/destacadas\/\" rel=\"category tag\">Destacadas<\/a>","tag_info":"Destacadas","comment_count":"0","amp_enabled":true,"_links":{"self":[{"href":"https:\/\/experienciadevida.com.ar\/portalurbano\/wp-json\/wp\/v2\/posts\/168567"}],"collection":[{"href":"https:\/\/experienciadevida.com.ar\/portalurbano\/wp-json\/wp\/v2\/posts"}],"about":[{"href":"https:\/\/experienciadevida.com.ar\/portalurbano\/wp-json\/wp\/v2\/types\/post"}],"author":[{"embeddable":true,"href":"https:\/\/experienciadevida.com.ar\/portalurbano\/wp-json\/wp\/v2\/users\/1"}],"replies":[{"embeddable":true,"href":"https:\/\/experienciadevida.com.ar\/portalurbano\/wp-json\/wp\/v2\/comments?post=168567"}],"version-history":[{"count":3,"href":"https:\/\/experienciadevida.com.ar\/portalurbano\/wp-json\/wp\/v2\/posts\/168567\/revisions"}],"predecessor-version":[{"id":168574,"href":"https:\/\/experienciadevida.com.ar\/portalurbano\/wp-json\/wp\/v2\/posts\/168567\/revisions\/168574"}],"wp:featuredmedia":[{"embeddable":true,"href":"https:\/\/experienciadevida.com.ar\/portalurbano\/wp-json\/wp\/v2\/media\/168568"}],"wp:attachment":[{"href":"https:\/\/experienciadevida.com.ar\/portalurbano\/wp-json\/wp\/v2\/media?parent=168567"}],"wp:term":[{"taxonomy":"category","embeddable":true,"href":"https:\/\/experienciadevida.com.ar\/portalurbano\/wp-json\/wp\/v2\/categories?post=168567"},{"taxonomy":"post_tag","embeddable":true,"href":"https:\/\/experienciadevida.com.ar\/portalurbano\/wp-json\/wp\/v2\/tags?post=168567"}],"curies":[{"name":"wp","href":"https:\/\/api.w.org\/{rel}","templated":true}]}}