{"id":168519,"date":"2022-05-28T10:55:39","date_gmt":"2022-05-28T13:55:39","guid":{"rendered":"https:\/\/experienciadevida.com.ar\/portalurbano\/?p=168519"},"modified":"2022-05-28T11:03:22","modified_gmt":"2022-05-28T14:03:22","slug":"aguilera-valicenti-y-el-rector-de-la-unicen-marcelo-aba-encabezaron-una-importante-reunion-con-integrantes-del-sector-productivo-local","status":"publish","type":"post","link":"https:\/\/experienciadevida.com.ar\/portalurbano\/aguilera-valicenti-y-el-rector-de-la-unicen-marcelo-aba-encabezaron-una-importante-reunion-con-integrantes-del-sector-productivo-local\/","title":{"rendered":"Aguilera, Valicenti y el rector de la UNICEN  Marcelo Aba  encabezaron una importante reuni\u00f3n con integrantes del sector productivo local"},"content":{"rendered":"<p><a href=\"https:\/\/www.instagram.com\/federico.aguilera1\/?hl=es-la\">Aguilera<\/a>, Valicenti y el rector de la UNICEN Marcelo Aba encabezaron una importante reuni\u00f3n con integrantes del sector productivo local.<\/p>\n<p>El encuentro se llev\u00f3 a cabo en la delegaci\u00f3n de la Subsecretar\u00eda de Miner\u00eda. El objetivo es abordar la formaci\u00f3n profesional y en oficios de acuerdo a los nuevos desaf\u00edos que impone la agenda productivo-tecnol\u00f3gica que tiene a los j\u00f3venes como protagonistas.<\/p>\n<p>Este mediod\u00eda el Subsecretario de Miner\u00eda Federico Aguilera organiz\u00f3 un encuentro junto al rector de la UNICEN Marcelo Aba, el diputado provincial Cesar Valicenti, el presidente de la UIO, C\u00e9sar Longo y el presidente del PIO, Jorge Sobarzo y representantes del sector educativo.<\/p>\n<p>El objetivo es abordar la formaci\u00f3n profesional y en oficios de acuerdo a los nuevos desaf\u00edos que impone la agenda productivo-tecnol\u00f3gica que tiene a los j\u00f3venes como protagonistas. Desarrollar\u00e1n un \u00e1mbito de trabajo en Olavarr\u00eda, en el que participen el sector Industrial, la Universidad y el Estado Provincial, para capacitar y unir el mundo educativo con las necesidades que tiene el sistema productivo de la ciudad.<\/p>\n<p>En esa l\u00ednea el Subsecretario de Miner\u00eda destac\u00f3: \u201cEn funci\u00f3n de esto es que estamos trabajando en un proyecto donde se van a financiar cursos para aprender distintos oficios y estamos coordinando para que las unidades acad\u00e9micas de la UNICEN est\u00e9n a disposici\u00f3n en funci\u00f3n de las diferentes demandas que el sector productivo vaya marcando\u201d.<\/p>\n<p>As\u00ed mismo en relaci\u00f3n a la creaci\u00f3n de empleo y puestos de trabajo indic\u00f3: \u201cEs vital pensar el trabajo a futuro y principalmente la inclusi\u00f3n de los j\u00f3venes en el mundo laboral. En ciudades como la nuestra, con una gran impronta industrial, tener gente constantemente capacitada para afrontar los diferentes contextos es una gran oportunidad\u201d.<\/p>\n<p>Por \u00faltimo Aguilera destac\u00f3: \u201cAgradezco la predisposici\u00f3n tanto del rector como de toda la comunidad educativa para trabajar en conjunto, sin dudas traer\u00e1 beneficios para todo el sector productivo y la poblaci\u00f3n en general. Para el Estado provincial la formaci\u00f3n profesional y la generaci\u00f3n de empleo de calidad son una prioridad\u201d.<\/p>\n","protected":false},"excerpt":{"rendered":"<p>Aguilera, Valicenti y el rector de la UNICEN Marcelo Aba encabezaron una importante reuni\u00f3n con&#8230;<\/p>\n","protected":false},"author":1,"featured_media":168520,"comment_status":"closed","ping_status":"closed","sticky":false,"template":"","format":"standard","meta":{"content-type":""},"categories":[27,51],"tags":[],"nelio_content":{"isAutoShareEnabled":false,"autoShareEndMode":"default","automationSources":{"useContentSentences":true,"useSocialTemplates":true,"useCustomSentences":false,"customSentences":[]},"followers":[1],"suggestedReferences":[],"includedReferences":["https:\/\/www.instagram.com\/federico.aguilera1\/?hl=es-la"],"efiUrl":"","efiAlt":"","highlights":[]},"yoast_head":"<!-- This site is optimized with the Yoast SEO plugin v20.7 - https:\/\/yoast.com\/wordpress\/plugins\/seo\/ -->\n<title>Aguilera, Valicenti y el rector de la UNICEN encabezaron una reuni\u00f3n<\/title>\n<meta name=\"description\" content=\"Aguilera, Valicenti y el rector de la UNICEN Marcelo Aba encabezaron una importante reuni\u00f3n con integrantes del sector productivo\" \/>\n<meta name=\"robots\" content=\"index, follow, max-snippet:-1, max-image-preview:large, max-video-preview:-1\" \/>\n<link rel=\"canonical\" href=\"https:\/\/experienciadevida.com.ar\/portalurbano\/aguilera-valicenti-y-el-rector-de-la-unicen-marcelo-aba-encabezaron-una-importante-reunion-con-integrantes-del-sector-productivo-local\/\" \/>\n<meta property=\"og:locale\" content=\"es_ES\" \/>\n<meta property=\"og:type\" content=\"article\" \/>\n<meta property=\"og:title\" content=\"Aguilera, Valicenti y el rector de la UNICEN encabezaron una reuni\u00f3n\" \/>\n<meta property=\"og:description\" content=\"Aguilera, Valicenti y el rector de la UNICEN Marcelo Aba encabezaron una importante reuni\u00f3n con integrantes del sector productivo\" \/>\n<meta property=\"og:url\" content=\"https:\/\/experienciadevida.com.ar\/portalurbano\/aguilera-valicenti-y-el-rector-de-la-unicen-marcelo-aba-encabezaron-una-importante-reunion-con-integrantes-del-sector-productivo-local\/\" \/>\n<meta property=\"article:publisher\" content=\"https:\/\/www.facebook.com\/Portal-Urbano-171542830093757\/\" \/>\n<meta property=\"article:published_time\" content=\"2022-05-28T13:55:39+00:00\" \/>\n<meta property=\"article:modified_time\" content=\"2022-05-28T14:03:22+00:00\" \/>\n<meta property=\"og:image\" content=\"https:\/\/experienciadevida.com.ar\/portalurbano\/wp-content\/uploads\/2022\/05\/Aguilera.jpg\" \/>\n\t<meta property=\"og:image:width\" content=\"1280\" \/>\n\t<meta property=\"og:image:height\" content=\"852\" \/>\n\t<meta property=\"og:image:type\" content=\"image\/jpeg\" \/>\n<meta name=\"author\" content=\"admpu17wp\" \/>\n<meta name=\"twitter:card\" content=\"summary_large_image\" \/>\n<meta name=\"twitter:creator\" content=\"@portalurbanook\" \/>\n<meta name=\"twitter:site\" content=\"@portalurbanook\" \/>\n<meta name=\"twitter:label1\" content=\"Escrito por\" \/>\n\t<meta name=\"twitter:data1\" content=\"admpu17wp\" \/>\n\t<meta name=\"twitter:label2\" content=\"Tiempo de lectura\" \/>\n\t<meta name=\"twitter:data2\" content=\"2 minutos\" \/>\n<script type=\"application\/ld+json\" class=\"yoast-schema-graph\">{\"@context\":\"https:\/\/schema.org\",\"@graph\":[{\"@type\":\"Article\",\"@id\":\"https:\/\/experienciadevida.com.ar\/portalurbano\/aguilera-valicenti-y-el-rector-de-la-unicen-marcelo-aba-encabezaron-una-importante-reunion-con-integrantes-del-sector-productivo-local\/#article\",\"isPartOf\":{\"@id\":\"https:\/\/experienciadevida.com.ar\/portalurbano\/aguilera-valicenti-y-el-rector-de-la-unicen-marcelo-aba-encabezaron-una-importante-reunion-con-integrantes-del-sector-productivo-local\/\"},\"author\":{\"name\":\"admpu17wp\",\"@id\":\"https:\/\/experienciadevida.com.ar\/portalurbano\/#\/schema\/person\/02dd326b1c4b056e9cc972486934a3a7\"},\"headline\":\"Aguilera, Valicenti y el rector de la UNICEN Marcelo Aba encabezaron una importante reuni\u00f3n con integrantes del sector productivo local\",\"datePublished\":\"2022-05-28T13:55:39+00:00\",\"dateModified\":\"2022-05-28T14:03:22+00:00\",\"mainEntityOfPage\":{\"@id\":\"https:\/\/experienciadevida.com.ar\/portalurbano\/aguilera-valicenti-y-el-rector-de-la-unicen-marcelo-aba-encabezaron-una-importante-reunion-con-integrantes-del-sector-productivo-local\/\"},\"wordCount\":385,\"publisher\":{\"@id\":\"https:\/\/experienciadevida.com.ar\/portalurbano\/#organization\"},\"articleSection\":[\"Ciudad\",\"Destacadas\"],\"inLanguage\":\"es\"},{\"@type\":\"WebPage\",\"@id\":\"https:\/\/experienciadevida.com.ar\/portalurbano\/aguilera-valicenti-y-el-rector-de-la-unicen-marcelo-aba-encabezaron-una-importante-reunion-con-integrantes-del-sector-productivo-local\/\",\"url\":\"https:\/\/experienciadevida.com.ar\/portalurbano\/aguilera-valicenti-y-el-rector-de-la-unicen-marcelo-aba-encabezaron-una-importante-reunion-con-integrantes-del-sector-productivo-local\/\",\"name\":\"Aguilera, Valicenti y el rector de la UNICEN encabezaron una reuni\u00f3n\",\"isPartOf\":{\"@id\":\"https:\/\/experienciadevida.com.ar\/portalurbano\/#website\"},\"datePublished\":\"2022-05-28T13:55:39+00:00\",\"dateModified\":\"2022-05-28T14:03:22+00:00\",\"description\":\"Aguilera, Valicenti y el rector de la UNICEN Marcelo Aba encabezaron una importante reuni\u00f3n con integrantes del sector productivo\",\"breadcrumb\":{\"@id\":\"https:\/\/experienciadevida.com.ar\/portalurbano\/aguilera-valicenti-y-el-rector-de-la-unicen-marcelo-aba-encabezaron-una-importante-reunion-con-integrantes-del-sector-productivo-local\/#breadcrumb\"},\"inLanguage\":\"es\",\"potentialAction\":[{\"@type\":\"ReadAction\",\"target\":[\"https:\/\/experienciadevida.com.ar\/portalurbano\/aguilera-valicenti-y-el-rector-de-la-unicen-marcelo-aba-encabezaron-una-importante-reunion-con-integrantes-del-sector-productivo-local\/\"]}]},{\"@type\":\"BreadcrumbList\",\"@id\":\"https:\/\/experienciadevida.com.ar\/portalurbano\/aguilera-valicenti-y-el-rector-de-la-unicen-marcelo-aba-encabezaron-una-importante-reunion-con-integrantes-del-sector-productivo-local\/#breadcrumb\",\"itemListElement\":[{\"@type\":\"ListItem\",\"position\":1,\"name\":\"Portada\",\"item\":\"https:\/\/experienciadevida.com.ar\/portalurbano\/\"},{\"@type\":\"ListItem\",\"position\":2,\"name\":\"Aguilera, Valicenti y el rector de la UNICEN Marcelo Aba encabezaron una importante reuni\u00f3n con integrantes del sector productivo local\"}]},{\"@type\":\"WebSite\",\"@id\":\"https:\/\/experienciadevida.com.ar\/portalurbano\/#website\",\"url\":\"https:\/\/experienciadevida.com.ar\/portalurbano\/\",\"name\":\"\",\"description\":\"\",\"publisher\":{\"@id\":\"https:\/\/experienciadevida.com.ar\/portalurbano\/#organization\"},\"potentialAction\":[{\"@type\":\"SearchAction\",\"target\":{\"@type\":\"EntryPoint\",\"urlTemplate\":\"https:\/\/experienciadevida.com.ar\/portalurbano\/?s={search_term_string}\"},\"query-input\":\"required name=search_term_string\"}],\"inLanguage\":\"es\"},{\"@type\":\"Organization\",\"@id\":\"https:\/\/experienciadevida.com.ar\/portalurbano\/#organization\",\"name\":\"Portal Urbano\",\"url\":\"https:\/\/experienciadevida.com.ar\/portalurbano\/\",\"logo\":{\"@type\":\"ImageObject\",\"inLanguage\":\"es\",\"@id\":\"https:\/\/experienciadevida.com.ar\/portalurbano\/#\/schema\/logo\/image\/\",\"url\":\"https:\/\/experienciadevida.com.ar\/portalurbano\/wp-content\/uploads\/2019\/09\/Logo-Original.png\",\"contentUrl\":\"https:\/\/experienciadevida.com.ar\/portalurbano\/wp-content\/uploads\/2019\/09\/Logo-Original.png\",\"width\":2236,\"height\":1216,\"caption\":\"Portal Urbano\"},\"image\":{\"@id\":\"https:\/\/experienciadevida.com.ar\/portalurbano\/#\/schema\/logo\/image\/\"},\"sameAs\":[\"https:\/\/www.facebook.com\/Portal-Urbano-171542830093757\/\",\"https:\/\/twitter.com\/portalurbanook\",\"https:\/\/www.instagram.com\/_portalurbano\/\",\"https:\/\/www.youtube.com\/channel\/UCXhagIfszH8KxFiOok79zbA?view_as=subscriber\"]},{\"@type\":\"Person\",\"@id\":\"https:\/\/experienciadevida.com.ar\/portalurbano\/#\/schema\/person\/02dd326b1c4b056e9cc972486934a3a7\",\"name\":\"admpu17wp\",\"image\":{\"@type\":\"ImageObject\",\"inLanguage\":\"es\",\"@id\":\"https:\/\/experienciadevida.com.ar\/portalurbano\/#\/schema\/person\/image\/\",\"url\":\"https:\/\/secure.gravatar.com\/avatar\/830d4c57adaae6630765e449a6908047?s=96&d=mm&r=g\",\"contentUrl\":\"https:\/\/secure.gravatar.com\/avatar\/830d4c57adaae6630765e449a6908047?s=96&d=mm&r=g\",\"caption\":\"admpu17wp\"}}]}<\/script>\n<!-- \/ Yoast SEO plugin. -->","yoast_head_json":{"title":"Aguilera, Valicenti y el rector de la UNICEN encabezaron una reuni\u00f3n","description":"Aguilera, Valicenti y el rector de la UNICEN Marcelo Aba encabezaron una importante reuni\u00f3n con integrantes del sector productivo","robots":{"index":"index","follow":"follow","max-snippet":"max-snippet:-1","max-image-preview":"max-image-preview:large","max-video-preview":"max-video-preview:-1"},"canonical":"https:\/\/experienciadevida.com.ar\/portalurbano\/aguilera-valicenti-y-el-rector-de-la-unicen-marcelo-aba-encabezaron-una-importante-reunion-con-integrantes-del-sector-productivo-local\/","og_locale":"es_ES","og_type":"article","og_title":"Aguilera, Valicenti y el rector de la UNICEN encabezaron una reuni\u00f3n","og_description":"Aguilera, Valicenti y el rector de la UNICEN Marcelo Aba encabezaron una importante reuni\u00f3n con integrantes del sector productivo","og_url":"https:\/\/experienciadevida.com.ar\/portalurbano\/aguilera-valicenti-y-el-rector-de-la-unicen-marcelo-aba-encabezaron-una-importante-reunion-con-integrantes-del-sector-productivo-local\/","article_publisher":"https:\/\/www.facebook.com\/Portal-Urbano-171542830093757\/","article_published_time":"2022-05-28T13:55:39+00:00","article_modified_time":"2022-05-28T14:03:22+00:00","og_image":[{"width":1280,"height":852,"url":"https:\/\/experienciadevida.com.ar\/portalurbano\/wp-content\/uploads\/2022\/05\/Aguilera.jpg","type":"image\/jpeg"}],"author":"admpu17wp","twitter_card":"summary_large_image","twitter_creator":"@portalurbanook","twitter_site":"@portalurbanook","twitter_misc":{"Escrito por":"admpu17wp","Tiempo de lectura":"2 minutos"},"schema":{"@context":"https:\/\/schema.org","@graph":[{"@type":"Article","@id":"https:\/\/experienciadevida.com.ar\/portalurbano\/aguilera-valicenti-y-el-rector-de-la-unicen-marcelo-aba-encabezaron-una-importante-reunion-con-integrantes-del-sector-productivo-local\/#article","isPartOf":{"@id":"https:\/\/experienciadevida.com.ar\/portalurbano\/aguilera-valicenti-y-el-rector-de-la-unicen-marcelo-aba-encabezaron-una-importante-reunion-con-integrantes-del-sector-productivo-local\/"},"author":{"name":"admpu17wp","@id":"https:\/\/experienciadevida.com.ar\/portalurbano\/#\/schema\/person\/02dd326b1c4b056e9cc972486934a3a7"},"headline":"Aguilera, Valicenti y el rector de la UNICEN Marcelo Aba encabezaron una importante reuni\u00f3n con integrantes del sector productivo local","datePublished":"2022-05-28T13:55:39+00:00","dateModified":"2022-05-28T14:03:22+00:00","mainEntityOfPage":{"@id":"https:\/\/experienciadevida.com.ar\/portalurbano\/aguilera-valicenti-y-el-rector-de-la-unicen-marcelo-aba-encabezaron-una-importante-reunion-con-integrantes-del-sector-productivo-local\/"},"wordCount":385,"publisher":{"@id":"https:\/\/experienciadevida.com.ar\/portalurbano\/#organization"},"articleSection":["Ciudad","Destacadas"],"inLanguage":"es"},{"@type":"WebPage","@id":"https:\/\/experienciadevida.com.ar\/portalurbano\/aguilera-valicenti-y-el-rector-de-la-unicen-marcelo-aba-encabezaron-una-importante-reunion-con-integrantes-del-sector-productivo-local\/","url":"https:\/\/experienciadevida.com.ar\/portalurbano\/aguilera-valicenti-y-el-rector-de-la-unicen-marcelo-aba-encabezaron-una-importante-reunion-con-integrantes-del-sector-productivo-local\/","name":"Aguilera, Valicenti y el rector de la UNICEN encabezaron una reuni\u00f3n","isPartOf":{"@id":"https:\/\/experienciadevida.com.ar\/portalurbano\/#website"},"datePublished":"2022-05-28T13:55:39+00:00","dateModified":"2022-05-28T14:03:22+00:00","description":"Aguilera, Valicenti y el rector de la UNICEN Marcelo Aba encabezaron una importante reuni\u00f3n con integrantes del sector productivo","breadcrumb":{"@id":"https:\/\/experienciadevida.com.ar\/portalurbano\/aguilera-valicenti-y-el-rector-de-la-unicen-marcelo-aba-encabezaron-una-importante-reunion-con-integrantes-del-sector-productivo-local\/#breadcrumb"},"inLanguage":"es","potentialAction":[{"@type":"ReadAction","target":["https:\/\/experienciadevida.com.ar\/portalurbano\/aguilera-valicenti-y-el-rector-de-la-unicen-marcelo-aba-encabezaron-una-importante-reunion-con-integrantes-del-sector-productivo-local\/"]}]},{"@type":"BreadcrumbList","@id":"https:\/\/experienciadevida.com.ar\/portalurbano\/aguilera-valicenti-y-el-rector-de-la-unicen-marcelo-aba-encabezaron-una-importante-reunion-con-integrantes-del-sector-productivo-local\/#breadcrumb","itemListElement":[{"@type":"ListItem","position":1,"name":"Portada","item":"https:\/\/experienciadevida.com.ar\/portalurbano\/"},{"@type":"ListItem","position":2,"name":"Aguilera, Valicenti y el rector de la UNICEN Marcelo Aba encabezaron una importante reuni\u00f3n con integrantes del sector productivo local"}]},{"@type":"WebSite","@id":"https:\/\/experienciadevida.com.ar\/portalurbano\/#website","url":"https:\/\/experienciadevida.com.ar\/portalurbano\/","name":"","description":"","publisher":{"@id":"https:\/\/experienciadevida.com.ar\/portalurbano\/#organization"},"potentialAction":[{"@type":"SearchAction","target":{"@type":"EntryPoint","urlTemplate":"https:\/\/experienciadevida.com.ar\/portalurbano\/?s={search_term_string}"},"query-input":"required name=search_term_string"}],"inLanguage":"es"},{"@type":"Organization","@id":"https:\/\/experienciadevida.com.ar\/portalurbano\/#organization","name":"Portal Urbano","url":"https:\/\/experienciadevida.com.ar\/portalurbano\/","logo":{"@type":"ImageObject","inLanguage":"es","@id":"https:\/\/experienciadevida.com.ar\/portalurbano\/#\/schema\/logo\/image\/","url":"https:\/\/experienciadevida.com.ar\/portalurbano\/wp-content\/uploads\/2019\/09\/Logo-Original.png","contentUrl":"https:\/\/experienciadevida.com.ar\/portalurbano\/wp-content\/uploads\/2019\/09\/Logo-Original.png","width":2236,"height":1216,"caption":"Portal Urbano"},"image":{"@id":"https:\/\/experienciadevida.com.ar\/portalurbano\/#\/schema\/logo\/image\/"},"sameAs":["https:\/\/www.facebook.com\/Portal-Urbano-171542830093757\/","https:\/\/twitter.com\/portalurbanook","https:\/\/www.instagram.com\/_portalurbano\/","https:\/\/www.youtube.com\/channel\/UCXhagIfszH8KxFiOok79zbA?view_as=subscriber"]},{"@type":"Person","@id":"https:\/\/experienciadevida.com.ar\/portalurbano\/#\/schema\/person\/02dd326b1c4b056e9cc972486934a3a7","name":"admpu17wp","image":{"@type":"ImageObject","inLanguage":"es","@id":"https:\/\/experienciadevida.com.ar\/portalurbano\/#\/schema\/person\/image\/","url":"https:\/\/secure.gravatar.com\/avatar\/830d4c57adaae6630765e449a6908047?s=96&d=mm&r=g","contentUrl":"https:\/\/secure.gravatar.com\/avatar\/830d4c57adaae6630765e449a6908047?s=96&d=mm&r=g","caption":"admpu17wp"}}]}},"featured_image_urls":{"full":["https:\/\/experienciadevida.com.ar\/portalurbano\/wp-content\/uploads\/2022\/05\/Aguilera.jpg",1280,852,false],"thumbnail":["https:\/\/experienciadevida.com.ar\/portalurbano\/wp-content\/uploads\/2022\/05\/Aguilera-150x150.jpg",150,150,true],"medium":["https:\/\/experienciadevida.com.ar\/portalurbano\/wp-content\/uploads\/2022\/05\/Aguilera-300x200.jpg",300,200,true],"medium_large":["https:\/\/experienciadevida.com.ar\/portalurbano\/wp-content\/uploads\/2022\/05\/Aguilera-768x511.jpg",640,426,true],"large":["https:\/\/experienciadevida.com.ar\/portalurbano\/wp-content\/uploads\/2022\/05\/Aguilera-1024x682.jpg",640,426,true],"ug_big":["https:\/\/experienciadevida.com.ar\/portalurbano\/wp-content\/uploads\/2022\/05\/Aguilera-768x511.jpg",768,511,true],"1536x1536":["https:\/\/experienciadevida.com.ar\/portalurbano\/wp-content\/uploads\/2022\/05\/Aguilera.jpg",1280,852,false],"2048x2048":["https:\/\/experienciadevida.com.ar\/portalurbano\/wp-content\/uploads\/2022\/05\/Aguilera.jpg",1280,852,false],"newsever-slider-full":["https:\/\/experienciadevida.com.ar\/portalurbano\/wp-content\/uploads\/2022\/05\/Aguilera.jpg",1269,845,false],"newsever-featured":["https:\/\/experienciadevida.com.ar\/portalurbano\/wp-content\/uploads\/2022\/05\/Aguilera.jpg",1024,682,false],"newsever-medium":["https:\/\/experienciadevida.com.ar\/portalurbano\/wp-content\/uploads\/2022\/05\/Aguilera.jpg",714,475,false],"web-stories-poster-portrait":["https:\/\/experienciadevida.com.ar\/portalurbano\/wp-content\/uploads\/2022\/05\/Aguilera.jpg",640,426,false],"web-stories-publisher-logo":["https:\/\/experienciadevida.com.ar\/portalurbano\/wp-content\/uploads\/2022\/05\/Aguilera.jpg",96,64,false],"web-stories-thumbnail":["https:\/\/experienciadevida.com.ar\/portalurbano\/wp-content\/uploads\/2022\/05\/Aguilera.jpg",150,100,false]},"author_info":{"display_name":"admpu17wp","author_link":"https:\/\/experienciadevida.com.ar\/portalurbano\/author\/admpu17wp\/"},"category_info":"<a href=\"https:\/\/experienciadevida.com.ar\/portalurbano\/category\/ciudad\/\" rel=\"category tag\">Ciudad<\/a> <a href=\"https:\/\/experienciadevida.com.ar\/portalurbano\/category\/destacadas\/\" rel=\"category tag\">Destacadas<\/a>","tag_info":"Destacadas","comment_count":"0","amp_enabled":true,"_links":{"self":[{"href":"https:\/\/experienciadevida.com.ar\/portalurbano\/wp-json\/wp\/v2\/posts\/168519"}],"collection":[{"href":"https:\/\/experienciadevida.com.ar\/portalurbano\/wp-json\/wp\/v2\/posts"}],"about":[{"href":"https:\/\/experienciadevida.com.ar\/portalurbano\/wp-json\/wp\/v2\/types\/post"}],"author":[{"embeddable":true,"href":"https:\/\/experienciadevida.com.ar\/portalurbano\/wp-json\/wp\/v2\/users\/1"}],"replies":[{"embeddable":true,"href":"https:\/\/experienciadevida.com.ar\/portalurbano\/wp-json\/wp\/v2\/comments?post=168519"}],"version-history":[{"count":3,"href":"https:\/\/experienciadevida.com.ar\/portalurbano\/wp-json\/wp\/v2\/posts\/168519\/revisions"}],"predecessor-version":[{"id":168523,"href":"https:\/\/experienciadevida.com.ar\/portalurbano\/wp-json\/wp\/v2\/posts\/168519\/revisions\/168523"}],"wp:featuredmedia":[{"embeddable":true,"href":"https:\/\/experienciadevida.com.ar\/portalurbano\/wp-json\/wp\/v2\/media\/168520"}],"wp:attachment":[{"href":"https:\/\/experienciadevida.com.ar\/portalurbano\/wp-json\/wp\/v2\/media?parent=168519"}],"wp:term":[{"taxonomy":"category","embeddable":true,"href":"https:\/\/experienciadevida.com.ar\/portalurbano\/wp-json\/wp\/v2\/categories?post=168519"},{"taxonomy":"post_tag","embeddable":true,"href":"https:\/\/experienciadevida.com.ar\/portalurbano\/wp-json\/wp\/v2\/tags?post=168519"}],"curies":[{"name":"wp","href":"https:\/\/api.w.org\/{rel}","templated":true}]}}