{"id":168515,"date":"2022-05-28T10:48:55","date_gmt":"2022-05-28T13:48:55","guid":{"rendered":"https:\/\/experienciadevida.com.ar\/portalurbano\/?p=168515"},"modified":"2022-05-28T10:51:48","modified_gmt":"2022-05-28T13:51:48","slug":"el-municipio-adquirira-dos-totems-viales-de-indicadores-de-velocidad","status":"publish","type":"post","link":"https:\/\/experienciadevida.com.ar\/portalurbano\/el-municipio-adquirira-dos-totems-viales-de-indicadores-de-velocidad\/","title":{"rendered":"El municipio adquirir\u00e1 dos t\u00f3tems viales de indicadores de velocidad"},"content":{"rendered":"<p>El <a href=\"https:\/\/www.facebook.com\/municipiodeolavarria\">municipio<\/a> adquirir\u00e1 dos t\u00f3tems viales de indicadores de velocidad, ayer al mediod\u00eda se llev\u00f3 a cabo la apertura de los sobres de licitaci\u00f3n para la compra de dos t\u00f3tems viales de indicadores de velocidad, los que a futuro ser\u00e1n colocados sobre el acceso a nuestra ciudad.<\/p>\n<p>El acto formal se llev\u00f3 a cabo a las 11 horas en la oficina de licitaciones y fue encabezado por el subsecretario de Administraci\u00f3n, Federico Calascibetta. La adquisici\u00f3n cuenta con un presupuesto municipal de 4.700.000 de pesos y fueron dos los oferentes que se presentaron:<\/p>\n<p>Proponente N\u00b0 1: Trucar SRL. Cotiz\u00f3 seg\u00fan pliego la suma de 4.250.000 pesos<\/p>\n<p>Proponente N\u00b0 2: Vialseg SA. Cotiz\u00f3 seg\u00fan pliego la suma de 3.600.960 pesos<\/p>\n<p>La adquisici\u00f3n se enmarca en la campa\u00f1a y los esfuerzos de la Municipalidad de Olavarr\u00eda en materia de seguridad vial, la cual comprende no s\u00f3lo de los operativos que se reiteran en distintos puntos de la ciudad, sino tambi\u00e9n las labores de educaci\u00f3n que se implementan en establecimientos educativos de distintos niveles y capacitaciones a distintas instituciones, entre otras acciones.<\/p>\n<p>En ese sentido, tambi\u00e9n se implementa la adquisici\u00f3n y utilizaci\u00f3n de equipos y dispositivos tecnol\u00f3gicos para incrementar las labores preventivas. En este caso se trata de dos t\u00f3tems viales indicadores de velocidad que a futuro ser\u00e1n instalados sobre la autopista Luciano Fortabat, en una medida tomada por el intendente Ezequiel Galli a trav\u00e9s la Subsecretar\u00eda de Seguridad Municipal.<\/p>\n<p>En el pliego se especific\u00f3 que no deber\u00e1n ser de una altura menor a los 4 metros y deber\u00e1n contener un display de 3 d\u00edgitos, los cuales deber\u00e1n poseer adem\u00e1s un brillo suficiente y visi\u00f3n desde ambos lados.<\/p>\n","protected":false},"excerpt":{"rendered":"<p>El municipio adquirir\u00e1 dos t\u00f3tems viales de indicadores de velocidad, ayer al mediod\u00eda se llev\u00f3&#8230;<\/p>\n","protected":false},"author":1,"featured_media":168516,"comment_status":"closed","ping_status":"closed","sticky":false,"template":"","format":"standard","meta":{"content-type":""},"categories":[27,64],"tags":[],"nelio_content":{"isAutoShareEnabled":false,"autoShareEndMode":"default","automationSources":{"useContentSentences":true,"useSocialTemplates":true,"useCustomSentences":false,"customSentences":[]},"followers":[1],"suggestedReferences":[],"includedReferences":[],"efiUrl":"","efiAlt":"","highlights":[]},"yoast_head":"<!-- This site is optimized with the Yoast SEO plugin v20.7 - https:\/\/yoast.com\/wordpress\/plugins\/seo\/ -->\n<title>El Municipio adquirir\u00e1 dos t\u00f3tems viales de indicadores<\/title>\n<meta name=\"description\" content=\"El municipio adquirir\u00e1 dos t\u00f3tems viales de indicadores de velocidad, ayer al mediod\u00eda se llev\u00f3 a cabo la apertura de los sobres\" \/>\n<meta name=\"robots\" content=\"index, follow, max-snippet:-1, max-image-preview:large, max-video-preview:-1\" \/>\n<link rel=\"canonical\" href=\"https:\/\/experienciadevida.com.ar\/portalurbano\/el-municipio-adquirira-dos-totems-viales-de-indicadores-de-velocidad\/\" \/>\n<meta property=\"og:locale\" content=\"es_ES\" \/>\n<meta property=\"og:type\" content=\"article\" \/>\n<meta property=\"og:title\" content=\"El Municipio adquirir\u00e1 dos t\u00f3tems viales de indicadores\" \/>\n<meta property=\"og:description\" content=\"El municipio adquirir\u00e1 dos t\u00f3tems viales de indicadores de velocidad, ayer al mediod\u00eda se llev\u00f3 a cabo la apertura de los sobres\" \/>\n<meta property=\"og:url\" content=\"https:\/\/experienciadevida.com.ar\/portalurbano\/el-municipio-adquirira-dos-totems-viales-de-indicadores-de-velocidad\/\" \/>\n<meta property=\"article:publisher\" content=\"https:\/\/www.facebook.com\/Portal-Urbano-171542830093757\/\" \/>\n<meta property=\"article:published_time\" content=\"2022-05-28T13:48:55+00:00\" \/>\n<meta property=\"article:modified_time\" content=\"2022-05-28T13:51:48+00:00\" \/>\n<meta property=\"og:image\" content=\"https:\/\/experienciadevida.com.ar\/portalurbano\/wp-content\/uploads\/2022\/05\/El-municipio-adquirira-dos.jpg\" \/>\n\t<meta property=\"og:image:width\" content=\"1024\" \/>\n\t<meta property=\"og:image:height\" content=\"660\" \/>\n\t<meta property=\"og:image:type\" content=\"image\/jpeg\" \/>\n<meta name=\"author\" content=\"admpu17wp\" \/>\n<meta name=\"twitter:card\" content=\"summary_large_image\" \/>\n<meta name=\"twitter:creator\" content=\"@portalurbanook\" \/>\n<meta name=\"twitter:site\" content=\"@portalurbanook\" \/>\n<meta name=\"twitter:label1\" content=\"Escrito por\" \/>\n\t<meta name=\"twitter:data1\" content=\"admpu17wp\" \/>\n\t<meta name=\"twitter:label2\" content=\"Tiempo de lectura\" \/>\n\t<meta name=\"twitter:data2\" content=\"2 minutos\" \/>\n<script type=\"application\/ld+json\" class=\"yoast-schema-graph\">{\"@context\":\"https:\/\/schema.org\",\"@graph\":[{\"@type\":\"Article\",\"@id\":\"https:\/\/experienciadevida.com.ar\/portalurbano\/el-municipio-adquirira-dos-totems-viales-de-indicadores-de-velocidad\/#article\",\"isPartOf\":{\"@id\":\"https:\/\/experienciadevida.com.ar\/portalurbano\/el-municipio-adquirira-dos-totems-viales-de-indicadores-de-velocidad\/\"},\"author\":{\"name\":\"admpu17wp\",\"@id\":\"https:\/\/experienciadevida.com.ar\/portalurbano\/#\/schema\/person\/02dd326b1c4b056e9cc972486934a3a7\"},\"headline\":\"El municipio adquirir\u00e1 dos t\u00f3tems viales de indicadores de velocidad\",\"datePublished\":\"2022-05-28T13:48:55+00:00\",\"dateModified\":\"2022-05-28T13:51:48+00:00\",\"mainEntityOfPage\":{\"@id\":\"https:\/\/experienciadevida.com.ar\/portalurbano\/el-municipio-adquirira-dos-totems-viales-de-indicadores-de-velocidad\/\"},\"wordCount\":306,\"publisher\":{\"@id\":\"https:\/\/experienciadevida.com.ar\/portalurbano\/#organization\"},\"articleSection\":[\"Ciudad\",\"Destacadas 2\"],\"inLanguage\":\"es\"},{\"@type\":\"WebPage\",\"@id\":\"https:\/\/experienciadevida.com.ar\/portalurbano\/el-municipio-adquirira-dos-totems-viales-de-indicadores-de-velocidad\/\",\"url\":\"https:\/\/experienciadevida.com.ar\/portalurbano\/el-municipio-adquirira-dos-totems-viales-de-indicadores-de-velocidad\/\",\"name\":\"El Municipio adquirir\u00e1 dos t\u00f3tems viales de indicadores\",\"isPartOf\":{\"@id\":\"https:\/\/experienciadevida.com.ar\/portalurbano\/#website\"},\"datePublished\":\"2022-05-28T13:48:55+00:00\",\"dateModified\":\"2022-05-28T13:51:48+00:00\",\"description\":\"El municipio adquirir\u00e1 dos t\u00f3tems viales de indicadores de velocidad, ayer al mediod\u00eda se llev\u00f3 a cabo la apertura de los sobres\",\"breadcrumb\":{\"@id\":\"https:\/\/experienciadevida.com.ar\/portalurbano\/el-municipio-adquirira-dos-totems-viales-de-indicadores-de-velocidad\/#breadcrumb\"},\"inLanguage\":\"es\",\"potentialAction\":[{\"@type\":\"ReadAction\",\"target\":[\"https:\/\/experienciadevida.com.ar\/portalurbano\/el-municipio-adquirira-dos-totems-viales-de-indicadores-de-velocidad\/\"]}]},{\"@type\":\"BreadcrumbList\",\"@id\":\"https:\/\/experienciadevida.com.ar\/portalurbano\/el-municipio-adquirira-dos-totems-viales-de-indicadores-de-velocidad\/#breadcrumb\",\"itemListElement\":[{\"@type\":\"ListItem\",\"position\":1,\"name\":\"Portada\",\"item\":\"https:\/\/experienciadevida.com.ar\/portalurbano\/\"},{\"@type\":\"ListItem\",\"position\":2,\"name\":\"El municipio adquirir\u00e1 dos t\u00f3tems viales de indicadores de velocidad\"}]},{\"@type\":\"WebSite\",\"@id\":\"https:\/\/experienciadevida.com.ar\/portalurbano\/#website\",\"url\":\"https:\/\/experienciadevida.com.ar\/portalurbano\/\",\"name\":\"\",\"description\":\"\",\"publisher\":{\"@id\":\"https:\/\/experienciadevida.com.ar\/portalurbano\/#organization\"},\"potentialAction\":[{\"@type\":\"SearchAction\",\"target\":{\"@type\":\"EntryPoint\",\"urlTemplate\":\"https:\/\/experienciadevida.com.ar\/portalurbano\/?s={search_term_string}\"},\"query-input\":\"required name=search_term_string\"}],\"inLanguage\":\"es\"},{\"@type\":\"Organization\",\"@id\":\"https:\/\/experienciadevida.com.ar\/portalurbano\/#organization\",\"name\":\"Portal Urbano\",\"url\":\"https:\/\/experienciadevida.com.ar\/portalurbano\/\",\"logo\":{\"@type\":\"ImageObject\",\"inLanguage\":\"es\",\"@id\":\"https:\/\/experienciadevida.com.ar\/portalurbano\/#\/schema\/logo\/image\/\",\"url\":\"https:\/\/experienciadevida.com.ar\/portalurbano\/wp-content\/uploads\/2019\/09\/Logo-Original.png\",\"contentUrl\":\"https:\/\/experienciadevida.com.ar\/portalurbano\/wp-content\/uploads\/2019\/09\/Logo-Original.png\",\"width\":2236,\"height\":1216,\"caption\":\"Portal Urbano\"},\"image\":{\"@id\":\"https:\/\/experienciadevida.com.ar\/portalurbano\/#\/schema\/logo\/image\/\"},\"sameAs\":[\"https:\/\/www.facebook.com\/Portal-Urbano-171542830093757\/\",\"https:\/\/twitter.com\/portalurbanook\",\"https:\/\/www.instagram.com\/_portalurbano\/\",\"https:\/\/www.youtube.com\/channel\/UCXhagIfszH8KxFiOok79zbA?view_as=subscriber\"]},{\"@type\":\"Person\",\"@id\":\"https:\/\/experienciadevida.com.ar\/portalurbano\/#\/schema\/person\/02dd326b1c4b056e9cc972486934a3a7\",\"name\":\"admpu17wp\",\"image\":{\"@type\":\"ImageObject\",\"inLanguage\":\"es\",\"@id\":\"https:\/\/experienciadevida.com.ar\/portalurbano\/#\/schema\/person\/image\/\",\"url\":\"https:\/\/secure.gravatar.com\/avatar\/830d4c57adaae6630765e449a6908047?s=96&d=mm&r=g\",\"contentUrl\":\"https:\/\/secure.gravatar.com\/avatar\/830d4c57adaae6630765e449a6908047?s=96&d=mm&r=g\",\"caption\":\"admpu17wp\"}}]}<\/script>\n<!-- \/ Yoast SEO plugin. -->","yoast_head_json":{"title":"El Municipio adquirir\u00e1 dos t\u00f3tems viales de indicadores","description":"El municipio adquirir\u00e1 dos t\u00f3tems viales de indicadores de velocidad, ayer al mediod\u00eda se llev\u00f3 a cabo la apertura de los sobres","robots":{"index":"index","follow":"follow","max-snippet":"max-snippet:-1","max-image-preview":"max-image-preview:large","max-video-preview":"max-video-preview:-1"},"canonical":"https:\/\/experienciadevida.com.ar\/portalurbano\/el-municipio-adquirira-dos-totems-viales-de-indicadores-de-velocidad\/","og_locale":"es_ES","og_type":"article","og_title":"El Municipio adquirir\u00e1 dos t\u00f3tems viales de indicadores","og_description":"El municipio adquirir\u00e1 dos t\u00f3tems viales de indicadores de velocidad, ayer al mediod\u00eda se llev\u00f3 a cabo la apertura de los sobres","og_url":"https:\/\/experienciadevida.com.ar\/portalurbano\/el-municipio-adquirira-dos-totems-viales-de-indicadores-de-velocidad\/","article_publisher":"https:\/\/www.facebook.com\/Portal-Urbano-171542830093757\/","article_published_time":"2022-05-28T13:48:55+00:00","article_modified_time":"2022-05-28T13:51:48+00:00","og_image":[{"width":1024,"height":660,"url":"https:\/\/experienciadevida.com.ar\/portalurbano\/wp-content\/uploads\/2022\/05\/El-municipio-adquirira-dos.jpg","type":"image\/jpeg"}],"author":"admpu17wp","twitter_card":"summary_large_image","twitter_creator":"@portalurbanook","twitter_site":"@portalurbanook","twitter_misc":{"Escrito por":"admpu17wp","Tiempo de lectura":"2 minutos"},"schema":{"@context":"https:\/\/schema.org","@graph":[{"@type":"Article","@id":"https:\/\/experienciadevida.com.ar\/portalurbano\/el-municipio-adquirira-dos-totems-viales-de-indicadores-de-velocidad\/#article","isPartOf":{"@id":"https:\/\/experienciadevida.com.ar\/portalurbano\/el-municipio-adquirira-dos-totems-viales-de-indicadores-de-velocidad\/"},"author":{"name":"admpu17wp","@id":"https:\/\/experienciadevida.com.ar\/portalurbano\/#\/schema\/person\/02dd326b1c4b056e9cc972486934a3a7"},"headline":"El municipio adquirir\u00e1 dos t\u00f3tems viales de indicadores de velocidad","datePublished":"2022-05-28T13:48:55+00:00","dateModified":"2022-05-28T13:51:48+00:00","mainEntityOfPage":{"@id":"https:\/\/experienciadevida.com.ar\/portalurbano\/el-municipio-adquirira-dos-totems-viales-de-indicadores-de-velocidad\/"},"wordCount":306,"publisher":{"@id":"https:\/\/experienciadevida.com.ar\/portalurbano\/#organization"},"articleSection":["Ciudad","Destacadas 2"],"inLanguage":"es"},{"@type":"WebPage","@id":"https:\/\/experienciadevida.com.ar\/portalurbano\/el-municipio-adquirira-dos-totems-viales-de-indicadores-de-velocidad\/","url":"https:\/\/experienciadevida.com.ar\/portalurbano\/el-municipio-adquirira-dos-totems-viales-de-indicadores-de-velocidad\/","name":"El Municipio adquirir\u00e1 dos t\u00f3tems viales de indicadores","isPartOf":{"@id":"https:\/\/experienciadevida.com.ar\/portalurbano\/#website"},"datePublished":"2022-05-28T13:48:55+00:00","dateModified":"2022-05-28T13:51:48+00:00","description":"El municipio adquirir\u00e1 dos t\u00f3tems viales de indicadores de velocidad, ayer al mediod\u00eda se llev\u00f3 a cabo la apertura de los sobres","breadcrumb":{"@id":"https:\/\/experienciadevida.com.ar\/portalurbano\/el-municipio-adquirira-dos-totems-viales-de-indicadores-de-velocidad\/#breadcrumb"},"inLanguage":"es","potentialAction":[{"@type":"ReadAction","target":["https:\/\/experienciadevida.com.ar\/portalurbano\/el-municipio-adquirira-dos-totems-viales-de-indicadores-de-velocidad\/"]}]},{"@type":"BreadcrumbList","@id":"https:\/\/experienciadevida.com.ar\/portalurbano\/el-municipio-adquirira-dos-totems-viales-de-indicadores-de-velocidad\/#breadcrumb","itemListElement":[{"@type":"ListItem","position":1,"name":"Portada","item":"https:\/\/experienciadevida.com.ar\/portalurbano\/"},{"@type":"ListItem","position":2,"name":"El municipio adquirir\u00e1 dos t\u00f3tems viales de indicadores de velocidad"}]},{"@type":"WebSite","@id":"https:\/\/experienciadevida.com.ar\/portalurbano\/#website","url":"https:\/\/experienciadevida.com.ar\/portalurbano\/","name":"","description":"","publisher":{"@id":"https:\/\/experienciadevida.com.ar\/portalurbano\/#organization"},"potentialAction":[{"@type":"SearchAction","target":{"@type":"EntryPoint","urlTemplate":"https:\/\/experienciadevida.com.ar\/portalurbano\/?s={search_term_string}"},"query-input":"required name=search_term_string"}],"inLanguage":"es"},{"@type":"Organization","@id":"https:\/\/experienciadevida.com.ar\/portalurbano\/#organization","name":"Portal Urbano","url":"https:\/\/experienciadevida.com.ar\/portalurbano\/","logo":{"@type":"ImageObject","inLanguage":"es","@id":"https:\/\/experienciadevida.com.ar\/portalurbano\/#\/schema\/logo\/image\/","url":"https:\/\/experienciadevida.com.ar\/portalurbano\/wp-content\/uploads\/2019\/09\/Logo-Original.png","contentUrl":"https:\/\/experienciadevida.com.ar\/portalurbano\/wp-content\/uploads\/2019\/09\/Logo-Original.png","width":2236,"height":1216,"caption":"Portal Urbano"},"image":{"@id":"https:\/\/experienciadevida.com.ar\/portalurbano\/#\/schema\/logo\/image\/"},"sameAs":["https:\/\/www.facebook.com\/Portal-Urbano-171542830093757\/","https:\/\/twitter.com\/portalurbanook","https:\/\/www.instagram.com\/_portalurbano\/","https:\/\/www.youtube.com\/channel\/UCXhagIfszH8KxFiOok79zbA?view_as=subscriber"]},{"@type":"Person","@id":"https:\/\/experienciadevida.com.ar\/portalurbano\/#\/schema\/person\/02dd326b1c4b056e9cc972486934a3a7","name":"admpu17wp","image":{"@type":"ImageObject","inLanguage":"es","@id":"https:\/\/experienciadevida.com.ar\/portalurbano\/#\/schema\/person\/image\/","url":"https:\/\/secure.gravatar.com\/avatar\/830d4c57adaae6630765e449a6908047?s=96&d=mm&r=g","contentUrl":"https:\/\/secure.gravatar.com\/avatar\/830d4c57adaae6630765e449a6908047?s=96&d=mm&r=g","caption":"admpu17wp"}}]}},"featured_image_urls":{"full":["https:\/\/experienciadevida.com.ar\/portalurbano\/wp-content\/uploads\/2022\/05\/El-municipio-adquirira-dos.jpg",1024,660,false],"thumbnail":["https:\/\/experienciadevida.com.ar\/portalurbano\/wp-content\/uploads\/2022\/05\/El-municipio-adquirira-dos-150x150.jpg",150,150,true],"medium":["https:\/\/experienciadevida.com.ar\/portalurbano\/wp-content\/uploads\/2022\/05\/El-municipio-adquirira-dos-300x193.jpg",300,193,true],"medium_large":["https:\/\/experienciadevida.com.ar\/portalurbano\/wp-content\/uploads\/2022\/05\/El-municipio-adquirira-dos-768x495.jpg",640,413,true],"large":["https:\/\/experienciadevida.com.ar\/portalurbano\/wp-content\/uploads\/2022\/05\/El-municipio-adquirira-dos.jpg",640,413,false],"ug_big":["https:\/\/experienciadevida.com.ar\/portalurbano\/wp-content\/uploads\/2022\/05\/El-municipio-adquirira-dos-768x495.jpg",768,495,true],"1536x1536":["https:\/\/experienciadevida.com.ar\/portalurbano\/wp-content\/uploads\/2022\/05\/El-municipio-adquirira-dos.jpg",1024,660,false],"2048x2048":["https:\/\/experienciadevida.com.ar\/portalurbano\/wp-content\/uploads\/2022\/05\/El-municipio-adquirira-dos.jpg",1024,660,false],"newsever-slider-full":["https:\/\/experienciadevida.com.ar\/portalurbano\/wp-content\/uploads\/2022\/05\/El-municipio-adquirira-dos.jpg",1024,660,false],"newsever-featured":["https:\/\/experienciadevida.com.ar\/portalurbano\/wp-content\/uploads\/2022\/05\/El-municipio-adquirira-dos.jpg",1024,660,false],"newsever-medium":["https:\/\/experienciadevida.com.ar\/portalurbano\/wp-content\/uploads\/2022\/05\/El-municipio-adquirira-dos.jpg",720,464,false],"web-stories-poster-portrait":["https:\/\/experienciadevida.com.ar\/portalurbano\/wp-content\/uploads\/2022\/05\/El-municipio-adquirira-dos.jpg",640,413,false],"web-stories-publisher-logo":["https:\/\/experienciadevida.com.ar\/portalurbano\/wp-content\/uploads\/2022\/05\/El-municipio-adquirira-dos.jpg",96,62,false],"web-stories-thumbnail":["https:\/\/experienciadevida.com.ar\/portalurbano\/wp-content\/uploads\/2022\/05\/El-municipio-adquirira-dos.jpg",150,97,false]},"author_info":{"display_name":"admpu17wp","author_link":"https:\/\/experienciadevida.com.ar\/portalurbano\/author\/admpu17wp\/"},"category_info":"<a href=\"https:\/\/experienciadevida.com.ar\/portalurbano\/category\/ciudad\/\" rel=\"category tag\">Ciudad<\/a> <a href=\"https:\/\/experienciadevida.com.ar\/portalurbano\/category\/destacadas-2\/\" rel=\"category tag\">Destacadas 2<\/a>","tag_info":"Destacadas 2","comment_count":"0","amp_enabled":true,"_links":{"self":[{"href":"https:\/\/experienciadevida.com.ar\/portalurbano\/wp-json\/wp\/v2\/posts\/168515"}],"collection":[{"href":"https:\/\/experienciadevida.com.ar\/portalurbano\/wp-json\/wp\/v2\/posts"}],"about":[{"href":"https:\/\/experienciadevida.com.ar\/portalurbano\/wp-json\/wp\/v2\/types\/post"}],"author":[{"embeddable":true,"href":"https:\/\/experienciadevida.com.ar\/portalurbano\/wp-json\/wp\/v2\/users\/1"}],"replies":[{"embeddable":true,"href":"https:\/\/experienciadevida.com.ar\/portalurbano\/wp-json\/wp\/v2\/comments?post=168515"}],"version-history":[{"count":2,"href":"https:\/\/experienciadevida.com.ar\/portalurbano\/wp-json\/wp\/v2\/posts\/168515\/revisions"}],"predecessor-version":[{"id":168518,"href":"https:\/\/experienciadevida.com.ar\/portalurbano\/wp-json\/wp\/v2\/posts\/168515\/revisions\/168518"}],"wp:featuredmedia":[{"embeddable":true,"href":"https:\/\/experienciadevida.com.ar\/portalurbano\/wp-json\/wp\/v2\/media\/168516"}],"wp:attachment":[{"href":"https:\/\/experienciadevida.com.ar\/portalurbano\/wp-json\/wp\/v2\/media?parent=168515"}],"wp:term":[{"taxonomy":"category","embeddable":true,"href":"https:\/\/experienciadevida.com.ar\/portalurbano\/wp-json\/wp\/v2\/categories?post=168515"},{"taxonomy":"post_tag","embeddable":true,"href":"https:\/\/experienciadevida.com.ar\/portalurbano\/wp-json\/wp\/v2\/tags?post=168515"}],"curies":[{"name":"wp","href":"https:\/\/api.w.org\/{rel}","templated":true}]}}