{"id":168510,"date":"2022-05-27T23:32:45","date_gmt":"2022-05-28T02:32:45","guid":{"rendered":"https:\/\/experienciadevida.com.ar\/portalurbano\/?p=168510"},"modified":"2022-05-27T23:35:03","modified_gmt":"2022-05-28T02:35:03","slug":"jovenes-intervinieron-la-plaza-central-en-la-semana-del-derecho-al-juego","status":"publish","type":"post","link":"https:\/\/experienciadevida.com.ar\/portalurbano\/jovenes-intervinieron-la-plaza-central-en-la-semana-del-derecho-al-juego\/","title":{"rendered":"J\u00f3venes intervinieron la plaza central en la Semana del Derecho al Juego"},"content":{"rendered":"<p>J\u00f3venes intervinieron la plaza central en la Semana del Derecho al Juego, estudiantes de la Escuela Nacional Adolfo P\u00e9rez Esquivel y del Programa Envi\u00f3n N\u00b0 1 participaron de la propuesta realizada en el marco del D\u00eda Internacional del Derecho al Juego, que fueron impulsadas desde el Observatorio de Ni\u00f1ez y Adolescencia de la <a href=\"https:\/\/www.facebook.com\/facultadcienciassociales.unicen\">Facultad de Ciencias Sociales.<\/a><\/p>\n<p>La misma se concret\u00f3 en el marco de una serie de actividades organizadas en la Semana por el Derecho a Jugar bajo la consigna \u201cPiedra libre: estamos jugando\u201d. La actividad es impulsada desde el Programa Integral de Extensi\u00f3n \u201cInfancias, Juventudes y Derechos\u201d que integran la FACSO, la Facultad de Ciencias Humanas y otras instituciones, as\u00ed como el Consejo Federal por el Derecho a Jugar.<\/p>\n<p>En el encuentro participaron estudiantes de 2\u00b0, 4\u00b0 y 6\u00b0 a\u00f1o de la Escuela Adolfo P\u00e9rez Esquivel, en el marco de los espacios curriculares Introducci\u00f3n al Arte y Teor\u00edas de las artes contempor\u00e1neas, y j\u00f3venes integrantes del Programa Envi\u00f3n N\u00b0 1 desde el Taller de Arte. La coordinaci\u00f3n estuvo a cargo de las profesoras Rosana Farana y Daiana Digiani.<\/p>\n<p>Dentro de estas actividades, para el s\u00e1bado 28 se impulsa la propuesta \u201cJugamos en la calle!\u201d, que se realizar\u00e1 de 15.30 a 17.30 horas en Rivadavia entre San Mart\u00edn y General Paz.<\/p>\n<p>En la misma se desarrollar\u00e1n propuestas l\u00fadicas en la que participar\u00e1n la Escuela Nacional Adolfo P\u00e9rez Esquivel, el Programa Envi\u00f3n N\u00b0 1, la Mutual de Arte Popular \u201cMurga Arrebatando L\u00e1grimas\u201d, el Grupo Scout Nuestra Se\u00f1ora de F\u00e1tima, el ISFD N\u00b0 47 y el Jard\u00edn Maternal Upa La L\u00e1. Las actividades ser\u00e1n de car\u00e1cter abierto a la comunidad. La propuesta fue declarada de Inter\u00e9s Municipal y Legislativo por el Honorable Concejo Deliberante, y cuenta con el apoyo de la Secretar\u00eda de Desarrollo Humano y Calidad de Vida de la Municipalidad de Olavarr\u00eda.<\/p>\n<p>El objetivo de la convocatoria, que se implement\u00f3 a lo largo de la semana en las ciudad de Azul, Tandil, y Olavarr\u00eda, fue que infancias y juventudes de cada ciudad (nucleadas en instituciones educativas, barriales, organizaciones civiles y programas estatales, etc.) dediquen un momento de su jornada a celebrar JUGANDO el derecho al juego. La invitaci\u00f3n se extiende tambi\u00e9n a todo p\u00fablico, a fin de promocionar el juego en las personas adultas m\u00e1s all\u00e1 de cualquier edad.<\/p>\n<p>Programa Integral de Extensi\u00f3n<\/p>\n<p>&#8220;Infancias, Juventudes y Derechos&#8221;<\/p>\n<p>El Programa, dirigido por la Dra. Silvia Fern\u00e1ndez Soto, de la Facultad de Ciencias Humanas, y co-dirigido por la Prof. Laura Hoffmann, por la Facultad de Ciencias Sociales, tiene el prop\u00f3sito de promover procesos de participaci\u00f3n activa y de di\u00e1logo entre diferentes actores del campo de las infancias y juventudes en la regi\u00f3n centro de la Provincia de Buenos Aires, a trav\u00e9s de espacios de co-construcci\u00f3n de conocimientos y de pr\u00e1cticas situadas, en pos de la promoci\u00f3n y reafirmaci\u00f3n de derechos de ni\u00f1os, ni\u00f1as y j\u00f3venes desde una perspectiva territorial.<\/p>\n<p>La propuesta aborda la cuesti\u00f3n de las infancias, muchas veces invisibilizadas, no consideradas o contempladas en las agendas p\u00fablicas. Se propone movilizar y hacer confluir m\u00faltiples saberes, pr\u00e1cticas y experiencias; fortalecer intercambios, compartir problemas, estrategias y construyendo propuestas.<\/p>\n<p>El programa de la UNICEN expresa un proceso de integraci\u00f3n y articulaci\u00f3n entre diversos equipos de docentes, investigadores\/as, extensionistas, graduados\/as, no docentes, estudiantes de distintas unidades acad\u00e9micas que, en relaci\u00f3n a m\u00faltiples organizaciones e instituciones sociales de la regi\u00f3n han compartido, impulsado y forjado pr\u00e1cticas concretas, proyectos y acciones la promoci\u00f3n de los derechos de las infancias y juventudes.<\/p>\n","protected":false},"excerpt":{"rendered":"<p>J\u00f3venes intervinieron la plaza central en la Semana del Derecho al Juego, estudiantes de la&#8230;<\/p>\n","protected":false},"author":1,"featured_media":168511,"comment_status":"closed","ping_status":"closed","sticky":false,"template":"","format":"standard","meta":{"content-type":""},"categories":[27],"tags":[],"nelio_content":{"isAutoShareEnabled":false,"autoShareEndMode":"default","automationSources":{"useContentSentences":true,"useSocialTemplates":true,"useCustomSentences":false,"customSentences":[]},"followers":[1],"suggestedReferences":[],"includedReferences":[],"efiUrl":"","efiAlt":"","highlights":[]},"yoast_head":"<!-- This site is optimized with the Yoast SEO plugin v20.7 - https:\/\/yoast.com\/wordpress\/plugins\/seo\/ -->\n<title>J\u00f3venes intervinieron la plaza central en la semana del derecho a jugar<\/title>\n<meta name=\"description\" content=\"J\u00f3venes intervinieron la plaza central en la Semana del Derecho al Juego, estudiantes de la Escuela Nacional Adolfo P\u00e9rez Esquivel\" \/>\n<meta name=\"robots\" content=\"index, follow, max-snippet:-1, max-image-preview:large, max-video-preview:-1\" \/>\n<link rel=\"canonical\" href=\"https:\/\/experienciadevida.com.ar\/portalurbano\/jovenes-intervinieron-la-plaza-central-en-la-semana-del-derecho-al-juego\/\" \/>\n<meta property=\"og:locale\" content=\"es_ES\" \/>\n<meta property=\"og:type\" content=\"article\" \/>\n<meta property=\"og:title\" content=\"J\u00f3venes intervinieron la plaza central en la semana del derecho a jugar\" \/>\n<meta property=\"og:description\" content=\"J\u00f3venes intervinieron la plaza central en la Semana del Derecho al Juego, estudiantes de la Escuela Nacional Adolfo P\u00e9rez Esquivel\" \/>\n<meta property=\"og:url\" content=\"https:\/\/experienciadevida.com.ar\/portalurbano\/jovenes-intervinieron-la-plaza-central-en-la-semana-del-derecho-al-juego\/\" \/>\n<meta property=\"article:publisher\" content=\"https:\/\/www.facebook.com\/Portal-Urbano-171542830093757\/\" \/>\n<meta property=\"article:published_time\" content=\"2022-05-28T02:32:45+00:00\" \/>\n<meta property=\"article:modified_time\" content=\"2022-05-28T02:35:03+00:00\" \/>\n<meta property=\"og:image\" content=\"https:\/\/experienciadevida.com.ar\/portalurbano\/wp-content\/uploads\/2022\/05\/Jovenes-intervinieron-la-plaza.jpg\" \/>\n\t<meta property=\"og:image:width\" content=\"1280\" \/>\n\t<meta property=\"og:image:height\" content=\"853\" \/>\n\t<meta property=\"og:image:type\" content=\"image\/jpeg\" \/>\n<meta name=\"author\" content=\"admpu17wp\" \/>\n<meta name=\"twitter:card\" content=\"summary_large_image\" \/>\n<meta name=\"twitter:creator\" content=\"@portalurbanook\" \/>\n<meta name=\"twitter:site\" content=\"@portalurbanook\" \/>\n<meta name=\"twitter:label1\" content=\"Escrito por\" \/>\n\t<meta name=\"twitter:data1\" content=\"admpu17wp\" \/>\n\t<meta name=\"twitter:label2\" content=\"Tiempo de lectura\" \/>\n\t<meta name=\"twitter:data2\" content=\"3 minutos\" \/>\n<script type=\"application\/ld+json\" class=\"yoast-schema-graph\">{\"@context\":\"https:\/\/schema.org\",\"@graph\":[{\"@type\":\"Article\",\"@id\":\"https:\/\/experienciadevida.com.ar\/portalurbano\/jovenes-intervinieron-la-plaza-central-en-la-semana-del-derecho-al-juego\/#article\",\"isPartOf\":{\"@id\":\"https:\/\/experienciadevida.com.ar\/portalurbano\/jovenes-intervinieron-la-plaza-central-en-la-semana-del-derecho-al-juego\/\"},\"author\":{\"name\":\"admpu17wp\",\"@id\":\"https:\/\/experienciadevida.com.ar\/portalurbano\/#\/schema\/person\/02dd326b1c4b056e9cc972486934a3a7\"},\"headline\":\"J\u00f3venes intervinieron la plaza central en la Semana del Derecho al Juego\",\"datePublished\":\"2022-05-28T02:32:45+00:00\",\"dateModified\":\"2022-05-28T02:35:03+00:00\",\"mainEntityOfPage\":{\"@id\":\"https:\/\/experienciadevida.com.ar\/portalurbano\/jovenes-intervinieron-la-plaza-central-en-la-semana-del-derecho-al-juego\/\"},\"wordCount\":641,\"publisher\":{\"@id\":\"https:\/\/experienciadevida.com.ar\/portalurbano\/#organization\"},\"articleSection\":[\"Ciudad\"],\"inLanguage\":\"es\"},{\"@type\":\"WebPage\",\"@id\":\"https:\/\/experienciadevida.com.ar\/portalurbano\/jovenes-intervinieron-la-plaza-central-en-la-semana-del-derecho-al-juego\/\",\"url\":\"https:\/\/experienciadevida.com.ar\/portalurbano\/jovenes-intervinieron-la-plaza-central-en-la-semana-del-derecho-al-juego\/\",\"name\":\"J\u00f3venes intervinieron la plaza central en la semana del derecho a jugar\",\"isPartOf\":{\"@id\":\"https:\/\/experienciadevida.com.ar\/portalurbano\/#website\"},\"datePublished\":\"2022-05-28T02:32:45+00:00\",\"dateModified\":\"2022-05-28T02:35:03+00:00\",\"description\":\"J\u00f3venes intervinieron la plaza central en la Semana del Derecho al Juego, estudiantes de la Escuela Nacional Adolfo P\u00e9rez Esquivel\",\"breadcrumb\":{\"@id\":\"https:\/\/experienciadevida.com.ar\/portalurbano\/jovenes-intervinieron-la-plaza-central-en-la-semana-del-derecho-al-juego\/#breadcrumb\"},\"inLanguage\":\"es\",\"potentialAction\":[{\"@type\":\"ReadAction\",\"target\":[\"https:\/\/experienciadevida.com.ar\/portalurbano\/jovenes-intervinieron-la-plaza-central-en-la-semana-del-derecho-al-juego\/\"]}]},{\"@type\":\"BreadcrumbList\",\"@id\":\"https:\/\/experienciadevida.com.ar\/portalurbano\/jovenes-intervinieron-la-plaza-central-en-la-semana-del-derecho-al-juego\/#breadcrumb\",\"itemListElement\":[{\"@type\":\"ListItem\",\"position\":1,\"name\":\"Portada\",\"item\":\"https:\/\/experienciadevida.com.ar\/portalurbano\/\"},{\"@type\":\"ListItem\",\"position\":2,\"name\":\"J\u00f3venes intervinieron la plaza central en la Semana del Derecho al Juego\"}]},{\"@type\":\"WebSite\",\"@id\":\"https:\/\/experienciadevida.com.ar\/portalurbano\/#website\",\"url\":\"https:\/\/experienciadevida.com.ar\/portalurbano\/\",\"name\":\"\",\"description\":\"\",\"publisher\":{\"@id\":\"https:\/\/experienciadevida.com.ar\/portalurbano\/#organization\"},\"potentialAction\":[{\"@type\":\"SearchAction\",\"target\":{\"@type\":\"EntryPoint\",\"urlTemplate\":\"https:\/\/experienciadevida.com.ar\/portalurbano\/?s={search_term_string}\"},\"query-input\":\"required name=search_term_string\"}],\"inLanguage\":\"es\"},{\"@type\":\"Organization\",\"@id\":\"https:\/\/experienciadevida.com.ar\/portalurbano\/#organization\",\"name\":\"Portal Urbano\",\"url\":\"https:\/\/experienciadevida.com.ar\/portalurbano\/\",\"logo\":{\"@type\":\"ImageObject\",\"inLanguage\":\"es\",\"@id\":\"https:\/\/experienciadevida.com.ar\/portalurbano\/#\/schema\/logo\/image\/\",\"url\":\"https:\/\/experienciadevida.com.ar\/portalurbano\/wp-content\/uploads\/2019\/09\/Logo-Original.png\",\"contentUrl\":\"https:\/\/experienciadevida.com.ar\/portalurbano\/wp-content\/uploads\/2019\/09\/Logo-Original.png\",\"width\":2236,\"height\":1216,\"caption\":\"Portal Urbano\"},\"image\":{\"@id\":\"https:\/\/experienciadevida.com.ar\/portalurbano\/#\/schema\/logo\/image\/\"},\"sameAs\":[\"https:\/\/www.facebook.com\/Portal-Urbano-171542830093757\/\",\"https:\/\/twitter.com\/portalurbanook\",\"https:\/\/www.instagram.com\/_portalurbano\/\",\"https:\/\/www.youtube.com\/channel\/UCXhagIfszH8KxFiOok79zbA?view_as=subscriber\"]},{\"@type\":\"Person\",\"@id\":\"https:\/\/experienciadevida.com.ar\/portalurbano\/#\/schema\/person\/02dd326b1c4b056e9cc972486934a3a7\",\"name\":\"admpu17wp\",\"image\":{\"@type\":\"ImageObject\",\"inLanguage\":\"es\",\"@id\":\"https:\/\/experienciadevida.com.ar\/portalurbano\/#\/schema\/person\/image\/\",\"url\":\"https:\/\/secure.gravatar.com\/avatar\/830d4c57adaae6630765e449a6908047?s=96&d=mm&r=g\",\"contentUrl\":\"https:\/\/secure.gravatar.com\/avatar\/830d4c57adaae6630765e449a6908047?s=96&d=mm&r=g\",\"caption\":\"admpu17wp\"}}]}<\/script>\n<!-- \/ Yoast SEO plugin. -->","yoast_head_json":{"title":"J\u00f3venes intervinieron la plaza central en la semana del derecho a jugar","description":"J\u00f3venes intervinieron la plaza central en la Semana del Derecho al Juego, estudiantes de la Escuela Nacional Adolfo P\u00e9rez Esquivel","robots":{"index":"index","follow":"follow","max-snippet":"max-snippet:-1","max-image-preview":"max-image-preview:large","max-video-preview":"max-video-preview:-1"},"canonical":"https:\/\/experienciadevida.com.ar\/portalurbano\/jovenes-intervinieron-la-plaza-central-en-la-semana-del-derecho-al-juego\/","og_locale":"es_ES","og_type":"article","og_title":"J\u00f3venes intervinieron la plaza central en la semana del derecho a jugar","og_description":"J\u00f3venes intervinieron la plaza central en la Semana del Derecho al Juego, estudiantes de la Escuela Nacional Adolfo P\u00e9rez Esquivel","og_url":"https:\/\/experienciadevida.com.ar\/portalurbano\/jovenes-intervinieron-la-plaza-central-en-la-semana-del-derecho-al-juego\/","article_publisher":"https:\/\/www.facebook.com\/Portal-Urbano-171542830093757\/","article_published_time":"2022-05-28T02:32:45+00:00","article_modified_time":"2022-05-28T02:35:03+00:00","og_image":[{"width":1280,"height":853,"url":"https:\/\/experienciadevida.com.ar\/portalurbano\/wp-content\/uploads\/2022\/05\/Jovenes-intervinieron-la-plaza.jpg","type":"image\/jpeg"}],"author":"admpu17wp","twitter_card":"summary_large_image","twitter_creator":"@portalurbanook","twitter_site":"@portalurbanook","twitter_misc":{"Escrito por":"admpu17wp","Tiempo de lectura":"3 minutos"},"schema":{"@context":"https:\/\/schema.org","@graph":[{"@type":"Article","@id":"https:\/\/experienciadevida.com.ar\/portalurbano\/jovenes-intervinieron-la-plaza-central-en-la-semana-del-derecho-al-juego\/#article","isPartOf":{"@id":"https:\/\/experienciadevida.com.ar\/portalurbano\/jovenes-intervinieron-la-plaza-central-en-la-semana-del-derecho-al-juego\/"},"author":{"name":"admpu17wp","@id":"https:\/\/experienciadevida.com.ar\/portalurbano\/#\/schema\/person\/02dd326b1c4b056e9cc972486934a3a7"},"headline":"J\u00f3venes intervinieron la plaza central en la Semana del Derecho al Juego","datePublished":"2022-05-28T02:32:45+00:00","dateModified":"2022-05-28T02:35:03+00:00","mainEntityOfPage":{"@id":"https:\/\/experienciadevida.com.ar\/portalurbano\/jovenes-intervinieron-la-plaza-central-en-la-semana-del-derecho-al-juego\/"},"wordCount":641,"publisher":{"@id":"https:\/\/experienciadevida.com.ar\/portalurbano\/#organization"},"articleSection":["Ciudad"],"inLanguage":"es"},{"@type":"WebPage","@id":"https:\/\/experienciadevida.com.ar\/portalurbano\/jovenes-intervinieron-la-plaza-central-en-la-semana-del-derecho-al-juego\/","url":"https:\/\/experienciadevida.com.ar\/portalurbano\/jovenes-intervinieron-la-plaza-central-en-la-semana-del-derecho-al-juego\/","name":"J\u00f3venes intervinieron la plaza central en la semana del derecho a jugar","isPartOf":{"@id":"https:\/\/experienciadevida.com.ar\/portalurbano\/#website"},"datePublished":"2022-05-28T02:32:45+00:00","dateModified":"2022-05-28T02:35:03+00:00","description":"J\u00f3venes intervinieron la plaza central en la Semana del Derecho al Juego, estudiantes de la Escuela Nacional Adolfo P\u00e9rez Esquivel","breadcrumb":{"@id":"https:\/\/experienciadevida.com.ar\/portalurbano\/jovenes-intervinieron-la-plaza-central-en-la-semana-del-derecho-al-juego\/#breadcrumb"},"inLanguage":"es","potentialAction":[{"@type":"ReadAction","target":["https:\/\/experienciadevida.com.ar\/portalurbano\/jovenes-intervinieron-la-plaza-central-en-la-semana-del-derecho-al-juego\/"]}]},{"@type":"BreadcrumbList","@id":"https:\/\/experienciadevida.com.ar\/portalurbano\/jovenes-intervinieron-la-plaza-central-en-la-semana-del-derecho-al-juego\/#breadcrumb","itemListElement":[{"@type":"ListItem","position":1,"name":"Portada","item":"https:\/\/experienciadevida.com.ar\/portalurbano\/"},{"@type":"ListItem","position":2,"name":"J\u00f3venes intervinieron la plaza central en la Semana del Derecho al Juego"}]},{"@type":"WebSite","@id":"https:\/\/experienciadevida.com.ar\/portalurbano\/#website","url":"https:\/\/experienciadevida.com.ar\/portalurbano\/","name":"","description":"","publisher":{"@id":"https:\/\/experienciadevida.com.ar\/portalurbano\/#organization"},"potentialAction":[{"@type":"SearchAction","target":{"@type":"EntryPoint","urlTemplate":"https:\/\/experienciadevida.com.ar\/portalurbano\/?s={search_term_string}"},"query-input":"required name=search_term_string"}],"inLanguage":"es"},{"@type":"Organization","@id":"https:\/\/experienciadevida.com.ar\/portalurbano\/#organization","name":"Portal Urbano","url":"https:\/\/experienciadevida.com.ar\/portalurbano\/","logo":{"@type":"ImageObject","inLanguage":"es","@id":"https:\/\/experienciadevida.com.ar\/portalurbano\/#\/schema\/logo\/image\/","url":"https:\/\/experienciadevida.com.ar\/portalurbano\/wp-content\/uploads\/2019\/09\/Logo-Original.png","contentUrl":"https:\/\/experienciadevida.com.ar\/portalurbano\/wp-content\/uploads\/2019\/09\/Logo-Original.png","width":2236,"height":1216,"caption":"Portal Urbano"},"image":{"@id":"https:\/\/experienciadevida.com.ar\/portalurbano\/#\/schema\/logo\/image\/"},"sameAs":["https:\/\/www.facebook.com\/Portal-Urbano-171542830093757\/","https:\/\/twitter.com\/portalurbanook","https:\/\/www.instagram.com\/_portalurbano\/","https:\/\/www.youtube.com\/channel\/UCXhagIfszH8KxFiOok79zbA?view_as=subscriber"]},{"@type":"Person","@id":"https:\/\/experienciadevida.com.ar\/portalurbano\/#\/schema\/person\/02dd326b1c4b056e9cc972486934a3a7","name":"admpu17wp","image":{"@type":"ImageObject","inLanguage":"es","@id":"https:\/\/experienciadevida.com.ar\/portalurbano\/#\/schema\/person\/image\/","url":"https:\/\/secure.gravatar.com\/avatar\/830d4c57adaae6630765e449a6908047?s=96&d=mm&r=g","contentUrl":"https:\/\/secure.gravatar.com\/avatar\/830d4c57adaae6630765e449a6908047?s=96&d=mm&r=g","caption":"admpu17wp"}}]}},"featured_image_urls":{"full":["https:\/\/experienciadevida.com.ar\/portalurbano\/wp-content\/uploads\/2022\/05\/Jovenes-intervinieron-la-plaza.jpg",1280,853,false],"thumbnail":["https:\/\/experienciadevida.com.ar\/portalurbano\/wp-content\/uploads\/2022\/05\/Jovenes-intervinieron-la-plaza-150x150.jpg",150,150,true],"medium":["https:\/\/experienciadevida.com.ar\/portalurbano\/wp-content\/uploads\/2022\/05\/Jovenes-intervinieron-la-plaza-300x200.jpg",300,200,true],"medium_large":["https:\/\/experienciadevida.com.ar\/portalurbano\/wp-content\/uploads\/2022\/05\/Jovenes-intervinieron-la-plaza-768x512.jpg",640,427,true],"large":["https:\/\/experienciadevida.com.ar\/portalurbano\/wp-content\/uploads\/2022\/05\/Jovenes-intervinieron-la-plaza-1024x682.jpg",640,426,true],"ug_big":["https:\/\/experienciadevida.com.ar\/portalurbano\/wp-content\/uploads\/2022\/05\/Jovenes-intervinieron-la-plaza-768x512.jpg",768,512,true],"1536x1536":["https:\/\/experienciadevida.com.ar\/portalurbano\/wp-content\/uploads\/2022\/05\/Jovenes-intervinieron-la-plaza.jpg",1280,853,false],"2048x2048":["https:\/\/experienciadevida.com.ar\/portalurbano\/wp-content\/uploads\/2022\/05\/Jovenes-intervinieron-la-plaza.jpg",1280,853,false],"newsever-slider-full":["https:\/\/experienciadevida.com.ar\/portalurbano\/wp-content\/uploads\/2022\/05\/Jovenes-intervinieron-la-plaza.jpg",1268,845,false],"newsever-featured":["https:\/\/experienciadevida.com.ar\/portalurbano\/wp-content\/uploads\/2022\/05\/Jovenes-intervinieron-la-plaza.jpg",1024,682,false],"newsever-medium":["https:\/\/experienciadevida.com.ar\/portalurbano\/wp-content\/uploads\/2022\/05\/Jovenes-intervinieron-la-plaza.jpg",713,475,false],"web-stories-poster-portrait":["https:\/\/experienciadevida.com.ar\/portalurbano\/wp-content\/uploads\/2022\/05\/Jovenes-intervinieron-la-plaza.jpg",640,427,false],"web-stories-publisher-logo":["https:\/\/experienciadevida.com.ar\/portalurbano\/wp-content\/uploads\/2022\/05\/Jovenes-intervinieron-la-plaza.jpg",96,64,false],"web-stories-thumbnail":["https:\/\/experienciadevida.com.ar\/portalurbano\/wp-content\/uploads\/2022\/05\/Jovenes-intervinieron-la-plaza.jpg",150,100,false]},"author_info":{"display_name":"admpu17wp","author_link":"https:\/\/experienciadevida.com.ar\/portalurbano\/author\/admpu17wp\/"},"category_info":"<a href=\"https:\/\/experienciadevida.com.ar\/portalurbano\/category\/ciudad\/\" rel=\"category tag\">Ciudad<\/a>","tag_info":"Ciudad","comment_count":"0","amp_enabled":true,"_links":{"self":[{"href":"https:\/\/experienciadevida.com.ar\/portalurbano\/wp-json\/wp\/v2\/posts\/168510"}],"collection":[{"href":"https:\/\/experienciadevida.com.ar\/portalurbano\/wp-json\/wp\/v2\/posts"}],"about":[{"href":"https:\/\/experienciadevida.com.ar\/portalurbano\/wp-json\/wp\/v2\/types\/post"}],"author":[{"embeddable":true,"href":"https:\/\/experienciadevida.com.ar\/portalurbano\/wp-json\/wp\/v2\/users\/1"}],"replies":[{"embeddable":true,"href":"https:\/\/experienciadevida.com.ar\/portalurbano\/wp-json\/wp\/v2\/comments?post=168510"}],"version-history":[{"count":1,"href":"https:\/\/experienciadevida.com.ar\/portalurbano\/wp-json\/wp\/v2\/posts\/168510\/revisions"}],"predecessor-version":[{"id":168512,"href":"https:\/\/experienciadevida.com.ar\/portalurbano\/wp-json\/wp\/v2\/posts\/168510\/revisions\/168512"}],"wp:featuredmedia":[{"embeddable":true,"href":"https:\/\/experienciadevida.com.ar\/portalurbano\/wp-json\/wp\/v2\/media\/168511"}],"wp:attachment":[{"href":"https:\/\/experienciadevida.com.ar\/portalurbano\/wp-json\/wp\/v2\/media?parent=168510"}],"wp:term":[{"taxonomy":"category","embeddable":true,"href":"https:\/\/experienciadevida.com.ar\/portalurbano\/wp-json\/wp\/v2\/categories?post=168510"},{"taxonomy":"post_tag","embeddable":true,"href":"https:\/\/experienciadevida.com.ar\/portalurbano\/wp-json\/wp\/v2\/tags?post=168510"}],"curies":[{"name":"wp","href":"https:\/\/api.w.org\/{rel}","templated":true}]}}