{"id":168483,"date":"2022-05-27T16:38:02","date_gmt":"2022-05-27T19:38:02","guid":{"rendered":"https:\/\/experienciadevida.com.ar\/portalurbano\/?p=168483"},"modified":"2022-05-27T16:39:44","modified_gmt":"2022-05-27T19:39:44","slug":"la-escuela-de-gobierno-proyectar-dara-una-clase-sobre-movilidad-urbana-y-seguridad-vial-a-cargo-del-ing-marcos-pascua","status":"publish","type":"post","link":"https:\/\/experienciadevida.com.ar\/portalurbano\/la-escuela-de-gobierno-proyectar-dara-una-clase-sobre-movilidad-urbana-y-seguridad-vial-a-cargo-del-ing-marcos-pascua\/","title":{"rendered":"La Escuela de Gobierno ProyectAR dar\u00e1 una clase sobre Movilidad Urbana y Seguridad Vial a cargo del Ing. Marcos Pascua"},"content":{"rendered":"<p>La Escuela de Gobierno ProyectAR dar\u00e1 una clase sobre Movilidad Urbana y Seguridad Vial a cargo del Ing. Marcos Pascua, el Ingeniero Marcos Pascua, referente en la materia, expondr\u00e1 sobre Movilidad Urbana y Seguridad Vial en Olavarr\u00eda. Ser\u00e1 abierta al p\u00fablico en general.<\/p>\n<p>El pr\u00f3ximo jueves 2 de junio la Escuela de Gobierno y Pol\u00edticas P\u00fablicas \u201cProyectAR\u201d, coordinada a nivel local por Eduardo Rodr\u00edguez, estar\u00e1 realizando una clase sobre Seguridad Vial a cargo del Ingeniero Marcos Pascua. Tendr\u00e1 lugar a partir de las 18:30 horas en el SUM de AOMA, ubicado en Alsina 2556, y ser\u00e1 de modalidad abierta al p\u00fablico.<\/p>\n<p>Marcos Pascua ser\u00e1 el expositor sobre Movilidad Urbana y Seguridad Vial en Olavarr\u00eda. \u00c9l es egresado de la carrera Ingenier\u00eda Civil, en la Facultad de Ingenier\u00eda de Olavarr\u00eda. Dedic\u00f3 su tesis al estudio de la seguridad vial y desarrolla su actividad profesional como promotor comunitario de seguridad vial, consultor de seguridad vial y supervisor de obra para Vialidad Nacional.<\/p>\n<p>La exposici\u00f3n de Pascua se titula &#8220;La movilidad desde Los Picapiedras a los Supers\u00f3nicos&#8221; y propone pensar la movilidad urbana desde su relaci\u00f3n con los dibujos animados. As\u00ed, el Ingeniero reflexiona desde una serie de<br \/>\ntem\u00e1ticas tituladas &#8220;C\u00f3mo eran las ciudades que planteaba Hanna-Barbera y qu\u00e9 relaciones tienen con las nuestras&#8221;, &#8220;C\u00f3mo tiene que ser esa ciudad del futuro&#8221; y &#8220;\u00bfAmsterdam siempre fue Amsterdam?&#8221;.<\/p>\n<p>La Escuela de Gobierno y Pol\u00edticas P\u00fablicas, \u201cProyectAR\u201d, es un espacio de formaci\u00f3n de equipos t\u00e9cnicos y de gesti\u00f3n basados en el conocimiento, con solidez y visi\u00f3n de largo plazo, para poder abordar los desaf\u00edos que<br \/>\nafrontan nuestras democracias en el siglo XXI.<\/p>\n","protected":false},"excerpt":{"rendered":"<p>La Escuela de Gobierno ProyectAR dar\u00e1 una clase sobre Movilidad Urbana y Seguridad Vial a&#8230;<\/p>\n","protected":false},"author":1,"featured_media":168484,"comment_status":"closed","ping_status":"closed","sticky":false,"template":"","format":"standard","meta":{"content-type":""},"categories":[27],"tags":[],"nelio_content":{"isAutoShareEnabled":false,"autoShareEndMode":"default","automationSources":{"useContentSentences":true,"useSocialTemplates":true,"useCustomSentences":false,"customSentences":[]},"followers":[1],"suggestedReferences":[],"includedReferences":[],"efiUrl":"","efiAlt":"","highlights":[]},"yoast_head":"<!-- This site is optimized with the Yoast SEO plugin v20.7 - https:\/\/yoast.com\/wordpress\/plugins\/seo\/ -->\n<title>La escuela de Gobierno ProyectAR dar\u00e1 una clase sobre movilidad<\/title>\n<meta name=\"description\" content=\"La Escuela de Gobierno ProyectAR dar\u00e1 una clase sobre Movilidad Urbana y Seguridad Vial a cargo del Ing. Marcos Pascua,\" \/>\n<meta name=\"robots\" content=\"index, follow, max-snippet:-1, max-image-preview:large, max-video-preview:-1\" \/>\n<link rel=\"canonical\" href=\"https:\/\/experienciadevida.com.ar\/portalurbano\/la-escuela-de-gobierno-proyectar-dara-una-clase-sobre-movilidad-urbana-y-seguridad-vial-a-cargo-del-ing-marcos-pascua\/\" \/>\n<meta property=\"og:locale\" content=\"es_ES\" \/>\n<meta property=\"og:type\" content=\"article\" \/>\n<meta property=\"og:title\" content=\"La escuela de Gobierno ProyectAR dar\u00e1 una clase sobre movilidad\" \/>\n<meta property=\"og:description\" content=\"La Escuela de Gobierno ProyectAR dar\u00e1 una clase sobre Movilidad Urbana y Seguridad Vial a cargo del Ing. Marcos Pascua,\" \/>\n<meta property=\"og:url\" content=\"https:\/\/experienciadevida.com.ar\/portalurbano\/la-escuela-de-gobierno-proyectar-dara-una-clase-sobre-movilidad-urbana-y-seguridad-vial-a-cargo-del-ing-marcos-pascua\/\" \/>\n<meta property=\"article:publisher\" content=\"https:\/\/www.facebook.com\/Portal-Urbano-171542830093757\/\" \/>\n<meta property=\"article:published_time\" content=\"2022-05-27T19:38:02+00:00\" \/>\n<meta property=\"article:modified_time\" content=\"2022-05-27T19:39:44+00:00\" \/>\n<meta property=\"og:image\" content=\"https:\/\/experienciadevida.com.ar\/portalurbano\/wp-content\/uploads\/2022\/05\/La-Escuela-de-Gobierno.jpg\" \/>\n\t<meta property=\"og:image:width\" content=\"856\" \/>\n\t<meta property=\"og:image:height\" content=\"578\" \/>\n\t<meta property=\"og:image:type\" content=\"image\/jpeg\" \/>\n<meta name=\"author\" content=\"admpu17wp\" \/>\n<meta name=\"twitter:card\" content=\"summary_large_image\" \/>\n<meta name=\"twitter:creator\" content=\"@portalurbanook\" \/>\n<meta name=\"twitter:site\" content=\"@portalurbanook\" \/>\n<meta name=\"twitter:label1\" content=\"Escrito por\" \/>\n\t<meta name=\"twitter:data1\" content=\"admpu17wp\" \/>\n\t<meta name=\"twitter:label2\" content=\"Tiempo de lectura\" \/>\n\t<meta name=\"twitter:data2\" content=\"2 minutos\" \/>\n<script type=\"application\/ld+json\" class=\"yoast-schema-graph\">{\"@context\":\"https:\/\/schema.org\",\"@graph\":[{\"@type\":\"Article\",\"@id\":\"https:\/\/experienciadevida.com.ar\/portalurbano\/la-escuela-de-gobierno-proyectar-dara-una-clase-sobre-movilidad-urbana-y-seguridad-vial-a-cargo-del-ing-marcos-pascua\/#article\",\"isPartOf\":{\"@id\":\"https:\/\/experienciadevida.com.ar\/portalurbano\/la-escuela-de-gobierno-proyectar-dara-una-clase-sobre-movilidad-urbana-y-seguridad-vial-a-cargo-del-ing-marcos-pascua\/\"},\"author\":{\"name\":\"admpu17wp\",\"@id\":\"https:\/\/experienciadevida.com.ar\/portalurbano\/#\/schema\/person\/02dd326b1c4b056e9cc972486934a3a7\"},\"headline\":\"La Escuela de Gobierno ProyectAR dar\u00e1 una clase sobre Movilidad Urbana y Seguridad Vial a cargo del Ing. Marcos Pascua\",\"datePublished\":\"2022-05-27T19:38:02+00:00\",\"dateModified\":\"2022-05-27T19:39:44+00:00\",\"mainEntityOfPage\":{\"@id\":\"https:\/\/experienciadevida.com.ar\/portalurbano\/la-escuela-de-gobierno-proyectar-dara-una-clase-sobre-movilidad-urbana-y-seguridad-vial-a-cargo-del-ing-marcos-pascua\/\"},\"wordCount\":308,\"publisher\":{\"@id\":\"https:\/\/experienciadevida.com.ar\/portalurbano\/#organization\"},\"articleSection\":[\"Ciudad\"],\"inLanguage\":\"es\"},{\"@type\":\"WebPage\",\"@id\":\"https:\/\/experienciadevida.com.ar\/portalurbano\/la-escuela-de-gobierno-proyectar-dara-una-clase-sobre-movilidad-urbana-y-seguridad-vial-a-cargo-del-ing-marcos-pascua\/\",\"url\":\"https:\/\/experienciadevida.com.ar\/portalurbano\/la-escuela-de-gobierno-proyectar-dara-una-clase-sobre-movilidad-urbana-y-seguridad-vial-a-cargo-del-ing-marcos-pascua\/\",\"name\":\"La escuela de Gobierno ProyectAR dar\u00e1 una clase sobre movilidad\",\"isPartOf\":{\"@id\":\"https:\/\/experienciadevida.com.ar\/portalurbano\/#website\"},\"datePublished\":\"2022-05-27T19:38:02+00:00\",\"dateModified\":\"2022-05-27T19:39:44+00:00\",\"description\":\"La Escuela de Gobierno ProyectAR dar\u00e1 una clase sobre Movilidad Urbana y Seguridad Vial a cargo del Ing. Marcos Pascua,\",\"breadcrumb\":{\"@id\":\"https:\/\/experienciadevida.com.ar\/portalurbano\/la-escuela-de-gobierno-proyectar-dara-una-clase-sobre-movilidad-urbana-y-seguridad-vial-a-cargo-del-ing-marcos-pascua\/#breadcrumb\"},\"inLanguage\":\"es\",\"potentialAction\":[{\"@type\":\"ReadAction\",\"target\":[\"https:\/\/experienciadevida.com.ar\/portalurbano\/la-escuela-de-gobierno-proyectar-dara-una-clase-sobre-movilidad-urbana-y-seguridad-vial-a-cargo-del-ing-marcos-pascua\/\"]}]},{\"@type\":\"BreadcrumbList\",\"@id\":\"https:\/\/experienciadevida.com.ar\/portalurbano\/la-escuela-de-gobierno-proyectar-dara-una-clase-sobre-movilidad-urbana-y-seguridad-vial-a-cargo-del-ing-marcos-pascua\/#breadcrumb\",\"itemListElement\":[{\"@type\":\"ListItem\",\"position\":1,\"name\":\"Portada\",\"item\":\"https:\/\/experienciadevida.com.ar\/portalurbano\/\"},{\"@type\":\"ListItem\",\"position\":2,\"name\":\"La Escuela de Gobierno ProyectAR dar\u00e1 una clase sobre Movilidad Urbana y Seguridad Vial a cargo del Ing. Marcos Pascua\"}]},{\"@type\":\"WebSite\",\"@id\":\"https:\/\/experienciadevida.com.ar\/portalurbano\/#website\",\"url\":\"https:\/\/experienciadevida.com.ar\/portalurbano\/\",\"name\":\"\",\"description\":\"\",\"publisher\":{\"@id\":\"https:\/\/experienciadevida.com.ar\/portalurbano\/#organization\"},\"potentialAction\":[{\"@type\":\"SearchAction\",\"target\":{\"@type\":\"EntryPoint\",\"urlTemplate\":\"https:\/\/experienciadevida.com.ar\/portalurbano\/?s={search_term_string}\"},\"query-input\":\"required name=search_term_string\"}],\"inLanguage\":\"es\"},{\"@type\":\"Organization\",\"@id\":\"https:\/\/experienciadevida.com.ar\/portalurbano\/#organization\",\"name\":\"Portal Urbano\",\"url\":\"https:\/\/experienciadevida.com.ar\/portalurbano\/\",\"logo\":{\"@type\":\"ImageObject\",\"inLanguage\":\"es\",\"@id\":\"https:\/\/experienciadevida.com.ar\/portalurbano\/#\/schema\/logo\/image\/\",\"url\":\"https:\/\/experienciadevida.com.ar\/portalurbano\/wp-content\/uploads\/2019\/09\/Logo-Original.png\",\"contentUrl\":\"https:\/\/experienciadevida.com.ar\/portalurbano\/wp-content\/uploads\/2019\/09\/Logo-Original.png\",\"width\":2236,\"height\":1216,\"caption\":\"Portal Urbano\"},\"image\":{\"@id\":\"https:\/\/experienciadevida.com.ar\/portalurbano\/#\/schema\/logo\/image\/\"},\"sameAs\":[\"https:\/\/www.facebook.com\/Portal-Urbano-171542830093757\/\",\"https:\/\/twitter.com\/portalurbanook\",\"https:\/\/www.instagram.com\/_portalurbano\/\",\"https:\/\/www.youtube.com\/channel\/UCXhagIfszH8KxFiOok79zbA?view_as=subscriber\"]},{\"@type\":\"Person\",\"@id\":\"https:\/\/experienciadevida.com.ar\/portalurbano\/#\/schema\/person\/02dd326b1c4b056e9cc972486934a3a7\",\"name\":\"admpu17wp\",\"image\":{\"@type\":\"ImageObject\",\"inLanguage\":\"es\",\"@id\":\"https:\/\/experienciadevida.com.ar\/portalurbano\/#\/schema\/person\/image\/\",\"url\":\"https:\/\/secure.gravatar.com\/avatar\/830d4c57adaae6630765e449a6908047?s=96&d=mm&r=g\",\"contentUrl\":\"https:\/\/secure.gravatar.com\/avatar\/830d4c57adaae6630765e449a6908047?s=96&d=mm&r=g\",\"caption\":\"admpu17wp\"}}]}<\/script>\n<!-- \/ Yoast SEO plugin. -->","yoast_head_json":{"title":"La escuela de Gobierno ProyectAR dar\u00e1 una clase sobre movilidad","description":"La Escuela de Gobierno ProyectAR dar\u00e1 una clase sobre Movilidad Urbana y Seguridad Vial a cargo del Ing. Marcos Pascua,","robots":{"index":"index","follow":"follow","max-snippet":"max-snippet:-1","max-image-preview":"max-image-preview:large","max-video-preview":"max-video-preview:-1"},"canonical":"https:\/\/experienciadevida.com.ar\/portalurbano\/la-escuela-de-gobierno-proyectar-dara-una-clase-sobre-movilidad-urbana-y-seguridad-vial-a-cargo-del-ing-marcos-pascua\/","og_locale":"es_ES","og_type":"article","og_title":"La escuela de Gobierno ProyectAR dar\u00e1 una clase sobre movilidad","og_description":"La Escuela de Gobierno ProyectAR dar\u00e1 una clase sobre Movilidad Urbana y Seguridad Vial a cargo del Ing. Marcos Pascua,","og_url":"https:\/\/experienciadevida.com.ar\/portalurbano\/la-escuela-de-gobierno-proyectar-dara-una-clase-sobre-movilidad-urbana-y-seguridad-vial-a-cargo-del-ing-marcos-pascua\/","article_publisher":"https:\/\/www.facebook.com\/Portal-Urbano-171542830093757\/","article_published_time":"2022-05-27T19:38:02+00:00","article_modified_time":"2022-05-27T19:39:44+00:00","og_image":[{"width":856,"height":578,"url":"https:\/\/experienciadevida.com.ar\/portalurbano\/wp-content\/uploads\/2022\/05\/La-Escuela-de-Gobierno.jpg","type":"image\/jpeg"}],"author":"admpu17wp","twitter_card":"summary_large_image","twitter_creator":"@portalurbanook","twitter_site":"@portalurbanook","twitter_misc":{"Escrito por":"admpu17wp","Tiempo de lectura":"2 minutos"},"schema":{"@context":"https:\/\/schema.org","@graph":[{"@type":"Article","@id":"https:\/\/experienciadevida.com.ar\/portalurbano\/la-escuela-de-gobierno-proyectar-dara-una-clase-sobre-movilidad-urbana-y-seguridad-vial-a-cargo-del-ing-marcos-pascua\/#article","isPartOf":{"@id":"https:\/\/experienciadevida.com.ar\/portalurbano\/la-escuela-de-gobierno-proyectar-dara-una-clase-sobre-movilidad-urbana-y-seguridad-vial-a-cargo-del-ing-marcos-pascua\/"},"author":{"name":"admpu17wp","@id":"https:\/\/experienciadevida.com.ar\/portalurbano\/#\/schema\/person\/02dd326b1c4b056e9cc972486934a3a7"},"headline":"La Escuela de Gobierno ProyectAR dar\u00e1 una clase sobre Movilidad Urbana y Seguridad Vial a cargo del Ing. Marcos Pascua","datePublished":"2022-05-27T19:38:02+00:00","dateModified":"2022-05-27T19:39:44+00:00","mainEntityOfPage":{"@id":"https:\/\/experienciadevida.com.ar\/portalurbano\/la-escuela-de-gobierno-proyectar-dara-una-clase-sobre-movilidad-urbana-y-seguridad-vial-a-cargo-del-ing-marcos-pascua\/"},"wordCount":308,"publisher":{"@id":"https:\/\/experienciadevida.com.ar\/portalurbano\/#organization"},"articleSection":["Ciudad"],"inLanguage":"es"},{"@type":"WebPage","@id":"https:\/\/experienciadevida.com.ar\/portalurbano\/la-escuela-de-gobierno-proyectar-dara-una-clase-sobre-movilidad-urbana-y-seguridad-vial-a-cargo-del-ing-marcos-pascua\/","url":"https:\/\/experienciadevida.com.ar\/portalurbano\/la-escuela-de-gobierno-proyectar-dara-una-clase-sobre-movilidad-urbana-y-seguridad-vial-a-cargo-del-ing-marcos-pascua\/","name":"La escuela de Gobierno ProyectAR dar\u00e1 una clase sobre movilidad","isPartOf":{"@id":"https:\/\/experienciadevida.com.ar\/portalurbano\/#website"},"datePublished":"2022-05-27T19:38:02+00:00","dateModified":"2022-05-27T19:39:44+00:00","description":"La Escuela de Gobierno ProyectAR dar\u00e1 una clase sobre Movilidad Urbana y Seguridad Vial a cargo del Ing. Marcos Pascua,","breadcrumb":{"@id":"https:\/\/experienciadevida.com.ar\/portalurbano\/la-escuela-de-gobierno-proyectar-dara-una-clase-sobre-movilidad-urbana-y-seguridad-vial-a-cargo-del-ing-marcos-pascua\/#breadcrumb"},"inLanguage":"es","potentialAction":[{"@type":"ReadAction","target":["https:\/\/experienciadevida.com.ar\/portalurbano\/la-escuela-de-gobierno-proyectar-dara-una-clase-sobre-movilidad-urbana-y-seguridad-vial-a-cargo-del-ing-marcos-pascua\/"]}]},{"@type":"BreadcrumbList","@id":"https:\/\/experienciadevida.com.ar\/portalurbano\/la-escuela-de-gobierno-proyectar-dara-una-clase-sobre-movilidad-urbana-y-seguridad-vial-a-cargo-del-ing-marcos-pascua\/#breadcrumb","itemListElement":[{"@type":"ListItem","position":1,"name":"Portada","item":"https:\/\/experienciadevida.com.ar\/portalurbano\/"},{"@type":"ListItem","position":2,"name":"La Escuela de Gobierno ProyectAR dar\u00e1 una clase sobre Movilidad Urbana y Seguridad Vial a cargo del Ing. Marcos Pascua"}]},{"@type":"WebSite","@id":"https:\/\/experienciadevida.com.ar\/portalurbano\/#website","url":"https:\/\/experienciadevida.com.ar\/portalurbano\/","name":"","description":"","publisher":{"@id":"https:\/\/experienciadevida.com.ar\/portalurbano\/#organization"},"potentialAction":[{"@type":"SearchAction","target":{"@type":"EntryPoint","urlTemplate":"https:\/\/experienciadevida.com.ar\/portalurbano\/?s={search_term_string}"},"query-input":"required name=search_term_string"}],"inLanguage":"es"},{"@type":"Organization","@id":"https:\/\/experienciadevida.com.ar\/portalurbano\/#organization","name":"Portal Urbano","url":"https:\/\/experienciadevida.com.ar\/portalurbano\/","logo":{"@type":"ImageObject","inLanguage":"es","@id":"https:\/\/experienciadevida.com.ar\/portalurbano\/#\/schema\/logo\/image\/","url":"https:\/\/experienciadevida.com.ar\/portalurbano\/wp-content\/uploads\/2019\/09\/Logo-Original.png","contentUrl":"https:\/\/experienciadevida.com.ar\/portalurbano\/wp-content\/uploads\/2019\/09\/Logo-Original.png","width":2236,"height":1216,"caption":"Portal Urbano"},"image":{"@id":"https:\/\/experienciadevida.com.ar\/portalurbano\/#\/schema\/logo\/image\/"},"sameAs":["https:\/\/www.facebook.com\/Portal-Urbano-171542830093757\/","https:\/\/twitter.com\/portalurbanook","https:\/\/www.instagram.com\/_portalurbano\/","https:\/\/www.youtube.com\/channel\/UCXhagIfszH8KxFiOok79zbA?view_as=subscriber"]},{"@type":"Person","@id":"https:\/\/experienciadevida.com.ar\/portalurbano\/#\/schema\/person\/02dd326b1c4b056e9cc972486934a3a7","name":"admpu17wp","image":{"@type":"ImageObject","inLanguage":"es","@id":"https:\/\/experienciadevida.com.ar\/portalurbano\/#\/schema\/person\/image\/","url":"https:\/\/secure.gravatar.com\/avatar\/830d4c57adaae6630765e449a6908047?s=96&d=mm&r=g","contentUrl":"https:\/\/secure.gravatar.com\/avatar\/830d4c57adaae6630765e449a6908047?s=96&d=mm&r=g","caption":"admpu17wp"}}]}},"featured_image_urls":{"full":["https:\/\/experienciadevida.com.ar\/portalurbano\/wp-content\/uploads\/2022\/05\/La-Escuela-de-Gobierno.jpg",856,578,false],"thumbnail":["https:\/\/experienciadevida.com.ar\/portalurbano\/wp-content\/uploads\/2022\/05\/La-Escuela-de-Gobierno-150x150.jpg",150,150,true],"medium":["https:\/\/experienciadevida.com.ar\/portalurbano\/wp-content\/uploads\/2022\/05\/La-Escuela-de-Gobierno-300x203.jpg",300,203,true],"medium_large":["https:\/\/experienciadevida.com.ar\/portalurbano\/wp-content\/uploads\/2022\/05\/La-Escuela-de-Gobierno-768x519.jpg",640,433,true],"large":["https:\/\/experienciadevida.com.ar\/portalurbano\/wp-content\/uploads\/2022\/05\/La-Escuela-de-Gobierno.jpg",640,432,false],"ug_big":["https:\/\/experienciadevida.com.ar\/portalurbano\/wp-content\/uploads\/2022\/05\/La-Escuela-de-Gobierno-768x519.jpg",768,519,true],"1536x1536":["https:\/\/experienciadevida.com.ar\/portalurbano\/wp-content\/uploads\/2022\/05\/La-Escuela-de-Gobierno.jpg",856,578,false],"2048x2048":["https:\/\/experienciadevida.com.ar\/portalurbano\/wp-content\/uploads\/2022\/05\/La-Escuela-de-Gobierno.jpg",856,578,false],"newsever-slider-full":["https:\/\/experienciadevida.com.ar\/portalurbano\/wp-content\/uploads\/2022\/05\/La-Escuela-de-Gobierno.jpg",856,578,false],"newsever-featured":["https:\/\/experienciadevida.com.ar\/portalurbano\/wp-content\/uploads\/2022\/05\/La-Escuela-de-Gobierno.jpg",856,578,false],"newsever-medium":["https:\/\/experienciadevida.com.ar\/portalurbano\/wp-content\/uploads\/2022\/05\/La-Escuela-de-Gobierno.jpg",703,475,false],"web-stories-poster-portrait":["https:\/\/experienciadevida.com.ar\/portalurbano\/wp-content\/uploads\/2022\/05\/La-Escuela-de-Gobierno.jpg",640,432,false],"web-stories-publisher-logo":["https:\/\/experienciadevida.com.ar\/portalurbano\/wp-content\/uploads\/2022\/05\/La-Escuela-de-Gobierno.jpg",96,65,false],"web-stories-thumbnail":["https:\/\/experienciadevida.com.ar\/portalurbano\/wp-content\/uploads\/2022\/05\/La-Escuela-de-Gobierno.jpg",150,101,false]},"author_info":{"display_name":"admpu17wp","author_link":"https:\/\/experienciadevida.com.ar\/portalurbano\/author\/admpu17wp\/"},"category_info":"<a href=\"https:\/\/experienciadevida.com.ar\/portalurbano\/category\/ciudad\/\" rel=\"category tag\">Ciudad<\/a>","tag_info":"Ciudad","comment_count":"0","amp_enabled":true,"_links":{"self":[{"href":"https:\/\/experienciadevida.com.ar\/portalurbano\/wp-json\/wp\/v2\/posts\/168483"}],"collection":[{"href":"https:\/\/experienciadevida.com.ar\/portalurbano\/wp-json\/wp\/v2\/posts"}],"about":[{"href":"https:\/\/experienciadevida.com.ar\/portalurbano\/wp-json\/wp\/v2\/types\/post"}],"author":[{"embeddable":true,"href":"https:\/\/experienciadevida.com.ar\/portalurbano\/wp-json\/wp\/v2\/users\/1"}],"replies":[{"embeddable":true,"href":"https:\/\/experienciadevida.com.ar\/portalurbano\/wp-json\/wp\/v2\/comments?post=168483"}],"version-history":[{"count":1,"href":"https:\/\/experienciadevida.com.ar\/portalurbano\/wp-json\/wp\/v2\/posts\/168483\/revisions"}],"predecessor-version":[{"id":168485,"href":"https:\/\/experienciadevida.com.ar\/portalurbano\/wp-json\/wp\/v2\/posts\/168483\/revisions\/168485"}],"wp:featuredmedia":[{"embeddable":true,"href":"https:\/\/experienciadevida.com.ar\/portalurbano\/wp-json\/wp\/v2\/media\/168484"}],"wp:attachment":[{"href":"https:\/\/experienciadevida.com.ar\/portalurbano\/wp-json\/wp\/v2\/media?parent=168483"}],"wp:term":[{"taxonomy":"category","embeddable":true,"href":"https:\/\/experienciadevida.com.ar\/portalurbano\/wp-json\/wp\/v2\/categories?post=168483"},{"taxonomy":"post_tag","embeddable":true,"href":"https:\/\/experienciadevida.com.ar\/portalurbano\/wp-json\/wp\/v2\/tags?post=168483"}],"curies":[{"name":"wp","href":"https:\/\/api.w.org\/{rel}","templated":true}]}}