{"id":168476,"date":"2022-05-27T16:07:23","date_gmt":"2022-05-27T19:07:23","guid":{"rendered":"https:\/\/experienciadevida.com.ar\/portalurbano\/?p=168476"},"modified":"2022-05-27T16:15:22","modified_gmt":"2022-05-27T19:15:22","slug":"ezequiel-galli-participo-del-acto-por-el-212o-aniversario-del-ejercito-argentino","status":"publish","type":"post","link":"https:\/\/experienciadevida.com.ar\/portalurbano\/ezequiel-galli-participo-del-acto-por-el-212o-aniversario-del-ejercito-argentino\/","title":{"rendered":"Ezequiel Galli particip\u00f3 del acto por el 212\u00ba Aniversario del Ej\u00e9rcito Argentino"},"content":{"rendered":"<p>Ezequiel <a href=\"https:\/\/www.facebook.com\/galliezequiel\">Galli<\/a> particip\u00f3 del acto por el 212\u00ba Aniversario del Ej\u00e9rcito Argentino.<\/p>\n<p>Dicha ceremonia se llev\u00f3 a cabo en la Plaza de Armas de la Guarnici\u00f3n Ej\u00e9rcito Olavarr\u00eda. Participaron \u2013adem\u00e1s\u2013 la presidente del Concejo Deliberante Cecilia Krivochen, junto a los secretarios de Gobierno Hilario Galli y de Desarrollo Humano y Calidad Vida Diego Robbiani.<\/p>\n<p>La misma se inici\u00f3 con la entonaci\u00f3n del Himno Nacional Argentino y un mensaje del jefe del Estado Mayor General del Ej\u00e9rcito, general de divisi\u00f3n Guillermo Olegario Gonzalo Pereda.<\/p>\n<p>Seguidamente se realiz\u00f3 una evocaci\u00f3n religiosa y un minuto de silencio por los ca\u00eddos. El acto continu\u00f3 con la palabra del jefe de la Guarnici\u00f3n Ej\u00e9rcito Olavarr\u00eda y luego se dio inicio al desfile protocolar.<\/p>\n<p>El 29 de mayo de 1810 se estableci\u00f3 c\u00f3mo el d\u00eda formal de creaci\u00f3n del Ej\u00e9rcito Argentino. En esa fecha, la Primera Junta del Gobierno Patrio redact\u00f3 una proclama donde reconoci\u00f3 el trabajo de las tropas militares durante el proceso revolucionario. Adem\u00e1s, se elev\u00f3 al nivel de Regimiento a los batallones existentes y se orden\u00f3 reorganizar a las unidades dispuestas en todo el territorio.<\/p>\n","protected":false},"excerpt":{"rendered":"<p>Ezequiel Galli particip\u00f3 del acto por el 212\u00ba Aniversario del Ej\u00e9rcito Argentino. Dicha ceremonia se&#8230;<\/p>\n","protected":false},"author":1,"featured_media":168477,"comment_status":"closed","ping_status":"closed","sticky":false,"template":"","format":"standard","meta":{"content-type":""},"categories":[27,51],"tags":[],"nelio_content":{"isAutoShareEnabled":false,"autoShareEndMode":"default","automationSources":{"useContentSentences":true,"useSocialTemplates":true,"useCustomSentences":false,"customSentences":[]},"followers":[1],"suggestedReferences":[],"includedReferences":[],"efiUrl":"","efiAlt":"","highlights":[]},"yoast_head":"<!-- This site is optimized with the Yoast SEO plugin v20.7 - https:\/\/yoast.com\/wordpress\/plugins\/seo\/ -->\n<title>Ezequiel Galli particip\u00f3 del acto por el 212\u00b0 aniversario del ej\u00e9rcito<\/title>\n<meta name=\"description\" content=\"Ezequiel Galli particip\u00f3 del acto por el 212\u00ba Aniversario del Ej\u00e9rcito Argentino, participaron la presidenta del HCD y funcionarios\" \/>\n<meta name=\"robots\" content=\"index, follow, max-snippet:-1, max-image-preview:large, max-video-preview:-1\" \/>\n<link rel=\"canonical\" href=\"https:\/\/experienciadevida.com.ar\/portalurbano\/ezequiel-galli-participo-del-acto-por-el-212o-aniversario-del-ejercito-argentino\/\" \/>\n<meta property=\"og:locale\" content=\"es_ES\" \/>\n<meta property=\"og:type\" content=\"article\" \/>\n<meta property=\"og:title\" content=\"Ezequiel Galli particip\u00f3 del acto por el 212\u00b0 aniversario del ej\u00e9rcito\" \/>\n<meta property=\"og:description\" content=\"Ezequiel Galli particip\u00f3 del acto por el 212\u00ba Aniversario del Ej\u00e9rcito Argentino, participaron la presidenta del HCD y funcionarios\" \/>\n<meta property=\"og:url\" content=\"https:\/\/experienciadevida.com.ar\/portalurbano\/ezequiel-galli-participo-del-acto-por-el-212o-aniversario-del-ejercito-argentino\/\" \/>\n<meta property=\"article:publisher\" content=\"https:\/\/www.facebook.com\/Portal-Urbano-171542830093757\/\" \/>\n<meta property=\"article:published_time\" content=\"2022-05-27T19:07:23+00:00\" \/>\n<meta property=\"article:modified_time\" content=\"2022-05-27T19:15:22+00:00\" \/>\n<meta property=\"og:image\" content=\"https:\/\/experienciadevida.com.ar\/portalurbano\/wp-content\/uploads\/2022\/05\/Ezequiel-Galli-participo-del.jpg\" \/>\n\t<meta property=\"og:image:width\" content=\"2560\" \/>\n\t<meta property=\"og:image:height\" content=\"1711\" \/>\n\t<meta property=\"og:image:type\" content=\"image\/jpeg\" \/>\n<meta name=\"author\" content=\"admpu17wp\" \/>\n<meta name=\"twitter:card\" content=\"summary_large_image\" \/>\n<meta name=\"twitter:creator\" content=\"@portalurbanook\" \/>\n<meta name=\"twitter:site\" content=\"@portalurbanook\" \/>\n<meta name=\"twitter:label1\" content=\"Escrito por\" \/>\n\t<meta name=\"twitter:data1\" content=\"admpu17wp\" \/>\n\t<meta name=\"twitter:label2\" content=\"Tiempo de lectura\" \/>\n\t<meta name=\"twitter:data2\" content=\"1 minuto\" \/>\n<script type=\"application\/ld+json\" class=\"yoast-schema-graph\">{\"@context\":\"https:\/\/schema.org\",\"@graph\":[{\"@type\":\"Article\",\"@id\":\"https:\/\/experienciadevida.com.ar\/portalurbano\/ezequiel-galli-participo-del-acto-por-el-212o-aniversario-del-ejercito-argentino\/#article\",\"isPartOf\":{\"@id\":\"https:\/\/experienciadevida.com.ar\/portalurbano\/ezequiel-galli-participo-del-acto-por-el-212o-aniversario-del-ejercito-argentino\/\"},\"author\":{\"name\":\"admpu17wp\",\"@id\":\"https:\/\/experienciadevida.com.ar\/portalurbano\/#\/schema\/person\/02dd326b1c4b056e9cc972486934a3a7\"},\"headline\":\"Ezequiel Galli particip\u00f3 del acto por el 212\u00ba Aniversario del Ej\u00e9rcito Argentino\",\"datePublished\":\"2022-05-27T19:07:23+00:00\",\"dateModified\":\"2022-05-27T19:15:22+00:00\",\"mainEntityOfPage\":{\"@id\":\"https:\/\/experienciadevida.com.ar\/portalurbano\/ezequiel-galli-participo-del-acto-por-el-212o-aniversario-del-ejercito-argentino\/\"},\"wordCount\":209,\"publisher\":{\"@id\":\"https:\/\/experienciadevida.com.ar\/portalurbano\/#organization\"},\"articleSection\":[\"Ciudad\",\"Destacadas\"],\"inLanguage\":\"es\"},{\"@type\":\"WebPage\",\"@id\":\"https:\/\/experienciadevida.com.ar\/portalurbano\/ezequiel-galli-participo-del-acto-por-el-212o-aniversario-del-ejercito-argentino\/\",\"url\":\"https:\/\/experienciadevida.com.ar\/portalurbano\/ezequiel-galli-participo-del-acto-por-el-212o-aniversario-del-ejercito-argentino\/\",\"name\":\"Ezequiel Galli particip\u00f3 del acto por el 212\u00b0 aniversario del ej\u00e9rcito\",\"isPartOf\":{\"@id\":\"https:\/\/experienciadevida.com.ar\/portalurbano\/#website\"},\"datePublished\":\"2022-05-27T19:07:23+00:00\",\"dateModified\":\"2022-05-27T19:15:22+00:00\",\"description\":\"Ezequiel Galli particip\u00f3 del acto por el 212\u00ba Aniversario del Ej\u00e9rcito Argentino, participaron la presidenta del HCD y funcionarios\",\"breadcrumb\":{\"@id\":\"https:\/\/experienciadevida.com.ar\/portalurbano\/ezequiel-galli-participo-del-acto-por-el-212o-aniversario-del-ejercito-argentino\/#breadcrumb\"},\"inLanguage\":\"es\",\"potentialAction\":[{\"@type\":\"ReadAction\",\"target\":[\"https:\/\/experienciadevida.com.ar\/portalurbano\/ezequiel-galli-participo-del-acto-por-el-212o-aniversario-del-ejercito-argentino\/\"]}]},{\"@type\":\"BreadcrumbList\",\"@id\":\"https:\/\/experienciadevida.com.ar\/portalurbano\/ezequiel-galli-participo-del-acto-por-el-212o-aniversario-del-ejercito-argentino\/#breadcrumb\",\"itemListElement\":[{\"@type\":\"ListItem\",\"position\":1,\"name\":\"Portada\",\"item\":\"https:\/\/experienciadevida.com.ar\/portalurbano\/\"},{\"@type\":\"ListItem\",\"position\":2,\"name\":\"Ezequiel Galli particip\u00f3 del acto por el 212\u00ba Aniversario del Ej\u00e9rcito Argentino\"}]},{\"@type\":\"WebSite\",\"@id\":\"https:\/\/experienciadevida.com.ar\/portalurbano\/#website\",\"url\":\"https:\/\/experienciadevida.com.ar\/portalurbano\/\",\"name\":\"\",\"description\":\"\",\"publisher\":{\"@id\":\"https:\/\/experienciadevida.com.ar\/portalurbano\/#organization\"},\"potentialAction\":[{\"@type\":\"SearchAction\",\"target\":{\"@type\":\"EntryPoint\",\"urlTemplate\":\"https:\/\/experienciadevida.com.ar\/portalurbano\/?s={search_term_string}\"},\"query-input\":\"required name=search_term_string\"}],\"inLanguage\":\"es\"},{\"@type\":\"Organization\",\"@id\":\"https:\/\/experienciadevida.com.ar\/portalurbano\/#organization\",\"name\":\"Portal Urbano\",\"url\":\"https:\/\/experienciadevida.com.ar\/portalurbano\/\",\"logo\":{\"@type\":\"ImageObject\",\"inLanguage\":\"es\",\"@id\":\"https:\/\/experienciadevida.com.ar\/portalurbano\/#\/schema\/logo\/image\/\",\"url\":\"https:\/\/experienciadevida.com.ar\/portalurbano\/wp-content\/uploads\/2019\/09\/Logo-Original.png\",\"contentUrl\":\"https:\/\/experienciadevida.com.ar\/portalurbano\/wp-content\/uploads\/2019\/09\/Logo-Original.png\",\"width\":2236,\"height\":1216,\"caption\":\"Portal Urbano\"},\"image\":{\"@id\":\"https:\/\/experienciadevida.com.ar\/portalurbano\/#\/schema\/logo\/image\/\"},\"sameAs\":[\"https:\/\/www.facebook.com\/Portal-Urbano-171542830093757\/\",\"https:\/\/twitter.com\/portalurbanook\",\"https:\/\/www.instagram.com\/_portalurbano\/\",\"https:\/\/www.youtube.com\/channel\/UCXhagIfszH8KxFiOok79zbA?view_as=subscriber\"]},{\"@type\":\"Person\",\"@id\":\"https:\/\/experienciadevida.com.ar\/portalurbano\/#\/schema\/person\/02dd326b1c4b056e9cc972486934a3a7\",\"name\":\"admpu17wp\",\"image\":{\"@type\":\"ImageObject\",\"inLanguage\":\"es\",\"@id\":\"https:\/\/experienciadevida.com.ar\/portalurbano\/#\/schema\/person\/image\/\",\"url\":\"https:\/\/secure.gravatar.com\/avatar\/830d4c57adaae6630765e449a6908047?s=96&d=mm&r=g\",\"contentUrl\":\"https:\/\/secure.gravatar.com\/avatar\/830d4c57adaae6630765e449a6908047?s=96&d=mm&r=g\",\"caption\":\"admpu17wp\"}}]}<\/script>\n<!-- \/ Yoast SEO plugin. -->","yoast_head_json":{"title":"Ezequiel Galli particip\u00f3 del acto por el 212\u00b0 aniversario del ej\u00e9rcito","description":"Ezequiel Galli particip\u00f3 del acto por el 212\u00ba Aniversario del Ej\u00e9rcito Argentino, participaron la presidenta del HCD y funcionarios","robots":{"index":"index","follow":"follow","max-snippet":"max-snippet:-1","max-image-preview":"max-image-preview:large","max-video-preview":"max-video-preview:-1"},"canonical":"https:\/\/experienciadevida.com.ar\/portalurbano\/ezequiel-galli-participo-del-acto-por-el-212o-aniversario-del-ejercito-argentino\/","og_locale":"es_ES","og_type":"article","og_title":"Ezequiel Galli particip\u00f3 del acto por el 212\u00b0 aniversario del ej\u00e9rcito","og_description":"Ezequiel Galli particip\u00f3 del acto por el 212\u00ba Aniversario del Ej\u00e9rcito Argentino, participaron la presidenta del HCD y funcionarios","og_url":"https:\/\/experienciadevida.com.ar\/portalurbano\/ezequiel-galli-participo-del-acto-por-el-212o-aniversario-del-ejercito-argentino\/","article_publisher":"https:\/\/www.facebook.com\/Portal-Urbano-171542830093757\/","article_published_time":"2022-05-27T19:07:23+00:00","article_modified_time":"2022-05-27T19:15:22+00:00","og_image":[{"width":2560,"height":1711,"url":"https:\/\/experienciadevida.com.ar\/portalurbano\/wp-content\/uploads\/2022\/05\/Ezequiel-Galli-participo-del.jpg","type":"image\/jpeg"}],"author":"admpu17wp","twitter_card":"summary_large_image","twitter_creator":"@portalurbanook","twitter_site":"@portalurbanook","twitter_misc":{"Escrito por":"admpu17wp","Tiempo de lectura":"1 minuto"},"schema":{"@context":"https:\/\/schema.org","@graph":[{"@type":"Article","@id":"https:\/\/experienciadevida.com.ar\/portalurbano\/ezequiel-galli-participo-del-acto-por-el-212o-aniversario-del-ejercito-argentino\/#article","isPartOf":{"@id":"https:\/\/experienciadevida.com.ar\/portalurbano\/ezequiel-galli-participo-del-acto-por-el-212o-aniversario-del-ejercito-argentino\/"},"author":{"name":"admpu17wp","@id":"https:\/\/experienciadevida.com.ar\/portalurbano\/#\/schema\/person\/02dd326b1c4b056e9cc972486934a3a7"},"headline":"Ezequiel Galli particip\u00f3 del acto por el 212\u00ba Aniversario del Ej\u00e9rcito Argentino","datePublished":"2022-05-27T19:07:23+00:00","dateModified":"2022-05-27T19:15:22+00:00","mainEntityOfPage":{"@id":"https:\/\/experienciadevida.com.ar\/portalurbano\/ezequiel-galli-participo-del-acto-por-el-212o-aniversario-del-ejercito-argentino\/"},"wordCount":209,"publisher":{"@id":"https:\/\/experienciadevida.com.ar\/portalurbano\/#organization"},"articleSection":["Ciudad","Destacadas"],"inLanguage":"es"},{"@type":"WebPage","@id":"https:\/\/experienciadevida.com.ar\/portalurbano\/ezequiel-galli-participo-del-acto-por-el-212o-aniversario-del-ejercito-argentino\/","url":"https:\/\/experienciadevida.com.ar\/portalurbano\/ezequiel-galli-participo-del-acto-por-el-212o-aniversario-del-ejercito-argentino\/","name":"Ezequiel Galli particip\u00f3 del acto por el 212\u00b0 aniversario del ej\u00e9rcito","isPartOf":{"@id":"https:\/\/experienciadevida.com.ar\/portalurbano\/#website"},"datePublished":"2022-05-27T19:07:23+00:00","dateModified":"2022-05-27T19:15:22+00:00","description":"Ezequiel Galli particip\u00f3 del acto por el 212\u00ba Aniversario del Ej\u00e9rcito Argentino, participaron la presidenta del HCD y funcionarios","breadcrumb":{"@id":"https:\/\/experienciadevida.com.ar\/portalurbano\/ezequiel-galli-participo-del-acto-por-el-212o-aniversario-del-ejercito-argentino\/#breadcrumb"},"inLanguage":"es","potentialAction":[{"@type":"ReadAction","target":["https:\/\/experienciadevida.com.ar\/portalurbano\/ezequiel-galli-participo-del-acto-por-el-212o-aniversario-del-ejercito-argentino\/"]}]},{"@type":"BreadcrumbList","@id":"https:\/\/experienciadevida.com.ar\/portalurbano\/ezequiel-galli-participo-del-acto-por-el-212o-aniversario-del-ejercito-argentino\/#breadcrumb","itemListElement":[{"@type":"ListItem","position":1,"name":"Portada","item":"https:\/\/experienciadevida.com.ar\/portalurbano\/"},{"@type":"ListItem","position":2,"name":"Ezequiel Galli particip\u00f3 del acto por el 212\u00ba Aniversario del Ej\u00e9rcito Argentino"}]},{"@type":"WebSite","@id":"https:\/\/experienciadevida.com.ar\/portalurbano\/#website","url":"https:\/\/experienciadevida.com.ar\/portalurbano\/","name":"","description":"","publisher":{"@id":"https:\/\/experienciadevida.com.ar\/portalurbano\/#organization"},"potentialAction":[{"@type":"SearchAction","target":{"@type":"EntryPoint","urlTemplate":"https:\/\/experienciadevida.com.ar\/portalurbano\/?s={search_term_string}"},"query-input":"required name=search_term_string"}],"inLanguage":"es"},{"@type":"Organization","@id":"https:\/\/experienciadevida.com.ar\/portalurbano\/#organization","name":"Portal Urbano","url":"https:\/\/experienciadevida.com.ar\/portalurbano\/","logo":{"@type":"ImageObject","inLanguage":"es","@id":"https:\/\/experienciadevida.com.ar\/portalurbano\/#\/schema\/logo\/image\/","url":"https:\/\/experienciadevida.com.ar\/portalurbano\/wp-content\/uploads\/2019\/09\/Logo-Original.png","contentUrl":"https:\/\/experienciadevida.com.ar\/portalurbano\/wp-content\/uploads\/2019\/09\/Logo-Original.png","width":2236,"height":1216,"caption":"Portal Urbano"},"image":{"@id":"https:\/\/experienciadevida.com.ar\/portalurbano\/#\/schema\/logo\/image\/"},"sameAs":["https:\/\/www.facebook.com\/Portal-Urbano-171542830093757\/","https:\/\/twitter.com\/portalurbanook","https:\/\/www.instagram.com\/_portalurbano\/","https:\/\/www.youtube.com\/channel\/UCXhagIfszH8KxFiOok79zbA?view_as=subscriber"]},{"@type":"Person","@id":"https:\/\/experienciadevida.com.ar\/portalurbano\/#\/schema\/person\/02dd326b1c4b056e9cc972486934a3a7","name":"admpu17wp","image":{"@type":"ImageObject","inLanguage":"es","@id":"https:\/\/experienciadevida.com.ar\/portalurbano\/#\/schema\/person\/image\/","url":"https:\/\/secure.gravatar.com\/avatar\/830d4c57adaae6630765e449a6908047?s=96&d=mm&r=g","contentUrl":"https:\/\/secure.gravatar.com\/avatar\/830d4c57adaae6630765e449a6908047?s=96&d=mm&r=g","caption":"admpu17wp"}}]}},"featured_image_urls":{"full":["https:\/\/experienciadevida.com.ar\/portalurbano\/wp-content\/uploads\/2022\/05\/Ezequiel-Galli-participo-del.jpg",2560,1711,false],"thumbnail":["https:\/\/experienciadevida.com.ar\/portalurbano\/wp-content\/uploads\/2022\/05\/Ezequiel-Galli-participo-del-150x150.jpg",150,150,true],"medium":["https:\/\/experienciadevida.com.ar\/portalurbano\/wp-content\/uploads\/2022\/05\/Ezequiel-Galli-participo-del-300x201.jpg",300,201,true],"medium_large":["https:\/\/experienciadevida.com.ar\/portalurbano\/wp-content\/uploads\/2022\/05\/Ezequiel-Galli-participo-del-768x513.jpg",640,428,true],"large":["https:\/\/experienciadevida.com.ar\/portalurbano\/wp-content\/uploads\/2022\/05\/Ezequiel-Galli-participo-del-1024x684.jpg",640,428,true],"ug_big":["https:\/\/experienciadevida.com.ar\/portalurbano\/wp-content\/uploads\/2022\/05\/Ezequiel-Galli-participo-del-768x513.jpg",768,513,true],"1536x1536":["https:\/\/experienciadevida.com.ar\/portalurbano\/wp-content\/uploads\/2022\/05\/Ezequiel-Galli-participo-del-1536x1027.jpg",1536,1027,true],"2048x2048":["https:\/\/experienciadevida.com.ar\/portalurbano\/wp-content\/uploads\/2022\/05\/Ezequiel-Galli-participo-del-2048x1369.jpg",2048,1369,true],"newsever-slider-full":["https:\/\/experienciadevida.com.ar\/portalurbano\/wp-content\/uploads\/2022\/05\/Ezequiel-Galli-participo-del.jpg",1264,845,false],"newsever-featured":["https:\/\/experienciadevida.com.ar\/portalurbano\/wp-content\/uploads\/2022\/05\/Ezequiel-Galli-participo-del.jpg",1024,684,false],"newsever-medium":["https:\/\/experienciadevida.com.ar\/portalurbano\/wp-content\/uploads\/2022\/05\/Ezequiel-Galli-participo-del.jpg",711,475,false],"web-stories-poster-portrait":["https:\/\/experienciadevida.com.ar\/portalurbano\/wp-content\/uploads\/2022\/05\/Ezequiel-Galli-participo-del.jpg",640,428,false],"web-stories-publisher-logo":["https:\/\/experienciadevida.com.ar\/portalurbano\/wp-content\/uploads\/2022\/05\/Ezequiel-Galli-participo-del.jpg",96,64,false],"web-stories-thumbnail":["https:\/\/experienciadevida.com.ar\/portalurbano\/wp-content\/uploads\/2022\/05\/Ezequiel-Galli-participo-del.jpg",150,100,false]},"author_info":{"display_name":"admpu17wp","author_link":"https:\/\/experienciadevida.com.ar\/portalurbano\/author\/admpu17wp\/"},"category_info":"<a href=\"https:\/\/experienciadevida.com.ar\/portalurbano\/category\/ciudad\/\" rel=\"category tag\">Ciudad<\/a> <a href=\"https:\/\/experienciadevida.com.ar\/portalurbano\/category\/destacadas\/\" rel=\"category tag\">Destacadas<\/a>","tag_info":"Destacadas","comment_count":"0","amp_enabled":true,"_links":{"self":[{"href":"https:\/\/experienciadevida.com.ar\/portalurbano\/wp-json\/wp\/v2\/posts\/168476"}],"collection":[{"href":"https:\/\/experienciadevida.com.ar\/portalurbano\/wp-json\/wp\/v2\/posts"}],"about":[{"href":"https:\/\/experienciadevida.com.ar\/portalurbano\/wp-json\/wp\/v2\/types\/post"}],"author":[{"embeddable":true,"href":"https:\/\/experienciadevida.com.ar\/portalurbano\/wp-json\/wp\/v2\/users\/1"}],"replies":[{"embeddable":true,"href":"https:\/\/experienciadevida.com.ar\/portalurbano\/wp-json\/wp\/v2\/comments?post=168476"}],"version-history":[{"count":2,"href":"https:\/\/experienciadevida.com.ar\/portalurbano\/wp-json\/wp\/v2\/posts\/168476\/revisions"}],"predecessor-version":[{"id":168479,"href":"https:\/\/experienciadevida.com.ar\/portalurbano\/wp-json\/wp\/v2\/posts\/168476\/revisions\/168479"}],"wp:featuredmedia":[{"embeddable":true,"href":"https:\/\/experienciadevida.com.ar\/portalurbano\/wp-json\/wp\/v2\/media\/168477"}],"wp:attachment":[{"href":"https:\/\/experienciadevida.com.ar\/portalurbano\/wp-json\/wp\/v2\/media?parent=168476"}],"wp:term":[{"taxonomy":"category","embeddable":true,"href":"https:\/\/experienciadevida.com.ar\/portalurbano\/wp-json\/wp\/v2\/categories?post=168476"},{"taxonomy":"post_tag","embeddable":true,"href":"https:\/\/experienciadevida.com.ar\/portalurbano\/wp-json\/wp\/v2\/tags?post=168476"}],"curies":[{"name":"wp","href":"https:\/\/api.w.org\/{rel}","templated":true}]}}