{"id":168436,"date":"2022-05-26T17:29:49","date_gmt":"2022-05-26T20:29:49","guid":{"rendered":"https:\/\/experienciadevida.com.ar\/portalurbano\/?p=168436"},"modified":"2022-05-26T18:15:58","modified_gmt":"2022-05-26T21:15:58","slug":"investigador-de-la-fio-expuso-en-importante-evento-internacional","status":"publish","type":"post","link":"https:\/\/experienciadevida.com.ar\/portalurbano\/investigador-de-la-fio-expuso-en-importante-evento-internacional\/","title":{"rendered":"Investigador de la FIO expuso en importante evento internacional"},"content":{"rendered":"<p>Investigador de la <a href=\"https:\/\/www.facebook.com\/FIO.UNICEN\">FIO<\/a> expuso en importante evento internacional, Fabi\u00e1n Irassar disert\u00f3 en un Congreso sobre cementos en M\u00e9xico.<\/p>\n<p>El Ingeniero Fabi\u00e1n Irassar fue uno de los expositores estelares en el Congreso Cemento &amp; Concreto verde 2050, que se realiz\u00f3 del 23 al 26 de mayo. El evento fue presencial y se desarroll\u00f3 en Ciudad de M\u00e9xico.<\/p>\n<p>Irassar particip\u00f3 en la jornada de apertura, teniendo a su cargo una disertaci\u00f3n sobre \u201cDesaf\u00edos y oportunidades del cemento y concreto en la adaptaci\u00f3n y resiliencia clim\u00e1tica\u201d.<\/p>\n<p>Cabe recordar que el Ing. Irassar es uno de los profesionales m\u00e1s prestigiosos de la Facultad de Ingenier\u00eda olavarriense. Es Profesor Titular, y dirige el Grupo de Investigaci\u00f3n en Materiales y ha publicado m\u00e1s de 200 art\u00edculos en revistas y congresos. Fue Presidente de la Asociaci\u00f3n Argentina de Tecnolog\u00eda del Hormig\u00f3n y Decano de la FIO.<\/p>\n<p>El Congreso del que ha formado parte est\u00e1 organizado por la Federaci\u00f3n Interamericana del Cemento (FICEM), que representa a las empresas productoras, institutos, c\u00e1maras y asociaciones de cemento en Am\u00e9rica Latina, Caribe, Espa\u00f1a y Portugal. FICEM tiene como misi\u00f3n la divulgaci\u00f3n y fortalecimiento de los enunciados de la agenda global del cemento. Este evento, particularmente, ha apuntado a resaltar los enfoques sobre el cemento y el hormig\u00f3n que privilegien la adaptaci\u00f3n al cambio clim\u00e1tico y mitigaci\u00f3n de emisiones de gases de efecto invernadero, as\u00ed como la alineaci\u00f3n con los Objetivos de Desarrollo Sostenible (ODS).<\/p>\n<p>Fabi\u00e1n Irassar y sus equipos de trabajo hace ya largos a\u00f1os que vienen trabajando en estas tem\u00e1ticas en la FIO, alcanzando renombre internacional.<\/p>\n","protected":false},"excerpt":{"rendered":"<p>Investigador de la FIO expuso en importante evento internacional, Fabi\u00e1n Irassar disert\u00f3 en un Congreso&#8230;<\/p>\n","protected":false},"author":1,"featured_media":168437,"comment_status":"closed","ping_status":"closed","sticky":false,"template":"","format":"standard","meta":{"content-type":""},"categories":[31],"tags":[],"nelio_content":{"isAutoShareEnabled":false,"autoShareEndMode":"default","automationSources":{"useContentSentences":true,"useSocialTemplates":true,"useCustomSentences":false,"customSentences":[]},"followers":[1],"suggestedReferences":[],"includedReferences":[],"efiUrl":"","efiAlt":"","highlights":[]},"yoast_head":"<!-- This site is optimized with the Yoast SEO plugin v20.7 - https:\/\/yoast.com\/wordpress\/plugins\/seo\/ -->\n<title>Investigador de la FIO expuso en un importante evento internacional<\/title>\n<meta name=\"description\" content=\"Investigador de la FIO expuso en importante evento internacional, Fabi\u00e1n Irassar disert\u00f3 en un Congreso sobre cementos en M\u00e9xico.\" \/>\n<meta name=\"robots\" content=\"index, follow, max-snippet:-1, max-image-preview:large, max-video-preview:-1\" \/>\n<link rel=\"canonical\" href=\"https:\/\/experienciadevida.com.ar\/portalurbano\/investigador-de-la-fio-expuso-en-importante-evento-internacional\/\" \/>\n<meta property=\"og:locale\" content=\"es_ES\" \/>\n<meta property=\"og:type\" content=\"article\" \/>\n<meta property=\"og:title\" content=\"Investigador de la FIO expuso en un importante evento internacional\" \/>\n<meta property=\"og:description\" content=\"Investigador de la FIO expuso en importante evento internacional, Fabi\u00e1n Irassar disert\u00f3 en un Congreso sobre cementos en M\u00e9xico.\" \/>\n<meta property=\"og:url\" content=\"https:\/\/experienciadevida.com.ar\/portalurbano\/investigador-de-la-fio-expuso-en-importante-evento-internacional\/\" \/>\n<meta property=\"article:publisher\" content=\"https:\/\/www.facebook.com\/Portal-Urbano-171542830093757\/\" \/>\n<meta property=\"article:published_time\" content=\"2022-05-26T20:29:49+00:00\" \/>\n<meta property=\"article:modified_time\" content=\"2022-05-26T21:15:58+00:00\" \/>\n<meta property=\"og:image\" content=\"https:\/\/experienciadevida.com.ar\/portalurbano\/wp-content\/uploads\/2022\/05\/Investigador-de-la-FIO.jpg\" \/>\n\t<meta property=\"og:image:width\" content=\"1280\" \/>\n\t<meta property=\"og:image:height\" content=\"720\" \/>\n\t<meta property=\"og:image:type\" content=\"image\/jpeg\" \/>\n<meta name=\"author\" content=\"admpu17wp\" \/>\n<meta name=\"twitter:card\" content=\"summary_large_image\" \/>\n<meta name=\"twitter:creator\" content=\"@portalurbanook\" \/>\n<meta name=\"twitter:site\" content=\"@portalurbanook\" \/>\n<meta name=\"twitter:label1\" content=\"Escrito por\" \/>\n\t<meta name=\"twitter:data1\" content=\"admpu17wp\" \/>\n\t<meta name=\"twitter:label2\" content=\"Tiempo de lectura\" \/>\n\t<meta name=\"twitter:data2\" content=\"2 minutos\" \/>\n<script type=\"application\/ld+json\" class=\"yoast-schema-graph\">{\"@context\":\"https:\/\/schema.org\",\"@graph\":[{\"@type\":\"Article\",\"@id\":\"https:\/\/experienciadevida.com.ar\/portalurbano\/investigador-de-la-fio-expuso-en-importante-evento-internacional\/#article\",\"isPartOf\":{\"@id\":\"https:\/\/experienciadevida.com.ar\/portalurbano\/investigador-de-la-fio-expuso-en-importante-evento-internacional\/\"},\"author\":{\"name\":\"admpu17wp\",\"@id\":\"https:\/\/experienciadevida.com.ar\/portalurbano\/#\/schema\/person\/02dd326b1c4b056e9cc972486934a3a7\"},\"headline\":\"Investigador de la FIO expuso en importante evento internacional\",\"datePublished\":\"2022-05-26T20:29:49+00:00\",\"dateModified\":\"2022-05-26T21:15:58+00:00\",\"mainEntityOfPage\":{\"@id\":\"https:\/\/experienciadevida.com.ar\/portalurbano\/investigador-de-la-fio-expuso-en-importante-evento-internacional\/\"},\"wordCount\":292,\"publisher\":{\"@id\":\"https:\/\/experienciadevida.com.ar\/portalurbano\/#organization\"},\"articleSection\":[\"Educaci\u00f3n\"],\"inLanguage\":\"es\"},{\"@type\":\"WebPage\",\"@id\":\"https:\/\/experienciadevida.com.ar\/portalurbano\/investigador-de-la-fio-expuso-en-importante-evento-internacional\/\",\"url\":\"https:\/\/experienciadevida.com.ar\/portalurbano\/investigador-de-la-fio-expuso-en-importante-evento-internacional\/\",\"name\":\"Investigador de la FIO expuso en un importante evento internacional\",\"isPartOf\":{\"@id\":\"https:\/\/experienciadevida.com.ar\/portalurbano\/#website\"},\"datePublished\":\"2022-05-26T20:29:49+00:00\",\"dateModified\":\"2022-05-26T21:15:58+00:00\",\"description\":\"Investigador de la FIO expuso en importante evento internacional, Fabi\u00e1n Irassar disert\u00f3 en un Congreso sobre cementos en M\u00e9xico.\",\"breadcrumb\":{\"@id\":\"https:\/\/experienciadevida.com.ar\/portalurbano\/investigador-de-la-fio-expuso-en-importante-evento-internacional\/#breadcrumb\"},\"inLanguage\":\"es\",\"potentialAction\":[{\"@type\":\"ReadAction\",\"target\":[\"https:\/\/experienciadevida.com.ar\/portalurbano\/investigador-de-la-fio-expuso-en-importante-evento-internacional\/\"]}]},{\"@type\":\"BreadcrumbList\",\"@id\":\"https:\/\/experienciadevida.com.ar\/portalurbano\/investigador-de-la-fio-expuso-en-importante-evento-internacional\/#breadcrumb\",\"itemListElement\":[{\"@type\":\"ListItem\",\"position\":1,\"name\":\"Portada\",\"item\":\"https:\/\/experienciadevida.com.ar\/portalurbano\/\"},{\"@type\":\"ListItem\",\"position\":2,\"name\":\"Investigador de la FIO expuso en importante evento internacional\"}]},{\"@type\":\"WebSite\",\"@id\":\"https:\/\/experienciadevida.com.ar\/portalurbano\/#website\",\"url\":\"https:\/\/experienciadevida.com.ar\/portalurbano\/\",\"name\":\"\",\"description\":\"\",\"publisher\":{\"@id\":\"https:\/\/experienciadevida.com.ar\/portalurbano\/#organization\"},\"potentialAction\":[{\"@type\":\"SearchAction\",\"target\":{\"@type\":\"EntryPoint\",\"urlTemplate\":\"https:\/\/experienciadevida.com.ar\/portalurbano\/?s={search_term_string}\"},\"query-input\":\"required name=search_term_string\"}],\"inLanguage\":\"es\"},{\"@type\":\"Organization\",\"@id\":\"https:\/\/experienciadevida.com.ar\/portalurbano\/#organization\",\"name\":\"Portal Urbano\",\"url\":\"https:\/\/experienciadevida.com.ar\/portalurbano\/\",\"logo\":{\"@type\":\"ImageObject\",\"inLanguage\":\"es\",\"@id\":\"https:\/\/experienciadevida.com.ar\/portalurbano\/#\/schema\/logo\/image\/\",\"url\":\"https:\/\/experienciadevida.com.ar\/portalurbano\/wp-content\/uploads\/2019\/09\/Logo-Original.png\",\"contentUrl\":\"https:\/\/experienciadevida.com.ar\/portalurbano\/wp-content\/uploads\/2019\/09\/Logo-Original.png\",\"width\":2236,\"height\":1216,\"caption\":\"Portal Urbano\"},\"image\":{\"@id\":\"https:\/\/experienciadevida.com.ar\/portalurbano\/#\/schema\/logo\/image\/\"},\"sameAs\":[\"https:\/\/www.facebook.com\/Portal-Urbano-171542830093757\/\",\"https:\/\/twitter.com\/portalurbanook\",\"https:\/\/www.instagram.com\/_portalurbano\/\",\"https:\/\/www.youtube.com\/channel\/UCXhagIfszH8KxFiOok79zbA?view_as=subscriber\"]},{\"@type\":\"Person\",\"@id\":\"https:\/\/experienciadevida.com.ar\/portalurbano\/#\/schema\/person\/02dd326b1c4b056e9cc972486934a3a7\",\"name\":\"admpu17wp\",\"image\":{\"@type\":\"ImageObject\",\"inLanguage\":\"es\",\"@id\":\"https:\/\/experienciadevida.com.ar\/portalurbano\/#\/schema\/person\/image\/\",\"url\":\"https:\/\/secure.gravatar.com\/avatar\/830d4c57adaae6630765e449a6908047?s=96&d=mm&r=g\",\"contentUrl\":\"https:\/\/secure.gravatar.com\/avatar\/830d4c57adaae6630765e449a6908047?s=96&d=mm&r=g\",\"caption\":\"admpu17wp\"}}]}<\/script>\n<!-- \/ Yoast SEO plugin. -->","yoast_head_json":{"title":"Investigador de la FIO expuso en un importante evento internacional","description":"Investigador de la FIO expuso en importante evento internacional, Fabi\u00e1n Irassar disert\u00f3 en un Congreso sobre cementos en M\u00e9xico.","robots":{"index":"index","follow":"follow","max-snippet":"max-snippet:-1","max-image-preview":"max-image-preview:large","max-video-preview":"max-video-preview:-1"},"canonical":"https:\/\/experienciadevida.com.ar\/portalurbano\/investigador-de-la-fio-expuso-en-importante-evento-internacional\/","og_locale":"es_ES","og_type":"article","og_title":"Investigador de la FIO expuso en un importante evento internacional","og_description":"Investigador de la FIO expuso en importante evento internacional, Fabi\u00e1n Irassar disert\u00f3 en un Congreso sobre cementos en M\u00e9xico.","og_url":"https:\/\/experienciadevida.com.ar\/portalurbano\/investigador-de-la-fio-expuso-en-importante-evento-internacional\/","article_publisher":"https:\/\/www.facebook.com\/Portal-Urbano-171542830093757\/","article_published_time":"2022-05-26T20:29:49+00:00","article_modified_time":"2022-05-26T21:15:58+00:00","og_image":[{"width":1280,"height":720,"url":"https:\/\/experienciadevida.com.ar\/portalurbano\/wp-content\/uploads\/2022\/05\/Investigador-de-la-FIO.jpg","type":"image\/jpeg"}],"author":"admpu17wp","twitter_card":"summary_large_image","twitter_creator":"@portalurbanook","twitter_site":"@portalurbanook","twitter_misc":{"Escrito por":"admpu17wp","Tiempo de lectura":"2 minutos"},"schema":{"@context":"https:\/\/schema.org","@graph":[{"@type":"Article","@id":"https:\/\/experienciadevida.com.ar\/portalurbano\/investigador-de-la-fio-expuso-en-importante-evento-internacional\/#article","isPartOf":{"@id":"https:\/\/experienciadevida.com.ar\/portalurbano\/investigador-de-la-fio-expuso-en-importante-evento-internacional\/"},"author":{"name":"admpu17wp","@id":"https:\/\/experienciadevida.com.ar\/portalurbano\/#\/schema\/person\/02dd326b1c4b056e9cc972486934a3a7"},"headline":"Investigador de la FIO expuso en importante evento internacional","datePublished":"2022-05-26T20:29:49+00:00","dateModified":"2022-05-26T21:15:58+00:00","mainEntityOfPage":{"@id":"https:\/\/experienciadevida.com.ar\/portalurbano\/investigador-de-la-fio-expuso-en-importante-evento-internacional\/"},"wordCount":292,"publisher":{"@id":"https:\/\/experienciadevida.com.ar\/portalurbano\/#organization"},"articleSection":["Educaci\u00f3n"],"inLanguage":"es"},{"@type":"WebPage","@id":"https:\/\/experienciadevida.com.ar\/portalurbano\/investigador-de-la-fio-expuso-en-importante-evento-internacional\/","url":"https:\/\/experienciadevida.com.ar\/portalurbano\/investigador-de-la-fio-expuso-en-importante-evento-internacional\/","name":"Investigador de la FIO expuso en un importante evento internacional","isPartOf":{"@id":"https:\/\/experienciadevida.com.ar\/portalurbano\/#website"},"datePublished":"2022-05-26T20:29:49+00:00","dateModified":"2022-05-26T21:15:58+00:00","description":"Investigador de la FIO expuso en importante evento internacional, Fabi\u00e1n Irassar disert\u00f3 en un Congreso sobre cementos en M\u00e9xico.","breadcrumb":{"@id":"https:\/\/experienciadevida.com.ar\/portalurbano\/investigador-de-la-fio-expuso-en-importante-evento-internacional\/#breadcrumb"},"inLanguage":"es","potentialAction":[{"@type":"ReadAction","target":["https:\/\/experienciadevida.com.ar\/portalurbano\/investigador-de-la-fio-expuso-en-importante-evento-internacional\/"]}]},{"@type":"BreadcrumbList","@id":"https:\/\/experienciadevida.com.ar\/portalurbano\/investigador-de-la-fio-expuso-en-importante-evento-internacional\/#breadcrumb","itemListElement":[{"@type":"ListItem","position":1,"name":"Portada","item":"https:\/\/experienciadevida.com.ar\/portalurbano\/"},{"@type":"ListItem","position":2,"name":"Investigador de la FIO expuso en importante evento internacional"}]},{"@type":"WebSite","@id":"https:\/\/experienciadevida.com.ar\/portalurbano\/#website","url":"https:\/\/experienciadevida.com.ar\/portalurbano\/","name":"","description":"","publisher":{"@id":"https:\/\/experienciadevida.com.ar\/portalurbano\/#organization"},"potentialAction":[{"@type":"SearchAction","target":{"@type":"EntryPoint","urlTemplate":"https:\/\/experienciadevida.com.ar\/portalurbano\/?s={search_term_string}"},"query-input":"required name=search_term_string"}],"inLanguage":"es"},{"@type":"Organization","@id":"https:\/\/experienciadevida.com.ar\/portalurbano\/#organization","name":"Portal Urbano","url":"https:\/\/experienciadevida.com.ar\/portalurbano\/","logo":{"@type":"ImageObject","inLanguage":"es","@id":"https:\/\/experienciadevida.com.ar\/portalurbano\/#\/schema\/logo\/image\/","url":"https:\/\/experienciadevida.com.ar\/portalurbano\/wp-content\/uploads\/2019\/09\/Logo-Original.png","contentUrl":"https:\/\/experienciadevida.com.ar\/portalurbano\/wp-content\/uploads\/2019\/09\/Logo-Original.png","width":2236,"height":1216,"caption":"Portal Urbano"},"image":{"@id":"https:\/\/experienciadevida.com.ar\/portalurbano\/#\/schema\/logo\/image\/"},"sameAs":["https:\/\/www.facebook.com\/Portal-Urbano-171542830093757\/","https:\/\/twitter.com\/portalurbanook","https:\/\/www.instagram.com\/_portalurbano\/","https:\/\/www.youtube.com\/channel\/UCXhagIfszH8KxFiOok79zbA?view_as=subscriber"]},{"@type":"Person","@id":"https:\/\/experienciadevida.com.ar\/portalurbano\/#\/schema\/person\/02dd326b1c4b056e9cc972486934a3a7","name":"admpu17wp","image":{"@type":"ImageObject","inLanguage":"es","@id":"https:\/\/experienciadevida.com.ar\/portalurbano\/#\/schema\/person\/image\/","url":"https:\/\/secure.gravatar.com\/avatar\/830d4c57adaae6630765e449a6908047?s=96&d=mm&r=g","contentUrl":"https:\/\/secure.gravatar.com\/avatar\/830d4c57adaae6630765e449a6908047?s=96&d=mm&r=g","caption":"admpu17wp"}}]}},"featured_image_urls":{"full":["https:\/\/experienciadevida.com.ar\/portalurbano\/wp-content\/uploads\/2022\/05\/Investigador-de-la-FIO.jpg",1280,720,false],"thumbnail":["https:\/\/experienciadevida.com.ar\/portalurbano\/wp-content\/uploads\/2022\/05\/Investigador-de-la-FIO-150x150.jpg",150,150,true],"medium":["https:\/\/experienciadevida.com.ar\/portalurbano\/wp-content\/uploads\/2022\/05\/Investigador-de-la-FIO-300x169.jpg",300,169,true],"medium_large":["https:\/\/experienciadevida.com.ar\/portalurbano\/wp-content\/uploads\/2022\/05\/Investigador-de-la-FIO-768x432.jpg",640,360,true],"large":["https:\/\/experienciadevida.com.ar\/portalurbano\/wp-content\/uploads\/2022\/05\/Investigador-de-la-FIO-1024x576.jpg",640,360,true],"ug_big":["https:\/\/experienciadevida.com.ar\/portalurbano\/wp-content\/uploads\/2022\/05\/Investigador-de-la-FIO-768x432.jpg",768,432,true],"1536x1536":["https:\/\/experienciadevida.com.ar\/portalurbano\/wp-content\/uploads\/2022\/05\/Investigador-de-la-FIO.jpg",1280,720,false],"2048x2048":["https:\/\/experienciadevida.com.ar\/portalurbano\/wp-content\/uploads\/2022\/05\/Investigador-de-la-FIO.jpg",1280,720,false],"newsever-slider-full":["https:\/\/experienciadevida.com.ar\/portalurbano\/wp-content\/uploads\/2022\/05\/Investigador-de-la-FIO.jpg",1280,720,false],"newsever-featured":["https:\/\/experienciadevida.com.ar\/portalurbano\/wp-content\/uploads\/2022\/05\/Investigador-de-la-FIO.jpg",1024,576,false],"newsever-medium":["https:\/\/experienciadevida.com.ar\/portalurbano\/wp-content\/uploads\/2022\/05\/Investigador-de-la-FIO.jpg",720,405,false],"web-stories-poster-portrait":["https:\/\/experienciadevida.com.ar\/portalurbano\/wp-content\/uploads\/2022\/05\/Investigador-de-la-FIO.jpg",640,360,false],"web-stories-publisher-logo":["https:\/\/experienciadevida.com.ar\/portalurbano\/wp-content\/uploads\/2022\/05\/Investigador-de-la-FIO.jpg",96,54,false],"web-stories-thumbnail":["https:\/\/experienciadevida.com.ar\/portalurbano\/wp-content\/uploads\/2022\/05\/Investigador-de-la-FIO.jpg",150,84,false]},"author_info":{"display_name":"admpu17wp","author_link":"https:\/\/experienciadevida.com.ar\/portalurbano\/author\/admpu17wp\/"},"category_info":"<a href=\"https:\/\/experienciadevida.com.ar\/portalurbano\/category\/ciudad\/educacion\/\" rel=\"category tag\">Educaci\u00f3n<\/a>","tag_info":"Educaci\u00f3n","comment_count":"0","amp_enabled":true,"_links":{"self":[{"href":"https:\/\/experienciadevida.com.ar\/portalurbano\/wp-json\/wp\/v2\/posts\/168436"}],"collection":[{"href":"https:\/\/experienciadevida.com.ar\/portalurbano\/wp-json\/wp\/v2\/posts"}],"about":[{"href":"https:\/\/experienciadevida.com.ar\/portalurbano\/wp-json\/wp\/v2\/types\/post"}],"author":[{"embeddable":true,"href":"https:\/\/experienciadevida.com.ar\/portalurbano\/wp-json\/wp\/v2\/users\/1"}],"replies":[{"embeddable":true,"href":"https:\/\/experienciadevida.com.ar\/portalurbano\/wp-json\/wp\/v2\/comments?post=168436"}],"version-history":[{"count":1,"href":"https:\/\/experienciadevida.com.ar\/portalurbano\/wp-json\/wp\/v2\/posts\/168436\/revisions"}],"predecessor-version":[{"id":168438,"href":"https:\/\/experienciadevida.com.ar\/portalurbano\/wp-json\/wp\/v2\/posts\/168436\/revisions\/168438"}],"wp:featuredmedia":[{"embeddable":true,"href":"https:\/\/experienciadevida.com.ar\/portalurbano\/wp-json\/wp\/v2\/media\/168437"}],"wp:attachment":[{"href":"https:\/\/experienciadevida.com.ar\/portalurbano\/wp-json\/wp\/v2\/media?parent=168436"}],"wp:term":[{"taxonomy":"category","embeddable":true,"href":"https:\/\/experienciadevida.com.ar\/portalurbano\/wp-json\/wp\/v2\/categories?post=168436"},{"taxonomy":"post_tag","embeddable":true,"href":"https:\/\/experienciadevida.com.ar\/portalurbano\/wp-json\/wp\/v2\/tags?post=168436"}],"curies":[{"name":"wp","href":"https:\/\/api.w.org\/{rel}","templated":true}]}}