{"id":168431,"date":"2022-05-26T17:27:05","date_gmt":"2022-05-26T20:27:05","guid":{"rendered":"https:\/\/experienciadevida.com.ar\/portalurbano\/?p=168431"},"modified":"2022-05-26T17:27:33","modified_gmt":"2022-05-26T20:27:33","slug":"desde-la-biologia-y-la-agronomia-se-amplian-los-horizontes-del-cannabis-fio","status":"publish","type":"post","link":"https:\/\/experienciadevida.com.ar\/portalurbano\/desde-la-biologia-y-la-agronomia-se-amplian-los-horizontes-del-cannabis-fio\/","title":{"rendered":"Desde la biolog\u00eda y la agronom\u00eda, se ampl\u00edan los horizontes del cannabis FIO"},"content":{"rendered":"<p>Desde la biolog\u00eda y la agronom\u00eda, se ampl\u00edan los horizontes del cannabis <a href=\"https:\/\/www.facebook.com\/FIO.UNICEN\">FIO<\/a>, el proyecto local incorpor\u00f3 dos becarios del CONICET.<\/p>\n<p>Comenz\u00f3 con el an\u00e1lisis de un aceite casero. Seis a\u00f1os despu\u00e9s, el acercamiento de la Facultad de Ingenier\u00eda de la UNICEN al escenario social del uso medicinal y terap\u00e9utico del cannabis se ve reflejado en un cultivo experimental que concentra el trabajo de un gran equipo de profesionales, estudiantes de diversas disciplinas y cultivadores\/a y no hace m\u00e1s que crecer.<\/p>\n<p>El camino est\u00e1 trazado, impulsado por normativas como la \u00faltima que se aprob\u00f3 para regular el desarrollo del cannabis medicinal y el c\u00e1\u00f1amo industrial, y que condensan d\u00e9cadas de lucha. Con ese norte (y algunos otros que surgen al andar) el proyecto \u201cUniversidad y Cannabis\u201d que dirige el Dr. Gast\u00f3n Barreto incorpor\u00f3 dos becarios del CONICET que durante los pr\u00f3ximos a\u00f1os se ocupar\u00e1n de estudiar condiciones de cultivo controladas y el comportamiento de cannabinoides en interacci\u00f3n con tecnolog\u00edas farmac\u00e9uticas.<\/p>\n<p>Se trata del ingeniero agr\u00f3nomo Alexander Aguila Wharton y el bi\u00f3logo Luciano Protti Cosenza, quienes llegaron desde C\u00f3rdoba y Paran\u00e1 a los laboratorios de la FIO en Olavarr\u00eda. Como investigadores del CONICET (y tambi\u00e9n la Agencia Nacional de Laboratorios P\u00fablicos en el caso de Protti), los especialistas desarrollar\u00e1n su formaci\u00f3n de doctorado en el proyecto FIO durante los pr\u00f3ximos a\u00f1os.<\/p>\n<p><a href=\"https:\/\/experienciadevida.com.ar\/portalurbano\/desde-la-biologia-y-la-agronomia-se-amplian-los-horizontes-del-cannabis-fio\/desde\/\" rel=\"attachment wp-att-168433\"><img decoding=\"async\" class=\"alignnone size-full wp-image-168433\" src=\"https:\/\/experienciadevida.com.ar\/portalurbano\/wp-content\/uploads\/2022\/05\/Desde.jpg\" alt=\"Desde \" width=\"1000\" height=\"695\" srcset=\"https:\/\/experienciadevida.com.ar\/portalurbano\/wp-content\/uploads\/2022\/05\/Desde.jpg 1000w, https:\/\/experienciadevida.com.ar\/portalurbano\/wp-content\/uploads\/2022\/05\/Desde-300x209.jpg 300w, https:\/\/experienciadevida.com.ar\/portalurbano\/wp-content\/uploads\/2022\/05\/Desde-768x534.jpg 768w\" sizes=\"(max-width: 1000px) 100vw, 1000px\" \/><\/a><\/p>\n<p>Sistematizar las caracter\u00edsticas agron\u00f3micas y bioqu\u00edmicas de las especies que se utilizan en Olavarr\u00eda con fines medicinales y\/o terap\u00e9uticos ser\u00e1 trabajo de Alexander, quien el a\u00f1o pasado inici\u00f3 una Diplomatura sobre el tema en la UNAJ. En un futuro no muy lejano, el objetivo ser\u00e1 estandarizar formas de cultivo para obtener un producto de calidad terap\u00e9utica con perfiles estandarizados de especies bioactivas.<\/p>\n<p>Por otra parte, Luciano interviene para desarrollar y estudiar sistemas de liberaci\u00f3n controlada de cannbinoides. \u201cCuando conoc\u00ed todo lo que tiene la planta en su composici\u00f3n qu\u00edmica me pareci\u00f3 muy volado. Estoy fascinado\u201d, sostuvo el joven de 26 a\u00f1os. Su recorrido estar\u00e1 orientado a estudiar el aumento de biodisponibilidad del compuesto cann\u00e1bico dentro del organismo.<\/p>\n<p>\u201cEn todo el proceso de ingesta del producto derivado del cannabis, deber\u00e1 identificar bajo qu\u00e9 condiciones del proceso metab\u00f3lico se cuida mejor a los cannabinoides y para ello contamos con contactos en la Universidad de Concepci\u00f3n (Chile) donde podemos llevar adelante algunas pruebas\u201d, indic\u00f3 el docente de la FIO Dr. Gast\u00f3n Barreto, que hace unos meses volvi\u00f3 del Pa\u00eds Vasco donde realiz\u00f3 una estancia de investigaci\u00f3n en el tema.<\/p>\n<p>El director del cultivo experimental se mostr\u00f3 muy entusiasmado por la incorporaci\u00f3n de los especialistas en agronom\u00eda y la biolog\u00eda, en esta iniciativa de la Universidad P\u00fablica donde se cruzan la qu\u00edmica, los saberes populares, la medicina, el derecho y la construcci\u00f3n de autonom\u00eda. Un ejemplar con ra\u00edces m\u00e1s que fuertes.<\/p>\n<p>&nbsp;<\/p>\n","protected":false},"excerpt":{"rendered":"<p>Desde la biolog\u00eda y la agronom\u00eda, se ampl\u00edan los horizontes del cannabis FIO, el proyecto&#8230;<\/p>\n","protected":false},"author":1,"featured_media":168432,"comment_status":"closed","ping_status":"closed","sticky":false,"template":"","format":"standard","meta":{"content-type":""},"categories":[31],"tags":[],"nelio_content":{"isAutoShareEnabled":false,"autoShareEndMode":"default","automationSources":{"useContentSentences":true,"useSocialTemplates":true,"useCustomSentences":false,"customSentences":[]},"followers":[1],"suggestedReferences":[],"includedReferences":[],"efiUrl":"","efiAlt":"","highlights":[]},"yoast_head":"<!-- This site is optimized with the Yoast SEO plugin v20.7 - https:\/\/yoast.com\/wordpress\/plugins\/seo\/ -->\n<title>Desde la biolog\u00eda y la agronom\u00eda, se ampl\u00edan los horizontes del cannabis<\/title>\n<meta name=\"description\" content=\"Desde la biolog\u00eda y la agronom\u00eda, se ampl\u00edan los horizontes del cannabis FIO, el proyecto local incorpor\u00f3 dos becarios del CONICET\" \/>\n<meta name=\"robots\" content=\"index, follow, max-snippet:-1, max-image-preview:large, max-video-preview:-1\" \/>\n<link rel=\"canonical\" href=\"https:\/\/experienciadevida.com.ar\/portalurbano\/desde-la-biologia-y-la-agronomia-se-amplian-los-horizontes-del-cannabis-fio\/\" \/>\n<meta property=\"og:locale\" content=\"es_ES\" \/>\n<meta property=\"og:type\" content=\"article\" \/>\n<meta property=\"og:title\" content=\"Desde la biolog\u00eda y la agronom\u00eda, se ampl\u00edan los horizontes del cannabis\" \/>\n<meta property=\"og:description\" content=\"Desde la biolog\u00eda y la agronom\u00eda, se ampl\u00edan los horizontes del cannabis FIO, el proyecto local incorpor\u00f3 dos becarios del CONICET\" \/>\n<meta property=\"og:url\" content=\"https:\/\/experienciadevida.com.ar\/portalurbano\/desde-la-biologia-y-la-agronomia-se-amplian-los-horizontes-del-cannabis-fio\/\" \/>\n<meta property=\"article:publisher\" content=\"https:\/\/www.facebook.com\/Portal-Urbano-171542830093757\/\" \/>\n<meta property=\"article:published_time\" content=\"2022-05-26T20:27:05+00:00\" \/>\n<meta property=\"article:modified_time\" content=\"2022-05-26T20:27:33+00:00\" \/>\n<meta property=\"og:image\" content=\"https:\/\/experienciadevida.com.ar\/portalurbano\/wp-content\/uploads\/2022\/05\/Desde-la-biologia-y.jpg\" \/>\n\t<meta property=\"og:image:width\" content=\"1200\" \/>\n\t<meta property=\"og:image:height\" content=\"555\" \/>\n\t<meta property=\"og:image:type\" content=\"image\/jpeg\" \/>\n<meta name=\"author\" content=\"admpu17wp\" \/>\n<meta name=\"twitter:card\" content=\"summary_large_image\" \/>\n<meta name=\"twitter:creator\" content=\"@portalurbanook\" \/>\n<meta name=\"twitter:site\" content=\"@portalurbanook\" \/>\n<meta name=\"twitter:label1\" content=\"Escrito por\" \/>\n\t<meta name=\"twitter:data1\" content=\"admpu17wp\" \/>\n\t<meta name=\"twitter:label2\" content=\"Tiempo de lectura\" \/>\n\t<meta name=\"twitter:data2\" content=\"3 minutos\" \/>\n<script type=\"application\/ld+json\" class=\"yoast-schema-graph\">{\"@context\":\"https:\/\/schema.org\",\"@graph\":[{\"@type\":\"Article\",\"@id\":\"https:\/\/experienciadevida.com.ar\/portalurbano\/desde-la-biologia-y-la-agronomia-se-amplian-los-horizontes-del-cannabis-fio\/#article\",\"isPartOf\":{\"@id\":\"https:\/\/experienciadevida.com.ar\/portalurbano\/desde-la-biologia-y-la-agronomia-se-amplian-los-horizontes-del-cannabis-fio\/\"},\"author\":{\"name\":\"admpu17wp\",\"@id\":\"https:\/\/experienciadevida.com.ar\/portalurbano\/#\/schema\/person\/02dd326b1c4b056e9cc972486934a3a7\"},\"headline\":\"Desde la biolog\u00eda y la agronom\u00eda, se ampl\u00edan los horizontes del cannabis FIO\",\"datePublished\":\"2022-05-26T20:27:05+00:00\",\"dateModified\":\"2022-05-26T20:27:33+00:00\",\"mainEntityOfPage\":{\"@id\":\"https:\/\/experienciadevida.com.ar\/portalurbano\/desde-la-biologia-y-la-agronomia-se-amplian-los-horizontes-del-cannabis-fio\/\"},\"wordCount\":529,\"publisher\":{\"@id\":\"https:\/\/experienciadevida.com.ar\/portalurbano\/#organization\"},\"articleSection\":[\"Educaci\u00f3n\"],\"inLanguage\":\"es\"},{\"@type\":\"WebPage\",\"@id\":\"https:\/\/experienciadevida.com.ar\/portalurbano\/desde-la-biologia-y-la-agronomia-se-amplian-los-horizontes-del-cannabis-fio\/\",\"url\":\"https:\/\/experienciadevida.com.ar\/portalurbano\/desde-la-biologia-y-la-agronomia-se-amplian-los-horizontes-del-cannabis-fio\/\",\"name\":\"Desde la biolog\u00eda y la agronom\u00eda, se ampl\u00edan los horizontes del cannabis\",\"isPartOf\":{\"@id\":\"https:\/\/experienciadevida.com.ar\/portalurbano\/#website\"},\"datePublished\":\"2022-05-26T20:27:05+00:00\",\"dateModified\":\"2022-05-26T20:27:33+00:00\",\"description\":\"Desde la biolog\u00eda y la agronom\u00eda, se ampl\u00edan los horizontes del cannabis FIO, el proyecto local incorpor\u00f3 dos becarios del CONICET\",\"breadcrumb\":{\"@id\":\"https:\/\/experienciadevida.com.ar\/portalurbano\/desde-la-biologia-y-la-agronomia-se-amplian-los-horizontes-del-cannabis-fio\/#breadcrumb\"},\"inLanguage\":\"es\",\"potentialAction\":[{\"@type\":\"ReadAction\",\"target\":[\"https:\/\/experienciadevida.com.ar\/portalurbano\/desde-la-biologia-y-la-agronomia-se-amplian-los-horizontes-del-cannabis-fio\/\"]}]},{\"@type\":\"BreadcrumbList\",\"@id\":\"https:\/\/experienciadevida.com.ar\/portalurbano\/desde-la-biologia-y-la-agronomia-se-amplian-los-horizontes-del-cannabis-fio\/#breadcrumb\",\"itemListElement\":[{\"@type\":\"ListItem\",\"position\":1,\"name\":\"Portada\",\"item\":\"https:\/\/experienciadevida.com.ar\/portalurbano\/\"},{\"@type\":\"ListItem\",\"position\":2,\"name\":\"Desde la biolog\u00eda y la agronom\u00eda, se ampl\u00edan los horizontes del cannabis FIO\"}]},{\"@type\":\"WebSite\",\"@id\":\"https:\/\/experienciadevida.com.ar\/portalurbano\/#website\",\"url\":\"https:\/\/experienciadevida.com.ar\/portalurbano\/\",\"name\":\"\",\"description\":\"\",\"publisher\":{\"@id\":\"https:\/\/experienciadevida.com.ar\/portalurbano\/#organization\"},\"potentialAction\":[{\"@type\":\"SearchAction\",\"target\":{\"@type\":\"EntryPoint\",\"urlTemplate\":\"https:\/\/experienciadevida.com.ar\/portalurbano\/?s={search_term_string}\"},\"query-input\":\"required name=search_term_string\"}],\"inLanguage\":\"es\"},{\"@type\":\"Organization\",\"@id\":\"https:\/\/experienciadevida.com.ar\/portalurbano\/#organization\",\"name\":\"Portal Urbano\",\"url\":\"https:\/\/experienciadevida.com.ar\/portalurbano\/\",\"logo\":{\"@type\":\"ImageObject\",\"inLanguage\":\"es\",\"@id\":\"https:\/\/experienciadevida.com.ar\/portalurbano\/#\/schema\/logo\/image\/\",\"url\":\"https:\/\/experienciadevida.com.ar\/portalurbano\/wp-content\/uploads\/2019\/09\/Logo-Original.png\",\"contentUrl\":\"https:\/\/experienciadevida.com.ar\/portalurbano\/wp-content\/uploads\/2019\/09\/Logo-Original.png\",\"width\":2236,\"height\":1216,\"caption\":\"Portal Urbano\"},\"image\":{\"@id\":\"https:\/\/experienciadevida.com.ar\/portalurbano\/#\/schema\/logo\/image\/\"},\"sameAs\":[\"https:\/\/www.facebook.com\/Portal-Urbano-171542830093757\/\",\"https:\/\/twitter.com\/portalurbanook\",\"https:\/\/www.instagram.com\/_portalurbano\/\",\"https:\/\/www.youtube.com\/channel\/UCXhagIfszH8KxFiOok79zbA?view_as=subscriber\"]},{\"@type\":\"Person\",\"@id\":\"https:\/\/experienciadevida.com.ar\/portalurbano\/#\/schema\/person\/02dd326b1c4b056e9cc972486934a3a7\",\"name\":\"admpu17wp\",\"image\":{\"@type\":\"ImageObject\",\"inLanguage\":\"es\",\"@id\":\"https:\/\/experienciadevida.com.ar\/portalurbano\/#\/schema\/person\/image\/\",\"url\":\"https:\/\/secure.gravatar.com\/avatar\/830d4c57adaae6630765e449a6908047?s=96&d=mm&r=g\",\"contentUrl\":\"https:\/\/secure.gravatar.com\/avatar\/830d4c57adaae6630765e449a6908047?s=96&d=mm&r=g\",\"caption\":\"admpu17wp\"}}]}<\/script>\n<!-- \/ Yoast SEO plugin. -->","yoast_head_json":{"title":"Desde la biolog\u00eda y la agronom\u00eda, se ampl\u00edan los horizontes del cannabis","description":"Desde la biolog\u00eda y la agronom\u00eda, se ampl\u00edan los horizontes del cannabis FIO, el proyecto local incorpor\u00f3 dos becarios del CONICET","robots":{"index":"index","follow":"follow","max-snippet":"max-snippet:-1","max-image-preview":"max-image-preview:large","max-video-preview":"max-video-preview:-1"},"canonical":"https:\/\/experienciadevida.com.ar\/portalurbano\/desde-la-biologia-y-la-agronomia-se-amplian-los-horizontes-del-cannabis-fio\/","og_locale":"es_ES","og_type":"article","og_title":"Desde la biolog\u00eda y la agronom\u00eda, se ampl\u00edan los horizontes del cannabis","og_description":"Desde la biolog\u00eda y la agronom\u00eda, se ampl\u00edan los horizontes del cannabis FIO, el proyecto local incorpor\u00f3 dos becarios del CONICET","og_url":"https:\/\/experienciadevida.com.ar\/portalurbano\/desde-la-biologia-y-la-agronomia-se-amplian-los-horizontes-del-cannabis-fio\/","article_publisher":"https:\/\/www.facebook.com\/Portal-Urbano-171542830093757\/","article_published_time":"2022-05-26T20:27:05+00:00","article_modified_time":"2022-05-26T20:27:33+00:00","og_image":[{"width":1200,"height":555,"url":"https:\/\/experienciadevida.com.ar\/portalurbano\/wp-content\/uploads\/2022\/05\/Desde-la-biologia-y.jpg","type":"image\/jpeg"}],"author":"admpu17wp","twitter_card":"summary_large_image","twitter_creator":"@portalurbanook","twitter_site":"@portalurbanook","twitter_misc":{"Escrito por":"admpu17wp","Tiempo de lectura":"3 minutos"},"schema":{"@context":"https:\/\/schema.org","@graph":[{"@type":"Article","@id":"https:\/\/experienciadevida.com.ar\/portalurbano\/desde-la-biologia-y-la-agronomia-se-amplian-los-horizontes-del-cannabis-fio\/#article","isPartOf":{"@id":"https:\/\/experienciadevida.com.ar\/portalurbano\/desde-la-biologia-y-la-agronomia-se-amplian-los-horizontes-del-cannabis-fio\/"},"author":{"name":"admpu17wp","@id":"https:\/\/experienciadevida.com.ar\/portalurbano\/#\/schema\/person\/02dd326b1c4b056e9cc972486934a3a7"},"headline":"Desde la biolog\u00eda y la agronom\u00eda, se ampl\u00edan los horizontes del cannabis FIO","datePublished":"2022-05-26T20:27:05+00:00","dateModified":"2022-05-26T20:27:33+00:00","mainEntityOfPage":{"@id":"https:\/\/experienciadevida.com.ar\/portalurbano\/desde-la-biologia-y-la-agronomia-se-amplian-los-horizontes-del-cannabis-fio\/"},"wordCount":529,"publisher":{"@id":"https:\/\/experienciadevida.com.ar\/portalurbano\/#organization"},"articleSection":["Educaci\u00f3n"],"inLanguage":"es"},{"@type":"WebPage","@id":"https:\/\/experienciadevida.com.ar\/portalurbano\/desde-la-biologia-y-la-agronomia-se-amplian-los-horizontes-del-cannabis-fio\/","url":"https:\/\/experienciadevida.com.ar\/portalurbano\/desde-la-biologia-y-la-agronomia-se-amplian-los-horizontes-del-cannabis-fio\/","name":"Desde la biolog\u00eda y la agronom\u00eda, se ampl\u00edan los horizontes del cannabis","isPartOf":{"@id":"https:\/\/experienciadevida.com.ar\/portalurbano\/#website"},"datePublished":"2022-05-26T20:27:05+00:00","dateModified":"2022-05-26T20:27:33+00:00","description":"Desde la biolog\u00eda y la agronom\u00eda, se ampl\u00edan los horizontes del cannabis FIO, el proyecto local incorpor\u00f3 dos becarios del CONICET","breadcrumb":{"@id":"https:\/\/experienciadevida.com.ar\/portalurbano\/desde-la-biologia-y-la-agronomia-se-amplian-los-horizontes-del-cannabis-fio\/#breadcrumb"},"inLanguage":"es","potentialAction":[{"@type":"ReadAction","target":["https:\/\/experienciadevida.com.ar\/portalurbano\/desde-la-biologia-y-la-agronomia-se-amplian-los-horizontes-del-cannabis-fio\/"]}]},{"@type":"BreadcrumbList","@id":"https:\/\/experienciadevida.com.ar\/portalurbano\/desde-la-biologia-y-la-agronomia-se-amplian-los-horizontes-del-cannabis-fio\/#breadcrumb","itemListElement":[{"@type":"ListItem","position":1,"name":"Portada","item":"https:\/\/experienciadevida.com.ar\/portalurbano\/"},{"@type":"ListItem","position":2,"name":"Desde la biolog\u00eda y la agronom\u00eda, se ampl\u00edan los horizontes del cannabis FIO"}]},{"@type":"WebSite","@id":"https:\/\/experienciadevida.com.ar\/portalurbano\/#website","url":"https:\/\/experienciadevida.com.ar\/portalurbano\/","name":"","description":"","publisher":{"@id":"https:\/\/experienciadevida.com.ar\/portalurbano\/#organization"},"potentialAction":[{"@type":"SearchAction","target":{"@type":"EntryPoint","urlTemplate":"https:\/\/experienciadevida.com.ar\/portalurbano\/?s={search_term_string}"},"query-input":"required name=search_term_string"}],"inLanguage":"es"},{"@type":"Organization","@id":"https:\/\/experienciadevida.com.ar\/portalurbano\/#organization","name":"Portal Urbano","url":"https:\/\/experienciadevida.com.ar\/portalurbano\/","logo":{"@type":"ImageObject","inLanguage":"es","@id":"https:\/\/experienciadevida.com.ar\/portalurbano\/#\/schema\/logo\/image\/","url":"https:\/\/experienciadevida.com.ar\/portalurbano\/wp-content\/uploads\/2019\/09\/Logo-Original.png","contentUrl":"https:\/\/experienciadevida.com.ar\/portalurbano\/wp-content\/uploads\/2019\/09\/Logo-Original.png","width":2236,"height":1216,"caption":"Portal Urbano"},"image":{"@id":"https:\/\/experienciadevida.com.ar\/portalurbano\/#\/schema\/logo\/image\/"},"sameAs":["https:\/\/www.facebook.com\/Portal-Urbano-171542830093757\/","https:\/\/twitter.com\/portalurbanook","https:\/\/www.instagram.com\/_portalurbano\/","https:\/\/www.youtube.com\/channel\/UCXhagIfszH8KxFiOok79zbA?view_as=subscriber"]},{"@type":"Person","@id":"https:\/\/experienciadevida.com.ar\/portalurbano\/#\/schema\/person\/02dd326b1c4b056e9cc972486934a3a7","name":"admpu17wp","image":{"@type":"ImageObject","inLanguage":"es","@id":"https:\/\/experienciadevida.com.ar\/portalurbano\/#\/schema\/person\/image\/","url":"https:\/\/secure.gravatar.com\/avatar\/830d4c57adaae6630765e449a6908047?s=96&d=mm&r=g","contentUrl":"https:\/\/secure.gravatar.com\/avatar\/830d4c57adaae6630765e449a6908047?s=96&d=mm&r=g","caption":"admpu17wp"}}]}},"featured_image_urls":{"full":["https:\/\/experienciadevida.com.ar\/portalurbano\/wp-content\/uploads\/2022\/05\/Desde-la-biologia-y.jpg",1200,555,false],"thumbnail":["https:\/\/experienciadevida.com.ar\/portalurbano\/wp-content\/uploads\/2022\/05\/Desde-la-biologia-y-150x150.jpg",150,150,true],"medium":["https:\/\/experienciadevida.com.ar\/portalurbano\/wp-content\/uploads\/2022\/05\/Desde-la-biologia-y-300x139.jpg",300,139,true],"medium_large":["https:\/\/experienciadevida.com.ar\/portalurbano\/wp-content\/uploads\/2022\/05\/Desde-la-biologia-y-768x355.jpg",640,296,true],"large":["https:\/\/experienciadevida.com.ar\/portalurbano\/wp-content\/uploads\/2022\/05\/Desde-la-biologia-y-1024x474.jpg",640,296,true],"ug_big":["https:\/\/experienciadevida.com.ar\/portalurbano\/wp-content\/uploads\/2022\/05\/Desde-la-biologia-y-768x355.jpg",768,355,true],"1536x1536":["https:\/\/experienciadevida.com.ar\/portalurbano\/wp-content\/uploads\/2022\/05\/Desde-la-biologia-y.jpg",1200,555,false],"2048x2048":["https:\/\/experienciadevida.com.ar\/portalurbano\/wp-content\/uploads\/2022\/05\/Desde-la-biologia-y.jpg",1200,555,false],"newsever-slider-full":["https:\/\/experienciadevida.com.ar\/portalurbano\/wp-content\/uploads\/2022\/05\/Desde-la-biologia-y.jpg",1200,555,false],"newsever-featured":["https:\/\/experienciadevida.com.ar\/portalurbano\/wp-content\/uploads\/2022\/05\/Desde-la-biologia-y.jpg",1024,474,false],"newsever-medium":["https:\/\/experienciadevida.com.ar\/portalurbano\/wp-content\/uploads\/2022\/05\/Desde-la-biologia-y.jpg",720,333,false],"web-stories-poster-portrait":["https:\/\/experienciadevida.com.ar\/portalurbano\/wp-content\/uploads\/2022\/05\/Desde-la-biologia-y.jpg",640,296,false],"web-stories-publisher-logo":["https:\/\/experienciadevida.com.ar\/portalurbano\/wp-content\/uploads\/2022\/05\/Desde-la-biologia-y.jpg",96,44,false],"web-stories-thumbnail":["https:\/\/experienciadevida.com.ar\/portalurbano\/wp-content\/uploads\/2022\/05\/Desde-la-biologia-y.jpg",150,69,false]},"author_info":{"display_name":"admpu17wp","author_link":"https:\/\/experienciadevida.com.ar\/portalurbano\/author\/admpu17wp\/"},"category_info":"<a href=\"https:\/\/experienciadevida.com.ar\/portalurbano\/category\/ciudad\/educacion\/\" rel=\"category tag\">Educaci\u00f3n<\/a>","tag_info":"Educaci\u00f3n","comment_count":"0","amp_enabled":true,"_links":{"self":[{"href":"https:\/\/experienciadevida.com.ar\/portalurbano\/wp-json\/wp\/v2\/posts\/168431"}],"collection":[{"href":"https:\/\/experienciadevida.com.ar\/portalurbano\/wp-json\/wp\/v2\/posts"}],"about":[{"href":"https:\/\/experienciadevida.com.ar\/portalurbano\/wp-json\/wp\/v2\/types\/post"}],"author":[{"embeddable":true,"href":"https:\/\/experienciadevida.com.ar\/portalurbano\/wp-json\/wp\/v2\/users\/1"}],"replies":[{"embeddable":true,"href":"https:\/\/experienciadevida.com.ar\/portalurbano\/wp-json\/wp\/v2\/comments?post=168431"}],"version-history":[{"count":2,"href":"https:\/\/experienciadevida.com.ar\/portalurbano\/wp-json\/wp\/v2\/posts\/168431\/revisions"}],"predecessor-version":[{"id":168435,"href":"https:\/\/experienciadevida.com.ar\/portalurbano\/wp-json\/wp\/v2\/posts\/168431\/revisions\/168435"}],"wp:featuredmedia":[{"embeddable":true,"href":"https:\/\/experienciadevida.com.ar\/portalurbano\/wp-json\/wp\/v2\/media\/168432"}],"wp:attachment":[{"href":"https:\/\/experienciadevida.com.ar\/portalurbano\/wp-json\/wp\/v2\/media?parent=168431"}],"wp:term":[{"taxonomy":"category","embeddable":true,"href":"https:\/\/experienciadevida.com.ar\/portalurbano\/wp-json\/wp\/v2\/categories?post=168431"},{"taxonomy":"post_tag","embeddable":true,"href":"https:\/\/experienciadevida.com.ar\/portalurbano\/wp-json\/wp\/v2\/tags?post=168431"}],"curies":[{"name":"wp","href":"https:\/\/api.w.org\/{rel}","templated":true}]}}